{"id":29143,"date":"2023-04-04T09:00:05","date_gmt":"2023-04-04T09:00:05","guid":{"rendered":"http:\/\/lared.nwh01.urltemporal.com\/?p=29143"},"modified":"2023-04-11T17:08:09","modified_gmt":"2023-04-11T17:08:09","slug":"semana-santa-hay-un-80-de-ocupacion-hotelera-en-la-rioja","status":"publish","type":"post","link":"https:\/\/laredlarioja.com.ar\/sitio\/semana-santa-hay-un-80-de-ocupacion-hotelera-en-la-rioja\/","title":{"rendered":"Semana Santa: Hay un 80% de ocupaci\u00f3n hotelera en La Rioja"},"content":{"rendered":"<p><em>La industria tur\u00edstica de La Rioja tiene altas expectativas por el fin de semana largo. Desde el sector informaron que hay un 80 % de ocupaci\u00f3n hotelera y se esperan m\u00e1s reservas. Existe una importante oferta tur\u00edstica en la capital, departamentos cercanos y la costa riojana<\/em><!--more--><\/p>\n<p style=\"font-weight: 400\">Jos\u00e9 Rosa, secretario de turismo, en comunicaci\u00f3n con <strong>radio la red La Rioja,<\/strong> dio a conocer el panorama que espera el sector en relaci\u00f3n a esta Semana Santa: \u201cSiempre la provincia de La Rioja fue elegida para esta fecha, pero creemos que esta va ser otra fecha record \u201c.<\/p>\n<p style=\"font-weight: 400\">Con respecto a las expectativas que se tienen en relaci\u00f3n la actividad tur\u00edstica, Rosa destac\u00f3 que \u201cYa pr\u00e1cticamente estamos al 80 por ciento de la capacidad ocupada en la provincia y con la posibilidad\u00a0 que este fin de semana se termine de llenar\u201d.<\/p>\n<p style=\"font-weight: 400\">Asimismo, tras los balances positivos, Rosa remarc\u00f3 que en este tiempo \u201cNuestro Se\u00f1or de la Pe\u00f1a y los circuitos religiosos toman una gran importancia\u201d y cuentan con gran cantidad de visita. En esta misma l\u00ednea, el Parque Nacional Talampaya, Laguna Brava, el Corredor de Bermejo, Chilecito y Famatina, son otros de los destinos elegidos por turistas, ya que son \u201clos \u00faltimos momentos para empezar a disfrutar antes del fr\u00edo\u201d, agreg\u00f3.<\/p>\n<p style=\"font-weight: 400\">Por otro lado, el secretario de turismo puntualiz\u00f3 sobre el reciente acondicionamiento y avance del corredor del Parque de los Sauces, que va desde el funcionamiento de un minimarket en el establecimiento, un centro de alta complejidad hasta un anfiteatro con el fin de realizar show art\u00edstico para los fines de semana.<\/p>\n<p>&nbsp;<\/p>\n","protected":false},"excerpt":{"rendered":"<p>La industria tur\u00edstica de La Rioja tiene altas expectativas por el fin de semana largo. Desde el sector<\/p>\n","protected":false},"author":6,"featured_media":29144,"comment_status":"closed","ping_status":"open","sticky":false,"template":"","format":"standard","meta":{"footnotes":""},"categories":[24],"tags":[84],"class_list":["post-29143","post","type-post","status-publish","format-standard","has-post-thumbnail","hentry","category-informacion-general","tag-secundaria"],"yoast_head":"<!-- This site is optimized with the Yoast SEO plugin v27.4 - https:\/\/yoast.com\/product\/yoast-seo-wordpress\/ -->\n<title>Semana Santa: Hay un 80% de ocupaci\u00f3n hotelera en La Rioja - LA RED 88.3 LA RIOJA<\/title>\n<meta name=\"robots\" content=\"index, follow, max-snippet:-1, max-image-preview:large, max-video-preview:-1\" \/>\n<link rel=\"canonical\" href=\"https:\/\/laredlarioja.com.ar\/sitio\/semana-santa-hay-un-80-de-ocupacion-hotelera-en-la-rioja\/\" \/>\n<meta property=\"og:locale\" content=\"es_ES\" \/>\n<meta property=\"og:type\" content=\"article\" \/>\n<meta property=\"og:title\" content=\"Semana Santa: Hay un 80% de ocupaci\u00f3n hotelera en La Rioja - LA RED 88.3 LA RIOJA\" \/>\n<meta property=\"og:description\" content=\"La industria tur\u00edstica de La Rioja tiene altas expectativas por el fin de semana largo. Desde el sector\" \/>\n<meta property=\"og:url\" content=\"https:\/\/laredlarioja.com.ar\/sitio\/semana-santa-hay-un-80-de-ocupacion-hotelera-en-la-rioja\/\" \/>\n<meta property=\"og:site_name\" content=\"LA RED 88.3 LA RIOJA\" \/>\n<meta property=\"article:publisher\" content=\"https:\/\/www.facebook.com\/lared.larioja\" \/>\n<meta property=\"article:published_time\" content=\"2023-04-04T09:00:05+00:00\" \/>\n<meta property=\"article:modified_time\" content=\"2023-04-11T17:08:09+00:00\" \/>\n<meta property=\"og:image\" content=\"https:\/\/laredlarioja.com.ar\/sitio\/wp-content\/uploads\/2023\/04\/Senor-de-la-Pena.jpg\" \/>\n\t<meta property=\"og:image:width\" content=\"630\" \/>\n\t<meta property=\"og:image:height\" content=\"378\" \/>\n\t<meta property=\"og:image:type\" content=\"image\/jpeg\" \/>\n<meta name=\"author\" content=\"G Maturano\" \/>\n<meta name=\"twitter:card\" content=\"summary_large_image\" \/>\n<meta name=\"twitter:creator\" content=\"@laredlarioja1\" \/>\n<meta name=\"twitter:site\" content=\"@laredlarioja1\" \/>\n<meta name=\"twitter:label1\" content=\"Escrito por\" \/>\n\t<meta name=\"twitter:data1\" content=\"G Maturano\" \/>\n\t<meta name=\"twitter:label2\" content=\"Tiempo de lectura\" \/>\n\t<meta name=\"twitter:data2\" content=\"1 minuto\" \/>\n<script type=\"application\/ld+json\" class=\"yoast-schema-graph\">{\"@context\":\"https:\\\/\\\/schema.org\",\"@graph\":[{\"@type\":\"Article\",\"@id\":\"https:\\\/\\\/laredlarioja.com.ar\\\/sitio\\\/semana-santa-hay-un-80-de-ocupacion-hotelera-en-la-rioja\\\/#article\",\"isPartOf\":{\"@id\":\"https:\\\/\\\/laredlarioja.com.ar\\\/sitio\\\/semana-santa-hay-un-80-de-ocupacion-hotelera-en-la-rioja\\\/\"},\"author\":{\"name\":\"G Maturano\",\"@id\":\"https:\\\/\\\/laredlarioja.com.ar\\\/sitio\\\/#\\\/schema\\\/person\\\/8777996fa50083c6841becd0e8d614be\"},\"headline\":\"Semana Santa: Hay un 80% de ocupaci\u00f3n hotelera en La Rioja\",\"datePublished\":\"2023-04-04T09:00:05+00:00\",\"dateModified\":\"2023-04-11T17:08:09+00:00\",\"mainEntityOfPage\":{\"@id\":\"https:\\\/\\\/laredlarioja.com.ar\\\/sitio\\\/semana-santa-hay-un-80-de-ocupacion-hotelera-en-la-rioja\\\/\"},\"wordCount\":282,\"publisher\":{\"@id\":\"https:\\\/\\\/laredlarioja.com.ar\\\/sitio\\\/#organization\"},\"image\":{\"@id\":\"https:\\\/\\\/laredlarioja.com.ar\\\/sitio\\\/semana-santa-hay-un-80-de-ocupacion-hotelera-en-la-rioja\\\/#primaryimage\"},\"thumbnailUrl\":\"https:\\\/\\\/laredlarioja.com.ar\\\/sitio\\\/wp-content\\\/uploads\\\/2023\\\/04\\\/Senor-de-la-Pena.jpg\",\"keywords\":[\"Secundaria\"],\"articleSection\":[\"Informaci\u00f3n General\"],\"inLanguage\":\"es\"},{\"@type\":\"WebPage\",\"@id\":\"https:\\\/\\\/laredlarioja.com.ar\\\/sitio\\\/semana-santa-hay-un-80-de-ocupacion-hotelera-en-la-rioja\\\/\",\"url\":\"https:\\\/\\\/laredlarioja.com.ar\\\/sitio\\\/semana-santa-hay-un-80-de-ocupacion-hotelera-en-la-rioja\\\/\",\"name\":\"Semana Santa: Hay un 80% de ocupaci\u00f3n hotelera en La Rioja - LA RED 88.3 LA RIOJA\",\"isPartOf\":{\"@id\":\"https:\\\/\\\/laredlarioja.com.ar\\\/sitio\\\/#website\"},\"primaryImageOfPage\":{\"@id\":\"https:\\\/\\\/laredlarioja.com.ar\\\/sitio\\\/semana-santa-hay-un-80-de-ocupacion-hotelera-en-la-rioja\\\/#primaryimage\"},\"image\":{\"@id\":\"https:\\\/\\\/laredlarioja.com.ar\\\/sitio\\\/semana-santa-hay-un-80-de-ocupacion-hotelera-en-la-rioja\\\/#primaryimage\"},\"thumbnailUrl\":\"https:\\\/\\\/laredlarioja.com.ar\\\/sitio\\\/wp-content\\\/uploads\\\/2023\\\/04\\\/Senor-de-la-Pena.jpg\",\"datePublished\":\"2023-04-04T09:00:05+00:00\",\"dateModified\":\"2023-04-11T17:08:09+00:00\",\"breadcrumb\":{\"@id\":\"https:\\\/\\\/laredlarioja.com.ar\\\/sitio\\\/semana-santa-hay-un-80-de-ocupacion-hotelera-en-la-rioja\\\/#breadcrumb\"},\"inLanguage\":\"es\",\"potentialAction\":[{\"@type\":\"ReadAction\",\"target\":[\"https:\\\/\\\/laredlarioja.com.ar\\\/sitio\\\/semana-santa-hay-un-80-de-ocupacion-hotelera-en-la-rioja\\\/\"]}]},{\"@type\":\"ImageObject\",\"inLanguage\":\"es\",\"@id\":\"https:\\\/\\\/laredlarioja.com.ar\\\/sitio\\\/semana-santa-hay-un-80-de-ocupacion-hotelera-en-la-rioja\\\/#primaryimage\",\"url\":\"https:\\\/\\\/laredlarioja.com.ar\\\/sitio\\\/wp-content\\\/uploads\\\/2023\\\/04\\\/Senor-de-la-Pena.jpg\",\"contentUrl\":\"https:\\\/\\\/laredlarioja.com.ar\\\/sitio\\\/wp-content\\\/uploads\\\/2023\\\/04\\\/Senor-de-la-Pena.jpg\",\"width\":630,\"height\":378,\"caption\":\"Imagen del se\u00f1or de la pe\u00f1a. Lugar turistico\"},{\"@type\":\"BreadcrumbList\",\"@id\":\"https:\\\/\\\/laredlarioja.com.ar\\\/sitio\\\/semana-santa-hay-un-80-de-ocupacion-hotelera-en-la-rioja\\\/#breadcrumb\",\"itemListElement\":[{\"@type\":\"ListItem\",\"position\":1,\"name\":\"Portada\",\"item\":\"https:\\\/\\\/laredlarioja.com.ar\\\/sitio\\\/\"},{\"@type\":\"ListItem\",\"position\":2,\"name\":\"Semana Santa: Hay un 80% de ocupaci\u00f3n hotelera en La Rioja\"}]},{\"@type\":\"WebSite\",\"@id\":\"https:\\\/\\\/laredlarioja.com.ar\\\/sitio\\\/#website\",\"url\":\"https:\\\/\\\/laredlarioja.com.ar\\\/sitio\\\/\",\"name\":\"LA RED 88.3 LA RIOJA\",\"description\":\"Sitio de Noticias\",\"publisher\":{\"@id\":\"https:\\\/\\\/laredlarioja.com.ar\\\/sitio\\\/#organization\"},\"potentialAction\":[{\"@type\":\"SearchAction\",\"target\":{\"@type\":\"EntryPoint\",\"urlTemplate\":\"https:\\\/\\\/laredlarioja.com.ar\\\/sitio\\\/?s={search_term_string}\"},\"query-input\":{\"@type\":\"PropertyValueSpecification\",\"valueRequired\":true,\"valueName\":\"search_term_string\"}}],\"inLanguage\":\"es\"},{\"@type\":\"Organization\",\"@id\":\"https:\\\/\\\/laredlarioja.com.ar\\\/sitio\\\/#organization\",\"name\":\"LA RED 88.3 LA RIOJA\",\"url\":\"https:\\\/\\\/laredlarioja.com.ar\\\/sitio\\\/\",\"logo\":{\"@type\":\"ImageObject\",\"inLanguage\":\"es\",\"@id\":\"https:\\\/\\\/laredlarioja.com.ar\\\/sitio\\\/#\\\/schema\\\/logo\\\/image\\\/\",\"url\":\"https:\\\/\\\/laredlarioja.com.ar\\\/sitio\\\/wp-content\\\/uploads\\\/2025\\\/05\\\/LOGO-LA-RED.png\",\"contentUrl\":\"https:\\\/\\\/laredlarioja.com.ar\\\/sitio\\\/wp-content\\\/uploads\\\/2025\\\/05\\\/LOGO-LA-RED.png\",\"width\":193,\"height\":340,\"caption\":\"LA RED 88.3 LA RIOJA\"},\"image\":{\"@id\":\"https:\\\/\\\/laredlarioja.com.ar\\\/sitio\\\/#\\\/schema\\\/logo\\\/image\\\/\"},\"sameAs\":[\"https:\\\/\\\/www.facebook.com\\\/lared.larioja\",\"https:\\\/\\\/x.com\\\/laredlarioja1\",\"https:\\\/\\\/www.instagram.com\\\/lared_larioja\\\/\"]},{\"@type\":\"Person\",\"@id\":\"https:\\\/\\\/laredlarioja.com.ar\\\/sitio\\\/#\\\/schema\\\/person\\\/8777996fa50083c6841becd0e8d614be\",\"name\":\"G Maturano\",\"url\":\"https:\\\/\\\/laredlarioja.com.ar\\\/sitio\\\/author\\\/gmaturano\\\/\"}]}<\/script>\n<!-- \/ Yoast SEO plugin. -->","yoast_head_json":{"title":"Semana Santa: Hay un 80% de ocupaci\u00f3n hotelera en La Rioja - LA RED 88.3 LA RIOJA","robots":{"index":"index","follow":"follow","max-snippet":"max-snippet:-1","max-image-preview":"max-image-preview:large","max-video-preview":"max-video-preview:-1"},"canonical":"https:\/\/laredlarioja.com.ar\/sitio\/semana-santa-hay-un-80-de-ocupacion-hotelera-en-la-rioja\/","og_locale":"es_ES","og_type":"article","og_title":"Semana Santa: Hay un 80% de ocupaci\u00f3n hotelera en La Rioja - LA RED 88.3 LA RIOJA","og_description":"La industria tur\u00edstica de La Rioja tiene altas expectativas por el fin de semana largo. Desde el sector","og_url":"https:\/\/laredlarioja.com.ar\/sitio\/semana-santa-hay-un-80-de-ocupacion-hotelera-en-la-rioja\/","og_site_name":"LA RED 88.3 LA RIOJA","article_publisher":"https:\/\/www.facebook.com\/lared.larioja","article_published_time":"2023-04-04T09:00:05+00:00","article_modified_time":"2023-04-11T17:08:09+00:00","og_image":[{"width":630,"height":378,"url":"https:\/\/laredlarioja.com.ar\/sitio\/wp-content\/uploads\/2023\/04\/Senor-de-la-Pena.jpg","type":"image\/jpeg"}],"author":"G Maturano","twitter_card":"summary_large_image","twitter_creator":"@laredlarioja1","twitter_site":"@laredlarioja1","twitter_misc":{"Escrito por":"G Maturano","Tiempo de lectura":"1 minuto"},"schema":{"@context":"https:\/\/schema.org","@graph":[{"@type":"Article","@id":"https:\/\/laredlarioja.com.ar\/sitio\/semana-santa-hay-un-80-de-ocupacion-hotelera-en-la-rioja\/#article","isPartOf":{"@id":"https:\/\/laredlarioja.com.ar\/sitio\/semana-santa-hay-un-80-de-ocupacion-hotelera-en-la-rioja\/"},"author":{"name":"G Maturano","@id":"https:\/\/laredlarioja.com.ar\/sitio\/#\/schema\/person\/8777996fa50083c6841becd0e8d614be"},"headline":"Semana Santa: Hay un 80% de ocupaci\u00f3n hotelera en La Rioja","datePublished":"2023-04-04T09:00:05+00:00","dateModified":"2023-04-11T17:08:09+00:00","mainEntityOfPage":{"@id":"https:\/\/laredlarioja.com.ar\/sitio\/semana-santa-hay-un-80-de-ocupacion-hotelera-en-la-rioja\/"},"wordCount":282,"publisher":{"@id":"https:\/\/laredlarioja.com.ar\/sitio\/#organization"},"image":{"@id":"https:\/\/laredlarioja.com.ar\/sitio\/semana-santa-hay-un-80-de-ocupacion-hotelera-en-la-rioja\/#primaryimage"},"thumbnailUrl":"https:\/\/laredlarioja.com.ar\/sitio\/wp-content\/uploads\/2023\/04\/Senor-de-la-Pena.jpg","keywords":["Secundaria"],"articleSection":["Informaci\u00f3n General"],"inLanguage":"es"},{"@type":"WebPage","@id":"https:\/\/laredlarioja.com.ar\/sitio\/semana-santa-hay-un-80-de-ocupacion-hotelera-en-la-rioja\/","url":"https:\/\/laredlarioja.com.ar\/sitio\/semana-santa-hay-un-80-de-ocupacion-hotelera-en-la-rioja\/","name":"Semana Santa: Hay un 80% de ocupaci\u00f3n hotelera en La Rioja - LA RED 88.3 LA RIOJA","isPartOf":{"@id":"https:\/\/laredlarioja.com.ar\/sitio\/#website"},"primaryImageOfPage":{"@id":"https:\/\/laredlarioja.com.ar\/sitio\/semana-santa-hay-un-80-de-ocupacion-hotelera-en-la-rioja\/#primaryimage"},"image":{"@id":"https:\/\/laredlarioja.com.ar\/sitio\/semana-santa-hay-un-80-de-ocupacion-hotelera-en-la-rioja\/#primaryimage"},"thumbnailUrl":"https:\/\/laredlarioja.com.ar\/sitio\/wp-content\/uploads\/2023\/04\/Senor-de-la-Pena.jpg","datePublished":"2023-04-04T09:00:05+00:00","dateModified":"2023-04-11T17:08:09+00:00","breadcrumb":{"@id":"https:\/\/laredlarioja.com.ar\/sitio\/semana-santa-hay-un-80-de-ocupacion-hotelera-en-la-rioja\/#breadcrumb"},"inLanguage":"es","potentialAction":[{"@type":"ReadAction","target":["https:\/\/laredlarioja.com.ar\/sitio\/semana-santa-hay-un-80-de-ocupacion-hotelera-en-la-rioja\/"]}]},{"@type":"ImageObject","inLanguage":"es","@id":"https:\/\/laredlarioja.com.ar\/sitio\/semana-santa-hay-un-80-de-ocupacion-hotelera-en-la-rioja\/#primaryimage","url":"https:\/\/laredlarioja.com.ar\/sitio\/wp-content\/uploads\/2023\/04\/Senor-de-la-Pena.jpg","contentUrl":"https:\/\/laredlarioja.com.ar\/sitio\/wp-content\/uploads\/2023\/04\/Senor-de-la-Pena.jpg","width":630,"height":378,"caption":"Imagen del se\u00f1or de la pe\u00f1a. Lugar turistico"},{"@type":"BreadcrumbList","@id":"https:\/\/laredlarioja.com.ar\/sitio\/semana-santa-hay-un-80-de-ocupacion-hotelera-en-la-rioja\/#breadcrumb","itemListElement":[{"@type":"ListItem","position":1,"name":"Portada","item":"https:\/\/laredlarioja.com.ar\/sitio\/"},{"@type":"ListItem","position":2,"name":"Semana Santa: Hay un 80% de ocupaci\u00f3n hotelera en La Rioja"}]},{"@type":"WebSite","@id":"https:\/\/laredlarioja.com.ar\/sitio\/#website","url":"https:\/\/laredlarioja.com.ar\/sitio\/","name":"LA RED 88.3 LA RIOJA","description":"Sitio de Noticias","publisher":{"@id":"https:\/\/laredlarioja.com.ar\/sitio\/#organization"},"potentialAction":[{"@type":"SearchAction","target":{"@type":"EntryPoint","urlTemplate":"https:\/\/laredlarioja.com.ar\/sitio\/?s={search_term_string}"},"query-input":{"@type":"PropertyValueSpecification","valueRequired":true,"valueName":"search_term_string"}}],"inLanguage":"es"},{"@type":"Organization","@id":"https:\/\/laredlarioja.com.ar\/sitio\/#organization","name":"LA RED 88.3 LA RIOJA","url":"https:\/\/laredlarioja.com.ar\/sitio\/","logo":{"@type":"ImageObject","inLanguage":"es","@id":"https:\/\/laredlarioja.com.ar\/sitio\/#\/schema\/logo\/image\/","url":"https:\/\/laredlarioja.com.ar\/sitio\/wp-content\/uploads\/2025\/05\/LOGO-LA-RED.png","contentUrl":"https:\/\/laredlarioja.com.ar\/sitio\/wp-content\/uploads\/2025\/05\/LOGO-LA-RED.png","width":193,"height":340,"caption":"LA RED 88.3 LA RIOJA"},"image":{"@id":"https:\/\/laredlarioja.com.ar\/sitio\/#\/schema\/logo\/image\/"},"sameAs":["https:\/\/www.facebook.com\/lared.larioja","https:\/\/x.com\/laredlarioja1","https:\/\/www.instagram.com\/lared_larioja\/"]},{"@type":"Person","@id":"https:\/\/laredlarioja.com.ar\/sitio\/#\/schema\/person\/8777996fa50083c6841becd0e8d614be","name":"G Maturano","url":"https:\/\/laredlarioja.com.ar\/sitio\/author\/gmaturano\/"}]}},"featured_image_urls":{"full":["https:\/\/laredlarioja.com.ar\/sitio\/wp-content\/uploads\/2023\/04\/Senor-de-la-Pena.jpg",630,378,false],"thumbnail":["https:\/\/laredlarioja.com.ar\/sitio\/wp-content\/uploads\/2023\/04\/Senor-de-la-Pena-150x150.jpg",150,150,true],"medium":["https:\/\/laredlarioja.com.ar\/sitio\/wp-content\/uploads\/2023\/04\/Senor-de-la-Pena-300x180.jpg",300,180,true],"medium_large":["https:\/\/laredlarioja.com.ar\/sitio\/wp-content\/uploads\/2023\/04\/Senor-de-la-Pena.jpg",630,378,false],"large":["https:\/\/laredlarioja.com.ar\/sitio\/wp-content\/uploads\/2023\/04\/Senor-de-la-Pena.jpg",630,378,false],"1536x1536":["https:\/\/laredlarioja.com.ar\/sitio\/wp-content\/uploads\/2023\/04\/Senor-de-la-Pena.jpg",630,378,false],"2048x2048":["https:\/\/laredlarioja.com.ar\/sitio\/wp-content\/uploads\/2023\/04\/Senor-de-la-Pena.jpg",630,378,false],"cvmm-medium":["https:\/\/laredlarioja.com.ar\/sitio\/wp-content\/uploads\/2023\/04\/Senor-de-la-Pena-300x300.jpg",300,300,true],"cvmm-medium-plus":["https:\/\/laredlarioja.com.ar\/sitio\/wp-content\/uploads\/2023\/04\/Senor-de-la-Pena-305x207.jpg",305,207,true],"cvmm-portrait":["https:\/\/laredlarioja.com.ar\/sitio\/wp-content\/uploads\/2023\/04\/Senor-de-la-Pena-400x378.jpg",400,378,true],"cvmm-medium-square":["https:\/\/laredlarioja.com.ar\/sitio\/wp-content\/uploads\/2023\/04\/Senor-de-la-Pena-600x378.jpg",600,378,true],"cvmm-large":["https:\/\/laredlarioja.com.ar\/sitio\/wp-content\/uploads\/2023\/04\/Senor-de-la-Pena.jpg",630,378,false],"cvmm-small":["https:\/\/laredlarioja.com.ar\/sitio\/wp-content\/uploads\/2023\/04\/Senor-de-la-Pena-130x95.jpg",130,95,true],"morenews-large":["https:\/\/laredlarioja.com.ar\/sitio\/wp-content\/uploads\/2023\/04\/Senor-de-la-Pena.jpg",630,378,false],"morenews-medium":["https:\/\/laredlarioja.com.ar\/sitio\/wp-content\/uploads\/2023\/04\/Senor-de-la-Pena-590x378.jpg",590,378,true]},"author_info":{"display_name":"G Maturano","author_link":"https:\/\/laredlarioja.com.ar\/sitio\/author\/gmaturano\/"},"category_info":"<a href=\"https:\/\/laredlarioja.com.ar\/sitio\/categorias\/informacion-general\/\" rel=\"category tag\">Informaci\u00f3n General<\/a>","tag_info":"Informaci\u00f3n General","comment_count":"0","blog_post_layout_featured_media_urls":{"thumbnail":["https:\/\/laredlarioja.com.ar\/sitio\/wp-content\/uploads\/2023\/04\/Senor-de-la-Pena-150x150.jpg",150,150,true],"full":["https:\/\/laredlarioja.com.ar\/sitio\/wp-content\/uploads\/2023\/04\/Senor-de-la-Pena.jpg",630,378,false]},"categories_names":{"24":{"name":"Informaci\u00f3n General","link":"https:\/\/laredlarioja.com.ar\/sitio\/categorias\/informacion-general\/"}},"tags_names":{"84":{"name":"Secundaria","link":"https:\/\/laredlarioja.com.ar\/sitio\/etiquetas\/secundaria\/"}},"comments_number":"0","wpmagazine_modules_lite_featured_media_urls":{"thumbnail":["https:\/\/laredlarioja.com.ar\/sitio\/wp-content\/uploads\/2023\/04\/Senor-de-la-Pena-150x150.jpg",150,150,true],"cvmm-medium":["https:\/\/laredlarioja.com.ar\/sitio\/wp-content\/uploads\/2023\/04\/Senor-de-la-Pena-300x300.jpg",300,300,true],"cvmm-medium-plus":["https:\/\/laredlarioja.com.ar\/sitio\/wp-content\/uploads\/2023\/04\/Senor-de-la-Pena-305x207.jpg",305,207,true],"cvmm-portrait":["https:\/\/laredlarioja.com.ar\/sitio\/wp-content\/uploads\/2023\/04\/Senor-de-la-Pena-400x378.jpg",400,378,true],"cvmm-medium-square":["https:\/\/laredlarioja.com.ar\/sitio\/wp-content\/uploads\/2023\/04\/Senor-de-la-Pena-600x378.jpg",600,378,true],"cvmm-large":["https:\/\/laredlarioja.com.ar\/sitio\/wp-content\/uploads\/2023\/04\/Senor-de-la-Pena.jpg",630,378,false],"cvmm-small":["https:\/\/laredlarioja.com.ar\/sitio\/wp-content\/uploads\/2023\/04\/Senor-de-la-Pena-130x95.jpg",130,95,true],"full":["https:\/\/laredlarioja.com.ar\/sitio\/wp-content\/uploads\/2023\/04\/Senor-de-la-Pena.jpg",630,378,false]},"_links":{"self":[{"href":"https:\/\/laredlarioja.com.ar\/sitio\/wp-json\/wp\/v2\/posts\/29143","targetHints":{"allow":["GET"]}}],"collection":[{"href":"https:\/\/laredlarioja.com.ar\/sitio\/wp-json\/wp\/v2\/posts"}],"about":[{"href":"https:\/\/laredlarioja.com.ar\/sitio\/wp-json\/wp\/v2\/types\/post"}],"author":[{"embeddable":true,"href":"https:\/\/laredlarioja.com.ar\/sitio\/wp-json\/wp\/v2\/users\/6"}],"replies":[{"embeddable":true,"href":"https:\/\/laredlarioja.com.ar\/sitio\/wp-json\/wp\/v2\/comments?post=29143"}],"version-history":[{"count":3,"href":"https:\/\/laredlarioja.com.ar\/sitio\/wp-json\/wp\/v2\/posts\/29143\/revisions"}],"predecessor-version":[{"id":29159,"href":"https:\/\/laredlarioja.com.ar\/sitio\/wp-json\/wp\/v2\/posts\/29143\/revisions\/29159"}],"wp:featuredmedia":[{"embeddable":true,"href":"https:\/\/laredlarioja.com.ar\/sitio\/wp-json\/wp\/v2\/media\/29144"}],"wp:attachment":[{"href":"https:\/\/laredlarioja.com.ar\/sitio\/wp-json\/wp\/v2\/media?parent=29143"}],"wp:term":[{"taxonomy":"category","embeddable":true,"href":"https:\/\/laredlarioja.com.ar\/sitio\/wp-json\/wp\/v2\/categories?post=29143"},{"taxonomy":"post_tag","embeddable":true,"href":"https:\/\/laredlarioja.com.ar\/sitio\/wp-json\/wp\/v2\/tags?post=29143"}],"curies":[{"name":"wp","href":"https:\/\/api.w.org\/{rel}","templated":true}]}}