{"id":29149,"date":"2023-03-28T10:00:42","date_gmt":"2023-03-28T10:00:42","guid":{"rendered":"http:\/\/lared.nwh01.urltemporal.com\/?p=29149"},"modified":"2023-04-11T17:07:03","modified_gmt":"2023-04-11T17:07:03","slug":"frelar-se-comprometio-a-mejorar-las-condiciones-edilicias-del-colegio-huergo","status":"publish","type":"post","link":"https:\/\/laredlarioja.com.ar\/sitio\/frelar-se-comprometio-a-mejorar-las-condiciones-edilicias-del-colegio-huergo\/","title":{"rendered":"FreLar se comprometi\u00f3 a mejorar las condiciones edilicias del Colegio Huergo"},"content":{"rendered":"<p><em>La Fundaci\u00f3n FreLar acept\u00f3 un acuerdo con los estudiantes y responder\u00e1 a las demandas de falta de aires acondicionados, estado de ventiladores y condiciones de ba\u00f1os. Luego de estos antecedentes, los alumnos plantean un espacio de dialogo y la creaci\u00f3n de un centro<\/em><\/p>\n<p><!--more--><\/p>\n<p style=\"font-weight: 400\">Matias Jofre, estudiante de 4to de la ESO del Colegio Huergo,\u00a0 en comunicaci\u00f3n con Radio <strong>La Red La Rioja,<\/strong> brind\u00f3 detalles de las reuni\u00f3n mantenida\u00a0 entre alumnos y\u00a0 autoridades de la Fundaci\u00f3n\u00a0 Regional La Rioja (FreLar) , luego de la sentada que llevaron adelante alumnos y familia en reclamo de mejoras edilicias.En este sentido, el joven subray\u00f3 que \u201dHa sido un acuerdo en donde en un plazo de 30 dias,\u00a0 la fundaci\u00f3n se compromete a trabajar en estos puntos mencionados en los reclamos. FreLar nos\u00a0 pidi\u00f3 que se tengamos paciencia\u00a0\u00a0dado al momento econ\u00f3mico que est\u00e1 atravesando la instituci\u00f3n\u00bb<\/p>\n<p style=\"font-weight: 400\">Adem\u00e1s, Jofr\u00e9 expres\u00f3: \u201cHay cosas que tuvimos en cuenta, porque las instalaciones al ser de la universidad tecnol\u00f3gica, hay cosas que se pueden hacer y cosas que no\u201d.\u00a0 No obstante, los alumnos piden la creaci\u00f3n de un centro en marco de la Ley Nacional\u00a0 26877, que establece que todos los colegios pueden tener un centro de estudiantes.\u00a0 Esto con el fin de crear un espacio que sirva de di\u00e1logo entre la comunidad estudiantil y la instituci\u00f3n, ya que la sentada sirvi\u00f3 como antecedente para marcar la falta de comunicaci\u00f3n entre las partes.<\/p>\n<p style=\"font-weight: 400\">A su vez, el joven resalt\u00f3 que \u201canteriormente se estuvieron realizando notas, tanto los padres como los alumnos y no fuimos escuchados, por lo que hemos tenido que llegar a estos extremos. Es indispensable la creaci\u00f3n de un Centro de estudiantes\u00bb, agreg\u00f3.<\/p>\n<p style=\"font-weight: 400\">Es preciso reslatar que el colegio Ingeniero Luis Augusto Huergo, funciona como una parte aut\u00e1rquica con respecto a la Universidad Tecnol\u00f3gica Nacional (UTN), administrado econ\u00f3micamente por la Fundaci\u00f3n Regional La Rioja,\u00a0 que se encarga del cobro de las cuotas\u00a0\u00a0 mensuales que rondan actualmente entre los 21. 500 pesos y de la liquidaci\u00f3n de haberes de docentes.<\/p>\n<p style=\"font-weight: 400\">En este \u00faltimo tiempo con altas temperaturas de 40 grados, el colegio present\u00f3 una serie de fallas en sus instalaciones, que van desde aires acondicionados fuera de funcionamiento, ventiladores averiados, falta de limpieza y funcionamiento de los ba\u00f1os,\u00a0 condiciones en las paredes y las aulas hasta la\u00a0 contrataci\u00f3n de servicios que provean de agua potable.<\/p>\n","protected":false},"excerpt":{"rendered":"<p>La Fundaci\u00f3n FreLar acept\u00f3 un acuerdo con los estudiantes y responder\u00e1 a las demandas de falta de aires<\/p>\n","protected":false},"author":6,"featured_media":29150,"comment_status":"closed","ping_status":"open","sticky":false,"template":"","format":"standard","meta":{"footnotes":""},"categories":[24],"tags":[84],"class_list":["post-29149","post","type-post","status-publish","format-standard","has-post-thumbnail","hentry","category-informacion-general","tag-secundaria"],"yoast_head":"<!-- This site is optimized with the Yoast SEO plugin v27.4 - https:\/\/yoast.com\/product\/yoast-seo-wordpress\/ -->\n<title>FreLar se comprometi\u00f3 a mejorar las condiciones edilicias del Colegio Huergo - LA RED 88.3 LA RIOJA<\/title>\n<meta name=\"robots\" content=\"index, follow, max-snippet:-1, max-image-preview:large, max-video-preview:-1\" \/>\n<link rel=\"canonical\" href=\"https:\/\/laredlarioja.com.ar\/sitio\/frelar-se-comprometio-a-mejorar-las-condiciones-edilicias-del-colegio-huergo\/\" \/>\n<meta property=\"og:locale\" content=\"es_ES\" \/>\n<meta property=\"og:type\" content=\"article\" \/>\n<meta property=\"og:title\" content=\"FreLar se comprometi\u00f3 a mejorar las condiciones edilicias del Colegio Huergo - LA RED 88.3 LA RIOJA\" \/>\n<meta property=\"og:description\" content=\"La Fundaci\u00f3n FreLar acept\u00f3 un acuerdo con los estudiantes y responder\u00e1 a las demandas de falta de aires\" \/>\n<meta property=\"og:url\" content=\"https:\/\/laredlarioja.com.ar\/sitio\/frelar-se-comprometio-a-mejorar-las-condiciones-edilicias-del-colegio-huergo\/\" \/>\n<meta property=\"og:site_name\" content=\"LA RED 88.3 LA RIOJA\" \/>\n<meta property=\"article:publisher\" content=\"https:\/\/www.facebook.com\/lared.larioja\" \/>\n<meta property=\"article:published_time\" content=\"2023-03-28T10:00:42+00:00\" \/>\n<meta property=\"article:modified_time\" content=\"2023-04-11T17:07:03+00:00\" \/>\n<meta property=\"og:image\" content=\"https:\/\/laredlarioja.com.ar\/sitio\/wp-content\/uploads\/2023\/04\/Colegio-Huergo-Sentada-por-mejora-de-condiciones-edilicias.jpg\" \/>\n\t<meta property=\"og:image:width\" content=\"630\" \/>\n\t<meta property=\"og:image:height\" content=\"378\" \/>\n\t<meta property=\"og:image:type\" content=\"image\/jpeg\" \/>\n<meta name=\"author\" content=\"G Maturano\" \/>\n<meta name=\"twitter:card\" content=\"summary_large_image\" \/>\n<meta name=\"twitter:creator\" content=\"@laredlarioja1\" \/>\n<meta name=\"twitter:site\" content=\"@laredlarioja1\" \/>\n<meta name=\"twitter:label1\" content=\"Escrito por\" \/>\n\t<meta name=\"twitter:data1\" content=\"G Maturano\" \/>\n\t<meta name=\"twitter:label2\" content=\"Tiempo de lectura\" \/>\n\t<meta name=\"twitter:data2\" content=\"2 minutos\" \/>\n<script type=\"application\/ld+json\" class=\"yoast-schema-graph\">{\"@context\":\"https:\\\/\\\/schema.org\",\"@graph\":[{\"@type\":\"Article\",\"@id\":\"https:\\\/\\\/laredlarioja.com.ar\\\/sitio\\\/frelar-se-comprometio-a-mejorar-las-condiciones-edilicias-del-colegio-huergo\\\/#article\",\"isPartOf\":{\"@id\":\"https:\\\/\\\/laredlarioja.com.ar\\\/sitio\\\/frelar-se-comprometio-a-mejorar-las-condiciones-edilicias-del-colegio-huergo\\\/\"},\"author\":{\"name\":\"G Maturano\",\"@id\":\"https:\\\/\\\/laredlarioja.com.ar\\\/sitio\\\/#\\\/schema\\\/person\\\/8777996fa50083c6841becd0e8d614be\"},\"headline\":\"FreLar se comprometi\u00f3 a mejorar las condiciones edilicias del Colegio Huergo\",\"datePublished\":\"2023-03-28T10:00:42+00:00\",\"dateModified\":\"2023-04-11T17:07:03+00:00\",\"mainEntityOfPage\":{\"@id\":\"https:\\\/\\\/laredlarioja.com.ar\\\/sitio\\\/frelar-se-comprometio-a-mejorar-las-condiciones-edilicias-del-colegio-huergo\\\/\"},\"wordCount\":416,\"publisher\":{\"@id\":\"https:\\\/\\\/laredlarioja.com.ar\\\/sitio\\\/#organization\"},\"image\":{\"@id\":\"https:\\\/\\\/laredlarioja.com.ar\\\/sitio\\\/frelar-se-comprometio-a-mejorar-las-condiciones-edilicias-del-colegio-huergo\\\/#primaryimage\"},\"thumbnailUrl\":\"https:\\\/\\\/laredlarioja.com.ar\\\/sitio\\\/wp-content\\\/uploads\\\/2023\\\/04\\\/Colegio-Huergo-Sentada-por-mejora-de-condiciones-edilicias.jpg\",\"keywords\":[\"Secundaria\"],\"articleSection\":[\"Informaci\u00f3n General\"],\"inLanguage\":\"es\"},{\"@type\":\"WebPage\",\"@id\":\"https:\\\/\\\/laredlarioja.com.ar\\\/sitio\\\/frelar-se-comprometio-a-mejorar-las-condiciones-edilicias-del-colegio-huergo\\\/\",\"url\":\"https:\\\/\\\/laredlarioja.com.ar\\\/sitio\\\/frelar-se-comprometio-a-mejorar-las-condiciones-edilicias-del-colegio-huergo\\\/\",\"name\":\"FreLar se comprometi\u00f3 a mejorar las condiciones edilicias del Colegio Huergo - LA RED 88.3 LA RIOJA\",\"isPartOf\":{\"@id\":\"https:\\\/\\\/laredlarioja.com.ar\\\/sitio\\\/#website\"},\"primaryImageOfPage\":{\"@id\":\"https:\\\/\\\/laredlarioja.com.ar\\\/sitio\\\/frelar-se-comprometio-a-mejorar-las-condiciones-edilicias-del-colegio-huergo\\\/#primaryimage\"},\"image\":{\"@id\":\"https:\\\/\\\/laredlarioja.com.ar\\\/sitio\\\/frelar-se-comprometio-a-mejorar-las-condiciones-edilicias-del-colegio-huergo\\\/#primaryimage\"},\"thumbnailUrl\":\"https:\\\/\\\/laredlarioja.com.ar\\\/sitio\\\/wp-content\\\/uploads\\\/2023\\\/04\\\/Colegio-Huergo-Sentada-por-mejora-de-condiciones-edilicias.jpg\",\"datePublished\":\"2023-03-28T10:00:42+00:00\",\"dateModified\":\"2023-04-11T17:07:03+00:00\",\"breadcrumb\":{\"@id\":\"https:\\\/\\\/laredlarioja.com.ar\\\/sitio\\\/frelar-se-comprometio-a-mejorar-las-condiciones-edilicias-del-colegio-huergo\\\/#breadcrumb\"},\"inLanguage\":\"es\",\"potentialAction\":[{\"@type\":\"ReadAction\",\"target\":[\"https:\\\/\\\/laredlarioja.com.ar\\\/sitio\\\/frelar-se-comprometio-a-mejorar-las-condiciones-edilicias-del-colegio-huergo\\\/\"]}]},{\"@type\":\"ImageObject\",\"inLanguage\":\"es\",\"@id\":\"https:\\\/\\\/laredlarioja.com.ar\\\/sitio\\\/frelar-se-comprometio-a-mejorar-las-condiciones-edilicias-del-colegio-huergo\\\/#primaryimage\",\"url\":\"https:\\\/\\\/laredlarioja.com.ar\\\/sitio\\\/wp-content\\\/uploads\\\/2023\\\/04\\\/Colegio-Huergo-Sentada-por-mejora-de-condiciones-edilicias.jpg\",\"contentUrl\":\"https:\\\/\\\/laredlarioja.com.ar\\\/sitio\\\/wp-content\\\/uploads\\\/2023\\\/04\\\/Colegio-Huergo-Sentada-por-mejora-de-condiciones-edilicias.jpg\",\"width\":630,\"height\":378,\"caption\":\"Colegio Huergo- Imagen de la sentada por el reclamo de condiciones edicilias\"},{\"@type\":\"BreadcrumbList\",\"@id\":\"https:\\\/\\\/laredlarioja.com.ar\\\/sitio\\\/frelar-se-comprometio-a-mejorar-las-condiciones-edilicias-del-colegio-huergo\\\/#breadcrumb\",\"itemListElement\":[{\"@type\":\"ListItem\",\"position\":1,\"name\":\"Portada\",\"item\":\"https:\\\/\\\/laredlarioja.com.ar\\\/sitio\\\/\"},{\"@type\":\"ListItem\",\"position\":2,\"name\":\"FreLar se comprometi\u00f3 a mejorar las condiciones edilicias del Colegio Huergo\"}]},{\"@type\":\"WebSite\",\"@id\":\"https:\\\/\\\/laredlarioja.com.ar\\\/sitio\\\/#website\",\"url\":\"https:\\\/\\\/laredlarioja.com.ar\\\/sitio\\\/\",\"name\":\"LA RED 88.3 LA RIOJA\",\"description\":\"Sitio de Noticias\",\"publisher\":{\"@id\":\"https:\\\/\\\/laredlarioja.com.ar\\\/sitio\\\/#organization\"},\"potentialAction\":[{\"@type\":\"SearchAction\",\"target\":{\"@type\":\"EntryPoint\",\"urlTemplate\":\"https:\\\/\\\/laredlarioja.com.ar\\\/sitio\\\/?s={search_term_string}\"},\"query-input\":{\"@type\":\"PropertyValueSpecification\",\"valueRequired\":true,\"valueName\":\"search_term_string\"}}],\"inLanguage\":\"es\"},{\"@type\":\"Organization\",\"@id\":\"https:\\\/\\\/laredlarioja.com.ar\\\/sitio\\\/#organization\",\"name\":\"LA RED 88.3 LA RIOJA\",\"url\":\"https:\\\/\\\/laredlarioja.com.ar\\\/sitio\\\/\",\"logo\":{\"@type\":\"ImageObject\",\"inLanguage\":\"es\",\"@id\":\"https:\\\/\\\/laredlarioja.com.ar\\\/sitio\\\/#\\\/schema\\\/logo\\\/image\\\/\",\"url\":\"https:\\\/\\\/laredlarioja.com.ar\\\/sitio\\\/wp-content\\\/uploads\\\/2025\\\/05\\\/LOGO-LA-RED.png\",\"contentUrl\":\"https:\\\/\\\/laredlarioja.com.ar\\\/sitio\\\/wp-content\\\/uploads\\\/2025\\\/05\\\/LOGO-LA-RED.png\",\"width\":193,\"height\":340,\"caption\":\"LA RED 88.3 LA RIOJA\"},\"image\":{\"@id\":\"https:\\\/\\\/laredlarioja.com.ar\\\/sitio\\\/#\\\/schema\\\/logo\\\/image\\\/\"},\"sameAs\":[\"https:\\\/\\\/www.facebook.com\\\/lared.larioja\",\"https:\\\/\\\/x.com\\\/laredlarioja1\",\"https:\\\/\\\/www.instagram.com\\\/lared_larioja\\\/\"]},{\"@type\":\"Person\",\"@id\":\"https:\\\/\\\/laredlarioja.com.ar\\\/sitio\\\/#\\\/schema\\\/person\\\/8777996fa50083c6841becd0e8d614be\",\"name\":\"G Maturano\",\"url\":\"https:\\\/\\\/laredlarioja.com.ar\\\/sitio\\\/author\\\/gmaturano\\\/\"}]}<\/script>\n<!-- \/ Yoast SEO plugin. -->","yoast_head_json":{"title":"FreLar se comprometi\u00f3 a mejorar las condiciones edilicias del Colegio Huergo - LA RED 88.3 LA RIOJA","robots":{"index":"index","follow":"follow","max-snippet":"max-snippet:-1","max-image-preview":"max-image-preview:large","max-video-preview":"max-video-preview:-1"},"canonical":"https:\/\/laredlarioja.com.ar\/sitio\/frelar-se-comprometio-a-mejorar-las-condiciones-edilicias-del-colegio-huergo\/","og_locale":"es_ES","og_type":"article","og_title":"FreLar se comprometi\u00f3 a mejorar las condiciones edilicias del Colegio Huergo - LA RED 88.3 LA RIOJA","og_description":"La Fundaci\u00f3n FreLar acept\u00f3 un acuerdo con los estudiantes y responder\u00e1 a las demandas de falta de aires","og_url":"https:\/\/laredlarioja.com.ar\/sitio\/frelar-se-comprometio-a-mejorar-las-condiciones-edilicias-del-colegio-huergo\/","og_site_name":"LA RED 88.3 LA RIOJA","article_publisher":"https:\/\/www.facebook.com\/lared.larioja","article_published_time":"2023-03-28T10:00:42+00:00","article_modified_time":"2023-04-11T17:07:03+00:00","og_image":[{"width":630,"height":378,"url":"https:\/\/laredlarioja.com.ar\/sitio\/wp-content\/uploads\/2023\/04\/Colegio-Huergo-Sentada-por-mejora-de-condiciones-edilicias.jpg","type":"image\/jpeg"}],"author":"G Maturano","twitter_card":"summary_large_image","twitter_creator":"@laredlarioja1","twitter_site":"@laredlarioja1","twitter_misc":{"Escrito por":"G Maturano","Tiempo de lectura":"2 minutos"},"schema":{"@context":"https:\/\/schema.org","@graph":[{"@type":"Article","@id":"https:\/\/laredlarioja.com.ar\/sitio\/frelar-se-comprometio-a-mejorar-las-condiciones-edilicias-del-colegio-huergo\/#article","isPartOf":{"@id":"https:\/\/laredlarioja.com.ar\/sitio\/frelar-se-comprometio-a-mejorar-las-condiciones-edilicias-del-colegio-huergo\/"},"author":{"name":"G Maturano","@id":"https:\/\/laredlarioja.com.ar\/sitio\/#\/schema\/person\/8777996fa50083c6841becd0e8d614be"},"headline":"FreLar se comprometi\u00f3 a mejorar las condiciones edilicias del Colegio Huergo","datePublished":"2023-03-28T10:00:42+00:00","dateModified":"2023-04-11T17:07:03+00:00","mainEntityOfPage":{"@id":"https:\/\/laredlarioja.com.ar\/sitio\/frelar-se-comprometio-a-mejorar-las-condiciones-edilicias-del-colegio-huergo\/"},"wordCount":416,"publisher":{"@id":"https:\/\/laredlarioja.com.ar\/sitio\/#organization"},"image":{"@id":"https:\/\/laredlarioja.com.ar\/sitio\/frelar-se-comprometio-a-mejorar-las-condiciones-edilicias-del-colegio-huergo\/#primaryimage"},"thumbnailUrl":"https:\/\/laredlarioja.com.ar\/sitio\/wp-content\/uploads\/2023\/04\/Colegio-Huergo-Sentada-por-mejora-de-condiciones-edilicias.jpg","keywords":["Secundaria"],"articleSection":["Informaci\u00f3n General"],"inLanguage":"es"},{"@type":"WebPage","@id":"https:\/\/laredlarioja.com.ar\/sitio\/frelar-se-comprometio-a-mejorar-las-condiciones-edilicias-del-colegio-huergo\/","url":"https:\/\/laredlarioja.com.ar\/sitio\/frelar-se-comprometio-a-mejorar-las-condiciones-edilicias-del-colegio-huergo\/","name":"FreLar se comprometi\u00f3 a mejorar las condiciones edilicias del Colegio Huergo - LA RED 88.3 LA RIOJA","isPartOf":{"@id":"https:\/\/laredlarioja.com.ar\/sitio\/#website"},"primaryImageOfPage":{"@id":"https:\/\/laredlarioja.com.ar\/sitio\/frelar-se-comprometio-a-mejorar-las-condiciones-edilicias-del-colegio-huergo\/#primaryimage"},"image":{"@id":"https:\/\/laredlarioja.com.ar\/sitio\/frelar-se-comprometio-a-mejorar-las-condiciones-edilicias-del-colegio-huergo\/#primaryimage"},"thumbnailUrl":"https:\/\/laredlarioja.com.ar\/sitio\/wp-content\/uploads\/2023\/04\/Colegio-Huergo-Sentada-por-mejora-de-condiciones-edilicias.jpg","datePublished":"2023-03-28T10:00:42+00:00","dateModified":"2023-04-11T17:07:03+00:00","breadcrumb":{"@id":"https:\/\/laredlarioja.com.ar\/sitio\/frelar-se-comprometio-a-mejorar-las-condiciones-edilicias-del-colegio-huergo\/#breadcrumb"},"inLanguage":"es","potentialAction":[{"@type":"ReadAction","target":["https:\/\/laredlarioja.com.ar\/sitio\/frelar-se-comprometio-a-mejorar-las-condiciones-edilicias-del-colegio-huergo\/"]}]},{"@type":"ImageObject","inLanguage":"es","@id":"https:\/\/laredlarioja.com.ar\/sitio\/frelar-se-comprometio-a-mejorar-las-condiciones-edilicias-del-colegio-huergo\/#primaryimage","url":"https:\/\/laredlarioja.com.ar\/sitio\/wp-content\/uploads\/2023\/04\/Colegio-Huergo-Sentada-por-mejora-de-condiciones-edilicias.jpg","contentUrl":"https:\/\/laredlarioja.com.ar\/sitio\/wp-content\/uploads\/2023\/04\/Colegio-Huergo-Sentada-por-mejora-de-condiciones-edilicias.jpg","width":630,"height":378,"caption":"Colegio Huergo- Imagen de la sentada por el reclamo de condiciones edicilias"},{"@type":"BreadcrumbList","@id":"https:\/\/laredlarioja.com.ar\/sitio\/frelar-se-comprometio-a-mejorar-las-condiciones-edilicias-del-colegio-huergo\/#breadcrumb","itemListElement":[{"@type":"ListItem","position":1,"name":"Portada","item":"https:\/\/laredlarioja.com.ar\/sitio\/"},{"@type":"ListItem","position":2,"name":"FreLar se comprometi\u00f3 a mejorar las condiciones edilicias del Colegio Huergo"}]},{"@type":"WebSite","@id":"https:\/\/laredlarioja.com.ar\/sitio\/#website","url":"https:\/\/laredlarioja.com.ar\/sitio\/","name":"LA RED 88.3 LA RIOJA","description":"Sitio de Noticias","publisher":{"@id":"https:\/\/laredlarioja.com.ar\/sitio\/#organization"},"potentialAction":[{"@type":"SearchAction","target":{"@type":"EntryPoint","urlTemplate":"https:\/\/laredlarioja.com.ar\/sitio\/?s={search_term_string}"},"query-input":{"@type":"PropertyValueSpecification","valueRequired":true,"valueName":"search_term_string"}}],"inLanguage":"es"},{"@type":"Organization","@id":"https:\/\/laredlarioja.com.ar\/sitio\/#organization","name":"LA RED 88.3 LA RIOJA","url":"https:\/\/laredlarioja.com.ar\/sitio\/","logo":{"@type":"ImageObject","inLanguage":"es","@id":"https:\/\/laredlarioja.com.ar\/sitio\/#\/schema\/logo\/image\/","url":"https:\/\/laredlarioja.com.ar\/sitio\/wp-content\/uploads\/2025\/05\/LOGO-LA-RED.png","contentUrl":"https:\/\/laredlarioja.com.ar\/sitio\/wp-content\/uploads\/2025\/05\/LOGO-LA-RED.png","width":193,"height":340,"caption":"LA RED 88.3 LA RIOJA"},"image":{"@id":"https:\/\/laredlarioja.com.ar\/sitio\/#\/schema\/logo\/image\/"},"sameAs":["https:\/\/www.facebook.com\/lared.larioja","https:\/\/x.com\/laredlarioja1","https:\/\/www.instagram.com\/lared_larioja\/"]},{"@type":"Person","@id":"https:\/\/laredlarioja.com.ar\/sitio\/#\/schema\/person\/8777996fa50083c6841becd0e8d614be","name":"G Maturano","url":"https:\/\/laredlarioja.com.ar\/sitio\/author\/gmaturano\/"}]}},"featured_image_urls":{"full":["https:\/\/laredlarioja.com.ar\/sitio\/wp-content\/uploads\/2023\/04\/Colegio-Huergo-Sentada-por-mejora-de-condiciones-edilicias.jpg",630,378,false],"thumbnail":["https:\/\/laredlarioja.com.ar\/sitio\/wp-content\/uploads\/2023\/04\/Colegio-Huergo-Sentada-por-mejora-de-condiciones-edilicias-150x150.jpg",150,150,true],"medium":["https:\/\/laredlarioja.com.ar\/sitio\/wp-content\/uploads\/2023\/04\/Colegio-Huergo-Sentada-por-mejora-de-condiciones-edilicias-300x180.jpg",300,180,true],"medium_large":["https:\/\/laredlarioja.com.ar\/sitio\/wp-content\/uploads\/2023\/04\/Colegio-Huergo-Sentada-por-mejora-de-condiciones-edilicias.jpg",630,378,false],"large":["https:\/\/laredlarioja.com.ar\/sitio\/wp-content\/uploads\/2023\/04\/Colegio-Huergo-Sentada-por-mejora-de-condiciones-edilicias.jpg",630,378,false],"1536x1536":["https:\/\/laredlarioja.com.ar\/sitio\/wp-content\/uploads\/2023\/04\/Colegio-Huergo-Sentada-por-mejora-de-condiciones-edilicias.jpg",630,378,false],"2048x2048":["https:\/\/laredlarioja.com.ar\/sitio\/wp-content\/uploads\/2023\/04\/Colegio-Huergo-Sentada-por-mejora-de-condiciones-edilicias.jpg",630,378,false],"cvmm-medium":["https:\/\/laredlarioja.com.ar\/sitio\/wp-content\/uploads\/2023\/04\/Colegio-Huergo-Sentada-por-mejora-de-condiciones-edilicias-300x300.jpg",300,300,true],"cvmm-medium-plus":["https:\/\/laredlarioja.com.ar\/sitio\/wp-content\/uploads\/2023\/04\/Colegio-Huergo-Sentada-por-mejora-de-condiciones-edilicias-305x207.jpg",305,207,true],"cvmm-portrait":["https:\/\/laredlarioja.com.ar\/sitio\/wp-content\/uploads\/2023\/04\/Colegio-Huergo-Sentada-por-mejora-de-condiciones-edilicias-400x378.jpg",400,378,true],"cvmm-medium-square":["https:\/\/laredlarioja.com.ar\/sitio\/wp-content\/uploads\/2023\/04\/Colegio-Huergo-Sentada-por-mejora-de-condiciones-edilicias-600x378.jpg",600,378,true],"cvmm-large":["https:\/\/laredlarioja.com.ar\/sitio\/wp-content\/uploads\/2023\/04\/Colegio-Huergo-Sentada-por-mejora-de-condiciones-edilicias.jpg",630,378,false],"cvmm-small":["https:\/\/laredlarioja.com.ar\/sitio\/wp-content\/uploads\/2023\/04\/Colegio-Huergo-Sentada-por-mejora-de-condiciones-edilicias-130x95.jpg",130,95,true],"morenews-large":["https:\/\/laredlarioja.com.ar\/sitio\/wp-content\/uploads\/2023\/04\/Colegio-Huergo-Sentada-por-mejora-de-condiciones-edilicias.jpg",630,378,false],"morenews-medium":["https:\/\/laredlarioja.com.ar\/sitio\/wp-content\/uploads\/2023\/04\/Colegio-Huergo-Sentada-por-mejora-de-condiciones-edilicias-590x378.jpg",590,378,true]},"author_info":{"display_name":"G Maturano","author_link":"https:\/\/laredlarioja.com.ar\/sitio\/author\/gmaturano\/"},"category_info":"<a href=\"https:\/\/laredlarioja.com.ar\/sitio\/categorias\/informacion-general\/\" rel=\"category tag\">Informaci\u00f3n General<\/a>","tag_info":"Informaci\u00f3n General","comment_count":"0","blog_post_layout_featured_media_urls":{"thumbnail":["https:\/\/laredlarioja.com.ar\/sitio\/wp-content\/uploads\/2023\/04\/Colegio-Huergo-Sentada-por-mejora-de-condiciones-edilicias-150x150.jpg",150,150,true],"full":["https:\/\/laredlarioja.com.ar\/sitio\/wp-content\/uploads\/2023\/04\/Colegio-Huergo-Sentada-por-mejora-de-condiciones-edilicias.jpg",630,378,false]},"categories_names":{"24":{"name":"Informaci\u00f3n General","link":"https:\/\/laredlarioja.com.ar\/sitio\/categorias\/informacion-general\/"}},"tags_names":{"84":{"name":"Secundaria","link":"https:\/\/laredlarioja.com.ar\/sitio\/etiquetas\/secundaria\/"}},"comments_number":"0","wpmagazine_modules_lite_featured_media_urls":{"thumbnail":["https:\/\/laredlarioja.com.ar\/sitio\/wp-content\/uploads\/2023\/04\/Colegio-Huergo-Sentada-por-mejora-de-condiciones-edilicias-150x150.jpg",150,150,true],"cvmm-medium":["https:\/\/laredlarioja.com.ar\/sitio\/wp-content\/uploads\/2023\/04\/Colegio-Huergo-Sentada-por-mejora-de-condiciones-edilicias-300x300.jpg",300,300,true],"cvmm-medium-plus":["https:\/\/laredlarioja.com.ar\/sitio\/wp-content\/uploads\/2023\/04\/Colegio-Huergo-Sentada-por-mejora-de-condiciones-edilicias-305x207.jpg",305,207,true],"cvmm-portrait":["https:\/\/laredlarioja.com.ar\/sitio\/wp-content\/uploads\/2023\/04\/Colegio-Huergo-Sentada-por-mejora-de-condiciones-edilicias-400x378.jpg",400,378,true],"cvmm-medium-square":["https:\/\/laredlarioja.com.ar\/sitio\/wp-content\/uploads\/2023\/04\/Colegio-Huergo-Sentada-por-mejora-de-condiciones-edilicias-600x378.jpg",600,378,true],"cvmm-large":["https:\/\/laredlarioja.com.ar\/sitio\/wp-content\/uploads\/2023\/04\/Colegio-Huergo-Sentada-por-mejora-de-condiciones-edilicias.jpg",630,378,false],"cvmm-small":["https:\/\/laredlarioja.com.ar\/sitio\/wp-content\/uploads\/2023\/04\/Colegio-Huergo-Sentada-por-mejora-de-condiciones-edilicias-130x95.jpg",130,95,true],"full":["https:\/\/laredlarioja.com.ar\/sitio\/wp-content\/uploads\/2023\/04\/Colegio-Huergo-Sentada-por-mejora-de-condiciones-edilicias.jpg",630,378,false]},"_links":{"self":[{"href":"https:\/\/laredlarioja.com.ar\/sitio\/wp-json\/wp\/v2\/posts\/29149","targetHints":{"allow":["GET"]}}],"collection":[{"href":"https:\/\/laredlarioja.com.ar\/sitio\/wp-json\/wp\/v2\/posts"}],"about":[{"href":"https:\/\/laredlarioja.com.ar\/sitio\/wp-json\/wp\/v2\/types\/post"}],"author":[{"embeddable":true,"href":"https:\/\/laredlarioja.com.ar\/sitio\/wp-json\/wp\/v2\/users\/6"}],"replies":[{"embeddable":true,"href":"https:\/\/laredlarioja.com.ar\/sitio\/wp-json\/wp\/v2\/comments?post=29149"}],"version-history":[{"count":2,"href":"https:\/\/laredlarioja.com.ar\/sitio\/wp-json\/wp\/v2\/posts\/29149\/revisions"}],"predecessor-version":[{"id":29156,"href":"https:\/\/laredlarioja.com.ar\/sitio\/wp-json\/wp\/v2\/posts\/29149\/revisions\/29156"}],"wp:featuredmedia":[{"embeddable":true,"href":"https:\/\/laredlarioja.com.ar\/sitio\/wp-json\/wp\/v2\/media\/29150"}],"wp:attachment":[{"href":"https:\/\/laredlarioja.com.ar\/sitio\/wp-json\/wp\/v2\/media?parent=29149"}],"wp:term":[{"taxonomy":"category","embeddable":true,"href":"https:\/\/laredlarioja.com.ar\/sitio\/wp-json\/wp\/v2\/categories?post=29149"},{"taxonomy":"post_tag","embeddable":true,"href":"https:\/\/laredlarioja.com.ar\/sitio\/wp-json\/wp\/v2\/tags?post=29149"}],"curies":[{"name":"wp","href":"https:\/\/api.w.org\/{rel}","templated":true}]}}