{"id":29282,"date":"2023-03-30T16:14:44","date_gmt":"2023-03-30T16:14:44","guid":{"rendered":"http:\/\/lared.nwh01.urltemporal.com\/?p=29282"},"modified":"2023-04-15T16:15:36","modified_gmt":"2023-04-15T16:15:36","slug":"empresarios-riojanos-estan-dispuestos-a-pagar-o-instalar-guarderias","status":"publish","type":"post","link":"https:\/\/laredlarioja.com.ar\/sitio\/empresarios-riojanos-estan-dispuestos-a-pagar-o-instalar-guarderias\/","title":{"rendered":"Empresarios riojanos est\u00e1n dispuestos a pagar o instalar guarder\u00edas"},"content":{"rendered":"<p dir=\"ltr\">La Corte Suprema de Justicia emiti\u00f3 un fallo que obliga a las empresas con m\u00e1s de 100 empleados a habilitar guarder\u00edas\u00a0 para el cuidado de los hijos del personal desde los 45 d\u00edas a los 3 a\u00f1os. La otra opci\u00f3n es pagar un adicional estimado en 37.000 pesos.<\/p>\n<p dir=\"ltr\"><span style=\"color: #262626; font-family: Roboto, sans-serif;\">El pasado jueves 16 de marzo, el Gobierno Nacional, la Confederaci\u00f3n General del Trabajo de la Rep\u00fablica Argentina (CGT), la Uni\u00f3n Industrial Argentina (UIA) y la C\u00e1mara Argentina de la Construcci\u00f3n (CAMARCO) firmaron un acuerdo para garantizar el cumplimiento del decreto 144\/2022, reglamentado hace un a\u00f1o. Esta normativa establece que las empresas con 100 o m\u00e1s empleados deber\u00e1n ofrecer espacios de cuidado para ni\u00f1os y ni\u00f1as durante la jornada laboral, en l\u00ednea con el art\u00edculo 179 de la Ley de Contrato de Trabajo N\u00b020.744.<\/span><\/p>\n<p>&nbsp;<\/p>\n<p dir=\"ltr\">En Radio La Red Juan Carlos Serrano, Vicepresidente de UNIR dijo: \u201cEntiendo que es algo muy positivo para los trabajadores, porque implica una mejora para ellos. Pero es una cuesti\u00f3n que hay que evaluar muy bien c\u00f3mo se implementar\u00e1\u201d.<\/p>\n<p>&nbsp;<\/p>\n<p dir=\"ltr\">\u201cNo es lo mismo aplicar esto en Buenos Aires que en provincias como La Rioja\u201d, explic\u00f3, y continu\u00f3 indicando que actualmente hay 10 empresas en la provincia que entran en la obligaci\u00f3n de cumplir con la medida.<\/p>\n<p>&nbsp;<\/p>\n<p dir=\"ltr\">Adem\u00e1s, explic\u00f3 que: \u201cEsta medida se postergar\u00e1 en 6 meses porque se analizar\u00e1 de acuerdo a cada convenio colectivo, y se pueda adecuar a la din\u00e1mica de cada sector\u201d, y expres\u00f3 que: \u201cNo hay conflicto de aplicarlo, pero hay que saber c\u00f3mo se aplica, c\u00f3mo se ejecuta y que no haya problemas\u201d.<\/p>\n","protected":false},"excerpt":{"rendered":"<p>La Corte Suprema de Justicia emiti\u00f3 un fallo que obliga a las empresas con m\u00e1s de 100 empleados<\/p>\n","protected":false},"author":3,"featured_media":29283,"comment_status":"closed","ping_status":"open","sticky":false,"template":"","format":"standard","meta":{"footnotes":""},"categories":[24],"tags":[],"class_list":["post-29282","post","type-post","status-publish","format-standard","has-post-thumbnail","hentry","category-informacion-general"],"yoast_head":"<!-- This site is optimized with the Yoast SEO plugin v27.4 - https:\/\/yoast.com\/product\/yoast-seo-wordpress\/ -->\n<title>Empresarios riojanos est\u00e1n dispuestos a pagar o instalar guarder\u00edas - LA RED 88.3 LA RIOJA<\/title>\n<meta name=\"robots\" content=\"index, follow, max-snippet:-1, max-image-preview:large, max-video-preview:-1\" \/>\n<link rel=\"canonical\" href=\"https:\/\/laredlarioja.com.ar\/sitio\/empresarios-riojanos-estan-dispuestos-a-pagar-o-instalar-guarderias\/\" \/>\n<meta property=\"og:locale\" content=\"es_ES\" \/>\n<meta property=\"og:type\" content=\"article\" \/>\n<meta property=\"og:title\" content=\"Empresarios riojanos est\u00e1n dispuestos a pagar o instalar guarder\u00edas - LA RED 88.3 LA RIOJA\" \/>\n<meta property=\"og:description\" content=\"La Corte Suprema de Justicia emiti\u00f3 un fallo que obliga a las empresas con m\u00e1s de 100 empleados\" \/>\n<meta property=\"og:url\" content=\"https:\/\/laredlarioja.com.ar\/sitio\/empresarios-riojanos-estan-dispuestos-a-pagar-o-instalar-guarderias\/\" \/>\n<meta property=\"og:site_name\" content=\"LA RED 88.3 LA RIOJA\" \/>\n<meta property=\"article:publisher\" content=\"https:\/\/www.facebook.com\/lared.larioja\" \/>\n<meta property=\"article:published_time\" content=\"2023-03-30T16:14:44+00:00\" \/>\n<meta property=\"article:modified_time\" content=\"2023-04-15T16:15:36+00:00\" \/>\n<meta property=\"og:image\" content=\"https:\/\/laredlarioja.com.ar\/sitio\/wp-content\/uploads\/2023\/04\/30-03-202311-35-54v4ut257jbrhsdaeiapfbov5nfejpg.jpg_630x378.jpg\" \/>\n\t<meta property=\"og:image:width\" content=\"630\" \/>\n\t<meta property=\"og:image:height\" content=\"378\" \/>\n\t<meta property=\"og:image:type\" content=\"image\/jpeg\" \/>\n<meta name=\"author\" content=\"admin\" \/>\n<meta name=\"twitter:card\" content=\"summary_large_image\" \/>\n<meta name=\"twitter:creator\" content=\"@laredlarioja1\" \/>\n<meta name=\"twitter:site\" content=\"@laredlarioja1\" \/>\n<meta name=\"twitter:label1\" content=\"Escrito por\" \/>\n\t<meta name=\"twitter:data1\" content=\"admin\" \/>\n\t<meta name=\"twitter:label2\" content=\"Tiempo de lectura\" \/>\n\t<meta name=\"twitter:data2\" content=\"1 minuto\" \/>\n<script type=\"application\/ld+json\" class=\"yoast-schema-graph\">{\"@context\":\"https:\\\/\\\/schema.org\",\"@graph\":[{\"@type\":\"Article\",\"@id\":\"https:\\\/\\\/laredlarioja.com.ar\\\/sitio\\\/empresarios-riojanos-estan-dispuestos-a-pagar-o-instalar-guarderias\\\/#article\",\"isPartOf\":{\"@id\":\"https:\\\/\\\/laredlarioja.com.ar\\\/sitio\\\/empresarios-riojanos-estan-dispuestos-a-pagar-o-instalar-guarderias\\\/\"},\"author\":{\"name\":\"admin\",\"@id\":\"https:\\\/\\\/laredlarioja.com.ar\\\/sitio\\\/#\\\/schema\\\/person\\\/d56dbc2f2489983c5270184312aab61b\"},\"headline\":\"Empresarios riojanos est\u00e1n dispuestos a pagar o instalar guarder\u00edas\",\"datePublished\":\"2023-03-30T16:14:44+00:00\",\"dateModified\":\"2023-04-15T16:15:36+00:00\",\"mainEntityOfPage\":{\"@id\":\"https:\\\/\\\/laredlarioja.com.ar\\\/sitio\\\/empresarios-riojanos-estan-dispuestos-a-pagar-o-instalar-guarderias\\\/\"},\"wordCount\":288,\"publisher\":{\"@id\":\"https:\\\/\\\/laredlarioja.com.ar\\\/sitio\\\/#organization\"},\"image\":{\"@id\":\"https:\\\/\\\/laredlarioja.com.ar\\\/sitio\\\/empresarios-riojanos-estan-dispuestos-a-pagar-o-instalar-guarderias\\\/#primaryimage\"},\"thumbnailUrl\":\"https:\\\/\\\/laredlarioja.com.ar\\\/sitio\\\/wp-content\\\/uploads\\\/2023\\\/04\\\/30-03-202311-35-54v4ut257jbrhsdaeiapfbov5nfejpg.jpg_630x378.jpg\",\"articleSection\":[\"Informaci\u00f3n General\"],\"inLanguage\":\"es\"},{\"@type\":\"WebPage\",\"@id\":\"https:\\\/\\\/laredlarioja.com.ar\\\/sitio\\\/empresarios-riojanos-estan-dispuestos-a-pagar-o-instalar-guarderias\\\/\",\"url\":\"https:\\\/\\\/laredlarioja.com.ar\\\/sitio\\\/empresarios-riojanos-estan-dispuestos-a-pagar-o-instalar-guarderias\\\/\",\"name\":\"Empresarios riojanos est\u00e1n dispuestos a pagar o instalar guarder\u00edas - LA RED 88.3 LA RIOJA\",\"isPartOf\":{\"@id\":\"https:\\\/\\\/laredlarioja.com.ar\\\/sitio\\\/#website\"},\"primaryImageOfPage\":{\"@id\":\"https:\\\/\\\/laredlarioja.com.ar\\\/sitio\\\/empresarios-riojanos-estan-dispuestos-a-pagar-o-instalar-guarderias\\\/#primaryimage\"},\"image\":{\"@id\":\"https:\\\/\\\/laredlarioja.com.ar\\\/sitio\\\/empresarios-riojanos-estan-dispuestos-a-pagar-o-instalar-guarderias\\\/#primaryimage\"},\"thumbnailUrl\":\"https:\\\/\\\/laredlarioja.com.ar\\\/sitio\\\/wp-content\\\/uploads\\\/2023\\\/04\\\/30-03-202311-35-54v4ut257jbrhsdaeiapfbov5nfejpg.jpg_630x378.jpg\",\"datePublished\":\"2023-03-30T16:14:44+00:00\",\"dateModified\":\"2023-04-15T16:15:36+00:00\",\"breadcrumb\":{\"@id\":\"https:\\\/\\\/laredlarioja.com.ar\\\/sitio\\\/empresarios-riojanos-estan-dispuestos-a-pagar-o-instalar-guarderias\\\/#breadcrumb\"},\"inLanguage\":\"es\",\"potentialAction\":[{\"@type\":\"ReadAction\",\"target\":[\"https:\\\/\\\/laredlarioja.com.ar\\\/sitio\\\/empresarios-riojanos-estan-dispuestos-a-pagar-o-instalar-guarderias\\\/\"]}]},{\"@type\":\"ImageObject\",\"inLanguage\":\"es\",\"@id\":\"https:\\\/\\\/laredlarioja.com.ar\\\/sitio\\\/empresarios-riojanos-estan-dispuestos-a-pagar-o-instalar-guarderias\\\/#primaryimage\",\"url\":\"https:\\\/\\\/laredlarioja.com.ar\\\/sitio\\\/wp-content\\\/uploads\\\/2023\\\/04\\\/30-03-202311-35-54v4ut257jbrhsdaeiapfbov5nfejpg.jpg_630x378.jpg\",\"contentUrl\":\"https:\\\/\\\/laredlarioja.com.ar\\\/sitio\\\/wp-content\\\/uploads\\\/2023\\\/04\\\/30-03-202311-35-54v4ut257jbrhsdaeiapfbov5nfejpg.jpg_630x378.jpg\",\"width\":630,\"height\":378},{\"@type\":\"BreadcrumbList\",\"@id\":\"https:\\\/\\\/laredlarioja.com.ar\\\/sitio\\\/empresarios-riojanos-estan-dispuestos-a-pagar-o-instalar-guarderias\\\/#breadcrumb\",\"itemListElement\":[{\"@type\":\"ListItem\",\"position\":1,\"name\":\"Portada\",\"item\":\"https:\\\/\\\/laredlarioja.com.ar\\\/sitio\\\/\"},{\"@type\":\"ListItem\",\"position\":2,\"name\":\"Empresarios riojanos est\u00e1n dispuestos a pagar o instalar guarder\u00edas\"}]},{\"@type\":\"WebSite\",\"@id\":\"https:\\\/\\\/laredlarioja.com.ar\\\/sitio\\\/#website\",\"url\":\"https:\\\/\\\/laredlarioja.com.ar\\\/sitio\\\/\",\"name\":\"LA RED 88.3 LA RIOJA\",\"description\":\"Sitio de Noticias\",\"publisher\":{\"@id\":\"https:\\\/\\\/laredlarioja.com.ar\\\/sitio\\\/#organization\"},\"potentialAction\":[{\"@type\":\"SearchAction\",\"target\":{\"@type\":\"EntryPoint\",\"urlTemplate\":\"https:\\\/\\\/laredlarioja.com.ar\\\/sitio\\\/?s={search_term_string}\"},\"query-input\":{\"@type\":\"PropertyValueSpecification\",\"valueRequired\":true,\"valueName\":\"search_term_string\"}}],\"inLanguage\":\"es\"},{\"@type\":\"Organization\",\"@id\":\"https:\\\/\\\/laredlarioja.com.ar\\\/sitio\\\/#organization\",\"name\":\"LA RED 88.3 LA RIOJA\",\"url\":\"https:\\\/\\\/laredlarioja.com.ar\\\/sitio\\\/\",\"logo\":{\"@type\":\"ImageObject\",\"inLanguage\":\"es\",\"@id\":\"https:\\\/\\\/laredlarioja.com.ar\\\/sitio\\\/#\\\/schema\\\/logo\\\/image\\\/\",\"url\":\"https:\\\/\\\/laredlarioja.com.ar\\\/sitio\\\/wp-content\\\/uploads\\\/2025\\\/05\\\/LOGO-LA-RED.png\",\"contentUrl\":\"https:\\\/\\\/laredlarioja.com.ar\\\/sitio\\\/wp-content\\\/uploads\\\/2025\\\/05\\\/LOGO-LA-RED.png\",\"width\":193,\"height\":340,\"caption\":\"LA RED 88.3 LA RIOJA\"},\"image\":{\"@id\":\"https:\\\/\\\/laredlarioja.com.ar\\\/sitio\\\/#\\\/schema\\\/logo\\\/image\\\/\"},\"sameAs\":[\"https:\\\/\\\/www.facebook.com\\\/lared.larioja\",\"https:\\\/\\\/x.com\\\/laredlarioja1\",\"https:\\\/\\\/www.instagram.com\\\/lared_larioja\\\/\"]},{\"@type\":\"Person\",\"@id\":\"https:\\\/\\\/laredlarioja.com.ar\\\/sitio\\\/#\\\/schema\\\/person\\\/d56dbc2f2489983c5270184312aab61b\",\"name\":\"admin\",\"url\":\"https:\\\/\\\/laredlarioja.com.ar\\\/sitio\\\/author\\\/admin\\\/\"}]}<\/script>\n<!-- \/ Yoast SEO plugin. -->","yoast_head_json":{"title":"Empresarios riojanos est\u00e1n dispuestos a pagar o instalar guarder\u00edas - LA RED 88.3 LA RIOJA","robots":{"index":"index","follow":"follow","max-snippet":"max-snippet:-1","max-image-preview":"max-image-preview:large","max-video-preview":"max-video-preview:-1"},"canonical":"https:\/\/laredlarioja.com.ar\/sitio\/empresarios-riojanos-estan-dispuestos-a-pagar-o-instalar-guarderias\/","og_locale":"es_ES","og_type":"article","og_title":"Empresarios riojanos est\u00e1n dispuestos a pagar o instalar guarder\u00edas - LA RED 88.3 LA RIOJA","og_description":"La Corte Suprema de Justicia emiti\u00f3 un fallo que obliga a las empresas con m\u00e1s de 100 empleados","og_url":"https:\/\/laredlarioja.com.ar\/sitio\/empresarios-riojanos-estan-dispuestos-a-pagar-o-instalar-guarderias\/","og_site_name":"LA RED 88.3 LA RIOJA","article_publisher":"https:\/\/www.facebook.com\/lared.larioja","article_published_time":"2023-03-30T16:14:44+00:00","article_modified_time":"2023-04-15T16:15:36+00:00","og_image":[{"width":630,"height":378,"url":"https:\/\/laredlarioja.com.ar\/sitio\/wp-content\/uploads\/2023\/04\/30-03-202311-35-54v4ut257jbrhsdaeiapfbov5nfejpg.jpg_630x378.jpg","type":"image\/jpeg"}],"author":"admin","twitter_card":"summary_large_image","twitter_creator":"@laredlarioja1","twitter_site":"@laredlarioja1","twitter_misc":{"Escrito por":"admin","Tiempo de lectura":"1 minuto"},"schema":{"@context":"https:\/\/schema.org","@graph":[{"@type":"Article","@id":"https:\/\/laredlarioja.com.ar\/sitio\/empresarios-riojanos-estan-dispuestos-a-pagar-o-instalar-guarderias\/#article","isPartOf":{"@id":"https:\/\/laredlarioja.com.ar\/sitio\/empresarios-riojanos-estan-dispuestos-a-pagar-o-instalar-guarderias\/"},"author":{"name":"admin","@id":"https:\/\/laredlarioja.com.ar\/sitio\/#\/schema\/person\/d56dbc2f2489983c5270184312aab61b"},"headline":"Empresarios riojanos est\u00e1n dispuestos a pagar o instalar guarder\u00edas","datePublished":"2023-03-30T16:14:44+00:00","dateModified":"2023-04-15T16:15:36+00:00","mainEntityOfPage":{"@id":"https:\/\/laredlarioja.com.ar\/sitio\/empresarios-riojanos-estan-dispuestos-a-pagar-o-instalar-guarderias\/"},"wordCount":288,"publisher":{"@id":"https:\/\/laredlarioja.com.ar\/sitio\/#organization"},"image":{"@id":"https:\/\/laredlarioja.com.ar\/sitio\/empresarios-riojanos-estan-dispuestos-a-pagar-o-instalar-guarderias\/#primaryimage"},"thumbnailUrl":"https:\/\/laredlarioja.com.ar\/sitio\/wp-content\/uploads\/2023\/04\/30-03-202311-35-54v4ut257jbrhsdaeiapfbov5nfejpg.jpg_630x378.jpg","articleSection":["Informaci\u00f3n General"],"inLanguage":"es"},{"@type":"WebPage","@id":"https:\/\/laredlarioja.com.ar\/sitio\/empresarios-riojanos-estan-dispuestos-a-pagar-o-instalar-guarderias\/","url":"https:\/\/laredlarioja.com.ar\/sitio\/empresarios-riojanos-estan-dispuestos-a-pagar-o-instalar-guarderias\/","name":"Empresarios riojanos est\u00e1n dispuestos a pagar o instalar guarder\u00edas - LA RED 88.3 LA RIOJA","isPartOf":{"@id":"https:\/\/laredlarioja.com.ar\/sitio\/#website"},"primaryImageOfPage":{"@id":"https:\/\/laredlarioja.com.ar\/sitio\/empresarios-riojanos-estan-dispuestos-a-pagar-o-instalar-guarderias\/#primaryimage"},"image":{"@id":"https:\/\/laredlarioja.com.ar\/sitio\/empresarios-riojanos-estan-dispuestos-a-pagar-o-instalar-guarderias\/#primaryimage"},"thumbnailUrl":"https:\/\/laredlarioja.com.ar\/sitio\/wp-content\/uploads\/2023\/04\/30-03-202311-35-54v4ut257jbrhsdaeiapfbov5nfejpg.jpg_630x378.jpg","datePublished":"2023-03-30T16:14:44+00:00","dateModified":"2023-04-15T16:15:36+00:00","breadcrumb":{"@id":"https:\/\/laredlarioja.com.ar\/sitio\/empresarios-riojanos-estan-dispuestos-a-pagar-o-instalar-guarderias\/#breadcrumb"},"inLanguage":"es","potentialAction":[{"@type":"ReadAction","target":["https:\/\/laredlarioja.com.ar\/sitio\/empresarios-riojanos-estan-dispuestos-a-pagar-o-instalar-guarderias\/"]}]},{"@type":"ImageObject","inLanguage":"es","@id":"https:\/\/laredlarioja.com.ar\/sitio\/empresarios-riojanos-estan-dispuestos-a-pagar-o-instalar-guarderias\/#primaryimage","url":"https:\/\/laredlarioja.com.ar\/sitio\/wp-content\/uploads\/2023\/04\/30-03-202311-35-54v4ut257jbrhsdaeiapfbov5nfejpg.jpg_630x378.jpg","contentUrl":"https:\/\/laredlarioja.com.ar\/sitio\/wp-content\/uploads\/2023\/04\/30-03-202311-35-54v4ut257jbrhsdaeiapfbov5nfejpg.jpg_630x378.jpg","width":630,"height":378},{"@type":"BreadcrumbList","@id":"https:\/\/laredlarioja.com.ar\/sitio\/empresarios-riojanos-estan-dispuestos-a-pagar-o-instalar-guarderias\/#breadcrumb","itemListElement":[{"@type":"ListItem","position":1,"name":"Portada","item":"https:\/\/laredlarioja.com.ar\/sitio\/"},{"@type":"ListItem","position":2,"name":"Empresarios riojanos est\u00e1n dispuestos a pagar o instalar guarder\u00edas"}]},{"@type":"WebSite","@id":"https:\/\/laredlarioja.com.ar\/sitio\/#website","url":"https:\/\/laredlarioja.com.ar\/sitio\/","name":"LA RED 88.3 LA RIOJA","description":"Sitio de Noticias","publisher":{"@id":"https:\/\/laredlarioja.com.ar\/sitio\/#organization"},"potentialAction":[{"@type":"SearchAction","target":{"@type":"EntryPoint","urlTemplate":"https:\/\/laredlarioja.com.ar\/sitio\/?s={search_term_string}"},"query-input":{"@type":"PropertyValueSpecification","valueRequired":true,"valueName":"search_term_string"}}],"inLanguage":"es"},{"@type":"Organization","@id":"https:\/\/laredlarioja.com.ar\/sitio\/#organization","name":"LA RED 88.3 LA RIOJA","url":"https:\/\/laredlarioja.com.ar\/sitio\/","logo":{"@type":"ImageObject","inLanguage":"es","@id":"https:\/\/laredlarioja.com.ar\/sitio\/#\/schema\/logo\/image\/","url":"https:\/\/laredlarioja.com.ar\/sitio\/wp-content\/uploads\/2025\/05\/LOGO-LA-RED.png","contentUrl":"https:\/\/laredlarioja.com.ar\/sitio\/wp-content\/uploads\/2025\/05\/LOGO-LA-RED.png","width":193,"height":340,"caption":"LA RED 88.3 LA RIOJA"},"image":{"@id":"https:\/\/laredlarioja.com.ar\/sitio\/#\/schema\/logo\/image\/"},"sameAs":["https:\/\/www.facebook.com\/lared.larioja","https:\/\/x.com\/laredlarioja1","https:\/\/www.instagram.com\/lared_larioja\/"]},{"@type":"Person","@id":"https:\/\/laredlarioja.com.ar\/sitio\/#\/schema\/person\/d56dbc2f2489983c5270184312aab61b","name":"admin","url":"https:\/\/laredlarioja.com.ar\/sitio\/author\/admin\/"}]}},"featured_image_urls":{"full":["https:\/\/laredlarioja.com.ar\/sitio\/wp-content\/uploads\/2023\/04\/30-03-202311-35-54v4ut257jbrhsdaeiapfbov5nfejpg.jpg_630x378.jpg",630,378,false],"thumbnail":["https:\/\/laredlarioja.com.ar\/sitio\/wp-content\/uploads\/2023\/04\/30-03-202311-35-54v4ut257jbrhsdaeiapfbov5nfejpg.jpg_630x378-150x150.jpg",150,150,true],"medium":["https:\/\/laredlarioja.com.ar\/sitio\/wp-content\/uploads\/2023\/04\/30-03-202311-35-54v4ut257jbrhsdaeiapfbov5nfejpg.jpg_630x378-300x180.jpg",300,180,true],"medium_large":["https:\/\/laredlarioja.com.ar\/sitio\/wp-content\/uploads\/2023\/04\/30-03-202311-35-54v4ut257jbrhsdaeiapfbov5nfejpg.jpg_630x378.jpg",630,378,false],"large":["https:\/\/laredlarioja.com.ar\/sitio\/wp-content\/uploads\/2023\/04\/30-03-202311-35-54v4ut257jbrhsdaeiapfbov5nfejpg.jpg_630x378.jpg",630,378,false],"1536x1536":["https:\/\/laredlarioja.com.ar\/sitio\/wp-content\/uploads\/2023\/04\/30-03-202311-35-54v4ut257jbrhsdaeiapfbov5nfejpg.jpg_630x378.jpg",630,378,false],"2048x2048":["https:\/\/laredlarioja.com.ar\/sitio\/wp-content\/uploads\/2023\/04\/30-03-202311-35-54v4ut257jbrhsdaeiapfbov5nfejpg.jpg_630x378.jpg",630,378,false],"cvmm-medium":["https:\/\/laredlarioja.com.ar\/sitio\/wp-content\/uploads\/2023\/04\/30-03-202311-35-54v4ut257jbrhsdaeiapfbov5nfejpg.jpg_630x378-300x300.jpg",300,300,true],"cvmm-medium-plus":["https:\/\/laredlarioja.com.ar\/sitio\/wp-content\/uploads\/2023\/04\/30-03-202311-35-54v4ut257jbrhsdaeiapfbov5nfejpg.jpg_630x378-305x207.jpg",305,207,true],"cvmm-portrait":["https:\/\/laredlarioja.com.ar\/sitio\/wp-content\/uploads\/2023\/04\/30-03-202311-35-54v4ut257jbrhsdaeiapfbov5nfejpg.jpg_630x378-400x378.jpg",400,378,true],"cvmm-medium-square":["https:\/\/laredlarioja.com.ar\/sitio\/wp-content\/uploads\/2023\/04\/30-03-202311-35-54v4ut257jbrhsdaeiapfbov5nfejpg.jpg_630x378-600x378.jpg",600,378,true],"cvmm-large":["https:\/\/laredlarioja.com.ar\/sitio\/wp-content\/uploads\/2023\/04\/30-03-202311-35-54v4ut257jbrhsdaeiapfbov5nfejpg.jpg_630x378.jpg",630,378,false],"cvmm-small":["https:\/\/laredlarioja.com.ar\/sitio\/wp-content\/uploads\/2023\/04\/30-03-202311-35-54v4ut257jbrhsdaeiapfbov5nfejpg.jpg_630x378-130x95.jpg",130,95,true],"morenews-large":["https:\/\/laredlarioja.com.ar\/sitio\/wp-content\/uploads\/2023\/04\/30-03-202311-35-54v4ut257jbrhsdaeiapfbov5nfejpg.jpg_630x378.jpg",630,378,false],"morenews-medium":["https:\/\/laredlarioja.com.ar\/sitio\/wp-content\/uploads\/2023\/04\/30-03-202311-35-54v4ut257jbrhsdaeiapfbov5nfejpg.jpg_630x378-590x378.jpg",590,378,true]},"author_info":{"display_name":"admin","author_link":"https:\/\/laredlarioja.com.ar\/sitio\/author\/admin\/"},"category_info":"<a href=\"https:\/\/laredlarioja.com.ar\/sitio\/categorias\/informacion-general\/\" rel=\"category tag\">Informaci\u00f3n General<\/a>","tag_info":"Informaci\u00f3n General","comment_count":"0","blog_post_layout_featured_media_urls":{"thumbnail":["https:\/\/laredlarioja.com.ar\/sitio\/wp-content\/uploads\/2023\/04\/30-03-202311-35-54v4ut257jbrhsdaeiapfbov5nfejpg.jpg_630x378-150x150.jpg",150,150,true],"full":["https:\/\/laredlarioja.com.ar\/sitio\/wp-content\/uploads\/2023\/04\/30-03-202311-35-54v4ut257jbrhsdaeiapfbov5nfejpg.jpg_630x378.jpg",630,378,false]},"categories_names":{"24":{"name":"Informaci\u00f3n General","link":"https:\/\/laredlarioja.com.ar\/sitio\/categorias\/informacion-general\/"}},"tags_names":[],"comments_number":"0","wpmagazine_modules_lite_featured_media_urls":{"thumbnail":["https:\/\/laredlarioja.com.ar\/sitio\/wp-content\/uploads\/2023\/04\/30-03-202311-35-54v4ut257jbrhsdaeiapfbov5nfejpg.jpg_630x378-150x150.jpg",150,150,true],"cvmm-medium":["https:\/\/laredlarioja.com.ar\/sitio\/wp-content\/uploads\/2023\/04\/30-03-202311-35-54v4ut257jbrhsdaeiapfbov5nfejpg.jpg_630x378-300x300.jpg",300,300,true],"cvmm-medium-plus":["https:\/\/laredlarioja.com.ar\/sitio\/wp-content\/uploads\/2023\/04\/30-03-202311-35-54v4ut257jbrhsdaeiapfbov5nfejpg.jpg_630x378-305x207.jpg",305,207,true],"cvmm-portrait":["https:\/\/laredlarioja.com.ar\/sitio\/wp-content\/uploads\/2023\/04\/30-03-202311-35-54v4ut257jbrhsdaeiapfbov5nfejpg.jpg_630x378-400x378.jpg",400,378,true],"cvmm-medium-square":["https:\/\/laredlarioja.com.ar\/sitio\/wp-content\/uploads\/2023\/04\/30-03-202311-35-54v4ut257jbrhsdaeiapfbov5nfejpg.jpg_630x378-600x378.jpg",600,378,true],"cvmm-large":["https:\/\/laredlarioja.com.ar\/sitio\/wp-content\/uploads\/2023\/04\/30-03-202311-35-54v4ut257jbrhsdaeiapfbov5nfejpg.jpg_630x378.jpg",630,378,false],"cvmm-small":["https:\/\/laredlarioja.com.ar\/sitio\/wp-content\/uploads\/2023\/04\/30-03-202311-35-54v4ut257jbrhsdaeiapfbov5nfejpg.jpg_630x378-130x95.jpg",130,95,true],"full":["https:\/\/laredlarioja.com.ar\/sitio\/wp-content\/uploads\/2023\/04\/30-03-202311-35-54v4ut257jbrhsdaeiapfbov5nfejpg.jpg_630x378.jpg",630,378,false]},"_links":{"self":[{"href":"https:\/\/laredlarioja.com.ar\/sitio\/wp-json\/wp\/v2\/posts\/29282","targetHints":{"allow":["GET"]}}],"collection":[{"href":"https:\/\/laredlarioja.com.ar\/sitio\/wp-json\/wp\/v2\/posts"}],"about":[{"href":"https:\/\/laredlarioja.com.ar\/sitio\/wp-json\/wp\/v2\/types\/post"}],"author":[{"embeddable":true,"href":"https:\/\/laredlarioja.com.ar\/sitio\/wp-json\/wp\/v2\/users\/3"}],"replies":[{"embeddable":true,"href":"https:\/\/laredlarioja.com.ar\/sitio\/wp-json\/wp\/v2\/comments?post=29282"}],"version-history":[{"count":1,"href":"https:\/\/laredlarioja.com.ar\/sitio\/wp-json\/wp\/v2\/posts\/29282\/revisions"}],"predecessor-version":[{"id":29284,"href":"https:\/\/laredlarioja.com.ar\/sitio\/wp-json\/wp\/v2\/posts\/29282\/revisions\/29284"}],"wp:featuredmedia":[{"embeddable":true,"href":"https:\/\/laredlarioja.com.ar\/sitio\/wp-json\/wp\/v2\/media\/29283"}],"wp:attachment":[{"href":"https:\/\/laredlarioja.com.ar\/sitio\/wp-json\/wp\/v2\/media?parent=29282"}],"wp:term":[{"taxonomy":"category","embeddable":true,"href":"https:\/\/laredlarioja.com.ar\/sitio\/wp-json\/wp\/v2\/categories?post=29282"},{"taxonomy":"post_tag","embeddable":true,"href":"https:\/\/laredlarioja.com.ar\/sitio\/wp-json\/wp\/v2\/tags?post=29282"}],"curies":[{"name":"wp","href":"https:\/\/api.w.org\/{rel}","templated":true}]}}