{"id":31444,"date":"2023-06-06T15:42:37","date_gmt":"2023-06-06T15:42:37","guid":{"rendered":"https:\/\/laredlarioja.com.ar\/sitio\/?p=31444"},"modified":"2023-06-06T15:42:37","modified_gmt":"2023-06-06T15:42:37","slug":"galvan-confia-en-una-lista-de-unidad-pero-sostiene-que-no-teme-a-las-paso","status":"publish","type":"post","link":"https:\/\/laredlarioja.com.ar\/sitio\/galvan-confia-en-una-lista-de-unidad-pero-sostiene-que-no-teme-a-las-paso\/","title":{"rendered":"Galv\u00e1n conf\u00eda en una lista de unidad pero sostiene que no teme a las PASO"},"content":{"rendered":"<p>El viceintendente de la Capital, Guillermo Galv\u00e1n, aspira a ser uno de los candidatos a senador o diputado nacional por el espacio de Juntos por el Cambio. En este sentido, conf\u00eda en que los candidatos salgan de la \u201cunidad\u201d del espacio pero asegur\u00f3 que si no fuera as\u00ed no le tiene miedo a las PASO.<\/p>\n<p>En dialogo con <strong>La Red<\/strong>, Galv\u00e1n expres\u00f3 que el candidato que se elija debe representar al espacio o electorado: \u201cYo no soy precandidato\u2026 nosotros debemos garantizar una lista de unidad. Necesitamos que esos legisladores tengan la potencia de representar a nuestro electorado. Yo acompa\u00f1o a Patricia Bulrich y vamos a pedir que en esas listas esten los que tengan ese mismo mandato, coherencia y decisi\u00f3n\u201d, dijo el viceintendente.<\/p>\n<p>Agreg\u00f3 que los candidatos \u201cdeben tener mucho car\u00e1cter para defender con firmeza que los fondos lleguen a los riojanos y no al Gobierno de La Rioja. Yo tengo el car\u00e1cter y la decisi\u00f3n, y las ideas para representar a los riojanos. Hay que consensuar con el resto de la fuerza. Pensamos en que debe haber una lista de unidad sino vamos a las PASO\u201d.<\/p>\n<p>Para Galv\u00e1n, el espacio hizo una autocritica de las elecciones provinciales que se concretaron en mayo y agreg\u00f3 que son objetivos porque \u201cun 65 por ciento de los votantes, en la Capital, no vot\u00f3 a Quintela por eso no hay \u00e1nimos de triunfo. Por eso hay una sociedad que esta golpeada\u201d. Asimismo, se alej\u00f3 de alguna chance de alianza con el sector del diputado provincial Mart\u00edn Menem. \u201cEllos tienen una estrategia que es sumar electores a Milei.\u00a0 No tienen la visi\u00f3n de ponerle punto final al quintelismo y al kirchnerismo\u201d, asegur\u00f3 Galv\u00e1n.<\/p>\n","protected":false},"excerpt":{"rendered":"<p>El viceintendente de la Capital, Guillermo Galv\u00e1n, aspira a ser uno de los candidatos a senador o diputado<\/p>\n","protected":false},"author":8,"featured_media":30035,"comment_status":"closed","ping_status":"open","sticky":false,"template":"","format":"standard","meta":{"footnotes":""},"categories":[23],"tags":[83],"class_list":["post-31444","post","type-post","status-publish","format-standard","has-post-thumbnail","hentry","category-politica","tag-tapa"],"yoast_head":"<!-- This site is optimized with the Yoast SEO plugin v27.4 - https:\/\/yoast.com\/product\/yoast-seo-wordpress\/ -->\n<title>Galv\u00e1n conf\u00eda en una lista de unidad pero sostiene que no teme a las PASO - LA RED 88.3 LA RIOJA<\/title>\n<meta name=\"robots\" content=\"index, follow, max-snippet:-1, max-image-preview:large, max-video-preview:-1\" \/>\n<link rel=\"canonical\" href=\"https:\/\/laredlarioja.com.ar\/sitio\/galvan-confia-en-una-lista-de-unidad-pero-sostiene-que-no-teme-a-las-paso\/\" \/>\n<meta property=\"og:locale\" content=\"es_ES\" \/>\n<meta property=\"og:type\" content=\"article\" \/>\n<meta property=\"og:title\" content=\"Galv\u00e1n conf\u00eda en una lista de unidad pero sostiene que no teme a las PASO - LA RED 88.3 LA RIOJA\" \/>\n<meta property=\"og:description\" content=\"El viceintendente de la Capital, Guillermo Galv\u00e1n, aspira a ser uno de los candidatos a senador o diputado\" \/>\n<meta property=\"og:url\" content=\"https:\/\/laredlarioja.com.ar\/sitio\/galvan-confia-en-una-lista-de-unidad-pero-sostiene-que-no-teme-a-las-paso\/\" \/>\n<meta property=\"og:site_name\" content=\"LA RED 88.3 LA RIOJA\" \/>\n<meta property=\"article:publisher\" content=\"https:\/\/www.facebook.com\/lared.larioja\" \/>\n<meta property=\"article:published_time\" content=\"2023-06-06T15:42:37+00:00\" \/>\n<meta property=\"og:image\" content=\"https:\/\/laredlarioja.com.ar\/sitio\/wp-content\/uploads\/2023\/05\/Guillermo-Galvan.jpg\" \/>\n\t<meta property=\"og:image:width\" content=\"1573\" \/>\n\t<meta property=\"og:image:height\" content=\"1280\" \/>\n\t<meta property=\"og:image:type\" content=\"image\/jpeg\" \/>\n<meta name=\"author\" content=\"Mart\u00edn Ruarte\" \/>\n<meta name=\"twitter:card\" content=\"summary_large_image\" \/>\n<meta name=\"twitter:creator\" content=\"@laredlarioja1\" \/>\n<meta name=\"twitter:site\" content=\"@laredlarioja1\" \/>\n<meta name=\"twitter:label1\" content=\"Escrito por\" \/>\n\t<meta name=\"twitter:data1\" content=\"Mart\u00edn Ruarte\" \/>\n\t<meta name=\"twitter:label2\" content=\"Tiempo de lectura\" \/>\n\t<meta name=\"twitter:data2\" content=\"1 minuto\" \/>\n<script type=\"application\/ld+json\" class=\"yoast-schema-graph\">{\"@context\":\"https:\\\/\\\/schema.org\",\"@graph\":[{\"@type\":\"Article\",\"@id\":\"https:\\\/\\\/laredlarioja.com.ar\\\/sitio\\\/galvan-confia-en-una-lista-de-unidad-pero-sostiene-que-no-teme-a-las-paso\\\/#article\",\"isPartOf\":{\"@id\":\"https:\\\/\\\/laredlarioja.com.ar\\\/sitio\\\/galvan-confia-en-una-lista-de-unidad-pero-sostiene-que-no-teme-a-las-paso\\\/\"},\"author\":{\"name\":\"Mart\u00edn Ruarte\",\"@id\":\"https:\\\/\\\/laredlarioja.com.ar\\\/sitio\\\/#\\\/schema\\\/person\\\/3b1600cc7f8fd3617dc50f96d3503489\"},\"headline\":\"Galv\u00e1n conf\u00eda en una lista de unidad pero sostiene que no teme a las PASO\",\"datePublished\":\"2023-06-06T15:42:37+00:00\",\"mainEntityOfPage\":{\"@id\":\"https:\\\/\\\/laredlarioja.com.ar\\\/sitio\\\/galvan-confia-en-una-lista-de-unidad-pero-sostiene-que-no-teme-a-las-paso\\\/\"},\"wordCount\":307,\"publisher\":{\"@id\":\"https:\\\/\\\/laredlarioja.com.ar\\\/sitio\\\/#organization\"},\"image\":{\"@id\":\"https:\\\/\\\/laredlarioja.com.ar\\\/sitio\\\/galvan-confia-en-una-lista-de-unidad-pero-sostiene-que-no-teme-a-las-paso\\\/#primaryimage\"},\"thumbnailUrl\":\"https:\\\/\\\/laredlarioja.com.ar\\\/sitio\\\/wp-content\\\/uploads\\\/2023\\\/05\\\/Guillermo-Galvan.jpg\",\"keywords\":[\"Tapa\"],\"articleSection\":[\"Pol\u00edtica\"],\"inLanguage\":\"es\"},{\"@type\":\"WebPage\",\"@id\":\"https:\\\/\\\/laredlarioja.com.ar\\\/sitio\\\/galvan-confia-en-una-lista-de-unidad-pero-sostiene-que-no-teme-a-las-paso\\\/\",\"url\":\"https:\\\/\\\/laredlarioja.com.ar\\\/sitio\\\/galvan-confia-en-una-lista-de-unidad-pero-sostiene-que-no-teme-a-las-paso\\\/\",\"name\":\"Galv\u00e1n conf\u00eda en una lista de unidad pero sostiene que no teme a las PASO - LA RED 88.3 LA RIOJA\",\"isPartOf\":{\"@id\":\"https:\\\/\\\/laredlarioja.com.ar\\\/sitio\\\/#website\"},\"primaryImageOfPage\":{\"@id\":\"https:\\\/\\\/laredlarioja.com.ar\\\/sitio\\\/galvan-confia-en-una-lista-de-unidad-pero-sostiene-que-no-teme-a-las-paso\\\/#primaryimage\"},\"image\":{\"@id\":\"https:\\\/\\\/laredlarioja.com.ar\\\/sitio\\\/galvan-confia-en-una-lista-de-unidad-pero-sostiene-que-no-teme-a-las-paso\\\/#primaryimage\"},\"thumbnailUrl\":\"https:\\\/\\\/laredlarioja.com.ar\\\/sitio\\\/wp-content\\\/uploads\\\/2023\\\/05\\\/Guillermo-Galvan.jpg\",\"datePublished\":\"2023-06-06T15:42:37+00:00\",\"breadcrumb\":{\"@id\":\"https:\\\/\\\/laredlarioja.com.ar\\\/sitio\\\/galvan-confia-en-una-lista-de-unidad-pero-sostiene-que-no-teme-a-las-paso\\\/#breadcrumb\"},\"inLanguage\":\"es\",\"potentialAction\":[{\"@type\":\"ReadAction\",\"target\":[\"https:\\\/\\\/laredlarioja.com.ar\\\/sitio\\\/galvan-confia-en-una-lista-de-unidad-pero-sostiene-que-no-teme-a-las-paso\\\/\"]}]},{\"@type\":\"ImageObject\",\"inLanguage\":\"es\",\"@id\":\"https:\\\/\\\/laredlarioja.com.ar\\\/sitio\\\/galvan-confia-en-una-lista-de-unidad-pero-sostiene-que-no-teme-a-las-paso\\\/#primaryimage\",\"url\":\"https:\\\/\\\/laredlarioja.com.ar\\\/sitio\\\/wp-content\\\/uploads\\\/2023\\\/05\\\/Guillermo-Galvan.jpg\",\"contentUrl\":\"https:\\\/\\\/laredlarioja.com.ar\\\/sitio\\\/wp-content\\\/uploads\\\/2023\\\/05\\\/Guillermo-Galvan.jpg\",\"width\":1573,\"height\":1280},{\"@type\":\"BreadcrumbList\",\"@id\":\"https:\\\/\\\/laredlarioja.com.ar\\\/sitio\\\/galvan-confia-en-una-lista-de-unidad-pero-sostiene-que-no-teme-a-las-paso\\\/#breadcrumb\",\"itemListElement\":[{\"@type\":\"ListItem\",\"position\":1,\"name\":\"Portada\",\"item\":\"https:\\\/\\\/laredlarioja.com.ar\\\/sitio\\\/\"},{\"@type\":\"ListItem\",\"position\":2,\"name\":\"Galv\u00e1n conf\u00eda en una lista de unidad pero sostiene que no teme a las PASO\"}]},{\"@type\":\"WebSite\",\"@id\":\"https:\\\/\\\/laredlarioja.com.ar\\\/sitio\\\/#website\",\"url\":\"https:\\\/\\\/laredlarioja.com.ar\\\/sitio\\\/\",\"name\":\"LA RED 88.3 LA RIOJA\",\"description\":\"Sitio de Noticias\",\"publisher\":{\"@id\":\"https:\\\/\\\/laredlarioja.com.ar\\\/sitio\\\/#organization\"},\"potentialAction\":[{\"@type\":\"SearchAction\",\"target\":{\"@type\":\"EntryPoint\",\"urlTemplate\":\"https:\\\/\\\/laredlarioja.com.ar\\\/sitio\\\/?s={search_term_string}\"},\"query-input\":{\"@type\":\"PropertyValueSpecification\",\"valueRequired\":true,\"valueName\":\"search_term_string\"}}],\"inLanguage\":\"es\"},{\"@type\":\"Organization\",\"@id\":\"https:\\\/\\\/laredlarioja.com.ar\\\/sitio\\\/#organization\",\"name\":\"LA RED 88.3 LA RIOJA\",\"url\":\"https:\\\/\\\/laredlarioja.com.ar\\\/sitio\\\/\",\"logo\":{\"@type\":\"ImageObject\",\"inLanguage\":\"es\",\"@id\":\"https:\\\/\\\/laredlarioja.com.ar\\\/sitio\\\/#\\\/schema\\\/logo\\\/image\\\/\",\"url\":\"https:\\\/\\\/laredlarioja.com.ar\\\/sitio\\\/wp-content\\\/uploads\\\/2025\\\/05\\\/LOGO-LA-RED.png\",\"contentUrl\":\"https:\\\/\\\/laredlarioja.com.ar\\\/sitio\\\/wp-content\\\/uploads\\\/2025\\\/05\\\/LOGO-LA-RED.png\",\"width\":193,\"height\":340,\"caption\":\"LA RED 88.3 LA RIOJA\"},\"image\":{\"@id\":\"https:\\\/\\\/laredlarioja.com.ar\\\/sitio\\\/#\\\/schema\\\/logo\\\/image\\\/\"},\"sameAs\":[\"https:\\\/\\\/www.facebook.com\\\/lared.larioja\",\"https:\\\/\\\/x.com\\\/laredlarioja1\",\"https:\\\/\\\/www.instagram.com\\\/lared_larioja\\\/\"]},{\"@type\":\"Person\",\"@id\":\"https:\\\/\\\/laredlarioja.com.ar\\\/sitio\\\/#\\\/schema\\\/person\\\/3b1600cc7f8fd3617dc50f96d3503489\",\"name\":\"Mart\u00edn Ruarte\",\"url\":\"https:\\\/\\\/laredlarioja.com.ar\\\/sitio\\\/author\\\/mruarte\\\/\"}]}<\/script>\n<!-- \/ Yoast SEO plugin. -->","yoast_head_json":{"title":"Galv\u00e1n conf\u00eda en una lista de unidad pero sostiene que no teme a las PASO - LA RED 88.3 LA RIOJA","robots":{"index":"index","follow":"follow","max-snippet":"max-snippet:-1","max-image-preview":"max-image-preview:large","max-video-preview":"max-video-preview:-1"},"canonical":"https:\/\/laredlarioja.com.ar\/sitio\/galvan-confia-en-una-lista-de-unidad-pero-sostiene-que-no-teme-a-las-paso\/","og_locale":"es_ES","og_type":"article","og_title":"Galv\u00e1n conf\u00eda en una lista de unidad pero sostiene que no teme a las PASO - LA RED 88.3 LA RIOJA","og_description":"El viceintendente de la Capital, Guillermo Galv\u00e1n, aspira a ser uno de los candidatos a senador o diputado","og_url":"https:\/\/laredlarioja.com.ar\/sitio\/galvan-confia-en-una-lista-de-unidad-pero-sostiene-que-no-teme-a-las-paso\/","og_site_name":"LA RED 88.3 LA RIOJA","article_publisher":"https:\/\/www.facebook.com\/lared.larioja","article_published_time":"2023-06-06T15:42:37+00:00","og_image":[{"width":1573,"height":1280,"url":"https:\/\/laredlarioja.com.ar\/sitio\/wp-content\/uploads\/2023\/05\/Guillermo-Galvan.jpg","type":"image\/jpeg"}],"author":"Mart\u00edn Ruarte","twitter_card":"summary_large_image","twitter_creator":"@laredlarioja1","twitter_site":"@laredlarioja1","twitter_misc":{"Escrito por":"Mart\u00edn Ruarte","Tiempo de lectura":"1 minuto"},"schema":{"@context":"https:\/\/schema.org","@graph":[{"@type":"Article","@id":"https:\/\/laredlarioja.com.ar\/sitio\/galvan-confia-en-una-lista-de-unidad-pero-sostiene-que-no-teme-a-las-paso\/#article","isPartOf":{"@id":"https:\/\/laredlarioja.com.ar\/sitio\/galvan-confia-en-una-lista-de-unidad-pero-sostiene-que-no-teme-a-las-paso\/"},"author":{"name":"Mart\u00edn Ruarte","@id":"https:\/\/laredlarioja.com.ar\/sitio\/#\/schema\/person\/3b1600cc7f8fd3617dc50f96d3503489"},"headline":"Galv\u00e1n conf\u00eda en una lista de unidad pero sostiene que no teme a las PASO","datePublished":"2023-06-06T15:42:37+00:00","mainEntityOfPage":{"@id":"https:\/\/laredlarioja.com.ar\/sitio\/galvan-confia-en-una-lista-de-unidad-pero-sostiene-que-no-teme-a-las-paso\/"},"wordCount":307,"publisher":{"@id":"https:\/\/laredlarioja.com.ar\/sitio\/#organization"},"image":{"@id":"https:\/\/laredlarioja.com.ar\/sitio\/galvan-confia-en-una-lista-de-unidad-pero-sostiene-que-no-teme-a-las-paso\/#primaryimage"},"thumbnailUrl":"https:\/\/laredlarioja.com.ar\/sitio\/wp-content\/uploads\/2023\/05\/Guillermo-Galvan.jpg","keywords":["Tapa"],"articleSection":["Pol\u00edtica"],"inLanguage":"es"},{"@type":"WebPage","@id":"https:\/\/laredlarioja.com.ar\/sitio\/galvan-confia-en-una-lista-de-unidad-pero-sostiene-que-no-teme-a-las-paso\/","url":"https:\/\/laredlarioja.com.ar\/sitio\/galvan-confia-en-una-lista-de-unidad-pero-sostiene-que-no-teme-a-las-paso\/","name":"Galv\u00e1n conf\u00eda en una lista de unidad pero sostiene que no teme a las PASO - LA RED 88.3 LA RIOJA","isPartOf":{"@id":"https:\/\/laredlarioja.com.ar\/sitio\/#website"},"primaryImageOfPage":{"@id":"https:\/\/laredlarioja.com.ar\/sitio\/galvan-confia-en-una-lista-de-unidad-pero-sostiene-que-no-teme-a-las-paso\/#primaryimage"},"image":{"@id":"https:\/\/laredlarioja.com.ar\/sitio\/galvan-confia-en-una-lista-de-unidad-pero-sostiene-que-no-teme-a-las-paso\/#primaryimage"},"thumbnailUrl":"https:\/\/laredlarioja.com.ar\/sitio\/wp-content\/uploads\/2023\/05\/Guillermo-Galvan.jpg","datePublished":"2023-06-06T15:42:37+00:00","breadcrumb":{"@id":"https:\/\/laredlarioja.com.ar\/sitio\/galvan-confia-en-una-lista-de-unidad-pero-sostiene-que-no-teme-a-las-paso\/#breadcrumb"},"inLanguage":"es","potentialAction":[{"@type":"ReadAction","target":["https:\/\/laredlarioja.com.ar\/sitio\/galvan-confia-en-una-lista-de-unidad-pero-sostiene-que-no-teme-a-las-paso\/"]}]},{"@type":"ImageObject","inLanguage":"es","@id":"https:\/\/laredlarioja.com.ar\/sitio\/galvan-confia-en-una-lista-de-unidad-pero-sostiene-que-no-teme-a-las-paso\/#primaryimage","url":"https:\/\/laredlarioja.com.ar\/sitio\/wp-content\/uploads\/2023\/05\/Guillermo-Galvan.jpg","contentUrl":"https:\/\/laredlarioja.com.ar\/sitio\/wp-content\/uploads\/2023\/05\/Guillermo-Galvan.jpg","width":1573,"height":1280},{"@type":"BreadcrumbList","@id":"https:\/\/laredlarioja.com.ar\/sitio\/galvan-confia-en-una-lista-de-unidad-pero-sostiene-que-no-teme-a-las-paso\/#breadcrumb","itemListElement":[{"@type":"ListItem","position":1,"name":"Portada","item":"https:\/\/laredlarioja.com.ar\/sitio\/"},{"@type":"ListItem","position":2,"name":"Galv\u00e1n conf\u00eda en una lista de unidad pero sostiene que no teme a las PASO"}]},{"@type":"WebSite","@id":"https:\/\/laredlarioja.com.ar\/sitio\/#website","url":"https:\/\/laredlarioja.com.ar\/sitio\/","name":"LA RED 88.3 LA RIOJA","description":"Sitio de Noticias","publisher":{"@id":"https:\/\/laredlarioja.com.ar\/sitio\/#organization"},"potentialAction":[{"@type":"SearchAction","target":{"@type":"EntryPoint","urlTemplate":"https:\/\/laredlarioja.com.ar\/sitio\/?s={search_term_string}"},"query-input":{"@type":"PropertyValueSpecification","valueRequired":true,"valueName":"search_term_string"}}],"inLanguage":"es"},{"@type":"Organization","@id":"https:\/\/laredlarioja.com.ar\/sitio\/#organization","name":"LA RED 88.3 LA RIOJA","url":"https:\/\/laredlarioja.com.ar\/sitio\/","logo":{"@type":"ImageObject","inLanguage":"es","@id":"https:\/\/laredlarioja.com.ar\/sitio\/#\/schema\/logo\/image\/","url":"https:\/\/laredlarioja.com.ar\/sitio\/wp-content\/uploads\/2025\/05\/LOGO-LA-RED.png","contentUrl":"https:\/\/laredlarioja.com.ar\/sitio\/wp-content\/uploads\/2025\/05\/LOGO-LA-RED.png","width":193,"height":340,"caption":"LA RED 88.3 LA RIOJA"},"image":{"@id":"https:\/\/laredlarioja.com.ar\/sitio\/#\/schema\/logo\/image\/"},"sameAs":["https:\/\/www.facebook.com\/lared.larioja","https:\/\/x.com\/laredlarioja1","https:\/\/www.instagram.com\/lared_larioja\/"]},{"@type":"Person","@id":"https:\/\/laredlarioja.com.ar\/sitio\/#\/schema\/person\/3b1600cc7f8fd3617dc50f96d3503489","name":"Mart\u00edn Ruarte","url":"https:\/\/laredlarioja.com.ar\/sitio\/author\/mruarte\/"}]}},"featured_image_urls":{"full":["https:\/\/laredlarioja.com.ar\/sitio\/wp-content\/uploads\/2023\/05\/Guillermo-Galvan.jpg",1573,1280,false],"thumbnail":["https:\/\/laredlarioja.com.ar\/sitio\/wp-content\/uploads\/2023\/05\/Guillermo-Galvan-150x150.jpg",150,150,true],"medium":["https:\/\/laredlarioja.com.ar\/sitio\/wp-content\/uploads\/2023\/05\/Guillermo-Galvan-300x244.jpg",300,244,true],"medium_large":["https:\/\/laredlarioja.com.ar\/sitio\/wp-content\/uploads\/2023\/05\/Guillermo-Galvan-768x625.jpg",640,521,true],"large":["https:\/\/laredlarioja.com.ar\/sitio\/wp-content\/uploads\/2023\/05\/Guillermo-Galvan-1024x833.jpg",640,521,true],"1536x1536":["https:\/\/laredlarioja.com.ar\/sitio\/wp-content\/uploads\/2023\/05\/Guillermo-Galvan-1536x1250.jpg",1536,1250,true],"2048x2048":["https:\/\/laredlarioja.com.ar\/sitio\/wp-content\/uploads\/2023\/05\/Guillermo-Galvan.jpg",1573,1280,false],"cvmm-medium":["https:\/\/laredlarioja.com.ar\/sitio\/wp-content\/uploads\/2023\/05\/Guillermo-Galvan-300x300.jpg",300,300,true],"cvmm-medium-plus":["https:\/\/laredlarioja.com.ar\/sitio\/wp-content\/uploads\/2023\/05\/Guillermo-Galvan-305x207.jpg",305,207,true],"cvmm-portrait":["https:\/\/laredlarioja.com.ar\/sitio\/wp-content\/uploads\/2023\/05\/Guillermo-Galvan-400x600.jpg",400,600,true],"cvmm-medium-square":["https:\/\/laredlarioja.com.ar\/sitio\/wp-content\/uploads\/2023\/05\/Guillermo-Galvan-600x600.jpg",600,600,true],"cvmm-large":["https:\/\/laredlarioja.com.ar\/sitio\/wp-content\/uploads\/2023\/05\/Guillermo-Galvan-1024x1024.jpg",1024,1024,true],"cvmm-small":["https:\/\/laredlarioja.com.ar\/sitio\/wp-content\/uploads\/2023\/05\/Guillermo-Galvan-130x95.jpg",130,95,true],"morenews-large":["https:\/\/laredlarioja.com.ar\/sitio\/wp-content\/uploads\/2023\/05\/Guillermo-Galvan-825x575.jpg",825,575,true],"morenews-medium":["https:\/\/laredlarioja.com.ar\/sitio\/wp-content\/uploads\/2023\/05\/Guillermo-Galvan-590x410.jpg",590,410,true]},"author_info":{"display_name":"Mart\u00edn Ruarte","author_link":"https:\/\/laredlarioja.com.ar\/sitio\/author\/mruarte\/"},"category_info":"<a href=\"https:\/\/laredlarioja.com.ar\/sitio\/categorias\/politica\/\" rel=\"category tag\">Pol\u00edtica<\/a>","tag_info":"Pol\u00edtica","comment_count":"0","blog_post_layout_featured_media_urls":{"thumbnail":["https:\/\/laredlarioja.com.ar\/sitio\/wp-content\/uploads\/2023\/05\/Guillermo-Galvan-150x150.jpg",150,150,true],"full":["https:\/\/laredlarioja.com.ar\/sitio\/wp-content\/uploads\/2023\/05\/Guillermo-Galvan.jpg",1573,1280,false]},"categories_names":{"23":{"name":"Pol\u00edtica","link":"https:\/\/laredlarioja.com.ar\/sitio\/categorias\/politica\/"}},"tags_names":{"83":{"name":"Tapa","link":"https:\/\/laredlarioja.com.ar\/sitio\/etiquetas\/tapa\/"}},"comments_number":"0","wpmagazine_modules_lite_featured_media_urls":{"thumbnail":["https:\/\/laredlarioja.com.ar\/sitio\/wp-content\/uploads\/2023\/05\/Guillermo-Galvan-150x150.jpg",150,150,true],"cvmm-medium":["https:\/\/laredlarioja.com.ar\/sitio\/wp-content\/uploads\/2023\/05\/Guillermo-Galvan-300x300.jpg",300,300,true],"cvmm-medium-plus":["https:\/\/laredlarioja.com.ar\/sitio\/wp-content\/uploads\/2023\/05\/Guillermo-Galvan-305x207.jpg",305,207,true],"cvmm-portrait":["https:\/\/laredlarioja.com.ar\/sitio\/wp-content\/uploads\/2023\/05\/Guillermo-Galvan-400x600.jpg",400,600,true],"cvmm-medium-square":["https:\/\/laredlarioja.com.ar\/sitio\/wp-content\/uploads\/2023\/05\/Guillermo-Galvan-600x600.jpg",600,600,true],"cvmm-large":["https:\/\/laredlarioja.com.ar\/sitio\/wp-content\/uploads\/2023\/05\/Guillermo-Galvan-1024x1024.jpg",1024,1024,true],"cvmm-small":["https:\/\/laredlarioja.com.ar\/sitio\/wp-content\/uploads\/2023\/05\/Guillermo-Galvan-130x95.jpg",130,95,true],"full":["https:\/\/laredlarioja.com.ar\/sitio\/wp-content\/uploads\/2023\/05\/Guillermo-Galvan.jpg",1573,1280,false]},"_links":{"self":[{"href":"https:\/\/laredlarioja.com.ar\/sitio\/wp-json\/wp\/v2\/posts\/31444","targetHints":{"allow":["GET"]}}],"collection":[{"href":"https:\/\/laredlarioja.com.ar\/sitio\/wp-json\/wp\/v2\/posts"}],"about":[{"href":"https:\/\/laredlarioja.com.ar\/sitio\/wp-json\/wp\/v2\/types\/post"}],"author":[{"embeddable":true,"href":"https:\/\/laredlarioja.com.ar\/sitio\/wp-json\/wp\/v2\/users\/8"}],"replies":[{"embeddable":true,"href":"https:\/\/laredlarioja.com.ar\/sitio\/wp-json\/wp\/v2\/comments?post=31444"}],"version-history":[{"count":1,"href":"https:\/\/laredlarioja.com.ar\/sitio\/wp-json\/wp\/v2\/posts\/31444\/revisions"}],"predecessor-version":[{"id":31445,"href":"https:\/\/laredlarioja.com.ar\/sitio\/wp-json\/wp\/v2\/posts\/31444\/revisions\/31445"}],"wp:featuredmedia":[{"embeddable":true,"href":"https:\/\/laredlarioja.com.ar\/sitio\/wp-json\/wp\/v2\/media\/30035"}],"wp:attachment":[{"href":"https:\/\/laredlarioja.com.ar\/sitio\/wp-json\/wp\/v2\/media?parent=31444"}],"wp:term":[{"taxonomy":"category","embeddable":true,"href":"https:\/\/laredlarioja.com.ar\/sitio\/wp-json\/wp\/v2\/categories?post=31444"},{"taxonomy":"post_tag","embeddable":true,"href":"https:\/\/laredlarioja.com.ar\/sitio\/wp-json\/wp\/v2\/tags?post=31444"}],"curies":[{"name":"wp","href":"https:\/\/api.w.org\/{rel}","templated":true}]}}