{"id":34133,"date":"2023-08-06T15:06:20","date_gmt":"2023-08-06T15:06:20","guid":{"rendered":"https:\/\/laredlarioja.com.ar\/sitio\/?p=34133"},"modified":"2024-06-13T13:25:56","modified_gmt":"2024-06-13T13:25:56","slug":"volver-a-ser-hijo-y-volver-a-ser-nino-es-lo-mas-importante-en-una-adopcion","status":"publish","type":"post","link":"https:\/\/laredlarioja.com.ar\/sitio\/volver-a-ser-hijo-y-volver-a-ser-nino-es-lo-mas-importante-en-una-adopcion\/","title":{"rendered":"Mes de las infancias: \u201cVolver a ser hijo y volver a ser ni\u00f1o es lo m\u00e1s importante en una adopci\u00f3n\u201d"},"content":{"rendered":"<p>En pandemia Jorge y V\u00edctor conocieron por \u201cla tele\u201d que en Salta 6 hermanos y hermanas salte\u00f1os buscaban una familia. Hab\u00edan desistido de la posibilidad de adoptar luego de pasar por una experiencia dolorosa pero en ese momento ni la distancia con la provincia del norte, ni la cuarentena los detuvo para escribir y expresar sus deseos de asumir la responsabilidad parental de esas ni\u00f1eces.<\/p>\n<p>\u201cNosotros hab\u00edamos tenido una experiencia en 2017 con una beba que estaba en un proceso pero que todav\u00eda no estaba en condiciones de adoptabilidad. La tuvimos desde los 10 d\u00edas hasta el a\u00f1o y medio y esa beb\u00e9 fue restituida a su familia biol\u00f3gica. Fue dur\u00edsimo y ah\u00ed dijimos, no nos metemos nunca m\u00e1s en esto y desistimos con V\u00edctor de la idea, pero siempre hab\u00edamos querido adoptar y ser pap\u00e1s los dos\u201d, relat\u00f3\u00a0 Jorge El\u00edas que comparti\u00f3 su historia en una entrevista con <strong>La Red La Rioja<\/strong>.<\/p>\n<p>\u201cEn cuarentena viendo la tele vimos que hab\u00eda una convocatoria p\u00fablica de 6 hermanitos salte\u00f1os y mandamos un mail consultando y\u00a0 la semana nos llamaron para ver si quer\u00edamos hacer una entrevista. Hicimos una entrevista por videollamada con el Registro \u00danico de Aspirantes a Guarda con Fines Adoptivos (RUAGA) de ac\u00e1 de C\u00f3rdoba y esa entrevista se la enviaron la jueza en Salta y dijo: son ellos porque hab\u00eda otras familias que se hab\u00edan presentado\u201d, relat\u00f3 sobre el inicio de proceso<strong>. Esperaban ser adoptados 4 varones y 2 nenas que en ese momento ten\u00edan entre 7 y 12 a\u00f1os.<\/strong><\/p>\n<p>Luego les preguntaron si pod\u00edan viajar a Salta para realizar todos los tr\u00e1mites e inscribirse en el registro de adopci\u00f3n y hacer todos los tr\u00e1mites necesarios. \u201cAll\u00e1 fuimos en avi\u00f3n con barbijo, tuvimos una semana y nos dijeron que nos llamaban en unos meses y a la semana nos pidieron si pod\u00edamos volver porque la jueza nos quer\u00eda conocer. El 21 de octubre fuimos a Salta para una audiencia con la jueza y cuando llegamos <strong>resulta que era una audiencia con todos los equipos y nos comunican que nos hab\u00edan elegido para que comencemos la vinculaci\u00f3n con los chicos<\/strong>. Festejamos con este logro del juzgado y all\u00e1 fuimos a conocerlos\u201d, relata y recuerda que les mandado unas cartas donde les dec\u00edan: <strong>\u201cpap\u00e1s los queremos conocer\u201c.<\/strong><\/p>\n<p>\u201cApenas traspasamos la puerta salieron todos corriendo para abrazarnos, fue m\u00e1gico. La vinculaci\u00f3n fue de octubre a diciembre de 2021 \u00a0y ya la primera semana quer\u00edan venirse con nosotros pero no ten\u00edamos la disponibilidad ni con la casa, \u00a0ni con el medio de movilidad as\u00ed que, despu\u00e9s de esa primera ida a Salta,\u00a0 empezamos hablar por \u00a0video llamada una vez al d\u00eda y luego hasta dos veces por d\u00eda para que se calmen, contenerlos y deciles que est\u00e1bamos preparando la casa y que ellos terminen la escuela para que directamente se insertar\u00e1n en la escuela ac\u00e1 en C\u00f3rdoba\u201d, cont\u00f3\u00a0 sobre todo el momento previo a la llegada y que requiri\u00f3 de\u00a0 adaptar sus espacios . \u00a0El 13 de diciembre tuvieron la audiencia con la jueza que les da la guarda de adopci\u00f3n y El 17 de diciembre de ese 2021 viajaron C\u00f3rdoba para quedarse.<\/p>\n<p>\u00bfC\u00f3mo fue esa primera navidad consult\u00f3 La Red con una familia ampliada?. \u201cEsa primera navidad fue linda, fue fuerte. <strong>La Navidad anterior le hab\u00edan pedido a Pap\u00e1 Noel que les consiga una familia y en esta le dijimos que hagan las cartitas y como papa Noel les hab\u00edan conseguido la familia dijeron que no iban a pedir nada porque ya les hab\u00eda concedido el deseo. Fue muy emocionante, fue muy lindo\u201d.<\/strong><\/p>\n<blockquote>\n<h3><em>\u00abLa Navidad anterior le hab\u00edan pedido a Pap\u00e1 Noel que les consiga una familia y en esta le dijimos que hagan las cartitas y como papa Noel les hab\u00edan conseguido la familia dijeron que no iban a pedir nada porque ya les hab\u00eda concedido el deseo. Fue muy emocionante, fue muy lindo\u201d.<\/em><\/h3>\n<\/blockquote>\n<p><strong>\u00a0<\/strong><strong>Las tareas compartidas<\/strong><\/p>\n<p>Las tareas colaborativas y compartidas son parte de la convivencia de esta gran familia. \u201cArrancamos llev\u00e1ndolos \u00a0a la escuela, luego los buscamos, \u00a0tiene jornada extendida lo cual nos ayuda por nuestros trabajos. Colaboran bastante en las tareas y todos colaboramos al momento de hacer algo porque est\u00e1n todos predispuestos. Lo m\u00e1s complejo son sus actividades porque le damos lugar a que cada uno haga los que le gusta. La m\u00e1s grande pinta y va a un taller de pintura, la m\u00e1s chiquita a cer\u00e1mica, van a f\u00fatbol, todos van a scout y despu\u00e9s hay que Ir a la psic\u00f3loga, ir a la psicopedagoga\u201d, mencion\u00f3<strong>. \u00a0\u201cCansa, pero todo se compensa cuando a la noche te dicen: buenas noches, que descanses pap\u00e1 y eso te hace olvidar del cansancio del d\u00eda\u201d, <\/strong>afirm\u00f3 emocionado.<\/p>\n<p>\u201cLa adopci\u00f3n es animarse a ahijar porque m\u00e1s all\u00e1 que la iniciamos nosotros, ellos terminan adopt\u00e1ndolo a uno y creo que lo m\u00e1s importante es darle la oportunidad de recuperar la infancia perdida a ellos y es lo que m\u00e1s destacar\u00eda de una adopci\u00f3n. Me pongo en el lugar de ellos de querer tener una oportunidad en la de uno mismo o \u00a0la de querer ser una mam\u00e1 que adoptan. <strong>El volver a ser hijo y volver a ser ni\u00f1o es lo mas importante en una adopci\u00f3n\u201d, dice V\u00edctor sobre este proceso reciproco y generoso. <\/strong><\/p>\n<p><strong>\u00a0<\/strong><strong>Colectivo Adopten Ni\u00f1es Grandes<\/strong><\/p>\n<p>\u201c<a href=\"https:\/\/www.adoptenninesgrandes.ar\/\">Adopten \u00a0Ni\u00f1es Grandes<\/a> es un colectivo que se form\u00f3 con familias que adoptamos \u00a0y que vamos intercambiando experiencias y que quieren mapaternar por este medio de la adopci\u00f3n y hay en este momento <strong>m\u00e1s 2200 chicos esperando ser adoptados<\/strong>\u201d, cont\u00f3 sobre este colectivo y destac\u00f3 que \u201cla mayor\u00eda de la gente quiere adoptar pero ni\u00f1as y ni\u00f1os de hasta 3 a\u00f1os, entonces se quedan un mont\u00f3n de chicos sin posibilidad\u201d.<\/p>\n<p>\u201cEstamos haciendo campa\u00f1a para que aumente la disponibilidad. Tratamos de desmitificar esto de la adopci\u00f3n de que demora mucho tiempo y todos los que estamos en este colectivo podemos decir que no es tan dif\u00edcil que hay que prepararse para poder mapaternar y ahijar e esos ni\u00f1os. Los aliento que los hagan, que hay chicos esperando que ampl\u00eden la edad por la que se inscribieron y que no se van a arrepentir. \u201cLos chicos tiene mucho amor para dar y recibir, hay momento buenos y malos como en todas familias\u201d, expres\u00f3.<\/p>\n<div id='gallery-1' class='gallery galleryid-34133 gallery-columns-1 gallery-size-full'><figure class='gallery-item'>\n\t\t\t<div class='gallery-icon landscape'>\n\t\t\t\t<a href='https:\/\/laredlarioja.com.ar\/sitio\/volver-a-ser-hijo-y-volver-a-ser-nino-es-lo-mas-importante-en-una-adopcion\/adopten-nines-grandes\/'><img fetchpriority=\"high\" width=\"591\" height=\"489\" src=\"https:\/\/laredlarioja.com.ar\/sitio\/wp-content\/uploads\/2023\/08\/Adopten-Nines-grandes.png\" class=\"attachment-full size-full\" alt=\"Adopten Ni\u00f1es grandes\" srcset=\"https:\/\/laredlarioja.com.ar\/sitio\/wp-content\/uploads\/2023\/08\/Adopten-Nines-grandes.png 591w, https:\/\/laredlarioja.com.ar\/sitio\/wp-content\/uploads\/2023\/08\/Adopten-Nines-grandes-300x248.png 300w\" sizes=\"(max-width: 591px) 100vw, 591px\" decoding=\"async\" \/><\/a>\n\t\t\t<\/div><\/figure>\n\t\t<\/div>\n\n","protected":false},"excerpt":{"rendered":"<p>En pandemia Jorge y V\u00edctor conocieron por \u201cla tele\u201d que en Salta 6 hermanos y hermanas salte\u00f1os buscaban<\/p>\n","protected":false},"author":10,"featured_media":34135,"comment_status":"closed","ping_status":"open","sticky":false,"template":"","format":"standard","meta":{"footnotes":""},"categories":[128,24],"tags":[],"class_list":["post-34133","post","type-post","status-publish","format-standard","has-post-thumbnail","hentry","category-destacadas","category-informacion-general"],"yoast_head":"<!-- This site is optimized with the Yoast SEO plugin v27.4 - https:\/\/yoast.com\/product\/yoast-seo-wordpress\/ -->\n<title>Mes de las infancias: \u201cVolver a ser hijo y volver a ser ni\u00f1o es lo m\u00e1s importante en una adopci\u00f3n\u201d - LA RED 88.3 LA RIOJA<\/title>\n<meta name=\"robots\" content=\"index, follow, max-snippet:-1, max-image-preview:large, max-video-preview:-1\" \/>\n<link rel=\"canonical\" href=\"https:\/\/laredlarioja.com.ar\/sitio\/volver-a-ser-hijo-y-volver-a-ser-nino-es-lo-mas-importante-en-una-adopcion\/\" \/>\n<meta property=\"og:locale\" content=\"es_ES\" \/>\n<meta property=\"og:type\" content=\"article\" \/>\n<meta property=\"og:title\" content=\"Mes de las infancias: \u201cVolver a ser hijo y volver a ser ni\u00f1o es lo m\u00e1s importante en una adopci\u00f3n\u201d - LA RED 88.3 LA RIOJA\" \/>\n<meta property=\"og:description\" content=\"En pandemia Jorge y V\u00edctor conocieron por \u201cla tele\u201d que en Salta 6 hermanos y hermanas salte\u00f1os buscaban\" \/>\n<meta property=\"og:url\" content=\"https:\/\/laredlarioja.com.ar\/sitio\/volver-a-ser-hijo-y-volver-a-ser-nino-es-lo-mas-importante-en-una-adopcion\/\" \/>\n<meta property=\"og:site_name\" content=\"LA RED 88.3 LA RIOJA\" \/>\n<meta property=\"article:publisher\" content=\"https:\/\/www.facebook.com\/lared.larioja\" \/>\n<meta property=\"article:published_time\" content=\"2023-08-06T15:06:20+00:00\" \/>\n<meta property=\"article:modified_time\" content=\"2024-06-13T13:25:56+00:00\" \/>\n<meta property=\"og:image\" content=\"https:\/\/laredlarioja.com.ar\/sitio\/wp-content\/uploads\/2023\/08\/Adopcion-1.jpg\" \/>\n\t<meta property=\"og:image:width\" content=\"1200\" \/>\n\t<meta property=\"og:image:height\" content=\"675\" \/>\n\t<meta property=\"og:image:type\" content=\"image\/jpeg\" \/>\n<meta name=\"author\" content=\"La Red\" \/>\n<meta name=\"twitter:card\" content=\"summary_large_image\" \/>\n<meta name=\"twitter:creator\" content=\"@laredlarioja1\" \/>\n<meta name=\"twitter:site\" content=\"@laredlarioja1\" \/>\n<meta name=\"twitter:label1\" content=\"Escrito por\" \/>\n\t<meta name=\"twitter:data1\" content=\"La Red\" \/>\n\t<meta name=\"twitter:label2\" content=\"Tiempo de lectura\" \/>\n\t<meta name=\"twitter:data2\" content=\"6 minutos\" \/>\n<script type=\"application\/ld+json\" class=\"yoast-schema-graph\">{\"@context\":\"https:\\\/\\\/schema.org\",\"@graph\":[{\"@type\":\"Article\",\"@id\":\"https:\\\/\\\/laredlarioja.com.ar\\\/sitio\\\/volver-a-ser-hijo-y-volver-a-ser-nino-es-lo-mas-importante-en-una-adopcion\\\/#article\",\"isPartOf\":{\"@id\":\"https:\\\/\\\/laredlarioja.com.ar\\\/sitio\\\/volver-a-ser-hijo-y-volver-a-ser-nino-es-lo-mas-importante-en-una-adopcion\\\/\"},\"author\":{\"name\":\"La Red\",\"@id\":\"https:\\\/\\\/laredlarioja.com.ar\\\/sitio\\\/#\\\/schema\\\/person\\\/f1e213867beccedaaa4fb548d9259d9a\"},\"headline\":\"Mes de las infancias: \u201cVolver a ser hijo y volver a ser ni\u00f1o es lo m\u00e1s importante en una adopci\u00f3n\u201d\",\"datePublished\":\"2023-08-06T15:06:20+00:00\",\"dateModified\":\"2024-06-13T13:25:56+00:00\",\"mainEntityOfPage\":{\"@id\":\"https:\\\/\\\/laredlarioja.com.ar\\\/sitio\\\/volver-a-ser-hijo-y-volver-a-ser-nino-es-lo-mas-importante-en-una-adopcion\\\/\"},\"wordCount\":1138,\"publisher\":{\"@id\":\"https:\\\/\\\/laredlarioja.com.ar\\\/sitio\\\/#organization\"},\"image\":{\"@id\":\"https:\\\/\\\/laredlarioja.com.ar\\\/sitio\\\/volver-a-ser-hijo-y-volver-a-ser-nino-es-lo-mas-importante-en-una-adopcion\\\/#primaryimage\"},\"thumbnailUrl\":\"https:\\\/\\\/laredlarioja.com.ar\\\/sitio\\\/wp-content\\\/uploads\\\/2023\\\/08\\\/Adopcion-1.jpg\",\"articleSection\":[\"Destacadas\",\"Informaci\u00f3n General\"],\"inLanguage\":\"es\"},{\"@type\":\"WebPage\",\"@id\":\"https:\\\/\\\/laredlarioja.com.ar\\\/sitio\\\/volver-a-ser-hijo-y-volver-a-ser-nino-es-lo-mas-importante-en-una-adopcion\\\/\",\"url\":\"https:\\\/\\\/laredlarioja.com.ar\\\/sitio\\\/volver-a-ser-hijo-y-volver-a-ser-nino-es-lo-mas-importante-en-una-adopcion\\\/\",\"name\":\"Mes de las infancias: \u201cVolver a ser hijo y volver a ser ni\u00f1o es lo m\u00e1s importante en una adopci\u00f3n\u201d - LA RED 88.3 LA RIOJA\",\"isPartOf\":{\"@id\":\"https:\\\/\\\/laredlarioja.com.ar\\\/sitio\\\/#website\"},\"primaryImageOfPage\":{\"@id\":\"https:\\\/\\\/laredlarioja.com.ar\\\/sitio\\\/volver-a-ser-hijo-y-volver-a-ser-nino-es-lo-mas-importante-en-una-adopcion\\\/#primaryimage\"},\"image\":{\"@id\":\"https:\\\/\\\/laredlarioja.com.ar\\\/sitio\\\/volver-a-ser-hijo-y-volver-a-ser-nino-es-lo-mas-importante-en-una-adopcion\\\/#primaryimage\"},\"thumbnailUrl\":\"https:\\\/\\\/laredlarioja.com.ar\\\/sitio\\\/wp-content\\\/uploads\\\/2023\\\/08\\\/Adopcion-1.jpg\",\"datePublished\":\"2023-08-06T15:06:20+00:00\",\"dateModified\":\"2024-06-13T13:25:56+00:00\",\"breadcrumb\":{\"@id\":\"https:\\\/\\\/laredlarioja.com.ar\\\/sitio\\\/volver-a-ser-hijo-y-volver-a-ser-nino-es-lo-mas-importante-en-una-adopcion\\\/#breadcrumb\"},\"inLanguage\":\"es\",\"potentialAction\":[{\"@type\":\"ReadAction\",\"target\":[\"https:\\\/\\\/laredlarioja.com.ar\\\/sitio\\\/volver-a-ser-hijo-y-volver-a-ser-nino-es-lo-mas-importante-en-una-adopcion\\\/\"]}]},{\"@type\":\"ImageObject\",\"inLanguage\":\"es\",\"@id\":\"https:\\\/\\\/laredlarioja.com.ar\\\/sitio\\\/volver-a-ser-hijo-y-volver-a-ser-nino-es-lo-mas-importante-en-una-adopcion\\\/#primaryimage\",\"url\":\"https:\\\/\\\/laredlarioja.com.ar\\\/sitio\\\/wp-content\\\/uploads\\\/2023\\\/08\\\/Adopcion-1.jpg\",\"contentUrl\":\"https:\\\/\\\/laredlarioja.com.ar\\\/sitio\\\/wp-content\\\/uploads\\\/2023\\\/08\\\/Adopcion-1.jpg\",\"width\":1200,\"height\":675},{\"@type\":\"BreadcrumbList\",\"@id\":\"https:\\\/\\\/laredlarioja.com.ar\\\/sitio\\\/volver-a-ser-hijo-y-volver-a-ser-nino-es-lo-mas-importante-en-una-adopcion\\\/#breadcrumb\",\"itemListElement\":[{\"@type\":\"ListItem\",\"position\":1,\"name\":\"Portada\",\"item\":\"https:\\\/\\\/laredlarioja.com.ar\\\/sitio\\\/\"},{\"@type\":\"ListItem\",\"position\":2,\"name\":\"Mes de las infancias: \u201cVolver a ser hijo y volver a ser ni\u00f1o es lo m\u00e1s importante en una adopci\u00f3n\u201d\"}]},{\"@type\":\"WebSite\",\"@id\":\"https:\\\/\\\/laredlarioja.com.ar\\\/sitio\\\/#website\",\"url\":\"https:\\\/\\\/laredlarioja.com.ar\\\/sitio\\\/\",\"name\":\"LA RED 88.3 LA RIOJA\",\"description\":\"Sitio de Noticias\",\"publisher\":{\"@id\":\"https:\\\/\\\/laredlarioja.com.ar\\\/sitio\\\/#organization\"},\"potentialAction\":[{\"@type\":\"SearchAction\",\"target\":{\"@type\":\"EntryPoint\",\"urlTemplate\":\"https:\\\/\\\/laredlarioja.com.ar\\\/sitio\\\/?s={search_term_string}\"},\"query-input\":{\"@type\":\"PropertyValueSpecification\",\"valueRequired\":true,\"valueName\":\"search_term_string\"}}],\"inLanguage\":\"es\"},{\"@type\":\"Organization\",\"@id\":\"https:\\\/\\\/laredlarioja.com.ar\\\/sitio\\\/#organization\",\"name\":\"LA RED 88.3 LA RIOJA\",\"url\":\"https:\\\/\\\/laredlarioja.com.ar\\\/sitio\\\/\",\"logo\":{\"@type\":\"ImageObject\",\"inLanguage\":\"es\",\"@id\":\"https:\\\/\\\/laredlarioja.com.ar\\\/sitio\\\/#\\\/schema\\\/logo\\\/image\\\/\",\"url\":\"https:\\\/\\\/laredlarioja.com.ar\\\/sitio\\\/wp-content\\\/uploads\\\/2025\\\/05\\\/LOGO-LA-RED.png\",\"contentUrl\":\"https:\\\/\\\/laredlarioja.com.ar\\\/sitio\\\/wp-content\\\/uploads\\\/2025\\\/05\\\/LOGO-LA-RED.png\",\"width\":193,\"height\":340,\"caption\":\"LA RED 88.3 LA RIOJA\"},\"image\":{\"@id\":\"https:\\\/\\\/laredlarioja.com.ar\\\/sitio\\\/#\\\/schema\\\/logo\\\/image\\\/\"},\"sameAs\":[\"https:\\\/\\\/www.facebook.com\\\/lared.larioja\",\"https:\\\/\\\/x.com\\\/laredlarioja1\",\"https:\\\/\\\/www.instagram.com\\\/lared_larioja\\\/\"]},{\"@type\":\"Person\",\"@id\":\"https:\\\/\\\/laredlarioja.com.ar\\\/sitio\\\/#\\\/schema\\\/person\\\/f1e213867beccedaaa4fb548d9259d9a\",\"name\":\"La Red\",\"url\":\"https:\\\/\\\/laredlarioja.com.ar\\\/sitio\\\/author\\\/lared\\\/\"}]}<\/script>\n<!-- \/ Yoast SEO plugin. -->","yoast_head_json":{"title":"Mes de las infancias: \u201cVolver a ser hijo y volver a ser ni\u00f1o es lo m\u00e1s importante en una adopci\u00f3n\u201d - LA RED 88.3 LA RIOJA","robots":{"index":"index","follow":"follow","max-snippet":"max-snippet:-1","max-image-preview":"max-image-preview:large","max-video-preview":"max-video-preview:-1"},"canonical":"https:\/\/laredlarioja.com.ar\/sitio\/volver-a-ser-hijo-y-volver-a-ser-nino-es-lo-mas-importante-en-una-adopcion\/","og_locale":"es_ES","og_type":"article","og_title":"Mes de las infancias: \u201cVolver a ser hijo y volver a ser ni\u00f1o es lo m\u00e1s importante en una adopci\u00f3n\u201d - LA RED 88.3 LA RIOJA","og_description":"En pandemia Jorge y V\u00edctor conocieron por \u201cla tele\u201d que en Salta 6 hermanos y hermanas salte\u00f1os buscaban","og_url":"https:\/\/laredlarioja.com.ar\/sitio\/volver-a-ser-hijo-y-volver-a-ser-nino-es-lo-mas-importante-en-una-adopcion\/","og_site_name":"LA RED 88.3 LA RIOJA","article_publisher":"https:\/\/www.facebook.com\/lared.larioja","article_published_time":"2023-08-06T15:06:20+00:00","article_modified_time":"2024-06-13T13:25:56+00:00","og_image":[{"width":1200,"height":675,"url":"https:\/\/laredlarioja.com.ar\/sitio\/wp-content\/uploads\/2023\/08\/Adopcion-1.jpg","type":"image\/jpeg"}],"author":"La Red","twitter_card":"summary_large_image","twitter_creator":"@laredlarioja1","twitter_site":"@laredlarioja1","twitter_misc":{"Escrito por":"La Red","Tiempo de lectura":"6 minutos"},"schema":{"@context":"https:\/\/schema.org","@graph":[{"@type":"Article","@id":"https:\/\/laredlarioja.com.ar\/sitio\/volver-a-ser-hijo-y-volver-a-ser-nino-es-lo-mas-importante-en-una-adopcion\/#article","isPartOf":{"@id":"https:\/\/laredlarioja.com.ar\/sitio\/volver-a-ser-hijo-y-volver-a-ser-nino-es-lo-mas-importante-en-una-adopcion\/"},"author":{"name":"La Red","@id":"https:\/\/laredlarioja.com.ar\/sitio\/#\/schema\/person\/f1e213867beccedaaa4fb548d9259d9a"},"headline":"Mes de las infancias: \u201cVolver a ser hijo y volver a ser ni\u00f1o es lo m\u00e1s importante en una adopci\u00f3n\u201d","datePublished":"2023-08-06T15:06:20+00:00","dateModified":"2024-06-13T13:25:56+00:00","mainEntityOfPage":{"@id":"https:\/\/laredlarioja.com.ar\/sitio\/volver-a-ser-hijo-y-volver-a-ser-nino-es-lo-mas-importante-en-una-adopcion\/"},"wordCount":1138,"publisher":{"@id":"https:\/\/laredlarioja.com.ar\/sitio\/#organization"},"image":{"@id":"https:\/\/laredlarioja.com.ar\/sitio\/volver-a-ser-hijo-y-volver-a-ser-nino-es-lo-mas-importante-en-una-adopcion\/#primaryimage"},"thumbnailUrl":"https:\/\/laredlarioja.com.ar\/sitio\/wp-content\/uploads\/2023\/08\/Adopcion-1.jpg","articleSection":["Destacadas","Informaci\u00f3n General"],"inLanguage":"es"},{"@type":"WebPage","@id":"https:\/\/laredlarioja.com.ar\/sitio\/volver-a-ser-hijo-y-volver-a-ser-nino-es-lo-mas-importante-en-una-adopcion\/","url":"https:\/\/laredlarioja.com.ar\/sitio\/volver-a-ser-hijo-y-volver-a-ser-nino-es-lo-mas-importante-en-una-adopcion\/","name":"Mes de las infancias: \u201cVolver a ser hijo y volver a ser ni\u00f1o es lo m\u00e1s importante en una adopci\u00f3n\u201d - LA RED 88.3 LA RIOJA","isPartOf":{"@id":"https:\/\/laredlarioja.com.ar\/sitio\/#website"},"primaryImageOfPage":{"@id":"https:\/\/laredlarioja.com.ar\/sitio\/volver-a-ser-hijo-y-volver-a-ser-nino-es-lo-mas-importante-en-una-adopcion\/#primaryimage"},"image":{"@id":"https:\/\/laredlarioja.com.ar\/sitio\/volver-a-ser-hijo-y-volver-a-ser-nino-es-lo-mas-importante-en-una-adopcion\/#primaryimage"},"thumbnailUrl":"https:\/\/laredlarioja.com.ar\/sitio\/wp-content\/uploads\/2023\/08\/Adopcion-1.jpg","datePublished":"2023-08-06T15:06:20+00:00","dateModified":"2024-06-13T13:25:56+00:00","breadcrumb":{"@id":"https:\/\/laredlarioja.com.ar\/sitio\/volver-a-ser-hijo-y-volver-a-ser-nino-es-lo-mas-importante-en-una-adopcion\/#breadcrumb"},"inLanguage":"es","potentialAction":[{"@type":"ReadAction","target":["https:\/\/laredlarioja.com.ar\/sitio\/volver-a-ser-hijo-y-volver-a-ser-nino-es-lo-mas-importante-en-una-adopcion\/"]}]},{"@type":"ImageObject","inLanguage":"es","@id":"https:\/\/laredlarioja.com.ar\/sitio\/volver-a-ser-hijo-y-volver-a-ser-nino-es-lo-mas-importante-en-una-adopcion\/#primaryimage","url":"https:\/\/laredlarioja.com.ar\/sitio\/wp-content\/uploads\/2023\/08\/Adopcion-1.jpg","contentUrl":"https:\/\/laredlarioja.com.ar\/sitio\/wp-content\/uploads\/2023\/08\/Adopcion-1.jpg","width":1200,"height":675},{"@type":"BreadcrumbList","@id":"https:\/\/laredlarioja.com.ar\/sitio\/volver-a-ser-hijo-y-volver-a-ser-nino-es-lo-mas-importante-en-una-adopcion\/#breadcrumb","itemListElement":[{"@type":"ListItem","position":1,"name":"Portada","item":"https:\/\/laredlarioja.com.ar\/sitio\/"},{"@type":"ListItem","position":2,"name":"Mes de las infancias: \u201cVolver a ser hijo y volver a ser ni\u00f1o es lo m\u00e1s importante en una adopci\u00f3n\u201d"}]},{"@type":"WebSite","@id":"https:\/\/laredlarioja.com.ar\/sitio\/#website","url":"https:\/\/laredlarioja.com.ar\/sitio\/","name":"LA RED 88.3 LA RIOJA","description":"Sitio de Noticias","publisher":{"@id":"https:\/\/laredlarioja.com.ar\/sitio\/#organization"},"potentialAction":[{"@type":"SearchAction","target":{"@type":"EntryPoint","urlTemplate":"https:\/\/laredlarioja.com.ar\/sitio\/?s={search_term_string}"},"query-input":{"@type":"PropertyValueSpecification","valueRequired":true,"valueName":"search_term_string"}}],"inLanguage":"es"},{"@type":"Organization","@id":"https:\/\/laredlarioja.com.ar\/sitio\/#organization","name":"LA RED 88.3 LA RIOJA","url":"https:\/\/laredlarioja.com.ar\/sitio\/","logo":{"@type":"ImageObject","inLanguage":"es","@id":"https:\/\/laredlarioja.com.ar\/sitio\/#\/schema\/logo\/image\/","url":"https:\/\/laredlarioja.com.ar\/sitio\/wp-content\/uploads\/2025\/05\/LOGO-LA-RED.png","contentUrl":"https:\/\/laredlarioja.com.ar\/sitio\/wp-content\/uploads\/2025\/05\/LOGO-LA-RED.png","width":193,"height":340,"caption":"LA RED 88.3 LA RIOJA"},"image":{"@id":"https:\/\/laredlarioja.com.ar\/sitio\/#\/schema\/logo\/image\/"},"sameAs":["https:\/\/www.facebook.com\/lared.larioja","https:\/\/x.com\/laredlarioja1","https:\/\/www.instagram.com\/lared_larioja\/"]},{"@type":"Person","@id":"https:\/\/laredlarioja.com.ar\/sitio\/#\/schema\/person\/f1e213867beccedaaa4fb548d9259d9a","name":"La Red","url":"https:\/\/laredlarioja.com.ar\/sitio\/author\/lared\/"}]}},"featured_image_urls":{"full":["https:\/\/laredlarioja.com.ar\/sitio\/wp-content\/uploads\/2023\/08\/Adopcion-1.jpg",1200,675,false],"thumbnail":["https:\/\/laredlarioja.com.ar\/sitio\/wp-content\/uploads\/2023\/08\/Adopcion-1-150x150.jpg",150,150,true],"medium":["https:\/\/laredlarioja.com.ar\/sitio\/wp-content\/uploads\/2023\/08\/Adopcion-1-300x169.jpg",300,169,true],"medium_large":["https:\/\/laredlarioja.com.ar\/sitio\/wp-content\/uploads\/2023\/08\/Adopcion-1-768x432.jpg",640,360,true],"large":["https:\/\/laredlarioja.com.ar\/sitio\/wp-content\/uploads\/2023\/08\/Adopcion-1-1024x576.jpg",640,360,true],"1536x1536":["https:\/\/laredlarioja.com.ar\/sitio\/wp-content\/uploads\/2023\/08\/Adopcion-1.jpg",1200,675,false],"2048x2048":["https:\/\/laredlarioja.com.ar\/sitio\/wp-content\/uploads\/2023\/08\/Adopcion-1.jpg",1200,675,false],"cvmm-medium":["https:\/\/laredlarioja.com.ar\/sitio\/wp-content\/uploads\/2023\/08\/Adopcion-1-300x300.jpg",300,300,true],"cvmm-medium-plus":["https:\/\/laredlarioja.com.ar\/sitio\/wp-content\/uploads\/2023\/08\/Adopcion-1-305x207.jpg",305,207,true],"cvmm-portrait":["https:\/\/laredlarioja.com.ar\/sitio\/wp-content\/uploads\/2023\/08\/Adopcion-1-400x600.jpg",400,600,true],"cvmm-medium-square":["https:\/\/laredlarioja.com.ar\/sitio\/wp-content\/uploads\/2023\/08\/Adopcion-1-600x600.jpg",600,600,true],"cvmm-large":["https:\/\/laredlarioja.com.ar\/sitio\/wp-content\/uploads\/2023\/08\/Adopcion-1-1024x675.jpg",1024,675,true],"cvmm-small":["https:\/\/laredlarioja.com.ar\/sitio\/wp-content\/uploads\/2023\/08\/Adopcion-1-130x95.jpg",130,95,true],"morenews-large":["https:\/\/laredlarioja.com.ar\/sitio\/wp-content\/uploads\/2023\/08\/Adopcion-1-825x575.jpg",825,575,true],"morenews-medium":["https:\/\/laredlarioja.com.ar\/sitio\/wp-content\/uploads\/2023\/08\/Adopcion-1-590x410.jpg",590,410,true]},"author_info":{"display_name":"La Red","author_link":"https:\/\/laredlarioja.com.ar\/sitio\/author\/lared\/"},"category_info":"<a href=\"https:\/\/laredlarioja.com.ar\/sitio\/categorias\/destacadas\/\" rel=\"category tag\">Destacadas<\/a> <a href=\"https:\/\/laredlarioja.com.ar\/sitio\/categorias\/informacion-general\/\" rel=\"category tag\">Informaci\u00f3n General<\/a>","tag_info":"Informaci\u00f3n General","comment_count":"0","blog_post_layout_featured_media_urls":{"thumbnail":["https:\/\/laredlarioja.com.ar\/sitio\/wp-content\/uploads\/2023\/08\/Adopcion-1-150x150.jpg",150,150,true],"full":["https:\/\/laredlarioja.com.ar\/sitio\/wp-content\/uploads\/2023\/08\/Adopcion-1.jpg",1200,675,false]},"categories_names":{"128":{"name":"Destacadas","link":"https:\/\/laredlarioja.com.ar\/sitio\/categorias\/destacadas\/"},"24":{"name":"Informaci\u00f3n General","link":"https:\/\/laredlarioja.com.ar\/sitio\/categorias\/informacion-general\/"}},"tags_names":[],"comments_number":"0","wpmagazine_modules_lite_featured_media_urls":{"thumbnail":["https:\/\/laredlarioja.com.ar\/sitio\/wp-content\/uploads\/2023\/08\/Adopcion-1-150x150.jpg",150,150,true],"cvmm-medium":["https:\/\/laredlarioja.com.ar\/sitio\/wp-content\/uploads\/2023\/08\/Adopcion-1-300x300.jpg",300,300,true],"cvmm-medium-plus":["https:\/\/laredlarioja.com.ar\/sitio\/wp-content\/uploads\/2023\/08\/Adopcion-1-305x207.jpg",305,207,true],"cvmm-portrait":["https:\/\/laredlarioja.com.ar\/sitio\/wp-content\/uploads\/2023\/08\/Adopcion-1-400x600.jpg",400,600,true],"cvmm-medium-square":["https:\/\/laredlarioja.com.ar\/sitio\/wp-content\/uploads\/2023\/08\/Adopcion-1-600x600.jpg",600,600,true],"cvmm-large":["https:\/\/laredlarioja.com.ar\/sitio\/wp-content\/uploads\/2023\/08\/Adopcion-1-1024x675.jpg",1024,675,true],"cvmm-small":["https:\/\/laredlarioja.com.ar\/sitio\/wp-content\/uploads\/2023\/08\/Adopcion-1-130x95.jpg",130,95,true],"full":["https:\/\/laredlarioja.com.ar\/sitio\/wp-content\/uploads\/2023\/08\/Adopcion-1.jpg",1200,675,false]},"_links":{"self":[{"href":"https:\/\/laredlarioja.com.ar\/sitio\/wp-json\/wp\/v2\/posts\/34133","targetHints":{"allow":["GET"]}}],"collection":[{"href":"https:\/\/laredlarioja.com.ar\/sitio\/wp-json\/wp\/v2\/posts"}],"about":[{"href":"https:\/\/laredlarioja.com.ar\/sitio\/wp-json\/wp\/v2\/types\/post"}],"author":[{"embeddable":true,"href":"https:\/\/laredlarioja.com.ar\/sitio\/wp-json\/wp\/v2\/users\/10"}],"replies":[{"embeddable":true,"href":"https:\/\/laredlarioja.com.ar\/sitio\/wp-json\/wp\/v2\/comments?post=34133"}],"version-history":[{"count":8,"href":"https:\/\/laredlarioja.com.ar\/sitio\/wp-json\/wp\/v2\/posts\/34133\/revisions"}],"predecessor-version":[{"id":38207,"href":"https:\/\/laredlarioja.com.ar\/sitio\/wp-json\/wp\/v2\/posts\/34133\/revisions\/38207"}],"wp:featuredmedia":[{"embeddable":true,"href":"https:\/\/laredlarioja.com.ar\/sitio\/wp-json\/wp\/v2\/media\/34135"}],"wp:attachment":[{"href":"https:\/\/laredlarioja.com.ar\/sitio\/wp-json\/wp\/v2\/media?parent=34133"}],"wp:term":[{"taxonomy":"category","embeddable":true,"href":"https:\/\/laredlarioja.com.ar\/sitio\/wp-json\/wp\/v2\/categories?post=34133"},{"taxonomy":"post_tag","embeddable":true,"href":"https:\/\/laredlarioja.com.ar\/sitio\/wp-json\/wp\/v2\/tags?post=34133"}],"curies":[{"name":"wp","href":"https:\/\/api.w.org\/{rel}","templated":true}]}}