{"id":35221,"date":"2023-08-24T22:16:56","date_gmt":"2023-08-24T22:16:56","guid":{"rendered":"https:\/\/laredlarioja.com.ar\/sitio\/?p=35221"},"modified":"2023-08-24T22:16:56","modified_gmt":"2023-08-24T22:16:56","slug":"la-rioja-tendra-su-primer-congreso-latinoamericano-de-historia-denominado-joaquin-victor-gonzalez-el-reformista","status":"publish","type":"post","link":"https:\/\/laredlarioja.com.ar\/sitio\/la-rioja-tendra-su-primer-congreso-latinoamericano-de-historia-denominado-joaquin-victor-gonzalez-el-reformista\/","title":{"rendered":"La Rioja tendr\u00e1 su primer Congreso Latinoamericano de historia denominado Joaqu\u00edn V\u00edctor Gonz\u00e1lez \u00abEl Reformista\u201d"},"content":{"rendered":"<p>El 4, 5 y 6 de septiembre se va a realizar el primer congreso latinoamericano de historia Joaqu\u00edn V\u00edctor Gonz\u00e1lez \u201cEl reformista\u201d que va tener diferentes sedes, se va a realizar actividades en capital y en Chilecito. El mismo estar\u00e1 destinado al p\u00fablico en general.<\/p>\n<p>En declaraciones con La Red, Roberto Rojo, profesor e historidador de La Rioja, explic\u00f3 que \u201ces el primer congreso que se va a realizar en La Rioja y es una iniciativa de la jefatura de gabinete, sabemos que La Rioja es una provincia con mucha historia y connotaci\u00f3n latinoamericana\u201d.<\/p>\n<p>\u201cEl motivo de este t\u00edtulo desde que empezamos con las actividades en el a\u00f1o 2019 pensando en el a\u00f1o que se cumple el centenario del fallecimiento de J.V. G. pensamos c\u00f3mo podemos definir a Joaqu\u00edn en una sola palabra. Ah\u00ed surge la palabra reformista, porque \u00e9l era reformista\u201d, agreg\u00f3 el profesor.<\/p>\n<p>Adem\u00e1s, coment\u00f3 que \u201cJoaqu\u00edn V\u00edctor Gonz\u00e1lez era considerador reformista porque pertenec\u00eda a un sistema pol\u00edtico de Rocca, que era anterior a la Ley Saenz Pe\u00f1a. Los desaf\u00edos en ese momento era la irrupci\u00f3n de la Uni\u00f3n C\u00edvica Radical que aparece como un partido moderno y amenaza con derrotar a Rocca y otro desaf\u00edo que tuvo que afrontar Gonz\u00e1lez fue la inmigraci\u00f3n\u201d.<\/p>\n<p>A su vez indic\u00f3 que \u201centre 1870 y 1910 hay 4 millones de inmigrantes en la ciudad de Buenos Aires en los primeros a\u00f1os del siglo XX hab\u00eda m\u00e1s extranjeros que criollos, estos desaf\u00edos hacen que Gonz\u00e1lez desde su puesto en el ministerio del Interior, con el Consejo de Educaci\u00f3n impulse diversas reformas como la del C\u00f3digo de trabajo, circunscripci\u00f3n electoral, reformas educativas en la Universidad de la Plata\u201d.<\/p>\n<p>Sobre los temas centrales, el profesor destac\u00f3 que \u201cla idea de estas jornadas es que tenga un perfil jur\u00eddico y educativo, porque Joaqu\u00edn V\u00edctor Gonz\u00e1lez tiene muchas aristas\u201d.<\/p>\n","protected":false},"excerpt":{"rendered":"<p>El 4, 5 y 6 de septiembre se va a realizar el primer congreso latinoamericano de historia Joaqu\u00edn<\/p>\n","protected":false},"author":7,"featured_media":35222,"comment_status":"closed","ping_status":"open","sticky":false,"template":"","format":"standard","meta":{"footnotes":""},"categories":[94],"tags":[],"class_list":["post-35221","post","type-post","status-publish","format-standard","has-post-thumbnail","hentry","category-locales"],"yoast_head":"<!-- This site is optimized with the Yoast SEO plugin v27.4 - https:\/\/yoast.com\/product\/yoast-seo-wordpress\/ -->\n<title>La Rioja tendr\u00e1 su primer Congreso Latinoamericano de historia denominado Joaqu\u00edn V\u00edctor Gonz\u00e1lez &quot;El Reformista\u201d - LA RED 88.3 LA RIOJA<\/title>\n<meta name=\"robots\" content=\"index, follow, max-snippet:-1, max-image-preview:large, max-video-preview:-1\" \/>\n<link rel=\"canonical\" href=\"https:\/\/laredlarioja.com.ar\/sitio\/la-rioja-tendra-su-primer-congreso-latinoamericano-de-historia-denominado-joaquin-victor-gonzalez-el-reformista\/\" \/>\n<meta property=\"og:locale\" content=\"es_ES\" \/>\n<meta property=\"og:type\" content=\"article\" \/>\n<meta property=\"og:title\" content=\"La Rioja tendr\u00e1 su primer Congreso Latinoamericano de historia denominado Joaqu\u00edn V\u00edctor Gonz\u00e1lez &quot;El Reformista\u201d - LA RED 88.3 LA RIOJA\" \/>\n<meta property=\"og:description\" content=\"El 4, 5 y 6 de septiembre se va a realizar el primer congreso latinoamericano de historia Joaqu\u00edn\" \/>\n<meta property=\"og:url\" content=\"https:\/\/laredlarioja.com.ar\/sitio\/la-rioja-tendra-su-primer-congreso-latinoamericano-de-historia-denominado-joaquin-victor-gonzalez-el-reformista\/\" \/>\n<meta property=\"og:site_name\" content=\"LA RED 88.3 LA RIOJA\" \/>\n<meta property=\"article:publisher\" content=\"https:\/\/www.facebook.com\/lared.larioja\" \/>\n<meta property=\"article:published_time\" content=\"2023-08-24T22:16:56+00:00\" \/>\n<meta property=\"og:image\" content=\"https:\/\/laredlarioja.com.ar\/sitio\/wp-content\/uploads\/2023\/08\/749013921.jpg\" \/>\n\t<meta property=\"og:image:width\" content=\"1076\" \/>\n\t<meta property=\"og:image:height\" content=\"752\" \/>\n\t<meta property=\"og:image:type\" content=\"image\/jpeg\" \/>\n<meta name=\"author\" content=\"Anabella Soria\" \/>\n<meta name=\"twitter:card\" content=\"summary_large_image\" \/>\n<meta name=\"twitter:creator\" content=\"@laredlarioja1\" \/>\n<meta name=\"twitter:site\" content=\"@laredlarioja1\" \/>\n<meta name=\"twitter:label1\" content=\"Escrito por\" \/>\n\t<meta name=\"twitter:data1\" content=\"Anabella Soria\" \/>\n\t<meta name=\"twitter:label2\" content=\"Tiempo de lectura\" \/>\n\t<meta name=\"twitter:data2\" content=\"2 minutos\" \/>\n<script type=\"application\/ld+json\" class=\"yoast-schema-graph\">{\"@context\":\"https:\\\/\\\/schema.org\",\"@graph\":[{\"@type\":\"Article\",\"@id\":\"https:\\\/\\\/laredlarioja.com.ar\\\/sitio\\\/la-rioja-tendra-su-primer-congreso-latinoamericano-de-historia-denominado-joaquin-victor-gonzalez-el-reformista\\\/#article\",\"isPartOf\":{\"@id\":\"https:\\\/\\\/laredlarioja.com.ar\\\/sitio\\\/la-rioja-tendra-su-primer-congreso-latinoamericano-de-historia-denominado-joaquin-victor-gonzalez-el-reformista\\\/\"},\"author\":{\"name\":\"Anabella Soria\",\"@id\":\"https:\\\/\\\/laredlarioja.com.ar\\\/sitio\\\/#\\\/schema\\\/person\\\/31f88059d20c5cf06e974fd895aec56e\"},\"headline\":\"La Rioja tendr\u00e1 su primer Congreso Latinoamericano de historia denominado Joaqu\u00edn V\u00edctor Gonz\u00e1lez \u00abEl Reformista\u201d\",\"datePublished\":\"2023-08-24T22:16:56+00:00\",\"mainEntityOfPage\":{\"@id\":\"https:\\\/\\\/laredlarioja.com.ar\\\/sitio\\\/la-rioja-tendra-su-primer-congreso-latinoamericano-de-historia-denominado-joaquin-victor-gonzalez-el-reformista\\\/\"},\"wordCount\":351,\"publisher\":{\"@id\":\"https:\\\/\\\/laredlarioja.com.ar\\\/sitio\\\/#organization\"},\"image\":{\"@id\":\"https:\\\/\\\/laredlarioja.com.ar\\\/sitio\\\/la-rioja-tendra-su-primer-congreso-latinoamericano-de-historia-denominado-joaquin-victor-gonzalez-el-reformista\\\/#primaryimage\"},\"thumbnailUrl\":\"https:\\\/\\\/laredlarioja.com.ar\\\/sitio\\\/wp-content\\\/uploads\\\/2023\\\/08\\\/749013921.jpg\",\"articleSection\":[\"Locales\"],\"inLanguage\":\"es\"},{\"@type\":\"WebPage\",\"@id\":\"https:\\\/\\\/laredlarioja.com.ar\\\/sitio\\\/la-rioja-tendra-su-primer-congreso-latinoamericano-de-historia-denominado-joaquin-victor-gonzalez-el-reformista\\\/\",\"url\":\"https:\\\/\\\/laredlarioja.com.ar\\\/sitio\\\/la-rioja-tendra-su-primer-congreso-latinoamericano-de-historia-denominado-joaquin-victor-gonzalez-el-reformista\\\/\",\"name\":\"La Rioja tendr\u00e1 su primer Congreso Latinoamericano de historia denominado Joaqu\u00edn V\u00edctor Gonz\u00e1lez \\\"El Reformista\u201d - LA RED 88.3 LA RIOJA\",\"isPartOf\":{\"@id\":\"https:\\\/\\\/laredlarioja.com.ar\\\/sitio\\\/#website\"},\"primaryImageOfPage\":{\"@id\":\"https:\\\/\\\/laredlarioja.com.ar\\\/sitio\\\/la-rioja-tendra-su-primer-congreso-latinoamericano-de-historia-denominado-joaquin-victor-gonzalez-el-reformista\\\/#primaryimage\"},\"image\":{\"@id\":\"https:\\\/\\\/laredlarioja.com.ar\\\/sitio\\\/la-rioja-tendra-su-primer-congreso-latinoamericano-de-historia-denominado-joaquin-victor-gonzalez-el-reformista\\\/#primaryimage\"},\"thumbnailUrl\":\"https:\\\/\\\/laredlarioja.com.ar\\\/sitio\\\/wp-content\\\/uploads\\\/2023\\\/08\\\/749013921.jpg\",\"datePublished\":\"2023-08-24T22:16:56+00:00\",\"breadcrumb\":{\"@id\":\"https:\\\/\\\/laredlarioja.com.ar\\\/sitio\\\/la-rioja-tendra-su-primer-congreso-latinoamericano-de-historia-denominado-joaquin-victor-gonzalez-el-reformista\\\/#breadcrumb\"},\"inLanguage\":\"es\",\"potentialAction\":[{\"@type\":\"ReadAction\",\"target\":[\"https:\\\/\\\/laredlarioja.com.ar\\\/sitio\\\/la-rioja-tendra-su-primer-congreso-latinoamericano-de-historia-denominado-joaquin-victor-gonzalez-el-reformista\\\/\"]}]},{\"@type\":\"ImageObject\",\"inLanguage\":\"es\",\"@id\":\"https:\\\/\\\/laredlarioja.com.ar\\\/sitio\\\/la-rioja-tendra-su-primer-congreso-latinoamericano-de-historia-denominado-joaquin-victor-gonzalez-el-reformista\\\/#primaryimage\",\"url\":\"https:\\\/\\\/laredlarioja.com.ar\\\/sitio\\\/wp-content\\\/uploads\\\/2023\\\/08\\\/749013921.jpg\",\"contentUrl\":\"https:\\\/\\\/laredlarioja.com.ar\\\/sitio\\\/wp-content\\\/uploads\\\/2023\\\/08\\\/749013921.jpg\",\"width\":1076,\"height\":752},{\"@type\":\"BreadcrumbList\",\"@id\":\"https:\\\/\\\/laredlarioja.com.ar\\\/sitio\\\/la-rioja-tendra-su-primer-congreso-latinoamericano-de-historia-denominado-joaquin-victor-gonzalez-el-reformista\\\/#breadcrumb\",\"itemListElement\":[{\"@type\":\"ListItem\",\"position\":1,\"name\":\"Portada\",\"item\":\"https:\\\/\\\/laredlarioja.com.ar\\\/sitio\\\/\"},{\"@type\":\"ListItem\",\"position\":2,\"name\":\"La Rioja tendr\u00e1 su primer Congreso Latinoamericano de historia denominado Joaqu\u00edn V\u00edctor Gonz\u00e1lez &#8220;El Reformista\u201d\"}]},{\"@type\":\"WebSite\",\"@id\":\"https:\\\/\\\/laredlarioja.com.ar\\\/sitio\\\/#website\",\"url\":\"https:\\\/\\\/laredlarioja.com.ar\\\/sitio\\\/\",\"name\":\"LA RED 88.3 LA RIOJA\",\"description\":\"Sitio de Noticias\",\"publisher\":{\"@id\":\"https:\\\/\\\/laredlarioja.com.ar\\\/sitio\\\/#organization\"},\"potentialAction\":[{\"@type\":\"SearchAction\",\"target\":{\"@type\":\"EntryPoint\",\"urlTemplate\":\"https:\\\/\\\/laredlarioja.com.ar\\\/sitio\\\/?s={search_term_string}\"},\"query-input\":{\"@type\":\"PropertyValueSpecification\",\"valueRequired\":true,\"valueName\":\"search_term_string\"}}],\"inLanguage\":\"es\"},{\"@type\":\"Organization\",\"@id\":\"https:\\\/\\\/laredlarioja.com.ar\\\/sitio\\\/#organization\",\"name\":\"LA RED 88.3 LA RIOJA\",\"url\":\"https:\\\/\\\/laredlarioja.com.ar\\\/sitio\\\/\",\"logo\":{\"@type\":\"ImageObject\",\"inLanguage\":\"es\",\"@id\":\"https:\\\/\\\/laredlarioja.com.ar\\\/sitio\\\/#\\\/schema\\\/logo\\\/image\\\/\",\"url\":\"https:\\\/\\\/laredlarioja.com.ar\\\/sitio\\\/wp-content\\\/uploads\\\/2025\\\/05\\\/LOGO-LA-RED.png\",\"contentUrl\":\"https:\\\/\\\/laredlarioja.com.ar\\\/sitio\\\/wp-content\\\/uploads\\\/2025\\\/05\\\/LOGO-LA-RED.png\",\"width\":193,\"height\":340,\"caption\":\"LA RED 88.3 LA RIOJA\"},\"image\":{\"@id\":\"https:\\\/\\\/laredlarioja.com.ar\\\/sitio\\\/#\\\/schema\\\/logo\\\/image\\\/\"},\"sameAs\":[\"https:\\\/\\\/www.facebook.com\\\/lared.larioja\",\"https:\\\/\\\/x.com\\\/laredlarioja1\",\"https:\\\/\\\/www.instagram.com\\\/lared_larioja\\\/\"]},{\"@type\":\"Person\",\"@id\":\"https:\\\/\\\/laredlarioja.com.ar\\\/sitio\\\/#\\\/schema\\\/person\\\/31f88059d20c5cf06e974fd895aec56e\",\"name\":\"Anabella Soria\",\"url\":\"https:\\\/\\\/laredlarioja.com.ar\\\/sitio\\\/author\\\/asoria\\\/\"}]}<\/script>\n<!-- \/ Yoast SEO plugin. -->","yoast_head_json":{"title":"La Rioja tendr\u00e1 su primer Congreso Latinoamericano de historia denominado Joaqu\u00edn V\u00edctor Gonz\u00e1lez \"El Reformista\u201d - LA RED 88.3 LA RIOJA","robots":{"index":"index","follow":"follow","max-snippet":"max-snippet:-1","max-image-preview":"max-image-preview:large","max-video-preview":"max-video-preview:-1"},"canonical":"https:\/\/laredlarioja.com.ar\/sitio\/la-rioja-tendra-su-primer-congreso-latinoamericano-de-historia-denominado-joaquin-victor-gonzalez-el-reformista\/","og_locale":"es_ES","og_type":"article","og_title":"La Rioja tendr\u00e1 su primer Congreso Latinoamericano de historia denominado Joaqu\u00edn V\u00edctor Gonz\u00e1lez \"El Reformista\u201d - LA RED 88.3 LA RIOJA","og_description":"El 4, 5 y 6 de septiembre se va a realizar el primer congreso latinoamericano de historia Joaqu\u00edn","og_url":"https:\/\/laredlarioja.com.ar\/sitio\/la-rioja-tendra-su-primer-congreso-latinoamericano-de-historia-denominado-joaquin-victor-gonzalez-el-reformista\/","og_site_name":"LA RED 88.3 LA RIOJA","article_publisher":"https:\/\/www.facebook.com\/lared.larioja","article_published_time":"2023-08-24T22:16:56+00:00","og_image":[{"width":1076,"height":752,"url":"https:\/\/laredlarioja.com.ar\/sitio\/wp-content\/uploads\/2023\/08\/749013921.jpg","type":"image\/jpeg"}],"author":"Anabella Soria","twitter_card":"summary_large_image","twitter_creator":"@laredlarioja1","twitter_site":"@laredlarioja1","twitter_misc":{"Escrito por":"Anabella Soria","Tiempo de lectura":"2 minutos"},"schema":{"@context":"https:\/\/schema.org","@graph":[{"@type":"Article","@id":"https:\/\/laredlarioja.com.ar\/sitio\/la-rioja-tendra-su-primer-congreso-latinoamericano-de-historia-denominado-joaquin-victor-gonzalez-el-reformista\/#article","isPartOf":{"@id":"https:\/\/laredlarioja.com.ar\/sitio\/la-rioja-tendra-su-primer-congreso-latinoamericano-de-historia-denominado-joaquin-victor-gonzalez-el-reformista\/"},"author":{"name":"Anabella Soria","@id":"https:\/\/laredlarioja.com.ar\/sitio\/#\/schema\/person\/31f88059d20c5cf06e974fd895aec56e"},"headline":"La Rioja tendr\u00e1 su primer Congreso Latinoamericano de historia denominado Joaqu\u00edn V\u00edctor Gonz\u00e1lez \u00abEl Reformista\u201d","datePublished":"2023-08-24T22:16:56+00:00","mainEntityOfPage":{"@id":"https:\/\/laredlarioja.com.ar\/sitio\/la-rioja-tendra-su-primer-congreso-latinoamericano-de-historia-denominado-joaquin-victor-gonzalez-el-reformista\/"},"wordCount":351,"publisher":{"@id":"https:\/\/laredlarioja.com.ar\/sitio\/#organization"},"image":{"@id":"https:\/\/laredlarioja.com.ar\/sitio\/la-rioja-tendra-su-primer-congreso-latinoamericano-de-historia-denominado-joaquin-victor-gonzalez-el-reformista\/#primaryimage"},"thumbnailUrl":"https:\/\/laredlarioja.com.ar\/sitio\/wp-content\/uploads\/2023\/08\/749013921.jpg","articleSection":["Locales"],"inLanguage":"es"},{"@type":"WebPage","@id":"https:\/\/laredlarioja.com.ar\/sitio\/la-rioja-tendra-su-primer-congreso-latinoamericano-de-historia-denominado-joaquin-victor-gonzalez-el-reformista\/","url":"https:\/\/laredlarioja.com.ar\/sitio\/la-rioja-tendra-su-primer-congreso-latinoamericano-de-historia-denominado-joaquin-victor-gonzalez-el-reformista\/","name":"La Rioja tendr\u00e1 su primer Congreso Latinoamericano de historia denominado Joaqu\u00edn V\u00edctor Gonz\u00e1lez \"El Reformista\u201d - LA RED 88.3 LA RIOJA","isPartOf":{"@id":"https:\/\/laredlarioja.com.ar\/sitio\/#website"},"primaryImageOfPage":{"@id":"https:\/\/laredlarioja.com.ar\/sitio\/la-rioja-tendra-su-primer-congreso-latinoamericano-de-historia-denominado-joaquin-victor-gonzalez-el-reformista\/#primaryimage"},"image":{"@id":"https:\/\/laredlarioja.com.ar\/sitio\/la-rioja-tendra-su-primer-congreso-latinoamericano-de-historia-denominado-joaquin-victor-gonzalez-el-reformista\/#primaryimage"},"thumbnailUrl":"https:\/\/laredlarioja.com.ar\/sitio\/wp-content\/uploads\/2023\/08\/749013921.jpg","datePublished":"2023-08-24T22:16:56+00:00","breadcrumb":{"@id":"https:\/\/laredlarioja.com.ar\/sitio\/la-rioja-tendra-su-primer-congreso-latinoamericano-de-historia-denominado-joaquin-victor-gonzalez-el-reformista\/#breadcrumb"},"inLanguage":"es","potentialAction":[{"@type":"ReadAction","target":["https:\/\/laredlarioja.com.ar\/sitio\/la-rioja-tendra-su-primer-congreso-latinoamericano-de-historia-denominado-joaquin-victor-gonzalez-el-reformista\/"]}]},{"@type":"ImageObject","inLanguage":"es","@id":"https:\/\/laredlarioja.com.ar\/sitio\/la-rioja-tendra-su-primer-congreso-latinoamericano-de-historia-denominado-joaquin-victor-gonzalez-el-reformista\/#primaryimage","url":"https:\/\/laredlarioja.com.ar\/sitio\/wp-content\/uploads\/2023\/08\/749013921.jpg","contentUrl":"https:\/\/laredlarioja.com.ar\/sitio\/wp-content\/uploads\/2023\/08\/749013921.jpg","width":1076,"height":752},{"@type":"BreadcrumbList","@id":"https:\/\/laredlarioja.com.ar\/sitio\/la-rioja-tendra-su-primer-congreso-latinoamericano-de-historia-denominado-joaquin-victor-gonzalez-el-reformista\/#breadcrumb","itemListElement":[{"@type":"ListItem","position":1,"name":"Portada","item":"https:\/\/laredlarioja.com.ar\/sitio\/"},{"@type":"ListItem","position":2,"name":"La Rioja tendr\u00e1 su primer Congreso Latinoamericano de historia denominado Joaqu\u00edn V\u00edctor Gonz\u00e1lez &#8220;El Reformista\u201d"}]},{"@type":"WebSite","@id":"https:\/\/laredlarioja.com.ar\/sitio\/#website","url":"https:\/\/laredlarioja.com.ar\/sitio\/","name":"LA RED 88.3 LA RIOJA","description":"Sitio de Noticias","publisher":{"@id":"https:\/\/laredlarioja.com.ar\/sitio\/#organization"},"potentialAction":[{"@type":"SearchAction","target":{"@type":"EntryPoint","urlTemplate":"https:\/\/laredlarioja.com.ar\/sitio\/?s={search_term_string}"},"query-input":{"@type":"PropertyValueSpecification","valueRequired":true,"valueName":"search_term_string"}}],"inLanguage":"es"},{"@type":"Organization","@id":"https:\/\/laredlarioja.com.ar\/sitio\/#organization","name":"LA RED 88.3 LA RIOJA","url":"https:\/\/laredlarioja.com.ar\/sitio\/","logo":{"@type":"ImageObject","inLanguage":"es","@id":"https:\/\/laredlarioja.com.ar\/sitio\/#\/schema\/logo\/image\/","url":"https:\/\/laredlarioja.com.ar\/sitio\/wp-content\/uploads\/2025\/05\/LOGO-LA-RED.png","contentUrl":"https:\/\/laredlarioja.com.ar\/sitio\/wp-content\/uploads\/2025\/05\/LOGO-LA-RED.png","width":193,"height":340,"caption":"LA RED 88.3 LA RIOJA"},"image":{"@id":"https:\/\/laredlarioja.com.ar\/sitio\/#\/schema\/logo\/image\/"},"sameAs":["https:\/\/www.facebook.com\/lared.larioja","https:\/\/x.com\/laredlarioja1","https:\/\/www.instagram.com\/lared_larioja\/"]},{"@type":"Person","@id":"https:\/\/laredlarioja.com.ar\/sitio\/#\/schema\/person\/31f88059d20c5cf06e974fd895aec56e","name":"Anabella Soria","url":"https:\/\/laredlarioja.com.ar\/sitio\/author\/asoria\/"}]}},"featured_image_urls":{"full":["https:\/\/laredlarioja.com.ar\/sitio\/wp-content\/uploads\/2023\/08\/749013921.jpg",1076,752,false],"thumbnail":["https:\/\/laredlarioja.com.ar\/sitio\/wp-content\/uploads\/2023\/08\/749013921-150x150.jpg",150,150,true],"medium":["https:\/\/laredlarioja.com.ar\/sitio\/wp-content\/uploads\/2023\/08\/749013921-300x210.jpg",300,210,true],"medium_large":["https:\/\/laredlarioja.com.ar\/sitio\/wp-content\/uploads\/2023\/08\/749013921-768x537.jpg",640,448,true],"large":["https:\/\/laredlarioja.com.ar\/sitio\/wp-content\/uploads\/2023\/08\/749013921-1024x716.jpg",640,448,true],"1536x1536":["https:\/\/laredlarioja.com.ar\/sitio\/wp-content\/uploads\/2023\/08\/749013921.jpg",1076,752,false],"2048x2048":["https:\/\/laredlarioja.com.ar\/sitio\/wp-content\/uploads\/2023\/08\/749013921.jpg",1076,752,false],"cvmm-medium":["https:\/\/laredlarioja.com.ar\/sitio\/wp-content\/uploads\/2023\/08\/749013921-300x300.jpg",300,300,true],"cvmm-medium-plus":["https:\/\/laredlarioja.com.ar\/sitio\/wp-content\/uploads\/2023\/08\/749013921-305x207.jpg",305,207,true],"cvmm-portrait":["https:\/\/laredlarioja.com.ar\/sitio\/wp-content\/uploads\/2023\/08\/749013921-400x600.jpg",400,600,true],"cvmm-medium-square":["https:\/\/laredlarioja.com.ar\/sitio\/wp-content\/uploads\/2023\/08\/749013921-600x600.jpg",600,600,true],"cvmm-large":["https:\/\/laredlarioja.com.ar\/sitio\/wp-content\/uploads\/2023\/08\/749013921-1024x752.jpg",1024,752,true],"cvmm-small":["https:\/\/laredlarioja.com.ar\/sitio\/wp-content\/uploads\/2023\/08\/749013921-130x95.jpg",130,95,true],"morenews-large":["https:\/\/laredlarioja.com.ar\/sitio\/wp-content\/uploads\/2023\/08\/749013921-825x575.jpg",825,575,true],"morenews-medium":["https:\/\/laredlarioja.com.ar\/sitio\/wp-content\/uploads\/2023\/08\/749013921-590x410.jpg",590,410,true]},"author_info":{"display_name":"Anabella Soria","author_link":"https:\/\/laredlarioja.com.ar\/sitio\/author\/asoria\/"},"category_info":"<a href=\"https:\/\/laredlarioja.com.ar\/sitio\/categorias\/locales\/\" rel=\"category tag\">Locales<\/a>","tag_info":"Locales","comment_count":"0","blog_post_layout_featured_media_urls":{"thumbnail":["https:\/\/laredlarioja.com.ar\/sitio\/wp-content\/uploads\/2023\/08\/749013921-150x150.jpg",150,150,true],"full":["https:\/\/laredlarioja.com.ar\/sitio\/wp-content\/uploads\/2023\/08\/749013921.jpg",1076,752,false]},"categories_names":{"94":{"name":"Locales","link":"https:\/\/laredlarioja.com.ar\/sitio\/categorias\/locales\/"}},"tags_names":[],"comments_number":"0","wpmagazine_modules_lite_featured_media_urls":{"thumbnail":["https:\/\/laredlarioja.com.ar\/sitio\/wp-content\/uploads\/2023\/08\/749013921-150x150.jpg",150,150,true],"cvmm-medium":["https:\/\/laredlarioja.com.ar\/sitio\/wp-content\/uploads\/2023\/08\/749013921-300x300.jpg",300,300,true],"cvmm-medium-plus":["https:\/\/laredlarioja.com.ar\/sitio\/wp-content\/uploads\/2023\/08\/749013921-305x207.jpg",305,207,true],"cvmm-portrait":["https:\/\/laredlarioja.com.ar\/sitio\/wp-content\/uploads\/2023\/08\/749013921-400x600.jpg",400,600,true],"cvmm-medium-square":["https:\/\/laredlarioja.com.ar\/sitio\/wp-content\/uploads\/2023\/08\/749013921-600x600.jpg",600,600,true],"cvmm-large":["https:\/\/laredlarioja.com.ar\/sitio\/wp-content\/uploads\/2023\/08\/749013921-1024x752.jpg",1024,752,true],"cvmm-small":["https:\/\/laredlarioja.com.ar\/sitio\/wp-content\/uploads\/2023\/08\/749013921-130x95.jpg",130,95,true],"full":["https:\/\/laredlarioja.com.ar\/sitio\/wp-content\/uploads\/2023\/08\/749013921.jpg",1076,752,false]},"_links":{"self":[{"href":"https:\/\/laredlarioja.com.ar\/sitio\/wp-json\/wp\/v2\/posts\/35221","targetHints":{"allow":["GET"]}}],"collection":[{"href":"https:\/\/laredlarioja.com.ar\/sitio\/wp-json\/wp\/v2\/posts"}],"about":[{"href":"https:\/\/laredlarioja.com.ar\/sitio\/wp-json\/wp\/v2\/types\/post"}],"author":[{"embeddable":true,"href":"https:\/\/laredlarioja.com.ar\/sitio\/wp-json\/wp\/v2\/users\/7"}],"replies":[{"embeddable":true,"href":"https:\/\/laredlarioja.com.ar\/sitio\/wp-json\/wp\/v2\/comments?post=35221"}],"version-history":[{"count":1,"href":"https:\/\/laredlarioja.com.ar\/sitio\/wp-json\/wp\/v2\/posts\/35221\/revisions"}],"predecessor-version":[{"id":35223,"href":"https:\/\/laredlarioja.com.ar\/sitio\/wp-json\/wp\/v2\/posts\/35221\/revisions\/35223"}],"wp:featuredmedia":[{"embeddable":true,"href":"https:\/\/laredlarioja.com.ar\/sitio\/wp-json\/wp\/v2\/media\/35222"}],"wp:attachment":[{"href":"https:\/\/laredlarioja.com.ar\/sitio\/wp-json\/wp\/v2\/media?parent=35221"}],"wp:term":[{"taxonomy":"category","embeddable":true,"href":"https:\/\/laredlarioja.com.ar\/sitio\/wp-json\/wp\/v2\/categories?post=35221"},{"taxonomy":"post_tag","embeddable":true,"href":"https:\/\/laredlarioja.com.ar\/sitio\/wp-json\/wp\/v2\/tags?post=35221"}],"curies":[{"name":"wp","href":"https:\/\/api.w.org\/{rel}","templated":true}]}}