{"id":35224,"date":"2023-08-24T22:36:20","date_gmt":"2023-08-24T22:36:20","guid":{"rendered":"https:\/\/laredlarioja.com.ar\/sitio\/?p=35224"},"modified":"2023-08-25T20:16:27","modified_gmt":"2023-08-25T20:16:27","slug":"el-polo-tecnologico-formo-el-ano-pasado-a-2-200-jovenes-y-este-ano-aspira-a-capacitar-a-6-000-estudiantes","status":"publish","type":"post","link":"https:\/\/laredlarioja.com.ar\/sitio\/el-polo-tecnologico-formo-el-ano-pasado-a-2-200-jovenes-y-este-ano-aspira-a-capacitar-a-6-000-estudiantes\/","title":{"rendered":"El Polo Tecnol\u00f3gico form\u00f3 el a\u00f1o pasado a 2.200 j\u00f3venes y este a\u00f1o aspira a capacitar a 6.000 estudiantes"},"content":{"rendered":"<p>Se encuentran abiertas las inscripciones para nuevos cursos de formaci\u00f3n en materia de Econom\u00eda del Conocimiento. Son totalmente gratuitos.<\/p>\n<p>&nbsp;<\/p>\n<p>En Radio <strong>La Red<\/strong> el ingeniero Hugo Vera, titular de la Secretar\u00eda de Ciencia y Tecnolog\u00eda, inform\u00f3 que ya se encuentran disponibles nuevas opciones de formaci\u00f3n gratuita para j\u00f3venes riojanos. En este sentido destac\u00f3 que por una firme decisi\u00f3n pol\u00edtica del Gobierno provincial, el Polo tecnol\u00f3gico ya capacit\u00f3 en 2022 a 2.200 j\u00f3venes y ahora aspiran a superar los 6 mil.<\/p>\n<blockquote><p>Son un total de 5 capacitaciones gratuitas:\u00a0<strong>Dise\u00f1o Web Full; Full Stack con Javascript; Java Avanzado; SQL Server; y Javascript.<\/strong><\/p><\/blockquote>\n<p>Los cursos son asincr\u00f3nicos, flexibles y permiten a los inscriptos acceder a los materiales de aprendizaje en cualquier momento y desde cualquier lugar, lo que facilita la participaci\u00f3n de profesionales con horarios ocupados. Adem\u00e1s, no existen restricciones de cupo, lo que garantiza que todos los interesados puedan beneficiarse.<\/p>\n<blockquote><p>De la misma manera tambi\u00e9n abrieron las inscripciones a cursos de inteligencia artificial, ingl\u00e9s t\u00e9cnico y Data Analytics, aunque en este caso hay cupos limitados hasta 70 peronas.<\/p><\/blockquote>\n<p><strong>Para acceder los interesados pueden inscribirse en el sitio web de\u00a0<a href=\"https:\/\/polotec.ar\/campus\/\">Polotec.ar<\/a><\/strong> o bien concurrir al polo en el horario de 8 a 22 horas. El \u00fanico requisito es ser mayor de 18 a\u00f1os y no se requieren conocimientos previos.<\/p>\n<p>\u201cUna oportunidad para potenciar las habilidades y conocimientos de profesionales y entusiastas de la tecnolog\u00eda\u201d, remarcaron desde la secretar\u00eda, dependiente del Ministerio de Trabajo, Empleo e Industria, en un trabajo conjunto con la C\u00e1mara de la Industria Argentina del Software (CESSI).<\/p>\n","protected":false},"excerpt":{"rendered":"<p>Se encuentran abiertas las inscripciones para nuevos cursos de formaci\u00f3n en materia de Econom\u00eda del Conocimiento. Son totalmente<\/p>\n","protected":false},"author":10,"featured_media":35225,"comment_status":"closed","ping_status":"open","sticky":false,"template":"","format":"standard","meta":{"footnotes":""},"categories":[24,100],"tags":[],"class_list":["post-35224","post","type-post","status-publish","format-standard","has-post-thumbnail","hentry","category-informacion-general","category-tapa"],"yoast_head":"<!-- This site is optimized with the Yoast SEO plugin v27.4 - https:\/\/yoast.com\/product\/yoast-seo-wordpress\/ -->\n<title>El Polo Tecnol\u00f3gico form\u00f3 el a\u00f1o pasado a 2.200 j\u00f3venes y este a\u00f1o aspira a capacitar a 6.000 estudiantes - LA RED 88.3 LA RIOJA<\/title>\n<meta name=\"robots\" content=\"index, follow, max-snippet:-1, max-image-preview:large, max-video-preview:-1\" \/>\n<link rel=\"canonical\" href=\"https:\/\/laredlarioja.com.ar\/sitio\/el-polo-tecnologico-formo-el-ano-pasado-a-2-200-jovenes-y-este-ano-aspira-a-capacitar-a-6-000-estudiantes\/\" \/>\n<meta property=\"og:locale\" content=\"es_ES\" \/>\n<meta property=\"og:type\" content=\"article\" \/>\n<meta property=\"og:title\" content=\"El Polo Tecnol\u00f3gico form\u00f3 el a\u00f1o pasado a 2.200 j\u00f3venes y este a\u00f1o aspira a capacitar a 6.000 estudiantes - LA RED 88.3 LA RIOJA\" \/>\n<meta property=\"og:description\" content=\"Se encuentran abiertas las inscripciones para nuevos cursos de formaci\u00f3n en materia de Econom\u00eda del Conocimiento. Son totalmente\" \/>\n<meta property=\"og:url\" content=\"https:\/\/laredlarioja.com.ar\/sitio\/el-polo-tecnologico-formo-el-ano-pasado-a-2-200-jovenes-y-este-ano-aspira-a-capacitar-a-6-000-estudiantes\/\" \/>\n<meta property=\"og:site_name\" content=\"LA RED 88.3 LA RIOJA\" \/>\n<meta property=\"article:publisher\" content=\"https:\/\/www.facebook.com\/lared.larioja\" \/>\n<meta property=\"article:published_time\" content=\"2023-08-24T22:36:20+00:00\" \/>\n<meta property=\"article:modified_time\" content=\"2023-08-25T20:16:27+00:00\" \/>\n<meta property=\"og:image\" content=\"https:\/\/laredlarioja.com.ar\/sitio\/wp-content\/uploads\/2023\/08\/polotec.png\" \/>\n\t<meta property=\"og:image:width\" content=\"755\" \/>\n\t<meta property=\"og:image:height\" content=\"570\" \/>\n\t<meta property=\"og:image:type\" content=\"image\/png\" \/>\n<meta name=\"author\" content=\"La Red\" \/>\n<meta name=\"twitter:card\" content=\"summary_large_image\" \/>\n<meta name=\"twitter:creator\" content=\"@laredlarioja1\" \/>\n<meta name=\"twitter:site\" content=\"@laredlarioja1\" \/>\n<meta name=\"twitter:label1\" content=\"Escrito por\" \/>\n\t<meta name=\"twitter:data1\" content=\"La Red\" \/>\n\t<meta name=\"twitter:label2\" content=\"Tiempo de lectura\" \/>\n\t<meta name=\"twitter:data2\" content=\"1 minuto\" \/>\n<script type=\"application\/ld+json\" class=\"yoast-schema-graph\">{\"@context\":\"https:\\\/\\\/schema.org\",\"@graph\":[{\"@type\":\"Article\",\"@id\":\"https:\\\/\\\/laredlarioja.com.ar\\\/sitio\\\/el-polo-tecnologico-formo-el-ano-pasado-a-2-200-jovenes-y-este-ano-aspira-a-capacitar-a-6-000-estudiantes\\\/#article\",\"isPartOf\":{\"@id\":\"https:\\\/\\\/laredlarioja.com.ar\\\/sitio\\\/el-polo-tecnologico-formo-el-ano-pasado-a-2-200-jovenes-y-este-ano-aspira-a-capacitar-a-6-000-estudiantes\\\/\"},\"author\":{\"name\":\"La Red\",\"@id\":\"https:\\\/\\\/laredlarioja.com.ar\\\/sitio\\\/#\\\/schema\\\/person\\\/f1e213867beccedaaa4fb548d9259d9a\"},\"headline\":\"El Polo Tecnol\u00f3gico form\u00f3 el a\u00f1o pasado a 2.200 j\u00f3venes y este a\u00f1o aspira a capacitar a 6.000 estudiantes\",\"datePublished\":\"2023-08-24T22:36:20+00:00\",\"dateModified\":\"2023-08-25T20:16:27+00:00\",\"mainEntityOfPage\":{\"@id\":\"https:\\\/\\\/laredlarioja.com.ar\\\/sitio\\\/el-polo-tecnologico-formo-el-ano-pasado-a-2-200-jovenes-y-este-ano-aspira-a-capacitar-a-6-000-estudiantes\\\/\"},\"wordCount\":293,\"publisher\":{\"@id\":\"https:\\\/\\\/laredlarioja.com.ar\\\/sitio\\\/#organization\"},\"image\":{\"@id\":\"https:\\\/\\\/laredlarioja.com.ar\\\/sitio\\\/el-polo-tecnologico-formo-el-ano-pasado-a-2-200-jovenes-y-este-ano-aspira-a-capacitar-a-6-000-estudiantes\\\/#primaryimage\"},\"thumbnailUrl\":\"https:\\\/\\\/laredlarioja.com.ar\\\/sitio\\\/wp-content\\\/uploads\\\/2023\\\/08\\\/polotec.png\",\"articleSection\":[\"Informaci\u00f3n General\",\"Tapa\"],\"inLanguage\":\"es\"},{\"@type\":\"WebPage\",\"@id\":\"https:\\\/\\\/laredlarioja.com.ar\\\/sitio\\\/el-polo-tecnologico-formo-el-ano-pasado-a-2-200-jovenes-y-este-ano-aspira-a-capacitar-a-6-000-estudiantes\\\/\",\"url\":\"https:\\\/\\\/laredlarioja.com.ar\\\/sitio\\\/el-polo-tecnologico-formo-el-ano-pasado-a-2-200-jovenes-y-este-ano-aspira-a-capacitar-a-6-000-estudiantes\\\/\",\"name\":\"El Polo Tecnol\u00f3gico form\u00f3 el a\u00f1o pasado a 2.200 j\u00f3venes y este a\u00f1o aspira a capacitar a 6.000 estudiantes - LA RED 88.3 LA RIOJA\",\"isPartOf\":{\"@id\":\"https:\\\/\\\/laredlarioja.com.ar\\\/sitio\\\/#website\"},\"primaryImageOfPage\":{\"@id\":\"https:\\\/\\\/laredlarioja.com.ar\\\/sitio\\\/el-polo-tecnologico-formo-el-ano-pasado-a-2-200-jovenes-y-este-ano-aspira-a-capacitar-a-6-000-estudiantes\\\/#primaryimage\"},\"image\":{\"@id\":\"https:\\\/\\\/laredlarioja.com.ar\\\/sitio\\\/el-polo-tecnologico-formo-el-ano-pasado-a-2-200-jovenes-y-este-ano-aspira-a-capacitar-a-6-000-estudiantes\\\/#primaryimage\"},\"thumbnailUrl\":\"https:\\\/\\\/laredlarioja.com.ar\\\/sitio\\\/wp-content\\\/uploads\\\/2023\\\/08\\\/polotec.png\",\"datePublished\":\"2023-08-24T22:36:20+00:00\",\"dateModified\":\"2023-08-25T20:16:27+00:00\",\"breadcrumb\":{\"@id\":\"https:\\\/\\\/laredlarioja.com.ar\\\/sitio\\\/el-polo-tecnologico-formo-el-ano-pasado-a-2-200-jovenes-y-este-ano-aspira-a-capacitar-a-6-000-estudiantes\\\/#breadcrumb\"},\"inLanguage\":\"es\",\"potentialAction\":[{\"@type\":\"ReadAction\",\"target\":[\"https:\\\/\\\/laredlarioja.com.ar\\\/sitio\\\/el-polo-tecnologico-formo-el-ano-pasado-a-2-200-jovenes-y-este-ano-aspira-a-capacitar-a-6-000-estudiantes\\\/\"]}]},{\"@type\":\"ImageObject\",\"inLanguage\":\"es\",\"@id\":\"https:\\\/\\\/laredlarioja.com.ar\\\/sitio\\\/el-polo-tecnologico-formo-el-ano-pasado-a-2-200-jovenes-y-este-ano-aspira-a-capacitar-a-6-000-estudiantes\\\/#primaryimage\",\"url\":\"https:\\\/\\\/laredlarioja.com.ar\\\/sitio\\\/wp-content\\\/uploads\\\/2023\\\/08\\\/polotec.png\",\"contentUrl\":\"https:\\\/\\\/laredlarioja.com.ar\\\/sitio\\\/wp-content\\\/uploads\\\/2023\\\/08\\\/polotec.png\",\"width\":755,\"height\":570},{\"@type\":\"BreadcrumbList\",\"@id\":\"https:\\\/\\\/laredlarioja.com.ar\\\/sitio\\\/el-polo-tecnologico-formo-el-ano-pasado-a-2-200-jovenes-y-este-ano-aspira-a-capacitar-a-6-000-estudiantes\\\/#breadcrumb\",\"itemListElement\":[{\"@type\":\"ListItem\",\"position\":1,\"name\":\"Portada\",\"item\":\"https:\\\/\\\/laredlarioja.com.ar\\\/sitio\\\/\"},{\"@type\":\"ListItem\",\"position\":2,\"name\":\"El Polo Tecnol\u00f3gico form\u00f3 el a\u00f1o pasado a 2.200 j\u00f3venes y este a\u00f1o aspira a capacitar a 6.000 estudiantes\"}]},{\"@type\":\"WebSite\",\"@id\":\"https:\\\/\\\/laredlarioja.com.ar\\\/sitio\\\/#website\",\"url\":\"https:\\\/\\\/laredlarioja.com.ar\\\/sitio\\\/\",\"name\":\"LA RED 88.3 LA RIOJA\",\"description\":\"Sitio de Noticias\",\"publisher\":{\"@id\":\"https:\\\/\\\/laredlarioja.com.ar\\\/sitio\\\/#organization\"},\"potentialAction\":[{\"@type\":\"SearchAction\",\"target\":{\"@type\":\"EntryPoint\",\"urlTemplate\":\"https:\\\/\\\/laredlarioja.com.ar\\\/sitio\\\/?s={search_term_string}\"},\"query-input\":{\"@type\":\"PropertyValueSpecification\",\"valueRequired\":true,\"valueName\":\"search_term_string\"}}],\"inLanguage\":\"es\"},{\"@type\":\"Organization\",\"@id\":\"https:\\\/\\\/laredlarioja.com.ar\\\/sitio\\\/#organization\",\"name\":\"LA RED 88.3 LA RIOJA\",\"url\":\"https:\\\/\\\/laredlarioja.com.ar\\\/sitio\\\/\",\"logo\":{\"@type\":\"ImageObject\",\"inLanguage\":\"es\",\"@id\":\"https:\\\/\\\/laredlarioja.com.ar\\\/sitio\\\/#\\\/schema\\\/logo\\\/image\\\/\",\"url\":\"https:\\\/\\\/laredlarioja.com.ar\\\/sitio\\\/wp-content\\\/uploads\\\/2025\\\/05\\\/LOGO-LA-RED.png\",\"contentUrl\":\"https:\\\/\\\/laredlarioja.com.ar\\\/sitio\\\/wp-content\\\/uploads\\\/2025\\\/05\\\/LOGO-LA-RED.png\",\"width\":193,\"height\":340,\"caption\":\"LA RED 88.3 LA RIOJA\"},\"image\":{\"@id\":\"https:\\\/\\\/laredlarioja.com.ar\\\/sitio\\\/#\\\/schema\\\/logo\\\/image\\\/\"},\"sameAs\":[\"https:\\\/\\\/www.facebook.com\\\/lared.larioja\",\"https:\\\/\\\/x.com\\\/laredlarioja1\",\"https:\\\/\\\/www.instagram.com\\\/lared_larioja\\\/\"]},{\"@type\":\"Person\",\"@id\":\"https:\\\/\\\/laredlarioja.com.ar\\\/sitio\\\/#\\\/schema\\\/person\\\/f1e213867beccedaaa4fb548d9259d9a\",\"name\":\"La Red\",\"url\":\"https:\\\/\\\/laredlarioja.com.ar\\\/sitio\\\/author\\\/lared\\\/\"}]}<\/script>\n<!-- \/ Yoast SEO plugin. -->","yoast_head_json":{"title":"El Polo Tecnol\u00f3gico form\u00f3 el a\u00f1o pasado a 2.200 j\u00f3venes y este a\u00f1o aspira a capacitar a 6.000 estudiantes - LA RED 88.3 LA RIOJA","robots":{"index":"index","follow":"follow","max-snippet":"max-snippet:-1","max-image-preview":"max-image-preview:large","max-video-preview":"max-video-preview:-1"},"canonical":"https:\/\/laredlarioja.com.ar\/sitio\/el-polo-tecnologico-formo-el-ano-pasado-a-2-200-jovenes-y-este-ano-aspira-a-capacitar-a-6-000-estudiantes\/","og_locale":"es_ES","og_type":"article","og_title":"El Polo Tecnol\u00f3gico form\u00f3 el a\u00f1o pasado a 2.200 j\u00f3venes y este a\u00f1o aspira a capacitar a 6.000 estudiantes - LA RED 88.3 LA RIOJA","og_description":"Se encuentran abiertas las inscripciones para nuevos cursos de formaci\u00f3n en materia de Econom\u00eda del Conocimiento. Son totalmente","og_url":"https:\/\/laredlarioja.com.ar\/sitio\/el-polo-tecnologico-formo-el-ano-pasado-a-2-200-jovenes-y-este-ano-aspira-a-capacitar-a-6-000-estudiantes\/","og_site_name":"LA RED 88.3 LA RIOJA","article_publisher":"https:\/\/www.facebook.com\/lared.larioja","article_published_time":"2023-08-24T22:36:20+00:00","article_modified_time":"2023-08-25T20:16:27+00:00","og_image":[{"width":755,"height":570,"url":"https:\/\/laredlarioja.com.ar\/sitio\/wp-content\/uploads\/2023\/08\/polotec.png","type":"image\/png"}],"author":"La Red","twitter_card":"summary_large_image","twitter_creator":"@laredlarioja1","twitter_site":"@laredlarioja1","twitter_misc":{"Escrito por":"La Red","Tiempo de lectura":"1 minuto"},"schema":{"@context":"https:\/\/schema.org","@graph":[{"@type":"Article","@id":"https:\/\/laredlarioja.com.ar\/sitio\/el-polo-tecnologico-formo-el-ano-pasado-a-2-200-jovenes-y-este-ano-aspira-a-capacitar-a-6-000-estudiantes\/#article","isPartOf":{"@id":"https:\/\/laredlarioja.com.ar\/sitio\/el-polo-tecnologico-formo-el-ano-pasado-a-2-200-jovenes-y-este-ano-aspira-a-capacitar-a-6-000-estudiantes\/"},"author":{"name":"La Red","@id":"https:\/\/laredlarioja.com.ar\/sitio\/#\/schema\/person\/f1e213867beccedaaa4fb548d9259d9a"},"headline":"El Polo Tecnol\u00f3gico form\u00f3 el a\u00f1o pasado a 2.200 j\u00f3venes y este a\u00f1o aspira a capacitar a 6.000 estudiantes","datePublished":"2023-08-24T22:36:20+00:00","dateModified":"2023-08-25T20:16:27+00:00","mainEntityOfPage":{"@id":"https:\/\/laredlarioja.com.ar\/sitio\/el-polo-tecnologico-formo-el-ano-pasado-a-2-200-jovenes-y-este-ano-aspira-a-capacitar-a-6-000-estudiantes\/"},"wordCount":293,"publisher":{"@id":"https:\/\/laredlarioja.com.ar\/sitio\/#organization"},"image":{"@id":"https:\/\/laredlarioja.com.ar\/sitio\/el-polo-tecnologico-formo-el-ano-pasado-a-2-200-jovenes-y-este-ano-aspira-a-capacitar-a-6-000-estudiantes\/#primaryimage"},"thumbnailUrl":"https:\/\/laredlarioja.com.ar\/sitio\/wp-content\/uploads\/2023\/08\/polotec.png","articleSection":["Informaci\u00f3n General","Tapa"],"inLanguage":"es"},{"@type":"WebPage","@id":"https:\/\/laredlarioja.com.ar\/sitio\/el-polo-tecnologico-formo-el-ano-pasado-a-2-200-jovenes-y-este-ano-aspira-a-capacitar-a-6-000-estudiantes\/","url":"https:\/\/laredlarioja.com.ar\/sitio\/el-polo-tecnologico-formo-el-ano-pasado-a-2-200-jovenes-y-este-ano-aspira-a-capacitar-a-6-000-estudiantes\/","name":"El Polo Tecnol\u00f3gico form\u00f3 el a\u00f1o pasado a 2.200 j\u00f3venes y este a\u00f1o aspira a capacitar a 6.000 estudiantes - LA RED 88.3 LA RIOJA","isPartOf":{"@id":"https:\/\/laredlarioja.com.ar\/sitio\/#website"},"primaryImageOfPage":{"@id":"https:\/\/laredlarioja.com.ar\/sitio\/el-polo-tecnologico-formo-el-ano-pasado-a-2-200-jovenes-y-este-ano-aspira-a-capacitar-a-6-000-estudiantes\/#primaryimage"},"image":{"@id":"https:\/\/laredlarioja.com.ar\/sitio\/el-polo-tecnologico-formo-el-ano-pasado-a-2-200-jovenes-y-este-ano-aspira-a-capacitar-a-6-000-estudiantes\/#primaryimage"},"thumbnailUrl":"https:\/\/laredlarioja.com.ar\/sitio\/wp-content\/uploads\/2023\/08\/polotec.png","datePublished":"2023-08-24T22:36:20+00:00","dateModified":"2023-08-25T20:16:27+00:00","breadcrumb":{"@id":"https:\/\/laredlarioja.com.ar\/sitio\/el-polo-tecnologico-formo-el-ano-pasado-a-2-200-jovenes-y-este-ano-aspira-a-capacitar-a-6-000-estudiantes\/#breadcrumb"},"inLanguage":"es","potentialAction":[{"@type":"ReadAction","target":["https:\/\/laredlarioja.com.ar\/sitio\/el-polo-tecnologico-formo-el-ano-pasado-a-2-200-jovenes-y-este-ano-aspira-a-capacitar-a-6-000-estudiantes\/"]}]},{"@type":"ImageObject","inLanguage":"es","@id":"https:\/\/laredlarioja.com.ar\/sitio\/el-polo-tecnologico-formo-el-ano-pasado-a-2-200-jovenes-y-este-ano-aspira-a-capacitar-a-6-000-estudiantes\/#primaryimage","url":"https:\/\/laredlarioja.com.ar\/sitio\/wp-content\/uploads\/2023\/08\/polotec.png","contentUrl":"https:\/\/laredlarioja.com.ar\/sitio\/wp-content\/uploads\/2023\/08\/polotec.png","width":755,"height":570},{"@type":"BreadcrumbList","@id":"https:\/\/laredlarioja.com.ar\/sitio\/el-polo-tecnologico-formo-el-ano-pasado-a-2-200-jovenes-y-este-ano-aspira-a-capacitar-a-6-000-estudiantes\/#breadcrumb","itemListElement":[{"@type":"ListItem","position":1,"name":"Portada","item":"https:\/\/laredlarioja.com.ar\/sitio\/"},{"@type":"ListItem","position":2,"name":"El Polo Tecnol\u00f3gico form\u00f3 el a\u00f1o pasado a 2.200 j\u00f3venes y este a\u00f1o aspira a capacitar a 6.000 estudiantes"}]},{"@type":"WebSite","@id":"https:\/\/laredlarioja.com.ar\/sitio\/#website","url":"https:\/\/laredlarioja.com.ar\/sitio\/","name":"LA RED 88.3 LA RIOJA","description":"Sitio de Noticias","publisher":{"@id":"https:\/\/laredlarioja.com.ar\/sitio\/#organization"},"potentialAction":[{"@type":"SearchAction","target":{"@type":"EntryPoint","urlTemplate":"https:\/\/laredlarioja.com.ar\/sitio\/?s={search_term_string}"},"query-input":{"@type":"PropertyValueSpecification","valueRequired":true,"valueName":"search_term_string"}}],"inLanguage":"es"},{"@type":"Organization","@id":"https:\/\/laredlarioja.com.ar\/sitio\/#organization","name":"LA RED 88.3 LA RIOJA","url":"https:\/\/laredlarioja.com.ar\/sitio\/","logo":{"@type":"ImageObject","inLanguage":"es","@id":"https:\/\/laredlarioja.com.ar\/sitio\/#\/schema\/logo\/image\/","url":"https:\/\/laredlarioja.com.ar\/sitio\/wp-content\/uploads\/2025\/05\/LOGO-LA-RED.png","contentUrl":"https:\/\/laredlarioja.com.ar\/sitio\/wp-content\/uploads\/2025\/05\/LOGO-LA-RED.png","width":193,"height":340,"caption":"LA RED 88.3 LA RIOJA"},"image":{"@id":"https:\/\/laredlarioja.com.ar\/sitio\/#\/schema\/logo\/image\/"},"sameAs":["https:\/\/www.facebook.com\/lared.larioja","https:\/\/x.com\/laredlarioja1","https:\/\/www.instagram.com\/lared_larioja\/"]},{"@type":"Person","@id":"https:\/\/laredlarioja.com.ar\/sitio\/#\/schema\/person\/f1e213867beccedaaa4fb548d9259d9a","name":"La Red","url":"https:\/\/laredlarioja.com.ar\/sitio\/author\/lared\/"}]}},"featured_image_urls":{"full":["https:\/\/laredlarioja.com.ar\/sitio\/wp-content\/uploads\/2023\/08\/polotec.png",755,570,false],"thumbnail":["https:\/\/laredlarioja.com.ar\/sitio\/wp-content\/uploads\/2023\/08\/polotec-150x150.png",150,150,true],"medium":["https:\/\/laredlarioja.com.ar\/sitio\/wp-content\/uploads\/2023\/08\/polotec-300x226.png",300,226,true],"medium_large":["https:\/\/laredlarioja.com.ar\/sitio\/wp-content\/uploads\/2023\/08\/polotec.png",640,483,false],"large":["https:\/\/laredlarioja.com.ar\/sitio\/wp-content\/uploads\/2023\/08\/polotec.png",640,483,false],"1536x1536":["https:\/\/laredlarioja.com.ar\/sitio\/wp-content\/uploads\/2023\/08\/polotec.png",755,570,false],"2048x2048":["https:\/\/laredlarioja.com.ar\/sitio\/wp-content\/uploads\/2023\/08\/polotec.png",755,570,false],"cvmm-medium":["https:\/\/laredlarioja.com.ar\/sitio\/wp-content\/uploads\/2023\/08\/polotec-300x300.png",300,300,true],"cvmm-medium-plus":["https:\/\/laredlarioja.com.ar\/sitio\/wp-content\/uploads\/2023\/08\/polotec-305x207.png",305,207,true],"cvmm-portrait":["https:\/\/laredlarioja.com.ar\/sitio\/wp-content\/uploads\/2023\/08\/polotec-400x570.png",400,570,true],"cvmm-medium-square":["https:\/\/laredlarioja.com.ar\/sitio\/wp-content\/uploads\/2023\/08\/polotec-600x570.png",600,570,true],"cvmm-large":["https:\/\/laredlarioja.com.ar\/sitio\/wp-content\/uploads\/2023\/08\/polotec.png",755,570,false],"cvmm-small":["https:\/\/laredlarioja.com.ar\/sitio\/wp-content\/uploads\/2023\/08\/polotec-130x95.png",130,95,true],"morenews-large":["https:\/\/laredlarioja.com.ar\/sitio\/wp-content\/uploads\/2023\/08\/polotec.png",755,570,false],"morenews-medium":["https:\/\/laredlarioja.com.ar\/sitio\/wp-content\/uploads\/2023\/08\/polotec-590x410.png",590,410,true]},"author_info":{"display_name":"La Red","author_link":"https:\/\/laredlarioja.com.ar\/sitio\/author\/lared\/"},"category_info":"<a href=\"https:\/\/laredlarioja.com.ar\/sitio\/categorias\/informacion-general\/\" rel=\"category tag\">Informaci\u00f3n General<\/a> <a href=\"https:\/\/laredlarioja.com.ar\/sitio\/categorias\/tapa\/\" rel=\"category tag\">Tapa<\/a>","tag_info":"Tapa","comment_count":"0","blog_post_layout_featured_media_urls":{"thumbnail":["https:\/\/laredlarioja.com.ar\/sitio\/wp-content\/uploads\/2023\/08\/polotec-150x150.png",150,150,true],"full":["https:\/\/laredlarioja.com.ar\/sitio\/wp-content\/uploads\/2023\/08\/polotec.png",755,570,false]},"categories_names":{"24":{"name":"Informaci\u00f3n General","link":"https:\/\/laredlarioja.com.ar\/sitio\/categorias\/informacion-general\/"},"100":{"name":"Tapa","link":"https:\/\/laredlarioja.com.ar\/sitio\/categorias\/tapa\/"}},"tags_names":[],"comments_number":"0","wpmagazine_modules_lite_featured_media_urls":{"thumbnail":["https:\/\/laredlarioja.com.ar\/sitio\/wp-content\/uploads\/2023\/08\/polotec-150x150.png",150,150,true],"cvmm-medium":["https:\/\/laredlarioja.com.ar\/sitio\/wp-content\/uploads\/2023\/08\/polotec-300x300.png",300,300,true],"cvmm-medium-plus":["https:\/\/laredlarioja.com.ar\/sitio\/wp-content\/uploads\/2023\/08\/polotec-305x207.png",305,207,true],"cvmm-portrait":["https:\/\/laredlarioja.com.ar\/sitio\/wp-content\/uploads\/2023\/08\/polotec-400x570.png",400,570,true],"cvmm-medium-square":["https:\/\/laredlarioja.com.ar\/sitio\/wp-content\/uploads\/2023\/08\/polotec-600x570.png",600,570,true],"cvmm-large":["https:\/\/laredlarioja.com.ar\/sitio\/wp-content\/uploads\/2023\/08\/polotec.png",755,570,false],"cvmm-small":["https:\/\/laredlarioja.com.ar\/sitio\/wp-content\/uploads\/2023\/08\/polotec-130x95.png",130,95,true],"full":["https:\/\/laredlarioja.com.ar\/sitio\/wp-content\/uploads\/2023\/08\/polotec.png",755,570,false]},"_links":{"self":[{"href":"https:\/\/laredlarioja.com.ar\/sitio\/wp-json\/wp\/v2\/posts\/35224","targetHints":{"allow":["GET"]}}],"collection":[{"href":"https:\/\/laredlarioja.com.ar\/sitio\/wp-json\/wp\/v2\/posts"}],"about":[{"href":"https:\/\/laredlarioja.com.ar\/sitio\/wp-json\/wp\/v2\/types\/post"}],"author":[{"embeddable":true,"href":"https:\/\/laredlarioja.com.ar\/sitio\/wp-json\/wp\/v2\/users\/10"}],"replies":[{"embeddable":true,"href":"https:\/\/laredlarioja.com.ar\/sitio\/wp-json\/wp\/v2\/comments?post=35224"}],"version-history":[{"count":1,"href":"https:\/\/laredlarioja.com.ar\/sitio\/wp-json\/wp\/v2\/posts\/35224\/revisions"}],"predecessor-version":[{"id":35226,"href":"https:\/\/laredlarioja.com.ar\/sitio\/wp-json\/wp\/v2\/posts\/35224\/revisions\/35226"}],"wp:featuredmedia":[{"embeddable":true,"href":"https:\/\/laredlarioja.com.ar\/sitio\/wp-json\/wp\/v2\/media\/35225"}],"wp:attachment":[{"href":"https:\/\/laredlarioja.com.ar\/sitio\/wp-json\/wp\/v2\/media?parent=35224"}],"wp:term":[{"taxonomy":"category","embeddable":true,"href":"https:\/\/laredlarioja.com.ar\/sitio\/wp-json\/wp\/v2\/categories?post=35224"},{"taxonomy":"post_tag","embeddable":true,"href":"https:\/\/laredlarioja.com.ar\/sitio\/wp-json\/wp\/v2\/tags?post=35224"}],"curies":[{"name":"wp","href":"https:\/\/api.w.org\/{rel}","templated":true}]}}