{"id":35474,"date":"2023-08-30T19:26:01","date_gmt":"2023-08-30T19:26:01","guid":{"rendered":"https:\/\/laredlarioja.com.ar\/sitio\/?p=35474"},"modified":"2023-08-31T13:26:26","modified_gmt":"2023-08-31T13:26:26","slug":"la-rioja-se-prepara-para-la-9-edicion-del-festival-de-musica-clasica-y-latinoamericana","status":"publish","type":"post","link":"https:\/\/laredlarioja.com.ar\/sitio\/la-rioja-se-prepara-para-la-9-edicion-del-festival-de-musica-clasica-y-latinoamericana\/","title":{"rendered":"La Rioja se prepara para la 9\u00b0 edici\u00f3n del Festival de M\u00fasica Cl\u00e1sica y Latinoamericana"},"content":{"rendered":"<p>Este esperado evento tendr\u00e1 lugar del 5 al 9 de septiembre. Habr\u00e1 talleres, charlas y conciertos.<\/p>\n<p>La profesora de m\u00fasica y pianista, Cecilia Reynoso, cont\u00f3 a <strong>Radio La Red<\/strong> que en esta oportunidad el Festival de estar\u00e1 dedicado tanto a la formaci\u00f3n como a los conciertos para el p\u00fablico en general.<\/p>\n<p>\u00abSomos una provincia muy rica en artistas, m\u00fasicos que han trascendido las fronteras, pero siempre de la m\u00fasica folcl\u00f3rica, popular. <strong>Es una deuda pendiente tener un espacio para quienes nos dedicamos a la m\u00fasica acad\u00e9mica<\/strong>\u00ab, sostuvo la profesora, quien adem\u00e1s se desempe\u00f1a como presidenta de la Asociaci\u00f3n Cl\u00e1sica Riojana.<\/p>\n<p>Este festival ya se instal\u00f3 en el mes de septiembre. \u00abEs un logro que nos pone muy orgullosos porque el objetivo es ese, desmitificar que la musica cl\u00e1sica es solo para una \u00e9lite o un grupo reducido de p\u00fablico. El arte es emoci\u00f3n, tiene que llegar y es masivo, es para todos\u00bb, asegur\u00f3.<\/p>\n<p>En cuanto a la parte formativa, indic\u00f3 que habr\u00e1 talleres de clarinete, saxof\u00f3n, viol\u00edn, viola, violenchello y contrabajo, adem\u00e1s de una masterclass de t\u00e9cnica vocal y canto. Estos son los \u00faltimos d\u00edas de inscripci\u00f3n y el link para los interesados se encuentra disponible en sus redes sociales. Vienen docentes de C\u00f3rdoba, Mendoza y La Plata<\/p>\n<p>En cuanto a los conciertos, los mismos se desarrollar\u00e1n de martes a domingo. La apertura ser\u00e1 vocal, con cantantes invitados, mientras que el mi\u00e9rcoles habr\u00e1 un tr\u00edo de c\u00e1mara de San Juan.<\/p>\n<p>El jueves en la biblioteca Mariano Moreno tendr\u00e1 lugar un concierto de saxof\u00f3n y piano,y el viernes presentar\u00e1n lo trabajado en el taller de clarinete en el archivo hist\u00f3rico.<\/p>\n<p>Finalmente el s\u00e1bado habr\u00e1 otra muestra con lo que se trabaj\u00f3 en talleres de cuerdas y saxof\u00f3n, para que no quede solo en un aulas, sino que el p\u00fablico tambi\u00e9n pueda disfrutarlo<\/p>\n<p style=\"padding-left: 40px;\">En las redes del festival y de la Asociaci\u00f3n Cl\u00e1sica Riojana puede encontrarse toda la informaci\u00f3n y los links de inscripci\u00f3n.<\/p>\n","protected":false},"excerpt":{"rendered":"<p>Este esperado evento tendr\u00e1 lugar del 5 al 9 de septiembre. Habr\u00e1 talleres, charlas y conciertos. La profesora<\/p>\n","protected":false},"author":10,"featured_media":35475,"comment_status":"closed","ping_status":"open","sticky":false,"template":"","format":"standard","meta":{"footnotes":""},"categories":[27],"tags":[],"class_list":["post-35474","post","type-post","status-publish","format-standard","has-post-thumbnail","hentry","category-cultura-y-espectaculos"],"yoast_head":"<!-- This site is optimized with the Yoast SEO plugin v27.4 - https:\/\/yoast.com\/product\/yoast-seo-wordpress\/ -->\n<title>La Rioja se prepara para la 9\u00b0 edici\u00f3n del Festival de M\u00fasica Cl\u00e1sica y Latinoamericana - LA RED 88.3 LA RIOJA<\/title>\n<meta name=\"robots\" content=\"index, follow, max-snippet:-1, max-image-preview:large, max-video-preview:-1\" \/>\n<link rel=\"canonical\" href=\"https:\/\/laredlarioja.com.ar\/sitio\/la-rioja-se-prepara-para-la-9-edicion-del-festival-de-musica-clasica-y-latinoamericana\/\" \/>\n<meta property=\"og:locale\" content=\"es_ES\" \/>\n<meta property=\"og:type\" content=\"article\" \/>\n<meta property=\"og:title\" content=\"La Rioja se prepara para la 9\u00b0 edici\u00f3n del Festival de M\u00fasica Cl\u00e1sica y Latinoamericana - LA RED 88.3 LA RIOJA\" \/>\n<meta property=\"og:description\" content=\"Este esperado evento tendr\u00e1 lugar del 5 al 9 de septiembre. Habr\u00e1 talleres, charlas y conciertos. La profesora\" \/>\n<meta property=\"og:url\" content=\"https:\/\/laredlarioja.com.ar\/sitio\/la-rioja-se-prepara-para-la-9-edicion-del-festival-de-musica-clasica-y-latinoamericana\/\" \/>\n<meta property=\"og:site_name\" content=\"LA RED 88.3 LA RIOJA\" \/>\n<meta property=\"article:publisher\" content=\"https:\/\/www.facebook.com\/lared.larioja\" \/>\n<meta property=\"article:published_time\" content=\"2023-08-30T19:26:01+00:00\" \/>\n<meta property=\"article:modified_time\" content=\"2023-08-31T13:26:26+00:00\" \/>\n<meta property=\"og:image\" content=\"https:\/\/laredlarioja.com.ar\/sitio\/wp-content\/uploads\/2023\/08\/musicos-concierto-musica-clasica-tocando-violines_47726-5136-e1663033973463.jpg\" \/>\n\t<meta property=\"og:image:width\" content=\"2000\" \/>\n\t<meta property=\"og:image:height\" content=\"1095\" \/>\n\t<meta property=\"og:image:type\" content=\"image\/jpeg\" \/>\n<meta name=\"author\" content=\"La Red\" \/>\n<meta name=\"twitter:card\" content=\"summary_large_image\" \/>\n<meta name=\"twitter:creator\" content=\"@laredlarioja1\" \/>\n<meta name=\"twitter:site\" content=\"@laredlarioja1\" \/>\n<meta name=\"twitter:label1\" content=\"Escrito por\" \/>\n\t<meta name=\"twitter:data1\" content=\"La Red\" \/>\n\t<meta name=\"twitter:label2\" content=\"Tiempo de lectura\" \/>\n\t<meta name=\"twitter:data2\" content=\"2 minutos\" \/>\n<script type=\"application\/ld+json\" class=\"yoast-schema-graph\">{\"@context\":\"https:\\\/\\\/schema.org\",\"@graph\":[{\"@type\":\"Article\",\"@id\":\"https:\\\/\\\/laredlarioja.com.ar\\\/sitio\\\/la-rioja-se-prepara-para-la-9-edicion-del-festival-de-musica-clasica-y-latinoamericana\\\/#article\",\"isPartOf\":{\"@id\":\"https:\\\/\\\/laredlarioja.com.ar\\\/sitio\\\/la-rioja-se-prepara-para-la-9-edicion-del-festival-de-musica-clasica-y-latinoamericana\\\/\"},\"author\":{\"name\":\"La Red\",\"@id\":\"https:\\\/\\\/laredlarioja.com.ar\\\/sitio\\\/#\\\/schema\\\/person\\\/f1e213867beccedaaa4fb548d9259d9a\"},\"headline\":\"La Rioja se prepara para la 9\u00b0 edici\u00f3n del Festival de M\u00fasica Cl\u00e1sica y Latinoamericana\",\"datePublished\":\"2023-08-30T19:26:01+00:00\",\"dateModified\":\"2023-08-31T13:26:26+00:00\",\"mainEntityOfPage\":{\"@id\":\"https:\\\/\\\/laredlarioja.com.ar\\\/sitio\\\/la-rioja-se-prepara-para-la-9-edicion-del-festival-de-musica-clasica-y-latinoamericana\\\/\"},\"wordCount\":375,\"publisher\":{\"@id\":\"https:\\\/\\\/laredlarioja.com.ar\\\/sitio\\\/#organization\"},\"image\":{\"@id\":\"https:\\\/\\\/laredlarioja.com.ar\\\/sitio\\\/la-rioja-se-prepara-para-la-9-edicion-del-festival-de-musica-clasica-y-latinoamericana\\\/#primaryimage\"},\"thumbnailUrl\":\"https:\\\/\\\/laredlarioja.com.ar\\\/sitio\\\/wp-content\\\/uploads\\\/2023\\\/08\\\/musicos-concierto-musica-clasica-tocando-violines_47726-5136-e1663033973463.jpg\",\"articleSection\":[\"Cultura y Espect\u00e1culos\"],\"inLanguage\":\"es\"},{\"@type\":\"WebPage\",\"@id\":\"https:\\\/\\\/laredlarioja.com.ar\\\/sitio\\\/la-rioja-se-prepara-para-la-9-edicion-del-festival-de-musica-clasica-y-latinoamericana\\\/\",\"url\":\"https:\\\/\\\/laredlarioja.com.ar\\\/sitio\\\/la-rioja-se-prepara-para-la-9-edicion-del-festival-de-musica-clasica-y-latinoamericana\\\/\",\"name\":\"La Rioja se prepara para la 9\u00b0 edici\u00f3n del Festival de M\u00fasica Cl\u00e1sica y Latinoamericana - LA RED 88.3 LA RIOJA\",\"isPartOf\":{\"@id\":\"https:\\\/\\\/laredlarioja.com.ar\\\/sitio\\\/#website\"},\"primaryImageOfPage\":{\"@id\":\"https:\\\/\\\/laredlarioja.com.ar\\\/sitio\\\/la-rioja-se-prepara-para-la-9-edicion-del-festival-de-musica-clasica-y-latinoamericana\\\/#primaryimage\"},\"image\":{\"@id\":\"https:\\\/\\\/laredlarioja.com.ar\\\/sitio\\\/la-rioja-se-prepara-para-la-9-edicion-del-festival-de-musica-clasica-y-latinoamericana\\\/#primaryimage\"},\"thumbnailUrl\":\"https:\\\/\\\/laredlarioja.com.ar\\\/sitio\\\/wp-content\\\/uploads\\\/2023\\\/08\\\/musicos-concierto-musica-clasica-tocando-violines_47726-5136-e1663033973463.jpg\",\"datePublished\":\"2023-08-30T19:26:01+00:00\",\"dateModified\":\"2023-08-31T13:26:26+00:00\",\"breadcrumb\":{\"@id\":\"https:\\\/\\\/laredlarioja.com.ar\\\/sitio\\\/la-rioja-se-prepara-para-la-9-edicion-del-festival-de-musica-clasica-y-latinoamericana\\\/#breadcrumb\"},\"inLanguage\":\"es\",\"potentialAction\":[{\"@type\":\"ReadAction\",\"target\":[\"https:\\\/\\\/laredlarioja.com.ar\\\/sitio\\\/la-rioja-se-prepara-para-la-9-edicion-del-festival-de-musica-clasica-y-latinoamericana\\\/\"]}]},{\"@type\":\"ImageObject\",\"inLanguage\":\"es\",\"@id\":\"https:\\\/\\\/laredlarioja.com.ar\\\/sitio\\\/la-rioja-se-prepara-para-la-9-edicion-del-festival-de-musica-clasica-y-latinoamericana\\\/#primaryimage\",\"url\":\"https:\\\/\\\/laredlarioja.com.ar\\\/sitio\\\/wp-content\\\/uploads\\\/2023\\\/08\\\/musicos-concierto-musica-clasica-tocando-violines_47726-5136-e1663033973463.jpg\",\"contentUrl\":\"https:\\\/\\\/laredlarioja.com.ar\\\/sitio\\\/wp-content\\\/uploads\\\/2023\\\/08\\\/musicos-concierto-musica-clasica-tocando-violines_47726-5136-e1663033973463.jpg\",\"width\":2000,\"height\":1095},{\"@type\":\"BreadcrumbList\",\"@id\":\"https:\\\/\\\/laredlarioja.com.ar\\\/sitio\\\/la-rioja-se-prepara-para-la-9-edicion-del-festival-de-musica-clasica-y-latinoamericana\\\/#breadcrumb\",\"itemListElement\":[{\"@type\":\"ListItem\",\"position\":1,\"name\":\"Portada\",\"item\":\"https:\\\/\\\/laredlarioja.com.ar\\\/sitio\\\/\"},{\"@type\":\"ListItem\",\"position\":2,\"name\":\"La Rioja se prepara para la 9\u00b0 edici\u00f3n del Festival de M\u00fasica Cl\u00e1sica y Latinoamericana\"}]},{\"@type\":\"WebSite\",\"@id\":\"https:\\\/\\\/laredlarioja.com.ar\\\/sitio\\\/#website\",\"url\":\"https:\\\/\\\/laredlarioja.com.ar\\\/sitio\\\/\",\"name\":\"LA RED 88.3 LA RIOJA\",\"description\":\"Sitio de Noticias\",\"publisher\":{\"@id\":\"https:\\\/\\\/laredlarioja.com.ar\\\/sitio\\\/#organization\"},\"potentialAction\":[{\"@type\":\"SearchAction\",\"target\":{\"@type\":\"EntryPoint\",\"urlTemplate\":\"https:\\\/\\\/laredlarioja.com.ar\\\/sitio\\\/?s={search_term_string}\"},\"query-input\":{\"@type\":\"PropertyValueSpecification\",\"valueRequired\":true,\"valueName\":\"search_term_string\"}}],\"inLanguage\":\"es\"},{\"@type\":\"Organization\",\"@id\":\"https:\\\/\\\/laredlarioja.com.ar\\\/sitio\\\/#organization\",\"name\":\"LA RED 88.3 LA RIOJA\",\"url\":\"https:\\\/\\\/laredlarioja.com.ar\\\/sitio\\\/\",\"logo\":{\"@type\":\"ImageObject\",\"inLanguage\":\"es\",\"@id\":\"https:\\\/\\\/laredlarioja.com.ar\\\/sitio\\\/#\\\/schema\\\/logo\\\/image\\\/\",\"url\":\"https:\\\/\\\/laredlarioja.com.ar\\\/sitio\\\/wp-content\\\/uploads\\\/2025\\\/05\\\/LOGO-LA-RED.png\",\"contentUrl\":\"https:\\\/\\\/laredlarioja.com.ar\\\/sitio\\\/wp-content\\\/uploads\\\/2025\\\/05\\\/LOGO-LA-RED.png\",\"width\":193,\"height\":340,\"caption\":\"LA RED 88.3 LA RIOJA\"},\"image\":{\"@id\":\"https:\\\/\\\/laredlarioja.com.ar\\\/sitio\\\/#\\\/schema\\\/logo\\\/image\\\/\"},\"sameAs\":[\"https:\\\/\\\/www.facebook.com\\\/lared.larioja\",\"https:\\\/\\\/x.com\\\/laredlarioja1\",\"https:\\\/\\\/www.instagram.com\\\/lared_larioja\\\/\"]},{\"@type\":\"Person\",\"@id\":\"https:\\\/\\\/laredlarioja.com.ar\\\/sitio\\\/#\\\/schema\\\/person\\\/f1e213867beccedaaa4fb548d9259d9a\",\"name\":\"La Red\",\"url\":\"https:\\\/\\\/laredlarioja.com.ar\\\/sitio\\\/author\\\/lared\\\/\"}]}<\/script>\n<!-- \/ Yoast SEO plugin. -->","yoast_head_json":{"title":"La Rioja se prepara para la 9\u00b0 edici\u00f3n del Festival de M\u00fasica Cl\u00e1sica y Latinoamericana - LA RED 88.3 LA RIOJA","robots":{"index":"index","follow":"follow","max-snippet":"max-snippet:-1","max-image-preview":"max-image-preview:large","max-video-preview":"max-video-preview:-1"},"canonical":"https:\/\/laredlarioja.com.ar\/sitio\/la-rioja-se-prepara-para-la-9-edicion-del-festival-de-musica-clasica-y-latinoamericana\/","og_locale":"es_ES","og_type":"article","og_title":"La Rioja se prepara para la 9\u00b0 edici\u00f3n del Festival de M\u00fasica Cl\u00e1sica y Latinoamericana - LA RED 88.3 LA RIOJA","og_description":"Este esperado evento tendr\u00e1 lugar del 5 al 9 de septiembre. Habr\u00e1 talleres, charlas y conciertos. La profesora","og_url":"https:\/\/laredlarioja.com.ar\/sitio\/la-rioja-se-prepara-para-la-9-edicion-del-festival-de-musica-clasica-y-latinoamericana\/","og_site_name":"LA RED 88.3 LA RIOJA","article_publisher":"https:\/\/www.facebook.com\/lared.larioja","article_published_time":"2023-08-30T19:26:01+00:00","article_modified_time":"2023-08-31T13:26:26+00:00","og_image":[{"width":2000,"height":1095,"url":"https:\/\/laredlarioja.com.ar\/sitio\/wp-content\/uploads\/2023\/08\/musicos-concierto-musica-clasica-tocando-violines_47726-5136-e1663033973463.jpg","type":"image\/jpeg"}],"author":"La Red","twitter_card":"summary_large_image","twitter_creator":"@laredlarioja1","twitter_site":"@laredlarioja1","twitter_misc":{"Escrito por":"La Red","Tiempo de lectura":"2 minutos"},"schema":{"@context":"https:\/\/schema.org","@graph":[{"@type":"Article","@id":"https:\/\/laredlarioja.com.ar\/sitio\/la-rioja-se-prepara-para-la-9-edicion-del-festival-de-musica-clasica-y-latinoamericana\/#article","isPartOf":{"@id":"https:\/\/laredlarioja.com.ar\/sitio\/la-rioja-se-prepara-para-la-9-edicion-del-festival-de-musica-clasica-y-latinoamericana\/"},"author":{"name":"La Red","@id":"https:\/\/laredlarioja.com.ar\/sitio\/#\/schema\/person\/f1e213867beccedaaa4fb548d9259d9a"},"headline":"La Rioja se prepara para la 9\u00b0 edici\u00f3n del Festival de M\u00fasica Cl\u00e1sica y Latinoamericana","datePublished":"2023-08-30T19:26:01+00:00","dateModified":"2023-08-31T13:26:26+00:00","mainEntityOfPage":{"@id":"https:\/\/laredlarioja.com.ar\/sitio\/la-rioja-se-prepara-para-la-9-edicion-del-festival-de-musica-clasica-y-latinoamericana\/"},"wordCount":375,"publisher":{"@id":"https:\/\/laredlarioja.com.ar\/sitio\/#organization"},"image":{"@id":"https:\/\/laredlarioja.com.ar\/sitio\/la-rioja-se-prepara-para-la-9-edicion-del-festival-de-musica-clasica-y-latinoamericana\/#primaryimage"},"thumbnailUrl":"https:\/\/laredlarioja.com.ar\/sitio\/wp-content\/uploads\/2023\/08\/musicos-concierto-musica-clasica-tocando-violines_47726-5136-e1663033973463.jpg","articleSection":["Cultura y Espect\u00e1culos"],"inLanguage":"es"},{"@type":"WebPage","@id":"https:\/\/laredlarioja.com.ar\/sitio\/la-rioja-se-prepara-para-la-9-edicion-del-festival-de-musica-clasica-y-latinoamericana\/","url":"https:\/\/laredlarioja.com.ar\/sitio\/la-rioja-se-prepara-para-la-9-edicion-del-festival-de-musica-clasica-y-latinoamericana\/","name":"La Rioja se prepara para la 9\u00b0 edici\u00f3n del Festival de M\u00fasica Cl\u00e1sica y Latinoamericana - LA RED 88.3 LA RIOJA","isPartOf":{"@id":"https:\/\/laredlarioja.com.ar\/sitio\/#website"},"primaryImageOfPage":{"@id":"https:\/\/laredlarioja.com.ar\/sitio\/la-rioja-se-prepara-para-la-9-edicion-del-festival-de-musica-clasica-y-latinoamericana\/#primaryimage"},"image":{"@id":"https:\/\/laredlarioja.com.ar\/sitio\/la-rioja-se-prepara-para-la-9-edicion-del-festival-de-musica-clasica-y-latinoamericana\/#primaryimage"},"thumbnailUrl":"https:\/\/laredlarioja.com.ar\/sitio\/wp-content\/uploads\/2023\/08\/musicos-concierto-musica-clasica-tocando-violines_47726-5136-e1663033973463.jpg","datePublished":"2023-08-30T19:26:01+00:00","dateModified":"2023-08-31T13:26:26+00:00","breadcrumb":{"@id":"https:\/\/laredlarioja.com.ar\/sitio\/la-rioja-se-prepara-para-la-9-edicion-del-festival-de-musica-clasica-y-latinoamericana\/#breadcrumb"},"inLanguage":"es","potentialAction":[{"@type":"ReadAction","target":["https:\/\/laredlarioja.com.ar\/sitio\/la-rioja-se-prepara-para-la-9-edicion-del-festival-de-musica-clasica-y-latinoamericana\/"]}]},{"@type":"ImageObject","inLanguage":"es","@id":"https:\/\/laredlarioja.com.ar\/sitio\/la-rioja-se-prepara-para-la-9-edicion-del-festival-de-musica-clasica-y-latinoamericana\/#primaryimage","url":"https:\/\/laredlarioja.com.ar\/sitio\/wp-content\/uploads\/2023\/08\/musicos-concierto-musica-clasica-tocando-violines_47726-5136-e1663033973463.jpg","contentUrl":"https:\/\/laredlarioja.com.ar\/sitio\/wp-content\/uploads\/2023\/08\/musicos-concierto-musica-clasica-tocando-violines_47726-5136-e1663033973463.jpg","width":2000,"height":1095},{"@type":"BreadcrumbList","@id":"https:\/\/laredlarioja.com.ar\/sitio\/la-rioja-se-prepara-para-la-9-edicion-del-festival-de-musica-clasica-y-latinoamericana\/#breadcrumb","itemListElement":[{"@type":"ListItem","position":1,"name":"Portada","item":"https:\/\/laredlarioja.com.ar\/sitio\/"},{"@type":"ListItem","position":2,"name":"La Rioja se prepara para la 9\u00b0 edici\u00f3n del Festival de M\u00fasica Cl\u00e1sica y Latinoamericana"}]},{"@type":"WebSite","@id":"https:\/\/laredlarioja.com.ar\/sitio\/#website","url":"https:\/\/laredlarioja.com.ar\/sitio\/","name":"LA RED 88.3 LA RIOJA","description":"Sitio de Noticias","publisher":{"@id":"https:\/\/laredlarioja.com.ar\/sitio\/#organization"},"potentialAction":[{"@type":"SearchAction","target":{"@type":"EntryPoint","urlTemplate":"https:\/\/laredlarioja.com.ar\/sitio\/?s={search_term_string}"},"query-input":{"@type":"PropertyValueSpecification","valueRequired":true,"valueName":"search_term_string"}}],"inLanguage":"es"},{"@type":"Organization","@id":"https:\/\/laredlarioja.com.ar\/sitio\/#organization","name":"LA RED 88.3 LA RIOJA","url":"https:\/\/laredlarioja.com.ar\/sitio\/","logo":{"@type":"ImageObject","inLanguage":"es","@id":"https:\/\/laredlarioja.com.ar\/sitio\/#\/schema\/logo\/image\/","url":"https:\/\/laredlarioja.com.ar\/sitio\/wp-content\/uploads\/2025\/05\/LOGO-LA-RED.png","contentUrl":"https:\/\/laredlarioja.com.ar\/sitio\/wp-content\/uploads\/2025\/05\/LOGO-LA-RED.png","width":193,"height":340,"caption":"LA RED 88.3 LA RIOJA"},"image":{"@id":"https:\/\/laredlarioja.com.ar\/sitio\/#\/schema\/logo\/image\/"},"sameAs":["https:\/\/www.facebook.com\/lared.larioja","https:\/\/x.com\/laredlarioja1","https:\/\/www.instagram.com\/lared_larioja\/"]},{"@type":"Person","@id":"https:\/\/laredlarioja.com.ar\/sitio\/#\/schema\/person\/f1e213867beccedaaa4fb548d9259d9a","name":"La Red","url":"https:\/\/laredlarioja.com.ar\/sitio\/author\/lared\/"}]}},"featured_image_urls":{"full":["https:\/\/laredlarioja.com.ar\/sitio\/wp-content\/uploads\/2023\/08\/musicos-concierto-musica-clasica-tocando-violines_47726-5136-e1663033973463.jpg",2000,1095,false],"thumbnail":["https:\/\/laredlarioja.com.ar\/sitio\/wp-content\/uploads\/2023\/08\/musicos-concierto-musica-clasica-tocando-violines_47726-5136-e1663033973463-150x150.jpg",150,150,true],"medium":["https:\/\/laredlarioja.com.ar\/sitio\/wp-content\/uploads\/2023\/08\/musicos-concierto-musica-clasica-tocando-violines_47726-5136-e1663033973463-300x164.jpg",300,164,true],"medium_large":["https:\/\/laredlarioja.com.ar\/sitio\/wp-content\/uploads\/2023\/08\/musicos-concierto-musica-clasica-tocando-violines_47726-5136-e1663033973463-768x420.jpg",640,350,true],"large":["https:\/\/laredlarioja.com.ar\/sitio\/wp-content\/uploads\/2023\/08\/musicos-concierto-musica-clasica-tocando-violines_47726-5136-e1663033973463-1024x561.jpg",640,351,true],"1536x1536":["https:\/\/laredlarioja.com.ar\/sitio\/wp-content\/uploads\/2023\/08\/musicos-concierto-musica-clasica-tocando-violines_47726-5136-e1663033973463-1536x841.jpg",1536,841,true],"2048x2048":["https:\/\/laredlarioja.com.ar\/sitio\/wp-content\/uploads\/2023\/08\/musicos-concierto-musica-clasica-tocando-violines_47726-5136-e1663033973463.jpg",2000,1095,false],"cvmm-medium":["https:\/\/laredlarioja.com.ar\/sitio\/wp-content\/uploads\/2023\/08\/musicos-concierto-musica-clasica-tocando-violines_47726-5136-e1663033973463-300x300.jpg",300,300,true],"cvmm-medium-plus":["https:\/\/laredlarioja.com.ar\/sitio\/wp-content\/uploads\/2023\/08\/musicos-concierto-musica-clasica-tocando-violines_47726-5136-e1663033973463-305x207.jpg",305,207,true],"cvmm-portrait":["https:\/\/laredlarioja.com.ar\/sitio\/wp-content\/uploads\/2023\/08\/musicos-concierto-musica-clasica-tocando-violines_47726-5136-e1663033973463-400x600.jpg",400,600,true],"cvmm-medium-square":["https:\/\/laredlarioja.com.ar\/sitio\/wp-content\/uploads\/2023\/08\/musicos-concierto-musica-clasica-tocando-violines_47726-5136-e1663033973463-600x600.jpg",600,600,true],"cvmm-large":["https:\/\/laredlarioja.com.ar\/sitio\/wp-content\/uploads\/2023\/08\/musicos-concierto-musica-clasica-tocando-violines_47726-5136-e1663033973463-1024x1024.jpg",1024,1024,true],"cvmm-small":["https:\/\/laredlarioja.com.ar\/sitio\/wp-content\/uploads\/2023\/08\/musicos-concierto-musica-clasica-tocando-violines_47726-5136-e1663033973463-130x95.jpg",130,95,true],"morenews-large":["https:\/\/laredlarioja.com.ar\/sitio\/wp-content\/uploads\/2023\/08\/musicos-concierto-musica-clasica-tocando-violines_47726-5136-e1663033973463-825x575.jpg",825,575,true],"morenews-medium":["https:\/\/laredlarioja.com.ar\/sitio\/wp-content\/uploads\/2023\/08\/musicos-concierto-musica-clasica-tocando-violines_47726-5136-e1663033973463-590x410.jpg",590,410,true]},"author_info":{"display_name":"La Red","author_link":"https:\/\/laredlarioja.com.ar\/sitio\/author\/lared\/"},"category_info":"<a href=\"https:\/\/laredlarioja.com.ar\/sitio\/categorias\/cultura-y-espectaculos\/\" rel=\"category tag\">Cultura y Espect\u00e1culos<\/a>","tag_info":"Cultura y Espect\u00e1culos","comment_count":"0","blog_post_layout_featured_media_urls":{"thumbnail":["https:\/\/laredlarioja.com.ar\/sitio\/wp-content\/uploads\/2023\/08\/musicos-concierto-musica-clasica-tocando-violines_47726-5136-e1663033973463-150x150.jpg",150,150,true],"full":["https:\/\/laredlarioja.com.ar\/sitio\/wp-content\/uploads\/2023\/08\/musicos-concierto-musica-clasica-tocando-violines_47726-5136-e1663033973463.jpg",2000,1095,false]},"categories_names":{"27":{"name":"Cultura y Espect\u00e1culos","link":"https:\/\/laredlarioja.com.ar\/sitio\/categorias\/cultura-y-espectaculos\/"}},"tags_names":[],"comments_number":"0","wpmagazine_modules_lite_featured_media_urls":{"thumbnail":["https:\/\/laredlarioja.com.ar\/sitio\/wp-content\/uploads\/2023\/08\/musicos-concierto-musica-clasica-tocando-violines_47726-5136-e1663033973463-150x150.jpg",150,150,true],"cvmm-medium":["https:\/\/laredlarioja.com.ar\/sitio\/wp-content\/uploads\/2023\/08\/musicos-concierto-musica-clasica-tocando-violines_47726-5136-e1663033973463-300x300.jpg",300,300,true],"cvmm-medium-plus":["https:\/\/laredlarioja.com.ar\/sitio\/wp-content\/uploads\/2023\/08\/musicos-concierto-musica-clasica-tocando-violines_47726-5136-e1663033973463-305x207.jpg",305,207,true],"cvmm-portrait":["https:\/\/laredlarioja.com.ar\/sitio\/wp-content\/uploads\/2023\/08\/musicos-concierto-musica-clasica-tocando-violines_47726-5136-e1663033973463-400x600.jpg",400,600,true],"cvmm-medium-square":["https:\/\/laredlarioja.com.ar\/sitio\/wp-content\/uploads\/2023\/08\/musicos-concierto-musica-clasica-tocando-violines_47726-5136-e1663033973463-600x600.jpg",600,600,true],"cvmm-large":["https:\/\/laredlarioja.com.ar\/sitio\/wp-content\/uploads\/2023\/08\/musicos-concierto-musica-clasica-tocando-violines_47726-5136-e1663033973463-1024x1024.jpg",1024,1024,true],"cvmm-small":["https:\/\/laredlarioja.com.ar\/sitio\/wp-content\/uploads\/2023\/08\/musicos-concierto-musica-clasica-tocando-violines_47726-5136-e1663033973463-130x95.jpg",130,95,true],"full":["https:\/\/laredlarioja.com.ar\/sitio\/wp-content\/uploads\/2023\/08\/musicos-concierto-musica-clasica-tocando-violines_47726-5136-e1663033973463.jpg",2000,1095,false]},"_links":{"self":[{"href":"https:\/\/laredlarioja.com.ar\/sitio\/wp-json\/wp\/v2\/posts\/35474","targetHints":{"allow":["GET"]}}],"collection":[{"href":"https:\/\/laredlarioja.com.ar\/sitio\/wp-json\/wp\/v2\/posts"}],"about":[{"href":"https:\/\/laredlarioja.com.ar\/sitio\/wp-json\/wp\/v2\/types\/post"}],"author":[{"embeddable":true,"href":"https:\/\/laredlarioja.com.ar\/sitio\/wp-json\/wp\/v2\/users\/10"}],"replies":[{"embeddable":true,"href":"https:\/\/laredlarioja.com.ar\/sitio\/wp-json\/wp\/v2\/comments?post=35474"}],"version-history":[{"count":1,"href":"https:\/\/laredlarioja.com.ar\/sitio\/wp-json\/wp\/v2\/posts\/35474\/revisions"}],"predecessor-version":[{"id":35476,"href":"https:\/\/laredlarioja.com.ar\/sitio\/wp-json\/wp\/v2\/posts\/35474\/revisions\/35476"}],"wp:featuredmedia":[{"embeddable":true,"href":"https:\/\/laredlarioja.com.ar\/sitio\/wp-json\/wp\/v2\/media\/35475"}],"wp:attachment":[{"href":"https:\/\/laredlarioja.com.ar\/sitio\/wp-json\/wp\/v2\/media?parent=35474"}],"wp:term":[{"taxonomy":"category","embeddable":true,"href":"https:\/\/laredlarioja.com.ar\/sitio\/wp-json\/wp\/v2\/categories?post=35474"},{"taxonomy":"post_tag","embeddable":true,"href":"https:\/\/laredlarioja.com.ar\/sitio\/wp-json\/wp\/v2\/tags?post=35474"}],"curies":[{"name":"wp","href":"https:\/\/api.w.org\/{rel}","templated":true}]}}