{"id":35703,"date":"2023-09-05T12:52:50","date_gmt":"2023-09-05T12:52:50","guid":{"rendered":"https:\/\/laredlarioja.com.ar\/sitio\/?p=35703"},"modified":"2023-09-06T12:25:04","modified_gmt":"2023-09-06T12:25:04","slug":"personal-de-casas-particulares-recibira-un-refuerzo-de-25-000","status":"publish","type":"post","link":"https:\/\/laredlarioja.com.ar\/sitio\/personal-de-casas-particulares-recibira-un-refuerzo-de-25-000\/","title":{"rendered":"Personal de casas particulares: el bono corresponde a trabajadores registrados y no registrados"},"content":{"rendered":"<p><span style=\"font-weight: 400;\">En el marco del Programa de Fortalecimiento de la actividad econ\u00f3mica, se conoci\u00f3 el refuerzo de $25.000 que percibir\u00e1 el Personal de Casas Particulares. Actualmente hay 2.200 personas registradas en este sector.<\/span><\/p>\n<p><span style=\"font-weight: 400;\">En di\u00e1logo con <strong>La Red,<\/strong> la titular de la Secretar\u00eda de Trabajo, <strong>Miriam Espinosa,<\/strong> explic\u00f3 que este fortalecimiento corresponde al c\u00e1lculo proposicional no remunerativo para el personal de Casas Particulares: \u201cSe estableci\u00f3 un importe de $25.000, a abonarse en dos cuotas iguales de $12.500, la primera a abonarse con los haberes de agosto y la segunda con los haberes de septiembre\u201d, precis\u00f3.\u00a0<\/span><\/p>\n<p><span style=\"font-weight: 400;\">Este refuerzo corresponde a quienes prestan servicio en jornada completa, es decir hasta 48 horas semanales: \u201cMenor de esas horas semanales el c\u00e1lculo es proporcional: 24hs hs semanales se percibir\u00e1 un bono de $12.000, a abonarse en 2 cuotas, y as\u00ed sucesivamente\u00bb.\u00a0<\/span><\/p>\n<p>\u00abEste bono corresponde a trabajadoras y trabajadores registrados y no registrados\u00bb, indic\u00f3, y agreg\u00f3 que: \u00abLas trabajadoras que est\u00e9n registradas el empleador puede recibir el rembolso del 50% del refuerzo, siempre y cuando sus ingresos sean de hasta $2.000.000 por mes\u00bb.<\/p>\n<div id='gallery-1' class='gallery galleryid-35703 gallery-columns-3 gallery-size-full'><figure class='gallery-item'>\n\t\t\t<div class='gallery-icon landscape'>\n\t\t\t\t<a href='https:\/\/laredlarioja.com.ar\/sitio\/personal-de-casas-particulares-recibira-un-refuerzo-de-25-000\/a\/'><img fetchpriority=\"high\" width=\"1080\" height=\"1080\" src=\"https:\/\/laredlarioja.com.ar\/sitio\/wp-content\/uploads\/2023\/09\/a.jpg\" class=\"attachment-full size-full\" alt=\"a\" srcset=\"https:\/\/laredlarioja.com.ar\/sitio\/wp-content\/uploads\/2023\/09\/a.jpg 1080w, https:\/\/laredlarioja.com.ar\/sitio\/wp-content\/uploads\/2023\/09\/a-300x300.jpg 300w, https:\/\/laredlarioja.com.ar\/sitio\/wp-content\/uploads\/2023\/09\/a-1024x1024.jpg 1024w, https:\/\/laredlarioja.com.ar\/sitio\/wp-content\/uploads\/2023\/09\/a-150x150.jpg 150w, https:\/\/laredlarioja.com.ar\/sitio\/wp-content\/uploads\/2023\/09\/a-768x768.jpg 768w, https:\/\/laredlarioja.com.ar\/sitio\/wp-content\/uploads\/2023\/09\/a-600x600.jpg 600w\" sizes=\"(max-width: 1080px) 100vw, 1080px\" decoding=\"async\" \/><\/a>\n\t\t\t<\/div><\/figure><figure class='gallery-item'>\n\t\t\t<div class='gallery-icon portrait'>\n\t\t\t\t<a href='https:\/\/laredlarioja.com.ar\/sitio\/personal-de-casas-particulares-recibira-un-refuerzo-de-25-000\/374572178_312113594661987_7862179999219092143_n\/'><img width=\"1599\" height=\"1600\" src=\"https:\/\/laredlarioja.com.ar\/sitio\/wp-content\/uploads\/2023\/09\/374572178_312113594661987_7862179999219092143_n.jpg\" class=\"attachment-full size-full\" alt=\"374572178_312113594661987_7862179999219092143_n\" srcset=\"https:\/\/laredlarioja.com.ar\/sitio\/wp-content\/uploads\/2023\/09\/374572178_312113594661987_7862179999219092143_n.jpg 1599w, https:\/\/laredlarioja.com.ar\/sitio\/wp-content\/uploads\/2023\/09\/374572178_312113594661987_7862179999219092143_n-300x300.jpg 300w, https:\/\/laredlarioja.com.ar\/sitio\/wp-content\/uploads\/2023\/09\/374572178_312113594661987_7862179999219092143_n-1024x1025.jpg 1024w, https:\/\/laredlarioja.com.ar\/sitio\/wp-content\/uploads\/2023\/09\/374572178_312113594661987_7862179999219092143_n-150x150.jpg 150w, https:\/\/laredlarioja.com.ar\/sitio\/wp-content\/uploads\/2023\/09\/374572178_312113594661987_7862179999219092143_n-768x768.jpg 768w, https:\/\/laredlarioja.com.ar\/sitio\/wp-content\/uploads\/2023\/09\/374572178_312113594661987_7862179999219092143_n-1536x1536.jpg 1536w, https:\/\/laredlarioja.com.ar\/sitio\/wp-content\/uploads\/2023\/09\/374572178_312113594661987_7862179999219092143_n-600x600.jpg 600w\" sizes=\"(max-width: 1599px) 100vw, 1599px\" decoding=\"async\" \/><\/a>\n\t\t\t<\/div><\/figure>\n\t\t<\/div>\n\n<p>&nbsp;<\/p>\n","protected":false},"excerpt":{"rendered":"<p>En el marco del Programa de Fortalecimiento de la actividad econ\u00f3mica, se conoci\u00f3 el refuerzo de $25.000 que<\/p>\n","protected":false},"author":10,"featured_media":35715,"comment_status":"closed","ping_status":"open","sticky":false,"template":"","format":"standard","meta":{"footnotes":""},"categories":[94],"tags":[],"class_list":["post-35703","post","type-post","status-publish","format-standard","has-post-thumbnail","hentry","category-locales"],"yoast_head":"<!-- This site is optimized with the Yoast SEO plugin v27.4 - https:\/\/yoast.com\/product\/yoast-seo-wordpress\/ -->\n<title>Personal de casas particulares: el bono corresponde a trabajadores registrados y no registrados - LA RED 88.3 LA RIOJA<\/title>\n<meta name=\"robots\" content=\"index, follow, max-snippet:-1, max-image-preview:large, max-video-preview:-1\" \/>\n<link rel=\"canonical\" href=\"https:\/\/laredlarioja.com.ar\/sitio\/personal-de-casas-particulares-recibira-un-refuerzo-de-25-000\/\" \/>\n<meta property=\"og:locale\" content=\"es_ES\" \/>\n<meta property=\"og:type\" content=\"article\" \/>\n<meta property=\"og:title\" content=\"Personal de casas particulares: el bono corresponde a trabajadores registrados y no registrados - LA RED 88.3 LA RIOJA\" \/>\n<meta property=\"og:description\" content=\"En el marco del Programa de Fortalecimiento de la actividad econ\u00f3mica, se conoci\u00f3 el refuerzo de $25.000 que\" \/>\n<meta property=\"og:url\" content=\"https:\/\/laredlarioja.com.ar\/sitio\/personal-de-casas-particulares-recibira-un-refuerzo-de-25-000\/\" \/>\n<meta property=\"og:site_name\" content=\"LA RED 88.3 LA RIOJA\" \/>\n<meta property=\"article:publisher\" content=\"https:\/\/www.facebook.com\/lared.larioja\" \/>\n<meta property=\"article:published_time\" content=\"2023-09-05T12:52:50+00:00\" \/>\n<meta property=\"article:modified_time\" content=\"2023-09-06T12:25:04+00:00\" \/>\n<meta property=\"og:image\" content=\"https:\/\/laredlarioja.com.ar\/sitio\/wp-content\/uploads\/2023\/09\/370639642_312113481328665_8216760171598861319_n.jpg\" \/>\n\t<meta property=\"og:image:width\" content=\"1080\" \/>\n\t<meta property=\"og:image:height\" content=\"1080\" \/>\n\t<meta property=\"og:image:type\" content=\"image\/jpeg\" \/>\n<meta name=\"author\" content=\"La Red\" \/>\n<meta name=\"twitter:card\" content=\"summary_large_image\" \/>\n<meta name=\"twitter:creator\" content=\"@laredlarioja1\" \/>\n<meta name=\"twitter:site\" content=\"@laredlarioja1\" \/>\n<meta name=\"twitter:label1\" content=\"Escrito por\" \/>\n\t<meta name=\"twitter:data1\" content=\"La Red\" \/>\n\t<meta name=\"twitter:label2\" content=\"Tiempo de lectura\" \/>\n\t<meta name=\"twitter:data2\" content=\"1 minuto\" \/>\n<script type=\"application\/ld+json\" class=\"yoast-schema-graph\">{\"@context\":\"https:\\\/\\\/schema.org\",\"@graph\":[{\"@type\":\"Article\",\"@id\":\"https:\\\/\\\/laredlarioja.com.ar\\\/sitio\\\/personal-de-casas-particulares-recibira-un-refuerzo-de-25-000\\\/#article\",\"isPartOf\":{\"@id\":\"https:\\\/\\\/laredlarioja.com.ar\\\/sitio\\\/personal-de-casas-particulares-recibira-un-refuerzo-de-25-000\\\/\"},\"author\":{\"name\":\"La Red\",\"@id\":\"https:\\\/\\\/laredlarioja.com.ar\\\/sitio\\\/#\\\/schema\\\/person\\\/f1e213867beccedaaa4fb548d9259d9a\"},\"headline\":\"Personal de casas particulares: el bono corresponde a trabajadores registrados y no registrados\",\"datePublished\":\"2023-09-05T12:52:50+00:00\",\"dateModified\":\"2023-09-06T12:25:04+00:00\",\"mainEntityOfPage\":{\"@id\":\"https:\\\/\\\/laredlarioja.com.ar\\\/sitio\\\/personal-de-casas-particulares-recibira-un-refuerzo-de-25-000\\\/\"},\"wordCount\":192,\"publisher\":{\"@id\":\"https:\\\/\\\/laredlarioja.com.ar\\\/sitio\\\/#organization\"},\"image\":{\"@id\":\"https:\\\/\\\/laredlarioja.com.ar\\\/sitio\\\/personal-de-casas-particulares-recibira-un-refuerzo-de-25-000\\\/#primaryimage\"},\"thumbnailUrl\":\"https:\\\/\\\/laredlarioja.com.ar\\\/sitio\\\/wp-content\\\/uploads\\\/2023\\\/09\\\/370639642_312113481328665_8216760171598861319_n.jpg\",\"articleSection\":[\"Locales\"],\"inLanguage\":\"es\"},{\"@type\":\"WebPage\",\"@id\":\"https:\\\/\\\/laredlarioja.com.ar\\\/sitio\\\/personal-de-casas-particulares-recibira-un-refuerzo-de-25-000\\\/\",\"url\":\"https:\\\/\\\/laredlarioja.com.ar\\\/sitio\\\/personal-de-casas-particulares-recibira-un-refuerzo-de-25-000\\\/\",\"name\":\"Personal de casas particulares: el bono corresponde a trabajadores registrados y no registrados - LA RED 88.3 LA RIOJA\",\"isPartOf\":{\"@id\":\"https:\\\/\\\/laredlarioja.com.ar\\\/sitio\\\/#website\"},\"primaryImageOfPage\":{\"@id\":\"https:\\\/\\\/laredlarioja.com.ar\\\/sitio\\\/personal-de-casas-particulares-recibira-un-refuerzo-de-25-000\\\/#primaryimage\"},\"image\":{\"@id\":\"https:\\\/\\\/laredlarioja.com.ar\\\/sitio\\\/personal-de-casas-particulares-recibira-un-refuerzo-de-25-000\\\/#primaryimage\"},\"thumbnailUrl\":\"https:\\\/\\\/laredlarioja.com.ar\\\/sitio\\\/wp-content\\\/uploads\\\/2023\\\/09\\\/370639642_312113481328665_8216760171598861319_n.jpg\",\"datePublished\":\"2023-09-05T12:52:50+00:00\",\"dateModified\":\"2023-09-06T12:25:04+00:00\",\"breadcrumb\":{\"@id\":\"https:\\\/\\\/laredlarioja.com.ar\\\/sitio\\\/personal-de-casas-particulares-recibira-un-refuerzo-de-25-000\\\/#breadcrumb\"},\"inLanguage\":\"es\",\"potentialAction\":[{\"@type\":\"ReadAction\",\"target\":[\"https:\\\/\\\/laredlarioja.com.ar\\\/sitio\\\/personal-de-casas-particulares-recibira-un-refuerzo-de-25-000\\\/\"]}]},{\"@type\":\"ImageObject\",\"inLanguage\":\"es\",\"@id\":\"https:\\\/\\\/laredlarioja.com.ar\\\/sitio\\\/personal-de-casas-particulares-recibira-un-refuerzo-de-25-000\\\/#primaryimage\",\"url\":\"https:\\\/\\\/laredlarioja.com.ar\\\/sitio\\\/wp-content\\\/uploads\\\/2023\\\/09\\\/370639642_312113481328665_8216760171598861319_n.jpg\",\"contentUrl\":\"https:\\\/\\\/laredlarioja.com.ar\\\/sitio\\\/wp-content\\\/uploads\\\/2023\\\/09\\\/370639642_312113481328665_8216760171598861319_n.jpg\",\"width\":1080,\"height\":1080},{\"@type\":\"BreadcrumbList\",\"@id\":\"https:\\\/\\\/laredlarioja.com.ar\\\/sitio\\\/personal-de-casas-particulares-recibira-un-refuerzo-de-25-000\\\/#breadcrumb\",\"itemListElement\":[{\"@type\":\"ListItem\",\"position\":1,\"name\":\"Portada\",\"item\":\"https:\\\/\\\/laredlarioja.com.ar\\\/sitio\\\/\"},{\"@type\":\"ListItem\",\"position\":2,\"name\":\"Personal de casas particulares: el bono corresponde a trabajadores registrados y no registrados\"}]},{\"@type\":\"WebSite\",\"@id\":\"https:\\\/\\\/laredlarioja.com.ar\\\/sitio\\\/#website\",\"url\":\"https:\\\/\\\/laredlarioja.com.ar\\\/sitio\\\/\",\"name\":\"LA RED 88.3 LA RIOJA\",\"description\":\"Sitio de Noticias\",\"publisher\":{\"@id\":\"https:\\\/\\\/laredlarioja.com.ar\\\/sitio\\\/#organization\"},\"potentialAction\":[{\"@type\":\"SearchAction\",\"target\":{\"@type\":\"EntryPoint\",\"urlTemplate\":\"https:\\\/\\\/laredlarioja.com.ar\\\/sitio\\\/?s={search_term_string}\"},\"query-input\":{\"@type\":\"PropertyValueSpecification\",\"valueRequired\":true,\"valueName\":\"search_term_string\"}}],\"inLanguage\":\"es\"},{\"@type\":\"Organization\",\"@id\":\"https:\\\/\\\/laredlarioja.com.ar\\\/sitio\\\/#organization\",\"name\":\"LA RED 88.3 LA RIOJA\",\"url\":\"https:\\\/\\\/laredlarioja.com.ar\\\/sitio\\\/\",\"logo\":{\"@type\":\"ImageObject\",\"inLanguage\":\"es\",\"@id\":\"https:\\\/\\\/laredlarioja.com.ar\\\/sitio\\\/#\\\/schema\\\/logo\\\/image\\\/\",\"url\":\"https:\\\/\\\/laredlarioja.com.ar\\\/sitio\\\/wp-content\\\/uploads\\\/2025\\\/05\\\/LOGO-LA-RED.png\",\"contentUrl\":\"https:\\\/\\\/laredlarioja.com.ar\\\/sitio\\\/wp-content\\\/uploads\\\/2025\\\/05\\\/LOGO-LA-RED.png\",\"width\":193,\"height\":340,\"caption\":\"LA RED 88.3 LA RIOJA\"},\"image\":{\"@id\":\"https:\\\/\\\/laredlarioja.com.ar\\\/sitio\\\/#\\\/schema\\\/logo\\\/image\\\/\"},\"sameAs\":[\"https:\\\/\\\/www.facebook.com\\\/lared.larioja\",\"https:\\\/\\\/x.com\\\/laredlarioja1\",\"https:\\\/\\\/www.instagram.com\\\/lared_larioja\\\/\"]},{\"@type\":\"Person\",\"@id\":\"https:\\\/\\\/laredlarioja.com.ar\\\/sitio\\\/#\\\/schema\\\/person\\\/f1e213867beccedaaa4fb548d9259d9a\",\"name\":\"La Red\",\"url\":\"https:\\\/\\\/laredlarioja.com.ar\\\/sitio\\\/author\\\/lared\\\/\"}]}<\/script>\n<!-- \/ Yoast SEO plugin. -->","yoast_head_json":{"title":"Personal de casas particulares: el bono corresponde a trabajadores registrados y no registrados - LA RED 88.3 LA RIOJA","robots":{"index":"index","follow":"follow","max-snippet":"max-snippet:-1","max-image-preview":"max-image-preview:large","max-video-preview":"max-video-preview:-1"},"canonical":"https:\/\/laredlarioja.com.ar\/sitio\/personal-de-casas-particulares-recibira-un-refuerzo-de-25-000\/","og_locale":"es_ES","og_type":"article","og_title":"Personal de casas particulares: el bono corresponde a trabajadores registrados y no registrados - LA RED 88.3 LA RIOJA","og_description":"En el marco del Programa de Fortalecimiento de la actividad econ\u00f3mica, se conoci\u00f3 el refuerzo de $25.000 que","og_url":"https:\/\/laredlarioja.com.ar\/sitio\/personal-de-casas-particulares-recibira-un-refuerzo-de-25-000\/","og_site_name":"LA RED 88.3 LA RIOJA","article_publisher":"https:\/\/www.facebook.com\/lared.larioja","article_published_time":"2023-09-05T12:52:50+00:00","article_modified_time":"2023-09-06T12:25:04+00:00","og_image":[{"width":1080,"height":1080,"url":"https:\/\/laredlarioja.com.ar\/sitio\/wp-content\/uploads\/2023\/09\/370639642_312113481328665_8216760171598861319_n.jpg","type":"image\/jpeg"}],"author":"La Red","twitter_card":"summary_large_image","twitter_creator":"@laredlarioja1","twitter_site":"@laredlarioja1","twitter_misc":{"Escrito por":"La Red","Tiempo de lectura":"1 minuto"},"schema":{"@context":"https:\/\/schema.org","@graph":[{"@type":"Article","@id":"https:\/\/laredlarioja.com.ar\/sitio\/personal-de-casas-particulares-recibira-un-refuerzo-de-25-000\/#article","isPartOf":{"@id":"https:\/\/laredlarioja.com.ar\/sitio\/personal-de-casas-particulares-recibira-un-refuerzo-de-25-000\/"},"author":{"name":"La Red","@id":"https:\/\/laredlarioja.com.ar\/sitio\/#\/schema\/person\/f1e213867beccedaaa4fb548d9259d9a"},"headline":"Personal de casas particulares: el bono corresponde a trabajadores registrados y no registrados","datePublished":"2023-09-05T12:52:50+00:00","dateModified":"2023-09-06T12:25:04+00:00","mainEntityOfPage":{"@id":"https:\/\/laredlarioja.com.ar\/sitio\/personal-de-casas-particulares-recibira-un-refuerzo-de-25-000\/"},"wordCount":192,"publisher":{"@id":"https:\/\/laredlarioja.com.ar\/sitio\/#organization"},"image":{"@id":"https:\/\/laredlarioja.com.ar\/sitio\/personal-de-casas-particulares-recibira-un-refuerzo-de-25-000\/#primaryimage"},"thumbnailUrl":"https:\/\/laredlarioja.com.ar\/sitio\/wp-content\/uploads\/2023\/09\/370639642_312113481328665_8216760171598861319_n.jpg","articleSection":["Locales"],"inLanguage":"es"},{"@type":"WebPage","@id":"https:\/\/laredlarioja.com.ar\/sitio\/personal-de-casas-particulares-recibira-un-refuerzo-de-25-000\/","url":"https:\/\/laredlarioja.com.ar\/sitio\/personal-de-casas-particulares-recibira-un-refuerzo-de-25-000\/","name":"Personal de casas particulares: el bono corresponde a trabajadores registrados y no registrados - LA RED 88.3 LA RIOJA","isPartOf":{"@id":"https:\/\/laredlarioja.com.ar\/sitio\/#website"},"primaryImageOfPage":{"@id":"https:\/\/laredlarioja.com.ar\/sitio\/personal-de-casas-particulares-recibira-un-refuerzo-de-25-000\/#primaryimage"},"image":{"@id":"https:\/\/laredlarioja.com.ar\/sitio\/personal-de-casas-particulares-recibira-un-refuerzo-de-25-000\/#primaryimage"},"thumbnailUrl":"https:\/\/laredlarioja.com.ar\/sitio\/wp-content\/uploads\/2023\/09\/370639642_312113481328665_8216760171598861319_n.jpg","datePublished":"2023-09-05T12:52:50+00:00","dateModified":"2023-09-06T12:25:04+00:00","breadcrumb":{"@id":"https:\/\/laredlarioja.com.ar\/sitio\/personal-de-casas-particulares-recibira-un-refuerzo-de-25-000\/#breadcrumb"},"inLanguage":"es","potentialAction":[{"@type":"ReadAction","target":["https:\/\/laredlarioja.com.ar\/sitio\/personal-de-casas-particulares-recibira-un-refuerzo-de-25-000\/"]}]},{"@type":"ImageObject","inLanguage":"es","@id":"https:\/\/laredlarioja.com.ar\/sitio\/personal-de-casas-particulares-recibira-un-refuerzo-de-25-000\/#primaryimage","url":"https:\/\/laredlarioja.com.ar\/sitio\/wp-content\/uploads\/2023\/09\/370639642_312113481328665_8216760171598861319_n.jpg","contentUrl":"https:\/\/laredlarioja.com.ar\/sitio\/wp-content\/uploads\/2023\/09\/370639642_312113481328665_8216760171598861319_n.jpg","width":1080,"height":1080},{"@type":"BreadcrumbList","@id":"https:\/\/laredlarioja.com.ar\/sitio\/personal-de-casas-particulares-recibira-un-refuerzo-de-25-000\/#breadcrumb","itemListElement":[{"@type":"ListItem","position":1,"name":"Portada","item":"https:\/\/laredlarioja.com.ar\/sitio\/"},{"@type":"ListItem","position":2,"name":"Personal de casas particulares: el bono corresponde a trabajadores registrados y no registrados"}]},{"@type":"WebSite","@id":"https:\/\/laredlarioja.com.ar\/sitio\/#website","url":"https:\/\/laredlarioja.com.ar\/sitio\/","name":"LA RED 88.3 LA RIOJA","description":"Sitio de Noticias","publisher":{"@id":"https:\/\/laredlarioja.com.ar\/sitio\/#organization"},"potentialAction":[{"@type":"SearchAction","target":{"@type":"EntryPoint","urlTemplate":"https:\/\/laredlarioja.com.ar\/sitio\/?s={search_term_string}"},"query-input":{"@type":"PropertyValueSpecification","valueRequired":true,"valueName":"search_term_string"}}],"inLanguage":"es"},{"@type":"Organization","@id":"https:\/\/laredlarioja.com.ar\/sitio\/#organization","name":"LA RED 88.3 LA RIOJA","url":"https:\/\/laredlarioja.com.ar\/sitio\/","logo":{"@type":"ImageObject","inLanguage":"es","@id":"https:\/\/laredlarioja.com.ar\/sitio\/#\/schema\/logo\/image\/","url":"https:\/\/laredlarioja.com.ar\/sitio\/wp-content\/uploads\/2025\/05\/LOGO-LA-RED.png","contentUrl":"https:\/\/laredlarioja.com.ar\/sitio\/wp-content\/uploads\/2025\/05\/LOGO-LA-RED.png","width":193,"height":340,"caption":"LA RED 88.3 LA RIOJA"},"image":{"@id":"https:\/\/laredlarioja.com.ar\/sitio\/#\/schema\/logo\/image\/"},"sameAs":["https:\/\/www.facebook.com\/lared.larioja","https:\/\/x.com\/laredlarioja1","https:\/\/www.instagram.com\/lared_larioja\/"]},{"@type":"Person","@id":"https:\/\/laredlarioja.com.ar\/sitio\/#\/schema\/person\/f1e213867beccedaaa4fb548d9259d9a","name":"La Red","url":"https:\/\/laredlarioja.com.ar\/sitio\/author\/lared\/"}]}},"featured_image_urls":{"full":["https:\/\/laredlarioja.com.ar\/sitio\/wp-content\/uploads\/2023\/09\/370639642_312113481328665_8216760171598861319_n.jpg",1080,1080,false],"thumbnail":["https:\/\/laredlarioja.com.ar\/sitio\/wp-content\/uploads\/2023\/09\/370639642_312113481328665_8216760171598861319_n-150x150.jpg",150,150,true],"medium":["https:\/\/laredlarioja.com.ar\/sitio\/wp-content\/uploads\/2023\/09\/370639642_312113481328665_8216760171598861319_n-300x300.jpg",300,300,true],"medium_large":["https:\/\/laredlarioja.com.ar\/sitio\/wp-content\/uploads\/2023\/09\/370639642_312113481328665_8216760171598861319_n-768x768.jpg",640,640,true],"large":["https:\/\/laredlarioja.com.ar\/sitio\/wp-content\/uploads\/2023\/09\/370639642_312113481328665_8216760171598861319_n-1024x1024.jpg",640,640,true],"1536x1536":["https:\/\/laredlarioja.com.ar\/sitio\/wp-content\/uploads\/2023\/09\/370639642_312113481328665_8216760171598861319_n.jpg",1080,1080,false],"2048x2048":["https:\/\/laredlarioja.com.ar\/sitio\/wp-content\/uploads\/2023\/09\/370639642_312113481328665_8216760171598861319_n.jpg",1080,1080,false],"cvmm-medium":["https:\/\/laredlarioja.com.ar\/sitio\/wp-content\/uploads\/2023\/09\/370639642_312113481328665_8216760171598861319_n-300x300.jpg",300,300,true],"cvmm-medium-plus":["https:\/\/laredlarioja.com.ar\/sitio\/wp-content\/uploads\/2023\/09\/370639642_312113481328665_8216760171598861319_n-305x207.jpg",305,207,true],"cvmm-portrait":["https:\/\/laredlarioja.com.ar\/sitio\/wp-content\/uploads\/2023\/09\/370639642_312113481328665_8216760171598861319_n-400x600.jpg",400,600,true],"cvmm-medium-square":["https:\/\/laredlarioja.com.ar\/sitio\/wp-content\/uploads\/2023\/09\/370639642_312113481328665_8216760171598861319_n-600x600.jpg",600,600,true],"cvmm-large":["https:\/\/laredlarioja.com.ar\/sitio\/wp-content\/uploads\/2023\/09\/370639642_312113481328665_8216760171598861319_n-1024x1024.jpg",1024,1024,true],"cvmm-small":["https:\/\/laredlarioja.com.ar\/sitio\/wp-content\/uploads\/2023\/09\/370639642_312113481328665_8216760171598861319_n-130x95.jpg",130,95,true],"morenews-large":["https:\/\/laredlarioja.com.ar\/sitio\/wp-content\/uploads\/2023\/09\/370639642_312113481328665_8216760171598861319_n-825x575.jpg",825,575,true],"morenews-medium":["https:\/\/laredlarioja.com.ar\/sitio\/wp-content\/uploads\/2023\/09\/370639642_312113481328665_8216760171598861319_n-590x410.jpg",590,410,true]},"author_info":{"display_name":"La Red","author_link":"https:\/\/laredlarioja.com.ar\/sitio\/author\/lared\/"},"category_info":"<a href=\"https:\/\/laredlarioja.com.ar\/sitio\/categorias\/locales\/\" rel=\"category tag\">Locales<\/a>","tag_info":"Locales","comment_count":"0","blog_post_layout_featured_media_urls":{"thumbnail":["https:\/\/laredlarioja.com.ar\/sitio\/wp-content\/uploads\/2023\/09\/370639642_312113481328665_8216760171598861319_n-150x150.jpg",150,150,true],"full":["https:\/\/laredlarioja.com.ar\/sitio\/wp-content\/uploads\/2023\/09\/370639642_312113481328665_8216760171598861319_n.jpg",1080,1080,false]},"categories_names":{"94":{"name":"Locales","link":"https:\/\/laredlarioja.com.ar\/sitio\/categorias\/locales\/"}},"tags_names":[],"comments_number":"0","wpmagazine_modules_lite_featured_media_urls":{"thumbnail":["https:\/\/laredlarioja.com.ar\/sitio\/wp-content\/uploads\/2023\/09\/370639642_312113481328665_8216760171598861319_n-150x150.jpg",150,150,true],"cvmm-medium":["https:\/\/laredlarioja.com.ar\/sitio\/wp-content\/uploads\/2023\/09\/370639642_312113481328665_8216760171598861319_n-300x300.jpg",300,300,true],"cvmm-medium-plus":["https:\/\/laredlarioja.com.ar\/sitio\/wp-content\/uploads\/2023\/09\/370639642_312113481328665_8216760171598861319_n-305x207.jpg",305,207,true],"cvmm-portrait":["https:\/\/laredlarioja.com.ar\/sitio\/wp-content\/uploads\/2023\/09\/370639642_312113481328665_8216760171598861319_n-400x600.jpg",400,600,true],"cvmm-medium-square":["https:\/\/laredlarioja.com.ar\/sitio\/wp-content\/uploads\/2023\/09\/370639642_312113481328665_8216760171598861319_n-600x600.jpg",600,600,true],"cvmm-large":["https:\/\/laredlarioja.com.ar\/sitio\/wp-content\/uploads\/2023\/09\/370639642_312113481328665_8216760171598861319_n-1024x1024.jpg",1024,1024,true],"cvmm-small":["https:\/\/laredlarioja.com.ar\/sitio\/wp-content\/uploads\/2023\/09\/370639642_312113481328665_8216760171598861319_n-130x95.jpg",130,95,true],"full":["https:\/\/laredlarioja.com.ar\/sitio\/wp-content\/uploads\/2023\/09\/370639642_312113481328665_8216760171598861319_n.jpg",1080,1080,false]},"_links":{"self":[{"href":"https:\/\/laredlarioja.com.ar\/sitio\/wp-json\/wp\/v2\/posts\/35703","targetHints":{"allow":["GET"]}}],"collection":[{"href":"https:\/\/laredlarioja.com.ar\/sitio\/wp-json\/wp\/v2\/posts"}],"about":[{"href":"https:\/\/laredlarioja.com.ar\/sitio\/wp-json\/wp\/v2\/types\/post"}],"author":[{"embeddable":true,"href":"https:\/\/laredlarioja.com.ar\/sitio\/wp-json\/wp\/v2\/users\/10"}],"replies":[{"embeddable":true,"href":"https:\/\/laredlarioja.com.ar\/sitio\/wp-json\/wp\/v2\/comments?post=35703"}],"version-history":[{"count":9,"href":"https:\/\/laredlarioja.com.ar\/sitio\/wp-json\/wp\/v2\/posts\/35703\/revisions"}],"predecessor-version":[{"id":35722,"href":"https:\/\/laredlarioja.com.ar\/sitio\/wp-json\/wp\/v2\/posts\/35703\/revisions\/35722"}],"wp:featuredmedia":[{"embeddable":true,"href":"https:\/\/laredlarioja.com.ar\/sitio\/wp-json\/wp\/v2\/media\/35715"}],"wp:attachment":[{"href":"https:\/\/laredlarioja.com.ar\/sitio\/wp-json\/wp\/v2\/media?parent=35703"}],"wp:term":[{"taxonomy":"category","embeddable":true,"href":"https:\/\/laredlarioja.com.ar\/sitio\/wp-json\/wp\/v2\/categories?post=35703"},{"taxonomy":"post_tag","embeddable":true,"href":"https:\/\/laredlarioja.com.ar\/sitio\/wp-json\/wp\/v2\/tags?post=35703"}],"curies":[{"name":"wp","href":"https:\/\/api.w.org\/{rel}","templated":true}]}}