{"id":35710,"date":"2023-09-05T13:42:35","date_gmt":"2023-09-05T13:42:35","guid":{"rendered":"https:\/\/laredlarioja.com.ar\/sitio\/?p=35710"},"modified":"2023-09-06T23:27:05","modified_gmt":"2023-09-06T23:27:05","slug":"sergio-galleguillo-en-los-festivales-de-folclore-estamos-perdiendo-espacios","status":"publish","type":"post","link":"https:\/\/laredlarioja.com.ar\/sitio\/sergio-galleguillo-en-los-festivales-de-folclore-estamos-perdiendo-espacios\/","title":{"rendered":"Sergio Galleguillo:  \u00abLos pol\u00edticos est\u00e1n muy alejados porque ellos creen que tienen la verdad\u00bb"},"content":{"rendered":"<p><span style=\"font-weight: 400;\"><strong>Sergio Galleguillo<\/strong> cuestion\u00f3 la falta de nuevos artistas en el folclore, analiz\u00f3 el contexto pol\u00edtico actual y ratific\u00f3 que en 6 a\u00f1os le gustar\u00eda retirarse de la m\u00fasica. En <strong>Radio La Red<\/strong> el artista habl\u00f3 sobre su presente y su mirada sobre la m\u00fasica actual.<\/span><\/p>\n<p><span style=\"font-weight: 400;\"><strong>\u00a0\u201cYa tengo 54 a\u00f1os y dije que a los 60 me retiraba de este fervor de viajar tanto. Adem\u00e1s uno debe saber cu\u00e1ndo retirarse.<\/strong> Estos 6 a\u00f1os ser\u00e1n a full, pero a esa edad me gustar\u00eda retirarme como tiene que ser, con una gira por todo el pa\u00eds para cerrar un ciclo hermoso en mi vida\u201d, dijo el artista.<\/span><\/p>\n<p><span style=\"font-weight: 400;\">Tambi\u00e9n, habl\u00f3 sobre la necesidad de abrir espacios a la nueva camada de m\u00fasicos: \u201cTengo que dar lugar a los artistas que se vienen, ayudarlos a que salgan por el pa\u00eds\u201d.<\/span><\/p>\n<p><span style=\"font-weight: 400;\">A su vez, el artista reflexion\u00f3 sobre la m\u00fasica actual y se quej\u00f3 de que el folclore est\u00e9 perdiendo espacios en la escena: \u201cEn el folclore no hay gente nueva. No existe a nivel nacional un referente que pueda ser popular, como sucede en otros g\u00e9neros como el trap con artistas como Rusher King o Mar\u00eda Becerra. En los festivales de folclore estamos perdiendo espacios los folcloristas y entran los grupos de cuartetos que son masivos\u201d.\u00a0<\/span><span style=\"font-weight: 400;\">\u201cDebemos empezar a sembrar nuevos artistas para que el folklore vuelva a resurgir\u201d, expres\u00f3.<\/span><\/p>\n<p>Por \u00faltimo, brind\u00f3 su mirada sobre el contexto pol\u00edtico actual, y apunt\u00f3 que: <strong>\u00abLos pol\u00edticos est\u00e1n muy alejados porque ellos creen que tienen la verdad\u00bb. \u00abSiempre digo que La Rioja ha sido una provincia diferente, este ultimo tiempo se est\u00e1 haciendo cosas con el turismo para atraer m\u00e1s gente. Yo mientras pueda invitar al turismo para que vengan a consumir un restaurante, un hotel o hacer que se mueva la movida, ya estoy haciendo por m\u00ed Rioja\u00bb.<\/strong><\/p>\n","protected":false},"excerpt":{"rendered":"<p>Sergio Galleguillo cuestion\u00f3 la falta de nuevos artistas en el folclore, analiz\u00f3 el contexto pol\u00edtico actual y ratific\u00f3<\/p>\n","protected":false},"author":10,"featured_media":35711,"comment_status":"closed","ping_status":"open","sticky":false,"template":"","format":"standard","meta":{"footnotes":""},"categories":[24,100],"tags":[],"class_list":["post-35710","post","type-post","status-publish","format-standard","has-post-thumbnail","hentry","category-informacion-general","category-tapa"],"yoast_head":"<!-- This site is optimized with the Yoast SEO plugin v27.4 - https:\/\/yoast.com\/product\/yoast-seo-wordpress\/ -->\n<title>Sergio Galleguillo: &quot;Los pol\u00edticos est\u00e1n muy alejados porque ellos creen que tienen la verdad&quot; - LA RED 88.3 LA RIOJA<\/title>\n<meta name=\"robots\" content=\"index, follow, max-snippet:-1, max-image-preview:large, max-video-preview:-1\" \/>\n<link rel=\"canonical\" href=\"https:\/\/laredlarioja.com.ar\/sitio\/sergio-galleguillo-en-los-festivales-de-folclore-estamos-perdiendo-espacios\/\" \/>\n<meta property=\"og:locale\" content=\"es_ES\" \/>\n<meta property=\"og:type\" content=\"article\" \/>\n<meta property=\"og:title\" content=\"Sergio Galleguillo: &quot;Los pol\u00edticos est\u00e1n muy alejados porque ellos creen que tienen la verdad&quot; - LA RED 88.3 LA RIOJA\" \/>\n<meta property=\"og:description\" content=\"Sergio Galleguillo cuestion\u00f3 la falta de nuevos artistas en el folclore, analiz\u00f3 el contexto pol\u00edtico actual y ratific\u00f3\" \/>\n<meta property=\"og:url\" content=\"https:\/\/laredlarioja.com.ar\/sitio\/sergio-galleguillo-en-los-festivales-de-folclore-estamos-perdiendo-espacios\/\" \/>\n<meta property=\"og:site_name\" content=\"LA RED 88.3 LA RIOJA\" \/>\n<meta property=\"article:publisher\" content=\"https:\/\/www.facebook.com\/lared.larioja\" \/>\n<meta property=\"article:published_time\" content=\"2023-09-05T13:42:35+00:00\" \/>\n<meta property=\"article:modified_time\" content=\"2023-09-06T23:27:05+00:00\" \/>\n<meta property=\"og:image\" content=\"https:\/\/laredlarioja.com.ar\/sitio\/wp-content\/uploads\/2023\/09\/GALEGUILLO.jpg\" \/>\n\t<meta property=\"og:image:width\" content=\"1000\" \/>\n\t<meta property=\"og:image:height\" content=\"600\" \/>\n\t<meta property=\"og:image:type\" content=\"image\/jpeg\" \/>\n<meta name=\"author\" content=\"La Red\" \/>\n<meta name=\"twitter:card\" content=\"summary_large_image\" \/>\n<meta name=\"twitter:creator\" content=\"@laredlarioja1\" \/>\n<meta name=\"twitter:site\" content=\"@laredlarioja1\" \/>\n<meta name=\"twitter:label1\" content=\"Escrito por\" \/>\n\t<meta name=\"twitter:data1\" content=\"La Red\" \/>\n\t<meta name=\"twitter:label2\" content=\"Tiempo de lectura\" \/>\n\t<meta name=\"twitter:data2\" content=\"2 minutos\" \/>\n<script type=\"application\/ld+json\" class=\"yoast-schema-graph\">{\"@context\":\"https:\\\/\\\/schema.org\",\"@graph\":[{\"@type\":\"Article\",\"@id\":\"https:\\\/\\\/laredlarioja.com.ar\\\/sitio\\\/sergio-galleguillo-en-los-festivales-de-folclore-estamos-perdiendo-espacios\\\/#article\",\"isPartOf\":{\"@id\":\"https:\\\/\\\/laredlarioja.com.ar\\\/sitio\\\/sergio-galleguillo-en-los-festivales-de-folclore-estamos-perdiendo-espacios\\\/\"},\"author\":{\"name\":\"La Red\",\"@id\":\"https:\\\/\\\/laredlarioja.com.ar\\\/sitio\\\/#\\\/schema\\\/person\\\/f1e213867beccedaaa4fb548d9259d9a\"},\"headline\":\"Sergio Galleguillo: \u00abLos pol\u00edticos est\u00e1n muy alejados porque ellos creen que tienen la verdad\u00bb\",\"datePublished\":\"2023-09-05T13:42:35+00:00\",\"dateModified\":\"2023-09-06T23:27:05+00:00\",\"mainEntityOfPage\":{\"@id\":\"https:\\\/\\\/laredlarioja.com.ar\\\/sitio\\\/sergio-galleguillo-en-los-festivales-de-folclore-estamos-perdiendo-espacios\\\/\"},\"wordCount\":336,\"publisher\":{\"@id\":\"https:\\\/\\\/laredlarioja.com.ar\\\/sitio\\\/#organization\"},\"image\":{\"@id\":\"https:\\\/\\\/laredlarioja.com.ar\\\/sitio\\\/sergio-galleguillo-en-los-festivales-de-folclore-estamos-perdiendo-espacios\\\/#primaryimage\"},\"thumbnailUrl\":\"https:\\\/\\\/laredlarioja.com.ar\\\/sitio\\\/wp-content\\\/uploads\\\/2023\\\/09\\\/GALEGUILLO.jpg\",\"articleSection\":[\"Informaci\u00f3n General\",\"Tapa\"],\"inLanguage\":\"es\"},{\"@type\":\"WebPage\",\"@id\":\"https:\\\/\\\/laredlarioja.com.ar\\\/sitio\\\/sergio-galleguillo-en-los-festivales-de-folclore-estamos-perdiendo-espacios\\\/\",\"url\":\"https:\\\/\\\/laredlarioja.com.ar\\\/sitio\\\/sergio-galleguillo-en-los-festivales-de-folclore-estamos-perdiendo-espacios\\\/\",\"name\":\"Sergio Galleguillo: \\\"Los pol\u00edticos est\u00e1n muy alejados porque ellos creen que tienen la verdad\\\" - LA RED 88.3 LA RIOJA\",\"isPartOf\":{\"@id\":\"https:\\\/\\\/laredlarioja.com.ar\\\/sitio\\\/#website\"},\"primaryImageOfPage\":{\"@id\":\"https:\\\/\\\/laredlarioja.com.ar\\\/sitio\\\/sergio-galleguillo-en-los-festivales-de-folclore-estamos-perdiendo-espacios\\\/#primaryimage\"},\"image\":{\"@id\":\"https:\\\/\\\/laredlarioja.com.ar\\\/sitio\\\/sergio-galleguillo-en-los-festivales-de-folclore-estamos-perdiendo-espacios\\\/#primaryimage\"},\"thumbnailUrl\":\"https:\\\/\\\/laredlarioja.com.ar\\\/sitio\\\/wp-content\\\/uploads\\\/2023\\\/09\\\/GALEGUILLO.jpg\",\"datePublished\":\"2023-09-05T13:42:35+00:00\",\"dateModified\":\"2023-09-06T23:27:05+00:00\",\"breadcrumb\":{\"@id\":\"https:\\\/\\\/laredlarioja.com.ar\\\/sitio\\\/sergio-galleguillo-en-los-festivales-de-folclore-estamos-perdiendo-espacios\\\/#breadcrumb\"},\"inLanguage\":\"es\",\"potentialAction\":[{\"@type\":\"ReadAction\",\"target\":[\"https:\\\/\\\/laredlarioja.com.ar\\\/sitio\\\/sergio-galleguillo-en-los-festivales-de-folclore-estamos-perdiendo-espacios\\\/\"]}]},{\"@type\":\"ImageObject\",\"inLanguage\":\"es\",\"@id\":\"https:\\\/\\\/laredlarioja.com.ar\\\/sitio\\\/sergio-galleguillo-en-los-festivales-de-folclore-estamos-perdiendo-espacios\\\/#primaryimage\",\"url\":\"https:\\\/\\\/laredlarioja.com.ar\\\/sitio\\\/wp-content\\\/uploads\\\/2023\\\/09\\\/GALEGUILLO.jpg\",\"contentUrl\":\"https:\\\/\\\/laredlarioja.com.ar\\\/sitio\\\/wp-content\\\/uploads\\\/2023\\\/09\\\/GALEGUILLO.jpg\",\"width\":1000,\"height\":600},{\"@type\":\"BreadcrumbList\",\"@id\":\"https:\\\/\\\/laredlarioja.com.ar\\\/sitio\\\/sergio-galleguillo-en-los-festivales-de-folclore-estamos-perdiendo-espacios\\\/#breadcrumb\",\"itemListElement\":[{\"@type\":\"ListItem\",\"position\":1,\"name\":\"Portada\",\"item\":\"https:\\\/\\\/laredlarioja.com.ar\\\/sitio\\\/\"},{\"@type\":\"ListItem\",\"position\":2,\"name\":\"Sergio Galleguillo: &#8220;Los pol\u00edticos est\u00e1n muy alejados porque ellos creen que tienen la verdad&#8221;\"}]},{\"@type\":\"WebSite\",\"@id\":\"https:\\\/\\\/laredlarioja.com.ar\\\/sitio\\\/#website\",\"url\":\"https:\\\/\\\/laredlarioja.com.ar\\\/sitio\\\/\",\"name\":\"LA RED 88.3 LA RIOJA\",\"description\":\"Sitio de Noticias\",\"publisher\":{\"@id\":\"https:\\\/\\\/laredlarioja.com.ar\\\/sitio\\\/#organization\"},\"potentialAction\":[{\"@type\":\"SearchAction\",\"target\":{\"@type\":\"EntryPoint\",\"urlTemplate\":\"https:\\\/\\\/laredlarioja.com.ar\\\/sitio\\\/?s={search_term_string}\"},\"query-input\":{\"@type\":\"PropertyValueSpecification\",\"valueRequired\":true,\"valueName\":\"search_term_string\"}}],\"inLanguage\":\"es\"},{\"@type\":\"Organization\",\"@id\":\"https:\\\/\\\/laredlarioja.com.ar\\\/sitio\\\/#organization\",\"name\":\"LA RED 88.3 LA RIOJA\",\"url\":\"https:\\\/\\\/laredlarioja.com.ar\\\/sitio\\\/\",\"logo\":{\"@type\":\"ImageObject\",\"inLanguage\":\"es\",\"@id\":\"https:\\\/\\\/laredlarioja.com.ar\\\/sitio\\\/#\\\/schema\\\/logo\\\/image\\\/\",\"url\":\"https:\\\/\\\/laredlarioja.com.ar\\\/sitio\\\/wp-content\\\/uploads\\\/2025\\\/05\\\/LOGO-LA-RED.png\",\"contentUrl\":\"https:\\\/\\\/laredlarioja.com.ar\\\/sitio\\\/wp-content\\\/uploads\\\/2025\\\/05\\\/LOGO-LA-RED.png\",\"width\":193,\"height\":340,\"caption\":\"LA RED 88.3 LA RIOJA\"},\"image\":{\"@id\":\"https:\\\/\\\/laredlarioja.com.ar\\\/sitio\\\/#\\\/schema\\\/logo\\\/image\\\/\"},\"sameAs\":[\"https:\\\/\\\/www.facebook.com\\\/lared.larioja\",\"https:\\\/\\\/x.com\\\/laredlarioja1\",\"https:\\\/\\\/www.instagram.com\\\/lared_larioja\\\/\"]},{\"@type\":\"Person\",\"@id\":\"https:\\\/\\\/laredlarioja.com.ar\\\/sitio\\\/#\\\/schema\\\/person\\\/f1e213867beccedaaa4fb548d9259d9a\",\"name\":\"La Red\",\"url\":\"https:\\\/\\\/laredlarioja.com.ar\\\/sitio\\\/author\\\/lared\\\/\"}]}<\/script>\n<!-- \/ Yoast SEO plugin. -->","yoast_head_json":{"title":"Sergio Galleguillo: \"Los pol\u00edticos est\u00e1n muy alejados porque ellos creen que tienen la verdad\" - LA RED 88.3 LA RIOJA","robots":{"index":"index","follow":"follow","max-snippet":"max-snippet:-1","max-image-preview":"max-image-preview:large","max-video-preview":"max-video-preview:-1"},"canonical":"https:\/\/laredlarioja.com.ar\/sitio\/sergio-galleguillo-en-los-festivales-de-folclore-estamos-perdiendo-espacios\/","og_locale":"es_ES","og_type":"article","og_title":"Sergio Galleguillo: \"Los pol\u00edticos est\u00e1n muy alejados porque ellos creen que tienen la verdad\" - LA RED 88.3 LA RIOJA","og_description":"Sergio Galleguillo cuestion\u00f3 la falta de nuevos artistas en el folclore, analiz\u00f3 el contexto pol\u00edtico actual y ratific\u00f3","og_url":"https:\/\/laredlarioja.com.ar\/sitio\/sergio-galleguillo-en-los-festivales-de-folclore-estamos-perdiendo-espacios\/","og_site_name":"LA RED 88.3 LA RIOJA","article_publisher":"https:\/\/www.facebook.com\/lared.larioja","article_published_time":"2023-09-05T13:42:35+00:00","article_modified_time":"2023-09-06T23:27:05+00:00","og_image":[{"width":1000,"height":600,"url":"https:\/\/laredlarioja.com.ar\/sitio\/wp-content\/uploads\/2023\/09\/GALEGUILLO.jpg","type":"image\/jpeg"}],"author":"La Red","twitter_card":"summary_large_image","twitter_creator":"@laredlarioja1","twitter_site":"@laredlarioja1","twitter_misc":{"Escrito por":"La Red","Tiempo de lectura":"2 minutos"},"schema":{"@context":"https:\/\/schema.org","@graph":[{"@type":"Article","@id":"https:\/\/laredlarioja.com.ar\/sitio\/sergio-galleguillo-en-los-festivales-de-folclore-estamos-perdiendo-espacios\/#article","isPartOf":{"@id":"https:\/\/laredlarioja.com.ar\/sitio\/sergio-galleguillo-en-los-festivales-de-folclore-estamos-perdiendo-espacios\/"},"author":{"name":"La Red","@id":"https:\/\/laredlarioja.com.ar\/sitio\/#\/schema\/person\/f1e213867beccedaaa4fb548d9259d9a"},"headline":"Sergio Galleguillo: \u00abLos pol\u00edticos est\u00e1n muy alejados porque ellos creen que tienen la verdad\u00bb","datePublished":"2023-09-05T13:42:35+00:00","dateModified":"2023-09-06T23:27:05+00:00","mainEntityOfPage":{"@id":"https:\/\/laredlarioja.com.ar\/sitio\/sergio-galleguillo-en-los-festivales-de-folclore-estamos-perdiendo-espacios\/"},"wordCount":336,"publisher":{"@id":"https:\/\/laredlarioja.com.ar\/sitio\/#organization"},"image":{"@id":"https:\/\/laredlarioja.com.ar\/sitio\/sergio-galleguillo-en-los-festivales-de-folclore-estamos-perdiendo-espacios\/#primaryimage"},"thumbnailUrl":"https:\/\/laredlarioja.com.ar\/sitio\/wp-content\/uploads\/2023\/09\/GALEGUILLO.jpg","articleSection":["Informaci\u00f3n General","Tapa"],"inLanguage":"es"},{"@type":"WebPage","@id":"https:\/\/laredlarioja.com.ar\/sitio\/sergio-galleguillo-en-los-festivales-de-folclore-estamos-perdiendo-espacios\/","url":"https:\/\/laredlarioja.com.ar\/sitio\/sergio-galleguillo-en-los-festivales-de-folclore-estamos-perdiendo-espacios\/","name":"Sergio Galleguillo: \"Los pol\u00edticos est\u00e1n muy alejados porque ellos creen que tienen la verdad\" - LA RED 88.3 LA RIOJA","isPartOf":{"@id":"https:\/\/laredlarioja.com.ar\/sitio\/#website"},"primaryImageOfPage":{"@id":"https:\/\/laredlarioja.com.ar\/sitio\/sergio-galleguillo-en-los-festivales-de-folclore-estamos-perdiendo-espacios\/#primaryimage"},"image":{"@id":"https:\/\/laredlarioja.com.ar\/sitio\/sergio-galleguillo-en-los-festivales-de-folclore-estamos-perdiendo-espacios\/#primaryimage"},"thumbnailUrl":"https:\/\/laredlarioja.com.ar\/sitio\/wp-content\/uploads\/2023\/09\/GALEGUILLO.jpg","datePublished":"2023-09-05T13:42:35+00:00","dateModified":"2023-09-06T23:27:05+00:00","breadcrumb":{"@id":"https:\/\/laredlarioja.com.ar\/sitio\/sergio-galleguillo-en-los-festivales-de-folclore-estamos-perdiendo-espacios\/#breadcrumb"},"inLanguage":"es","potentialAction":[{"@type":"ReadAction","target":["https:\/\/laredlarioja.com.ar\/sitio\/sergio-galleguillo-en-los-festivales-de-folclore-estamos-perdiendo-espacios\/"]}]},{"@type":"ImageObject","inLanguage":"es","@id":"https:\/\/laredlarioja.com.ar\/sitio\/sergio-galleguillo-en-los-festivales-de-folclore-estamos-perdiendo-espacios\/#primaryimage","url":"https:\/\/laredlarioja.com.ar\/sitio\/wp-content\/uploads\/2023\/09\/GALEGUILLO.jpg","contentUrl":"https:\/\/laredlarioja.com.ar\/sitio\/wp-content\/uploads\/2023\/09\/GALEGUILLO.jpg","width":1000,"height":600},{"@type":"BreadcrumbList","@id":"https:\/\/laredlarioja.com.ar\/sitio\/sergio-galleguillo-en-los-festivales-de-folclore-estamos-perdiendo-espacios\/#breadcrumb","itemListElement":[{"@type":"ListItem","position":1,"name":"Portada","item":"https:\/\/laredlarioja.com.ar\/sitio\/"},{"@type":"ListItem","position":2,"name":"Sergio Galleguillo: &#8220;Los pol\u00edticos est\u00e1n muy alejados porque ellos creen que tienen la verdad&#8221;"}]},{"@type":"WebSite","@id":"https:\/\/laredlarioja.com.ar\/sitio\/#website","url":"https:\/\/laredlarioja.com.ar\/sitio\/","name":"LA RED 88.3 LA RIOJA","description":"Sitio de Noticias","publisher":{"@id":"https:\/\/laredlarioja.com.ar\/sitio\/#organization"},"potentialAction":[{"@type":"SearchAction","target":{"@type":"EntryPoint","urlTemplate":"https:\/\/laredlarioja.com.ar\/sitio\/?s={search_term_string}"},"query-input":{"@type":"PropertyValueSpecification","valueRequired":true,"valueName":"search_term_string"}}],"inLanguage":"es"},{"@type":"Organization","@id":"https:\/\/laredlarioja.com.ar\/sitio\/#organization","name":"LA RED 88.3 LA RIOJA","url":"https:\/\/laredlarioja.com.ar\/sitio\/","logo":{"@type":"ImageObject","inLanguage":"es","@id":"https:\/\/laredlarioja.com.ar\/sitio\/#\/schema\/logo\/image\/","url":"https:\/\/laredlarioja.com.ar\/sitio\/wp-content\/uploads\/2025\/05\/LOGO-LA-RED.png","contentUrl":"https:\/\/laredlarioja.com.ar\/sitio\/wp-content\/uploads\/2025\/05\/LOGO-LA-RED.png","width":193,"height":340,"caption":"LA RED 88.3 LA RIOJA"},"image":{"@id":"https:\/\/laredlarioja.com.ar\/sitio\/#\/schema\/logo\/image\/"},"sameAs":["https:\/\/www.facebook.com\/lared.larioja","https:\/\/x.com\/laredlarioja1","https:\/\/www.instagram.com\/lared_larioja\/"]},{"@type":"Person","@id":"https:\/\/laredlarioja.com.ar\/sitio\/#\/schema\/person\/f1e213867beccedaaa4fb548d9259d9a","name":"La Red","url":"https:\/\/laredlarioja.com.ar\/sitio\/author\/lared\/"}]}},"featured_image_urls":{"full":["https:\/\/laredlarioja.com.ar\/sitio\/wp-content\/uploads\/2023\/09\/GALEGUILLO.jpg",1000,600,false],"thumbnail":["https:\/\/laredlarioja.com.ar\/sitio\/wp-content\/uploads\/2023\/09\/GALEGUILLO-150x150.jpg",150,150,true],"medium":["https:\/\/laredlarioja.com.ar\/sitio\/wp-content\/uploads\/2023\/09\/GALEGUILLO-300x180.jpg",300,180,true],"medium_large":["https:\/\/laredlarioja.com.ar\/sitio\/wp-content\/uploads\/2023\/09\/GALEGUILLO-768x461.jpg",640,384,true],"large":["https:\/\/laredlarioja.com.ar\/sitio\/wp-content\/uploads\/2023\/09\/GALEGUILLO.jpg",640,384,false],"1536x1536":["https:\/\/laredlarioja.com.ar\/sitio\/wp-content\/uploads\/2023\/09\/GALEGUILLO.jpg",1000,600,false],"2048x2048":["https:\/\/laredlarioja.com.ar\/sitio\/wp-content\/uploads\/2023\/09\/GALEGUILLO.jpg",1000,600,false],"cvmm-medium":["https:\/\/laredlarioja.com.ar\/sitio\/wp-content\/uploads\/2023\/09\/GALEGUILLO-300x300.jpg",300,300,true],"cvmm-medium-plus":["https:\/\/laredlarioja.com.ar\/sitio\/wp-content\/uploads\/2023\/09\/GALEGUILLO-305x207.jpg",305,207,true],"cvmm-portrait":["https:\/\/laredlarioja.com.ar\/sitio\/wp-content\/uploads\/2023\/09\/GALEGUILLO-400x600.jpg",400,600,true],"cvmm-medium-square":["https:\/\/laredlarioja.com.ar\/sitio\/wp-content\/uploads\/2023\/09\/GALEGUILLO-600x600.jpg",600,600,true],"cvmm-large":["https:\/\/laredlarioja.com.ar\/sitio\/wp-content\/uploads\/2023\/09\/GALEGUILLO.jpg",1000,600,false],"cvmm-small":["https:\/\/laredlarioja.com.ar\/sitio\/wp-content\/uploads\/2023\/09\/GALEGUILLO-130x95.jpg",130,95,true],"morenews-large":["https:\/\/laredlarioja.com.ar\/sitio\/wp-content\/uploads\/2023\/09\/GALEGUILLO-825x575.jpg",825,575,true],"morenews-medium":["https:\/\/laredlarioja.com.ar\/sitio\/wp-content\/uploads\/2023\/09\/GALEGUILLO-590x410.jpg",590,410,true]},"author_info":{"display_name":"La Red","author_link":"https:\/\/laredlarioja.com.ar\/sitio\/author\/lared\/"},"category_info":"<a href=\"https:\/\/laredlarioja.com.ar\/sitio\/categorias\/informacion-general\/\" rel=\"category tag\">Informaci\u00f3n General<\/a> <a href=\"https:\/\/laredlarioja.com.ar\/sitio\/categorias\/tapa\/\" rel=\"category tag\">Tapa<\/a>","tag_info":"Tapa","comment_count":"0","blog_post_layout_featured_media_urls":{"thumbnail":["https:\/\/laredlarioja.com.ar\/sitio\/wp-content\/uploads\/2023\/09\/GALEGUILLO-150x150.jpg",150,150,true],"full":["https:\/\/laredlarioja.com.ar\/sitio\/wp-content\/uploads\/2023\/09\/GALEGUILLO.jpg",1000,600,false]},"categories_names":{"24":{"name":"Informaci\u00f3n General","link":"https:\/\/laredlarioja.com.ar\/sitio\/categorias\/informacion-general\/"},"100":{"name":"Tapa","link":"https:\/\/laredlarioja.com.ar\/sitio\/categorias\/tapa\/"}},"tags_names":[],"comments_number":"0","wpmagazine_modules_lite_featured_media_urls":{"thumbnail":["https:\/\/laredlarioja.com.ar\/sitio\/wp-content\/uploads\/2023\/09\/GALEGUILLO-150x150.jpg",150,150,true],"cvmm-medium":["https:\/\/laredlarioja.com.ar\/sitio\/wp-content\/uploads\/2023\/09\/GALEGUILLO-300x300.jpg",300,300,true],"cvmm-medium-plus":["https:\/\/laredlarioja.com.ar\/sitio\/wp-content\/uploads\/2023\/09\/GALEGUILLO-305x207.jpg",305,207,true],"cvmm-portrait":["https:\/\/laredlarioja.com.ar\/sitio\/wp-content\/uploads\/2023\/09\/GALEGUILLO-400x600.jpg",400,600,true],"cvmm-medium-square":["https:\/\/laredlarioja.com.ar\/sitio\/wp-content\/uploads\/2023\/09\/GALEGUILLO-600x600.jpg",600,600,true],"cvmm-large":["https:\/\/laredlarioja.com.ar\/sitio\/wp-content\/uploads\/2023\/09\/GALEGUILLO.jpg",1000,600,false],"cvmm-small":["https:\/\/laredlarioja.com.ar\/sitio\/wp-content\/uploads\/2023\/09\/GALEGUILLO-130x95.jpg",130,95,true],"full":["https:\/\/laredlarioja.com.ar\/sitio\/wp-content\/uploads\/2023\/09\/GALEGUILLO.jpg",1000,600,false]},"_links":{"self":[{"href":"https:\/\/laredlarioja.com.ar\/sitio\/wp-json\/wp\/v2\/posts\/35710","targetHints":{"allow":["GET"]}}],"collection":[{"href":"https:\/\/laredlarioja.com.ar\/sitio\/wp-json\/wp\/v2\/posts"}],"about":[{"href":"https:\/\/laredlarioja.com.ar\/sitio\/wp-json\/wp\/v2\/types\/post"}],"author":[{"embeddable":true,"href":"https:\/\/laredlarioja.com.ar\/sitio\/wp-json\/wp\/v2\/users\/10"}],"replies":[{"embeddable":true,"href":"https:\/\/laredlarioja.com.ar\/sitio\/wp-json\/wp\/v2\/comments?post=35710"}],"version-history":[{"count":5,"href":"https:\/\/laredlarioja.com.ar\/sitio\/wp-json\/wp\/v2\/posts\/35710\/revisions"}],"predecessor-version":[{"id":35725,"href":"https:\/\/laredlarioja.com.ar\/sitio\/wp-json\/wp\/v2\/posts\/35710\/revisions\/35725"}],"wp:featuredmedia":[{"embeddable":true,"href":"https:\/\/laredlarioja.com.ar\/sitio\/wp-json\/wp\/v2\/media\/35711"}],"wp:attachment":[{"href":"https:\/\/laredlarioja.com.ar\/sitio\/wp-json\/wp\/v2\/media?parent=35710"}],"wp:term":[{"taxonomy":"category","embeddable":true,"href":"https:\/\/laredlarioja.com.ar\/sitio\/wp-json\/wp\/v2\/categories?post=35710"},{"taxonomy":"post_tag","embeddable":true,"href":"https:\/\/laredlarioja.com.ar\/sitio\/wp-json\/wp\/v2\/tags?post=35710"}],"curies":[{"name":"wp","href":"https:\/\/api.w.org\/{rel}","templated":true}]}}