{"id":35728,"date":"2023-09-05T15:17:58","date_gmt":"2023-09-05T15:17:58","guid":{"rendered":"https:\/\/laredlarioja.com.ar\/sitio\/?p=35728"},"modified":"2023-09-06T23:26:59","modified_gmt":"2023-09-06T23:26:59","slug":"el-distribuidor-vial-de-la-capital-finalizaria-en-octubre","status":"publish","type":"post","link":"https:\/\/laredlarioja.com.ar\/sitio\/el-distribuidor-vial-de-la-capital-finalizaria-en-octubre\/","title":{"rendered":"El Distribuidor Vial de la Capital finalizar\u00eda en octubre"},"content":{"rendered":"<p>Un retraso en materiales gener\u00f3 que la obra del Distribuidor o Corredor Vial extienda su tiempo de entrega y finalizaci\u00f3n. <strong>En di\u00e1logo con La Red<\/strong>, el ministro de Infraestructuras de la Provincia, Marcelo Del Moral, inform\u00f3 que la obra ser\u00eda entregada en octubre. Adem\u00e1s, reconoci\u00f3 que<strong> hay retraso en los pagos de certificaci\u00f3n de obras por parte del Gobierno Nacional.<\/strong><\/p>\n<p>La convivencia entre las obras viales, de infraestructura y los vecinos de la Capital tendr\u00e1 una extensi\u00f3n de varias semanas. En lo que se refiere el Corredor Vial, ubicado en la rotonda de avenida Ortiz de Ocampo y F\u00e9lix de la Colina, la mega construcci\u00f3n finalizar\u00eda en octubre. Del Moral precis\u00f3 que la entrega de materiales (pre-moldeados) para la construcci\u00f3n del puente se demor\u00f3 por lo que gener\u00f3 que los plazos de finalizaci\u00f3n tambi\u00e9n se extiendan.<\/p>\n<p>\u201c<strong>Ya est\u00e1n los pre-moldeados\u2026 van a ser colocados y una vez colocados seguir\u00e1 el asfaltado\u201d,<\/strong> dijo el funcionario en el programa <strong>Sal\u00ed con La Red<\/strong>. Precis\u00f3 que la <strong>construcci\u00f3n tiene un avance de m\u00e1s del 70 por ciento<\/strong>.<\/p>\n<p>Tambi\u00e9n se refiri\u00f3 a las obras de infraestructura que se realizan en el Centro de la Ciudad y volvi\u00f3 a reiterar que era algo necesario de concretar. \u201cPor 50 a\u00f1os no vamos a tener que tocar el centro\u201d, dijo el funcionario al describir la importancia de la obra para los y las vecinas. En este sentido, reconoci\u00f3 que genera malestar y pidi\u00f3 disculpas por ello, pero sostuvo con firmeza que era algo que se ten\u00eda que hacer.<\/p>\n<p>Del Moral, manifest\u00f3 que existen retrasos en los pagos de las certificaciones de obra que debe abonar Naci\u00f3n pero que pese a ello se hace el esfuerzo para evitar que los efectos perjudiquen a los trabajadores. \u201cHemos pedido a las empresas que no dejen operarios sin trabajo\u201d, sostuvo. Aclar\u00f3 que La Rioja es una de las provincias que lidera la cantidad de obras publicas que se realizan en el pa\u00eds.<\/p>\n","protected":false},"excerpt":{"rendered":"<p>Un retraso en materiales gener\u00f3 que la obra del Distribuidor o Corredor Vial extienda su tiempo de entrega<\/p>\n","protected":false},"author":8,"featured_media":31397,"comment_status":"closed","ping_status":"open","sticky":false,"template":"","format":"standard","meta":{"footnotes":""},"categories":[94,100],"tags":[],"class_list":["post-35728","post","type-post","status-publish","format-standard","has-post-thumbnail","hentry","category-locales","category-tapa"],"yoast_head":"<!-- This site is optimized with the Yoast SEO plugin v27.4 - https:\/\/yoast.com\/product\/yoast-seo-wordpress\/ -->\n<title>El Distribuidor Vial de la Capital finalizar\u00eda en octubre - LA RED 88.3 LA RIOJA<\/title>\n<meta name=\"robots\" content=\"index, follow, max-snippet:-1, max-image-preview:large, max-video-preview:-1\" \/>\n<link rel=\"canonical\" href=\"https:\/\/laredlarioja.com.ar\/sitio\/el-distribuidor-vial-de-la-capital-finalizaria-en-octubre\/\" \/>\n<meta property=\"og:locale\" content=\"es_ES\" \/>\n<meta property=\"og:type\" content=\"article\" \/>\n<meta property=\"og:title\" content=\"El Distribuidor Vial de la Capital finalizar\u00eda en octubre - LA RED 88.3 LA RIOJA\" \/>\n<meta property=\"og:description\" content=\"Un retraso en materiales gener\u00f3 que la obra del Distribuidor o Corredor Vial extienda su tiempo de entrega\" \/>\n<meta property=\"og:url\" content=\"https:\/\/laredlarioja.com.ar\/sitio\/el-distribuidor-vial-de-la-capital-finalizaria-en-octubre\/\" \/>\n<meta property=\"og:site_name\" content=\"LA RED 88.3 LA RIOJA\" \/>\n<meta property=\"article:publisher\" content=\"https:\/\/www.facebook.com\/lared.larioja\" \/>\n<meta property=\"article:published_time\" content=\"2023-09-05T15:17:58+00:00\" \/>\n<meta property=\"article:modified_time\" content=\"2023-09-06T23:26:59+00:00\" \/>\n<meta property=\"og:image\" content=\"https:\/\/laredlarioja.com.ar\/sitio\/wp-content\/uploads\/2023\/06\/rotonda-obra.jpg\" \/>\n\t<meta property=\"og:image:width\" content=\"1600\" \/>\n\t<meta property=\"og:image:height\" content=\"900\" \/>\n\t<meta property=\"og:image:type\" content=\"image\/jpeg\" \/>\n<meta name=\"author\" content=\"Mart\u00edn Ruarte\" \/>\n<meta name=\"twitter:card\" content=\"summary_large_image\" \/>\n<meta name=\"twitter:creator\" content=\"@laredlarioja1\" \/>\n<meta name=\"twitter:site\" content=\"@laredlarioja1\" \/>\n<meta name=\"twitter:label1\" content=\"Escrito por\" \/>\n\t<meta name=\"twitter:data1\" content=\"Mart\u00edn Ruarte\" \/>\n\t<meta name=\"twitter:label2\" content=\"Tiempo de lectura\" \/>\n\t<meta name=\"twitter:data2\" content=\"2 minutos\" \/>\n<script type=\"application\/ld+json\" class=\"yoast-schema-graph\">{\"@context\":\"https:\\\/\\\/schema.org\",\"@graph\":[{\"@type\":\"Article\",\"@id\":\"https:\\\/\\\/laredlarioja.com.ar\\\/sitio\\\/el-distribuidor-vial-de-la-capital-finalizaria-en-octubre\\\/#article\",\"isPartOf\":{\"@id\":\"https:\\\/\\\/laredlarioja.com.ar\\\/sitio\\\/el-distribuidor-vial-de-la-capital-finalizaria-en-octubre\\\/\"},\"author\":{\"name\":\"Mart\u00edn Ruarte\",\"@id\":\"https:\\\/\\\/laredlarioja.com.ar\\\/sitio\\\/#\\\/schema\\\/person\\\/3b1600cc7f8fd3617dc50f96d3503489\"},\"headline\":\"El Distribuidor Vial de la Capital finalizar\u00eda en octubre\",\"datePublished\":\"2023-09-05T15:17:58+00:00\",\"dateModified\":\"2023-09-06T23:26:59+00:00\",\"mainEntityOfPage\":{\"@id\":\"https:\\\/\\\/laredlarioja.com.ar\\\/sitio\\\/el-distribuidor-vial-de-la-capital-finalizaria-en-octubre\\\/\"},\"wordCount\":349,\"publisher\":{\"@id\":\"https:\\\/\\\/laredlarioja.com.ar\\\/sitio\\\/#organization\"},\"image\":{\"@id\":\"https:\\\/\\\/laredlarioja.com.ar\\\/sitio\\\/el-distribuidor-vial-de-la-capital-finalizaria-en-octubre\\\/#primaryimage\"},\"thumbnailUrl\":\"https:\\\/\\\/laredlarioja.com.ar\\\/sitio\\\/wp-content\\\/uploads\\\/2023\\\/06\\\/rotonda-obra.jpg\",\"articleSection\":[\"Locales\",\"Tapa\"],\"inLanguage\":\"es\"},{\"@type\":\"WebPage\",\"@id\":\"https:\\\/\\\/laredlarioja.com.ar\\\/sitio\\\/el-distribuidor-vial-de-la-capital-finalizaria-en-octubre\\\/\",\"url\":\"https:\\\/\\\/laredlarioja.com.ar\\\/sitio\\\/el-distribuidor-vial-de-la-capital-finalizaria-en-octubre\\\/\",\"name\":\"El Distribuidor Vial de la Capital finalizar\u00eda en octubre - LA RED 88.3 LA RIOJA\",\"isPartOf\":{\"@id\":\"https:\\\/\\\/laredlarioja.com.ar\\\/sitio\\\/#website\"},\"primaryImageOfPage\":{\"@id\":\"https:\\\/\\\/laredlarioja.com.ar\\\/sitio\\\/el-distribuidor-vial-de-la-capital-finalizaria-en-octubre\\\/#primaryimage\"},\"image\":{\"@id\":\"https:\\\/\\\/laredlarioja.com.ar\\\/sitio\\\/el-distribuidor-vial-de-la-capital-finalizaria-en-octubre\\\/#primaryimage\"},\"thumbnailUrl\":\"https:\\\/\\\/laredlarioja.com.ar\\\/sitio\\\/wp-content\\\/uploads\\\/2023\\\/06\\\/rotonda-obra.jpg\",\"datePublished\":\"2023-09-05T15:17:58+00:00\",\"dateModified\":\"2023-09-06T23:26:59+00:00\",\"breadcrumb\":{\"@id\":\"https:\\\/\\\/laredlarioja.com.ar\\\/sitio\\\/el-distribuidor-vial-de-la-capital-finalizaria-en-octubre\\\/#breadcrumb\"},\"inLanguage\":\"es\",\"potentialAction\":[{\"@type\":\"ReadAction\",\"target\":[\"https:\\\/\\\/laredlarioja.com.ar\\\/sitio\\\/el-distribuidor-vial-de-la-capital-finalizaria-en-octubre\\\/\"]}]},{\"@type\":\"ImageObject\",\"inLanguage\":\"es\",\"@id\":\"https:\\\/\\\/laredlarioja.com.ar\\\/sitio\\\/el-distribuidor-vial-de-la-capital-finalizaria-en-octubre\\\/#primaryimage\",\"url\":\"https:\\\/\\\/laredlarioja.com.ar\\\/sitio\\\/wp-content\\\/uploads\\\/2023\\\/06\\\/rotonda-obra.jpg\",\"contentUrl\":\"https:\\\/\\\/laredlarioja.com.ar\\\/sitio\\\/wp-content\\\/uploads\\\/2023\\\/06\\\/rotonda-obra.jpg\",\"width\":1600,\"height\":900},{\"@type\":\"BreadcrumbList\",\"@id\":\"https:\\\/\\\/laredlarioja.com.ar\\\/sitio\\\/el-distribuidor-vial-de-la-capital-finalizaria-en-octubre\\\/#breadcrumb\",\"itemListElement\":[{\"@type\":\"ListItem\",\"position\":1,\"name\":\"Portada\",\"item\":\"https:\\\/\\\/laredlarioja.com.ar\\\/sitio\\\/\"},{\"@type\":\"ListItem\",\"position\":2,\"name\":\"El Distribuidor Vial de la Capital finalizar\u00eda en octubre\"}]},{\"@type\":\"WebSite\",\"@id\":\"https:\\\/\\\/laredlarioja.com.ar\\\/sitio\\\/#website\",\"url\":\"https:\\\/\\\/laredlarioja.com.ar\\\/sitio\\\/\",\"name\":\"LA RED 88.3 LA RIOJA\",\"description\":\"Sitio de Noticias\",\"publisher\":{\"@id\":\"https:\\\/\\\/laredlarioja.com.ar\\\/sitio\\\/#organization\"},\"potentialAction\":[{\"@type\":\"SearchAction\",\"target\":{\"@type\":\"EntryPoint\",\"urlTemplate\":\"https:\\\/\\\/laredlarioja.com.ar\\\/sitio\\\/?s={search_term_string}\"},\"query-input\":{\"@type\":\"PropertyValueSpecification\",\"valueRequired\":true,\"valueName\":\"search_term_string\"}}],\"inLanguage\":\"es\"},{\"@type\":\"Organization\",\"@id\":\"https:\\\/\\\/laredlarioja.com.ar\\\/sitio\\\/#organization\",\"name\":\"LA RED 88.3 LA RIOJA\",\"url\":\"https:\\\/\\\/laredlarioja.com.ar\\\/sitio\\\/\",\"logo\":{\"@type\":\"ImageObject\",\"inLanguage\":\"es\",\"@id\":\"https:\\\/\\\/laredlarioja.com.ar\\\/sitio\\\/#\\\/schema\\\/logo\\\/image\\\/\",\"url\":\"https:\\\/\\\/laredlarioja.com.ar\\\/sitio\\\/wp-content\\\/uploads\\\/2025\\\/05\\\/LOGO-LA-RED.png\",\"contentUrl\":\"https:\\\/\\\/laredlarioja.com.ar\\\/sitio\\\/wp-content\\\/uploads\\\/2025\\\/05\\\/LOGO-LA-RED.png\",\"width\":193,\"height\":340,\"caption\":\"LA RED 88.3 LA RIOJA\"},\"image\":{\"@id\":\"https:\\\/\\\/laredlarioja.com.ar\\\/sitio\\\/#\\\/schema\\\/logo\\\/image\\\/\"},\"sameAs\":[\"https:\\\/\\\/www.facebook.com\\\/lared.larioja\",\"https:\\\/\\\/x.com\\\/laredlarioja1\",\"https:\\\/\\\/www.instagram.com\\\/lared_larioja\\\/\"]},{\"@type\":\"Person\",\"@id\":\"https:\\\/\\\/laredlarioja.com.ar\\\/sitio\\\/#\\\/schema\\\/person\\\/3b1600cc7f8fd3617dc50f96d3503489\",\"name\":\"Mart\u00edn Ruarte\",\"url\":\"https:\\\/\\\/laredlarioja.com.ar\\\/sitio\\\/author\\\/mruarte\\\/\"}]}<\/script>\n<!-- \/ Yoast SEO plugin. -->","yoast_head_json":{"title":"El Distribuidor Vial de la Capital finalizar\u00eda en octubre - LA RED 88.3 LA RIOJA","robots":{"index":"index","follow":"follow","max-snippet":"max-snippet:-1","max-image-preview":"max-image-preview:large","max-video-preview":"max-video-preview:-1"},"canonical":"https:\/\/laredlarioja.com.ar\/sitio\/el-distribuidor-vial-de-la-capital-finalizaria-en-octubre\/","og_locale":"es_ES","og_type":"article","og_title":"El Distribuidor Vial de la Capital finalizar\u00eda en octubre - LA RED 88.3 LA RIOJA","og_description":"Un retraso en materiales gener\u00f3 que la obra del Distribuidor o Corredor Vial extienda su tiempo de entrega","og_url":"https:\/\/laredlarioja.com.ar\/sitio\/el-distribuidor-vial-de-la-capital-finalizaria-en-octubre\/","og_site_name":"LA RED 88.3 LA RIOJA","article_publisher":"https:\/\/www.facebook.com\/lared.larioja","article_published_time":"2023-09-05T15:17:58+00:00","article_modified_time":"2023-09-06T23:26:59+00:00","og_image":[{"width":1600,"height":900,"url":"https:\/\/laredlarioja.com.ar\/sitio\/wp-content\/uploads\/2023\/06\/rotonda-obra.jpg","type":"image\/jpeg"}],"author":"Mart\u00edn Ruarte","twitter_card":"summary_large_image","twitter_creator":"@laredlarioja1","twitter_site":"@laredlarioja1","twitter_misc":{"Escrito por":"Mart\u00edn Ruarte","Tiempo de lectura":"2 minutos"},"schema":{"@context":"https:\/\/schema.org","@graph":[{"@type":"Article","@id":"https:\/\/laredlarioja.com.ar\/sitio\/el-distribuidor-vial-de-la-capital-finalizaria-en-octubre\/#article","isPartOf":{"@id":"https:\/\/laredlarioja.com.ar\/sitio\/el-distribuidor-vial-de-la-capital-finalizaria-en-octubre\/"},"author":{"name":"Mart\u00edn Ruarte","@id":"https:\/\/laredlarioja.com.ar\/sitio\/#\/schema\/person\/3b1600cc7f8fd3617dc50f96d3503489"},"headline":"El Distribuidor Vial de la Capital finalizar\u00eda en octubre","datePublished":"2023-09-05T15:17:58+00:00","dateModified":"2023-09-06T23:26:59+00:00","mainEntityOfPage":{"@id":"https:\/\/laredlarioja.com.ar\/sitio\/el-distribuidor-vial-de-la-capital-finalizaria-en-octubre\/"},"wordCount":349,"publisher":{"@id":"https:\/\/laredlarioja.com.ar\/sitio\/#organization"},"image":{"@id":"https:\/\/laredlarioja.com.ar\/sitio\/el-distribuidor-vial-de-la-capital-finalizaria-en-octubre\/#primaryimage"},"thumbnailUrl":"https:\/\/laredlarioja.com.ar\/sitio\/wp-content\/uploads\/2023\/06\/rotonda-obra.jpg","articleSection":["Locales","Tapa"],"inLanguage":"es"},{"@type":"WebPage","@id":"https:\/\/laredlarioja.com.ar\/sitio\/el-distribuidor-vial-de-la-capital-finalizaria-en-octubre\/","url":"https:\/\/laredlarioja.com.ar\/sitio\/el-distribuidor-vial-de-la-capital-finalizaria-en-octubre\/","name":"El Distribuidor Vial de la Capital finalizar\u00eda en octubre - LA RED 88.3 LA RIOJA","isPartOf":{"@id":"https:\/\/laredlarioja.com.ar\/sitio\/#website"},"primaryImageOfPage":{"@id":"https:\/\/laredlarioja.com.ar\/sitio\/el-distribuidor-vial-de-la-capital-finalizaria-en-octubre\/#primaryimage"},"image":{"@id":"https:\/\/laredlarioja.com.ar\/sitio\/el-distribuidor-vial-de-la-capital-finalizaria-en-octubre\/#primaryimage"},"thumbnailUrl":"https:\/\/laredlarioja.com.ar\/sitio\/wp-content\/uploads\/2023\/06\/rotonda-obra.jpg","datePublished":"2023-09-05T15:17:58+00:00","dateModified":"2023-09-06T23:26:59+00:00","breadcrumb":{"@id":"https:\/\/laredlarioja.com.ar\/sitio\/el-distribuidor-vial-de-la-capital-finalizaria-en-octubre\/#breadcrumb"},"inLanguage":"es","potentialAction":[{"@type":"ReadAction","target":["https:\/\/laredlarioja.com.ar\/sitio\/el-distribuidor-vial-de-la-capital-finalizaria-en-octubre\/"]}]},{"@type":"ImageObject","inLanguage":"es","@id":"https:\/\/laredlarioja.com.ar\/sitio\/el-distribuidor-vial-de-la-capital-finalizaria-en-octubre\/#primaryimage","url":"https:\/\/laredlarioja.com.ar\/sitio\/wp-content\/uploads\/2023\/06\/rotonda-obra.jpg","contentUrl":"https:\/\/laredlarioja.com.ar\/sitio\/wp-content\/uploads\/2023\/06\/rotonda-obra.jpg","width":1600,"height":900},{"@type":"BreadcrumbList","@id":"https:\/\/laredlarioja.com.ar\/sitio\/el-distribuidor-vial-de-la-capital-finalizaria-en-octubre\/#breadcrumb","itemListElement":[{"@type":"ListItem","position":1,"name":"Portada","item":"https:\/\/laredlarioja.com.ar\/sitio\/"},{"@type":"ListItem","position":2,"name":"El Distribuidor Vial de la Capital finalizar\u00eda en octubre"}]},{"@type":"WebSite","@id":"https:\/\/laredlarioja.com.ar\/sitio\/#website","url":"https:\/\/laredlarioja.com.ar\/sitio\/","name":"LA RED 88.3 LA RIOJA","description":"Sitio de Noticias","publisher":{"@id":"https:\/\/laredlarioja.com.ar\/sitio\/#organization"},"potentialAction":[{"@type":"SearchAction","target":{"@type":"EntryPoint","urlTemplate":"https:\/\/laredlarioja.com.ar\/sitio\/?s={search_term_string}"},"query-input":{"@type":"PropertyValueSpecification","valueRequired":true,"valueName":"search_term_string"}}],"inLanguage":"es"},{"@type":"Organization","@id":"https:\/\/laredlarioja.com.ar\/sitio\/#organization","name":"LA RED 88.3 LA RIOJA","url":"https:\/\/laredlarioja.com.ar\/sitio\/","logo":{"@type":"ImageObject","inLanguage":"es","@id":"https:\/\/laredlarioja.com.ar\/sitio\/#\/schema\/logo\/image\/","url":"https:\/\/laredlarioja.com.ar\/sitio\/wp-content\/uploads\/2025\/05\/LOGO-LA-RED.png","contentUrl":"https:\/\/laredlarioja.com.ar\/sitio\/wp-content\/uploads\/2025\/05\/LOGO-LA-RED.png","width":193,"height":340,"caption":"LA RED 88.3 LA RIOJA"},"image":{"@id":"https:\/\/laredlarioja.com.ar\/sitio\/#\/schema\/logo\/image\/"},"sameAs":["https:\/\/www.facebook.com\/lared.larioja","https:\/\/x.com\/laredlarioja1","https:\/\/www.instagram.com\/lared_larioja\/"]},{"@type":"Person","@id":"https:\/\/laredlarioja.com.ar\/sitio\/#\/schema\/person\/3b1600cc7f8fd3617dc50f96d3503489","name":"Mart\u00edn Ruarte","url":"https:\/\/laredlarioja.com.ar\/sitio\/author\/mruarte\/"}]}},"featured_image_urls":{"full":["https:\/\/laredlarioja.com.ar\/sitio\/wp-content\/uploads\/2023\/06\/rotonda-obra.jpg",1600,900,false],"thumbnail":["https:\/\/laredlarioja.com.ar\/sitio\/wp-content\/uploads\/2023\/06\/rotonda-obra-150x150.jpg",150,150,true],"medium":["https:\/\/laredlarioja.com.ar\/sitio\/wp-content\/uploads\/2023\/06\/rotonda-obra-300x169.jpg",300,169,true],"medium_large":["https:\/\/laredlarioja.com.ar\/sitio\/wp-content\/uploads\/2023\/06\/rotonda-obra-768x432.jpg",640,360,true],"large":["https:\/\/laredlarioja.com.ar\/sitio\/wp-content\/uploads\/2023\/06\/rotonda-obra-1024x576.jpg",640,360,true],"1536x1536":["https:\/\/laredlarioja.com.ar\/sitio\/wp-content\/uploads\/2023\/06\/rotonda-obra-1536x864.jpg",1536,864,true],"2048x2048":["https:\/\/laredlarioja.com.ar\/sitio\/wp-content\/uploads\/2023\/06\/rotonda-obra.jpg",1600,900,false],"cvmm-medium":["https:\/\/laredlarioja.com.ar\/sitio\/wp-content\/uploads\/2023\/06\/rotonda-obra-300x300.jpg",300,300,true],"cvmm-medium-plus":["https:\/\/laredlarioja.com.ar\/sitio\/wp-content\/uploads\/2023\/06\/rotonda-obra-305x207.jpg",305,207,true],"cvmm-portrait":["https:\/\/laredlarioja.com.ar\/sitio\/wp-content\/uploads\/2023\/06\/rotonda-obra-400x600.jpg",400,600,true],"cvmm-medium-square":["https:\/\/laredlarioja.com.ar\/sitio\/wp-content\/uploads\/2023\/06\/rotonda-obra-600x600.jpg",600,600,true],"cvmm-large":["https:\/\/laredlarioja.com.ar\/sitio\/wp-content\/uploads\/2023\/06\/rotonda-obra-1024x900.jpg",1024,900,true],"cvmm-small":["https:\/\/laredlarioja.com.ar\/sitio\/wp-content\/uploads\/2023\/06\/rotonda-obra-130x95.jpg",130,95,true],"morenews-large":["https:\/\/laredlarioja.com.ar\/sitio\/wp-content\/uploads\/2023\/06\/rotonda-obra-825x575.jpg",825,575,true],"morenews-medium":["https:\/\/laredlarioja.com.ar\/sitio\/wp-content\/uploads\/2023\/06\/rotonda-obra-590x410.jpg",590,410,true]},"author_info":{"display_name":"Mart\u00edn Ruarte","author_link":"https:\/\/laredlarioja.com.ar\/sitio\/author\/mruarte\/"},"category_info":"<a href=\"https:\/\/laredlarioja.com.ar\/sitio\/categorias\/locales\/\" rel=\"category tag\">Locales<\/a> <a href=\"https:\/\/laredlarioja.com.ar\/sitio\/categorias\/tapa\/\" rel=\"category tag\">Tapa<\/a>","tag_info":"Tapa","comment_count":"0","blog_post_layout_featured_media_urls":{"thumbnail":["https:\/\/laredlarioja.com.ar\/sitio\/wp-content\/uploads\/2023\/06\/rotonda-obra-150x150.jpg",150,150,true],"full":["https:\/\/laredlarioja.com.ar\/sitio\/wp-content\/uploads\/2023\/06\/rotonda-obra.jpg",1600,900,false]},"categories_names":{"94":{"name":"Locales","link":"https:\/\/laredlarioja.com.ar\/sitio\/categorias\/locales\/"},"100":{"name":"Tapa","link":"https:\/\/laredlarioja.com.ar\/sitio\/categorias\/tapa\/"}},"tags_names":[],"comments_number":"0","wpmagazine_modules_lite_featured_media_urls":{"thumbnail":["https:\/\/laredlarioja.com.ar\/sitio\/wp-content\/uploads\/2023\/06\/rotonda-obra-150x150.jpg",150,150,true],"cvmm-medium":["https:\/\/laredlarioja.com.ar\/sitio\/wp-content\/uploads\/2023\/06\/rotonda-obra-300x300.jpg",300,300,true],"cvmm-medium-plus":["https:\/\/laredlarioja.com.ar\/sitio\/wp-content\/uploads\/2023\/06\/rotonda-obra-305x207.jpg",305,207,true],"cvmm-portrait":["https:\/\/laredlarioja.com.ar\/sitio\/wp-content\/uploads\/2023\/06\/rotonda-obra-400x600.jpg",400,600,true],"cvmm-medium-square":["https:\/\/laredlarioja.com.ar\/sitio\/wp-content\/uploads\/2023\/06\/rotonda-obra-600x600.jpg",600,600,true],"cvmm-large":["https:\/\/laredlarioja.com.ar\/sitio\/wp-content\/uploads\/2023\/06\/rotonda-obra-1024x900.jpg",1024,900,true],"cvmm-small":["https:\/\/laredlarioja.com.ar\/sitio\/wp-content\/uploads\/2023\/06\/rotonda-obra-130x95.jpg",130,95,true],"full":["https:\/\/laredlarioja.com.ar\/sitio\/wp-content\/uploads\/2023\/06\/rotonda-obra.jpg",1600,900,false]},"_links":{"self":[{"href":"https:\/\/laredlarioja.com.ar\/sitio\/wp-json\/wp\/v2\/posts\/35728","targetHints":{"allow":["GET"]}}],"collection":[{"href":"https:\/\/laredlarioja.com.ar\/sitio\/wp-json\/wp\/v2\/posts"}],"about":[{"href":"https:\/\/laredlarioja.com.ar\/sitio\/wp-json\/wp\/v2\/types\/post"}],"author":[{"embeddable":true,"href":"https:\/\/laredlarioja.com.ar\/sitio\/wp-json\/wp\/v2\/users\/8"}],"replies":[{"embeddable":true,"href":"https:\/\/laredlarioja.com.ar\/sitio\/wp-json\/wp\/v2\/comments?post=35728"}],"version-history":[{"count":1,"href":"https:\/\/laredlarioja.com.ar\/sitio\/wp-json\/wp\/v2\/posts\/35728\/revisions"}],"predecessor-version":[{"id":35729,"href":"https:\/\/laredlarioja.com.ar\/sitio\/wp-json\/wp\/v2\/posts\/35728\/revisions\/35729"}],"wp:featuredmedia":[{"embeddable":true,"href":"https:\/\/laredlarioja.com.ar\/sitio\/wp-json\/wp\/v2\/media\/31397"}],"wp:attachment":[{"href":"https:\/\/laredlarioja.com.ar\/sitio\/wp-json\/wp\/v2\/media?parent=35728"}],"wp:term":[{"taxonomy":"category","embeddable":true,"href":"https:\/\/laredlarioja.com.ar\/sitio\/wp-json\/wp\/v2\/categories?post=35728"},{"taxonomy":"post_tag","embeddable":true,"href":"https:\/\/laredlarioja.com.ar\/sitio\/wp-json\/wp\/v2\/tags?post=35728"}],"curies":[{"name":"wp","href":"https:\/\/api.w.org\/{rel}","templated":true}]}}