{"id":35733,"date":"2023-09-05T21:05:02","date_gmt":"2023-09-05T21:05:02","guid":{"rendered":"https:\/\/laredlarioja.com.ar\/sitio\/?p=35733"},"modified":"2023-09-05T21:05:02","modified_gmt":"2023-09-05T21:05:02","slug":"vivero-san-gabriel-celebro-14-anos-de-trayectoria","status":"publish","type":"post","link":"https:\/\/laredlarioja.com.ar\/sitio\/vivero-san-gabriel-celebro-14-anos-de-trayectoria\/","title":{"rendered":"Vivero San Gabriel celebr\u00f3 14 a\u00f1os de trayectoria"},"content":{"rendered":"<p>Se trata de la empresa dependiente de la \u00f3rbita estatal, dedicada a la producci\u00f3n y comercializaci\u00f3n de plantas de olivos.<\/p>\n<p>Si bien tanto Agrogen\u00e9tica Riojana como Vivero San Gabriel cuentan con varios a\u00f1os en su trayectoria, hace 14 comenzaron un camino conjunto con el objetivo de innovar en ciencia y producci\u00f3n agr\u00edcola en la provincia de La Rioja. En realidad, el vivero ya lleva funcionando en la provincia desde el a\u00f1o 1993, aunque originalmente hab\u00eda nacido como un proyecto privado.<\/p>\n<p><strong>\u201cTrabajamos produciendo plantas de olivos fundamentalmente, en sus distintas variedades\u201d,<\/strong> cont\u00f3 a <strong>Radio La Red<\/strong> Fabi\u00e1n Ter\u00e1n, ingeniero agr\u00f3nomo y gerente de Vivero San Gabriel. <strong>Tambi\u00e9n se dedican a la producci\u00f3n de c\u00edtricos para el mercado interno<\/strong> y, como meta a futuro, planean avanzar en el mundo de los plantines forestales, para trabajar junto al programa de forestaci\u00f3n en la provincia y en los distintos municipios.<\/p>\n<blockquote><p>Contando con una finca de 9 hect\u00e1reas, donde se producen diversas variedades de olivos, tales como arbequina, coratina, koroneiki y arbosana (para aceite); manzanilla, hojiblanca y arauco (para mesa); y picual (doble prop\u00f3sito), esta entidad <strong>produce alrededor de 200.000 plantas por a\u00f1o.<\/strong><\/p><\/blockquote>\n<p><a href=\"https:\/\/laredlarioja.com.ar\/sitio\/wp-content\/uploads\/2023\/09\/5ad96e05-b45c-4cfe-9375-f7244ff4ffcc.jpg\"><img fetchpriority=\"high\" decoding=\"async\" class=\"alignnone size-full wp-image-35734\" src=\"https:\/\/laredlarioja.com.ar\/sitio\/wp-content\/uploads\/2023\/09\/5ad96e05-b45c-4cfe-9375-f7244ff4ffcc.jpg\" alt=\"\" width=\"673\" height=\"382\" srcset=\"https:\/\/laredlarioja.com.ar\/sitio\/wp-content\/uploads\/2023\/09\/5ad96e05-b45c-4cfe-9375-f7244ff4ffcc.jpg 673w, https:\/\/laredlarioja.com.ar\/sitio\/wp-content\/uploads\/2023\/09\/5ad96e05-b45c-4cfe-9375-f7244ff4ffcc-300x170.jpg 300w\" sizes=\"(max-width: 673px) 100vw, 673px\" \/><\/a><\/p>\n<p>No solo venden dentro de la propia provincia. \u201c<strong>Estamos vendiendo incluso a Catamarca, San Juan, Mendoza, Neuqu\u00e9n, Entre R\u00edos y C\u00f3rdoba. <\/strong>Tambi\u00e9n a una empresa en Chubut, porque se han ampliado las fronteras que antes solo llegaban a Mendoza.\u201d, celebr\u00f3 Ter\u00e1n.<\/p>\n<p>En este tiempo trascurrido de trabajo, puso en valor el gran grupo humano que lo acompa\u00f1a y que es de alrededor de 15 personas. \u201cNos sentimos orgullosos de pertenecer a esta empresa\u201d, afirm\u00f3.<\/p>\n<p>Para finalizar, entre sus deseos para la empresa en este nuevo a\u00f1o, remarc\u00f3: \u201cLa idea es que podamos seguir trabajando, mejorando los vol\u00famenes de producci\u00f3n y buscando nuevos clientes\u201d, dijo y agreg\u00f3: \u201chay posibilidades de aumentar la producci\u00f3n cuando aumente la demanda y creo que se van a dar estas condiciones\u201d.<\/p>\n","protected":false},"excerpt":{"rendered":"<p>Se trata de la empresa dependiente de la \u00f3rbita estatal, dedicada a la producci\u00f3n y comercializaci\u00f3n de plantas<\/p>\n","protected":false},"author":10,"featured_media":35735,"comment_status":"closed","ping_status":"open","sticky":false,"template":"","format":"standard","meta":{"footnotes":""},"categories":[94],"tags":[],"class_list":["post-35733","post","type-post","status-publish","format-standard","has-post-thumbnail","hentry","category-locales"],"yoast_head":"<!-- This site is optimized with the Yoast SEO plugin v27.4 - https:\/\/yoast.com\/product\/yoast-seo-wordpress\/ -->\n<title>Vivero San Gabriel celebr\u00f3 14 a\u00f1os de trayectoria - LA RED 88.3 LA RIOJA<\/title>\n<meta name=\"robots\" content=\"index, follow, max-snippet:-1, max-image-preview:large, max-video-preview:-1\" \/>\n<link rel=\"canonical\" href=\"https:\/\/laredlarioja.com.ar\/sitio\/vivero-san-gabriel-celebro-14-anos-de-trayectoria\/\" \/>\n<meta property=\"og:locale\" content=\"es_ES\" \/>\n<meta property=\"og:type\" content=\"article\" \/>\n<meta property=\"og:title\" content=\"Vivero San Gabriel celebr\u00f3 14 a\u00f1os de trayectoria - LA RED 88.3 LA RIOJA\" \/>\n<meta property=\"og:description\" content=\"Se trata de la empresa dependiente de la \u00f3rbita estatal, dedicada a la producci\u00f3n y comercializaci\u00f3n de plantas\" \/>\n<meta property=\"og:url\" content=\"https:\/\/laredlarioja.com.ar\/sitio\/vivero-san-gabriel-celebro-14-anos-de-trayectoria\/\" \/>\n<meta property=\"og:site_name\" content=\"LA RED 88.3 LA RIOJA\" \/>\n<meta property=\"article:publisher\" content=\"https:\/\/www.facebook.com\/lared.larioja\" \/>\n<meta property=\"article:published_time\" content=\"2023-09-05T21:05:02+00:00\" \/>\n<meta property=\"og:image\" content=\"https:\/\/laredlarioja.com.ar\/sitio\/wp-content\/uploads\/2023\/09\/Vivero-San-Gabriel.00_07_18_03.Imagen-fija066-1024x576-1.webp\" \/>\n\t<meta property=\"og:image:width\" content=\"1024\" \/>\n\t<meta property=\"og:image:height\" content=\"576\" \/>\n\t<meta property=\"og:image:type\" content=\"image\/webp\" \/>\n<meta name=\"author\" content=\"La Red\" \/>\n<meta name=\"twitter:card\" content=\"summary_large_image\" \/>\n<meta name=\"twitter:creator\" content=\"@laredlarioja1\" \/>\n<meta name=\"twitter:site\" content=\"@laredlarioja1\" \/>\n<meta name=\"twitter:label1\" content=\"Escrito por\" \/>\n\t<meta name=\"twitter:data1\" content=\"La Red\" \/>\n\t<meta name=\"twitter:label2\" content=\"Tiempo de lectura\" \/>\n\t<meta name=\"twitter:data2\" content=\"2 minutos\" \/>\n<script type=\"application\/ld+json\" class=\"yoast-schema-graph\">{\"@context\":\"https:\\\/\\\/schema.org\",\"@graph\":[{\"@type\":\"Article\",\"@id\":\"https:\\\/\\\/laredlarioja.com.ar\\\/sitio\\\/vivero-san-gabriel-celebro-14-anos-de-trayectoria\\\/#article\",\"isPartOf\":{\"@id\":\"https:\\\/\\\/laredlarioja.com.ar\\\/sitio\\\/vivero-san-gabriel-celebro-14-anos-de-trayectoria\\\/\"},\"author\":{\"name\":\"La Red\",\"@id\":\"https:\\\/\\\/laredlarioja.com.ar\\\/sitio\\\/#\\\/schema\\\/person\\\/f1e213867beccedaaa4fb548d9259d9a\"},\"headline\":\"Vivero San Gabriel celebr\u00f3 14 a\u00f1os de trayectoria\",\"datePublished\":\"2023-09-05T21:05:02+00:00\",\"mainEntityOfPage\":{\"@id\":\"https:\\\/\\\/laredlarioja.com.ar\\\/sitio\\\/vivero-san-gabriel-celebro-14-anos-de-trayectoria\\\/\"},\"wordCount\":344,\"publisher\":{\"@id\":\"https:\\\/\\\/laredlarioja.com.ar\\\/sitio\\\/#organization\"},\"image\":{\"@id\":\"https:\\\/\\\/laredlarioja.com.ar\\\/sitio\\\/vivero-san-gabriel-celebro-14-anos-de-trayectoria\\\/#primaryimage\"},\"thumbnailUrl\":\"https:\\\/\\\/laredlarioja.com.ar\\\/sitio\\\/wp-content\\\/uploads\\\/2023\\\/09\\\/Vivero-San-Gabriel.00_07_18_03.Imagen-fija066-1024x576-1.webp\",\"articleSection\":[\"Locales\"],\"inLanguage\":\"es\"},{\"@type\":\"WebPage\",\"@id\":\"https:\\\/\\\/laredlarioja.com.ar\\\/sitio\\\/vivero-san-gabriel-celebro-14-anos-de-trayectoria\\\/\",\"url\":\"https:\\\/\\\/laredlarioja.com.ar\\\/sitio\\\/vivero-san-gabriel-celebro-14-anos-de-trayectoria\\\/\",\"name\":\"Vivero San Gabriel celebr\u00f3 14 a\u00f1os de trayectoria - LA RED 88.3 LA RIOJA\",\"isPartOf\":{\"@id\":\"https:\\\/\\\/laredlarioja.com.ar\\\/sitio\\\/#website\"},\"primaryImageOfPage\":{\"@id\":\"https:\\\/\\\/laredlarioja.com.ar\\\/sitio\\\/vivero-san-gabriel-celebro-14-anos-de-trayectoria\\\/#primaryimage\"},\"image\":{\"@id\":\"https:\\\/\\\/laredlarioja.com.ar\\\/sitio\\\/vivero-san-gabriel-celebro-14-anos-de-trayectoria\\\/#primaryimage\"},\"thumbnailUrl\":\"https:\\\/\\\/laredlarioja.com.ar\\\/sitio\\\/wp-content\\\/uploads\\\/2023\\\/09\\\/Vivero-San-Gabriel.00_07_18_03.Imagen-fija066-1024x576-1.webp\",\"datePublished\":\"2023-09-05T21:05:02+00:00\",\"breadcrumb\":{\"@id\":\"https:\\\/\\\/laredlarioja.com.ar\\\/sitio\\\/vivero-san-gabriel-celebro-14-anos-de-trayectoria\\\/#breadcrumb\"},\"inLanguage\":\"es\",\"potentialAction\":[{\"@type\":\"ReadAction\",\"target\":[\"https:\\\/\\\/laredlarioja.com.ar\\\/sitio\\\/vivero-san-gabriel-celebro-14-anos-de-trayectoria\\\/\"]}]},{\"@type\":\"ImageObject\",\"inLanguage\":\"es\",\"@id\":\"https:\\\/\\\/laredlarioja.com.ar\\\/sitio\\\/vivero-san-gabriel-celebro-14-anos-de-trayectoria\\\/#primaryimage\",\"url\":\"https:\\\/\\\/laredlarioja.com.ar\\\/sitio\\\/wp-content\\\/uploads\\\/2023\\\/09\\\/Vivero-San-Gabriel.00_07_18_03.Imagen-fija066-1024x576-1.webp\",\"contentUrl\":\"https:\\\/\\\/laredlarioja.com.ar\\\/sitio\\\/wp-content\\\/uploads\\\/2023\\\/09\\\/Vivero-San-Gabriel.00_07_18_03.Imagen-fija066-1024x576-1.webp\",\"width\":1024,\"height\":576},{\"@type\":\"BreadcrumbList\",\"@id\":\"https:\\\/\\\/laredlarioja.com.ar\\\/sitio\\\/vivero-san-gabriel-celebro-14-anos-de-trayectoria\\\/#breadcrumb\",\"itemListElement\":[{\"@type\":\"ListItem\",\"position\":1,\"name\":\"Portada\",\"item\":\"https:\\\/\\\/laredlarioja.com.ar\\\/sitio\\\/\"},{\"@type\":\"ListItem\",\"position\":2,\"name\":\"Vivero San Gabriel celebr\u00f3 14 a\u00f1os de trayectoria\"}]},{\"@type\":\"WebSite\",\"@id\":\"https:\\\/\\\/laredlarioja.com.ar\\\/sitio\\\/#website\",\"url\":\"https:\\\/\\\/laredlarioja.com.ar\\\/sitio\\\/\",\"name\":\"LA RED 88.3 LA RIOJA\",\"description\":\"Sitio de Noticias\",\"publisher\":{\"@id\":\"https:\\\/\\\/laredlarioja.com.ar\\\/sitio\\\/#organization\"},\"potentialAction\":[{\"@type\":\"SearchAction\",\"target\":{\"@type\":\"EntryPoint\",\"urlTemplate\":\"https:\\\/\\\/laredlarioja.com.ar\\\/sitio\\\/?s={search_term_string}\"},\"query-input\":{\"@type\":\"PropertyValueSpecification\",\"valueRequired\":true,\"valueName\":\"search_term_string\"}}],\"inLanguage\":\"es\"},{\"@type\":\"Organization\",\"@id\":\"https:\\\/\\\/laredlarioja.com.ar\\\/sitio\\\/#organization\",\"name\":\"LA RED 88.3 LA RIOJA\",\"url\":\"https:\\\/\\\/laredlarioja.com.ar\\\/sitio\\\/\",\"logo\":{\"@type\":\"ImageObject\",\"inLanguage\":\"es\",\"@id\":\"https:\\\/\\\/laredlarioja.com.ar\\\/sitio\\\/#\\\/schema\\\/logo\\\/image\\\/\",\"url\":\"https:\\\/\\\/laredlarioja.com.ar\\\/sitio\\\/wp-content\\\/uploads\\\/2025\\\/05\\\/LOGO-LA-RED.png\",\"contentUrl\":\"https:\\\/\\\/laredlarioja.com.ar\\\/sitio\\\/wp-content\\\/uploads\\\/2025\\\/05\\\/LOGO-LA-RED.png\",\"width\":193,\"height\":340,\"caption\":\"LA RED 88.3 LA RIOJA\"},\"image\":{\"@id\":\"https:\\\/\\\/laredlarioja.com.ar\\\/sitio\\\/#\\\/schema\\\/logo\\\/image\\\/\"},\"sameAs\":[\"https:\\\/\\\/www.facebook.com\\\/lared.larioja\",\"https:\\\/\\\/x.com\\\/laredlarioja1\",\"https:\\\/\\\/www.instagram.com\\\/lared_larioja\\\/\"]},{\"@type\":\"Person\",\"@id\":\"https:\\\/\\\/laredlarioja.com.ar\\\/sitio\\\/#\\\/schema\\\/person\\\/f1e213867beccedaaa4fb548d9259d9a\",\"name\":\"La Red\",\"url\":\"https:\\\/\\\/laredlarioja.com.ar\\\/sitio\\\/author\\\/lared\\\/\"}]}<\/script>\n<!-- \/ Yoast SEO plugin. -->","yoast_head_json":{"title":"Vivero San Gabriel celebr\u00f3 14 a\u00f1os de trayectoria - LA RED 88.3 LA RIOJA","robots":{"index":"index","follow":"follow","max-snippet":"max-snippet:-1","max-image-preview":"max-image-preview:large","max-video-preview":"max-video-preview:-1"},"canonical":"https:\/\/laredlarioja.com.ar\/sitio\/vivero-san-gabriel-celebro-14-anos-de-trayectoria\/","og_locale":"es_ES","og_type":"article","og_title":"Vivero San Gabriel celebr\u00f3 14 a\u00f1os de trayectoria - LA RED 88.3 LA RIOJA","og_description":"Se trata de la empresa dependiente de la \u00f3rbita estatal, dedicada a la producci\u00f3n y comercializaci\u00f3n de plantas","og_url":"https:\/\/laredlarioja.com.ar\/sitio\/vivero-san-gabriel-celebro-14-anos-de-trayectoria\/","og_site_name":"LA RED 88.3 LA RIOJA","article_publisher":"https:\/\/www.facebook.com\/lared.larioja","article_published_time":"2023-09-05T21:05:02+00:00","og_image":[{"width":1024,"height":576,"url":"https:\/\/laredlarioja.com.ar\/sitio\/wp-content\/uploads\/2023\/09\/Vivero-San-Gabriel.00_07_18_03.Imagen-fija066-1024x576-1.webp","type":"image\/webp"}],"author":"La Red","twitter_card":"summary_large_image","twitter_creator":"@laredlarioja1","twitter_site":"@laredlarioja1","twitter_misc":{"Escrito por":"La Red","Tiempo de lectura":"2 minutos"},"schema":{"@context":"https:\/\/schema.org","@graph":[{"@type":"Article","@id":"https:\/\/laredlarioja.com.ar\/sitio\/vivero-san-gabriel-celebro-14-anos-de-trayectoria\/#article","isPartOf":{"@id":"https:\/\/laredlarioja.com.ar\/sitio\/vivero-san-gabriel-celebro-14-anos-de-trayectoria\/"},"author":{"name":"La Red","@id":"https:\/\/laredlarioja.com.ar\/sitio\/#\/schema\/person\/f1e213867beccedaaa4fb548d9259d9a"},"headline":"Vivero San Gabriel celebr\u00f3 14 a\u00f1os de trayectoria","datePublished":"2023-09-05T21:05:02+00:00","mainEntityOfPage":{"@id":"https:\/\/laredlarioja.com.ar\/sitio\/vivero-san-gabriel-celebro-14-anos-de-trayectoria\/"},"wordCount":344,"publisher":{"@id":"https:\/\/laredlarioja.com.ar\/sitio\/#organization"},"image":{"@id":"https:\/\/laredlarioja.com.ar\/sitio\/vivero-san-gabriel-celebro-14-anos-de-trayectoria\/#primaryimage"},"thumbnailUrl":"https:\/\/laredlarioja.com.ar\/sitio\/wp-content\/uploads\/2023\/09\/Vivero-San-Gabriel.00_07_18_03.Imagen-fija066-1024x576-1.webp","articleSection":["Locales"],"inLanguage":"es"},{"@type":"WebPage","@id":"https:\/\/laredlarioja.com.ar\/sitio\/vivero-san-gabriel-celebro-14-anos-de-trayectoria\/","url":"https:\/\/laredlarioja.com.ar\/sitio\/vivero-san-gabriel-celebro-14-anos-de-trayectoria\/","name":"Vivero San Gabriel celebr\u00f3 14 a\u00f1os de trayectoria - LA RED 88.3 LA RIOJA","isPartOf":{"@id":"https:\/\/laredlarioja.com.ar\/sitio\/#website"},"primaryImageOfPage":{"@id":"https:\/\/laredlarioja.com.ar\/sitio\/vivero-san-gabriel-celebro-14-anos-de-trayectoria\/#primaryimage"},"image":{"@id":"https:\/\/laredlarioja.com.ar\/sitio\/vivero-san-gabriel-celebro-14-anos-de-trayectoria\/#primaryimage"},"thumbnailUrl":"https:\/\/laredlarioja.com.ar\/sitio\/wp-content\/uploads\/2023\/09\/Vivero-San-Gabriel.00_07_18_03.Imagen-fija066-1024x576-1.webp","datePublished":"2023-09-05T21:05:02+00:00","breadcrumb":{"@id":"https:\/\/laredlarioja.com.ar\/sitio\/vivero-san-gabriel-celebro-14-anos-de-trayectoria\/#breadcrumb"},"inLanguage":"es","potentialAction":[{"@type":"ReadAction","target":["https:\/\/laredlarioja.com.ar\/sitio\/vivero-san-gabriel-celebro-14-anos-de-trayectoria\/"]}]},{"@type":"ImageObject","inLanguage":"es","@id":"https:\/\/laredlarioja.com.ar\/sitio\/vivero-san-gabriel-celebro-14-anos-de-trayectoria\/#primaryimage","url":"https:\/\/laredlarioja.com.ar\/sitio\/wp-content\/uploads\/2023\/09\/Vivero-San-Gabriel.00_07_18_03.Imagen-fija066-1024x576-1.webp","contentUrl":"https:\/\/laredlarioja.com.ar\/sitio\/wp-content\/uploads\/2023\/09\/Vivero-San-Gabriel.00_07_18_03.Imagen-fija066-1024x576-1.webp","width":1024,"height":576},{"@type":"BreadcrumbList","@id":"https:\/\/laredlarioja.com.ar\/sitio\/vivero-san-gabriel-celebro-14-anos-de-trayectoria\/#breadcrumb","itemListElement":[{"@type":"ListItem","position":1,"name":"Portada","item":"https:\/\/laredlarioja.com.ar\/sitio\/"},{"@type":"ListItem","position":2,"name":"Vivero San Gabriel celebr\u00f3 14 a\u00f1os de trayectoria"}]},{"@type":"WebSite","@id":"https:\/\/laredlarioja.com.ar\/sitio\/#website","url":"https:\/\/laredlarioja.com.ar\/sitio\/","name":"LA RED 88.3 LA RIOJA","description":"Sitio de Noticias","publisher":{"@id":"https:\/\/laredlarioja.com.ar\/sitio\/#organization"},"potentialAction":[{"@type":"SearchAction","target":{"@type":"EntryPoint","urlTemplate":"https:\/\/laredlarioja.com.ar\/sitio\/?s={search_term_string}"},"query-input":{"@type":"PropertyValueSpecification","valueRequired":true,"valueName":"search_term_string"}}],"inLanguage":"es"},{"@type":"Organization","@id":"https:\/\/laredlarioja.com.ar\/sitio\/#organization","name":"LA RED 88.3 LA RIOJA","url":"https:\/\/laredlarioja.com.ar\/sitio\/","logo":{"@type":"ImageObject","inLanguage":"es","@id":"https:\/\/laredlarioja.com.ar\/sitio\/#\/schema\/logo\/image\/","url":"https:\/\/laredlarioja.com.ar\/sitio\/wp-content\/uploads\/2025\/05\/LOGO-LA-RED.png","contentUrl":"https:\/\/laredlarioja.com.ar\/sitio\/wp-content\/uploads\/2025\/05\/LOGO-LA-RED.png","width":193,"height":340,"caption":"LA RED 88.3 LA RIOJA"},"image":{"@id":"https:\/\/laredlarioja.com.ar\/sitio\/#\/schema\/logo\/image\/"},"sameAs":["https:\/\/www.facebook.com\/lared.larioja","https:\/\/x.com\/laredlarioja1","https:\/\/www.instagram.com\/lared_larioja\/"]},{"@type":"Person","@id":"https:\/\/laredlarioja.com.ar\/sitio\/#\/schema\/person\/f1e213867beccedaaa4fb548d9259d9a","name":"La Red","url":"https:\/\/laredlarioja.com.ar\/sitio\/author\/lared\/"}]}},"featured_image_urls":{"full":["https:\/\/laredlarioja.com.ar\/sitio\/wp-content\/uploads\/2023\/09\/Vivero-San-Gabriel.00_07_18_03.Imagen-fija066-1024x576-1.webp",1024,576,false],"thumbnail":["https:\/\/laredlarioja.com.ar\/sitio\/wp-content\/uploads\/2023\/09\/Vivero-San-Gabriel.00_07_18_03.Imagen-fija066-1024x576-1-150x150.webp",150,150,true],"medium":["https:\/\/laredlarioja.com.ar\/sitio\/wp-content\/uploads\/2023\/09\/Vivero-San-Gabriel.00_07_18_03.Imagen-fija066-1024x576-1-300x169.webp",300,169,true],"medium_large":["https:\/\/laredlarioja.com.ar\/sitio\/wp-content\/uploads\/2023\/09\/Vivero-San-Gabriel.00_07_18_03.Imagen-fija066-1024x576-1-768x432.webp",640,360,true],"large":["https:\/\/laredlarioja.com.ar\/sitio\/wp-content\/uploads\/2023\/09\/Vivero-San-Gabriel.00_07_18_03.Imagen-fija066-1024x576-1.webp",640,360,false],"1536x1536":["https:\/\/laredlarioja.com.ar\/sitio\/wp-content\/uploads\/2023\/09\/Vivero-San-Gabriel.00_07_18_03.Imagen-fija066-1024x576-1.webp",1024,576,false],"2048x2048":["https:\/\/laredlarioja.com.ar\/sitio\/wp-content\/uploads\/2023\/09\/Vivero-San-Gabriel.00_07_18_03.Imagen-fija066-1024x576-1.webp",1024,576,false],"cvmm-medium":["https:\/\/laredlarioja.com.ar\/sitio\/wp-content\/uploads\/2023\/09\/Vivero-San-Gabriel.00_07_18_03.Imagen-fija066-1024x576-1-300x300.webp",300,300,true],"cvmm-medium-plus":["https:\/\/laredlarioja.com.ar\/sitio\/wp-content\/uploads\/2023\/09\/Vivero-San-Gabriel.00_07_18_03.Imagen-fija066-1024x576-1-305x207.webp",305,207,true],"cvmm-portrait":["https:\/\/laredlarioja.com.ar\/sitio\/wp-content\/uploads\/2023\/09\/Vivero-San-Gabriel.00_07_18_03.Imagen-fija066-1024x576-1-400x576.webp",400,576,true],"cvmm-medium-square":["https:\/\/laredlarioja.com.ar\/sitio\/wp-content\/uploads\/2023\/09\/Vivero-San-Gabriel.00_07_18_03.Imagen-fija066-1024x576-1-600x576.webp",600,576,true],"cvmm-large":["https:\/\/laredlarioja.com.ar\/sitio\/wp-content\/uploads\/2023\/09\/Vivero-San-Gabriel.00_07_18_03.Imagen-fija066-1024x576-1.webp",1024,576,false],"cvmm-small":["https:\/\/laredlarioja.com.ar\/sitio\/wp-content\/uploads\/2023\/09\/Vivero-San-Gabriel.00_07_18_03.Imagen-fija066-1024x576-1-130x95.webp",130,95,true],"morenews-large":["https:\/\/laredlarioja.com.ar\/sitio\/wp-content\/uploads\/2023\/09\/Vivero-San-Gabriel.00_07_18_03.Imagen-fija066-1024x576-1-825x575.webp",825,575,true],"morenews-medium":["https:\/\/laredlarioja.com.ar\/sitio\/wp-content\/uploads\/2023\/09\/Vivero-San-Gabriel.00_07_18_03.Imagen-fija066-1024x576-1-590x410.webp",590,410,true]},"author_info":{"display_name":"La Red","author_link":"https:\/\/laredlarioja.com.ar\/sitio\/author\/lared\/"},"category_info":"<a href=\"https:\/\/laredlarioja.com.ar\/sitio\/categorias\/locales\/\" rel=\"category tag\">Locales<\/a>","tag_info":"Locales","comment_count":"0","blog_post_layout_featured_media_urls":{"thumbnail":["https:\/\/laredlarioja.com.ar\/sitio\/wp-content\/uploads\/2023\/09\/Vivero-San-Gabriel.00_07_18_03.Imagen-fija066-1024x576-1-150x150.webp",150,150,true],"full":["https:\/\/laredlarioja.com.ar\/sitio\/wp-content\/uploads\/2023\/09\/Vivero-San-Gabriel.00_07_18_03.Imagen-fija066-1024x576-1.webp",1024,576,false]},"categories_names":{"94":{"name":"Locales","link":"https:\/\/laredlarioja.com.ar\/sitio\/categorias\/locales\/"}},"tags_names":[],"comments_number":"0","wpmagazine_modules_lite_featured_media_urls":{"thumbnail":["https:\/\/laredlarioja.com.ar\/sitio\/wp-content\/uploads\/2023\/09\/Vivero-San-Gabriel.00_07_18_03.Imagen-fija066-1024x576-1-150x150.webp",150,150,true],"cvmm-medium":["https:\/\/laredlarioja.com.ar\/sitio\/wp-content\/uploads\/2023\/09\/Vivero-San-Gabriel.00_07_18_03.Imagen-fija066-1024x576-1-300x300.webp",300,300,true],"cvmm-medium-plus":["https:\/\/laredlarioja.com.ar\/sitio\/wp-content\/uploads\/2023\/09\/Vivero-San-Gabriel.00_07_18_03.Imagen-fija066-1024x576-1-305x207.webp",305,207,true],"cvmm-portrait":["https:\/\/laredlarioja.com.ar\/sitio\/wp-content\/uploads\/2023\/09\/Vivero-San-Gabriel.00_07_18_03.Imagen-fija066-1024x576-1-400x576.webp",400,576,true],"cvmm-medium-square":["https:\/\/laredlarioja.com.ar\/sitio\/wp-content\/uploads\/2023\/09\/Vivero-San-Gabriel.00_07_18_03.Imagen-fija066-1024x576-1-600x576.webp",600,576,true],"cvmm-large":["https:\/\/laredlarioja.com.ar\/sitio\/wp-content\/uploads\/2023\/09\/Vivero-San-Gabriel.00_07_18_03.Imagen-fija066-1024x576-1.webp",1024,576,false],"cvmm-small":["https:\/\/laredlarioja.com.ar\/sitio\/wp-content\/uploads\/2023\/09\/Vivero-San-Gabriel.00_07_18_03.Imagen-fija066-1024x576-1-130x95.webp",130,95,true],"full":["https:\/\/laredlarioja.com.ar\/sitio\/wp-content\/uploads\/2023\/09\/Vivero-San-Gabriel.00_07_18_03.Imagen-fija066-1024x576-1.webp",1024,576,false]},"_links":{"self":[{"href":"https:\/\/laredlarioja.com.ar\/sitio\/wp-json\/wp\/v2\/posts\/35733","targetHints":{"allow":["GET"]}}],"collection":[{"href":"https:\/\/laredlarioja.com.ar\/sitio\/wp-json\/wp\/v2\/posts"}],"about":[{"href":"https:\/\/laredlarioja.com.ar\/sitio\/wp-json\/wp\/v2\/types\/post"}],"author":[{"embeddable":true,"href":"https:\/\/laredlarioja.com.ar\/sitio\/wp-json\/wp\/v2\/users\/10"}],"replies":[{"embeddable":true,"href":"https:\/\/laredlarioja.com.ar\/sitio\/wp-json\/wp\/v2\/comments?post=35733"}],"version-history":[{"count":1,"href":"https:\/\/laredlarioja.com.ar\/sitio\/wp-json\/wp\/v2\/posts\/35733\/revisions"}],"predecessor-version":[{"id":35736,"href":"https:\/\/laredlarioja.com.ar\/sitio\/wp-json\/wp\/v2\/posts\/35733\/revisions\/35736"}],"wp:featuredmedia":[{"embeddable":true,"href":"https:\/\/laredlarioja.com.ar\/sitio\/wp-json\/wp\/v2\/media\/35735"}],"wp:attachment":[{"href":"https:\/\/laredlarioja.com.ar\/sitio\/wp-json\/wp\/v2\/media?parent=35733"}],"wp:term":[{"taxonomy":"category","embeddable":true,"href":"https:\/\/laredlarioja.com.ar\/sitio\/wp-json\/wp\/v2\/categories?post=35733"},{"taxonomy":"post_tag","embeddable":true,"href":"https:\/\/laredlarioja.com.ar\/sitio\/wp-json\/wp\/v2\/tags?post=35733"}],"curies":[{"name":"wp","href":"https:\/\/api.w.org\/{rel}","templated":true}]}}