{"id":35737,"date":"2023-09-05T21:11:32","date_gmt":"2023-09-05T21:11:32","guid":{"rendered":"https:\/\/laredlarioja.com.ar\/sitio\/?p=35737"},"modified":"2023-09-06T13:04:53","modified_gmt":"2023-09-06T13:04:53","slug":"federal-se-lanzo-oficialmente-el-primer-aceite-de-cannabis-medicinal-100-riojano","status":"publish","type":"post","link":"https:\/\/laredlarioja.com.ar\/sitio\/federal-se-lanzo-oficialmente-el-primer-aceite-de-cannabis-medicinal-100-riojano\/","title":{"rendered":"\u201cFederal\u201d: se lanz\u00f3 oficialmente el primer aceite de cannabis medicinal 100% riojano"},"content":{"rendered":"<p>En la ma\u00f1ana de este martes desde el departamento Chilecito, las autoridades provinciales encabezadas por el gobernador Ricardo Quintela, lanzaron oficialmente este producto medicinal elaborado \u00edntegramente en La Rioja.<\/p>\n<p><strong>\u201cMe siento orgulloso de la Provincia que tenemos<\/strong>, que tiene un potencial enorme y espero que las y los riojanos, lo sepamos valorar y dar lo mejor, porque la sumatoria de los logros como este, generar\u00e1n una provincia que merezca ser vivida y que sirva de modelo en algunas experiencias\u201d, enfatiz\u00f3 el mandatario riojano durante su visita a Agrogen\u00e9tica Riojana.<\/p>\n<blockquote><p>\u201cSe pone en manifiesto a la industria, a la provincia y la capacidad de estar a la vanguardia en la producci\u00f3n del aceite de cannabis con fines medicinales\u201d, remarc\u00f3 luego en di\u00e1logo con medios de comunicaci\u00f3n.<\/p><\/blockquote>\n<p>Por su parte Benjam\u00edn Enrici, presidente Agrogen\u00e9tica Riojana, \u00a0remarc\u00f3: \u201cLa Rioja se destac\u00f3 y hoy es referente del desarrollo del Cannabis en Argentina, porque hubo decisi\u00f3n pol\u00edtica, y detr\u00e1s de eso, se identific\u00f3 en Agrogen\u00e9tica y en IRePCySA (Instituto de Servicios Ambientales), las capacidades como centros de biotecnolog\u00eda para llevar adelante esta industria nueva que promete, pero que tambi\u00e9n es compleja\u201d.<\/p>\n<blockquote><p>De las primeras 3.000 dosis, mil se entregar\u00e1n al Ministerio de Salud para ser distribuidos entre quienes lo requieran y no posean cobertura m\u00e9dica;\u00a0 2.000 dosis restantes estar\u00e1n a disposici\u00f3n de las farmacias para su comercializaci\u00f3n.<\/p><\/blockquote>\n<p><a href=\"https:\/\/laredlarioja.com.ar\/sitio\/wp-content\/uploads\/2023\/09\/WhatsApp-Image-2023-09-05-at-14.41.01.jpeg\"><img fetchpriority=\"high\" decoding=\"async\" class=\"alignnone size-full wp-image-35739\" src=\"https:\/\/laredlarioja.com.ar\/sitio\/wp-content\/uploads\/2023\/09\/WhatsApp-Image-2023-09-05-at-14.41.01.jpeg\" alt=\"\" width=\"1280\" height=\"986\" srcset=\"https:\/\/laredlarioja.com.ar\/sitio\/wp-content\/uploads\/2023\/09\/WhatsApp-Image-2023-09-05-at-14.41.01.jpeg 1280w, https:\/\/laredlarioja.com.ar\/sitio\/wp-content\/uploads\/2023\/09\/WhatsApp-Image-2023-09-05-at-14.41.01-300x231.jpeg 300w, https:\/\/laredlarioja.com.ar\/sitio\/wp-content\/uploads\/2023\/09\/WhatsApp-Image-2023-09-05-at-14.41.01-1024x789.jpeg 1024w, https:\/\/laredlarioja.com.ar\/sitio\/wp-content\/uploads\/2023\/09\/WhatsApp-Image-2023-09-05-at-14.41.01-768x592.jpeg 768w\" sizes=\"(max-width: 1280px) 100vw, 1280px\" \/><\/a><\/p>\n<p><strong>\u201cLa Rioja tuvo un proyecto \u00fanico que permiti\u00f3 con la participaci\u00f3n de todas las universidades y del INTA,<\/strong> abarcar una segunda cuesti\u00f3n que quiero mencionar que es el enfoque multidisciplinario, muy necesario para avanzar en esta industria\u201d, destac\u00f3.<\/p>\n<p>Para finalizar su alocuci\u00f3n, destac\u00f3 el rol de una empresa p\u00fablica, que \u201cha radicado inversi\u00f3n privada, acompa\u00f1\u00f3 a la inversi\u00f3n privada, y que trabaja en todos estos ejes que mencion\u00e9 anteriormente\u201d.<\/p>\n<p>Acompa\u00f1aron al gobernador Quintela, la vicegobernadora Florencia L\u00f3pez; la vicepresidenta primera de la C\u00e1mara de Diputados y vicegobernadora electa Teresita Madera; el titular de la Agencia Regulatoria de la Industria del C\u00e1\u00f1amo y el Cannabis Medicinal (ARICCAME), Gabriel Gim\u00e9nez; el presidente de Agrogen\u00e9tica Riojana, Benjam\u00edn Enrici; el ministro de Salud, Juan Carlos Vergara, el intendente de Chilecito, Rodrigo Brizuela y Doria, y dem\u00e1s funcionarios y funcionarias del Gobierno Provincial.<\/p>\n","protected":false},"excerpt":{"rendered":"<p>En la ma\u00f1ana de este martes desde el departamento Chilecito, las autoridades provinciales encabezadas por el gobernador Ricardo<\/p>\n","protected":false},"author":10,"featured_media":35738,"comment_status":"closed","ping_status":"open","sticky":false,"template":"","format":"standard","meta":{"footnotes":""},"categories":[94],"tags":[],"class_list":["post-35737","post","type-post","status-publish","format-standard","has-post-thumbnail","hentry","category-locales"],"yoast_head":"<!-- This site is optimized with the Yoast SEO plugin v27.4 - https:\/\/yoast.com\/product\/yoast-seo-wordpress\/ -->\n<title>\u201cFederal\u201d: se lanz\u00f3 oficialmente el primer aceite de cannabis medicinal 100% riojano - LA RED 88.3 LA RIOJA<\/title>\n<meta name=\"robots\" content=\"index, follow, max-snippet:-1, max-image-preview:large, max-video-preview:-1\" \/>\n<link rel=\"canonical\" href=\"https:\/\/laredlarioja.com.ar\/sitio\/federal-se-lanzo-oficialmente-el-primer-aceite-de-cannabis-medicinal-100-riojano\/\" \/>\n<meta property=\"og:locale\" content=\"es_ES\" \/>\n<meta property=\"og:type\" content=\"article\" \/>\n<meta property=\"og:title\" content=\"\u201cFederal\u201d: se lanz\u00f3 oficialmente el primer aceite de cannabis medicinal 100% riojano - LA RED 88.3 LA RIOJA\" \/>\n<meta property=\"og:description\" content=\"En la ma\u00f1ana de este martes desde el departamento Chilecito, las autoridades provinciales encabezadas por el gobernador Ricardo\" \/>\n<meta property=\"og:url\" content=\"https:\/\/laredlarioja.com.ar\/sitio\/federal-se-lanzo-oficialmente-el-primer-aceite-de-cannabis-medicinal-100-riojano\/\" \/>\n<meta property=\"og:site_name\" content=\"LA RED 88.3 LA RIOJA\" \/>\n<meta property=\"article:publisher\" content=\"https:\/\/www.facebook.com\/lared.larioja\" \/>\n<meta property=\"article:published_time\" content=\"2023-09-05T21:11:32+00:00\" \/>\n<meta property=\"article:modified_time\" content=\"2023-09-06T13:04:53+00:00\" \/>\n<meta property=\"og:image\" content=\"https:\/\/laredlarioja.com.ar\/sitio\/wp-content\/uploads\/2023\/09\/WhatsApp-Image-2023-09-05-at-13.09.21.jpeg\" \/>\n\t<meta property=\"og:image:width\" content=\"1024\" \/>\n\t<meta property=\"og:image:height\" content=\"683\" \/>\n\t<meta property=\"og:image:type\" content=\"image\/jpeg\" \/>\n<meta name=\"author\" content=\"La Red\" \/>\n<meta name=\"twitter:card\" content=\"summary_large_image\" \/>\n<meta name=\"twitter:creator\" content=\"@laredlarioja1\" \/>\n<meta name=\"twitter:site\" content=\"@laredlarioja1\" \/>\n<meta name=\"twitter:label1\" content=\"Escrito por\" \/>\n\t<meta name=\"twitter:data1\" content=\"La Red\" \/>\n\t<meta name=\"twitter:label2\" content=\"Tiempo de lectura\" \/>\n\t<meta name=\"twitter:data2\" content=\"2 minutos\" \/>\n<script type=\"application\/ld+json\" class=\"yoast-schema-graph\">{\"@context\":\"https:\\\/\\\/schema.org\",\"@graph\":[{\"@type\":\"Article\",\"@id\":\"https:\\\/\\\/laredlarioja.com.ar\\\/sitio\\\/federal-se-lanzo-oficialmente-el-primer-aceite-de-cannabis-medicinal-100-riojano\\\/#article\",\"isPartOf\":{\"@id\":\"https:\\\/\\\/laredlarioja.com.ar\\\/sitio\\\/federal-se-lanzo-oficialmente-el-primer-aceite-de-cannabis-medicinal-100-riojano\\\/\"},\"author\":{\"name\":\"La Red\",\"@id\":\"https:\\\/\\\/laredlarioja.com.ar\\\/sitio\\\/#\\\/schema\\\/person\\\/f1e213867beccedaaa4fb548d9259d9a\"},\"headline\":\"\u201cFederal\u201d: se lanz\u00f3 oficialmente el primer aceite de cannabis medicinal 100% riojano\",\"datePublished\":\"2023-09-05T21:11:32+00:00\",\"dateModified\":\"2023-09-06T13:04:53+00:00\",\"mainEntityOfPage\":{\"@id\":\"https:\\\/\\\/laredlarioja.com.ar\\\/sitio\\\/federal-se-lanzo-oficialmente-el-primer-aceite-de-cannabis-medicinal-100-riojano\\\/\"},\"wordCount\":402,\"publisher\":{\"@id\":\"https:\\\/\\\/laredlarioja.com.ar\\\/sitio\\\/#organization\"},\"image\":{\"@id\":\"https:\\\/\\\/laredlarioja.com.ar\\\/sitio\\\/federal-se-lanzo-oficialmente-el-primer-aceite-de-cannabis-medicinal-100-riojano\\\/#primaryimage\"},\"thumbnailUrl\":\"https:\\\/\\\/laredlarioja.com.ar\\\/sitio\\\/wp-content\\\/uploads\\\/2023\\\/09\\\/WhatsApp-Image-2023-09-05-at-13.09.21.jpeg\",\"articleSection\":[\"Locales\"],\"inLanguage\":\"es\"},{\"@type\":\"WebPage\",\"@id\":\"https:\\\/\\\/laredlarioja.com.ar\\\/sitio\\\/federal-se-lanzo-oficialmente-el-primer-aceite-de-cannabis-medicinal-100-riojano\\\/\",\"url\":\"https:\\\/\\\/laredlarioja.com.ar\\\/sitio\\\/federal-se-lanzo-oficialmente-el-primer-aceite-de-cannabis-medicinal-100-riojano\\\/\",\"name\":\"\u201cFederal\u201d: se lanz\u00f3 oficialmente el primer aceite de cannabis medicinal 100% riojano - LA RED 88.3 LA RIOJA\",\"isPartOf\":{\"@id\":\"https:\\\/\\\/laredlarioja.com.ar\\\/sitio\\\/#website\"},\"primaryImageOfPage\":{\"@id\":\"https:\\\/\\\/laredlarioja.com.ar\\\/sitio\\\/federal-se-lanzo-oficialmente-el-primer-aceite-de-cannabis-medicinal-100-riojano\\\/#primaryimage\"},\"image\":{\"@id\":\"https:\\\/\\\/laredlarioja.com.ar\\\/sitio\\\/federal-se-lanzo-oficialmente-el-primer-aceite-de-cannabis-medicinal-100-riojano\\\/#primaryimage\"},\"thumbnailUrl\":\"https:\\\/\\\/laredlarioja.com.ar\\\/sitio\\\/wp-content\\\/uploads\\\/2023\\\/09\\\/WhatsApp-Image-2023-09-05-at-13.09.21.jpeg\",\"datePublished\":\"2023-09-05T21:11:32+00:00\",\"dateModified\":\"2023-09-06T13:04:53+00:00\",\"breadcrumb\":{\"@id\":\"https:\\\/\\\/laredlarioja.com.ar\\\/sitio\\\/federal-se-lanzo-oficialmente-el-primer-aceite-de-cannabis-medicinal-100-riojano\\\/#breadcrumb\"},\"inLanguage\":\"es\",\"potentialAction\":[{\"@type\":\"ReadAction\",\"target\":[\"https:\\\/\\\/laredlarioja.com.ar\\\/sitio\\\/federal-se-lanzo-oficialmente-el-primer-aceite-de-cannabis-medicinal-100-riojano\\\/\"]}]},{\"@type\":\"ImageObject\",\"inLanguage\":\"es\",\"@id\":\"https:\\\/\\\/laredlarioja.com.ar\\\/sitio\\\/federal-se-lanzo-oficialmente-el-primer-aceite-de-cannabis-medicinal-100-riojano\\\/#primaryimage\",\"url\":\"https:\\\/\\\/laredlarioja.com.ar\\\/sitio\\\/wp-content\\\/uploads\\\/2023\\\/09\\\/WhatsApp-Image-2023-09-05-at-13.09.21.jpeg\",\"contentUrl\":\"https:\\\/\\\/laredlarioja.com.ar\\\/sitio\\\/wp-content\\\/uploads\\\/2023\\\/09\\\/WhatsApp-Image-2023-09-05-at-13.09.21.jpeg\",\"width\":1024,\"height\":683},{\"@type\":\"BreadcrumbList\",\"@id\":\"https:\\\/\\\/laredlarioja.com.ar\\\/sitio\\\/federal-se-lanzo-oficialmente-el-primer-aceite-de-cannabis-medicinal-100-riojano\\\/#breadcrumb\",\"itemListElement\":[{\"@type\":\"ListItem\",\"position\":1,\"name\":\"Portada\",\"item\":\"https:\\\/\\\/laredlarioja.com.ar\\\/sitio\\\/\"},{\"@type\":\"ListItem\",\"position\":2,\"name\":\"\u201cFederal\u201d: se lanz\u00f3 oficialmente el primer aceite de cannabis medicinal 100% riojano\"}]},{\"@type\":\"WebSite\",\"@id\":\"https:\\\/\\\/laredlarioja.com.ar\\\/sitio\\\/#website\",\"url\":\"https:\\\/\\\/laredlarioja.com.ar\\\/sitio\\\/\",\"name\":\"LA RED 88.3 LA RIOJA\",\"description\":\"Sitio de Noticias\",\"publisher\":{\"@id\":\"https:\\\/\\\/laredlarioja.com.ar\\\/sitio\\\/#organization\"},\"potentialAction\":[{\"@type\":\"SearchAction\",\"target\":{\"@type\":\"EntryPoint\",\"urlTemplate\":\"https:\\\/\\\/laredlarioja.com.ar\\\/sitio\\\/?s={search_term_string}\"},\"query-input\":{\"@type\":\"PropertyValueSpecification\",\"valueRequired\":true,\"valueName\":\"search_term_string\"}}],\"inLanguage\":\"es\"},{\"@type\":\"Organization\",\"@id\":\"https:\\\/\\\/laredlarioja.com.ar\\\/sitio\\\/#organization\",\"name\":\"LA RED 88.3 LA RIOJA\",\"url\":\"https:\\\/\\\/laredlarioja.com.ar\\\/sitio\\\/\",\"logo\":{\"@type\":\"ImageObject\",\"inLanguage\":\"es\",\"@id\":\"https:\\\/\\\/laredlarioja.com.ar\\\/sitio\\\/#\\\/schema\\\/logo\\\/image\\\/\",\"url\":\"https:\\\/\\\/laredlarioja.com.ar\\\/sitio\\\/wp-content\\\/uploads\\\/2025\\\/05\\\/LOGO-LA-RED.png\",\"contentUrl\":\"https:\\\/\\\/laredlarioja.com.ar\\\/sitio\\\/wp-content\\\/uploads\\\/2025\\\/05\\\/LOGO-LA-RED.png\",\"width\":193,\"height\":340,\"caption\":\"LA RED 88.3 LA RIOJA\"},\"image\":{\"@id\":\"https:\\\/\\\/laredlarioja.com.ar\\\/sitio\\\/#\\\/schema\\\/logo\\\/image\\\/\"},\"sameAs\":[\"https:\\\/\\\/www.facebook.com\\\/lared.larioja\",\"https:\\\/\\\/x.com\\\/laredlarioja1\",\"https:\\\/\\\/www.instagram.com\\\/lared_larioja\\\/\"]},{\"@type\":\"Person\",\"@id\":\"https:\\\/\\\/laredlarioja.com.ar\\\/sitio\\\/#\\\/schema\\\/person\\\/f1e213867beccedaaa4fb548d9259d9a\",\"name\":\"La Red\",\"url\":\"https:\\\/\\\/laredlarioja.com.ar\\\/sitio\\\/author\\\/lared\\\/\"}]}<\/script>\n<!-- \/ Yoast SEO plugin. -->","yoast_head_json":{"title":"\u201cFederal\u201d: se lanz\u00f3 oficialmente el primer aceite de cannabis medicinal 100% riojano - LA RED 88.3 LA RIOJA","robots":{"index":"index","follow":"follow","max-snippet":"max-snippet:-1","max-image-preview":"max-image-preview:large","max-video-preview":"max-video-preview:-1"},"canonical":"https:\/\/laredlarioja.com.ar\/sitio\/federal-se-lanzo-oficialmente-el-primer-aceite-de-cannabis-medicinal-100-riojano\/","og_locale":"es_ES","og_type":"article","og_title":"\u201cFederal\u201d: se lanz\u00f3 oficialmente el primer aceite de cannabis medicinal 100% riojano - LA RED 88.3 LA RIOJA","og_description":"En la ma\u00f1ana de este martes desde el departamento Chilecito, las autoridades provinciales encabezadas por el gobernador Ricardo","og_url":"https:\/\/laredlarioja.com.ar\/sitio\/federal-se-lanzo-oficialmente-el-primer-aceite-de-cannabis-medicinal-100-riojano\/","og_site_name":"LA RED 88.3 LA RIOJA","article_publisher":"https:\/\/www.facebook.com\/lared.larioja","article_published_time":"2023-09-05T21:11:32+00:00","article_modified_time":"2023-09-06T13:04:53+00:00","og_image":[{"width":1024,"height":683,"url":"https:\/\/laredlarioja.com.ar\/sitio\/wp-content\/uploads\/2023\/09\/WhatsApp-Image-2023-09-05-at-13.09.21.jpeg","type":"image\/jpeg"}],"author":"La Red","twitter_card":"summary_large_image","twitter_creator":"@laredlarioja1","twitter_site":"@laredlarioja1","twitter_misc":{"Escrito por":"La Red","Tiempo de lectura":"2 minutos"},"schema":{"@context":"https:\/\/schema.org","@graph":[{"@type":"Article","@id":"https:\/\/laredlarioja.com.ar\/sitio\/federal-se-lanzo-oficialmente-el-primer-aceite-de-cannabis-medicinal-100-riojano\/#article","isPartOf":{"@id":"https:\/\/laredlarioja.com.ar\/sitio\/federal-se-lanzo-oficialmente-el-primer-aceite-de-cannabis-medicinal-100-riojano\/"},"author":{"name":"La Red","@id":"https:\/\/laredlarioja.com.ar\/sitio\/#\/schema\/person\/f1e213867beccedaaa4fb548d9259d9a"},"headline":"\u201cFederal\u201d: se lanz\u00f3 oficialmente el primer aceite de cannabis medicinal 100% riojano","datePublished":"2023-09-05T21:11:32+00:00","dateModified":"2023-09-06T13:04:53+00:00","mainEntityOfPage":{"@id":"https:\/\/laredlarioja.com.ar\/sitio\/federal-se-lanzo-oficialmente-el-primer-aceite-de-cannabis-medicinal-100-riojano\/"},"wordCount":402,"publisher":{"@id":"https:\/\/laredlarioja.com.ar\/sitio\/#organization"},"image":{"@id":"https:\/\/laredlarioja.com.ar\/sitio\/federal-se-lanzo-oficialmente-el-primer-aceite-de-cannabis-medicinal-100-riojano\/#primaryimage"},"thumbnailUrl":"https:\/\/laredlarioja.com.ar\/sitio\/wp-content\/uploads\/2023\/09\/WhatsApp-Image-2023-09-05-at-13.09.21.jpeg","articleSection":["Locales"],"inLanguage":"es"},{"@type":"WebPage","@id":"https:\/\/laredlarioja.com.ar\/sitio\/federal-se-lanzo-oficialmente-el-primer-aceite-de-cannabis-medicinal-100-riojano\/","url":"https:\/\/laredlarioja.com.ar\/sitio\/federal-se-lanzo-oficialmente-el-primer-aceite-de-cannabis-medicinal-100-riojano\/","name":"\u201cFederal\u201d: se lanz\u00f3 oficialmente el primer aceite de cannabis medicinal 100% riojano - LA RED 88.3 LA RIOJA","isPartOf":{"@id":"https:\/\/laredlarioja.com.ar\/sitio\/#website"},"primaryImageOfPage":{"@id":"https:\/\/laredlarioja.com.ar\/sitio\/federal-se-lanzo-oficialmente-el-primer-aceite-de-cannabis-medicinal-100-riojano\/#primaryimage"},"image":{"@id":"https:\/\/laredlarioja.com.ar\/sitio\/federal-se-lanzo-oficialmente-el-primer-aceite-de-cannabis-medicinal-100-riojano\/#primaryimage"},"thumbnailUrl":"https:\/\/laredlarioja.com.ar\/sitio\/wp-content\/uploads\/2023\/09\/WhatsApp-Image-2023-09-05-at-13.09.21.jpeg","datePublished":"2023-09-05T21:11:32+00:00","dateModified":"2023-09-06T13:04:53+00:00","breadcrumb":{"@id":"https:\/\/laredlarioja.com.ar\/sitio\/federal-se-lanzo-oficialmente-el-primer-aceite-de-cannabis-medicinal-100-riojano\/#breadcrumb"},"inLanguage":"es","potentialAction":[{"@type":"ReadAction","target":["https:\/\/laredlarioja.com.ar\/sitio\/federal-se-lanzo-oficialmente-el-primer-aceite-de-cannabis-medicinal-100-riojano\/"]}]},{"@type":"ImageObject","inLanguage":"es","@id":"https:\/\/laredlarioja.com.ar\/sitio\/federal-se-lanzo-oficialmente-el-primer-aceite-de-cannabis-medicinal-100-riojano\/#primaryimage","url":"https:\/\/laredlarioja.com.ar\/sitio\/wp-content\/uploads\/2023\/09\/WhatsApp-Image-2023-09-05-at-13.09.21.jpeg","contentUrl":"https:\/\/laredlarioja.com.ar\/sitio\/wp-content\/uploads\/2023\/09\/WhatsApp-Image-2023-09-05-at-13.09.21.jpeg","width":1024,"height":683},{"@type":"BreadcrumbList","@id":"https:\/\/laredlarioja.com.ar\/sitio\/federal-se-lanzo-oficialmente-el-primer-aceite-de-cannabis-medicinal-100-riojano\/#breadcrumb","itemListElement":[{"@type":"ListItem","position":1,"name":"Portada","item":"https:\/\/laredlarioja.com.ar\/sitio\/"},{"@type":"ListItem","position":2,"name":"\u201cFederal\u201d: se lanz\u00f3 oficialmente el primer aceite de cannabis medicinal 100% riojano"}]},{"@type":"WebSite","@id":"https:\/\/laredlarioja.com.ar\/sitio\/#website","url":"https:\/\/laredlarioja.com.ar\/sitio\/","name":"LA RED 88.3 LA RIOJA","description":"Sitio de Noticias","publisher":{"@id":"https:\/\/laredlarioja.com.ar\/sitio\/#organization"},"potentialAction":[{"@type":"SearchAction","target":{"@type":"EntryPoint","urlTemplate":"https:\/\/laredlarioja.com.ar\/sitio\/?s={search_term_string}"},"query-input":{"@type":"PropertyValueSpecification","valueRequired":true,"valueName":"search_term_string"}}],"inLanguage":"es"},{"@type":"Organization","@id":"https:\/\/laredlarioja.com.ar\/sitio\/#organization","name":"LA RED 88.3 LA RIOJA","url":"https:\/\/laredlarioja.com.ar\/sitio\/","logo":{"@type":"ImageObject","inLanguage":"es","@id":"https:\/\/laredlarioja.com.ar\/sitio\/#\/schema\/logo\/image\/","url":"https:\/\/laredlarioja.com.ar\/sitio\/wp-content\/uploads\/2025\/05\/LOGO-LA-RED.png","contentUrl":"https:\/\/laredlarioja.com.ar\/sitio\/wp-content\/uploads\/2025\/05\/LOGO-LA-RED.png","width":193,"height":340,"caption":"LA RED 88.3 LA RIOJA"},"image":{"@id":"https:\/\/laredlarioja.com.ar\/sitio\/#\/schema\/logo\/image\/"},"sameAs":["https:\/\/www.facebook.com\/lared.larioja","https:\/\/x.com\/laredlarioja1","https:\/\/www.instagram.com\/lared_larioja\/"]},{"@type":"Person","@id":"https:\/\/laredlarioja.com.ar\/sitio\/#\/schema\/person\/f1e213867beccedaaa4fb548d9259d9a","name":"La Red","url":"https:\/\/laredlarioja.com.ar\/sitio\/author\/lared\/"}]}},"featured_image_urls":{"full":["https:\/\/laredlarioja.com.ar\/sitio\/wp-content\/uploads\/2023\/09\/WhatsApp-Image-2023-09-05-at-13.09.21.jpeg",1024,683,false],"thumbnail":["https:\/\/laredlarioja.com.ar\/sitio\/wp-content\/uploads\/2023\/09\/WhatsApp-Image-2023-09-05-at-13.09.21-150x150.jpeg",150,150,true],"medium":["https:\/\/laredlarioja.com.ar\/sitio\/wp-content\/uploads\/2023\/09\/WhatsApp-Image-2023-09-05-at-13.09.21-300x200.jpeg",300,200,true],"medium_large":["https:\/\/laredlarioja.com.ar\/sitio\/wp-content\/uploads\/2023\/09\/WhatsApp-Image-2023-09-05-at-13.09.21-768x512.jpeg",640,427,true],"large":["https:\/\/laredlarioja.com.ar\/sitio\/wp-content\/uploads\/2023\/09\/WhatsApp-Image-2023-09-05-at-13.09.21.jpeg",640,427,false],"1536x1536":["https:\/\/laredlarioja.com.ar\/sitio\/wp-content\/uploads\/2023\/09\/WhatsApp-Image-2023-09-05-at-13.09.21.jpeg",1024,683,false],"2048x2048":["https:\/\/laredlarioja.com.ar\/sitio\/wp-content\/uploads\/2023\/09\/WhatsApp-Image-2023-09-05-at-13.09.21.jpeg",1024,683,false],"cvmm-medium":["https:\/\/laredlarioja.com.ar\/sitio\/wp-content\/uploads\/2023\/09\/WhatsApp-Image-2023-09-05-at-13.09.21-300x300.jpeg",300,300,true],"cvmm-medium-plus":["https:\/\/laredlarioja.com.ar\/sitio\/wp-content\/uploads\/2023\/09\/WhatsApp-Image-2023-09-05-at-13.09.21-305x207.jpeg",305,207,true],"cvmm-portrait":["https:\/\/laredlarioja.com.ar\/sitio\/wp-content\/uploads\/2023\/09\/WhatsApp-Image-2023-09-05-at-13.09.21-400x600.jpeg",400,600,true],"cvmm-medium-square":["https:\/\/laredlarioja.com.ar\/sitio\/wp-content\/uploads\/2023\/09\/WhatsApp-Image-2023-09-05-at-13.09.21-600x600.jpeg",600,600,true],"cvmm-large":["https:\/\/laredlarioja.com.ar\/sitio\/wp-content\/uploads\/2023\/09\/WhatsApp-Image-2023-09-05-at-13.09.21.jpeg",1024,683,false],"cvmm-small":["https:\/\/laredlarioja.com.ar\/sitio\/wp-content\/uploads\/2023\/09\/WhatsApp-Image-2023-09-05-at-13.09.21-130x95.jpeg",130,95,true],"morenews-large":["https:\/\/laredlarioja.com.ar\/sitio\/wp-content\/uploads\/2023\/09\/WhatsApp-Image-2023-09-05-at-13.09.21-825x575.jpeg",825,575,true],"morenews-medium":["https:\/\/laredlarioja.com.ar\/sitio\/wp-content\/uploads\/2023\/09\/WhatsApp-Image-2023-09-05-at-13.09.21-590x410.jpeg",590,410,true]},"author_info":{"display_name":"La Red","author_link":"https:\/\/laredlarioja.com.ar\/sitio\/author\/lared\/"},"category_info":"<a href=\"https:\/\/laredlarioja.com.ar\/sitio\/categorias\/locales\/\" rel=\"category tag\">Locales<\/a>","tag_info":"Locales","comment_count":"0","blog_post_layout_featured_media_urls":{"thumbnail":["https:\/\/laredlarioja.com.ar\/sitio\/wp-content\/uploads\/2023\/09\/WhatsApp-Image-2023-09-05-at-13.09.21-150x150.jpeg",150,150,true],"full":["https:\/\/laredlarioja.com.ar\/sitio\/wp-content\/uploads\/2023\/09\/WhatsApp-Image-2023-09-05-at-13.09.21.jpeg",1024,683,false]},"categories_names":{"94":{"name":"Locales","link":"https:\/\/laredlarioja.com.ar\/sitio\/categorias\/locales\/"}},"tags_names":[],"comments_number":"0","wpmagazine_modules_lite_featured_media_urls":{"thumbnail":["https:\/\/laredlarioja.com.ar\/sitio\/wp-content\/uploads\/2023\/09\/WhatsApp-Image-2023-09-05-at-13.09.21-150x150.jpeg",150,150,true],"cvmm-medium":["https:\/\/laredlarioja.com.ar\/sitio\/wp-content\/uploads\/2023\/09\/WhatsApp-Image-2023-09-05-at-13.09.21-300x300.jpeg",300,300,true],"cvmm-medium-plus":["https:\/\/laredlarioja.com.ar\/sitio\/wp-content\/uploads\/2023\/09\/WhatsApp-Image-2023-09-05-at-13.09.21-305x207.jpeg",305,207,true],"cvmm-portrait":["https:\/\/laredlarioja.com.ar\/sitio\/wp-content\/uploads\/2023\/09\/WhatsApp-Image-2023-09-05-at-13.09.21-400x600.jpeg",400,600,true],"cvmm-medium-square":["https:\/\/laredlarioja.com.ar\/sitio\/wp-content\/uploads\/2023\/09\/WhatsApp-Image-2023-09-05-at-13.09.21-600x600.jpeg",600,600,true],"cvmm-large":["https:\/\/laredlarioja.com.ar\/sitio\/wp-content\/uploads\/2023\/09\/WhatsApp-Image-2023-09-05-at-13.09.21.jpeg",1024,683,false],"cvmm-small":["https:\/\/laredlarioja.com.ar\/sitio\/wp-content\/uploads\/2023\/09\/WhatsApp-Image-2023-09-05-at-13.09.21-130x95.jpeg",130,95,true],"full":["https:\/\/laredlarioja.com.ar\/sitio\/wp-content\/uploads\/2023\/09\/WhatsApp-Image-2023-09-05-at-13.09.21.jpeg",1024,683,false]},"_links":{"self":[{"href":"https:\/\/laredlarioja.com.ar\/sitio\/wp-json\/wp\/v2\/posts\/35737","targetHints":{"allow":["GET"]}}],"collection":[{"href":"https:\/\/laredlarioja.com.ar\/sitio\/wp-json\/wp\/v2\/posts"}],"about":[{"href":"https:\/\/laredlarioja.com.ar\/sitio\/wp-json\/wp\/v2\/types\/post"}],"author":[{"embeddable":true,"href":"https:\/\/laredlarioja.com.ar\/sitio\/wp-json\/wp\/v2\/users\/10"}],"replies":[{"embeddable":true,"href":"https:\/\/laredlarioja.com.ar\/sitio\/wp-json\/wp\/v2\/comments?post=35737"}],"version-history":[{"count":3,"href":"https:\/\/laredlarioja.com.ar\/sitio\/wp-json\/wp\/v2\/posts\/35737\/revisions"}],"predecessor-version":[{"id":35742,"href":"https:\/\/laredlarioja.com.ar\/sitio\/wp-json\/wp\/v2\/posts\/35737\/revisions\/35742"}],"wp:featuredmedia":[{"embeddable":true,"href":"https:\/\/laredlarioja.com.ar\/sitio\/wp-json\/wp\/v2\/media\/35738"}],"wp:attachment":[{"href":"https:\/\/laredlarioja.com.ar\/sitio\/wp-json\/wp\/v2\/media?parent=35737"}],"wp:term":[{"taxonomy":"category","embeddable":true,"href":"https:\/\/laredlarioja.com.ar\/sitio\/wp-json\/wp\/v2\/categories?post=35737"},{"taxonomy":"post_tag","embeddable":true,"href":"https:\/\/laredlarioja.com.ar\/sitio\/wp-json\/wp\/v2\/tags?post=35737"}],"curies":[{"name":"wp","href":"https:\/\/api.w.org\/{rel}","templated":true}]}}