{"id":35743,"date":"2023-09-05T21:53:18","date_gmt":"2023-09-05T21:53:18","guid":{"rendered":"https:\/\/laredlarioja.com.ar\/sitio\/?p=35743"},"modified":"2023-09-05T21:54:49","modified_gmt":"2023-09-05T21:54:49","slug":"se-viene-una-nueva-pena-romancera-a-beneficio-del-club-san-roman","status":"publish","type":"post","link":"https:\/\/laredlarioja.com.ar\/sitio\/se-viene-una-nueva-pena-romancera-a-beneficio-del-club-san-roman\/","title":{"rendered":"Se viene una nueva \u201cPe\u00f1a Romancera\u201d a beneficio del Club San Rom\u00e1n"},"content":{"rendered":"<p>Ser\u00e1 este viernes 8 de septiembre a las 22 horas. Habr\u00e1 una extensa grilla de artistas.<\/p>\n<p>&nbsp;<\/p>\n<p>Como organizador de una nueva \u201cPe\u00f1a Romancera\u201d, Jos\u00e9 Busleiman indic\u00f3 a <strong>Radio La Red<\/strong> que de esta manera <strong>buscan recaudar fondos necesarios para los costos diarios del funcionamiento del club<\/strong>, principalmente del equipo que participa en la Liga Rioja de F\u00fatbol.<\/p>\n<p>\u201cEl otro objetivo es poder reunir a la gente del barrio, que se acerquen a conocer lo que hacemos d\u00eda a d\u00eda en el club y que puedan colaborar\u201d, sum\u00f3 adem\u00e1s Busleiman.<\/p>\n<blockquote><p>La entrada tiene un costo de $1.000 y en el lugar habr\u00e1 adem\u00e1s un buffet \u201ca precios accesibles para que todas las familias puedan disfrutar\u201d.<\/p><\/blockquote>\n<p>Actuar\u00e1n <strong>Germ\u00e1n Nieto<\/strong> (vecino y socio del club), el <strong>Grupo Ensamble, Brenda Hern\u00e1ndez, \u2018Negro\u2019 Cort\u00e9z y Vocal Alborada.<\/strong> Tambi\u00e9n participar\u00e1 el <strong>recitador Javier Rodr\u00edguez con la conducci\u00f3n de V\u00edctor Cano.<\/strong> <strong>El cierre de la velada ser\u00e1 con m\u00fasica del recuerdo, a cargo del ex vocalista de \u2018Agrupaci\u00f3n 70\u2019, el \u2018Negro\u2019 Oyola.<\/strong><\/p>\n<p>Busleiaman agradeci\u00f3 a todas las personas que est\u00e1n \u201cdando una mano para que todo esto sea posible\u201d, y principalmente a los artistas que ofrecer\u00e1n su show gratuito para ayudar al club.<\/p>\n<p>La cita es para el 8 de septiembre desde las 22 y hasta las 4 de la ma\u00f1ana, en el sal\u00f3n climatizado del Club San Rom\u00e1n.<\/p>\n","protected":false},"excerpt":{"rendered":"<p>Ser\u00e1 este viernes 8 de septiembre a las 22 horas. Habr\u00e1 una extensa grilla de artistas. &nbsp; Como<\/p>\n","protected":false},"author":10,"featured_media":35744,"comment_status":"closed","ping_status":"open","sticky":false,"template":"","format":"standard","meta":{"footnotes":""},"categories":[94],"tags":[],"class_list":["post-35743","post","type-post","status-publish","format-standard","has-post-thumbnail","hentry","category-locales"],"yoast_head":"<!-- This site is optimized with the Yoast SEO plugin v27.4 - https:\/\/yoast.com\/product\/yoast-seo-wordpress\/ -->\n<title>Se viene una nueva \u201cPe\u00f1a Romancera\u201d a beneficio del Club San Rom\u00e1n - LA RED 88.3 LA RIOJA<\/title>\n<meta name=\"robots\" content=\"index, follow, max-snippet:-1, max-image-preview:large, max-video-preview:-1\" \/>\n<link rel=\"canonical\" href=\"https:\/\/laredlarioja.com.ar\/sitio\/se-viene-una-nueva-pena-romancera-a-beneficio-del-club-san-roman\/\" \/>\n<meta property=\"og:locale\" content=\"es_ES\" \/>\n<meta property=\"og:type\" content=\"article\" \/>\n<meta property=\"og:title\" content=\"Se viene una nueva \u201cPe\u00f1a Romancera\u201d a beneficio del Club San Rom\u00e1n - LA RED 88.3 LA RIOJA\" \/>\n<meta property=\"og:description\" content=\"Ser\u00e1 este viernes 8 de septiembre a las 22 horas. Habr\u00e1 una extensa grilla de artistas. &nbsp; Como\" \/>\n<meta property=\"og:url\" content=\"https:\/\/laredlarioja.com.ar\/sitio\/se-viene-una-nueva-pena-romancera-a-beneficio-del-club-san-roman\/\" \/>\n<meta property=\"og:site_name\" content=\"LA RED 88.3 LA RIOJA\" \/>\n<meta property=\"article:publisher\" content=\"https:\/\/www.facebook.com\/lared.larioja\" \/>\n<meta property=\"article:published_time\" content=\"2023-09-05T21:53:18+00:00\" \/>\n<meta property=\"article:modified_time\" content=\"2023-09-05T21:54:49+00:00\" \/>\n<meta property=\"og:image\" content=\"https:\/\/laredlarioja.com.ar\/sitio\/wp-content\/uploads\/2023\/09\/348559271_789613309470177_6431350907154194352_n.jpg\" \/>\n\t<meta property=\"og:image:width\" content=\"719\" \/>\n\t<meta property=\"og:image:height\" content=\"480\" \/>\n\t<meta property=\"og:image:type\" content=\"image\/jpeg\" \/>\n<meta name=\"author\" content=\"La Red\" \/>\n<meta name=\"twitter:card\" content=\"summary_large_image\" \/>\n<meta name=\"twitter:creator\" content=\"@laredlarioja1\" \/>\n<meta name=\"twitter:site\" content=\"@laredlarioja1\" \/>\n<meta name=\"twitter:label1\" content=\"Escrito por\" \/>\n\t<meta name=\"twitter:data1\" content=\"La Red\" \/>\n\t<meta name=\"twitter:label2\" content=\"Tiempo de lectura\" \/>\n\t<meta name=\"twitter:data2\" content=\"1 minuto\" \/>\n<script type=\"application\/ld+json\" class=\"yoast-schema-graph\">{\"@context\":\"https:\\\/\\\/schema.org\",\"@graph\":[{\"@type\":\"Article\",\"@id\":\"https:\\\/\\\/laredlarioja.com.ar\\\/sitio\\\/se-viene-una-nueva-pena-romancera-a-beneficio-del-club-san-roman\\\/#article\",\"isPartOf\":{\"@id\":\"https:\\\/\\\/laredlarioja.com.ar\\\/sitio\\\/se-viene-una-nueva-pena-romancera-a-beneficio-del-club-san-roman\\\/\"},\"author\":{\"name\":\"La Red\",\"@id\":\"https:\\\/\\\/laredlarioja.com.ar\\\/sitio\\\/#\\\/schema\\\/person\\\/f1e213867beccedaaa4fb548d9259d9a\"},\"headline\":\"Se viene una nueva \u201cPe\u00f1a Romancera\u201d a beneficio del Club San Rom\u00e1n\",\"datePublished\":\"2023-09-05T21:53:18+00:00\",\"dateModified\":\"2023-09-05T21:54:49+00:00\",\"mainEntityOfPage\":{\"@id\":\"https:\\\/\\\/laredlarioja.com.ar\\\/sitio\\\/se-viene-una-nueva-pena-romancera-a-beneficio-del-club-san-roman\\\/\"},\"wordCount\":251,\"publisher\":{\"@id\":\"https:\\\/\\\/laredlarioja.com.ar\\\/sitio\\\/#organization\"},\"image\":{\"@id\":\"https:\\\/\\\/laredlarioja.com.ar\\\/sitio\\\/se-viene-una-nueva-pena-romancera-a-beneficio-del-club-san-roman\\\/#primaryimage\"},\"thumbnailUrl\":\"https:\\\/\\\/laredlarioja.com.ar\\\/sitio\\\/wp-content\\\/uploads\\\/2023\\\/09\\\/348559271_789613309470177_6431350907154194352_n.jpg\",\"articleSection\":[\"Locales\"],\"inLanguage\":\"es\"},{\"@type\":\"WebPage\",\"@id\":\"https:\\\/\\\/laredlarioja.com.ar\\\/sitio\\\/se-viene-una-nueva-pena-romancera-a-beneficio-del-club-san-roman\\\/\",\"url\":\"https:\\\/\\\/laredlarioja.com.ar\\\/sitio\\\/se-viene-una-nueva-pena-romancera-a-beneficio-del-club-san-roman\\\/\",\"name\":\"Se viene una nueva \u201cPe\u00f1a Romancera\u201d a beneficio del Club San Rom\u00e1n - LA RED 88.3 LA RIOJA\",\"isPartOf\":{\"@id\":\"https:\\\/\\\/laredlarioja.com.ar\\\/sitio\\\/#website\"},\"primaryImageOfPage\":{\"@id\":\"https:\\\/\\\/laredlarioja.com.ar\\\/sitio\\\/se-viene-una-nueva-pena-romancera-a-beneficio-del-club-san-roman\\\/#primaryimage\"},\"image\":{\"@id\":\"https:\\\/\\\/laredlarioja.com.ar\\\/sitio\\\/se-viene-una-nueva-pena-romancera-a-beneficio-del-club-san-roman\\\/#primaryimage\"},\"thumbnailUrl\":\"https:\\\/\\\/laredlarioja.com.ar\\\/sitio\\\/wp-content\\\/uploads\\\/2023\\\/09\\\/348559271_789613309470177_6431350907154194352_n.jpg\",\"datePublished\":\"2023-09-05T21:53:18+00:00\",\"dateModified\":\"2023-09-05T21:54:49+00:00\",\"breadcrumb\":{\"@id\":\"https:\\\/\\\/laredlarioja.com.ar\\\/sitio\\\/se-viene-una-nueva-pena-romancera-a-beneficio-del-club-san-roman\\\/#breadcrumb\"},\"inLanguage\":\"es\",\"potentialAction\":[{\"@type\":\"ReadAction\",\"target\":[\"https:\\\/\\\/laredlarioja.com.ar\\\/sitio\\\/se-viene-una-nueva-pena-romancera-a-beneficio-del-club-san-roman\\\/\"]}]},{\"@type\":\"ImageObject\",\"inLanguage\":\"es\",\"@id\":\"https:\\\/\\\/laredlarioja.com.ar\\\/sitio\\\/se-viene-una-nueva-pena-romancera-a-beneficio-del-club-san-roman\\\/#primaryimage\",\"url\":\"https:\\\/\\\/laredlarioja.com.ar\\\/sitio\\\/wp-content\\\/uploads\\\/2023\\\/09\\\/348559271_789613309470177_6431350907154194352_n.jpg\",\"contentUrl\":\"https:\\\/\\\/laredlarioja.com.ar\\\/sitio\\\/wp-content\\\/uploads\\\/2023\\\/09\\\/348559271_789613309470177_6431350907154194352_n.jpg\",\"width\":719,\"height\":480},{\"@type\":\"BreadcrumbList\",\"@id\":\"https:\\\/\\\/laredlarioja.com.ar\\\/sitio\\\/se-viene-una-nueva-pena-romancera-a-beneficio-del-club-san-roman\\\/#breadcrumb\",\"itemListElement\":[{\"@type\":\"ListItem\",\"position\":1,\"name\":\"Portada\",\"item\":\"https:\\\/\\\/laredlarioja.com.ar\\\/sitio\\\/\"},{\"@type\":\"ListItem\",\"position\":2,\"name\":\"Se viene una nueva \u201cPe\u00f1a Romancera\u201d a beneficio del Club San Rom\u00e1n\"}]},{\"@type\":\"WebSite\",\"@id\":\"https:\\\/\\\/laredlarioja.com.ar\\\/sitio\\\/#website\",\"url\":\"https:\\\/\\\/laredlarioja.com.ar\\\/sitio\\\/\",\"name\":\"LA RED 88.3 LA RIOJA\",\"description\":\"Sitio de Noticias\",\"publisher\":{\"@id\":\"https:\\\/\\\/laredlarioja.com.ar\\\/sitio\\\/#organization\"},\"potentialAction\":[{\"@type\":\"SearchAction\",\"target\":{\"@type\":\"EntryPoint\",\"urlTemplate\":\"https:\\\/\\\/laredlarioja.com.ar\\\/sitio\\\/?s={search_term_string}\"},\"query-input\":{\"@type\":\"PropertyValueSpecification\",\"valueRequired\":true,\"valueName\":\"search_term_string\"}}],\"inLanguage\":\"es\"},{\"@type\":\"Organization\",\"@id\":\"https:\\\/\\\/laredlarioja.com.ar\\\/sitio\\\/#organization\",\"name\":\"LA RED 88.3 LA RIOJA\",\"url\":\"https:\\\/\\\/laredlarioja.com.ar\\\/sitio\\\/\",\"logo\":{\"@type\":\"ImageObject\",\"inLanguage\":\"es\",\"@id\":\"https:\\\/\\\/laredlarioja.com.ar\\\/sitio\\\/#\\\/schema\\\/logo\\\/image\\\/\",\"url\":\"https:\\\/\\\/laredlarioja.com.ar\\\/sitio\\\/wp-content\\\/uploads\\\/2025\\\/05\\\/LOGO-LA-RED.png\",\"contentUrl\":\"https:\\\/\\\/laredlarioja.com.ar\\\/sitio\\\/wp-content\\\/uploads\\\/2025\\\/05\\\/LOGO-LA-RED.png\",\"width\":193,\"height\":340,\"caption\":\"LA RED 88.3 LA RIOJA\"},\"image\":{\"@id\":\"https:\\\/\\\/laredlarioja.com.ar\\\/sitio\\\/#\\\/schema\\\/logo\\\/image\\\/\"},\"sameAs\":[\"https:\\\/\\\/www.facebook.com\\\/lared.larioja\",\"https:\\\/\\\/x.com\\\/laredlarioja1\",\"https:\\\/\\\/www.instagram.com\\\/lared_larioja\\\/\"]},{\"@type\":\"Person\",\"@id\":\"https:\\\/\\\/laredlarioja.com.ar\\\/sitio\\\/#\\\/schema\\\/person\\\/f1e213867beccedaaa4fb548d9259d9a\",\"name\":\"La Red\",\"url\":\"https:\\\/\\\/laredlarioja.com.ar\\\/sitio\\\/author\\\/lared\\\/\"}]}<\/script>\n<!-- \/ Yoast SEO plugin. -->","yoast_head_json":{"title":"Se viene una nueva \u201cPe\u00f1a Romancera\u201d a beneficio del Club San Rom\u00e1n - LA RED 88.3 LA RIOJA","robots":{"index":"index","follow":"follow","max-snippet":"max-snippet:-1","max-image-preview":"max-image-preview:large","max-video-preview":"max-video-preview:-1"},"canonical":"https:\/\/laredlarioja.com.ar\/sitio\/se-viene-una-nueva-pena-romancera-a-beneficio-del-club-san-roman\/","og_locale":"es_ES","og_type":"article","og_title":"Se viene una nueva \u201cPe\u00f1a Romancera\u201d a beneficio del Club San Rom\u00e1n - LA RED 88.3 LA RIOJA","og_description":"Ser\u00e1 este viernes 8 de septiembre a las 22 horas. Habr\u00e1 una extensa grilla de artistas. &nbsp; Como","og_url":"https:\/\/laredlarioja.com.ar\/sitio\/se-viene-una-nueva-pena-romancera-a-beneficio-del-club-san-roman\/","og_site_name":"LA RED 88.3 LA RIOJA","article_publisher":"https:\/\/www.facebook.com\/lared.larioja","article_published_time":"2023-09-05T21:53:18+00:00","article_modified_time":"2023-09-05T21:54:49+00:00","og_image":[{"width":719,"height":480,"url":"https:\/\/laredlarioja.com.ar\/sitio\/wp-content\/uploads\/2023\/09\/348559271_789613309470177_6431350907154194352_n.jpg","type":"image\/jpeg"}],"author":"La Red","twitter_card":"summary_large_image","twitter_creator":"@laredlarioja1","twitter_site":"@laredlarioja1","twitter_misc":{"Escrito por":"La Red","Tiempo de lectura":"1 minuto"},"schema":{"@context":"https:\/\/schema.org","@graph":[{"@type":"Article","@id":"https:\/\/laredlarioja.com.ar\/sitio\/se-viene-una-nueva-pena-romancera-a-beneficio-del-club-san-roman\/#article","isPartOf":{"@id":"https:\/\/laredlarioja.com.ar\/sitio\/se-viene-una-nueva-pena-romancera-a-beneficio-del-club-san-roman\/"},"author":{"name":"La Red","@id":"https:\/\/laredlarioja.com.ar\/sitio\/#\/schema\/person\/f1e213867beccedaaa4fb548d9259d9a"},"headline":"Se viene una nueva \u201cPe\u00f1a Romancera\u201d a beneficio del Club San Rom\u00e1n","datePublished":"2023-09-05T21:53:18+00:00","dateModified":"2023-09-05T21:54:49+00:00","mainEntityOfPage":{"@id":"https:\/\/laredlarioja.com.ar\/sitio\/se-viene-una-nueva-pena-romancera-a-beneficio-del-club-san-roman\/"},"wordCount":251,"publisher":{"@id":"https:\/\/laredlarioja.com.ar\/sitio\/#organization"},"image":{"@id":"https:\/\/laredlarioja.com.ar\/sitio\/se-viene-una-nueva-pena-romancera-a-beneficio-del-club-san-roman\/#primaryimage"},"thumbnailUrl":"https:\/\/laredlarioja.com.ar\/sitio\/wp-content\/uploads\/2023\/09\/348559271_789613309470177_6431350907154194352_n.jpg","articleSection":["Locales"],"inLanguage":"es"},{"@type":"WebPage","@id":"https:\/\/laredlarioja.com.ar\/sitio\/se-viene-una-nueva-pena-romancera-a-beneficio-del-club-san-roman\/","url":"https:\/\/laredlarioja.com.ar\/sitio\/se-viene-una-nueva-pena-romancera-a-beneficio-del-club-san-roman\/","name":"Se viene una nueva \u201cPe\u00f1a Romancera\u201d a beneficio del Club San Rom\u00e1n - LA RED 88.3 LA RIOJA","isPartOf":{"@id":"https:\/\/laredlarioja.com.ar\/sitio\/#website"},"primaryImageOfPage":{"@id":"https:\/\/laredlarioja.com.ar\/sitio\/se-viene-una-nueva-pena-romancera-a-beneficio-del-club-san-roman\/#primaryimage"},"image":{"@id":"https:\/\/laredlarioja.com.ar\/sitio\/se-viene-una-nueva-pena-romancera-a-beneficio-del-club-san-roman\/#primaryimage"},"thumbnailUrl":"https:\/\/laredlarioja.com.ar\/sitio\/wp-content\/uploads\/2023\/09\/348559271_789613309470177_6431350907154194352_n.jpg","datePublished":"2023-09-05T21:53:18+00:00","dateModified":"2023-09-05T21:54:49+00:00","breadcrumb":{"@id":"https:\/\/laredlarioja.com.ar\/sitio\/se-viene-una-nueva-pena-romancera-a-beneficio-del-club-san-roman\/#breadcrumb"},"inLanguage":"es","potentialAction":[{"@type":"ReadAction","target":["https:\/\/laredlarioja.com.ar\/sitio\/se-viene-una-nueva-pena-romancera-a-beneficio-del-club-san-roman\/"]}]},{"@type":"ImageObject","inLanguage":"es","@id":"https:\/\/laredlarioja.com.ar\/sitio\/se-viene-una-nueva-pena-romancera-a-beneficio-del-club-san-roman\/#primaryimage","url":"https:\/\/laredlarioja.com.ar\/sitio\/wp-content\/uploads\/2023\/09\/348559271_789613309470177_6431350907154194352_n.jpg","contentUrl":"https:\/\/laredlarioja.com.ar\/sitio\/wp-content\/uploads\/2023\/09\/348559271_789613309470177_6431350907154194352_n.jpg","width":719,"height":480},{"@type":"BreadcrumbList","@id":"https:\/\/laredlarioja.com.ar\/sitio\/se-viene-una-nueva-pena-romancera-a-beneficio-del-club-san-roman\/#breadcrumb","itemListElement":[{"@type":"ListItem","position":1,"name":"Portada","item":"https:\/\/laredlarioja.com.ar\/sitio\/"},{"@type":"ListItem","position":2,"name":"Se viene una nueva \u201cPe\u00f1a Romancera\u201d a beneficio del Club San Rom\u00e1n"}]},{"@type":"WebSite","@id":"https:\/\/laredlarioja.com.ar\/sitio\/#website","url":"https:\/\/laredlarioja.com.ar\/sitio\/","name":"LA RED 88.3 LA RIOJA","description":"Sitio de Noticias","publisher":{"@id":"https:\/\/laredlarioja.com.ar\/sitio\/#organization"},"potentialAction":[{"@type":"SearchAction","target":{"@type":"EntryPoint","urlTemplate":"https:\/\/laredlarioja.com.ar\/sitio\/?s={search_term_string}"},"query-input":{"@type":"PropertyValueSpecification","valueRequired":true,"valueName":"search_term_string"}}],"inLanguage":"es"},{"@type":"Organization","@id":"https:\/\/laredlarioja.com.ar\/sitio\/#organization","name":"LA RED 88.3 LA RIOJA","url":"https:\/\/laredlarioja.com.ar\/sitio\/","logo":{"@type":"ImageObject","inLanguage":"es","@id":"https:\/\/laredlarioja.com.ar\/sitio\/#\/schema\/logo\/image\/","url":"https:\/\/laredlarioja.com.ar\/sitio\/wp-content\/uploads\/2025\/05\/LOGO-LA-RED.png","contentUrl":"https:\/\/laredlarioja.com.ar\/sitio\/wp-content\/uploads\/2025\/05\/LOGO-LA-RED.png","width":193,"height":340,"caption":"LA RED 88.3 LA RIOJA"},"image":{"@id":"https:\/\/laredlarioja.com.ar\/sitio\/#\/schema\/logo\/image\/"},"sameAs":["https:\/\/www.facebook.com\/lared.larioja","https:\/\/x.com\/laredlarioja1","https:\/\/www.instagram.com\/lared_larioja\/"]},{"@type":"Person","@id":"https:\/\/laredlarioja.com.ar\/sitio\/#\/schema\/person\/f1e213867beccedaaa4fb548d9259d9a","name":"La Red","url":"https:\/\/laredlarioja.com.ar\/sitio\/author\/lared\/"}]}},"featured_image_urls":{"full":["https:\/\/laredlarioja.com.ar\/sitio\/wp-content\/uploads\/2023\/09\/348559271_789613309470177_6431350907154194352_n.jpg",719,480,false],"thumbnail":["https:\/\/laredlarioja.com.ar\/sitio\/wp-content\/uploads\/2023\/09\/348559271_789613309470177_6431350907154194352_n-150x150.jpg",150,150,true],"medium":["https:\/\/laredlarioja.com.ar\/sitio\/wp-content\/uploads\/2023\/09\/348559271_789613309470177_6431350907154194352_n-300x200.jpg",300,200,true],"medium_large":["https:\/\/laredlarioja.com.ar\/sitio\/wp-content\/uploads\/2023\/09\/348559271_789613309470177_6431350907154194352_n.jpg",640,427,false],"large":["https:\/\/laredlarioja.com.ar\/sitio\/wp-content\/uploads\/2023\/09\/348559271_789613309470177_6431350907154194352_n.jpg",640,427,false],"1536x1536":["https:\/\/laredlarioja.com.ar\/sitio\/wp-content\/uploads\/2023\/09\/348559271_789613309470177_6431350907154194352_n.jpg",719,480,false],"2048x2048":["https:\/\/laredlarioja.com.ar\/sitio\/wp-content\/uploads\/2023\/09\/348559271_789613309470177_6431350907154194352_n.jpg",719,480,false],"cvmm-medium":["https:\/\/laredlarioja.com.ar\/sitio\/wp-content\/uploads\/2023\/09\/348559271_789613309470177_6431350907154194352_n-300x300.jpg",300,300,true],"cvmm-medium-plus":["https:\/\/laredlarioja.com.ar\/sitio\/wp-content\/uploads\/2023\/09\/348559271_789613309470177_6431350907154194352_n-305x207.jpg",305,207,true],"cvmm-portrait":["https:\/\/laredlarioja.com.ar\/sitio\/wp-content\/uploads\/2023\/09\/348559271_789613309470177_6431350907154194352_n-400x480.jpg",400,480,true],"cvmm-medium-square":["https:\/\/laredlarioja.com.ar\/sitio\/wp-content\/uploads\/2023\/09\/348559271_789613309470177_6431350907154194352_n-600x480.jpg",600,480,true],"cvmm-large":["https:\/\/laredlarioja.com.ar\/sitio\/wp-content\/uploads\/2023\/09\/348559271_789613309470177_6431350907154194352_n.jpg",719,480,false],"cvmm-small":["https:\/\/laredlarioja.com.ar\/sitio\/wp-content\/uploads\/2023\/09\/348559271_789613309470177_6431350907154194352_n-130x95.jpg",130,95,true],"morenews-large":["https:\/\/laredlarioja.com.ar\/sitio\/wp-content\/uploads\/2023\/09\/348559271_789613309470177_6431350907154194352_n.jpg",719,480,false],"morenews-medium":["https:\/\/laredlarioja.com.ar\/sitio\/wp-content\/uploads\/2023\/09\/348559271_789613309470177_6431350907154194352_n-590x410.jpg",590,410,true]},"author_info":{"display_name":"La Red","author_link":"https:\/\/laredlarioja.com.ar\/sitio\/author\/lared\/"},"category_info":"<a href=\"https:\/\/laredlarioja.com.ar\/sitio\/categorias\/locales\/\" rel=\"category tag\">Locales<\/a>","tag_info":"Locales","comment_count":"0","blog_post_layout_featured_media_urls":{"thumbnail":["https:\/\/laredlarioja.com.ar\/sitio\/wp-content\/uploads\/2023\/09\/348559271_789613309470177_6431350907154194352_n-150x150.jpg",150,150,true],"full":["https:\/\/laredlarioja.com.ar\/sitio\/wp-content\/uploads\/2023\/09\/348559271_789613309470177_6431350907154194352_n.jpg",719,480,false]},"categories_names":{"94":{"name":"Locales","link":"https:\/\/laredlarioja.com.ar\/sitio\/categorias\/locales\/"}},"tags_names":[],"comments_number":"0","wpmagazine_modules_lite_featured_media_urls":{"thumbnail":["https:\/\/laredlarioja.com.ar\/sitio\/wp-content\/uploads\/2023\/09\/348559271_789613309470177_6431350907154194352_n-150x150.jpg",150,150,true],"cvmm-medium":["https:\/\/laredlarioja.com.ar\/sitio\/wp-content\/uploads\/2023\/09\/348559271_789613309470177_6431350907154194352_n-300x300.jpg",300,300,true],"cvmm-medium-plus":["https:\/\/laredlarioja.com.ar\/sitio\/wp-content\/uploads\/2023\/09\/348559271_789613309470177_6431350907154194352_n-305x207.jpg",305,207,true],"cvmm-portrait":["https:\/\/laredlarioja.com.ar\/sitio\/wp-content\/uploads\/2023\/09\/348559271_789613309470177_6431350907154194352_n-400x480.jpg",400,480,true],"cvmm-medium-square":["https:\/\/laredlarioja.com.ar\/sitio\/wp-content\/uploads\/2023\/09\/348559271_789613309470177_6431350907154194352_n-600x480.jpg",600,480,true],"cvmm-large":["https:\/\/laredlarioja.com.ar\/sitio\/wp-content\/uploads\/2023\/09\/348559271_789613309470177_6431350907154194352_n.jpg",719,480,false],"cvmm-small":["https:\/\/laredlarioja.com.ar\/sitio\/wp-content\/uploads\/2023\/09\/348559271_789613309470177_6431350907154194352_n-130x95.jpg",130,95,true],"full":["https:\/\/laredlarioja.com.ar\/sitio\/wp-content\/uploads\/2023\/09\/348559271_789613309470177_6431350907154194352_n.jpg",719,480,false]},"_links":{"self":[{"href":"https:\/\/laredlarioja.com.ar\/sitio\/wp-json\/wp\/v2\/posts\/35743","targetHints":{"allow":["GET"]}}],"collection":[{"href":"https:\/\/laredlarioja.com.ar\/sitio\/wp-json\/wp\/v2\/posts"}],"about":[{"href":"https:\/\/laredlarioja.com.ar\/sitio\/wp-json\/wp\/v2\/types\/post"}],"author":[{"embeddable":true,"href":"https:\/\/laredlarioja.com.ar\/sitio\/wp-json\/wp\/v2\/users\/10"}],"replies":[{"embeddable":true,"href":"https:\/\/laredlarioja.com.ar\/sitio\/wp-json\/wp\/v2\/comments?post=35743"}],"version-history":[{"count":4,"href":"https:\/\/laredlarioja.com.ar\/sitio\/wp-json\/wp\/v2\/posts\/35743\/revisions"}],"predecessor-version":[{"id":35748,"href":"https:\/\/laredlarioja.com.ar\/sitio\/wp-json\/wp\/v2\/posts\/35743\/revisions\/35748"}],"wp:featuredmedia":[{"embeddable":true,"href":"https:\/\/laredlarioja.com.ar\/sitio\/wp-json\/wp\/v2\/media\/35744"}],"wp:attachment":[{"href":"https:\/\/laredlarioja.com.ar\/sitio\/wp-json\/wp\/v2\/media?parent=35743"}],"wp:term":[{"taxonomy":"category","embeddable":true,"href":"https:\/\/laredlarioja.com.ar\/sitio\/wp-json\/wp\/v2\/categories?post=35743"},{"taxonomy":"post_tag","embeddable":true,"href":"https:\/\/laredlarioja.com.ar\/sitio\/wp-json\/wp\/v2\/tags?post=35743"}],"curies":[{"name":"wp","href":"https:\/\/api.w.org\/{rel}","templated":true}]}}