{"id":35749,"date":"2023-09-05T23:03:21","date_gmt":"2023-09-05T23:03:21","guid":{"rendered":"https:\/\/laredlarioja.com.ar\/sitio\/?p=35749"},"modified":"2023-09-06T12:24:00","modified_gmt":"2023-09-06T12:24:00","slug":"monotributo-cuales-son-los-nuevos-cambios-que-amplian-derechos-a-trabajadores-informales","status":"publish","type":"post","link":"https:\/\/laredlarioja.com.ar\/sitio\/monotributo-cuales-son-los-nuevos-cambios-que-amplian-derechos-a-trabajadores-informales\/","title":{"rendered":"Monotributo: cu\u00e1les son los nuevos cambios que ampl\u00edan derechos a trabajadores informales"},"content":{"rendered":"<p>Los beneficiarios de esta reglamentaci\u00f3n contar\u00e1n con una reducci\u00f3n de las cargas obligatorias y podr\u00e1n acceder a una cobertura social, adem\u00e1s de un seguro de riesgo de trabajo y aporte jubilatorio. Los detalles sobre qu\u00e9 sectores pueden inscribirse.<\/p>\n<p>El Gobierno nacional formaliz\u00f3 una serie de cambios en el r\u00e9gimen de monotributo para el trabajador independiente promovido, con una reducci\u00f3n de las cargas obligatorias para que los trabajadores informales y vulnerables puedan acceder a la cobertura social.<\/p>\n<p>El <strong>Decreto 444\/2023<\/strong> publicado este martes en el Bolet\u00edn Oficial, oficializa el anuncio del mes pasado del ministro de Econom\u00eda, Sergio Massa.<\/p>\n<p>\u00abNo vamos a esperar al 10 de diciembre para poner en marcha el monotributo productivo. Lo primero que tenemos que hacer es darle a ese trabajador el derecho a una obra social, un seguro de riesgo de trabajo, aporte jubilatorio, porque tenemos que visibilizar para ponerlos en el circuito formal de la econom\u00eda\u00bb, hab\u00eda anticipado el titular del Palacio de Hacienda en un acto previo a las elecciones primarias del 13 de agosto.<\/p>\n<p><strong>En qu\u00e9 consiste el nuevo monotributo<\/strong><br \/>\nSe trata de una modificaci\u00f3n del r\u00e9gimen previsto para el trabajador independiente promovido: personas que realizan actividades que no configuran una relaci\u00f3n de dependencia, y que representan su \u00fanica fuente de ingreso, sin capital propio y con la sola ayuda de los \u00fatiles y herramientas necesarios.<\/p>\n<p><strong>Entre los trabajadores encuadrados<\/strong>, se encuentran aquellas donde se elaboran o transforman materias primas en la v\u00eda p\u00fablica o en la casa del trabajador, es decir, sin un local estable.<\/p>\n<p>Acopiadores, agricultores, artesanos, alba\u00f1iles, apicultores, arrieros, canasteros, cementistas, changadores, chapistas, costureros, cocineros y cuidadores de veh\u00edculos son algunas de las actividades contempladas.<\/p>\n<p>Tambi\u00e9n pueden acceder a ese r\u00e9gimen dibujantes, enfermeros, esquiladores, floricultores, jardineros, lustradores, le\u00f1adores, peque\u00f1os productores agropecuarios, pintores, serenos, zapateros y vendedores ambulantes, entre otros.<\/p>\n<p>En este r\u00e9gimen, las personas est\u00e1n exentas del pago del impuesto integrado y s\u00f3lo se contempla el pago de una cuota de 5% mensual de lo facturado mensualmente que se destina a cuenta de los aportes jubilatorios. De forma opcional, adem\u00e1s, pueden realizar un aporte para acceder a una obra social.<\/p>\n<p>El decreto de este martes establece que, durante los primeros tres a\u00f1os a la adhesi\u00f3n al r\u00e9gimen, s\u00f3lo pagar\u00e1n 1% de los ingresos brutos mensuales.<\/p>\n<p>Vencido los tres a\u00f1os, la cuota de inclusi\u00f3n social aumentar\u00e1 al equivalente al 2,5% de los ingresos brutos mensuales, no pudiendo superar el importe de la cotizaci\u00f3n previsional correspondiente a los peque\u00f1os contribuyentes.<\/p>\n<p>Dicha diferencia, a partir del decreto de este martes, ser\u00e1 financiada por el Ministerio de Desarrollo Social en el caso de aquellos trabajadores inscriptos en el Registro Nacional de Trabajadores y Trabajadoras de la Econom\u00eda Popular (Renatep).<\/p>\n<p>Del mismo modo, el r\u00e9gimen, que hasta ahora no permit\u00eda su acceso a aquellos trabajadores que \u201cperciban otros ingresos de cualquier naturaleza\u201d, ser\u00e1 compatible desde ahora con los programas de car\u00e1cter alimentario de Desarrollo Social.<\/p>\n<p>Hasta el d\u00eda de hoy <strong>no pod\u00edan ingresar al r\u00e9gimen los contribuyentes de la categor\u00eda B, pues se fijaba como tope de ingresos la suma m\u00e1xima de la categor\u00eda A.<\/strong><\/p>\n<p>Estos cambios \u2013se\u00f1alan los considerandos- buscan \u201cotorgar a m\u00e1s personas trabajadoras la posibilidad de incorporarse al circuito formal de la econom\u00eda y promover la igualdad de oportunidades mediante el goce de prestaciones de la seguridad social\u201d.<\/p>\n<p>La idea, se\u00f1al\u00f3 la AFIP en un comunicado posterior, es \u201cfacilitar el ingreso y mantenimiento en la econom\u00eda formal\u201d, mejorando \u201clas condiciones de los peque\u00f1os contribuyentes adheridos y, a su vez, flexibilizando las condiciones para acceder a sus beneficios\u201d.<\/p>\n<p>El texto del decreto adelanta que esta medida ser\u00e1 \u201creforzada con las propuestas que oportunamente elevar\u00e1 el Poder Ejecutivo\u201d en el proyecto de ley del Presupuesto 2024.<\/p>\n<p><strong>Qui\u00e9nes pueden acceder<\/strong><br \/>\nPara acceder al r\u00e9gimen del trabajador independiente promovido es necesario tener m\u00e1s de 18 a\u00f1os, desarrollar exclusivamente una actividad independiente, que no implique importaci\u00f3n ni posesi\u00f3n de un local; y que \u00e9sta sea la \u00fanica fuente de ingresos.<\/p>\n<p>Adem\u00e1s, se debe tener una \u00fanica unidad de explotaci\u00f3n, y no se pueden tener empleados, ni ser un contribuyente del Impuesto sobre los Bienes Personales.<\/p>\n<p><strong>Fuente: T\u00e9lam<\/strong><\/p>\n","protected":false},"excerpt":{"rendered":"<p>Los beneficiarios de esta reglamentaci\u00f3n contar\u00e1n con una reducci\u00f3n de las cargas obligatorias y podr\u00e1n acceder a una<\/p>\n","protected":false},"author":7,"featured_media":35750,"comment_status":"closed","ping_status":"open","sticky":false,"template":"","format":"standard","meta":{"footnotes":""},"categories":[28],"tags":[],"class_list":["post-35749","post","type-post","status-publish","format-standard","has-post-thumbnail","hentry","category-nacionales"],"yoast_head":"<!-- This site is optimized with the Yoast SEO plugin v27.4 - https:\/\/yoast.com\/product\/yoast-seo-wordpress\/ -->\n<title>Monotributo: cu\u00e1les son los nuevos cambios que ampl\u00edan derechos a trabajadores informales - LA RED 88.3 LA RIOJA<\/title>\n<meta name=\"robots\" content=\"index, follow, max-snippet:-1, max-image-preview:large, max-video-preview:-1\" \/>\n<link rel=\"canonical\" href=\"https:\/\/laredlarioja.com.ar\/sitio\/monotributo-cuales-son-los-nuevos-cambios-que-amplian-derechos-a-trabajadores-informales\/\" \/>\n<meta property=\"og:locale\" content=\"es_ES\" \/>\n<meta property=\"og:type\" content=\"article\" \/>\n<meta property=\"og:title\" content=\"Monotributo: cu\u00e1les son los nuevos cambios que ampl\u00edan derechos a trabajadores informales - LA RED 88.3 LA RIOJA\" \/>\n<meta property=\"og:description\" content=\"Los beneficiarios de esta reglamentaci\u00f3n contar\u00e1n con una reducci\u00f3n de las cargas obligatorias y podr\u00e1n acceder a una\" \/>\n<meta property=\"og:url\" content=\"https:\/\/laredlarioja.com.ar\/sitio\/monotributo-cuales-son-los-nuevos-cambios-que-amplian-derechos-a-trabajadores-informales\/\" \/>\n<meta property=\"og:site_name\" content=\"LA RED 88.3 LA RIOJA\" \/>\n<meta property=\"article:publisher\" content=\"https:\/\/www.facebook.com\/lared.larioja\" \/>\n<meta property=\"article:published_time\" content=\"2023-09-05T23:03:21+00:00\" \/>\n<meta property=\"article:modified_time\" content=\"2023-09-06T12:24:00+00:00\" \/>\n<meta property=\"og:image\" content=\"https:\/\/laredlarioja.com.ar\/sitio\/wp-content\/uploads\/2023\/09\/monotributo-foto-NA.jpg\" \/>\n\t<meta property=\"og:image:width\" content=\"1200\" \/>\n\t<meta property=\"og:image:height\" content=\"818\" \/>\n\t<meta property=\"og:image:type\" content=\"image\/jpeg\" \/>\n<meta name=\"author\" content=\"Anabella Soria\" \/>\n<meta name=\"twitter:card\" content=\"summary_large_image\" \/>\n<meta name=\"twitter:creator\" content=\"@laredlarioja1\" \/>\n<meta name=\"twitter:site\" content=\"@laredlarioja1\" \/>\n<meta name=\"twitter:label1\" content=\"Escrito por\" \/>\n\t<meta name=\"twitter:data1\" content=\"Anabella Soria\" \/>\n\t<meta name=\"twitter:label2\" content=\"Tiempo de lectura\" \/>\n\t<meta name=\"twitter:data2\" content=\"4 minutos\" \/>\n<script type=\"application\/ld+json\" class=\"yoast-schema-graph\">{\"@context\":\"https:\\\/\\\/schema.org\",\"@graph\":[{\"@type\":\"Article\",\"@id\":\"https:\\\/\\\/laredlarioja.com.ar\\\/sitio\\\/monotributo-cuales-son-los-nuevos-cambios-que-amplian-derechos-a-trabajadores-informales\\\/#article\",\"isPartOf\":{\"@id\":\"https:\\\/\\\/laredlarioja.com.ar\\\/sitio\\\/monotributo-cuales-son-los-nuevos-cambios-que-amplian-derechos-a-trabajadores-informales\\\/\"},\"author\":{\"name\":\"Anabella Soria\",\"@id\":\"https:\\\/\\\/laredlarioja.com.ar\\\/sitio\\\/#\\\/schema\\\/person\\\/31f88059d20c5cf06e974fd895aec56e\"},\"headline\":\"Monotributo: cu\u00e1les son los nuevos cambios que ampl\u00edan derechos a trabajadores informales\",\"datePublished\":\"2023-09-05T23:03:21+00:00\",\"dateModified\":\"2023-09-06T12:24:00+00:00\",\"mainEntityOfPage\":{\"@id\":\"https:\\\/\\\/laredlarioja.com.ar\\\/sitio\\\/monotributo-cuales-son-los-nuevos-cambios-que-amplian-derechos-a-trabajadores-informales\\\/\"},\"wordCount\":746,\"publisher\":{\"@id\":\"https:\\\/\\\/laredlarioja.com.ar\\\/sitio\\\/#organization\"},\"image\":{\"@id\":\"https:\\\/\\\/laredlarioja.com.ar\\\/sitio\\\/monotributo-cuales-son-los-nuevos-cambios-que-amplian-derechos-a-trabajadores-informales\\\/#primaryimage\"},\"thumbnailUrl\":\"https:\\\/\\\/laredlarioja.com.ar\\\/sitio\\\/wp-content\\\/uploads\\\/2023\\\/09\\\/monotributo-foto-NA.jpg\",\"articleSection\":[\"Nacionales\"],\"inLanguage\":\"es\"},{\"@type\":\"WebPage\",\"@id\":\"https:\\\/\\\/laredlarioja.com.ar\\\/sitio\\\/monotributo-cuales-son-los-nuevos-cambios-que-amplian-derechos-a-trabajadores-informales\\\/\",\"url\":\"https:\\\/\\\/laredlarioja.com.ar\\\/sitio\\\/monotributo-cuales-son-los-nuevos-cambios-que-amplian-derechos-a-trabajadores-informales\\\/\",\"name\":\"Monotributo: cu\u00e1les son los nuevos cambios que ampl\u00edan derechos a trabajadores informales - LA RED 88.3 LA RIOJA\",\"isPartOf\":{\"@id\":\"https:\\\/\\\/laredlarioja.com.ar\\\/sitio\\\/#website\"},\"primaryImageOfPage\":{\"@id\":\"https:\\\/\\\/laredlarioja.com.ar\\\/sitio\\\/monotributo-cuales-son-los-nuevos-cambios-que-amplian-derechos-a-trabajadores-informales\\\/#primaryimage\"},\"image\":{\"@id\":\"https:\\\/\\\/laredlarioja.com.ar\\\/sitio\\\/monotributo-cuales-son-los-nuevos-cambios-que-amplian-derechos-a-trabajadores-informales\\\/#primaryimage\"},\"thumbnailUrl\":\"https:\\\/\\\/laredlarioja.com.ar\\\/sitio\\\/wp-content\\\/uploads\\\/2023\\\/09\\\/monotributo-foto-NA.jpg\",\"datePublished\":\"2023-09-05T23:03:21+00:00\",\"dateModified\":\"2023-09-06T12:24:00+00:00\",\"breadcrumb\":{\"@id\":\"https:\\\/\\\/laredlarioja.com.ar\\\/sitio\\\/monotributo-cuales-son-los-nuevos-cambios-que-amplian-derechos-a-trabajadores-informales\\\/#breadcrumb\"},\"inLanguage\":\"es\",\"potentialAction\":[{\"@type\":\"ReadAction\",\"target\":[\"https:\\\/\\\/laredlarioja.com.ar\\\/sitio\\\/monotributo-cuales-son-los-nuevos-cambios-que-amplian-derechos-a-trabajadores-informales\\\/\"]}]},{\"@type\":\"ImageObject\",\"inLanguage\":\"es\",\"@id\":\"https:\\\/\\\/laredlarioja.com.ar\\\/sitio\\\/monotributo-cuales-son-los-nuevos-cambios-que-amplian-derechos-a-trabajadores-informales\\\/#primaryimage\",\"url\":\"https:\\\/\\\/laredlarioja.com.ar\\\/sitio\\\/wp-content\\\/uploads\\\/2023\\\/09\\\/monotributo-foto-NA.jpg\",\"contentUrl\":\"https:\\\/\\\/laredlarioja.com.ar\\\/sitio\\\/wp-content\\\/uploads\\\/2023\\\/09\\\/monotributo-foto-NA.jpg\",\"width\":1200,\"height\":818},{\"@type\":\"BreadcrumbList\",\"@id\":\"https:\\\/\\\/laredlarioja.com.ar\\\/sitio\\\/monotributo-cuales-son-los-nuevos-cambios-que-amplian-derechos-a-trabajadores-informales\\\/#breadcrumb\",\"itemListElement\":[{\"@type\":\"ListItem\",\"position\":1,\"name\":\"Portada\",\"item\":\"https:\\\/\\\/laredlarioja.com.ar\\\/sitio\\\/\"},{\"@type\":\"ListItem\",\"position\":2,\"name\":\"Monotributo: cu\u00e1les son los nuevos cambios que ampl\u00edan derechos a trabajadores informales\"}]},{\"@type\":\"WebSite\",\"@id\":\"https:\\\/\\\/laredlarioja.com.ar\\\/sitio\\\/#website\",\"url\":\"https:\\\/\\\/laredlarioja.com.ar\\\/sitio\\\/\",\"name\":\"LA RED 88.3 LA RIOJA\",\"description\":\"Sitio de Noticias\",\"publisher\":{\"@id\":\"https:\\\/\\\/laredlarioja.com.ar\\\/sitio\\\/#organization\"},\"potentialAction\":[{\"@type\":\"SearchAction\",\"target\":{\"@type\":\"EntryPoint\",\"urlTemplate\":\"https:\\\/\\\/laredlarioja.com.ar\\\/sitio\\\/?s={search_term_string}\"},\"query-input\":{\"@type\":\"PropertyValueSpecification\",\"valueRequired\":true,\"valueName\":\"search_term_string\"}}],\"inLanguage\":\"es\"},{\"@type\":\"Organization\",\"@id\":\"https:\\\/\\\/laredlarioja.com.ar\\\/sitio\\\/#organization\",\"name\":\"LA RED 88.3 LA RIOJA\",\"url\":\"https:\\\/\\\/laredlarioja.com.ar\\\/sitio\\\/\",\"logo\":{\"@type\":\"ImageObject\",\"inLanguage\":\"es\",\"@id\":\"https:\\\/\\\/laredlarioja.com.ar\\\/sitio\\\/#\\\/schema\\\/logo\\\/image\\\/\",\"url\":\"https:\\\/\\\/laredlarioja.com.ar\\\/sitio\\\/wp-content\\\/uploads\\\/2025\\\/05\\\/LOGO-LA-RED.png\",\"contentUrl\":\"https:\\\/\\\/laredlarioja.com.ar\\\/sitio\\\/wp-content\\\/uploads\\\/2025\\\/05\\\/LOGO-LA-RED.png\",\"width\":193,\"height\":340,\"caption\":\"LA RED 88.3 LA RIOJA\"},\"image\":{\"@id\":\"https:\\\/\\\/laredlarioja.com.ar\\\/sitio\\\/#\\\/schema\\\/logo\\\/image\\\/\"},\"sameAs\":[\"https:\\\/\\\/www.facebook.com\\\/lared.larioja\",\"https:\\\/\\\/x.com\\\/laredlarioja1\",\"https:\\\/\\\/www.instagram.com\\\/lared_larioja\\\/\"]},{\"@type\":\"Person\",\"@id\":\"https:\\\/\\\/laredlarioja.com.ar\\\/sitio\\\/#\\\/schema\\\/person\\\/31f88059d20c5cf06e974fd895aec56e\",\"name\":\"Anabella Soria\",\"url\":\"https:\\\/\\\/laredlarioja.com.ar\\\/sitio\\\/author\\\/asoria\\\/\"}]}<\/script>\n<!-- \/ Yoast SEO plugin. -->","yoast_head_json":{"title":"Monotributo: cu\u00e1les son los nuevos cambios que ampl\u00edan derechos a trabajadores informales - LA RED 88.3 LA RIOJA","robots":{"index":"index","follow":"follow","max-snippet":"max-snippet:-1","max-image-preview":"max-image-preview:large","max-video-preview":"max-video-preview:-1"},"canonical":"https:\/\/laredlarioja.com.ar\/sitio\/monotributo-cuales-son-los-nuevos-cambios-que-amplian-derechos-a-trabajadores-informales\/","og_locale":"es_ES","og_type":"article","og_title":"Monotributo: cu\u00e1les son los nuevos cambios que ampl\u00edan derechos a trabajadores informales - LA RED 88.3 LA RIOJA","og_description":"Los beneficiarios de esta reglamentaci\u00f3n contar\u00e1n con una reducci\u00f3n de las cargas obligatorias y podr\u00e1n acceder a una","og_url":"https:\/\/laredlarioja.com.ar\/sitio\/monotributo-cuales-son-los-nuevos-cambios-que-amplian-derechos-a-trabajadores-informales\/","og_site_name":"LA RED 88.3 LA RIOJA","article_publisher":"https:\/\/www.facebook.com\/lared.larioja","article_published_time":"2023-09-05T23:03:21+00:00","article_modified_time":"2023-09-06T12:24:00+00:00","og_image":[{"width":1200,"height":818,"url":"https:\/\/laredlarioja.com.ar\/sitio\/wp-content\/uploads\/2023\/09\/monotributo-foto-NA.jpg","type":"image\/jpeg"}],"author":"Anabella Soria","twitter_card":"summary_large_image","twitter_creator":"@laredlarioja1","twitter_site":"@laredlarioja1","twitter_misc":{"Escrito por":"Anabella Soria","Tiempo de lectura":"4 minutos"},"schema":{"@context":"https:\/\/schema.org","@graph":[{"@type":"Article","@id":"https:\/\/laredlarioja.com.ar\/sitio\/monotributo-cuales-son-los-nuevos-cambios-que-amplian-derechos-a-trabajadores-informales\/#article","isPartOf":{"@id":"https:\/\/laredlarioja.com.ar\/sitio\/monotributo-cuales-son-los-nuevos-cambios-que-amplian-derechos-a-trabajadores-informales\/"},"author":{"name":"Anabella Soria","@id":"https:\/\/laredlarioja.com.ar\/sitio\/#\/schema\/person\/31f88059d20c5cf06e974fd895aec56e"},"headline":"Monotributo: cu\u00e1les son los nuevos cambios que ampl\u00edan derechos a trabajadores informales","datePublished":"2023-09-05T23:03:21+00:00","dateModified":"2023-09-06T12:24:00+00:00","mainEntityOfPage":{"@id":"https:\/\/laredlarioja.com.ar\/sitio\/monotributo-cuales-son-los-nuevos-cambios-que-amplian-derechos-a-trabajadores-informales\/"},"wordCount":746,"publisher":{"@id":"https:\/\/laredlarioja.com.ar\/sitio\/#organization"},"image":{"@id":"https:\/\/laredlarioja.com.ar\/sitio\/monotributo-cuales-son-los-nuevos-cambios-que-amplian-derechos-a-trabajadores-informales\/#primaryimage"},"thumbnailUrl":"https:\/\/laredlarioja.com.ar\/sitio\/wp-content\/uploads\/2023\/09\/monotributo-foto-NA.jpg","articleSection":["Nacionales"],"inLanguage":"es"},{"@type":"WebPage","@id":"https:\/\/laredlarioja.com.ar\/sitio\/monotributo-cuales-son-los-nuevos-cambios-que-amplian-derechos-a-trabajadores-informales\/","url":"https:\/\/laredlarioja.com.ar\/sitio\/monotributo-cuales-son-los-nuevos-cambios-que-amplian-derechos-a-trabajadores-informales\/","name":"Monotributo: cu\u00e1les son los nuevos cambios que ampl\u00edan derechos a trabajadores informales - LA RED 88.3 LA RIOJA","isPartOf":{"@id":"https:\/\/laredlarioja.com.ar\/sitio\/#website"},"primaryImageOfPage":{"@id":"https:\/\/laredlarioja.com.ar\/sitio\/monotributo-cuales-son-los-nuevos-cambios-que-amplian-derechos-a-trabajadores-informales\/#primaryimage"},"image":{"@id":"https:\/\/laredlarioja.com.ar\/sitio\/monotributo-cuales-son-los-nuevos-cambios-que-amplian-derechos-a-trabajadores-informales\/#primaryimage"},"thumbnailUrl":"https:\/\/laredlarioja.com.ar\/sitio\/wp-content\/uploads\/2023\/09\/monotributo-foto-NA.jpg","datePublished":"2023-09-05T23:03:21+00:00","dateModified":"2023-09-06T12:24:00+00:00","breadcrumb":{"@id":"https:\/\/laredlarioja.com.ar\/sitio\/monotributo-cuales-son-los-nuevos-cambios-que-amplian-derechos-a-trabajadores-informales\/#breadcrumb"},"inLanguage":"es","potentialAction":[{"@type":"ReadAction","target":["https:\/\/laredlarioja.com.ar\/sitio\/monotributo-cuales-son-los-nuevos-cambios-que-amplian-derechos-a-trabajadores-informales\/"]}]},{"@type":"ImageObject","inLanguage":"es","@id":"https:\/\/laredlarioja.com.ar\/sitio\/monotributo-cuales-son-los-nuevos-cambios-que-amplian-derechos-a-trabajadores-informales\/#primaryimage","url":"https:\/\/laredlarioja.com.ar\/sitio\/wp-content\/uploads\/2023\/09\/monotributo-foto-NA.jpg","contentUrl":"https:\/\/laredlarioja.com.ar\/sitio\/wp-content\/uploads\/2023\/09\/monotributo-foto-NA.jpg","width":1200,"height":818},{"@type":"BreadcrumbList","@id":"https:\/\/laredlarioja.com.ar\/sitio\/monotributo-cuales-son-los-nuevos-cambios-que-amplian-derechos-a-trabajadores-informales\/#breadcrumb","itemListElement":[{"@type":"ListItem","position":1,"name":"Portada","item":"https:\/\/laredlarioja.com.ar\/sitio\/"},{"@type":"ListItem","position":2,"name":"Monotributo: cu\u00e1les son los nuevos cambios que ampl\u00edan derechos a trabajadores informales"}]},{"@type":"WebSite","@id":"https:\/\/laredlarioja.com.ar\/sitio\/#website","url":"https:\/\/laredlarioja.com.ar\/sitio\/","name":"LA RED 88.3 LA RIOJA","description":"Sitio de Noticias","publisher":{"@id":"https:\/\/laredlarioja.com.ar\/sitio\/#organization"},"potentialAction":[{"@type":"SearchAction","target":{"@type":"EntryPoint","urlTemplate":"https:\/\/laredlarioja.com.ar\/sitio\/?s={search_term_string}"},"query-input":{"@type":"PropertyValueSpecification","valueRequired":true,"valueName":"search_term_string"}}],"inLanguage":"es"},{"@type":"Organization","@id":"https:\/\/laredlarioja.com.ar\/sitio\/#organization","name":"LA RED 88.3 LA RIOJA","url":"https:\/\/laredlarioja.com.ar\/sitio\/","logo":{"@type":"ImageObject","inLanguage":"es","@id":"https:\/\/laredlarioja.com.ar\/sitio\/#\/schema\/logo\/image\/","url":"https:\/\/laredlarioja.com.ar\/sitio\/wp-content\/uploads\/2025\/05\/LOGO-LA-RED.png","contentUrl":"https:\/\/laredlarioja.com.ar\/sitio\/wp-content\/uploads\/2025\/05\/LOGO-LA-RED.png","width":193,"height":340,"caption":"LA RED 88.3 LA RIOJA"},"image":{"@id":"https:\/\/laredlarioja.com.ar\/sitio\/#\/schema\/logo\/image\/"},"sameAs":["https:\/\/www.facebook.com\/lared.larioja","https:\/\/x.com\/laredlarioja1","https:\/\/www.instagram.com\/lared_larioja\/"]},{"@type":"Person","@id":"https:\/\/laredlarioja.com.ar\/sitio\/#\/schema\/person\/31f88059d20c5cf06e974fd895aec56e","name":"Anabella Soria","url":"https:\/\/laredlarioja.com.ar\/sitio\/author\/asoria\/"}]}},"featured_image_urls":{"full":["https:\/\/laredlarioja.com.ar\/sitio\/wp-content\/uploads\/2023\/09\/monotributo-foto-NA.jpg",1200,818,false],"thumbnail":["https:\/\/laredlarioja.com.ar\/sitio\/wp-content\/uploads\/2023\/09\/monotributo-foto-NA-150x150.jpg",150,150,true],"medium":["https:\/\/laredlarioja.com.ar\/sitio\/wp-content\/uploads\/2023\/09\/monotributo-foto-NA-300x205.jpg",300,205,true],"medium_large":["https:\/\/laredlarioja.com.ar\/sitio\/wp-content\/uploads\/2023\/09\/monotributo-foto-NA-768x524.jpg",640,437,true],"large":["https:\/\/laredlarioja.com.ar\/sitio\/wp-content\/uploads\/2023\/09\/monotributo-foto-NA-1024x698.jpg",640,436,true],"1536x1536":["https:\/\/laredlarioja.com.ar\/sitio\/wp-content\/uploads\/2023\/09\/monotributo-foto-NA.jpg",1200,818,false],"2048x2048":["https:\/\/laredlarioja.com.ar\/sitio\/wp-content\/uploads\/2023\/09\/monotributo-foto-NA.jpg",1200,818,false],"cvmm-medium":["https:\/\/laredlarioja.com.ar\/sitio\/wp-content\/uploads\/2023\/09\/monotributo-foto-NA-300x300.jpg",300,300,true],"cvmm-medium-plus":["https:\/\/laredlarioja.com.ar\/sitio\/wp-content\/uploads\/2023\/09\/monotributo-foto-NA-305x207.jpg",305,207,true],"cvmm-portrait":["https:\/\/laredlarioja.com.ar\/sitio\/wp-content\/uploads\/2023\/09\/monotributo-foto-NA-400x600.jpg",400,600,true],"cvmm-medium-square":["https:\/\/laredlarioja.com.ar\/sitio\/wp-content\/uploads\/2023\/09\/monotributo-foto-NA-600x600.jpg",600,600,true],"cvmm-large":["https:\/\/laredlarioja.com.ar\/sitio\/wp-content\/uploads\/2023\/09\/monotributo-foto-NA-1024x818.jpg",1024,818,true],"cvmm-small":["https:\/\/laredlarioja.com.ar\/sitio\/wp-content\/uploads\/2023\/09\/monotributo-foto-NA-130x95.jpg",130,95,true],"morenews-large":["https:\/\/laredlarioja.com.ar\/sitio\/wp-content\/uploads\/2023\/09\/monotributo-foto-NA-825x575.jpg",825,575,true],"morenews-medium":["https:\/\/laredlarioja.com.ar\/sitio\/wp-content\/uploads\/2023\/09\/monotributo-foto-NA-590x410.jpg",590,410,true]},"author_info":{"display_name":"Anabella Soria","author_link":"https:\/\/laredlarioja.com.ar\/sitio\/author\/asoria\/"},"category_info":"<a href=\"https:\/\/laredlarioja.com.ar\/sitio\/categorias\/nacionales\/\" rel=\"category tag\">Nacionales<\/a>","tag_info":"Nacionales","comment_count":"0","blog_post_layout_featured_media_urls":{"thumbnail":["https:\/\/laredlarioja.com.ar\/sitio\/wp-content\/uploads\/2023\/09\/monotributo-foto-NA-150x150.jpg",150,150,true],"full":["https:\/\/laredlarioja.com.ar\/sitio\/wp-content\/uploads\/2023\/09\/monotributo-foto-NA.jpg",1200,818,false]},"categories_names":{"28":{"name":"Nacionales","link":"https:\/\/laredlarioja.com.ar\/sitio\/categorias\/nacionales\/"}},"tags_names":[],"comments_number":"0","wpmagazine_modules_lite_featured_media_urls":{"thumbnail":["https:\/\/laredlarioja.com.ar\/sitio\/wp-content\/uploads\/2023\/09\/monotributo-foto-NA-150x150.jpg",150,150,true],"cvmm-medium":["https:\/\/laredlarioja.com.ar\/sitio\/wp-content\/uploads\/2023\/09\/monotributo-foto-NA-300x300.jpg",300,300,true],"cvmm-medium-plus":["https:\/\/laredlarioja.com.ar\/sitio\/wp-content\/uploads\/2023\/09\/monotributo-foto-NA-305x207.jpg",305,207,true],"cvmm-portrait":["https:\/\/laredlarioja.com.ar\/sitio\/wp-content\/uploads\/2023\/09\/monotributo-foto-NA-400x600.jpg",400,600,true],"cvmm-medium-square":["https:\/\/laredlarioja.com.ar\/sitio\/wp-content\/uploads\/2023\/09\/monotributo-foto-NA-600x600.jpg",600,600,true],"cvmm-large":["https:\/\/laredlarioja.com.ar\/sitio\/wp-content\/uploads\/2023\/09\/monotributo-foto-NA-1024x818.jpg",1024,818,true],"cvmm-small":["https:\/\/laredlarioja.com.ar\/sitio\/wp-content\/uploads\/2023\/09\/monotributo-foto-NA-130x95.jpg",130,95,true],"full":["https:\/\/laredlarioja.com.ar\/sitio\/wp-content\/uploads\/2023\/09\/monotributo-foto-NA.jpg",1200,818,false]},"_links":{"self":[{"href":"https:\/\/laredlarioja.com.ar\/sitio\/wp-json\/wp\/v2\/posts\/35749","targetHints":{"allow":["GET"]}}],"collection":[{"href":"https:\/\/laredlarioja.com.ar\/sitio\/wp-json\/wp\/v2\/posts"}],"about":[{"href":"https:\/\/laredlarioja.com.ar\/sitio\/wp-json\/wp\/v2\/types\/post"}],"author":[{"embeddable":true,"href":"https:\/\/laredlarioja.com.ar\/sitio\/wp-json\/wp\/v2\/users\/7"}],"replies":[{"embeddable":true,"href":"https:\/\/laredlarioja.com.ar\/sitio\/wp-json\/wp\/v2\/comments?post=35749"}],"version-history":[{"count":1,"href":"https:\/\/laredlarioja.com.ar\/sitio\/wp-json\/wp\/v2\/posts\/35749\/revisions"}],"predecessor-version":[{"id":35751,"href":"https:\/\/laredlarioja.com.ar\/sitio\/wp-json\/wp\/v2\/posts\/35749\/revisions\/35751"}],"wp:featuredmedia":[{"embeddable":true,"href":"https:\/\/laredlarioja.com.ar\/sitio\/wp-json\/wp\/v2\/media\/35750"}],"wp:attachment":[{"href":"https:\/\/laredlarioja.com.ar\/sitio\/wp-json\/wp\/v2\/media?parent=35749"}],"wp:term":[{"taxonomy":"category","embeddable":true,"href":"https:\/\/laredlarioja.com.ar\/sitio\/wp-json\/wp\/v2\/categories?post=35749"},{"taxonomy":"post_tag","embeddable":true,"href":"https:\/\/laredlarioja.com.ar\/sitio\/wp-json\/wp\/v2\/tags?post=35749"}],"curies":[{"name":"wp","href":"https:\/\/api.w.org\/{rel}","templated":true}]}}