{"id":35752,"date":"2023-09-05T23:21:47","date_gmt":"2023-09-05T23:21:47","guid":{"rendered":"https:\/\/laredlarioja.com.ar\/sitio\/?p=35752"},"modified":"2023-09-05T23:21:47","modified_gmt":"2023-09-05T23:21:47","slug":"la-seleccion-nacional-inicio-el-camino-hacia-otro-sueno-mundialista","status":"publish","type":"post","link":"https:\/\/laredlarioja.com.ar\/sitio\/la-seleccion-nacional-inicio-el-camino-hacia-otro-sueno-mundialista\/","title":{"rendered":"La Selecci\u00f3n Nacional inici\u00f3 el camino hacia otro sue\u00f1o mundialista"},"content":{"rendered":"<p>El equipo dirigido por Lionel Scaloni realiz\u00f3 su primera pr\u00e1ctica en el predio de la AFA en Ezeiza de cara a los encuentros del pr\u00f3ximo jueves ante Ecuador en el estadio M\u00e1s Monumental y del martes 12 ante Bolivia en La Paz, v\u00e1lidos por la primera y segunda fecha de las Eliminatorias Sudamericanas.<\/p>\n<p>El seleccionado argentino inici\u00f3 este lunes un nuevo camino rumbo a otra Copa del Mundo, pero con la flamante tercera estrella de campe\u00f3n en el pecho, aunque su capit\u00e1n y emblema, Lionel Messi, no pudo estar presente en esta primera pr\u00e1ctica desarrollada en Ezeiza porque termin\u00f3 de jugar con su nuevo equipo, Inter Miami, reci\u00e9n en la madrugada de este lunes y estar\u00e1 llegando a la Argentina a las 7.45 de este martes.<\/p>\n<p>El primer entrenamiento rumbo al inicio de la primera competencia oficial post Qatar que conducir\u00e1 justamente a otro mundial, en este caso el de Estados Unidos-M\u00e9xico-Canad\u00e1 2026, se llev\u00f3 a cabo simult\u00e1neamente con el que realizaron los Sub-23 del representativo dirigido por Javier Mascherano, que afrontar\u00e1 en enero el Preol\u00edmpico de Venezuela.<\/p>\n<p>La mira de los dirigidos por Lionel Scaloni est\u00e1 puesta en el primer cotejo de estas Eliminatorias Sudamericanas frente a Ecuador, que ya se entrena en Argentina, y que tendr\u00e1 lugar a las 21 del pr\u00f3ximo jueves en el estadio Mas Monumental riverplatense.<\/p>\n<p>Pero el ojo estar\u00e1 puesto tambi\u00e9n en el pr\u00f3ximo martes 12, cuando desde las 17 el equipo albiceleste, quiz\u00e1 no capitaneado por Messi, visite desde las 17 (de Argentina) a Bolivia, en el estadio Hernando Siles de La Paz, a 3.650 metros sobre el nivel del mar.<\/p>\n<p>Y ese \u00abquiz\u00e1 no\u00bb tiene que ver con una mirada que va mucho m\u00e1s all\u00e1 de estos dos encuentros, e inclusive de los del jueves 12 de octubre como local frente a Paraguay por la tercera fecha y el siguiente, del martes 17, ante Per\u00fa en Lima, por la cuarta jornada.<\/p>\n<p>La vista est\u00e1 colocada en noviembre, cuando Argentina afrontar\u00e1 los dos compromisos m\u00e1s exigentes de este a\u00f1o y por qu\u00e9 no de estas Eliminatorias, cuando reciba al Uruguay de Marcelo Bielsa y luego visite nada menos que a Brasil en Cuiab\u00e1.<\/p>\n<p>Y las razones por las que Messi podr\u00eda no jugar ese encuentro del otro martes frente a Bolivia son estrat\u00e9gicas. En primer t\u00e9rmino porque el rosarino viene padeciendo un desgaste muy importante en la MLS, jugando cada cuatro d\u00edas con largos viajes en el medio, lo que por ejemplo provocar\u00e1 que con el cansancio encima del partido ante Los \u00c1ngeles FC (Inter Miami le gan\u00f3 3 a 1 con dos asistencias suyas) llegu\u00e9 reci\u00e9n este martes a Ezeiza.<\/p>\n<p>Y esto se producir\u00e1 despu\u00e9s de otro extenso recorrido desde los Estados Unidos que lo depositar\u00e1 en Argentina apenas unas 60 horas antes de enfrentar a Ecuador, otro encuentro que, como el jugado en Los \u00c1ngeles, lo tendr\u00e1 a \u00e9l dentro del campo de juego durante los 90 minutos.<\/p>\n<p>Pero esta actividad exigente y que por eso mismo podr\u00eda ser contraproducente para su f\u00edsico de 36 a\u00f1os, podr\u00eda interrumpirse abruptamente y por un lapso prolongado de unos cuatro meses si es que Inter Miami no logra clasificarse a los play offs de la Major League Soccer.<\/p>\n<p>Y esto ocurrir\u00eda a fines del mes pr\u00f3ximo, lo que dejar\u00eda ya sin competencia a \u00abL\u00edo\u00bb justo durante el mes de los cruces ante uruguayos y brasile\u00f1os, cuando quiz\u00e1 como nunca en este 2023 haga falta que el capit\u00e1n est\u00e9 en plena actividad.<\/p>\n<p>Por eso, para que Messi consiga junto a sus compa\u00f1eros de Inter Miami la clasificaci\u00f3n, que de por s\u00ed tienen muy dif\u00edcil, es que Scaloni analiza por estas horas la conveniencia de que retorne un poco antes a los Estados Unidos para poder reintegrarse a Inter Miami y faltar en la menor cantidad de partidos posible. De hecho su compa\u00f1ero de equipo y amigo, Sergi Busquets, dijo que sin \u00e9l \u00abtodo se va a poner m\u00e1s dif\u00edcil\u00bb.<\/p>\n<p>La relaci\u00f3n tripartita entre Messi, Scaloni y Gerardo Martino, el t\u00e9cnico de Inter Miami, es muy buena, y como \u00abuna mano lava la otra y las dos lavan la cara\u00bb, que Messi ayude a su nuevo equipo a lograr la clasificaci\u00f3n favorecer\u00e1 a ambos entrenadores, ya que de ser as\u00ed, entonces llegar\u00e1 en plena competencia de play offs a noviembre.<\/p>\n<p>Adem\u00e1s, no es menor que a esta altura de su carrera, y de su vida, la altura de La Paz tambi\u00e9n le demandar\u00e1 un esfuerzo f\u00edsico adicional, lo que lo har\u00e1 volver a Miami m\u00e1s desgastado aun de lo que se fue.<\/p>\n<p>Pero mientras esto se analiza dentro del cuerpo t\u00e9cnico y este martes ya con el propio Messi, que en definitiva y como siempre ser\u00e1 el que tenga la \u00faltima palabra, este lunes hubo un primer entrenamiento, pero no con todos los dem\u00e1s convocados, ya que adem\u00e1s de Messi, reci\u00e9n este martes tambi\u00e9n estar\u00e1n llegando por la ma\u00f1ana Emiliano Mart\u00ednez y Nicol\u00e1s Tagliafico. Lucas Beltr\u00e1n y Lautaro Mart\u00ednez lo hicieron en la noche de este lunes.<\/p>\n","protected":false},"excerpt":{"rendered":"<p>El equipo dirigido por Lionel Scaloni realiz\u00f3 su primera pr\u00e1ctica en el predio de la AFA en Ezeiza<\/p>\n","protected":false},"author":7,"featured_media":35753,"comment_status":"closed","ping_status":"open","sticky":false,"template":"","format":"standard","meta":{"footnotes":""},"categories":[26],"tags":[],"class_list":["post-35752","post","type-post","status-publish","format-standard","has-post-thumbnail","hentry","category-deportes"],"yoast_head":"<!-- This site is optimized with the Yoast SEO plugin v27.4 - https:\/\/yoast.com\/product\/yoast-seo-wordpress\/ -->\n<title>La Selecci\u00f3n Nacional inici\u00f3 el camino hacia otro sue\u00f1o mundialista - LA RED 88.3 LA RIOJA<\/title>\n<meta name=\"robots\" content=\"index, follow, max-snippet:-1, max-image-preview:large, max-video-preview:-1\" \/>\n<link rel=\"canonical\" href=\"https:\/\/laredlarioja.com.ar\/sitio\/la-seleccion-nacional-inicio-el-camino-hacia-otro-sueno-mundialista\/\" \/>\n<meta property=\"og:locale\" content=\"es_ES\" \/>\n<meta property=\"og:type\" content=\"article\" \/>\n<meta property=\"og:title\" content=\"La Selecci\u00f3n Nacional inici\u00f3 el camino hacia otro sue\u00f1o mundialista - LA RED 88.3 LA RIOJA\" \/>\n<meta property=\"og:description\" content=\"El equipo dirigido por Lionel Scaloni realiz\u00f3 su primera pr\u00e1ctica en el predio de la AFA en Ezeiza\" \/>\n<meta property=\"og:url\" content=\"https:\/\/laredlarioja.com.ar\/sitio\/la-seleccion-nacional-inicio-el-camino-hacia-otro-sueno-mundialista\/\" \/>\n<meta property=\"og:site_name\" content=\"LA RED 88.3 LA RIOJA\" \/>\n<meta property=\"article:publisher\" content=\"https:\/\/www.facebook.com\/lared.larioja\" \/>\n<meta property=\"article:published_time\" content=\"2023-09-05T23:21:47+00:00\" \/>\n<meta property=\"og:image\" content=\"https:\/\/laredlarioja.com.ar\/sitio\/wp-content\/uploads\/2023\/09\/64e7ba353cf71_1200.jpg\" \/>\n\t<meta property=\"og:image:width\" content=\"900\" \/>\n\t<meta property=\"og:image:height\" content=\"506\" \/>\n\t<meta property=\"og:image:type\" content=\"image\/jpeg\" \/>\n<meta name=\"author\" content=\"Anabella Soria\" \/>\n<meta name=\"twitter:card\" content=\"summary_large_image\" \/>\n<meta name=\"twitter:creator\" content=\"@laredlarioja1\" \/>\n<meta name=\"twitter:site\" content=\"@laredlarioja1\" \/>\n<meta name=\"twitter:label1\" content=\"Escrito por\" \/>\n\t<meta name=\"twitter:data1\" content=\"Anabella Soria\" \/>\n\t<meta name=\"twitter:label2\" content=\"Tiempo de lectura\" \/>\n\t<meta name=\"twitter:data2\" content=\"4 minutos\" \/>\n<script type=\"application\/ld+json\" class=\"yoast-schema-graph\">{\"@context\":\"https:\\\/\\\/schema.org\",\"@graph\":[{\"@type\":\"Article\",\"@id\":\"https:\\\/\\\/laredlarioja.com.ar\\\/sitio\\\/la-seleccion-nacional-inicio-el-camino-hacia-otro-sueno-mundialista\\\/#article\",\"isPartOf\":{\"@id\":\"https:\\\/\\\/laredlarioja.com.ar\\\/sitio\\\/la-seleccion-nacional-inicio-el-camino-hacia-otro-sueno-mundialista\\\/\"},\"author\":{\"name\":\"Anabella Soria\",\"@id\":\"https:\\\/\\\/laredlarioja.com.ar\\\/sitio\\\/#\\\/schema\\\/person\\\/31f88059d20c5cf06e974fd895aec56e\"},\"headline\":\"La Selecci\u00f3n Nacional inici\u00f3 el camino hacia otro sue\u00f1o mundialista\",\"datePublished\":\"2023-09-05T23:21:47+00:00\",\"mainEntityOfPage\":{\"@id\":\"https:\\\/\\\/laredlarioja.com.ar\\\/sitio\\\/la-seleccion-nacional-inicio-el-camino-hacia-otro-sueno-mundialista\\\/\"},\"wordCount\":884,\"publisher\":{\"@id\":\"https:\\\/\\\/laredlarioja.com.ar\\\/sitio\\\/#organization\"},\"image\":{\"@id\":\"https:\\\/\\\/laredlarioja.com.ar\\\/sitio\\\/la-seleccion-nacional-inicio-el-camino-hacia-otro-sueno-mundialista\\\/#primaryimage\"},\"thumbnailUrl\":\"https:\\\/\\\/laredlarioja.com.ar\\\/sitio\\\/wp-content\\\/uploads\\\/2023\\\/09\\\/64e7ba353cf71_1200.jpg\",\"articleSection\":[\"Deportes\"],\"inLanguage\":\"es\"},{\"@type\":\"WebPage\",\"@id\":\"https:\\\/\\\/laredlarioja.com.ar\\\/sitio\\\/la-seleccion-nacional-inicio-el-camino-hacia-otro-sueno-mundialista\\\/\",\"url\":\"https:\\\/\\\/laredlarioja.com.ar\\\/sitio\\\/la-seleccion-nacional-inicio-el-camino-hacia-otro-sueno-mundialista\\\/\",\"name\":\"La Selecci\u00f3n Nacional inici\u00f3 el camino hacia otro sue\u00f1o mundialista - LA RED 88.3 LA RIOJA\",\"isPartOf\":{\"@id\":\"https:\\\/\\\/laredlarioja.com.ar\\\/sitio\\\/#website\"},\"primaryImageOfPage\":{\"@id\":\"https:\\\/\\\/laredlarioja.com.ar\\\/sitio\\\/la-seleccion-nacional-inicio-el-camino-hacia-otro-sueno-mundialista\\\/#primaryimage\"},\"image\":{\"@id\":\"https:\\\/\\\/laredlarioja.com.ar\\\/sitio\\\/la-seleccion-nacional-inicio-el-camino-hacia-otro-sueno-mundialista\\\/#primaryimage\"},\"thumbnailUrl\":\"https:\\\/\\\/laredlarioja.com.ar\\\/sitio\\\/wp-content\\\/uploads\\\/2023\\\/09\\\/64e7ba353cf71_1200.jpg\",\"datePublished\":\"2023-09-05T23:21:47+00:00\",\"breadcrumb\":{\"@id\":\"https:\\\/\\\/laredlarioja.com.ar\\\/sitio\\\/la-seleccion-nacional-inicio-el-camino-hacia-otro-sueno-mundialista\\\/#breadcrumb\"},\"inLanguage\":\"es\",\"potentialAction\":[{\"@type\":\"ReadAction\",\"target\":[\"https:\\\/\\\/laredlarioja.com.ar\\\/sitio\\\/la-seleccion-nacional-inicio-el-camino-hacia-otro-sueno-mundialista\\\/\"]}]},{\"@type\":\"ImageObject\",\"inLanguage\":\"es\",\"@id\":\"https:\\\/\\\/laredlarioja.com.ar\\\/sitio\\\/la-seleccion-nacional-inicio-el-camino-hacia-otro-sueno-mundialista\\\/#primaryimage\",\"url\":\"https:\\\/\\\/laredlarioja.com.ar\\\/sitio\\\/wp-content\\\/uploads\\\/2023\\\/09\\\/64e7ba353cf71_1200.jpg\",\"contentUrl\":\"https:\\\/\\\/laredlarioja.com.ar\\\/sitio\\\/wp-content\\\/uploads\\\/2023\\\/09\\\/64e7ba353cf71_1200.jpg\",\"width\":900,\"height\":506},{\"@type\":\"BreadcrumbList\",\"@id\":\"https:\\\/\\\/laredlarioja.com.ar\\\/sitio\\\/la-seleccion-nacional-inicio-el-camino-hacia-otro-sueno-mundialista\\\/#breadcrumb\",\"itemListElement\":[{\"@type\":\"ListItem\",\"position\":1,\"name\":\"Portada\",\"item\":\"https:\\\/\\\/laredlarioja.com.ar\\\/sitio\\\/\"},{\"@type\":\"ListItem\",\"position\":2,\"name\":\"La Selecci\u00f3n Nacional inici\u00f3 el camino hacia otro sue\u00f1o mundialista\"}]},{\"@type\":\"WebSite\",\"@id\":\"https:\\\/\\\/laredlarioja.com.ar\\\/sitio\\\/#website\",\"url\":\"https:\\\/\\\/laredlarioja.com.ar\\\/sitio\\\/\",\"name\":\"LA RED 88.3 LA RIOJA\",\"description\":\"Sitio de Noticias\",\"publisher\":{\"@id\":\"https:\\\/\\\/laredlarioja.com.ar\\\/sitio\\\/#organization\"},\"potentialAction\":[{\"@type\":\"SearchAction\",\"target\":{\"@type\":\"EntryPoint\",\"urlTemplate\":\"https:\\\/\\\/laredlarioja.com.ar\\\/sitio\\\/?s={search_term_string}\"},\"query-input\":{\"@type\":\"PropertyValueSpecification\",\"valueRequired\":true,\"valueName\":\"search_term_string\"}}],\"inLanguage\":\"es\"},{\"@type\":\"Organization\",\"@id\":\"https:\\\/\\\/laredlarioja.com.ar\\\/sitio\\\/#organization\",\"name\":\"LA RED 88.3 LA RIOJA\",\"url\":\"https:\\\/\\\/laredlarioja.com.ar\\\/sitio\\\/\",\"logo\":{\"@type\":\"ImageObject\",\"inLanguage\":\"es\",\"@id\":\"https:\\\/\\\/laredlarioja.com.ar\\\/sitio\\\/#\\\/schema\\\/logo\\\/image\\\/\",\"url\":\"https:\\\/\\\/laredlarioja.com.ar\\\/sitio\\\/wp-content\\\/uploads\\\/2025\\\/05\\\/LOGO-LA-RED.png\",\"contentUrl\":\"https:\\\/\\\/laredlarioja.com.ar\\\/sitio\\\/wp-content\\\/uploads\\\/2025\\\/05\\\/LOGO-LA-RED.png\",\"width\":193,\"height\":340,\"caption\":\"LA RED 88.3 LA RIOJA\"},\"image\":{\"@id\":\"https:\\\/\\\/laredlarioja.com.ar\\\/sitio\\\/#\\\/schema\\\/logo\\\/image\\\/\"},\"sameAs\":[\"https:\\\/\\\/www.facebook.com\\\/lared.larioja\",\"https:\\\/\\\/x.com\\\/laredlarioja1\",\"https:\\\/\\\/www.instagram.com\\\/lared_larioja\\\/\"]},{\"@type\":\"Person\",\"@id\":\"https:\\\/\\\/laredlarioja.com.ar\\\/sitio\\\/#\\\/schema\\\/person\\\/31f88059d20c5cf06e974fd895aec56e\",\"name\":\"Anabella Soria\",\"url\":\"https:\\\/\\\/laredlarioja.com.ar\\\/sitio\\\/author\\\/asoria\\\/\"}]}<\/script>\n<!-- \/ Yoast SEO plugin. -->","yoast_head_json":{"title":"La Selecci\u00f3n Nacional inici\u00f3 el camino hacia otro sue\u00f1o mundialista - LA RED 88.3 LA RIOJA","robots":{"index":"index","follow":"follow","max-snippet":"max-snippet:-1","max-image-preview":"max-image-preview:large","max-video-preview":"max-video-preview:-1"},"canonical":"https:\/\/laredlarioja.com.ar\/sitio\/la-seleccion-nacional-inicio-el-camino-hacia-otro-sueno-mundialista\/","og_locale":"es_ES","og_type":"article","og_title":"La Selecci\u00f3n Nacional inici\u00f3 el camino hacia otro sue\u00f1o mundialista - LA RED 88.3 LA RIOJA","og_description":"El equipo dirigido por Lionel Scaloni realiz\u00f3 su primera pr\u00e1ctica en el predio de la AFA en Ezeiza","og_url":"https:\/\/laredlarioja.com.ar\/sitio\/la-seleccion-nacional-inicio-el-camino-hacia-otro-sueno-mundialista\/","og_site_name":"LA RED 88.3 LA RIOJA","article_publisher":"https:\/\/www.facebook.com\/lared.larioja","article_published_time":"2023-09-05T23:21:47+00:00","og_image":[{"width":900,"height":506,"url":"https:\/\/laredlarioja.com.ar\/sitio\/wp-content\/uploads\/2023\/09\/64e7ba353cf71_1200.jpg","type":"image\/jpeg"}],"author":"Anabella Soria","twitter_card":"summary_large_image","twitter_creator":"@laredlarioja1","twitter_site":"@laredlarioja1","twitter_misc":{"Escrito por":"Anabella Soria","Tiempo de lectura":"4 minutos"},"schema":{"@context":"https:\/\/schema.org","@graph":[{"@type":"Article","@id":"https:\/\/laredlarioja.com.ar\/sitio\/la-seleccion-nacional-inicio-el-camino-hacia-otro-sueno-mundialista\/#article","isPartOf":{"@id":"https:\/\/laredlarioja.com.ar\/sitio\/la-seleccion-nacional-inicio-el-camino-hacia-otro-sueno-mundialista\/"},"author":{"name":"Anabella Soria","@id":"https:\/\/laredlarioja.com.ar\/sitio\/#\/schema\/person\/31f88059d20c5cf06e974fd895aec56e"},"headline":"La Selecci\u00f3n Nacional inici\u00f3 el camino hacia otro sue\u00f1o mundialista","datePublished":"2023-09-05T23:21:47+00:00","mainEntityOfPage":{"@id":"https:\/\/laredlarioja.com.ar\/sitio\/la-seleccion-nacional-inicio-el-camino-hacia-otro-sueno-mundialista\/"},"wordCount":884,"publisher":{"@id":"https:\/\/laredlarioja.com.ar\/sitio\/#organization"},"image":{"@id":"https:\/\/laredlarioja.com.ar\/sitio\/la-seleccion-nacional-inicio-el-camino-hacia-otro-sueno-mundialista\/#primaryimage"},"thumbnailUrl":"https:\/\/laredlarioja.com.ar\/sitio\/wp-content\/uploads\/2023\/09\/64e7ba353cf71_1200.jpg","articleSection":["Deportes"],"inLanguage":"es"},{"@type":"WebPage","@id":"https:\/\/laredlarioja.com.ar\/sitio\/la-seleccion-nacional-inicio-el-camino-hacia-otro-sueno-mundialista\/","url":"https:\/\/laredlarioja.com.ar\/sitio\/la-seleccion-nacional-inicio-el-camino-hacia-otro-sueno-mundialista\/","name":"La Selecci\u00f3n Nacional inici\u00f3 el camino hacia otro sue\u00f1o mundialista - LA RED 88.3 LA RIOJA","isPartOf":{"@id":"https:\/\/laredlarioja.com.ar\/sitio\/#website"},"primaryImageOfPage":{"@id":"https:\/\/laredlarioja.com.ar\/sitio\/la-seleccion-nacional-inicio-el-camino-hacia-otro-sueno-mundialista\/#primaryimage"},"image":{"@id":"https:\/\/laredlarioja.com.ar\/sitio\/la-seleccion-nacional-inicio-el-camino-hacia-otro-sueno-mundialista\/#primaryimage"},"thumbnailUrl":"https:\/\/laredlarioja.com.ar\/sitio\/wp-content\/uploads\/2023\/09\/64e7ba353cf71_1200.jpg","datePublished":"2023-09-05T23:21:47+00:00","breadcrumb":{"@id":"https:\/\/laredlarioja.com.ar\/sitio\/la-seleccion-nacional-inicio-el-camino-hacia-otro-sueno-mundialista\/#breadcrumb"},"inLanguage":"es","potentialAction":[{"@type":"ReadAction","target":["https:\/\/laredlarioja.com.ar\/sitio\/la-seleccion-nacional-inicio-el-camino-hacia-otro-sueno-mundialista\/"]}]},{"@type":"ImageObject","inLanguage":"es","@id":"https:\/\/laredlarioja.com.ar\/sitio\/la-seleccion-nacional-inicio-el-camino-hacia-otro-sueno-mundialista\/#primaryimage","url":"https:\/\/laredlarioja.com.ar\/sitio\/wp-content\/uploads\/2023\/09\/64e7ba353cf71_1200.jpg","contentUrl":"https:\/\/laredlarioja.com.ar\/sitio\/wp-content\/uploads\/2023\/09\/64e7ba353cf71_1200.jpg","width":900,"height":506},{"@type":"BreadcrumbList","@id":"https:\/\/laredlarioja.com.ar\/sitio\/la-seleccion-nacional-inicio-el-camino-hacia-otro-sueno-mundialista\/#breadcrumb","itemListElement":[{"@type":"ListItem","position":1,"name":"Portada","item":"https:\/\/laredlarioja.com.ar\/sitio\/"},{"@type":"ListItem","position":2,"name":"La Selecci\u00f3n Nacional inici\u00f3 el camino hacia otro sue\u00f1o mundialista"}]},{"@type":"WebSite","@id":"https:\/\/laredlarioja.com.ar\/sitio\/#website","url":"https:\/\/laredlarioja.com.ar\/sitio\/","name":"LA RED 88.3 LA RIOJA","description":"Sitio de Noticias","publisher":{"@id":"https:\/\/laredlarioja.com.ar\/sitio\/#organization"},"potentialAction":[{"@type":"SearchAction","target":{"@type":"EntryPoint","urlTemplate":"https:\/\/laredlarioja.com.ar\/sitio\/?s={search_term_string}"},"query-input":{"@type":"PropertyValueSpecification","valueRequired":true,"valueName":"search_term_string"}}],"inLanguage":"es"},{"@type":"Organization","@id":"https:\/\/laredlarioja.com.ar\/sitio\/#organization","name":"LA RED 88.3 LA RIOJA","url":"https:\/\/laredlarioja.com.ar\/sitio\/","logo":{"@type":"ImageObject","inLanguage":"es","@id":"https:\/\/laredlarioja.com.ar\/sitio\/#\/schema\/logo\/image\/","url":"https:\/\/laredlarioja.com.ar\/sitio\/wp-content\/uploads\/2025\/05\/LOGO-LA-RED.png","contentUrl":"https:\/\/laredlarioja.com.ar\/sitio\/wp-content\/uploads\/2025\/05\/LOGO-LA-RED.png","width":193,"height":340,"caption":"LA RED 88.3 LA RIOJA"},"image":{"@id":"https:\/\/laredlarioja.com.ar\/sitio\/#\/schema\/logo\/image\/"},"sameAs":["https:\/\/www.facebook.com\/lared.larioja","https:\/\/x.com\/laredlarioja1","https:\/\/www.instagram.com\/lared_larioja\/"]},{"@type":"Person","@id":"https:\/\/laredlarioja.com.ar\/sitio\/#\/schema\/person\/31f88059d20c5cf06e974fd895aec56e","name":"Anabella Soria","url":"https:\/\/laredlarioja.com.ar\/sitio\/author\/asoria\/"}]}},"featured_image_urls":{"full":["https:\/\/laredlarioja.com.ar\/sitio\/wp-content\/uploads\/2023\/09\/64e7ba353cf71_1200.jpg",900,506,false],"thumbnail":["https:\/\/laredlarioja.com.ar\/sitio\/wp-content\/uploads\/2023\/09\/64e7ba353cf71_1200-150x150.jpg",150,150,true],"medium":["https:\/\/laredlarioja.com.ar\/sitio\/wp-content\/uploads\/2023\/09\/64e7ba353cf71_1200-300x169.jpg",300,169,true],"medium_large":["https:\/\/laredlarioja.com.ar\/sitio\/wp-content\/uploads\/2023\/09\/64e7ba353cf71_1200-768x432.jpg",640,360,true],"large":["https:\/\/laredlarioja.com.ar\/sitio\/wp-content\/uploads\/2023\/09\/64e7ba353cf71_1200.jpg",640,360,false],"1536x1536":["https:\/\/laredlarioja.com.ar\/sitio\/wp-content\/uploads\/2023\/09\/64e7ba353cf71_1200.jpg",900,506,false],"2048x2048":["https:\/\/laredlarioja.com.ar\/sitio\/wp-content\/uploads\/2023\/09\/64e7ba353cf71_1200.jpg",900,506,false],"cvmm-medium":["https:\/\/laredlarioja.com.ar\/sitio\/wp-content\/uploads\/2023\/09\/64e7ba353cf71_1200-300x300.jpg",300,300,true],"cvmm-medium-plus":["https:\/\/laredlarioja.com.ar\/sitio\/wp-content\/uploads\/2023\/09\/64e7ba353cf71_1200-305x207.jpg",305,207,true],"cvmm-portrait":["https:\/\/laredlarioja.com.ar\/sitio\/wp-content\/uploads\/2023\/09\/64e7ba353cf71_1200-400x506.jpg",400,506,true],"cvmm-medium-square":["https:\/\/laredlarioja.com.ar\/sitio\/wp-content\/uploads\/2023\/09\/64e7ba353cf71_1200-600x506.jpg",600,506,true],"cvmm-large":["https:\/\/laredlarioja.com.ar\/sitio\/wp-content\/uploads\/2023\/09\/64e7ba353cf71_1200.jpg",900,506,false],"cvmm-small":["https:\/\/laredlarioja.com.ar\/sitio\/wp-content\/uploads\/2023\/09\/64e7ba353cf71_1200-130x95.jpg",130,95,true],"morenews-large":["https:\/\/laredlarioja.com.ar\/sitio\/wp-content\/uploads\/2023\/09\/64e7ba353cf71_1200-825x506.jpg",825,506,true],"morenews-medium":["https:\/\/laredlarioja.com.ar\/sitio\/wp-content\/uploads\/2023\/09\/64e7ba353cf71_1200-590x410.jpg",590,410,true]},"author_info":{"display_name":"Anabella Soria","author_link":"https:\/\/laredlarioja.com.ar\/sitio\/author\/asoria\/"},"category_info":"<a href=\"https:\/\/laredlarioja.com.ar\/sitio\/categorias\/deportes\/\" rel=\"category tag\">Deportes<\/a>","tag_info":"Deportes","comment_count":"0","blog_post_layout_featured_media_urls":{"thumbnail":["https:\/\/laredlarioja.com.ar\/sitio\/wp-content\/uploads\/2023\/09\/64e7ba353cf71_1200-150x150.jpg",150,150,true],"full":["https:\/\/laredlarioja.com.ar\/sitio\/wp-content\/uploads\/2023\/09\/64e7ba353cf71_1200.jpg",900,506,false]},"categories_names":{"26":{"name":"Deportes","link":"https:\/\/laredlarioja.com.ar\/sitio\/categorias\/deportes\/"}},"tags_names":[],"comments_number":"0","wpmagazine_modules_lite_featured_media_urls":{"thumbnail":["https:\/\/laredlarioja.com.ar\/sitio\/wp-content\/uploads\/2023\/09\/64e7ba353cf71_1200-150x150.jpg",150,150,true],"cvmm-medium":["https:\/\/laredlarioja.com.ar\/sitio\/wp-content\/uploads\/2023\/09\/64e7ba353cf71_1200-300x300.jpg",300,300,true],"cvmm-medium-plus":["https:\/\/laredlarioja.com.ar\/sitio\/wp-content\/uploads\/2023\/09\/64e7ba353cf71_1200-305x207.jpg",305,207,true],"cvmm-portrait":["https:\/\/laredlarioja.com.ar\/sitio\/wp-content\/uploads\/2023\/09\/64e7ba353cf71_1200-400x506.jpg",400,506,true],"cvmm-medium-square":["https:\/\/laredlarioja.com.ar\/sitio\/wp-content\/uploads\/2023\/09\/64e7ba353cf71_1200-600x506.jpg",600,506,true],"cvmm-large":["https:\/\/laredlarioja.com.ar\/sitio\/wp-content\/uploads\/2023\/09\/64e7ba353cf71_1200.jpg",900,506,false],"cvmm-small":["https:\/\/laredlarioja.com.ar\/sitio\/wp-content\/uploads\/2023\/09\/64e7ba353cf71_1200-130x95.jpg",130,95,true],"full":["https:\/\/laredlarioja.com.ar\/sitio\/wp-content\/uploads\/2023\/09\/64e7ba353cf71_1200.jpg",900,506,false]},"_links":{"self":[{"href":"https:\/\/laredlarioja.com.ar\/sitio\/wp-json\/wp\/v2\/posts\/35752","targetHints":{"allow":["GET"]}}],"collection":[{"href":"https:\/\/laredlarioja.com.ar\/sitio\/wp-json\/wp\/v2\/posts"}],"about":[{"href":"https:\/\/laredlarioja.com.ar\/sitio\/wp-json\/wp\/v2\/types\/post"}],"author":[{"embeddable":true,"href":"https:\/\/laredlarioja.com.ar\/sitio\/wp-json\/wp\/v2\/users\/7"}],"replies":[{"embeddable":true,"href":"https:\/\/laredlarioja.com.ar\/sitio\/wp-json\/wp\/v2\/comments?post=35752"}],"version-history":[{"count":1,"href":"https:\/\/laredlarioja.com.ar\/sitio\/wp-json\/wp\/v2\/posts\/35752\/revisions"}],"predecessor-version":[{"id":35754,"href":"https:\/\/laredlarioja.com.ar\/sitio\/wp-json\/wp\/v2\/posts\/35752\/revisions\/35754"}],"wp:featuredmedia":[{"embeddable":true,"href":"https:\/\/laredlarioja.com.ar\/sitio\/wp-json\/wp\/v2\/media\/35753"}],"wp:attachment":[{"href":"https:\/\/laredlarioja.com.ar\/sitio\/wp-json\/wp\/v2\/media?parent=35752"}],"wp:term":[{"taxonomy":"category","embeddable":true,"href":"https:\/\/laredlarioja.com.ar\/sitio\/wp-json\/wp\/v2\/categories?post=35752"},{"taxonomy":"post_tag","embeddable":true,"href":"https:\/\/laredlarioja.com.ar\/sitio\/wp-json\/wp\/v2\/tags?post=35752"}],"curies":[{"name":"wp","href":"https:\/\/api.w.org\/{rel}","templated":true}]}}