{"id":35755,"date":"2023-09-06T00:00:31","date_gmt":"2023-09-06T00:00:31","guid":{"rendered":"https:\/\/laredlarioja.com.ar\/sitio\/?p=35755"},"modified":"2023-09-06T00:01:00","modified_gmt":"2023-09-06T00:01:00","slug":"un-asesor-economico-de-milei-senalo-no-vamos-a-dolarizar-si-no-hay-dolares","status":"publish","type":"post","link":"https:\/\/laredlarioja.com.ar\/sitio\/un-asesor-economico-de-milei-senalo-no-vamos-a-dolarizar-si-no-hay-dolares\/","title":{"rendered":"Un asesor econ\u00f3mico de Milei se\u00f1al\u00f3: \u00abNo vamos a dolarizar si no hay d\u00f3lares\u00bb"},"content":{"rendered":"<p>Dar\u00edo Epstein, uno de los principales asesores econ\u00f3micos del candidato presidencial de La Libertad Avanza, Javier Milei, puso en duda la propuesta de dolarizaci\u00f3n.<\/p>\n<p>\u00abNo vamos a dolarizar si no hay d\u00f3lares\u00bb, aclar\u00f3 hoy Dar\u00edo Epstein. El especialista en mercados financieros expuso sobre la p\u00e9rdida de valor del peso y carg\u00f3 contra la \u00abm\u00e1quina de imprimir billetes\u00bb del Banco Central.<\/p>\n<p>Sin embargo, cuando se le consultaron de d\u00f3nde iban a sacar las divisas, respondi\u00f3:\u00a0\u00abJavier Milei tiene una propuesta muy concreta, tan concreta que no vamos a dolarizar si no hay d\u00f3lares\u00bb.<\/p>\n<p>Epstein insisti\u00f3, adem\u00e1s, en que \u00abla pol\u00edtica es la responsable\u00bb de la crisis y dijo que La Libertad Avanza tiene un plan que \u00abpuede tardar dos a\u00f1os\u00bb para cambiar planes por trabajo, y luego agreg\u00f3: \u00abLo m\u00e1s importante es que no puede haber d\u00e9ficit fiscal\u00bb.<\/p>\n<p>&nbsp;<\/p>\n<p><strong>Planes sociales<\/strong><\/p>\n<p>En relaci\u00f3n a los planes sociales, el libertario se\u00f1al\u00f3 la importancia de lograr que quienes reciben planes sociales puedan dejarlos por un trabajo, pero advirti\u00f3 que ser\u00eda \u00abcriminal\u00bb quitarlos sin darle \u00abuna opci\u00f3n\u00bb de trabajo a la gente.<\/p>\n<p>\u00abNo tiene sentido cortar los planes sociales si no les damos una opci\u00f3n, es criminal, y s\u00ed creemos que no es culpa de la gente, hacemos responsable a la pol\u00edtica. Yo fui funcionario de Menem en el 92 y somos todos responsables\u00bb, admiti\u00f3.<\/p>\n<p>&nbsp;<\/p>\n<p><strong>Reducci\u00f3n del gasto p\u00fablico<\/strong><\/p>\n<p>Tambi\u00e9n remarc\u00f3 que \u00abcualquiera que sea electo presidente y asuma el 10 de diciembre, va a tener que trabajar muy fuerte en reducir el gasto\u00bb y que \u00abprobablemente esa reducci\u00f3n del gasto sea recesiva porque ac\u00e1 no hay milagros\u00bb.<\/p>\n<p>\u00abSi no cerramos la brecha de gastar por encima de lo que recaudamos, ning\u00fan plan, ni la dolarizaci\u00f3n ni un Banco Central independiente, lo que quieran, puede funcionar, porque esto no da para m\u00e1s\u00bb, concluy\u00f3.<\/p>\n<hr \/>\n<p><em>Fuente: Filo News<\/em><\/p>\n","protected":false},"excerpt":{"rendered":"<p>Dar\u00edo Epstein, uno de los principales asesores econ\u00f3micos del candidato presidencial de La Libertad Avanza, Javier Milei, puso<\/p>\n","protected":false},"author":10,"featured_media":29537,"comment_status":"closed","ping_status":"open","sticky":false,"template":"","format":"standard","meta":{"footnotes":""},"categories":[23],"tags":[],"class_list":["post-35755","post","type-post","status-publish","format-standard","has-post-thumbnail","hentry","category-politica"],"yoast_head":"<!-- This site is optimized with the Yoast SEO plugin v27.4 - https:\/\/yoast.com\/product\/yoast-seo-wordpress\/ -->\n<title>Un asesor econ\u00f3mico de Milei se\u00f1al\u00f3: &quot;No vamos a dolarizar si no hay d\u00f3lares&quot; - LA RED 88.3 LA RIOJA<\/title>\n<meta name=\"robots\" content=\"index, follow, max-snippet:-1, max-image-preview:large, max-video-preview:-1\" \/>\n<link rel=\"canonical\" href=\"https:\/\/laredlarioja.com.ar\/sitio\/un-asesor-economico-de-milei-senalo-no-vamos-a-dolarizar-si-no-hay-dolares\/\" \/>\n<meta property=\"og:locale\" content=\"es_ES\" \/>\n<meta property=\"og:type\" content=\"article\" \/>\n<meta property=\"og:title\" content=\"Un asesor econ\u00f3mico de Milei se\u00f1al\u00f3: &quot;No vamos a dolarizar si no hay d\u00f3lares&quot; - LA RED 88.3 LA RIOJA\" \/>\n<meta property=\"og:description\" content=\"Dar\u00edo Epstein, uno de los principales asesores econ\u00f3micos del candidato presidencial de La Libertad Avanza, Javier Milei, puso\" \/>\n<meta property=\"og:url\" content=\"https:\/\/laredlarioja.com.ar\/sitio\/un-asesor-economico-de-milei-senalo-no-vamos-a-dolarizar-si-no-hay-dolares\/\" \/>\n<meta property=\"og:site_name\" content=\"LA RED 88.3 LA RIOJA\" \/>\n<meta property=\"article:publisher\" content=\"https:\/\/www.facebook.com\/lared.larioja\" \/>\n<meta property=\"article:published_time\" content=\"2023-09-06T00:00:31+00:00\" \/>\n<meta property=\"article:modified_time\" content=\"2023-09-06T00:01:00+00:00\" \/>\n<meta property=\"og:image\" content=\"https:\/\/laredlarioja.com.ar\/sitio\/wp-content\/uploads\/2023\/04\/DOLAR-scaled.jpg\" \/>\n\t<meta property=\"og:image:width\" content=\"2560\" \/>\n\t<meta property=\"og:image:height\" content=\"1661\" \/>\n\t<meta property=\"og:image:type\" content=\"image\/jpeg\" \/>\n<meta name=\"author\" content=\"La Red\" \/>\n<meta name=\"twitter:card\" content=\"summary_large_image\" \/>\n<meta name=\"twitter:creator\" content=\"@laredlarioja1\" \/>\n<meta name=\"twitter:site\" content=\"@laredlarioja1\" \/>\n<meta name=\"twitter:label1\" content=\"Escrito por\" \/>\n\t<meta name=\"twitter:data1\" content=\"La Red\" \/>\n\t<meta name=\"twitter:label2\" content=\"Tiempo de lectura\" \/>\n\t<meta name=\"twitter:data2\" content=\"2 minutos\" \/>\n<script type=\"application\/ld+json\" class=\"yoast-schema-graph\">{\"@context\":\"https:\\\/\\\/schema.org\",\"@graph\":[{\"@type\":\"Article\",\"@id\":\"https:\\\/\\\/laredlarioja.com.ar\\\/sitio\\\/un-asesor-economico-de-milei-senalo-no-vamos-a-dolarizar-si-no-hay-dolares\\\/#article\",\"isPartOf\":{\"@id\":\"https:\\\/\\\/laredlarioja.com.ar\\\/sitio\\\/un-asesor-economico-de-milei-senalo-no-vamos-a-dolarizar-si-no-hay-dolares\\\/\"},\"author\":{\"name\":\"La Red\",\"@id\":\"https:\\\/\\\/laredlarioja.com.ar\\\/sitio\\\/#\\\/schema\\\/person\\\/f1e213867beccedaaa4fb548d9259d9a\"},\"headline\":\"Un asesor econ\u00f3mico de Milei se\u00f1al\u00f3: \u00abNo vamos a dolarizar si no hay d\u00f3lares\u00bb\",\"datePublished\":\"2023-09-06T00:00:31+00:00\",\"dateModified\":\"2023-09-06T00:01:00+00:00\",\"mainEntityOfPage\":{\"@id\":\"https:\\\/\\\/laredlarioja.com.ar\\\/sitio\\\/un-asesor-economico-de-milei-senalo-no-vamos-a-dolarizar-si-no-hay-dolares\\\/\"},\"wordCount\":345,\"publisher\":{\"@id\":\"https:\\\/\\\/laredlarioja.com.ar\\\/sitio\\\/#organization\"},\"image\":{\"@id\":\"https:\\\/\\\/laredlarioja.com.ar\\\/sitio\\\/un-asesor-economico-de-milei-senalo-no-vamos-a-dolarizar-si-no-hay-dolares\\\/#primaryimage\"},\"thumbnailUrl\":\"https:\\\/\\\/laredlarioja.com.ar\\\/sitio\\\/wp-content\\\/uploads\\\/2023\\\/04\\\/DOLAR-scaled.jpg\",\"articleSection\":[\"Pol\u00edtica\"],\"inLanguage\":\"es\"},{\"@type\":\"WebPage\",\"@id\":\"https:\\\/\\\/laredlarioja.com.ar\\\/sitio\\\/un-asesor-economico-de-milei-senalo-no-vamos-a-dolarizar-si-no-hay-dolares\\\/\",\"url\":\"https:\\\/\\\/laredlarioja.com.ar\\\/sitio\\\/un-asesor-economico-de-milei-senalo-no-vamos-a-dolarizar-si-no-hay-dolares\\\/\",\"name\":\"Un asesor econ\u00f3mico de Milei se\u00f1al\u00f3: \\\"No vamos a dolarizar si no hay d\u00f3lares\\\" - LA RED 88.3 LA RIOJA\",\"isPartOf\":{\"@id\":\"https:\\\/\\\/laredlarioja.com.ar\\\/sitio\\\/#website\"},\"primaryImageOfPage\":{\"@id\":\"https:\\\/\\\/laredlarioja.com.ar\\\/sitio\\\/un-asesor-economico-de-milei-senalo-no-vamos-a-dolarizar-si-no-hay-dolares\\\/#primaryimage\"},\"image\":{\"@id\":\"https:\\\/\\\/laredlarioja.com.ar\\\/sitio\\\/un-asesor-economico-de-milei-senalo-no-vamos-a-dolarizar-si-no-hay-dolares\\\/#primaryimage\"},\"thumbnailUrl\":\"https:\\\/\\\/laredlarioja.com.ar\\\/sitio\\\/wp-content\\\/uploads\\\/2023\\\/04\\\/DOLAR-scaled.jpg\",\"datePublished\":\"2023-09-06T00:00:31+00:00\",\"dateModified\":\"2023-09-06T00:01:00+00:00\",\"breadcrumb\":{\"@id\":\"https:\\\/\\\/laredlarioja.com.ar\\\/sitio\\\/un-asesor-economico-de-milei-senalo-no-vamos-a-dolarizar-si-no-hay-dolares\\\/#breadcrumb\"},\"inLanguage\":\"es\",\"potentialAction\":[{\"@type\":\"ReadAction\",\"target\":[\"https:\\\/\\\/laredlarioja.com.ar\\\/sitio\\\/un-asesor-economico-de-milei-senalo-no-vamos-a-dolarizar-si-no-hay-dolares\\\/\"]}]},{\"@type\":\"ImageObject\",\"inLanguage\":\"es\",\"@id\":\"https:\\\/\\\/laredlarioja.com.ar\\\/sitio\\\/un-asesor-economico-de-milei-senalo-no-vamos-a-dolarizar-si-no-hay-dolares\\\/#primaryimage\",\"url\":\"https:\\\/\\\/laredlarioja.com.ar\\\/sitio\\\/wp-content\\\/uploads\\\/2023\\\/04\\\/DOLAR-scaled.jpg\",\"contentUrl\":\"https:\\\/\\\/laredlarioja.com.ar\\\/sitio\\\/wp-content\\\/uploads\\\/2023\\\/04\\\/DOLAR-scaled.jpg\",\"width\":2560,\"height\":1661},{\"@type\":\"BreadcrumbList\",\"@id\":\"https:\\\/\\\/laredlarioja.com.ar\\\/sitio\\\/un-asesor-economico-de-milei-senalo-no-vamos-a-dolarizar-si-no-hay-dolares\\\/#breadcrumb\",\"itemListElement\":[{\"@type\":\"ListItem\",\"position\":1,\"name\":\"Portada\",\"item\":\"https:\\\/\\\/laredlarioja.com.ar\\\/sitio\\\/\"},{\"@type\":\"ListItem\",\"position\":2,\"name\":\"Un asesor econ\u00f3mico de Milei se\u00f1al\u00f3: &#8220;No vamos a dolarizar si no hay d\u00f3lares&#8221;\"}]},{\"@type\":\"WebSite\",\"@id\":\"https:\\\/\\\/laredlarioja.com.ar\\\/sitio\\\/#website\",\"url\":\"https:\\\/\\\/laredlarioja.com.ar\\\/sitio\\\/\",\"name\":\"LA RED 88.3 LA RIOJA\",\"description\":\"Sitio de Noticias\",\"publisher\":{\"@id\":\"https:\\\/\\\/laredlarioja.com.ar\\\/sitio\\\/#organization\"},\"potentialAction\":[{\"@type\":\"SearchAction\",\"target\":{\"@type\":\"EntryPoint\",\"urlTemplate\":\"https:\\\/\\\/laredlarioja.com.ar\\\/sitio\\\/?s={search_term_string}\"},\"query-input\":{\"@type\":\"PropertyValueSpecification\",\"valueRequired\":true,\"valueName\":\"search_term_string\"}}],\"inLanguage\":\"es\"},{\"@type\":\"Organization\",\"@id\":\"https:\\\/\\\/laredlarioja.com.ar\\\/sitio\\\/#organization\",\"name\":\"LA RED 88.3 LA RIOJA\",\"url\":\"https:\\\/\\\/laredlarioja.com.ar\\\/sitio\\\/\",\"logo\":{\"@type\":\"ImageObject\",\"inLanguage\":\"es\",\"@id\":\"https:\\\/\\\/laredlarioja.com.ar\\\/sitio\\\/#\\\/schema\\\/logo\\\/image\\\/\",\"url\":\"https:\\\/\\\/laredlarioja.com.ar\\\/sitio\\\/wp-content\\\/uploads\\\/2025\\\/05\\\/LOGO-LA-RED.png\",\"contentUrl\":\"https:\\\/\\\/laredlarioja.com.ar\\\/sitio\\\/wp-content\\\/uploads\\\/2025\\\/05\\\/LOGO-LA-RED.png\",\"width\":193,\"height\":340,\"caption\":\"LA RED 88.3 LA RIOJA\"},\"image\":{\"@id\":\"https:\\\/\\\/laredlarioja.com.ar\\\/sitio\\\/#\\\/schema\\\/logo\\\/image\\\/\"},\"sameAs\":[\"https:\\\/\\\/www.facebook.com\\\/lared.larioja\",\"https:\\\/\\\/x.com\\\/laredlarioja1\",\"https:\\\/\\\/www.instagram.com\\\/lared_larioja\\\/\"]},{\"@type\":\"Person\",\"@id\":\"https:\\\/\\\/laredlarioja.com.ar\\\/sitio\\\/#\\\/schema\\\/person\\\/f1e213867beccedaaa4fb548d9259d9a\",\"name\":\"La Red\",\"url\":\"https:\\\/\\\/laredlarioja.com.ar\\\/sitio\\\/author\\\/lared\\\/\"}]}<\/script>\n<!-- \/ Yoast SEO plugin. -->","yoast_head_json":{"title":"Un asesor econ\u00f3mico de Milei se\u00f1al\u00f3: \"No vamos a dolarizar si no hay d\u00f3lares\" - LA RED 88.3 LA RIOJA","robots":{"index":"index","follow":"follow","max-snippet":"max-snippet:-1","max-image-preview":"max-image-preview:large","max-video-preview":"max-video-preview:-1"},"canonical":"https:\/\/laredlarioja.com.ar\/sitio\/un-asesor-economico-de-milei-senalo-no-vamos-a-dolarizar-si-no-hay-dolares\/","og_locale":"es_ES","og_type":"article","og_title":"Un asesor econ\u00f3mico de Milei se\u00f1al\u00f3: \"No vamos a dolarizar si no hay d\u00f3lares\" - LA RED 88.3 LA RIOJA","og_description":"Dar\u00edo Epstein, uno de los principales asesores econ\u00f3micos del candidato presidencial de La Libertad Avanza, Javier Milei, puso","og_url":"https:\/\/laredlarioja.com.ar\/sitio\/un-asesor-economico-de-milei-senalo-no-vamos-a-dolarizar-si-no-hay-dolares\/","og_site_name":"LA RED 88.3 LA RIOJA","article_publisher":"https:\/\/www.facebook.com\/lared.larioja","article_published_time":"2023-09-06T00:00:31+00:00","article_modified_time":"2023-09-06T00:01:00+00:00","og_image":[{"width":2560,"height":1661,"url":"https:\/\/laredlarioja.com.ar\/sitio\/wp-content\/uploads\/2023\/04\/DOLAR-scaled.jpg","type":"image\/jpeg"}],"author":"La Red","twitter_card":"summary_large_image","twitter_creator":"@laredlarioja1","twitter_site":"@laredlarioja1","twitter_misc":{"Escrito por":"La Red","Tiempo de lectura":"2 minutos"},"schema":{"@context":"https:\/\/schema.org","@graph":[{"@type":"Article","@id":"https:\/\/laredlarioja.com.ar\/sitio\/un-asesor-economico-de-milei-senalo-no-vamos-a-dolarizar-si-no-hay-dolares\/#article","isPartOf":{"@id":"https:\/\/laredlarioja.com.ar\/sitio\/un-asesor-economico-de-milei-senalo-no-vamos-a-dolarizar-si-no-hay-dolares\/"},"author":{"name":"La Red","@id":"https:\/\/laredlarioja.com.ar\/sitio\/#\/schema\/person\/f1e213867beccedaaa4fb548d9259d9a"},"headline":"Un asesor econ\u00f3mico de Milei se\u00f1al\u00f3: \u00abNo vamos a dolarizar si no hay d\u00f3lares\u00bb","datePublished":"2023-09-06T00:00:31+00:00","dateModified":"2023-09-06T00:01:00+00:00","mainEntityOfPage":{"@id":"https:\/\/laredlarioja.com.ar\/sitio\/un-asesor-economico-de-milei-senalo-no-vamos-a-dolarizar-si-no-hay-dolares\/"},"wordCount":345,"publisher":{"@id":"https:\/\/laredlarioja.com.ar\/sitio\/#organization"},"image":{"@id":"https:\/\/laredlarioja.com.ar\/sitio\/un-asesor-economico-de-milei-senalo-no-vamos-a-dolarizar-si-no-hay-dolares\/#primaryimage"},"thumbnailUrl":"https:\/\/laredlarioja.com.ar\/sitio\/wp-content\/uploads\/2023\/04\/DOLAR-scaled.jpg","articleSection":["Pol\u00edtica"],"inLanguage":"es"},{"@type":"WebPage","@id":"https:\/\/laredlarioja.com.ar\/sitio\/un-asesor-economico-de-milei-senalo-no-vamos-a-dolarizar-si-no-hay-dolares\/","url":"https:\/\/laredlarioja.com.ar\/sitio\/un-asesor-economico-de-milei-senalo-no-vamos-a-dolarizar-si-no-hay-dolares\/","name":"Un asesor econ\u00f3mico de Milei se\u00f1al\u00f3: \"No vamos a dolarizar si no hay d\u00f3lares\" - LA RED 88.3 LA RIOJA","isPartOf":{"@id":"https:\/\/laredlarioja.com.ar\/sitio\/#website"},"primaryImageOfPage":{"@id":"https:\/\/laredlarioja.com.ar\/sitio\/un-asesor-economico-de-milei-senalo-no-vamos-a-dolarizar-si-no-hay-dolares\/#primaryimage"},"image":{"@id":"https:\/\/laredlarioja.com.ar\/sitio\/un-asesor-economico-de-milei-senalo-no-vamos-a-dolarizar-si-no-hay-dolares\/#primaryimage"},"thumbnailUrl":"https:\/\/laredlarioja.com.ar\/sitio\/wp-content\/uploads\/2023\/04\/DOLAR-scaled.jpg","datePublished":"2023-09-06T00:00:31+00:00","dateModified":"2023-09-06T00:01:00+00:00","breadcrumb":{"@id":"https:\/\/laredlarioja.com.ar\/sitio\/un-asesor-economico-de-milei-senalo-no-vamos-a-dolarizar-si-no-hay-dolares\/#breadcrumb"},"inLanguage":"es","potentialAction":[{"@type":"ReadAction","target":["https:\/\/laredlarioja.com.ar\/sitio\/un-asesor-economico-de-milei-senalo-no-vamos-a-dolarizar-si-no-hay-dolares\/"]}]},{"@type":"ImageObject","inLanguage":"es","@id":"https:\/\/laredlarioja.com.ar\/sitio\/un-asesor-economico-de-milei-senalo-no-vamos-a-dolarizar-si-no-hay-dolares\/#primaryimage","url":"https:\/\/laredlarioja.com.ar\/sitio\/wp-content\/uploads\/2023\/04\/DOLAR-scaled.jpg","contentUrl":"https:\/\/laredlarioja.com.ar\/sitio\/wp-content\/uploads\/2023\/04\/DOLAR-scaled.jpg","width":2560,"height":1661},{"@type":"BreadcrumbList","@id":"https:\/\/laredlarioja.com.ar\/sitio\/un-asesor-economico-de-milei-senalo-no-vamos-a-dolarizar-si-no-hay-dolares\/#breadcrumb","itemListElement":[{"@type":"ListItem","position":1,"name":"Portada","item":"https:\/\/laredlarioja.com.ar\/sitio\/"},{"@type":"ListItem","position":2,"name":"Un asesor econ\u00f3mico de Milei se\u00f1al\u00f3: &#8220;No vamos a dolarizar si no hay d\u00f3lares&#8221;"}]},{"@type":"WebSite","@id":"https:\/\/laredlarioja.com.ar\/sitio\/#website","url":"https:\/\/laredlarioja.com.ar\/sitio\/","name":"LA RED 88.3 LA RIOJA","description":"Sitio de Noticias","publisher":{"@id":"https:\/\/laredlarioja.com.ar\/sitio\/#organization"},"potentialAction":[{"@type":"SearchAction","target":{"@type":"EntryPoint","urlTemplate":"https:\/\/laredlarioja.com.ar\/sitio\/?s={search_term_string}"},"query-input":{"@type":"PropertyValueSpecification","valueRequired":true,"valueName":"search_term_string"}}],"inLanguage":"es"},{"@type":"Organization","@id":"https:\/\/laredlarioja.com.ar\/sitio\/#organization","name":"LA RED 88.3 LA RIOJA","url":"https:\/\/laredlarioja.com.ar\/sitio\/","logo":{"@type":"ImageObject","inLanguage":"es","@id":"https:\/\/laredlarioja.com.ar\/sitio\/#\/schema\/logo\/image\/","url":"https:\/\/laredlarioja.com.ar\/sitio\/wp-content\/uploads\/2025\/05\/LOGO-LA-RED.png","contentUrl":"https:\/\/laredlarioja.com.ar\/sitio\/wp-content\/uploads\/2025\/05\/LOGO-LA-RED.png","width":193,"height":340,"caption":"LA RED 88.3 LA RIOJA"},"image":{"@id":"https:\/\/laredlarioja.com.ar\/sitio\/#\/schema\/logo\/image\/"},"sameAs":["https:\/\/www.facebook.com\/lared.larioja","https:\/\/x.com\/laredlarioja1","https:\/\/www.instagram.com\/lared_larioja\/"]},{"@type":"Person","@id":"https:\/\/laredlarioja.com.ar\/sitio\/#\/schema\/person\/f1e213867beccedaaa4fb548d9259d9a","name":"La Red","url":"https:\/\/laredlarioja.com.ar\/sitio\/author\/lared\/"}]}},"featured_image_urls":{"full":["https:\/\/laredlarioja.com.ar\/sitio\/wp-content\/uploads\/2023\/04\/DOLAR-scaled.jpg",2560,1661,false],"thumbnail":["https:\/\/laredlarioja.com.ar\/sitio\/wp-content\/uploads\/2023\/04\/DOLAR-150x150.jpg",150,150,true],"medium":["https:\/\/laredlarioja.com.ar\/sitio\/wp-content\/uploads\/2023\/04\/DOLAR-300x195.jpg",300,195,true],"medium_large":["https:\/\/laredlarioja.com.ar\/sitio\/wp-content\/uploads\/2023\/04\/DOLAR-768x498.jpg",640,415,true],"large":["https:\/\/laredlarioja.com.ar\/sitio\/wp-content\/uploads\/2023\/04\/DOLAR-1024x664.jpg",640,415,true],"1536x1536":["https:\/\/laredlarioja.com.ar\/sitio\/wp-content\/uploads\/2023\/04\/DOLAR-1536x996.jpg",1536,996,true],"2048x2048":["https:\/\/laredlarioja.com.ar\/sitio\/wp-content\/uploads\/2023\/04\/DOLAR-2048x1328.jpg",2048,1328,true],"cvmm-medium":["https:\/\/laredlarioja.com.ar\/sitio\/wp-content\/uploads\/2023\/04\/DOLAR-300x300.jpg",300,300,true],"cvmm-medium-plus":["https:\/\/laredlarioja.com.ar\/sitio\/wp-content\/uploads\/2023\/04\/DOLAR-305x207.jpg",305,207,true],"cvmm-portrait":["https:\/\/laredlarioja.com.ar\/sitio\/wp-content\/uploads\/2023\/04\/DOLAR-400x600.jpg",400,600,true],"cvmm-medium-square":["https:\/\/laredlarioja.com.ar\/sitio\/wp-content\/uploads\/2023\/04\/DOLAR-600x600.jpg",600,600,true],"cvmm-large":["https:\/\/laredlarioja.com.ar\/sitio\/wp-content\/uploads\/2023\/04\/DOLAR-1024x1024.jpg",1024,1024,true],"cvmm-small":["https:\/\/laredlarioja.com.ar\/sitio\/wp-content\/uploads\/2023\/04\/DOLAR-130x95.jpg",130,95,true],"morenews-large":["https:\/\/laredlarioja.com.ar\/sitio\/wp-content\/uploads\/2023\/04\/DOLAR-825x575.jpg",825,575,true],"morenews-medium":["https:\/\/laredlarioja.com.ar\/sitio\/wp-content\/uploads\/2023\/04\/DOLAR-590x410.jpg",590,410,true]},"author_info":{"display_name":"La Red","author_link":"https:\/\/laredlarioja.com.ar\/sitio\/author\/lared\/"},"category_info":"<a href=\"https:\/\/laredlarioja.com.ar\/sitio\/categorias\/politica\/\" rel=\"category tag\">Pol\u00edtica<\/a>","tag_info":"Pol\u00edtica","comment_count":"0","blog_post_layout_featured_media_urls":{"thumbnail":["https:\/\/laredlarioja.com.ar\/sitio\/wp-content\/uploads\/2023\/04\/DOLAR-150x150.jpg",150,150,true],"full":["https:\/\/laredlarioja.com.ar\/sitio\/wp-content\/uploads\/2023\/04\/DOLAR-scaled.jpg",2560,1661,false]},"categories_names":{"23":{"name":"Pol\u00edtica","link":"https:\/\/laredlarioja.com.ar\/sitio\/categorias\/politica\/"}},"tags_names":[],"comments_number":"0","wpmagazine_modules_lite_featured_media_urls":{"thumbnail":["https:\/\/laredlarioja.com.ar\/sitio\/wp-content\/uploads\/2023\/04\/DOLAR-150x150.jpg",150,150,true],"cvmm-medium":["https:\/\/laredlarioja.com.ar\/sitio\/wp-content\/uploads\/2023\/04\/DOLAR-300x300.jpg",300,300,true],"cvmm-medium-plus":["https:\/\/laredlarioja.com.ar\/sitio\/wp-content\/uploads\/2023\/04\/DOLAR-305x207.jpg",305,207,true],"cvmm-portrait":["https:\/\/laredlarioja.com.ar\/sitio\/wp-content\/uploads\/2023\/04\/DOLAR-400x600.jpg",400,600,true],"cvmm-medium-square":["https:\/\/laredlarioja.com.ar\/sitio\/wp-content\/uploads\/2023\/04\/DOLAR-600x600.jpg",600,600,true],"cvmm-large":["https:\/\/laredlarioja.com.ar\/sitio\/wp-content\/uploads\/2023\/04\/DOLAR-1024x1024.jpg",1024,1024,true],"cvmm-small":["https:\/\/laredlarioja.com.ar\/sitio\/wp-content\/uploads\/2023\/04\/DOLAR-130x95.jpg",130,95,true],"full":["https:\/\/laredlarioja.com.ar\/sitio\/wp-content\/uploads\/2023\/04\/DOLAR-scaled.jpg",2560,1661,false]},"_links":{"self":[{"href":"https:\/\/laredlarioja.com.ar\/sitio\/wp-json\/wp\/v2\/posts\/35755","targetHints":{"allow":["GET"]}}],"collection":[{"href":"https:\/\/laredlarioja.com.ar\/sitio\/wp-json\/wp\/v2\/posts"}],"about":[{"href":"https:\/\/laredlarioja.com.ar\/sitio\/wp-json\/wp\/v2\/types\/post"}],"author":[{"embeddable":true,"href":"https:\/\/laredlarioja.com.ar\/sitio\/wp-json\/wp\/v2\/users\/10"}],"replies":[{"embeddable":true,"href":"https:\/\/laredlarioja.com.ar\/sitio\/wp-json\/wp\/v2\/comments?post=35755"}],"version-history":[{"count":1,"href":"https:\/\/laredlarioja.com.ar\/sitio\/wp-json\/wp\/v2\/posts\/35755\/revisions"}],"predecessor-version":[{"id":35756,"href":"https:\/\/laredlarioja.com.ar\/sitio\/wp-json\/wp\/v2\/posts\/35755\/revisions\/35756"}],"wp:featuredmedia":[{"embeddable":true,"href":"https:\/\/laredlarioja.com.ar\/sitio\/wp-json\/wp\/v2\/media\/29537"}],"wp:attachment":[{"href":"https:\/\/laredlarioja.com.ar\/sitio\/wp-json\/wp\/v2\/media?parent=35755"}],"wp:term":[{"taxonomy":"category","embeddable":true,"href":"https:\/\/laredlarioja.com.ar\/sitio\/wp-json\/wp\/v2\/categories?post=35755"},{"taxonomy":"post_tag","embeddable":true,"href":"https:\/\/laredlarioja.com.ar\/sitio\/wp-json\/wp\/v2\/tags?post=35755"}],"curies":[{"name":"wp","href":"https:\/\/api.w.org\/{rel}","templated":true}]}}