{"id":35757,"date":"2023-09-06T11:46:05","date_gmt":"2023-09-06T11:46:05","guid":{"rendered":"https:\/\/laredlarioja.com.ar\/sitio\/?p=35757"},"modified":"2023-09-06T22:23:00","modified_gmt":"2023-09-06T22:23:00","slug":"desde-el-gobierno-desalientan-los-acampes-para-la-compra-de-entradas-del-partido-boca-vs-almagro","status":"publish","type":"post","link":"https:\/\/laredlarioja.com.ar\/sitio\/desde-el-gobierno-desalientan-los-acampes-para-la-compra-de-entradas-del-partido-boca-vs-almagro\/","title":{"rendered":"M\u00e1s de mil polic\u00edas ser\u00e1n afectados para el partido Boca vs Almagro"},"content":{"rendered":"<p>El ministro de Seguridad, Justicia y DDHH, Miguel Z\u00e1rate adelant\u00f3, este mi\u00e9rcoles en La Red, que el Gobierno prepara cuatro operativos de seguridad para el partido entre Almagro y Boca que se disputar\u00e1 el pr\u00f3ximo domingo desde las 17.30, en el estadio Carlos Augusto Mercado Luna y corresponde a los Octavos de Final. <strong>Habr\u00e1 m\u00e1s de mil efectivos para \u201cgarantizar el evento\u201d.<\/strong><\/p>\n<p>La venta de entradas comenzar\u00e1 el viernes y en este aspecto, el titular de la cartera explic\u00f3 que habr\u00e1 <strong>200 efectivos policiales para \u201cacompa\u00f1ar, informar y contener a las personas que vayan a comprar entradas\u201d y apel\u00f3 a \u201cconcurrir con tranquilidad\u201d. \u201cDesalentamos los acampes porque no tiene ning\u00fan sentido estar tres d\u00edas esperando para comprar entradas\u201d, expres\u00f3 el funcionario<\/strong> que confirm\u00f3 que el plantel de Boca llega a La Rioja el s\u00e1bado en horario a confirmar.<\/p>\n<p>\u201cPedimos a la gente que colabore y concurran con tranquilidad para el evento\u201d dijo el ministro y asever\u00f3 que \u201cla polic\u00eda est\u00e1 preparada para resolver una situaci\u00f3n de esa naturaleza\u201d.<\/p>\n<p>Desde Copa Argentina informaron que el viernes de desde las 10 hs comenzar\u00e1 la venta presencial de populares y plateas en sector Este del Superdomo. Se vender\u00e1n dos entradas por persona mayor de 18 a\u00f1os.<\/p>\n<p>Precios:<\/p>\n<ul>\n<li>Popular: $7500.<\/li>\n<li>Platea Este: $12000.<\/li>\n<li>Platea Oeste: $15000.<\/li>\n<\/ul>\n<p>&nbsp;<\/p>\n<p>&nbsp;<\/p>\n<p>&nbsp;<\/p>\n","protected":false},"excerpt":{"rendered":"<p>El ministro de Seguridad, Justicia y DDHH, Miguel Z\u00e1rate adelant\u00f3, este mi\u00e9rcoles en La Red, que el Gobierno<\/p>\n","protected":false},"author":10,"featured_media":35758,"comment_status":"closed","ping_status":"open","sticky":false,"template":"","format":"standard","meta":{"footnotes":""},"categories":[94,100],"tags":[],"class_list":["post-35757","post","type-post","status-publish","format-standard","has-post-thumbnail","hentry","category-locales","category-tapa"],"yoast_head":"<!-- This site is optimized with the Yoast SEO plugin v27.4 - https:\/\/yoast.com\/product\/yoast-seo-wordpress\/ -->\n<title>M\u00e1s de mil polic\u00edas ser\u00e1n afectados para el partido Boca vs Almagro - LA RED 88.3 LA RIOJA<\/title>\n<meta name=\"robots\" content=\"index, follow, max-snippet:-1, max-image-preview:large, max-video-preview:-1\" \/>\n<link rel=\"canonical\" href=\"https:\/\/laredlarioja.com.ar\/sitio\/desde-el-gobierno-desalientan-los-acampes-para-la-compra-de-entradas-del-partido-boca-vs-almagro\/\" \/>\n<meta property=\"og:locale\" content=\"es_ES\" \/>\n<meta property=\"og:type\" content=\"article\" \/>\n<meta property=\"og:title\" content=\"M\u00e1s de mil polic\u00edas ser\u00e1n afectados para el partido Boca vs Almagro - LA RED 88.3 LA RIOJA\" \/>\n<meta property=\"og:description\" content=\"El ministro de Seguridad, Justicia y DDHH, Miguel Z\u00e1rate adelant\u00f3, este mi\u00e9rcoles en La Red, que el Gobierno\" \/>\n<meta property=\"og:url\" content=\"https:\/\/laredlarioja.com.ar\/sitio\/desde-el-gobierno-desalientan-los-acampes-para-la-compra-de-entradas-del-partido-boca-vs-almagro\/\" \/>\n<meta property=\"og:site_name\" content=\"LA RED 88.3 LA RIOJA\" \/>\n<meta property=\"article:publisher\" content=\"https:\/\/www.facebook.com\/lared.larioja\" \/>\n<meta property=\"article:published_time\" content=\"2023-09-06T11:46:05+00:00\" \/>\n<meta property=\"article:modified_time\" content=\"2023-09-06T22:23:00+00:00\" \/>\n<meta property=\"og:image\" content=\"https:\/\/laredlarioja.com.ar\/sitio\/wp-content\/uploads\/2023\/09\/superdomo.jpg\" \/>\n\t<meta property=\"og:image:width\" content=\"1200\" \/>\n\t<meta property=\"og:image:height\" content=\"526\" \/>\n\t<meta property=\"og:image:type\" content=\"image\/jpeg\" \/>\n<meta name=\"author\" content=\"La Red\" \/>\n<meta name=\"twitter:card\" content=\"summary_large_image\" \/>\n<meta name=\"twitter:creator\" content=\"@laredlarioja1\" \/>\n<meta name=\"twitter:site\" content=\"@laredlarioja1\" \/>\n<meta name=\"twitter:label1\" content=\"Escrito por\" \/>\n\t<meta name=\"twitter:data1\" content=\"La Red\" \/>\n\t<meta name=\"twitter:label2\" content=\"Tiempo de lectura\" \/>\n\t<meta name=\"twitter:data2\" content=\"1 minuto\" \/>\n<script type=\"application\/ld+json\" class=\"yoast-schema-graph\">{\"@context\":\"https:\\\/\\\/schema.org\",\"@graph\":[{\"@type\":\"Article\",\"@id\":\"https:\\\/\\\/laredlarioja.com.ar\\\/sitio\\\/desde-el-gobierno-desalientan-los-acampes-para-la-compra-de-entradas-del-partido-boca-vs-almagro\\\/#article\",\"isPartOf\":{\"@id\":\"https:\\\/\\\/laredlarioja.com.ar\\\/sitio\\\/desde-el-gobierno-desalientan-los-acampes-para-la-compra-de-entradas-del-partido-boca-vs-almagro\\\/\"},\"author\":{\"name\":\"La Red\",\"@id\":\"https:\\\/\\\/laredlarioja.com.ar\\\/sitio\\\/#\\\/schema\\\/person\\\/f1e213867beccedaaa4fb548d9259d9a\"},\"headline\":\"M\u00e1s de mil polic\u00edas ser\u00e1n afectados para el partido Boca vs Almagro\",\"datePublished\":\"2023-09-06T11:46:05+00:00\",\"dateModified\":\"2023-09-06T22:23:00+00:00\",\"mainEntityOfPage\":{\"@id\":\"https:\\\/\\\/laredlarioja.com.ar\\\/sitio\\\/desde-el-gobierno-desalientan-los-acampes-para-la-compra-de-entradas-del-partido-boca-vs-almagro\\\/\"},\"wordCount\":235,\"publisher\":{\"@id\":\"https:\\\/\\\/laredlarioja.com.ar\\\/sitio\\\/#organization\"},\"image\":{\"@id\":\"https:\\\/\\\/laredlarioja.com.ar\\\/sitio\\\/desde-el-gobierno-desalientan-los-acampes-para-la-compra-de-entradas-del-partido-boca-vs-almagro\\\/#primaryimage\"},\"thumbnailUrl\":\"https:\\\/\\\/laredlarioja.com.ar\\\/sitio\\\/wp-content\\\/uploads\\\/2023\\\/09\\\/superdomo.jpg\",\"articleSection\":[\"Locales\",\"Tapa\"],\"inLanguage\":\"es\"},{\"@type\":\"WebPage\",\"@id\":\"https:\\\/\\\/laredlarioja.com.ar\\\/sitio\\\/desde-el-gobierno-desalientan-los-acampes-para-la-compra-de-entradas-del-partido-boca-vs-almagro\\\/\",\"url\":\"https:\\\/\\\/laredlarioja.com.ar\\\/sitio\\\/desde-el-gobierno-desalientan-los-acampes-para-la-compra-de-entradas-del-partido-boca-vs-almagro\\\/\",\"name\":\"M\u00e1s de mil polic\u00edas ser\u00e1n afectados para el partido Boca vs Almagro - LA RED 88.3 LA RIOJA\",\"isPartOf\":{\"@id\":\"https:\\\/\\\/laredlarioja.com.ar\\\/sitio\\\/#website\"},\"primaryImageOfPage\":{\"@id\":\"https:\\\/\\\/laredlarioja.com.ar\\\/sitio\\\/desde-el-gobierno-desalientan-los-acampes-para-la-compra-de-entradas-del-partido-boca-vs-almagro\\\/#primaryimage\"},\"image\":{\"@id\":\"https:\\\/\\\/laredlarioja.com.ar\\\/sitio\\\/desde-el-gobierno-desalientan-los-acampes-para-la-compra-de-entradas-del-partido-boca-vs-almagro\\\/#primaryimage\"},\"thumbnailUrl\":\"https:\\\/\\\/laredlarioja.com.ar\\\/sitio\\\/wp-content\\\/uploads\\\/2023\\\/09\\\/superdomo.jpg\",\"datePublished\":\"2023-09-06T11:46:05+00:00\",\"dateModified\":\"2023-09-06T22:23:00+00:00\",\"breadcrumb\":{\"@id\":\"https:\\\/\\\/laredlarioja.com.ar\\\/sitio\\\/desde-el-gobierno-desalientan-los-acampes-para-la-compra-de-entradas-del-partido-boca-vs-almagro\\\/#breadcrumb\"},\"inLanguage\":\"es\",\"potentialAction\":[{\"@type\":\"ReadAction\",\"target\":[\"https:\\\/\\\/laredlarioja.com.ar\\\/sitio\\\/desde-el-gobierno-desalientan-los-acampes-para-la-compra-de-entradas-del-partido-boca-vs-almagro\\\/\"]}]},{\"@type\":\"ImageObject\",\"inLanguage\":\"es\",\"@id\":\"https:\\\/\\\/laredlarioja.com.ar\\\/sitio\\\/desde-el-gobierno-desalientan-los-acampes-para-la-compra-de-entradas-del-partido-boca-vs-almagro\\\/#primaryimage\",\"url\":\"https:\\\/\\\/laredlarioja.com.ar\\\/sitio\\\/wp-content\\\/uploads\\\/2023\\\/09\\\/superdomo.jpg\",\"contentUrl\":\"https:\\\/\\\/laredlarioja.com.ar\\\/sitio\\\/wp-content\\\/uploads\\\/2023\\\/09\\\/superdomo.jpg\",\"width\":1200,\"height\":526},{\"@type\":\"BreadcrumbList\",\"@id\":\"https:\\\/\\\/laredlarioja.com.ar\\\/sitio\\\/desde-el-gobierno-desalientan-los-acampes-para-la-compra-de-entradas-del-partido-boca-vs-almagro\\\/#breadcrumb\",\"itemListElement\":[{\"@type\":\"ListItem\",\"position\":1,\"name\":\"Portada\",\"item\":\"https:\\\/\\\/laredlarioja.com.ar\\\/sitio\\\/\"},{\"@type\":\"ListItem\",\"position\":2,\"name\":\"M\u00e1s de mil polic\u00edas ser\u00e1n afectados para el partido Boca vs Almagro\"}]},{\"@type\":\"WebSite\",\"@id\":\"https:\\\/\\\/laredlarioja.com.ar\\\/sitio\\\/#website\",\"url\":\"https:\\\/\\\/laredlarioja.com.ar\\\/sitio\\\/\",\"name\":\"LA RED 88.3 LA RIOJA\",\"description\":\"Sitio de Noticias\",\"publisher\":{\"@id\":\"https:\\\/\\\/laredlarioja.com.ar\\\/sitio\\\/#organization\"},\"potentialAction\":[{\"@type\":\"SearchAction\",\"target\":{\"@type\":\"EntryPoint\",\"urlTemplate\":\"https:\\\/\\\/laredlarioja.com.ar\\\/sitio\\\/?s={search_term_string}\"},\"query-input\":{\"@type\":\"PropertyValueSpecification\",\"valueRequired\":true,\"valueName\":\"search_term_string\"}}],\"inLanguage\":\"es\"},{\"@type\":\"Organization\",\"@id\":\"https:\\\/\\\/laredlarioja.com.ar\\\/sitio\\\/#organization\",\"name\":\"LA RED 88.3 LA RIOJA\",\"url\":\"https:\\\/\\\/laredlarioja.com.ar\\\/sitio\\\/\",\"logo\":{\"@type\":\"ImageObject\",\"inLanguage\":\"es\",\"@id\":\"https:\\\/\\\/laredlarioja.com.ar\\\/sitio\\\/#\\\/schema\\\/logo\\\/image\\\/\",\"url\":\"https:\\\/\\\/laredlarioja.com.ar\\\/sitio\\\/wp-content\\\/uploads\\\/2025\\\/05\\\/LOGO-LA-RED.png\",\"contentUrl\":\"https:\\\/\\\/laredlarioja.com.ar\\\/sitio\\\/wp-content\\\/uploads\\\/2025\\\/05\\\/LOGO-LA-RED.png\",\"width\":193,\"height\":340,\"caption\":\"LA RED 88.3 LA RIOJA\"},\"image\":{\"@id\":\"https:\\\/\\\/laredlarioja.com.ar\\\/sitio\\\/#\\\/schema\\\/logo\\\/image\\\/\"},\"sameAs\":[\"https:\\\/\\\/www.facebook.com\\\/lared.larioja\",\"https:\\\/\\\/x.com\\\/laredlarioja1\",\"https:\\\/\\\/www.instagram.com\\\/lared_larioja\\\/\"]},{\"@type\":\"Person\",\"@id\":\"https:\\\/\\\/laredlarioja.com.ar\\\/sitio\\\/#\\\/schema\\\/person\\\/f1e213867beccedaaa4fb548d9259d9a\",\"name\":\"La Red\",\"url\":\"https:\\\/\\\/laredlarioja.com.ar\\\/sitio\\\/author\\\/lared\\\/\"}]}<\/script>\n<!-- \/ Yoast SEO plugin. -->","yoast_head_json":{"title":"M\u00e1s de mil polic\u00edas ser\u00e1n afectados para el partido Boca vs Almagro - LA RED 88.3 LA RIOJA","robots":{"index":"index","follow":"follow","max-snippet":"max-snippet:-1","max-image-preview":"max-image-preview:large","max-video-preview":"max-video-preview:-1"},"canonical":"https:\/\/laredlarioja.com.ar\/sitio\/desde-el-gobierno-desalientan-los-acampes-para-la-compra-de-entradas-del-partido-boca-vs-almagro\/","og_locale":"es_ES","og_type":"article","og_title":"M\u00e1s de mil polic\u00edas ser\u00e1n afectados para el partido Boca vs Almagro - LA RED 88.3 LA RIOJA","og_description":"El ministro de Seguridad, Justicia y DDHH, Miguel Z\u00e1rate adelant\u00f3, este mi\u00e9rcoles en La Red, que el Gobierno","og_url":"https:\/\/laredlarioja.com.ar\/sitio\/desde-el-gobierno-desalientan-los-acampes-para-la-compra-de-entradas-del-partido-boca-vs-almagro\/","og_site_name":"LA RED 88.3 LA RIOJA","article_publisher":"https:\/\/www.facebook.com\/lared.larioja","article_published_time":"2023-09-06T11:46:05+00:00","article_modified_time":"2023-09-06T22:23:00+00:00","og_image":[{"width":1200,"height":526,"url":"https:\/\/laredlarioja.com.ar\/sitio\/wp-content\/uploads\/2023\/09\/superdomo.jpg","type":"image\/jpeg"}],"author":"La Red","twitter_card":"summary_large_image","twitter_creator":"@laredlarioja1","twitter_site":"@laredlarioja1","twitter_misc":{"Escrito por":"La Red","Tiempo de lectura":"1 minuto"},"schema":{"@context":"https:\/\/schema.org","@graph":[{"@type":"Article","@id":"https:\/\/laredlarioja.com.ar\/sitio\/desde-el-gobierno-desalientan-los-acampes-para-la-compra-de-entradas-del-partido-boca-vs-almagro\/#article","isPartOf":{"@id":"https:\/\/laredlarioja.com.ar\/sitio\/desde-el-gobierno-desalientan-los-acampes-para-la-compra-de-entradas-del-partido-boca-vs-almagro\/"},"author":{"name":"La Red","@id":"https:\/\/laredlarioja.com.ar\/sitio\/#\/schema\/person\/f1e213867beccedaaa4fb548d9259d9a"},"headline":"M\u00e1s de mil polic\u00edas ser\u00e1n afectados para el partido Boca vs Almagro","datePublished":"2023-09-06T11:46:05+00:00","dateModified":"2023-09-06T22:23:00+00:00","mainEntityOfPage":{"@id":"https:\/\/laredlarioja.com.ar\/sitio\/desde-el-gobierno-desalientan-los-acampes-para-la-compra-de-entradas-del-partido-boca-vs-almagro\/"},"wordCount":235,"publisher":{"@id":"https:\/\/laredlarioja.com.ar\/sitio\/#organization"},"image":{"@id":"https:\/\/laredlarioja.com.ar\/sitio\/desde-el-gobierno-desalientan-los-acampes-para-la-compra-de-entradas-del-partido-boca-vs-almagro\/#primaryimage"},"thumbnailUrl":"https:\/\/laredlarioja.com.ar\/sitio\/wp-content\/uploads\/2023\/09\/superdomo.jpg","articleSection":["Locales","Tapa"],"inLanguage":"es"},{"@type":"WebPage","@id":"https:\/\/laredlarioja.com.ar\/sitio\/desde-el-gobierno-desalientan-los-acampes-para-la-compra-de-entradas-del-partido-boca-vs-almagro\/","url":"https:\/\/laredlarioja.com.ar\/sitio\/desde-el-gobierno-desalientan-los-acampes-para-la-compra-de-entradas-del-partido-boca-vs-almagro\/","name":"M\u00e1s de mil polic\u00edas ser\u00e1n afectados para el partido Boca vs Almagro - LA RED 88.3 LA RIOJA","isPartOf":{"@id":"https:\/\/laredlarioja.com.ar\/sitio\/#website"},"primaryImageOfPage":{"@id":"https:\/\/laredlarioja.com.ar\/sitio\/desde-el-gobierno-desalientan-los-acampes-para-la-compra-de-entradas-del-partido-boca-vs-almagro\/#primaryimage"},"image":{"@id":"https:\/\/laredlarioja.com.ar\/sitio\/desde-el-gobierno-desalientan-los-acampes-para-la-compra-de-entradas-del-partido-boca-vs-almagro\/#primaryimage"},"thumbnailUrl":"https:\/\/laredlarioja.com.ar\/sitio\/wp-content\/uploads\/2023\/09\/superdomo.jpg","datePublished":"2023-09-06T11:46:05+00:00","dateModified":"2023-09-06T22:23:00+00:00","breadcrumb":{"@id":"https:\/\/laredlarioja.com.ar\/sitio\/desde-el-gobierno-desalientan-los-acampes-para-la-compra-de-entradas-del-partido-boca-vs-almagro\/#breadcrumb"},"inLanguage":"es","potentialAction":[{"@type":"ReadAction","target":["https:\/\/laredlarioja.com.ar\/sitio\/desde-el-gobierno-desalientan-los-acampes-para-la-compra-de-entradas-del-partido-boca-vs-almagro\/"]}]},{"@type":"ImageObject","inLanguage":"es","@id":"https:\/\/laredlarioja.com.ar\/sitio\/desde-el-gobierno-desalientan-los-acampes-para-la-compra-de-entradas-del-partido-boca-vs-almagro\/#primaryimage","url":"https:\/\/laredlarioja.com.ar\/sitio\/wp-content\/uploads\/2023\/09\/superdomo.jpg","contentUrl":"https:\/\/laredlarioja.com.ar\/sitio\/wp-content\/uploads\/2023\/09\/superdomo.jpg","width":1200,"height":526},{"@type":"BreadcrumbList","@id":"https:\/\/laredlarioja.com.ar\/sitio\/desde-el-gobierno-desalientan-los-acampes-para-la-compra-de-entradas-del-partido-boca-vs-almagro\/#breadcrumb","itemListElement":[{"@type":"ListItem","position":1,"name":"Portada","item":"https:\/\/laredlarioja.com.ar\/sitio\/"},{"@type":"ListItem","position":2,"name":"M\u00e1s de mil polic\u00edas ser\u00e1n afectados para el partido Boca vs Almagro"}]},{"@type":"WebSite","@id":"https:\/\/laredlarioja.com.ar\/sitio\/#website","url":"https:\/\/laredlarioja.com.ar\/sitio\/","name":"LA RED 88.3 LA RIOJA","description":"Sitio de Noticias","publisher":{"@id":"https:\/\/laredlarioja.com.ar\/sitio\/#organization"},"potentialAction":[{"@type":"SearchAction","target":{"@type":"EntryPoint","urlTemplate":"https:\/\/laredlarioja.com.ar\/sitio\/?s={search_term_string}"},"query-input":{"@type":"PropertyValueSpecification","valueRequired":true,"valueName":"search_term_string"}}],"inLanguage":"es"},{"@type":"Organization","@id":"https:\/\/laredlarioja.com.ar\/sitio\/#organization","name":"LA RED 88.3 LA RIOJA","url":"https:\/\/laredlarioja.com.ar\/sitio\/","logo":{"@type":"ImageObject","inLanguage":"es","@id":"https:\/\/laredlarioja.com.ar\/sitio\/#\/schema\/logo\/image\/","url":"https:\/\/laredlarioja.com.ar\/sitio\/wp-content\/uploads\/2025\/05\/LOGO-LA-RED.png","contentUrl":"https:\/\/laredlarioja.com.ar\/sitio\/wp-content\/uploads\/2025\/05\/LOGO-LA-RED.png","width":193,"height":340,"caption":"LA RED 88.3 LA RIOJA"},"image":{"@id":"https:\/\/laredlarioja.com.ar\/sitio\/#\/schema\/logo\/image\/"},"sameAs":["https:\/\/www.facebook.com\/lared.larioja","https:\/\/x.com\/laredlarioja1","https:\/\/www.instagram.com\/lared_larioja\/"]},{"@type":"Person","@id":"https:\/\/laredlarioja.com.ar\/sitio\/#\/schema\/person\/f1e213867beccedaaa4fb548d9259d9a","name":"La Red","url":"https:\/\/laredlarioja.com.ar\/sitio\/author\/lared\/"}]}},"featured_image_urls":{"full":["https:\/\/laredlarioja.com.ar\/sitio\/wp-content\/uploads\/2023\/09\/superdomo.jpg",1200,526,false],"thumbnail":["https:\/\/laredlarioja.com.ar\/sitio\/wp-content\/uploads\/2023\/09\/superdomo-150x150.jpg",150,150,true],"medium":["https:\/\/laredlarioja.com.ar\/sitio\/wp-content\/uploads\/2023\/09\/superdomo-300x132.jpg",300,132,true],"medium_large":["https:\/\/laredlarioja.com.ar\/sitio\/wp-content\/uploads\/2023\/09\/superdomo-768x337.jpg",640,281,true],"large":["https:\/\/laredlarioja.com.ar\/sitio\/wp-content\/uploads\/2023\/09\/superdomo-1024x449.jpg",640,281,true],"1536x1536":["https:\/\/laredlarioja.com.ar\/sitio\/wp-content\/uploads\/2023\/09\/superdomo.jpg",1200,526,false],"2048x2048":["https:\/\/laredlarioja.com.ar\/sitio\/wp-content\/uploads\/2023\/09\/superdomo.jpg",1200,526,false],"cvmm-medium":["https:\/\/laredlarioja.com.ar\/sitio\/wp-content\/uploads\/2023\/09\/superdomo-300x300.jpg",300,300,true],"cvmm-medium-plus":["https:\/\/laredlarioja.com.ar\/sitio\/wp-content\/uploads\/2023\/09\/superdomo-305x207.jpg",305,207,true],"cvmm-portrait":["https:\/\/laredlarioja.com.ar\/sitio\/wp-content\/uploads\/2023\/09\/superdomo-400x526.jpg",400,526,true],"cvmm-medium-square":["https:\/\/laredlarioja.com.ar\/sitio\/wp-content\/uploads\/2023\/09\/superdomo-600x526.jpg",600,526,true],"cvmm-large":["https:\/\/laredlarioja.com.ar\/sitio\/wp-content\/uploads\/2023\/09\/superdomo-1024x526.jpg",1024,526,true],"cvmm-small":["https:\/\/laredlarioja.com.ar\/sitio\/wp-content\/uploads\/2023\/09\/superdomo-130x95.jpg",130,95,true],"morenews-large":["https:\/\/laredlarioja.com.ar\/sitio\/wp-content\/uploads\/2023\/09\/superdomo-825x526.jpg",825,526,true],"morenews-medium":["https:\/\/laredlarioja.com.ar\/sitio\/wp-content\/uploads\/2023\/09\/superdomo-590x410.jpg",590,410,true]},"author_info":{"display_name":"La Red","author_link":"https:\/\/laredlarioja.com.ar\/sitio\/author\/lared\/"},"category_info":"<a href=\"https:\/\/laredlarioja.com.ar\/sitio\/categorias\/locales\/\" rel=\"category tag\">Locales<\/a> <a href=\"https:\/\/laredlarioja.com.ar\/sitio\/categorias\/tapa\/\" rel=\"category tag\">Tapa<\/a>","tag_info":"Tapa","comment_count":"0","blog_post_layout_featured_media_urls":{"thumbnail":["https:\/\/laredlarioja.com.ar\/sitio\/wp-content\/uploads\/2023\/09\/superdomo-150x150.jpg",150,150,true],"full":["https:\/\/laredlarioja.com.ar\/sitio\/wp-content\/uploads\/2023\/09\/superdomo.jpg",1200,526,false]},"categories_names":{"94":{"name":"Locales","link":"https:\/\/laredlarioja.com.ar\/sitio\/categorias\/locales\/"},"100":{"name":"Tapa","link":"https:\/\/laredlarioja.com.ar\/sitio\/categorias\/tapa\/"}},"tags_names":[],"comments_number":"0","wpmagazine_modules_lite_featured_media_urls":{"thumbnail":["https:\/\/laredlarioja.com.ar\/sitio\/wp-content\/uploads\/2023\/09\/superdomo-150x150.jpg",150,150,true],"cvmm-medium":["https:\/\/laredlarioja.com.ar\/sitio\/wp-content\/uploads\/2023\/09\/superdomo-300x300.jpg",300,300,true],"cvmm-medium-plus":["https:\/\/laredlarioja.com.ar\/sitio\/wp-content\/uploads\/2023\/09\/superdomo-305x207.jpg",305,207,true],"cvmm-portrait":["https:\/\/laredlarioja.com.ar\/sitio\/wp-content\/uploads\/2023\/09\/superdomo-400x526.jpg",400,526,true],"cvmm-medium-square":["https:\/\/laredlarioja.com.ar\/sitio\/wp-content\/uploads\/2023\/09\/superdomo-600x526.jpg",600,526,true],"cvmm-large":["https:\/\/laredlarioja.com.ar\/sitio\/wp-content\/uploads\/2023\/09\/superdomo-1024x526.jpg",1024,526,true],"cvmm-small":["https:\/\/laredlarioja.com.ar\/sitio\/wp-content\/uploads\/2023\/09\/superdomo-130x95.jpg",130,95,true],"full":["https:\/\/laredlarioja.com.ar\/sitio\/wp-content\/uploads\/2023\/09\/superdomo.jpg",1200,526,false]},"_links":{"self":[{"href":"https:\/\/laredlarioja.com.ar\/sitio\/wp-json\/wp\/v2\/posts\/35757","targetHints":{"allow":["GET"]}}],"collection":[{"href":"https:\/\/laredlarioja.com.ar\/sitio\/wp-json\/wp\/v2\/posts"}],"about":[{"href":"https:\/\/laredlarioja.com.ar\/sitio\/wp-json\/wp\/v2\/types\/post"}],"author":[{"embeddable":true,"href":"https:\/\/laredlarioja.com.ar\/sitio\/wp-json\/wp\/v2\/users\/10"}],"replies":[{"embeddable":true,"href":"https:\/\/laredlarioja.com.ar\/sitio\/wp-json\/wp\/v2\/comments?post=35757"}],"version-history":[{"count":2,"href":"https:\/\/laredlarioja.com.ar\/sitio\/wp-json\/wp\/v2\/posts\/35757\/revisions"}],"predecessor-version":[{"id":35793,"href":"https:\/\/laredlarioja.com.ar\/sitio\/wp-json\/wp\/v2\/posts\/35757\/revisions\/35793"}],"wp:featuredmedia":[{"embeddable":true,"href":"https:\/\/laredlarioja.com.ar\/sitio\/wp-json\/wp\/v2\/media\/35758"}],"wp:attachment":[{"href":"https:\/\/laredlarioja.com.ar\/sitio\/wp-json\/wp\/v2\/media?parent=35757"}],"wp:term":[{"taxonomy":"category","embeddable":true,"href":"https:\/\/laredlarioja.com.ar\/sitio\/wp-json\/wp\/v2\/categories?post=35757"},{"taxonomy":"post_tag","embeddable":true,"href":"https:\/\/laredlarioja.com.ar\/sitio\/wp-json\/wp\/v2\/tags?post=35757"}],"curies":[{"name":"wp","href":"https:\/\/api.w.org\/{rel}","templated":true}]}}