{"id":37610,"date":"2023-10-20T22:44:20","date_gmt":"2023-10-20T22:44:20","guid":{"rendered":"https:\/\/laredlarioja.com.ar\/sitio\/?p=37610"},"modified":"2023-10-22T11:20:43","modified_gmt":"2023-10-22T11:20:43","slug":"ya-se-encuentran-a-la-venta-las-anticipadas-para-el-2-festival-del-cordero","status":"publish","type":"post","link":"https:\/\/laredlarioja.com.ar\/sitio\/ya-se-encuentran-a-la-venta-las-anticipadas-para-el-2-festival-del-cordero\/","title":{"rendered":"Ya se encuentran a la venta las anticipadas para el 2\u00b0 Festival del Cordero"},"content":{"rendered":"<p>Ser\u00e1 e<strong>l 18 de noviembre<\/strong> pero, en caso de ballotage electoral, la fecha se trasladar\u00e1 a diciembre.<\/p>\n<p>&nbsp;<\/p>\n<p>En r<strong>adio La Red<\/strong> el intendente del departamento Villa Castelli, Luis Orquera, coment\u00f3 que cada anticipada tiene un costo de $4.000 e incluso se la podr\u00e1 comprar en dos cuotas. El d\u00eda del festival tambi\u00e9n se podr\u00e1 adquirir la entrada en la puerta pero tendr\u00e1 un costar\u00e1 de $5.000.<\/p>\n<p>Adem\u00e1s de una extensa grilla de artistas locales, estar\u00e1n presentes Francisco Ben\u00edtez, ganador de La Voz Argentina, y el cierre estelar de la mano de Los Nocheros.<\/p>\n<blockquote><p>\u00abSer\u00e1 una verdadera fiesta que merezca la pena ser vivida por todos los que nos visitan, con muy buen sonido, escenario y pantalla\u00bb, prometi\u00f3 Orquera.<\/p><\/blockquote>\n<p>Recordando la primera edici\u00f3n, el intendente cont\u00f3 que el impacto fue masivo, con un gran nivel de visitaci\u00f3n. Ahora, est\u00e1 segunda edici\u00f3n es el primer festival de esta temporada por lo que la expectativa es muy grande.<\/p>\n<p>Asimismo, consultado sobre la idea de comenzar a realizar este Festival Regional del Cordero, destac\u00f3 que \u00abel cordero de Jag\u00fc\u00e9, no s\u00e9 por qu\u00e9, pero es el m\u00e1s rico del pa\u00eds\u00bb. \u00abTiene una gran calidad por lo que queremos ponerlo en valor difundi\u00e9ndolo a trav\u00e9s de la cultura y el turismo\u00bb, indic\u00f3<\/p>\n<p>\u00abEs una carne magra, de muy buena calidad, es una forma de promocional el cordero en el Valle del Bermejo\u00bb, asegur\u00f3 Orquera.<\/p>\n","protected":false},"excerpt":{"rendered":"<p>Ser\u00e1 el 18 de noviembre pero, en caso de ballotage electoral, la fecha se trasladar\u00e1 a diciembre. &nbsp;<\/p>\n","protected":false},"author":10,"featured_media":37611,"comment_status":"closed","ping_status":"open","sticky":false,"template":"","format":"standard","meta":{"footnotes":""},"categories":[94,1],"tags":[],"class_list":["post-37610","post","type-post","status-publish","format-standard","has-post-thumbnail","hentry","category-locales","category-sin-categoria"],"yoast_head":"<!-- This site is optimized with the Yoast SEO plugin v27.4 - https:\/\/yoast.com\/product\/yoast-seo-wordpress\/ -->\n<title>Ya se encuentran a la venta las anticipadas para el 2\u00b0 Festival del Cordero - LA RED 88.3 LA RIOJA<\/title>\n<meta name=\"robots\" content=\"index, follow, max-snippet:-1, max-image-preview:large, max-video-preview:-1\" \/>\n<link rel=\"canonical\" href=\"https:\/\/laredlarioja.com.ar\/sitio\/ya-se-encuentran-a-la-venta-las-anticipadas-para-el-2-festival-del-cordero\/\" \/>\n<meta property=\"og:locale\" content=\"es_ES\" \/>\n<meta property=\"og:type\" content=\"article\" \/>\n<meta property=\"og:title\" content=\"Ya se encuentran a la venta las anticipadas para el 2\u00b0 Festival del Cordero - LA RED 88.3 LA RIOJA\" \/>\n<meta property=\"og:description\" content=\"Ser\u00e1 el 18 de noviembre pero, en caso de ballotage electoral, la fecha se trasladar\u00e1 a diciembre. &nbsp;\" \/>\n<meta property=\"og:url\" content=\"https:\/\/laredlarioja.com.ar\/sitio\/ya-se-encuentran-a-la-venta-las-anticipadas-para-el-2-festival-del-cordero\/\" \/>\n<meta property=\"og:site_name\" content=\"LA RED 88.3 LA RIOJA\" \/>\n<meta property=\"article:publisher\" content=\"https:\/\/www.facebook.com\/lared.larioja\" \/>\n<meta property=\"article:published_time\" content=\"2023-10-20T22:44:20+00:00\" \/>\n<meta property=\"article:modified_time\" content=\"2023-10-22T11:20:43+00:00\" \/>\n<meta property=\"og:image\" content=\"https:\/\/laredlarioja.com.ar\/sitio\/wp-content\/uploads\/2023\/10\/WhatsApp-Image-2023-10-20-at-19.20.44.jpeg\" \/>\n\t<meta property=\"og:image:width\" content=\"720\" \/>\n\t<meta property=\"og:image:height\" content=\"540\" \/>\n\t<meta property=\"og:image:type\" content=\"image\/jpeg\" \/>\n<meta name=\"author\" content=\"La Red\" \/>\n<meta name=\"twitter:card\" content=\"summary_large_image\" \/>\n<meta name=\"twitter:creator\" content=\"@laredlarioja1\" \/>\n<meta name=\"twitter:site\" content=\"@laredlarioja1\" \/>\n<meta name=\"twitter:label1\" content=\"Escrito por\" \/>\n\t<meta name=\"twitter:data1\" content=\"La Red\" \/>\n\t<meta name=\"twitter:label2\" content=\"Tiempo de lectura\" \/>\n\t<meta name=\"twitter:data2\" content=\"1 minuto\" \/>\n<script type=\"application\/ld+json\" class=\"yoast-schema-graph\">{\"@context\":\"https:\\\/\\\/schema.org\",\"@graph\":[{\"@type\":\"Article\",\"@id\":\"https:\\\/\\\/laredlarioja.com.ar\\\/sitio\\\/ya-se-encuentran-a-la-venta-las-anticipadas-para-el-2-festival-del-cordero\\\/#article\",\"isPartOf\":{\"@id\":\"https:\\\/\\\/laredlarioja.com.ar\\\/sitio\\\/ya-se-encuentran-a-la-venta-las-anticipadas-para-el-2-festival-del-cordero\\\/\"},\"author\":{\"name\":\"La Red\",\"@id\":\"https:\\\/\\\/laredlarioja.com.ar\\\/sitio\\\/#\\\/schema\\\/person\\\/f1e213867beccedaaa4fb548d9259d9a\"},\"headline\":\"Ya se encuentran a la venta las anticipadas para el 2\u00b0 Festival del Cordero\",\"datePublished\":\"2023-10-20T22:44:20+00:00\",\"dateModified\":\"2023-10-22T11:20:43+00:00\",\"mainEntityOfPage\":{\"@id\":\"https:\\\/\\\/laredlarioja.com.ar\\\/sitio\\\/ya-se-encuentran-a-la-venta-las-anticipadas-para-el-2-festival-del-cordero\\\/\"},\"wordCount\":252,\"publisher\":{\"@id\":\"https:\\\/\\\/laredlarioja.com.ar\\\/sitio\\\/#organization\"},\"image\":{\"@id\":\"https:\\\/\\\/laredlarioja.com.ar\\\/sitio\\\/ya-se-encuentran-a-la-venta-las-anticipadas-para-el-2-festival-del-cordero\\\/#primaryimage\"},\"thumbnailUrl\":\"https:\\\/\\\/laredlarioja.com.ar\\\/sitio\\\/wp-content\\\/uploads\\\/2023\\\/10\\\/WhatsApp-Image-2023-10-20-at-19.20.44.jpeg\",\"articleSection\":[\"Locales\"],\"inLanguage\":\"es\"},{\"@type\":\"WebPage\",\"@id\":\"https:\\\/\\\/laredlarioja.com.ar\\\/sitio\\\/ya-se-encuentran-a-la-venta-las-anticipadas-para-el-2-festival-del-cordero\\\/\",\"url\":\"https:\\\/\\\/laredlarioja.com.ar\\\/sitio\\\/ya-se-encuentran-a-la-venta-las-anticipadas-para-el-2-festival-del-cordero\\\/\",\"name\":\"Ya se encuentran a la venta las anticipadas para el 2\u00b0 Festival del Cordero - LA RED 88.3 LA RIOJA\",\"isPartOf\":{\"@id\":\"https:\\\/\\\/laredlarioja.com.ar\\\/sitio\\\/#website\"},\"primaryImageOfPage\":{\"@id\":\"https:\\\/\\\/laredlarioja.com.ar\\\/sitio\\\/ya-se-encuentran-a-la-venta-las-anticipadas-para-el-2-festival-del-cordero\\\/#primaryimage\"},\"image\":{\"@id\":\"https:\\\/\\\/laredlarioja.com.ar\\\/sitio\\\/ya-se-encuentran-a-la-venta-las-anticipadas-para-el-2-festival-del-cordero\\\/#primaryimage\"},\"thumbnailUrl\":\"https:\\\/\\\/laredlarioja.com.ar\\\/sitio\\\/wp-content\\\/uploads\\\/2023\\\/10\\\/WhatsApp-Image-2023-10-20-at-19.20.44.jpeg\",\"datePublished\":\"2023-10-20T22:44:20+00:00\",\"dateModified\":\"2023-10-22T11:20:43+00:00\",\"breadcrumb\":{\"@id\":\"https:\\\/\\\/laredlarioja.com.ar\\\/sitio\\\/ya-se-encuentran-a-la-venta-las-anticipadas-para-el-2-festival-del-cordero\\\/#breadcrumb\"},\"inLanguage\":\"es\",\"potentialAction\":[{\"@type\":\"ReadAction\",\"target\":[\"https:\\\/\\\/laredlarioja.com.ar\\\/sitio\\\/ya-se-encuentran-a-la-venta-las-anticipadas-para-el-2-festival-del-cordero\\\/\"]}]},{\"@type\":\"ImageObject\",\"inLanguage\":\"es\",\"@id\":\"https:\\\/\\\/laredlarioja.com.ar\\\/sitio\\\/ya-se-encuentran-a-la-venta-las-anticipadas-para-el-2-festival-del-cordero\\\/#primaryimage\",\"url\":\"https:\\\/\\\/laredlarioja.com.ar\\\/sitio\\\/wp-content\\\/uploads\\\/2023\\\/10\\\/WhatsApp-Image-2023-10-20-at-19.20.44.jpeg\",\"contentUrl\":\"https:\\\/\\\/laredlarioja.com.ar\\\/sitio\\\/wp-content\\\/uploads\\\/2023\\\/10\\\/WhatsApp-Image-2023-10-20-at-19.20.44.jpeg\",\"width\":720,\"height\":540},{\"@type\":\"BreadcrumbList\",\"@id\":\"https:\\\/\\\/laredlarioja.com.ar\\\/sitio\\\/ya-se-encuentran-a-la-venta-las-anticipadas-para-el-2-festival-del-cordero\\\/#breadcrumb\",\"itemListElement\":[{\"@type\":\"ListItem\",\"position\":1,\"name\":\"Portada\",\"item\":\"https:\\\/\\\/laredlarioja.com.ar\\\/sitio\\\/\"},{\"@type\":\"ListItem\",\"position\":2,\"name\":\"Ya se encuentran a la venta las anticipadas para el 2\u00b0 Festival del Cordero\"}]},{\"@type\":\"WebSite\",\"@id\":\"https:\\\/\\\/laredlarioja.com.ar\\\/sitio\\\/#website\",\"url\":\"https:\\\/\\\/laredlarioja.com.ar\\\/sitio\\\/\",\"name\":\"LA RED 88.3 LA RIOJA\",\"description\":\"Sitio de Noticias\",\"publisher\":{\"@id\":\"https:\\\/\\\/laredlarioja.com.ar\\\/sitio\\\/#organization\"},\"potentialAction\":[{\"@type\":\"SearchAction\",\"target\":{\"@type\":\"EntryPoint\",\"urlTemplate\":\"https:\\\/\\\/laredlarioja.com.ar\\\/sitio\\\/?s={search_term_string}\"},\"query-input\":{\"@type\":\"PropertyValueSpecification\",\"valueRequired\":true,\"valueName\":\"search_term_string\"}}],\"inLanguage\":\"es\"},{\"@type\":\"Organization\",\"@id\":\"https:\\\/\\\/laredlarioja.com.ar\\\/sitio\\\/#organization\",\"name\":\"LA RED 88.3 LA RIOJA\",\"url\":\"https:\\\/\\\/laredlarioja.com.ar\\\/sitio\\\/\",\"logo\":{\"@type\":\"ImageObject\",\"inLanguage\":\"es\",\"@id\":\"https:\\\/\\\/laredlarioja.com.ar\\\/sitio\\\/#\\\/schema\\\/logo\\\/image\\\/\",\"url\":\"https:\\\/\\\/laredlarioja.com.ar\\\/sitio\\\/wp-content\\\/uploads\\\/2025\\\/05\\\/LOGO-LA-RED.png\",\"contentUrl\":\"https:\\\/\\\/laredlarioja.com.ar\\\/sitio\\\/wp-content\\\/uploads\\\/2025\\\/05\\\/LOGO-LA-RED.png\",\"width\":193,\"height\":340,\"caption\":\"LA RED 88.3 LA RIOJA\"},\"image\":{\"@id\":\"https:\\\/\\\/laredlarioja.com.ar\\\/sitio\\\/#\\\/schema\\\/logo\\\/image\\\/\"},\"sameAs\":[\"https:\\\/\\\/www.facebook.com\\\/lared.larioja\",\"https:\\\/\\\/x.com\\\/laredlarioja1\",\"https:\\\/\\\/www.instagram.com\\\/lared_larioja\\\/\"]},{\"@type\":\"Person\",\"@id\":\"https:\\\/\\\/laredlarioja.com.ar\\\/sitio\\\/#\\\/schema\\\/person\\\/f1e213867beccedaaa4fb548d9259d9a\",\"name\":\"La Red\",\"url\":\"https:\\\/\\\/laredlarioja.com.ar\\\/sitio\\\/author\\\/lared\\\/\"}]}<\/script>\n<!-- \/ Yoast SEO plugin. -->","yoast_head_json":{"title":"Ya se encuentran a la venta las anticipadas para el 2\u00b0 Festival del Cordero - LA RED 88.3 LA RIOJA","robots":{"index":"index","follow":"follow","max-snippet":"max-snippet:-1","max-image-preview":"max-image-preview:large","max-video-preview":"max-video-preview:-1"},"canonical":"https:\/\/laredlarioja.com.ar\/sitio\/ya-se-encuentran-a-la-venta-las-anticipadas-para-el-2-festival-del-cordero\/","og_locale":"es_ES","og_type":"article","og_title":"Ya se encuentran a la venta las anticipadas para el 2\u00b0 Festival del Cordero - LA RED 88.3 LA RIOJA","og_description":"Ser\u00e1 el 18 de noviembre pero, en caso de ballotage electoral, la fecha se trasladar\u00e1 a diciembre. &nbsp;","og_url":"https:\/\/laredlarioja.com.ar\/sitio\/ya-se-encuentran-a-la-venta-las-anticipadas-para-el-2-festival-del-cordero\/","og_site_name":"LA RED 88.3 LA RIOJA","article_publisher":"https:\/\/www.facebook.com\/lared.larioja","article_published_time":"2023-10-20T22:44:20+00:00","article_modified_time":"2023-10-22T11:20:43+00:00","og_image":[{"width":720,"height":540,"url":"https:\/\/laredlarioja.com.ar\/sitio\/wp-content\/uploads\/2023\/10\/WhatsApp-Image-2023-10-20-at-19.20.44.jpeg","type":"image\/jpeg"}],"author":"La Red","twitter_card":"summary_large_image","twitter_creator":"@laredlarioja1","twitter_site":"@laredlarioja1","twitter_misc":{"Escrito por":"La Red","Tiempo de lectura":"1 minuto"},"schema":{"@context":"https:\/\/schema.org","@graph":[{"@type":"Article","@id":"https:\/\/laredlarioja.com.ar\/sitio\/ya-se-encuentran-a-la-venta-las-anticipadas-para-el-2-festival-del-cordero\/#article","isPartOf":{"@id":"https:\/\/laredlarioja.com.ar\/sitio\/ya-se-encuentran-a-la-venta-las-anticipadas-para-el-2-festival-del-cordero\/"},"author":{"name":"La Red","@id":"https:\/\/laredlarioja.com.ar\/sitio\/#\/schema\/person\/f1e213867beccedaaa4fb548d9259d9a"},"headline":"Ya se encuentran a la venta las anticipadas para el 2\u00b0 Festival del Cordero","datePublished":"2023-10-20T22:44:20+00:00","dateModified":"2023-10-22T11:20:43+00:00","mainEntityOfPage":{"@id":"https:\/\/laredlarioja.com.ar\/sitio\/ya-se-encuentran-a-la-venta-las-anticipadas-para-el-2-festival-del-cordero\/"},"wordCount":252,"publisher":{"@id":"https:\/\/laredlarioja.com.ar\/sitio\/#organization"},"image":{"@id":"https:\/\/laredlarioja.com.ar\/sitio\/ya-se-encuentran-a-la-venta-las-anticipadas-para-el-2-festival-del-cordero\/#primaryimage"},"thumbnailUrl":"https:\/\/laredlarioja.com.ar\/sitio\/wp-content\/uploads\/2023\/10\/WhatsApp-Image-2023-10-20-at-19.20.44.jpeg","articleSection":["Locales"],"inLanguage":"es"},{"@type":"WebPage","@id":"https:\/\/laredlarioja.com.ar\/sitio\/ya-se-encuentran-a-la-venta-las-anticipadas-para-el-2-festival-del-cordero\/","url":"https:\/\/laredlarioja.com.ar\/sitio\/ya-se-encuentran-a-la-venta-las-anticipadas-para-el-2-festival-del-cordero\/","name":"Ya se encuentran a la venta las anticipadas para el 2\u00b0 Festival del Cordero - LA RED 88.3 LA RIOJA","isPartOf":{"@id":"https:\/\/laredlarioja.com.ar\/sitio\/#website"},"primaryImageOfPage":{"@id":"https:\/\/laredlarioja.com.ar\/sitio\/ya-se-encuentran-a-la-venta-las-anticipadas-para-el-2-festival-del-cordero\/#primaryimage"},"image":{"@id":"https:\/\/laredlarioja.com.ar\/sitio\/ya-se-encuentran-a-la-venta-las-anticipadas-para-el-2-festival-del-cordero\/#primaryimage"},"thumbnailUrl":"https:\/\/laredlarioja.com.ar\/sitio\/wp-content\/uploads\/2023\/10\/WhatsApp-Image-2023-10-20-at-19.20.44.jpeg","datePublished":"2023-10-20T22:44:20+00:00","dateModified":"2023-10-22T11:20:43+00:00","breadcrumb":{"@id":"https:\/\/laredlarioja.com.ar\/sitio\/ya-se-encuentran-a-la-venta-las-anticipadas-para-el-2-festival-del-cordero\/#breadcrumb"},"inLanguage":"es","potentialAction":[{"@type":"ReadAction","target":["https:\/\/laredlarioja.com.ar\/sitio\/ya-se-encuentran-a-la-venta-las-anticipadas-para-el-2-festival-del-cordero\/"]}]},{"@type":"ImageObject","inLanguage":"es","@id":"https:\/\/laredlarioja.com.ar\/sitio\/ya-se-encuentran-a-la-venta-las-anticipadas-para-el-2-festival-del-cordero\/#primaryimage","url":"https:\/\/laredlarioja.com.ar\/sitio\/wp-content\/uploads\/2023\/10\/WhatsApp-Image-2023-10-20-at-19.20.44.jpeg","contentUrl":"https:\/\/laredlarioja.com.ar\/sitio\/wp-content\/uploads\/2023\/10\/WhatsApp-Image-2023-10-20-at-19.20.44.jpeg","width":720,"height":540},{"@type":"BreadcrumbList","@id":"https:\/\/laredlarioja.com.ar\/sitio\/ya-se-encuentran-a-la-venta-las-anticipadas-para-el-2-festival-del-cordero\/#breadcrumb","itemListElement":[{"@type":"ListItem","position":1,"name":"Portada","item":"https:\/\/laredlarioja.com.ar\/sitio\/"},{"@type":"ListItem","position":2,"name":"Ya se encuentran a la venta las anticipadas para el 2\u00b0 Festival del Cordero"}]},{"@type":"WebSite","@id":"https:\/\/laredlarioja.com.ar\/sitio\/#website","url":"https:\/\/laredlarioja.com.ar\/sitio\/","name":"LA RED 88.3 LA RIOJA","description":"Sitio de Noticias","publisher":{"@id":"https:\/\/laredlarioja.com.ar\/sitio\/#organization"},"potentialAction":[{"@type":"SearchAction","target":{"@type":"EntryPoint","urlTemplate":"https:\/\/laredlarioja.com.ar\/sitio\/?s={search_term_string}"},"query-input":{"@type":"PropertyValueSpecification","valueRequired":true,"valueName":"search_term_string"}}],"inLanguage":"es"},{"@type":"Organization","@id":"https:\/\/laredlarioja.com.ar\/sitio\/#organization","name":"LA RED 88.3 LA RIOJA","url":"https:\/\/laredlarioja.com.ar\/sitio\/","logo":{"@type":"ImageObject","inLanguage":"es","@id":"https:\/\/laredlarioja.com.ar\/sitio\/#\/schema\/logo\/image\/","url":"https:\/\/laredlarioja.com.ar\/sitio\/wp-content\/uploads\/2025\/05\/LOGO-LA-RED.png","contentUrl":"https:\/\/laredlarioja.com.ar\/sitio\/wp-content\/uploads\/2025\/05\/LOGO-LA-RED.png","width":193,"height":340,"caption":"LA RED 88.3 LA RIOJA"},"image":{"@id":"https:\/\/laredlarioja.com.ar\/sitio\/#\/schema\/logo\/image\/"},"sameAs":["https:\/\/www.facebook.com\/lared.larioja","https:\/\/x.com\/laredlarioja1","https:\/\/www.instagram.com\/lared_larioja\/"]},{"@type":"Person","@id":"https:\/\/laredlarioja.com.ar\/sitio\/#\/schema\/person\/f1e213867beccedaaa4fb548d9259d9a","name":"La Red","url":"https:\/\/laredlarioja.com.ar\/sitio\/author\/lared\/"}]}},"featured_image_urls":{"full":["https:\/\/laredlarioja.com.ar\/sitio\/wp-content\/uploads\/2023\/10\/WhatsApp-Image-2023-10-20-at-19.20.44.jpeg",720,540,false],"thumbnail":["https:\/\/laredlarioja.com.ar\/sitio\/wp-content\/uploads\/2023\/10\/WhatsApp-Image-2023-10-20-at-19.20.44-150x150.jpeg",150,150,true],"medium":["https:\/\/laredlarioja.com.ar\/sitio\/wp-content\/uploads\/2023\/10\/WhatsApp-Image-2023-10-20-at-19.20.44-300x225.jpeg",300,225,true],"medium_large":["https:\/\/laredlarioja.com.ar\/sitio\/wp-content\/uploads\/2023\/10\/WhatsApp-Image-2023-10-20-at-19.20.44.jpeg",640,480,false],"large":["https:\/\/laredlarioja.com.ar\/sitio\/wp-content\/uploads\/2023\/10\/WhatsApp-Image-2023-10-20-at-19.20.44.jpeg",640,480,false],"1536x1536":["https:\/\/laredlarioja.com.ar\/sitio\/wp-content\/uploads\/2023\/10\/WhatsApp-Image-2023-10-20-at-19.20.44.jpeg",720,540,false],"2048x2048":["https:\/\/laredlarioja.com.ar\/sitio\/wp-content\/uploads\/2023\/10\/WhatsApp-Image-2023-10-20-at-19.20.44.jpeg",720,540,false],"cvmm-medium":["https:\/\/laredlarioja.com.ar\/sitio\/wp-content\/uploads\/2023\/10\/WhatsApp-Image-2023-10-20-at-19.20.44-300x300.jpeg",300,300,true],"cvmm-medium-plus":["https:\/\/laredlarioja.com.ar\/sitio\/wp-content\/uploads\/2023\/10\/WhatsApp-Image-2023-10-20-at-19.20.44-305x207.jpeg",305,207,true],"cvmm-portrait":["https:\/\/laredlarioja.com.ar\/sitio\/wp-content\/uploads\/2023\/10\/WhatsApp-Image-2023-10-20-at-19.20.44-400x540.jpeg",400,540,true],"cvmm-medium-square":["https:\/\/laredlarioja.com.ar\/sitio\/wp-content\/uploads\/2023\/10\/WhatsApp-Image-2023-10-20-at-19.20.44-600x540.jpeg",600,540,true],"cvmm-large":["https:\/\/laredlarioja.com.ar\/sitio\/wp-content\/uploads\/2023\/10\/WhatsApp-Image-2023-10-20-at-19.20.44.jpeg",720,540,false],"cvmm-small":["https:\/\/laredlarioja.com.ar\/sitio\/wp-content\/uploads\/2023\/10\/WhatsApp-Image-2023-10-20-at-19.20.44-130x95.jpeg",130,95,true],"morenews-large":["https:\/\/laredlarioja.com.ar\/sitio\/wp-content\/uploads\/2023\/10\/WhatsApp-Image-2023-10-20-at-19.20.44.jpeg",720,540,false],"morenews-medium":["https:\/\/laredlarioja.com.ar\/sitio\/wp-content\/uploads\/2023\/10\/WhatsApp-Image-2023-10-20-at-19.20.44-590x410.jpeg",590,410,true]},"author_info":{"display_name":"La Red","author_link":"https:\/\/laredlarioja.com.ar\/sitio\/author\/lared\/"},"category_info":"<a href=\"https:\/\/laredlarioja.com.ar\/sitio\/categorias\/locales\/\" rel=\"category tag\">Locales<\/a> <a href=\"https:\/\/laredlarioja.com.ar\/sitio\/categorias\/sin-categoria\/\" rel=\"category tag\">Sin categor\u00eda<\/a>","tag_info":"Sin categor\u00eda","comment_count":"0","blog_post_layout_featured_media_urls":{"thumbnail":["https:\/\/laredlarioja.com.ar\/sitio\/wp-content\/uploads\/2023\/10\/WhatsApp-Image-2023-10-20-at-19.20.44-150x150.jpeg",150,150,true],"full":["https:\/\/laredlarioja.com.ar\/sitio\/wp-content\/uploads\/2023\/10\/WhatsApp-Image-2023-10-20-at-19.20.44.jpeg",720,540,false]},"categories_names":{"94":{"name":"Locales","link":"https:\/\/laredlarioja.com.ar\/sitio\/categorias\/locales\/"},"1":{"name":"Sin categor\u00eda","link":"https:\/\/laredlarioja.com.ar\/sitio\/categorias\/sin-categoria\/"}},"tags_names":[],"comments_number":"0","wpmagazine_modules_lite_featured_media_urls":{"thumbnail":["https:\/\/laredlarioja.com.ar\/sitio\/wp-content\/uploads\/2023\/10\/WhatsApp-Image-2023-10-20-at-19.20.44-150x150.jpeg",150,150,true],"cvmm-medium":["https:\/\/laredlarioja.com.ar\/sitio\/wp-content\/uploads\/2023\/10\/WhatsApp-Image-2023-10-20-at-19.20.44-300x300.jpeg",300,300,true],"cvmm-medium-plus":["https:\/\/laredlarioja.com.ar\/sitio\/wp-content\/uploads\/2023\/10\/WhatsApp-Image-2023-10-20-at-19.20.44-305x207.jpeg",305,207,true],"cvmm-portrait":["https:\/\/laredlarioja.com.ar\/sitio\/wp-content\/uploads\/2023\/10\/WhatsApp-Image-2023-10-20-at-19.20.44-400x540.jpeg",400,540,true],"cvmm-medium-square":["https:\/\/laredlarioja.com.ar\/sitio\/wp-content\/uploads\/2023\/10\/WhatsApp-Image-2023-10-20-at-19.20.44-600x540.jpeg",600,540,true],"cvmm-large":["https:\/\/laredlarioja.com.ar\/sitio\/wp-content\/uploads\/2023\/10\/WhatsApp-Image-2023-10-20-at-19.20.44.jpeg",720,540,false],"cvmm-small":["https:\/\/laredlarioja.com.ar\/sitio\/wp-content\/uploads\/2023\/10\/WhatsApp-Image-2023-10-20-at-19.20.44-130x95.jpeg",130,95,true],"full":["https:\/\/laredlarioja.com.ar\/sitio\/wp-content\/uploads\/2023\/10\/WhatsApp-Image-2023-10-20-at-19.20.44.jpeg",720,540,false]},"_links":{"self":[{"href":"https:\/\/laredlarioja.com.ar\/sitio\/wp-json\/wp\/v2\/posts\/37610","targetHints":{"allow":["GET"]}}],"collection":[{"href":"https:\/\/laredlarioja.com.ar\/sitio\/wp-json\/wp\/v2\/posts"}],"about":[{"href":"https:\/\/laredlarioja.com.ar\/sitio\/wp-json\/wp\/v2\/types\/post"}],"author":[{"embeddable":true,"href":"https:\/\/laredlarioja.com.ar\/sitio\/wp-json\/wp\/v2\/users\/10"}],"replies":[{"embeddable":true,"href":"https:\/\/laredlarioja.com.ar\/sitio\/wp-json\/wp\/v2\/comments?post=37610"}],"version-history":[{"count":1,"href":"https:\/\/laredlarioja.com.ar\/sitio\/wp-json\/wp\/v2\/posts\/37610\/revisions"}],"predecessor-version":[{"id":37612,"href":"https:\/\/laredlarioja.com.ar\/sitio\/wp-json\/wp\/v2\/posts\/37610\/revisions\/37612"}],"wp:featuredmedia":[{"embeddable":true,"href":"https:\/\/laredlarioja.com.ar\/sitio\/wp-json\/wp\/v2\/media\/37611"}],"wp:attachment":[{"href":"https:\/\/laredlarioja.com.ar\/sitio\/wp-json\/wp\/v2\/media?parent=37610"}],"wp:term":[{"taxonomy":"category","embeddable":true,"href":"https:\/\/laredlarioja.com.ar\/sitio\/wp-json\/wp\/v2\/categories?post=37610"},{"taxonomy":"post_tag","embeddable":true,"href":"https:\/\/laredlarioja.com.ar\/sitio\/wp-json\/wp\/v2\/tags?post=37610"}],"curies":[{"name":"wp","href":"https:\/\/api.w.org\/{rel}","templated":true}]}}