{"id":37635,"date":"2023-10-21T18:29:33","date_gmt":"2023-10-21T18:29:33","guid":{"rendered":"https:\/\/laredlarioja.com.ar\/sitio\/?p=37635"},"modified":"2023-10-22T12:33:43","modified_gmt":"2023-10-22T12:33:43","slug":"voto-en-blanco-como-se-contabilizara-en-las-elecciones-generales","status":"publish","type":"post","link":"https:\/\/laredlarioja.com.ar\/sitio\/voto-en-blanco-como-se-contabilizara-en-las-elecciones-generales\/","title":{"rendered":"C\u00f3mo se contabiliza el voto en blanco en las elecciones generales"},"content":{"rendered":"<p>Este domingo se celebran las elecciones generales y una de las dudas m\u00e1s frecuentes a la hora de entrar al cuarto oscuro es c\u00f3mo se contabiliza el voto en blanco en los comicios generales, y si favorece o no a alguno de los candidatos.<\/p>\n<p>En este sentido, <strong>La Red arm\u00f3 un explicativo en donde se destaca que los votos en blanco no se cuentan de la misma manera en las elecciones Primarias, Abiertas Simult\u00e1neas y Obligatorias (PASO) que en las elecciones generales<\/strong>.<\/p>\n<p>Es preciso resaltar que en las primarias, de acuerdo con la ley, las listas deben superar el umbral del 1,5% de los votos v\u00e1lidamente emitidos, que incluyen tanto los votos afirmativos como los votos en blanco. Por lo tanto, el porcentaje de votos en blanco se suma al total de sufragios de las diferentes listas. Es decir, los votos se contabilizan sobre la base de los votos v\u00e1lidos, lo que implica que los votos en blanco son considerados en el conteo final.<\/p>\n<p>En tanto en las elecciones generales el conteo es distinto.<strong> La Constituci\u00f3n nacional, desde 1994, establece que los votos se deben contar sobre los \u201cvotos afirmativos v\u00e1lidamente emitidos\u201d<\/strong>, es decir, los que eligen a una boleta de candidatos. Por eso, en las elecciones generales el universo se achica: para calcular los porcentajes s\u00f3lo se cuentan los afirmativos y se excluyen los votos en blanco.<\/p>\n<p><strong>Al excluir del conteo los votos en blanco en las generales, una agrupaci\u00f3n tiene una mayor probabilidad de alcanzar el umbral del 40% o 45% necesario para ganar en primera vuelta, en comparaci\u00f3n con si se contabilizaran todos los votos v\u00e1lidos.<\/strong> Esto significa que, con la misma cantidad de votos, una agrupaci\u00f3n obtiene un porcentaje mayor en las elecciones generales que en las PASO.<\/p>\n<p><strong>\u00bfQu\u00e9 es el voto en blanco?<\/strong><br \/>\nEs un voto \u201cv\u00e1lido\u201d, ya que, como explica la C\u00e1mara Nacional Electoral, \u201crepresenta una manifestaci\u00f3n de la voluntad del electorado de abstenerse de elegir entre las diversas propuestas formuladas en un sistema legal de sufragio\u201d. La C\u00e1mara entiende que el votante expresa as\u00ed <strong>\u201csu disconformidad con todos los candidatos y con las propuestas formuladas por los partidos pol\u00edticos\u201d.<\/strong> Esto lo diferencia de los votos nulos, impugnados o recurridos.<\/p>\n<p>Los votos v\u00e1lidos se dividen en 2: los afirmativos, es decir, los que eligen a alguna de las opciones electorales disponibles, y los blancos, cuando en la urna se deposita el sobre vac\u00edo o con un papel de cualquier color sin inscripciones ni im\u00e1genes.<\/p>\n<p><strong>\u00bfC\u00f3mo funciona esto en un ejemplo concreto?<\/strong><br \/>\nSupongamos una elecci\u00f3n con 10 votos y 3 candidatos: el candidato A, el B y el C.<\/p>\n<p>En las PASO, hubo 3 votos para el A, 2 para el B y uno para el C. Los 4 votos restantes fueron en blanco. As\u00ed, los resultados ser\u00edan:<\/p>\n<p><strong>A: 30% de los votos (3 de 10 votos v\u00e1lidos). <\/strong><br \/>\n<strong>B: 20% de los votos (2 de 10). <\/strong><br \/>\n<strong>C: 10% de los votos (1 de 10). <\/strong><br \/>\n<strong>Voto en blanco: 40% (4 de 10).<\/strong><br \/>\nDos meses m\u00e1s tarde se celebran las elecciones generales sin cambios en ninguno de los 10 votos. Los porcentajes finales ser\u00edan:<\/p>\n<p><strong>A: 50% (3 de 6 votos afirmativos v\u00e1lidos).<\/strong><br \/>\n<strong>B: 33,3% (2 de 6).<\/strong><br \/>\n<strong>C: 16,7% (1 de 6).<\/strong><br \/>\nVoto en blanco: 4 votos que son excluidos del conteo final porque no son afirmativos.<br \/>\n\u00bfPor qu\u00e9 es importante esta diferencia? Porque para ganar en primera vuelta, el candidato debe superar el 45% de los votos afirmativos y v\u00e1lidamente emitidos, o bien debe obtener m\u00e1s del 40% de los votos afirmativos y v\u00e1lidos, y adem\u00e1s, superar al segundo candidato en m\u00e1s de diez puntos porcentuales.<\/p>\n","protected":false},"excerpt":{"rendered":"<p>Este domingo se celebran las elecciones generales y una de las dudas m\u00e1s frecuentes a la hora de<\/p>\n","protected":false},"author":7,"featured_media":37636,"comment_status":"closed","ping_status":"open","sticky":false,"template":"","format":"standard","meta":{"footnotes":""},"categories":[94],"tags":[],"class_list":["post-37635","post","type-post","status-publish","format-standard","has-post-thumbnail","hentry","category-locales"],"yoast_head":"<!-- This site is optimized with the Yoast SEO plugin v27.4 - https:\/\/yoast.com\/product\/yoast-seo-wordpress\/ -->\n<title>C\u00f3mo se contabiliza el voto en blanco en las elecciones generales - LA RED 88.3 LA RIOJA<\/title>\n<meta name=\"robots\" content=\"index, follow, max-snippet:-1, max-image-preview:large, max-video-preview:-1\" \/>\n<link rel=\"canonical\" href=\"https:\/\/laredlarioja.com.ar\/sitio\/voto-en-blanco-como-se-contabilizara-en-las-elecciones-generales\/\" \/>\n<meta property=\"og:locale\" content=\"es_ES\" \/>\n<meta property=\"og:type\" content=\"article\" \/>\n<meta property=\"og:title\" content=\"C\u00f3mo se contabiliza el voto en blanco en las elecciones generales - LA RED 88.3 LA RIOJA\" \/>\n<meta property=\"og:description\" content=\"Este domingo se celebran las elecciones generales y una de las dudas m\u00e1s frecuentes a la hora de\" \/>\n<meta property=\"og:url\" content=\"https:\/\/laredlarioja.com.ar\/sitio\/voto-en-blanco-como-se-contabilizara-en-las-elecciones-generales\/\" \/>\n<meta property=\"og:site_name\" content=\"LA RED 88.3 LA RIOJA\" \/>\n<meta property=\"article:publisher\" content=\"https:\/\/www.facebook.com\/lared.larioja\" \/>\n<meta property=\"article:published_time\" content=\"2023-10-21T18:29:33+00:00\" \/>\n<meta property=\"article:modified_time\" content=\"2023-10-22T12:33:43+00:00\" \/>\n<meta property=\"og:image\" content=\"https:\/\/laredlarioja.com.ar\/sitio\/wp-content\/uploads\/2023\/10\/1697575563.jpeg\" \/>\n\t<meta property=\"og:image:width\" content=\"948\" \/>\n\t<meta property=\"og:image:height\" content=\"533\" \/>\n\t<meta property=\"og:image:type\" content=\"image\/jpeg\" \/>\n<meta name=\"author\" content=\"Anabella Soria\" \/>\n<meta name=\"twitter:card\" content=\"summary_large_image\" \/>\n<meta name=\"twitter:creator\" content=\"@laredlarioja1\" \/>\n<meta name=\"twitter:site\" content=\"@laredlarioja1\" \/>\n<meta name=\"twitter:label1\" content=\"Escrito por\" \/>\n\t<meta name=\"twitter:data1\" content=\"Anabella Soria\" \/>\n\t<meta name=\"twitter:label2\" content=\"Tiempo de lectura\" \/>\n\t<meta name=\"twitter:data2\" content=\"3 minutos\" \/>\n<script type=\"application\/ld+json\" class=\"yoast-schema-graph\">{\"@context\":\"https:\\\/\\\/schema.org\",\"@graph\":[{\"@type\":\"Article\",\"@id\":\"https:\\\/\\\/laredlarioja.com.ar\\\/sitio\\\/voto-en-blanco-como-se-contabilizara-en-las-elecciones-generales\\\/#article\",\"isPartOf\":{\"@id\":\"https:\\\/\\\/laredlarioja.com.ar\\\/sitio\\\/voto-en-blanco-como-se-contabilizara-en-las-elecciones-generales\\\/\"},\"author\":{\"name\":\"Anabella Soria\",\"@id\":\"https:\\\/\\\/laredlarioja.com.ar\\\/sitio\\\/#\\\/schema\\\/person\\\/31f88059d20c5cf06e974fd895aec56e\"},\"headline\":\"C\u00f3mo se contabiliza el voto en blanco en las elecciones generales\",\"datePublished\":\"2023-10-21T18:29:33+00:00\",\"dateModified\":\"2023-10-22T12:33:43+00:00\",\"mainEntityOfPage\":{\"@id\":\"https:\\\/\\\/laredlarioja.com.ar\\\/sitio\\\/voto-en-blanco-como-se-contabilizara-en-las-elecciones-generales\\\/\"},\"wordCount\":609,\"publisher\":{\"@id\":\"https:\\\/\\\/laredlarioja.com.ar\\\/sitio\\\/#organization\"},\"image\":{\"@id\":\"https:\\\/\\\/laredlarioja.com.ar\\\/sitio\\\/voto-en-blanco-como-se-contabilizara-en-las-elecciones-generales\\\/#primaryimage\"},\"thumbnailUrl\":\"https:\\\/\\\/laredlarioja.com.ar\\\/sitio\\\/wp-content\\\/uploads\\\/2023\\\/10\\\/1697575563.jpeg\",\"articleSection\":[\"Locales\"],\"inLanguage\":\"es\"},{\"@type\":\"WebPage\",\"@id\":\"https:\\\/\\\/laredlarioja.com.ar\\\/sitio\\\/voto-en-blanco-como-se-contabilizara-en-las-elecciones-generales\\\/\",\"url\":\"https:\\\/\\\/laredlarioja.com.ar\\\/sitio\\\/voto-en-blanco-como-se-contabilizara-en-las-elecciones-generales\\\/\",\"name\":\"C\u00f3mo se contabiliza el voto en blanco en las elecciones generales - LA RED 88.3 LA RIOJA\",\"isPartOf\":{\"@id\":\"https:\\\/\\\/laredlarioja.com.ar\\\/sitio\\\/#website\"},\"primaryImageOfPage\":{\"@id\":\"https:\\\/\\\/laredlarioja.com.ar\\\/sitio\\\/voto-en-blanco-como-se-contabilizara-en-las-elecciones-generales\\\/#primaryimage\"},\"image\":{\"@id\":\"https:\\\/\\\/laredlarioja.com.ar\\\/sitio\\\/voto-en-blanco-como-se-contabilizara-en-las-elecciones-generales\\\/#primaryimage\"},\"thumbnailUrl\":\"https:\\\/\\\/laredlarioja.com.ar\\\/sitio\\\/wp-content\\\/uploads\\\/2023\\\/10\\\/1697575563.jpeg\",\"datePublished\":\"2023-10-21T18:29:33+00:00\",\"dateModified\":\"2023-10-22T12:33:43+00:00\",\"breadcrumb\":{\"@id\":\"https:\\\/\\\/laredlarioja.com.ar\\\/sitio\\\/voto-en-blanco-como-se-contabilizara-en-las-elecciones-generales\\\/#breadcrumb\"},\"inLanguage\":\"es\",\"potentialAction\":[{\"@type\":\"ReadAction\",\"target\":[\"https:\\\/\\\/laredlarioja.com.ar\\\/sitio\\\/voto-en-blanco-como-se-contabilizara-en-las-elecciones-generales\\\/\"]}]},{\"@type\":\"ImageObject\",\"inLanguage\":\"es\",\"@id\":\"https:\\\/\\\/laredlarioja.com.ar\\\/sitio\\\/voto-en-blanco-como-se-contabilizara-en-las-elecciones-generales\\\/#primaryimage\",\"url\":\"https:\\\/\\\/laredlarioja.com.ar\\\/sitio\\\/wp-content\\\/uploads\\\/2023\\\/10\\\/1697575563.jpeg\",\"contentUrl\":\"https:\\\/\\\/laredlarioja.com.ar\\\/sitio\\\/wp-content\\\/uploads\\\/2023\\\/10\\\/1697575563.jpeg\",\"width\":948,\"height\":533},{\"@type\":\"BreadcrumbList\",\"@id\":\"https:\\\/\\\/laredlarioja.com.ar\\\/sitio\\\/voto-en-blanco-como-se-contabilizara-en-las-elecciones-generales\\\/#breadcrumb\",\"itemListElement\":[{\"@type\":\"ListItem\",\"position\":1,\"name\":\"Portada\",\"item\":\"https:\\\/\\\/laredlarioja.com.ar\\\/sitio\\\/\"},{\"@type\":\"ListItem\",\"position\":2,\"name\":\"C\u00f3mo se contabiliza el voto en blanco en las elecciones generales\"}]},{\"@type\":\"WebSite\",\"@id\":\"https:\\\/\\\/laredlarioja.com.ar\\\/sitio\\\/#website\",\"url\":\"https:\\\/\\\/laredlarioja.com.ar\\\/sitio\\\/\",\"name\":\"LA RED 88.3 LA RIOJA\",\"description\":\"Sitio de Noticias\",\"publisher\":{\"@id\":\"https:\\\/\\\/laredlarioja.com.ar\\\/sitio\\\/#organization\"},\"potentialAction\":[{\"@type\":\"SearchAction\",\"target\":{\"@type\":\"EntryPoint\",\"urlTemplate\":\"https:\\\/\\\/laredlarioja.com.ar\\\/sitio\\\/?s={search_term_string}\"},\"query-input\":{\"@type\":\"PropertyValueSpecification\",\"valueRequired\":true,\"valueName\":\"search_term_string\"}}],\"inLanguage\":\"es\"},{\"@type\":\"Organization\",\"@id\":\"https:\\\/\\\/laredlarioja.com.ar\\\/sitio\\\/#organization\",\"name\":\"LA RED 88.3 LA RIOJA\",\"url\":\"https:\\\/\\\/laredlarioja.com.ar\\\/sitio\\\/\",\"logo\":{\"@type\":\"ImageObject\",\"inLanguage\":\"es\",\"@id\":\"https:\\\/\\\/laredlarioja.com.ar\\\/sitio\\\/#\\\/schema\\\/logo\\\/image\\\/\",\"url\":\"https:\\\/\\\/laredlarioja.com.ar\\\/sitio\\\/wp-content\\\/uploads\\\/2025\\\/05\\\/LOGO-LA-RED.png\",\"contentUrl\":\"https:\\\/\\\/laredlarioja.com.ar\\\/sitio\\\/wp-content\\\/uploads\\\/2025\\\/05\\\/LOGO-LA-RED.png\",\"width\":193,\"height\":340,\"caption\":\"LA RED 88.3 LA RIOJA\"},\"image\":{\"@id\":\"https:\\\/\\\/laredlarioja.com.ar\\\/sitio\\\/#\\\/schema\\\/logo\\\/image\\\/\"},\"sameAs\":[\"https:\\\/\\\/www.facebook.com\\\/lared.larioja\",\"https:\\\/\\\/x.com\\\/laredlarioja1\",\"https:\\\/\\\/www.instagram.com\\\/lared_larioja\\\/\"]},{\"@type\":\"Person\",\"@id\":\"https:\\\/\\\/laredlarioja.com.ar\\\/sitio\\\/#\\\/schema\\\/person\\\/31f88059d20c5cf06e974fd895aec56e\",\"name\":\"Anabella Soria\",\"url\":\"https:\\\/\\\/laredlarioja.com.ar\\\/sitio\\\/author\\\/asoria\\\/\"}]}<\/script>\n<!-- \/ Yoast SEO plugin. -->","yoast_head_json":{"title":"C\u00f3mo se contabiliza el voto en blanco en las elecciones generales - LA RED 88.3 LA RIOJA","robots":{"index":"index","follow":"follow","max-snippet":"max-snippet:-1","max-image-preview":"max-image-preview:large","max-video-preview":"max-video-preview:-1"},"canonical":"https:\/\/laredlarioja.com.ar\/sitio\/voto-en-blanco-como-se-contabilizara-en-las-elecciones-generales\/","og_locale":"es_ES","og_type":"article","og_title":"C\u00f3mo se contabiliza el voto en blanco en las elecciones generales - LA RED 88.3 LA RIOJA","og_description":"Este domingo se celebran las elecciones generales y una de las dudas m\u00e1s frecuentes a la hora de","og_url":"https:\/\/laredlarioja.com.ar\/sitio\/voto-en-blanco-como-se-contabilizara-en-las-elecciones-generales\/","og_site_name":"LA RED 88.3 LA RIOJA","article_publisher":"https:\/\/www.facebook.com\/lared.larioja","article_published_time":"2023-10-21T18:29:33+00:00","article_modified_time":"2023-10-22T12:33:43+00:00","og_image":[{"width":948,"height":533,"url":"https:\/\/laredlarioja.com.ar\/sitio\/wp-content\/uploads\/2023\/10\/1697575563.jpeg","type":"image\/jpeg"}],"author":"Anabella Soria","twitter_card":"summary_large_image","twitter_creator":"@laredlarioja1","twitter_site":"@laredlarioja1","twitter_misc":{"Escrito por":"Anabella Soria","Tiempo de lectura":"3 minutos"},"schema":{"@context":"https:\/\/schema.org","@graph":[{"@type":"Article","@id":"https:\/\/laredlarioja.com.ar\/sitio\/voto-en-blanco-como-se-contabilizara-en-las-elecciones-generales\/#article","isPartOf":{"@id":"https:\/\/laredlarioja.com.ar\/sitio\/voto-en-blanco-como-se-contabilizara-en-las-elecciones-generales\/"},"author":{"name":"Anabella Soria","@id":"https:\/\/laredlarioja.com.ar\/sitio\/#\/schema\/person\/31f88059d20c5cf06e974fd895aec56e"},"headline":"C\u00f3mo se contabiliza el voto en blanco en las elecciones generales","datePublished":"2023-10-21T18:29:33+00:00","dateModified":"2023-10-22T12:33:43+00:00","mainEntityOfPage":{"@id":"https:\/\/laredlarioja.com.ar\/sitio\/voto-en-blanco-como-se-contabilizara-en-las-elecciones-generales\/"},"wordCount":609,"publisher":{"@id":"https:\/\/laredlarioja.com.ar\/sitio\/#organization"},"image":{"@id":"https:\/\/laredlarioja.com.ar\/sitio\/voto-en-blanco-como-se-contabilizara-en-las-elecciones-generales\/#primaryimage"},"thumbnailUrl":"https:\/\/laredlarioja.com.ar\/sitio\/wp-content\/uploads\/2023\/10\/1697575563.jpeg","articleSection":["Locales"],"inLanguage":"es"},{"@type":"WebPage","@id":"https:\/\/laredlarioja.com.ar\/sitio\/voto-en-blanco-como-se-contabilizara-en-las-elecciones-generales\/","url":"https:\/\/laredlarioja.com.ar\/sitio\/voto-en-blanco-como-se-contabilizara-en-las-elecciones-generales\/","name":"C\u00f3mo se contabiliza el voto en blanco en las elecciones generales - LA RED 88.3 LA RIOJA","isPartOf":{"@id":"https:\/\/laredlarioja.com.ar\/sitio\/#website"},"primaryImageOfPage":{"@id":"https:\/\/laredlarioja.com.ar\/sitio\/voto-en-blanco-como-se-contabilizara-en-las-elecciones-generales\/#primaryimage"},"image":{"@id":"https:\/\/laredlarioja.com.ar\/sitio\/voto-en-blanco-como-se-contabilizara-en-las-elecciones-generales\/#primaryimage"},"thumbnailUrl":"https:\/\/laredlarioja.com.ar\/sitio\/wp-content\/uploads\/2023\/10\/1697575563.jpeg","datePublished":"2023-10-21T18:29:33+00:00","dateModified":"2023-10-22T12:33:43+00:00","breadcrumb":{"@id":"https:\/\/laredlarioja.com.ar\/sitio\/voto-en-blanco-como-se-contabilizara-en-las-elecciones-generales\/#breadcrumb"},"inLanguage":"es","potentialAction":[{"@type":"ReadAction","target":["https:\/\/laredlarioja.com.ar\/sitio\/voto-en-blanco-como-se-contabilizara-en-las-elecciones-generales\/"]}]},{"@type":"ImageObject","inLanguage":"es","@id":"https:\/\/laredlarioja.com.ar\/sitio\/voto-en-blanco-como-se-contabilizara-en-las-elecciones-generales\/#primaryimage","url":"https:\/\/laredlarioja.com.ar\/sitio\/wp-content\/uploads\/2023\/10\/1697575563.jpeg","contentUrl":"https:\/\/laredlarioja.com.ar\/sitio\/wp-content\/uploads\/2023\/10\/1697575563.jpeg","width":948,"height":533},{"@type":"BreadcrumbList","@id":"https:\/\/laredlarioja.com.ar\/sitio\/voto-en-blanco-como-se-contabilizara-en-las-elecciones-generales\/#breadcrumb","itemListElement":[{"@type":"ListItem","position":1,"name":"Portada","item":"https:\/\/laredlarioja.com.ar\/sitio\/"},{"@type":"ListItem","position":2,"name":"C\u00f3mo se contabiliza el voto en blanco en las elecciones generales"}]},{"@type":"WebSite","@id":"https:\/\/laredlarioja.com.ar\/sitio\/#website","url":"https:\/\/laredlarioja.com.ar\/sitio\/","name":"LA RED 88.3 LA RIOJA","description":"Sitio de Noticias","publisher":{"@id":"https:\/\/laredlarioja.com.ar\/sitio\/#organization"},"potentialAction":[{"@type":"SearchAction","target":{"@type":"EntryPoint","urlTemplate":"https:\/\/laredlarioja.com.ar\/sitio\/?s={search_term_string}"},"query-input":{"@type":"PropertyValueSpecification","valueRequired":true,"valueName":"search_term_string"}}],"inLanguage":"es"},{"@type":"Organization","@id":"https:\/\/laredlarioja.com.ar\/sitio\/#organization","name":"LA RED 88.3 LA RIOJA","url":"https:\/\/laredlarioja.com.ar\/sitio\/","logo":{"@type":"ImageObject","inLanguage":"es","@id":"https:\/\/laredlarioja.com.ar\/sitio\/#\/schema\/logo\/image\/","url":"https:\/\/laredlarioja.com.ar\/sitio\/wp-content\/uploads\/2025\/05\/LOGO-LA-RED.png","contentUrl":"https:\/\/laredlarioja.com.ar\/sitio\/wp-content\/uploads\/2025\/05\/LOGO-LA-RED.png","width":193,"height":340,"caption":"LA RED 88.3 LA RIOJA"},"image":{"@id":"https:\/\/laredlarioja.com.ar\/sitio\/#\/schema\/logo\/image\/"},"sameAs":["https:\/\/www.facebook.com\/lared.larioja","https:\/\/x.com\/laredlarioja1","https:\/\/www.instagram.com\/lared_larioja\/"]},{"@type":"Person","@id":"https:\/\/laredlarioja.com.ar\/sitio\/#\/schema\/person\/31f88059d20c5cf06e974fd895aec56e","name":"Anabella Soria","url":"https:\/\/laredlarioja.com.ar\/sitio\/author\/asoria\/"}]}},"featured_image_urls":{"full":["https:\/\/laredlarioja.com.ar\/sitio\/wp-content\/uploads\/2023\/10\/1697575563.jpeg",948,533,false],"thumbnail":["https:\/\/laredlarioja.com.ar\/sitio\/wp-content\/uploads\/2023\/10\/1697575563-150x150.jpeg",150,150,true],"medium":["https:\/\/laredlarioja.com.ar\/sitio\/wp-content\/uploads\/2023\/10\/1697575563-300x169.jpeg",300,169,true],"medium_large":["https:\/\/laredlarioja.com.ar\/sitio\/wp-content\/uploads\/2023\/10\/1697575563-768x432.jpeg",640,360,true],"large":["https:\/\/laredlarioja.com.ar\/sitio\/wp-content\/uploads\/2023\/10\/1697575563.jpeg",640,360,false],"1536x1536":["https:\/\/laredlarioja.com.ar\/sitio\/wp-content\/uploads\/2023\/10\/1697575563.jpeg",948,533,false],"2048x2048":["https:\/\/laredlarioja.com.ar\/sitio\/wp-content\/uploads\/2023\/10\/1697575563.jpeg",948,533,false],"cvmm-medium":["https:\/\/laredlarioja.com.ar\/sitio\/wp-content\/uploads\/2023\/10\/1697575563-300x300.jpeg",300,300,true],"cvmm-medium-plus":["https:\/\/laredlarioja.com.ar\/sitio\/wp-content\/uploads\/2023\/10\/1697575563-305x207.jpeg",305,207,true],"cvmm-portrait":["https:\/\/laredlarioja.com.ar\/sitio\/wp-content\/uploads\/2023\/10\/1697575563-400x533.jpeg",400,533,true],"cvmm-medium-square":["https:\/\/laredlarioja.com.ar\/sitio\/wp-content\/uploads\/2023\/10\/1697575563-600x533.jpeg",600,533,true],"cvmm-large":["https:\/\/laredlarioja.com.ar\/sitio\/wp-content\/uploads\/2023\/10\/1697575563.jpeg",948,533,false],"cvmm-small":["https:\/\/laredlarioja.com.ar\/sitio\/wp-content\/uploads\/2023\/10\/1697575563-130x95.jpeg",130,95,true],"morenews-large":["https:\/\/laredlarioja.com.ar\/sitio\/wp-content\/uploads\/2023\/10\/1697575563-825x533.jpeg",825,533,true],"morenews-medium":["https:\/\/laredlarioja.com.ar\/sitio\/wp-content\/uploads\/2023\/10\/1697575563-590x410.jpeg",590,410,true]},"author_info":{"display_name":"Anabella Soria","author_link":"https:\/\/laredlarioja.com.ar\/sitio\/author\/asoria\/"},"category_info":"<a href=\"https:\/\/laredlarioja.com.ar\/sitio\/categorias\/locales\/\" rel=\"category tag\">Locales<\/a>","tag_info":"Locales","comment_count":"0","blog_post_layout_featured_media_urls":{"thumbnail":["https:\/\/laredlarioja.com.ar\/sitio\/wp-content\/uploads\/2023\/10\/1697575563-150x150.jpeg",150,150,true],"full":["https:\/\/laredlarioja.com.ar\/sitio\/wp-content\/uploads\/2023\/10\/1697575563.jpeg",948,533,false]},"categories_names":{"94":{"name":"Locales","link":"https:\/\/laredlarioja.com.ar\/sitio\/categorias\/locales\/"}},"tags_names":[],"comments_number":"0","wpmagazine_modules_lite_featured_media_urls":{"thumbnail":["https:\/\/laredlarioja.com.ar\/sitio\/wp-content\/uploads\/2023\/10\/1697575563-150x150.jpeg",150,150,true],"cvmm-medium":["https:\/\/laredlarioja.com.ar\/sitio\/wp-content\/uploads\/2023\/10\/1697575563-300x300.jpeg",300,300,true],"cvmm-medium-plus":["https:\/\/laredlarioja.com.ar\/sitio\/wp-content\/uploads\/2023\/10\/1697575563-305x207.jpeg",305,207,true],"cvmm-portrait":["https:\/\/laredlarioja.com.ar\/sitio\/wp-content\/uploads\/2023\/10\/1697575563-400x533.jpeg",400,533,true],"cvmm-medium-square":["https:\/\/laredlarioja.com.ar\/sitio\/wp-content\/uploads\/2023\/10\/1697575563-600x533.jpeg",600,533,true],"cvmm-large":["https:\/\/laredlarioja.com.ar\/sitio\/wp-content\/uploads\/2023\/10\/1697575563.jpeg",948,533,false],"cvmm-small":["https:\/\/laredlarioja.com.ar\/sitio\/wp-content\/uploads\/2023\/10\/1697575563-130x95.jpeg",130,95,true],"full":["https:\/\/laredlarioja.com.ar\/sitio\/wp-content\/uploads\/2023\/10\/1697575563.jpeg",948,533,false]},"_links":{"self":[{"href":"https:\/\/laredlarioja.com.ar\/sitio\/wp-json\/wp\/v2\/posts\/37635","targetHints":{"allow":["GET"]}}],"collection":[{"href":"https:\/\/laredlarioja.com.ar\/sitio\/wp-json\/wp\/v2\/posts"}],"about":[{"href":"https:\/\/laredlarioja.com.ar\/sitio\/wp-json\/wp\/v2\/types\/post"}],"author":[{"embeddable":true,"href":"https:\/\/laredlarioja.com.ar\/sitio\/wp-json\/wp\/v2\/users\/7"}],"replies":[{"embeddable":true,"href":"https:\/\/laredlarioja.com.ar\/sitio\/wp-json\/wp\/v2\/comments?post=37635"}],"version-history":[{"count":3,"href":"https:\/\/laredlarioja.com.ar\/sitio\/wp-json\/wp\/v2\/posts\/37635\/revisions"}],"predecessor-version":[{"id":37642,"href":"https:\/\/laredlarioja.com.ar\/sitio\/wp-json\/wp\/v2\/posts\/37635\/revisions\/37642"}],"wp:featuredmedia":[{"embeddable":true,"href":"https:\/\/laredlarioja.com.ar\/sitio\/wp-json\/wp\/v2\/media\/37636"}],"wp:attachment":[{"href":"https:\/\/laredlarioja.com.ar\/sitio\/wp-json\/wp\/v2\/media?parent=37635"}],"wp:term":[{"taxonomy":"category","embeddable":true,"href":"https:\/\/laredlarioja.com.ar\/sitio\/wp-json\/wp\/v2\/categories?post=37635"},{"taxonomy":"post_tag","embeddable":true,"href":"https:\/\/laredlarioja.com.ar\/sitio\/wp-json\/wp\/v2\/tags?post=37635"}],"curies":[{"name":"wp","href":"https:\/\/api.w.org\/{rel}","templated":true}]}}