{"id":38456,"date":"2023-11-03T01:59:02","date_gmt":"2023-11-03T01:59:02","guid":{"rendered":"https:\/\/laredlarioja.com.ar\/sitio\/?p=38456"},"modified":"2023-11-03T10:08:37","modified_gmt":"2023-11-03T10:08:37","slug":"la-representacion-del-amor-y-el-deseo-lesbico-en-la-literatura-y-los-medios-audiovisuales","status":"publish","type":"post","link":"https:\/\/laredlarioja.com.ar\/sitio\/la-representacion-del-amor-y-el-deseo-lesbico-en-la-literatura-y-los-medios-audiovisuales\/","title":{"rendered":"La representaci\u00f3n del amor y el deseo l\u00e9sbico en la literatura y los medios audiovisuales"},"content":{"rendered":"<p>Escribe: Valentina Urus<\/p>\n<p>&nbsp;<\/p>\n<p>A lo largo de los a\u00f1os la comunidad LGBT pudo conquistar sus derechos y manifestar sus necesidades. Cientos de chicos gays pudieron acceder a historias rom\u00e1nticas y sanas que reflejan de forma respetuosa sus vivencias amorosas y sus deseos a trav\u00e9s de pel\u00edculas, series y libros. Pero\u2026 \u00bfy las lesbianas?<\/p>\n<p><em>Ll\u00e1mame por tu nombre, Secreto en la monta\u00f1a, No quiero volver solito<\/em> o la exitosa serie de Netflix, <em>Heartstopper <\/em>son algunos de los cientos de ejemplos que encontramos sobre las distintas representaciones que los varones gays han podido disfrutar en los \u00faltimos tiempos, para aprender, de forma sana y segura, que amar o desear a otro hombre no es tan terrible como la sociedad lo pinta.<\/p>\n<p>No obstante, las mujeres lesbianas siguen atravesando algunos conflictos a la hora de acceder a materiales audiovisuales o literarios de las mismas caracter\u00edsticas. <strong>Pareciera que encontrar una buena pel\u00edcula o un buen libro en donde las mujeres se puedan a amar sin caer en estereotipos da\u00f1inos, cosificaciones y sexualizaciones como si fuesen un mero \u201cmorbo\u201d para el consumo masculino o incluso descentralizar las historias por fuera del sufrimiento de la homofobia que se recibe, resulta todo un desaf\u00edo para las chicas que buscan sentirse interpeladas por una buena historia de amor l\u00e9sbico.<\/strong><\/p>\n<p>Es por eso que\u00a0 La Red dialog\u00f3 con <strong>Florencia Dapiaggi<\/strong>, escritora lesbiana y futura autora de la editorial Planeta para reflexionar desde distintos lados (como lectora, escritora, militante y sobre todo como mujer que ama a otras mujeres) la representaci\u00f3n l\u00e9sbica-rom\u00e1ntica en el cine y literatura.<\/p>\n<p>Florencia se inici\u00f3 en la poes\u00eda cuando apenas ten\u00eda 11 a\u00f1os, y desde los 16 comparte sus versos m\u00e1s \u00edntimos en una comunidad de lectoras que la siguen y leen a trav\u00e9s de Instagram y Tik Tok. Como lectora que se interesa por las tem\u00e1ticas amorosas y rom\u00e1nticas es que tiene gran experiencia en las comedias rom\u00e1nticas y las historias de amor tanto en los libros como en los medios audiovisuales. Pero encontrarse, de pronto, que no puede formar parte de las mismas como mujer lesbiana es que la llev\u00f3 a reflexionar sobre la nula representaci\u00f3n que existe para las lesbianas y lo necesario que es empezar a contar historias divertidas y sencillas sobre el amor entre dos mujeres.<\/p>\n<p><strong>\u201cLa literatura juvenil est\u00e1 completamente vac\u00eda, des\u00e9rtica de romances l\u00e9sbicos. No hay y los que hay son raros: siempre en un segundo plano de personajes que son amigas o primas de los protagonistas y terminan estando muy alejadas. Ah\u00ed me di cuenta de la cantidad de libros que le\u00ed de contenido rom\u00e1ntico que la verdad, no me interpelan. Me gustaron y los disfrut\u00e9 pero me di cuenta que son historias que no me interpelan, no me est\u00e1n hablando a mi<\/strong>\u201d, reflexiona Flor sobre la nula aparici\u00f3n de lesbianas en las historias ficcionales, y agrega:<\/p>\n<p>\u201cOtra cuesti\u00f3n da\u00f1ina es la sexualizaci\u00f3n de las lesbianas, que pareciera que terminan apareciendo en la pantalla para el goce degenerado de los hombres. Y si aparecemos, estamos super estereotipadas, con pelos cortos y ropa masculina, creando conflictos con nuestra propia sexualidad que nos llevan a replantear -yo no puedo ser lesbiana si soy re femenina-. Al final del d\u00eda, estamos representadas por la mirada de autores heterosexuales que nos ponen para cumplir con la inclusi\u00f3n pero nada saben sobre nosotras.\u201d<\/p>\n<p><em>Orgullo y Prejuicio, Titanic, Yo antes de ti, Bajo la misma estrella, Your name, la trilog\u00eda Before <\/em>o <em>Dirty Dancing<\/em> son algunos ejemplos de la vastedad de pel\u00edculas o libros dirigidos para el publico heterosexual, que cuentan infinidad de historias posibles entre dos parejas de distinto genero, de todas las formas y los colores que existen. Las mujeres, que hist\u00f3ricamente se ven sujetas a ese tipo de consumos (a veces de forma genuina y otras por presi\u00f3n social), nacen y crecen con la idea de que amar a los hombres en v\u00ednculos rom\u00e1nticos es el \u00fanico camino posible\u2026 pero, \u00bfy si no?<\/p>\n<p>Las historias apuntan a figuras de hombres fuertes, protectores, atractivos e inteligentes que deben ser el objeto de inter\u00e9s de las mujeres. Eso es lo que las ni\u00f1as empiezan a asimilar cuando se topan ese tipo de historias, como si amar a una mujer no entrar\u00eda en las posibilidades.<\/p>\n<p>\u201cCon mi novia hablamos siempre de c\u00f3mo se apunta a la figura del \u201cQu\u00e9 hombre\u201d en los g\u00e9neros rom\u00e1nticos. Ella que ve m\u00e1s pel\u00edculas y yo que soy m\u00e1s de la literatura nos damos cuenta como las historias est\u00e1n pensadas para que te tengan que gustar los hombres, y si no ves en ning\u00fan lado una historia de amor entre mujeres es porque algo malo pasa con vos. Si no est\u00e1 es porque no es algo que te deber\u00eda pasar. Si no ves en la literatura o en\u00a0 una pel\u00edcula un posible v\u00ednculo sano entre las mujeres o incluso la figura de una \u201cQu\u00e9 mujer, qu\u00e9 hermosa que es\u201d, eso se empieza a alejar tambi\u00e9n de tu realidad posible\u201d, coment\u00f3 la poeta para La Red.<\/p>\n<p>Pero como lectora y mujer que ama y desea a otras mujeres, Florencia pudo encontrar, con grandes investigaciones, que si hay autoras o escritoras que dirigen su amor a figuras femeninas. No es que las lesbianas est\u00e9n borradas de las historias, pero quiz\u00e1s, por romper justamente con el ideal del amor rom\u00e1ntico heterosexual es que es m\u00e1s dif\u00edcil acceder a ese tipo de historias sanas y rom\u00e1nticas. Es espec\u00edficamente en la poes\u00eda en donde la escritora encontr\u00f3 como el Yo l\u00edrico femenino puede dedicar versos hermosos a sus amantes mujeres, y a modo de recomendaci\u00f3n fue nombrando a las siguientes autoras:<\/p>\n<p>\u201cMi primer acercamiento fue con Elvira Sastre, por quien empec\u00e9 a escribir poes\u00eda y fue mi primer contacto con la literatura y escritura de mujeres lesbianas. Yo un d\u00eda abro su libro esperando encontrar lo de siempre, que una mujer le hable a un hombre, y de pronto me encontr\u00e9 con todos pronombres femeninos, y me di cuenta de que es una mujer que le habla a otra mujer y le est\u00e1 escribiendo poemas de amor y poemas er\u00f3ticos hermosos a sus amantes. Mi siguiente poeta lesbiana es Cristina Peri Rosi que en toda su poes\u00eda es super explicita y fime sobre sus gustos por las mujeres, super orgullosa de escribirles a ellas.\u00a0 Y con Gabriela Cabez\u00f3n C\u00e1mara, encontr\u00e9 magia en mi libro favorito que es<em> Las aventuras de la China Iron<\/em> en donde reescribe la historia argentina del Martin Fierro desde la perspectiva de su esposa y te plantea una historia de amor l\u00e9sbica entre ella y una inglesa como si hubiese sido lo m\u00e1s normal que pudiese pasar en un contexto como ese, creando b\u00e1sicamente un mundo aparte.\u201d<\/p>\n<blockquote>\n<h3>\u201cY con Gabriela Cabez\u00f3n C\u00e1mara, encontr\u00e9 magia en mi libro favorito que es<em> Las aventuras de la China Iron<\/em> en donde reescribe la historia argentina del Martin Fierro desde la perspectiva de su esposa y te plantea una historia de amor l\u00e9sbica entre ella y una inglesa como si hubiese sido lo m\u00e1s normal que pudiese pasar en un contexto como ese, creando b\u00e1sicamente un mundo aparte.\u201d<\/h3>\n<\/blockquote>\n<p>De a poco, esos espacios de mujeres que se aman van ganando terreno y representaci\u00f3n en diferentes medios audiovisuales. Como consumidoras de ese tipo de historias rom\u00e1nticas, hay que buscar e indagar en ese tipo de narraciones para hacerlas visibles y posibles dentro del imaginario amoroso que se nos plantea a las mujeres. \u201c<strong>Es important\u00edsimo que las historias de amor se extrapole a las lesbianas. Puede ser la misma comedia rom\u00e1ntica simplona, la misma operaci\u00f3n b\u00e1sica pero hecha para mujeres lesbianas y ya es un cambio rotundo.\u201d recomienda la joven escritora.<\/strong><\/p>\n<p>\u201cMe pone muy contenta que se empiecen a contar estas historias porque yo por m\u00e1s que tenga 20 a\u00f1os,\u00a0 la verdad es que cuando fui creciendo no hab\u00eda nada. Era yo sola con mi mundo diferente al del resto. Y es una sensaci\u00f3n de desamparado terrible. Desde mi lugar de lectora siempre busco representaciones sanas y lindas, escritas por las mismas mujeres lesbianas o bisexuales que al fin y al cabo son las que lo viven. Desde mi lugar de escritora tambi\u00e9n me apasiona escribir sobre mis v\u00ednculos y naturalmente siempre voy a escribir sobre mujeres. Pero desde el lado pol\u00edtico y social es muy valioso que se le pueda dar lugar a mujeres como yo, a mujeres lesbianas.\u00a0 Representar, no otro tipo de amor, porque el amor es el mismo pero el amor desde otro lugar, desde otros cuerpos y otros deseos.\u201d termina de reflexionar Florencia para La Red.<\/p>\n<p>&nbsp;<\/p>\n<p><u>Museo de arte femenino latinoamericano<\/u><\/p>\n<p>te esparzo lenta<\/p>\n<p>sobre la cama<\/p>\n<p>con los dedos enredo mis deseos<\/p>\n<p>entre tus pesta\u00f1as y tu pelo<\/p>\n<p>para encontrar un poco de m\u00ed<\/p>\n<p>hasta en lo m\u00e1s \u00edntimo de vos.<\/p>\n<p>&nbsp;<\/p>\n<p>mezclo tus tonalidades de rosa y<\/p>\n<p>naranja con violeta<\/p>\n<p>mientras la noche se enlentece<\/p>\n<p>lo suficiente para que cuente<\/p>\n<p>el n\u00famero exacto de tus lunares<\/p>\n<p>&nbsp;<\/p>\n<p>todav\u00eda me sobran horas<\/p>\n<p>para asegurarme de haber hecho<\/p>\n<p>el c\u00e1lculo correcto<\/p>\n<p>de darte la vuelta y encontrar<\/p>\n<p>siempre uno nuevo<\/p>\n<p>de fijarme detr\u00e1s de tu oreja<\/p>\n<p>y dibujarte m\u00e1s con mis dedos<\/p>\n<p>manchados en tu pintura<\/p>\n<p>&nbsp;<\/p>\n<p>empapados en<\/p>\n<p>tus colores de atardecer<\/p>\n<p>tus besos de medio-d\u00eda<\/p>\n<p>de media-estaci\u00f3n,<\/p>\n<p>de tanto-tanto-<\/p>\n<p>querer.<\/p>\n<p>&nbsp;<\/p>\n<p>bailo sola en mi cuarto<\/p>\n<p>canciones que toman tu forma<\/p>\n<p>y tu cuerpo como et\u00e9reo<\/p>\n<p>me toma de la cintura<\/p>\n<p>sue\u00f1a al ritmo<\/p>\n<p>que tengo en el pecho<\/p>\n<p>&nbsp;<\/p>\n<p>es tanto lo que te amo<\/p>\n<p>que te puedo encontrar<\/p>\n<p>en todo lo que tenga ganas<\/p>\n<p>y el mundo se vuelve m\u00e1s tierno<\/p>\n<p>m\u00e1s habitable, m\u00e1s ameno<\/p>\n<p>si s\u00e9 que est\u00e1s vos conmigo<\/p>\n<p>para vivirlo.<\/p>\n<p>&nbsp;<\/p>\n<p>me esparzo lenta sobre tu cama<\/p>\n<p>y con tus dedos me escribo<\/p>\n<p>tu nombre en el cuerpo<\/p>\n<p>me esparc\u00eds bella sobre tu cama<\/p>\n<p>y mis suspiros cobran vida<\/p>\n<p>al sonido de tu voz<\/p>\n<p>entrando y saliendo de m\u00ed.<\/p>\n<p>&nbsp;<\/p>\n<p>nos veo juntas sobre tu cama<\/p>\n<p>eternas, el retrato<\/p>\n<p>de dos Venus enamoradas<\/p>\n<p>&nbsp;<\/p>\n<p>de dos mujeres<\/p>\n<p>desentendi\u00e9ndose del tiempo<\/p>\n<p>&nbsp;<\/p>\n<p>quit\u00e1ndose el miedo<\/p>\n<p>queriendo con cordura<\/p>\n<p>disfrutando de El Beso<\/p>\n<p>y no te alejes, quiero seguir<\/p>\n<p>bes\u00e1ndote lento<\/p>\n<p>hasta que los a\u00f1os<\/p>\n<p>pasen corriendo<\/p>\n<p>de tu boca a la m\u00eda<\/p>\n<p>como un puente en movimiento.<\/p>\n<p>&nbsp;<\/p>\n<p>segu\u00ed bes\u00e1ndome<\/p>\n<p>que mi lengua no sabe de tregua<\/p>\n<p>que me olvid\u00e9 c\u00f3mo decirte<\/p>\n<p>cualquier cosa que no sea <em>mi amor<\/em><\/p>\n<p>&nbsp;<\/p>\n<p>que el abecedario me parece in\u00fatil<\/p>\n<p>si no termina y empieza<\/p>\n<p>con la curva de tus dedos<\/p>\n<p>y la dulzura de tu boca<\/p>\n<p>dici\u00e9ndome cosas<\/p>\n<p>intransferibles a la hoja:<\/p>\n<p>&nbsp;<\/p>\n<p>te miro y pido un deseo<\/p>\n<p>es que tenes ese algo<\/p>\n<p>como las pesta\u00f1as<\/p>\n<p>y las estrellas fugaces<\/p>\n<p>y las horas pares<\/p>\n<p>que me hacen creer<\/p>\n<p>que puedo tener<\/p>\n<p>todo lo que quiero<\/p>\n<p>&nbsp;<\/p>\n<p>porque ahora s\u00ed<\/p>\n<p>porque ahora est\u00e1s ac\u00e1<\/p>\n<p>y ahora te tengo<\/p>\n<p>y eso es todo lo que quiero-.<\/p>\n<p>&nbsp;<\/p>\n","protected":false},"excerpt":{"rendered":"<p>Escribe: Valentina Urus &nbsp; A lo largo de los a\u00f1os la comunidad LGBT pudo conquistar sus derechos y<\/p>\n","protected":false},"author":10,"featured_media":38457,"comment_status":"closed","ping_status":"open","sticky":false,"template":"","format":"standard","meta":{"footnotes":""},"categories":[27],"tags":[],"class_list":["post-38456","post","type-post","status-publish","format-standard","has-post-thumbnail","hentry","category-cultura-y-espectaculos"],"yoast_head":"<!-- This site is optimized with the Yoast SEO plugin v27.4 - https:\/\/yoast.com\/product\/yoast-seo-wordpress\/ -->\n<title>La representaci\u00f3n del amor y el deseo l\u00e9sbico en la literatura y los medios audiovisuales - LA RED 88.3 LA RIOJA<\/title>\n<meta name=\"robots\" content=\"index, follow, max-snippet:-1, max-image-preview:large, max-video-preview:-1\" \/>\n<link rel=\"canonical\" href=\"https:\/\/laredlarioja.com.ar\/sitio\/la-representacion-del-amor-y-el-deseo-lesbico-en-la-literatura-y-los-medios-audiovisuales\/\" \/>\n<meta property=\"og:locale\" content=\"es_ES\" \/>\n<meta property=\"og:type\" content=\"article\" \/>\n<meta property=\"og:title\" content=\"La representaci\u00f3n del amor y el deseo l\u00e9sbico en la literatura y los medios audiovisuales - LA RED 88.3 LA RIOJA\" \/>\n<meta property=\"og:description\" content=\"Escribe: Valentina Urus &nbsp; A lo largo de los a\u00f1os la comunidad LGBT pudo conquistar sus derechos y\" \/>\n<meta property=\"og:url\" content=\"https:\/\/laredlarioja.com.ar\/sitio\/la-representacion-del-amor-y-el-deseo-lesbico-en-la-literatura-y-los-medios-audiovisuales\/\" \/>\n<meta property=\"og:site_name\" content=\"LA RED 88.3 LA RIOJA\" \/>\n<meta property=\"article:publisher\" content=\"https:\/\/www.facebook.com\/lared.larioja\" \/>\n<meta property=\"article:published_time\" content=\"2023-11-03T01:59:02+00:00\" \/>\n<meta property=\"article:modified_time\" content=\"2023-11-03T10:08:37+00:00\" \/>\n<meta property=\"og:image\" content=\"https:\/\/laredlarioja.com.ar\/sitio\/wp-content\/uploads\/2023\/11\/poema.jpeg\" \/>\n\t<meta property=\"og:image:width\" content=\"1200\" \/>\n\t<meta property=\"og:image:height\" content=\"1143\" \/>\n\t<meta property=\"og:image:type\" content=\"image\/jpeg\" \/>\n<meta name=\"author\" content=\"La Red\" \/>\n<meta name=\"twitter:card\" content=\"summary_large_image\" \/>\n<meta name=\"twitter:creator\" content=\"@laredlarioja1\" \/>\n<meta name=\"twitter:site\" content=\"@laredlarioja1\" \/>\n<meta name=\"twitter:label1\" content=\"Escrito por\" \/>\n\t<meta name=\"twitter:data1\" content=\"La Red\" \/>\n\t<meta name=\"twitter:label2\" content=\"Tiempo de lectura\" \/>\n\t<meta name=\"twitter:data2\" content=\"10 minutos\" \/>\n<script type=\"application\/ld+json\" class=\"yoast-schema-graph\">{\"@context\":\"https:\\\/\\\/schema.org\",\"@graph\":[{\"@type\":\"Article\",\"@id\":\"https:\\\/\\\/laredlarioja.com.ar\\\/sitio\\\/la-representacion-del-amor-y-el-deseo-lesbico-en-la-literatura-y-los-medios-audiovisuales\\\/#article\",\"isPartOf\":{\"@id\":\"https:\\\/\\\/laredlarioja.com.ar\\\/sitio\\\/la-representacion-del-amor-y-el-deseo-lesbico-en-la-literatura-y-los-medios-audiovisuales\\\/\"},\"author\":{\"name\":\"La Red\",\"@id\":\"https:\\\/\\\/laredlarioja.com.ar\\\/sitio\\\/#\\\/schema\\\/person\\\/f1e213867beccedaaa4fb548d9259d9a\"},\"headline\":\"La representaci\u00f3n del amor y el deseo l\u00e9sbico en la literatura y los medios audiovisuales\",\"datePublished\":\"2023-11-03T01:59:02+00:00\",\"dateModified\":\"2023-11-03T10:08:37+00:00\",\"mainEntityOfPage\":{\"@id\":\"https:\\\/\\\/laredlarioja.com.ar\\\/sitio\\\/la-representacion-del-amor-y-el-deseo-lesbico-en-la-literatura-y-los-medios-audiovisuales\\\/\"},\"wordCount\":1934,\"publisher\":{\"@id\":\"https:\\\/\\\/laredlarioja.com.ar\\\/sitio\\\/#organization\"},\"image\":{\"@id\":\"https:\\\/\\\/laredlarioja.com.ar\\\/sitio\\\/la-representacion-del-amor-y-el-deseo-lesbico-en-la-literatura-y-los-medios-audiovisuales\\\/#primaryimage\"},\"thumbnailUrl\":\"https:\\\/\\\/laredlarioja.com.ar\\\/sitio\\\/wp-content\\\/uploads\\\/2023\\\/11\\\/poema.jpeg\",\"articleSection\":[\"Cultura y Espect\u00e1culos\"],\"inLanguage\":\"es\"},{\"@type\":\"WebPage\",\"@id\":\"https:\\\/\\\/laredlarioja.com.ar\\\/sitio\\\/la-representacion-del-amor-y-el-deseo-lesbico-en-la-literatura-y-los-medios-audiovisuales\\\/\",\"url\":\"https:\\\/\\\/laredlarioja.com.ar\\\/sitio\\\/la-representacion-del-amor-y-el-deseo-lesbico-en-la-literatura-y-los-medios-audiovisuales\\\/\",\"name\":\"La representaci\u00f3n del amor y el deseo l\u00e9sbico en la literatura y los medios audiovisuales - LA RED 88.3 LA RIOJA\",\"isPartOf\":{\"@id\":\"https:\\\/\\\/laredlarioja.com.ar\\\/sitio\\\/#website\"},\"primaryImageOfPage\":{\"@id\":\"https:\\\/\\\/laredlarioja.com.ar\\\/sitio\\\/la-representacion-del-amor-y-el-deseo-lesbico-en-la-literatura-y-los-medios-audiovisuales\\\/#primaryimage\"},\"image\":{\"@id\":\"https:\\\/\\\/laredlarioja.com.ar\\\/sitio\\\/la-representacion-del-amor-y-el-deseo-lesbico-en-la-literatura-y-los-medios-audiovisuales\\\/#primaryimage\"},\"thumbnailUrl\":\"https:\\\/\\\/laredlarioja.com.ar\\\/sitio\\\/wp-content\\\/uploads\\\/2023\\\/11\\\/poema.jpeg\",\"datePublished\":\"2023-11-03T01:59:02+00:00\",\"dateModified\":\"2023-11-03T10:08:37+00:00\",\"breadcrumb\":{\"@id\":\"https:\\\/\\\/laredlarioja.com.ar\\\/sitio\\\/la-representacion-del-amor-y-el-deseo-lesbico-en-la-literatura-y-los-medios-audiovisuales\\\/#breadcrumb\"},\"inLanguage\":\"es\",\"potentialAction\":[{\"@type\":\"ReadAction\",\"target\":[\"https:\\\/\\\/laredlarioja.com.ar\\\/sitio\\\/la-representacion-del-amor-y-el-deseo-lesbico-en-la-literatura-y-los-medios-audiovisuales\\\/\"]}]},{\"@type\":\"ImageObject\",\"inLanguage\":\"es\",\"@id\":\"https:\\\/\\\/laredlarioja.com.ar\\\/sitio\\\/la-representacion-del-amor-y-el-deseo-lesbico-en-la-literatura-y-los-medios-audiovisuales\\\/#primaryimage\",\"url\":\"https:\\\/\\\/laredlarioja.com.ar\\\/sitio\\\/wp-content\\\/uploads\\\/2023\\\/11\\\/poema.jpeg\",\"contentUrl\":\"https:\\\/\\\/laredlarioja.com.ar\\\/sitio\\\/wp-content\\\/uploads\\\/2023\\\/11\\\/poema.jpeg\",\"width\":1200,\"height\":1143},{\"@type\":\"BreadcrumbList\",\"@id\":\"https:\\\/\\\/laredlarioja.com.ar\\\/sitio\\\/la-representacion-del-amor-y-el-deseo-lesbico-en-la-literatura-y-los-medios-audiovisuales\\\/#breadcrumb\",\"itemListElement\":[{\"@type\":\"ListItem\",\"position\":1,\"name\":\"Portada\",\"item\":\"https:\\\/\\\/laredlarioja.com.ar\\\/sitio\\\/\"},{\"@type\":\"ListItem\",\"position\":2,\"name\":\"La representaci\u00f3n del amor y el deseo l\u00e9sbico en la literatura y los medios audiovisuales\"}]},{\"@type\":\"WebSite\",\"@id\":\"https:\\\/\\\/laredlarioja.com.ar\\\/sitio\\\/#website\",\"url\":\"https:\\\/\\\/laredlarioja.com.ar\\\/sitio\\\/\",\"name\":\"LA RED 88.3 LA RIOJA\",\"description\":\"Sitio de Noticias\",\"publisher\":{\"@id\":\"https:\\\/\\\/laredlarioja.com.ar\\\/sitio\\\/#organization\"},\"potentialAction\":[{\"@type\":\"SearchAction\",\"target\":{\"@type\":\"EntryPoint\",\"urlTemplate\":\"https:\\\/\\\/laredlarioja.com.ar\\\/sitio\\\/?s={search_term_string}\"},\"query-input\":{\"@type\":\"PropertyValueSpecification\",\"valueRequired\":true,\"valueName\":\"search_term_string\"}}],\"inLanguage\":\"es\"},{\"@type\":\"Organization\",\"@id\":\"https:\\\/\\\/laredlarioja.com.ar\\\/sitio\\\/#organization\",\"name\":\"LA RED 88.3 LA RIOJA\",\"url\":\"https:\\\/\\\/laredlarioja.com.ar\\\/sitio\\\/\",\"logo\":{\"@type\":\"ImageObject\",\"inLanguage\":\"es\",\"@id\":\"https:\\\/\\\/laredlarioja.com.ar\\\/sitio\\\/#\\\/schema\\\/logo\\\/image\\\/\",\"url\":\"https:\\\/\\\/laredlarioja.com.ar\\\/sitio\\\/wp-content\\\/uploads\\\/2025\\\/05\\\/LOGO-LA-RED.png\",\"contentUrl\":\"https:\\\/\\\/laredlarioja.com.ar\\\/sitio\\\/wp-content\\\/uploads\\\/2025\\\/05\\\/LOGO-LA-RED.png\",\"width\":193,\"height\":340,\"caption\":\"LA RED 88.3 LA RIOJA\"},\"image\":{\"@id\":\"https:\\\/\\\/laredlarioja.com.ar\\\/sitio\\\/#\\\/schema\\\/logo\\\/image\\\/\"},\"sameAs\":[\"https:\\\/\\\/www.facebook.com\\\/lared.larioja\",\"https:\\\/\\\/x.com\\\/laredlarioja1\",\"https:\\\/\\\/www.instagram.com\\\/lared_larioja\\\/\"]},{\"@type\":\"Person\",\"@id\":\"https:\\\/\\\/laredlarioja.com.ar\\\/sitio\\\/#\\\/schema\\\/person\\\/f1e213867beccedaaa4fb548d9259d9a\",\"name\":\"La Red\",\"url\":\"https:\\\/\\\/laredlarioja.com.ar\\\/sitio\\\/author\\\/lared\\\/\"}]}<\/script>\n<!-- \/ Yoast SEO plugin. -->","yoast_head_json":{"title":"La representaci\u00f3n del amor y el deseo l\u00e9sbico en la literatura y los medios audiovisuales - LA RED 88.3 LA RIOJA","robots":{"index":"index","follow":"follow","max-snippet":"max-snippet:-1","max-image-preview":"max-image-preview:large","max-video-preview":"max-video-preview:-1"},"canonical":"https:\/\/laredlarioja.com.ar\/sitio\/la-representacion-del-amor-y-el-deseo-lesbico-en-la-literatura-y-los-medios-audiovisuales\/","og_locale":"es_ES","og_type":"article","og_title":"La representaci\u00f3n del amor y el deseo l\u00e9sbico en la literatura y los medios audiovisuales - LA RED 88.3 LA RIOJA","og_description":"Escribe: Valentina Urus &nbsp; A lo largo de los a\u00f1os la comunidad LGBT pudo conquistar sus derechos y","og_url":"https:\/\/laredlarioja.com.ar\/sitio\/la-representacion-del-amor-y-el-deseo-lesbico-en-la-literatura-y-los-medios-audiovisuales\/","og_site_name":"LA RED 88.3 LA RIOJA","article_publisher":"https:\/\/www.facebook.com\/lared.larioja","article_published_time":"2023-11-03T01:59:02+00:00","article_modified_time":"2023-11-03T10:08:37+00:00","og_image":[{"width":1200,"height":1143,"url":"https:\/\/laredlarioja.com.ar\/sitio\/wp-content\/uploads\/2023\/11\/poema.jpeg","type":"image\/jpeg"}],"author":"La Red","twitter_card":"summary_large_image","twitter_creator":"@laredlarioja1","twitter_site":"@laredlarioja1","twitter_misc":{"Escrito por":"La Red","Tiempo de lectura":"10 minutos"},"schema":{"@context":"https:\/\/schema.org","@graph":[{"@type":"Article","@id":"https:\/\/laredlarioja.com.ar\/sitio\/la-representacion-del-amor-y-el-deseo-lesbico-en-la-literatura-y-los-medios-audiovisuales\/#article","isPartOf":{"@id":"https:\/\/laredlarioja.com.ar\/sitio\/la-representacion-del-amor-y-el-deseo-lesbico-en-la-literatura-y-los-medios-audiovisuales\/"},"author":{"name":"La Red","@id":"https:\/\/laredlarioja.com.ar\/sitio\/#\/schema\/person\/f1e213867beccedaaa4fb548d9259d9a"},"headline":"La representaci\u00f3n del amor y el deseo l\u00e9sbico en la literatura y los medios audiovisuales","datePublished":"2023-11-03T01:59:02+00:00","dateModified":"2023-11-03T10:08:37+00:00","mainEntityOfPage":{"@id":"https:\/\/laredlarioja.com.ar\/sitio\/la-representacion-del-amor-y-el-deseo-lesbico-en-la-literatura-y-los-medios-audiovisuales\/"},"wordCount":1934,"publisher":{"@id":"https:\/\/laredlarioja.com.ar\/sitio\/#organization"},"image":{"@id":"https:\/\/laredlarioja.com.ar\/sitio\/la-representacion-del-amor-y-el-deseo-lesbico-en-la-literatura-y-los-medios-audiovisuales\/#primaryimage"},"thumbnailUrl":"https:\/\/laredlarioja.com.ar\/sitio\/wp-content\/uploads\/2023\/11\/poema.jpeg","articleSection":["Cultura y Espect\u00e1culos"],"inLanguage":"es"},{"@type":"WebPage","@id":"https:\/\/laredlarioja.com.ar\/sitio\/la-representacion-del-amor-y-el-deseo-lesbico-en-la-literatura-y-los-medios-audiovisuales\/","url":"https:\/\/laredlarioja.com.ar\/sitio\/la-representacion-del-amor-y-el-deseo-lesbico-en-la-literatura-y-los-medios-audiovisuales\/","name":"La representaci\u00f3n del amor y el deseo l\u00e9sbico en la literatura y los medios audiovisuales - LA RED 88.3 LA RIOJA","isPartOf":{"@id":"https:\/\/laredlarioja.com.ar\/sitio\/#website"},"primaryImageOfPage":{"@id":"https:\/\/laredlarioja.com.ar\/sitio\/la-representacion-del-amor-y-el-deseo-lesbico-en-la-literatura-y-los-medios-audiovisuales\/#primaryimage"},"image":{"@id":"https:\/\/laredlarioja.com.ar\/sitio\/la-representacion-del-amor-y-el-deseo-lesbico-en-la-literatura-y-los-medios-audiovisuales\/#primaryimage"},"thumbnailUrl":"https:\/\/laredlarioja.com.ar\/sitio\/wp-content\/uploads\/2023\/11\/poema.jpeg","datePublished":"2023-11-03T01:59:02+00:00","dateModified":"2023-11-03T10:08:37+00:00","breadcrumb":{"@id":"https:\/\/laredlarioja.com.ar\/sitio\/la-representacion-del-amor-y-el-deseo-lesbico-en-la-literatura-y-los-medios-audiovisuales\/#breadcrumb"},"inLanguage":"es","potentialAction":[{"@type":"ReadAction","target":["https:\/\/laredlarioja.com.ar\/sitio\/la-representacion-del-amor-y-el-deseo-lesbico-en-la-literatura-y-los-medios-audiovisuales\/"]}]},{"@type":"ImageObject","inLanguage":"es","@id":"https:\/\/laredlarioja.com.ar\/sitio\/la-representacion-del-amor-y-el-deseo-lesbico-en-la-literatura-y-los-medios-audiovisuales\/#primaryimage","url":"https:\/\/laredlarioja.com.ar\/sitio\/wp-content\/uploads\/2023\/11\/poema.jpeg","contentUrl":"https:\/\/laredlarioja.com.ar\/sitio\/wp-content\/uploads\/2023\/11\/poema.jpeg","width":1200,"height":1143},{"@type":"BreadcrumbList","@id":"https:\/\/laredlarioja.com.ar\/sitio\/la-representacion-del-amor-y-el-deseo-lesbico-en-la-literatura-y-los-medios-audiovisuales\/#breadcrumb","itemListElement":[{"@type":"ListItem","position":1,"name":"Portada","item":"https:\/\/laredlarioja.com.ar\/sitio\/"},{"@type":"ListItem","position":2,"name":"La representaci\u00f3n del amor y el deseo l\u00e9sbico en la literatura y los medios audiovisuales"}]},{"@type":"WebSite","@id":"https:\/\/laredlarioja.com.ar\/sitio\/#website","url":"https:\/\/laredlarioja.com.ar\/sitio\/","name":"LA RED 88.3 LA RIOJA","description":"Sitio de Noticias","publisher":{"@id":"https:\/\/laredlarioja.com.ar\/sitio\/#organization"},"potentialAction":[{"@type":"SearchAction","target":{"@type":"EntryPoint","urlTemplate":"https:\/\/laredlarioja.com.ar\/sitio\/?s={search_term_string}"},"query-input":{"@type":"PropertyValueSpecification","valueRequired":true,"valueName":"search_term_string"}}],"inLanguage":"es"},{"@type":"Organization","@id":"https:\/\/laredlarioja.com.ar\/sitio\/#organization","name":"LA RED 88.3 LA RIOJA","url":"https:\/\/laredlarioja.com.ar\/sitio\/","logo":{"@type":"ImageObject","inLanguage":"es","@id":"https:\/\/laredlarioja.com.ar\/sitio\/#\/schema\/logo\/image\/","url":"https:\/\/laredlarioja.com.ar\/sitio\/wp-content\/uploads\/2025\/05\/LOGO-LA-RED.png","contentUrl":"https:\/\/laredlarioja.com.ar\/sitio\/wp-content\/uploads\/2025\/05\/LOGO-LA-RED.png","width":193,"height":340,"caption":"LA RED 88.3 LA RIOJA"},"image":{"@id":"https:\/\/laredlarioja.com.ar\/sitio\/#\/schema\/logo\/image\/"},"sameAs":["https:\/\/www.facebook.com\/lared.larioja","https:\/\/x.com\/laredlarioja1","https:\/\/www.instagram.com\/lared_larioja\/"]},{"@type":"Person","@id":"https:\/\/laredlarioja.com.ar\/sitio\/#\/schema\/person\/f1e213867beccedaaa4fb548d9259d9a","name":"La Red","url":"https:\/\/laredlarioja.com.ar\/sitio\/author\/lared\/"}]}},"featured_image_urls":{"full":["https:\/\/laredlarioja.com.ar\/sitio\/wp-content\/uploads\/2023\/11\/poema.jpeg",1200,1143,false],"thumbnail":["https:\/\/laredlarioja.com.ar\/sitio\/wp-content\/uploads\/2023\/11\/poema-150x150.jpeg",150,150,true],"medium":["https:\/\/laredlarioja.com.ar\/sitio\/wp-content\/uploads\/2023\/11\/poema-300x286.jpeg",300,286,true],"medium_large":["https:\/\/laredlarioja.com.ar\/sitio\/wp-content\/uploads\/2023\/11\/poema-768x732.jpeg",640,610,true],"large":["https:\/\/laredlarioja.com.ar\/sitio\/wp-content\/uploads\/2023\/11\/poema-1024x975.jpeg",640,609,true],"1536x1536":["https:\/\/laredlarioja.com.ar\/sitio\/wp-content\/uploads\/2023\/11\/poema.jpeg",1200,1143,false],"2048x2048":["https:\/\/laredlarioja.com.ar\/sitio\/wp-content\/uploads\/2023\/11\/poema.jpeg",1200,1143,false],"cvmm-medium":["https:\/\/laredlarioja.com.ar\/sitio\/wp-content\/uploads\/2023\/11\/poema-300x300.jpeg",300,300,true],"cvmm-medium-plus":["https:\/\/laredlarioja.com.ar\/sitio\/wp-content\/uploads\/2023\/11\/poema-305x207.jpeg",305,207,true],"cvmm-portrait":["https:\/\/laredlarioja.com.ar\/sitio\/wp-content\/uploads\/2023\/11\/poema-400x600.jpeg",400,600,true],"cvmm-medium-square":["https:\/\/laredlarioja.com.ar\/sitio\/wp-content\/uploads\/2023\/11\/poema-600x600.jpeg",600,600,true],"cvmm-large":["https:\/\/laredlarioja.com.ar\/sitio\/wp-content\/uploads\/2023\/11\/poema-1024x1024.jpeg",1024,1024,true],"cvmm-small":["https:\/\/laredlarioja.com.ar\/sitio\/wp-content\/uploads\/2023\/11\/poema-130x95.jpeg",130,95,true],"morenews-large":["https:\/\/laredlarioja.com.ar\/sitio\/wp-content\/uploads\/2023\/11\/poema-825x575.jpeg",825,575,true],"morenews-medium":["https:\/\/laredlarioja.com.ar\/sitio\/wp-content\/uploads\/2023\/11\/poema-590x410.jpeg",590,410,true]},"author_info":{"display_name":"La Red","author_link":"https:\/\/laredlarioja.com.ar\/sitio\/author\/lared\/"},"category_info":"<a href=\"https:\/\/laredlarioja.com.ar\/sitio\/categorias\/cultura-y-espectaculos\/\" rel=\"category tag\">Cultura y Espect\u00e1culos<\/a>","tag_info":"Cultura y Espect\u00e1culos","comment_count":"0","blog_post_layout_featured_media_urls":{"thumbnail":["https:\/\/laredlarioja.com.ar\/sitio\/wp-content\/uploads\/2023\/11\/poema-150x150.jpeg",150,150,true],"full":["https:\/\/laredlarioja.com.ar\/sitio\/wp-content\/uploads\/2023\/11\/poema.jpeg",1200,1143,false]},"categories_names":{"27":{"name":"Cultura y Espect\u00e1culos","link":"https:\/\/laredlarioja.com.ar\/sitio\/categorias\/cultura-y-espectaculos\/"}},"tags_names":[],"comments_number":"0","wpmagazine_modules_lite_featured_media_urls":{"thumbnail":["https:\/\/laredlarioja.com.ar\/sitio\/wp-content\/uploads\/2023\/11\/poema-150x150.jpeg",150,150,true],"cvmm-medium":["https:\/\/laredlarioja.com.ar\/sitio\/wp-content\/uploads\/2023\/11\/poema-300x300.jpeg",300,300,true],"cvmm-medium-plus":["https:\/\/laredlarioja.com.ar\/sitio\/wp-content\/uploads\/2023\/11\/poema-305x207.jpeg",305,207,true],"cvmm-portrait":["https:\/\/laredlarioja.com.ar\/sitio\/wp-content\/uploads\/2023\/11\/poema-400x600.jpeg",400,600,true],"cvmm-medium-square":["https:\/\/laredlarioja.com.ar\/sitio\/wp-content\/uploads\/2023\/11\/poema-600x600.jpeg",600,600,true],"cvmm-large":["https:\/\/laredlarioja.com.ar\/sitio\/wp-content\/uploads\/2023\/11\/poema-1024x1024.jpeg",1024,1024,true],"cvmm-small":["https:\/\/laredlarioja.com.ar\/sitio\/wp-content\/uploads\/2023\/11\/poema-130x95.jpeg",130,95,true],"full":["https:\/\/laredlarioja.com.ar\/sitio\/wp-content\/uploads\/2023\/11\/poema.jpeg",1200,1143,false]},"_links":{"self":[{"href":"https:\/\/laredlarioja.com.ar\/sitio\/wp-json\/wp\/v2\/posts\/38456","targetHints":{"allow":["GET"]}}],"collection":[{"href":"https:\/\/laredlarioja.com.ar\/sitio\/wp-json\/wp\/v2\/posts"}],"about":[{"href":"https:\/\/laredlarioja.com.ar\/sitio\/wp-json\/wp\/v2\/types\/post"}],"author":[{"embeddable":true,"href":"https:\/\/laredlarioja.com.ar\/sitio\/wp-json\/wp\/v2\/users\/10"}],"replies":[{"embeddable":true,"href":"https:\/\/laredlarioja.com.ar\/sitio\/wp-json\/wp\/v2\/comments?post=38456"}],"version-history":[{"count":1,"href":"https:\/\/laredlarioja.com.ar\/sitio\/wp-json\/wp\/v2\/posts\/38456\/revisions"}],"predecessor-version":[{"id":38458,"href":"https:\/\/laredlarioja.com.ar\/sitio\/wp-json\/wp\/v2\/posts\/38456\/revisions\/38458"}],"wp:featuredmedia":[{"embeddable":true,"href":"https:\/\/laredlarioja.com.ar\/sitio\/wp-json\/wp\/v2\/media\/38457"}],"wp:attachment":[{"href":"https:\/\/laredlarioja.com.ar\/sitio\/wp-json\/wp\/v2\/media?parent=38456"}],"wp:term":[{"taxonomy":"category","embeddable":true,"href":"https:\/\/laredlarioja.com.ar\/sitio\/wp-json\/wp\/v2\/categories?post=38456"},{"taxonomy":"post_tag","embeddable":true,"href":"https:\/\/laredlarioja.com.ar\/sitio\/wp-json\/wp\/v2\/tags?post=38456"}],"curies":[{"name":"wp","href":"https:\/\/api.w.org\/{rel}","templated":true}]}}