{"id":38535,"date":"2023-11-06T13:20:26","date_gmt":"2023-11-06T13:20:26","guid":{"rendered":"https:\/\/laredlarioja.com.ar\/sitio\/?p=38535"},"modified":"2023-11-06T13:20:26","modified_gmt":"2023-11-06T13:20:26","slug":"larreta-una-gran-mayoria-del-pro-no-suscribe-a-las-ideas-de-extrema-derecha-de-milei","status":"publish","type":"post","link":"https:\/\/laredlarioja.com.ar\/sitio\/larreta-una-gran-mayoria-del-pro-no-suscribe-a-las-ideas-de-extrema-derecha-de-milei\/","title":{"rendered":"Larreta: \u00abUna gran mayor\u00eda del PRO no suscribe a las ideas de extrema derecha de Milei\u00bb"},"content":{"rendered":"<p>El jefe de Gobierno porte\u00f1o, Horacio Rodr\u00edguez Larreta, consider\u00f3 este domingo que no hay una \u00abgran mayor\u00eda del PRO que suscriba a las ideas de extrema derecha\u00bb del candidato de La Libertad Avanza, Javier Milei, y afirm\u00f3 que el expresidente Mauricio Macri le dio \u00abse\u00f1ales positivas\u00bb al economista libertario \u00abdesde el principio\u00bb.<\/p>\n<p>\u00ab<strong>No veo una gran mayor\u00eda del PRO que suscriba las ideas de extrema derecha de Milei, veo algunos que lo pueden hacer por conveniencia o veo a otros que lo apoyan a Milei porque creen que es el menos malo\u00bb,\u00a0<\/strong>indic\u00f3 Rodr\u00edguez Larreta en una entrevista para el portal Perfil publicada este domingo.<\/p>\n<p>En ese sentido, record\u00f3 que a la titular del PRO, Patricia Bullrich, la escuch\u00f3 decir \u00ablas ideas de Milei son malas y peligrosas\u00bb, en textuales palabras.<\/p>\n<p><strong>\u00abMauricio (Macri) es distinto, dijo &#8216;s\u00ed son nuestras ideas'\u00bb<\/strong>, agreg\u00f3.<\/p>\n<p>Larreta tambi\u00e9n consider\u00f3 que el exmandatario Macri \u00abusufructu\u00f3\u00bb a Patricia Bullrich como candidata presidencial para que \u00e9l no pueda ganar la interna de Juntos por el Cambio y lament\u00f3: \u00abPero as\u00ed perdimos todos y, sin caer en la soberbia, que hoy estemos enfrentados a estas dos alternativas dir\u00eda que perdieron los argentinos tambi\u00e9n\u00bb.<\/p>\n<p>Macri \u00able dio se\u00f1ales positivas a Milei desde el principio, y eso ya muestra una diferencia de visi\u00f3n del pa\u00eds que queremos\u00bb, apunt\u00f3 y advirti\u00f3 que \u00absi hay un acuerdo o no con Milei, un acuerdo en qu\u00e9 sentido, no tengo ni idea\u00bb.<\/p>\n<p>Respecto del apoyo que algunos dirigentes del ala larretista brindaron a Milei para el balotaje contra Sergio Massa, indic\u00f3 que respeta\u00a0<strong>\u00ablas posiciones personales de cada uno\u00bb y destac\u00f3 a quienes \u00abdefienden la unidad\u00bb<\/strong>.<\/p>\n<p>\u00abSiento que (excandidato a gobernador bonaerense, Diego) Santilli, defiende esa unidad, est\u00e1 trabajando en el bloque de Juntos por el Cambio, no est\u00e1 promoviendo que se vaya a otro bloque. Tampoco se expres\u00f3 demasiado claro todav\u00eda, no fue contundente, y mucho menos est\u00e1 reclutando gente para apoyar a Milei, o haciendo campa\u00f1a<strong>\u00ab<\/strong>, se\u00f1al\u00f3.<\/p>\n<p>Y anticip\u00f3 que \u00ab<strong>dicen que estaban haciendo una lista y haci\u00e9ndole firmar a los diputados que van a apoyar las posiciones de Milei. La gente no nos vot\u00f3 para eso, nos votaron para ser oposici\u00f3n a Milei o a Massa\u00bb<\/strong>.<\/p>\n<p>Tambi\u00e9n destac\u00f3 que \u00abla gente valora la coherencia\u00bb y apunt\u00f3 contra el candidato libertario que dice \u00abincoherencias\u00bb.<\/p>\n<p>\u00abEscucharlo a Milei hace 15 d\u00edas decir con total bajeza, mentira, que Patricia Bullrich pon\u00eda bombas en los jard\u00ednes de infantes, y diez d\u00edas despu\u00e9s parece que es una fen\u00f3mena, que es la mejor del mundo, es incoherente\u00bb, critic\u00f3.<\/p>\n<p>Y continu\u00f3: \u00abEn todo caso, del lado de Patricia, es un gesto de grandeza porque a pesar de que dijo todo eso, si ella considera que es la mejor alternativa&#8230; Pero del lado de Milei, sumar a tu campa\u00f1a alguien que dijiste hace diez d\u00edas, no hace tres a\u00f1os, que pone bombas en los jardines, esas incoherencias no suman\u00bb.<\/p>\n<p>Fuente: T\u00e9lam<\/p>\n","protected":false},"excerpt":{"rendered":"<p>El jefe de Gobierno porte\u00f1o, Horacio Rodr\u00edguez Larreta, consider\u00f3 este domingo que no hay una \u00abgran mayor\u00eda del<\/p>\n","protected":false},"author":10,"featured_media":38536,"comment_status":"closed","ping_status":"open","sticky":false,"template":"","format":"standard","meta":{"footnotes":""},"categories":[82],"tags":[],"class_list":["post-38535","post","type-post","status-publish","format-standard","has-post-thumbnail","hentry","category-elecciones"],"yoast_head":"<!-- This site is optimized with the Yoast SEO plugin v27.4 - https:\/\/yoast.com\/product\/yoast-seo-wordpress\/ -->\n<title>Larreta: &quot;Una gran mayor\u00eda del PRO no suscribe a las ideas de extrema derecha de Milei&quot; - LA RED 88.3 LA RIOJA<\/title>\n<meta name=\"robots\" content=\"index, follow, max-snippet:-1, max-image-preview:large, max-video-preview:-1\" \/>\n<link rel=\"canonical\" href=\"https:\/\/laredlarioja.com.ar\/sitio\/larreta-una-gran-mayoria-del-pro-no-suscribe-a-las-ideas-de-extrema-derecha-de-milei\/\" \/>\n<meta property=\"og:locale\" content=\"es_ES\" \/>\n<meta property=\"og:type\" content=\"article\" \/>\n<meta property=\"og:title\" content=\"Larreta: &quot;Una gran mayor\u00eda del PRO no suscribe a las ideas de extrema derecha de Milei&quot; - LA RED 88.3 LA RIOJA\" \/>\n<meta property=\"og:description\" content=\"El jefe de Gobierno porte\u00f1o, Horacio Rodr\u00edguez Larreta, consider\u00f3 este domingo que no hay una \u00abgran mayor\u00eda del\" \/>\n<meta property=\"og:url\" content=\"https:\/\/laredlarioja.com.ar\/sitio\/larreta-una-gran-mayoria-del-pro-no-suscribe-a-las-ideas-de-extrema-derecha-de-milei\/\" \/>\n<meta property=\"og:site_name\" content=\"LA RED 88.3 LA RIOJA\" \/>\n<meta property=\"article:publisher\" content=\"https:\/\/www.facebook.com\/lared.larioja\" \/>\n<meta property=\"article:published_time\" content=\"2023-11-06T13:20:26+00:00\" \/>\n<meta property=\"og:image\" content=\"https:\/\/laredlarioja.com.ar\/sitio\/wp-content\/uploads\/2023\/11\/LARRETA.jpg\" \/>\n\t<meta property=\"og:image:width\" content=\"1200\" \/>\n\t<meta property=\"og:image:height\" content=\"675\" \/>\n\t<meta property=\"og:image:type\" content=\"image\/jpeg\" \/>\n<meta name=\"author\" content=\"La Red\" \/>\n<meta name=\"twitter:card\" content=\"summary_large_image\" \/>\n<meta name=\"twitter:creator\" content=\"@laredlarioja1\" \/>\n<meta name=\"twitter:site\" content=\"@laredlarioja1\" \/>\n<meta name=\"twitter:label1\" content=\"Escrito por\" \/>\n\t<meta name=\"twitter:data1\" content=\"La Red\" \/>\n\t<meta name=\"twitter:label2\" content=\"Tiempo de lectura\" \/>\n\t<meta name=\"twitter:data2\" content=\"3 minutos\" \/>\n<script type=\"application\/ld+json\" class=\"yoast-schema-graph\">{\"@context\":\"https:\\\/\\\/schema.org\",\"@graph\":[{\"@type\":\"Article\",\"@id\":\"https:\\\/\\\/laredlarioja.com.ar\\\/sitio\\\/larreta-una-gran-mayoria-del-pro-no-suscribe-a-las-ideas-de-extrema-derecha-de-milei\\\/#article\",\"isPartOf\":{\"@id\":\"https:\\\/\\\/laredlarioja.com.ar\\\/sitio\\\/larreta-una-gran-mayoria-del-pro-no-suscribe-a-las-ideas-de-extrema-derecha-de-milei\\\/\"},\"author\":{\"name\":\"La Red\",\"@id\":\"https:\\\/\\\/laredlarioja.com.ar\\\/sitio\\\/#\\\/schema\\\/person\\\/f1e213867beccedaaa4fb548d9259d9a\"},\"headline\":\"Larreta: \u00abUna gran mayor\u00eda del PRO no suscribe a las ideas de extrema derecha de Milei\u00bb\",\"datePublished\":\"2023-11-06T13:20:26+00:00\",\"mainEntityOfPage\":{\"@id\":\"https:\\\/\\\/laredlarioja.com.ar\\\/sitio\\\/larreta-una-gran-mayoria-del-pro-no-suscribe-a-las-ideas-de-extrema-derecha-de-milei\\\/\"},\"wordCount\":525,\"publisher\":{\"@id\":\"https:\\\/\\\/laredlarioja.com.ar\\\/sitio\\\/#organization\"},\"image\":{\"@id\":\"https:\\\/\\\/laredlarioja.com.ar\\\/sitio\\\/larreta-una-gran-mayoria-del-pro-no-suscribe-a-las-ideas-de-extrema-derecha-de-milei\\\/#primaryimage\"},\"thumbnailUrl\":\"https:\\\/\\\/laredlarioja.com.ar\\\/sitio\\\/wp-content\\\/uploads\\\/2023\\\/11\\\/LARRETA.jpg\",\"articleSection\":[\"Elecciones\"],\"inLanguage\":\"es\"},{\"@type\":\"WebPage\",\"@id\":\"https:\\\/\\\/laredlarioja.com.ar\\\/sitio\\\/larreta-una-gran-mayoria-del-pro-no-suscribe-a-las-ideas-de-extrema-derecha-de-milei\\\/\",\"url\":\"https:\\\/\\\/laredlarioja.com.ar\\\/sitio\\\/larreta-una-gran-mayoria-del-pro-no-suscribe-a-las-ideas-de-extrema-derecha-de-milei\\\/\",\"name\":\"Larreta: \\\"Una gran mayor\u00eda del PRO no suscribe a las ideas de extrema derecha de Milei\\\" - LA RED 88.3 LA RIOJA\",\"isPartOf\":{\"@id\":\"https:\\\/\\\/laredlarioja.com.ar\\\/sitio\\\/#website\"},\"primaryImageOfPage\":{\"@id\":\"https:\\\/\\\/laredlarioja.com.ar\\\/sitio\\\/larreta-una-gran-mayoria-del-pro-no-suscribe-a-las-ideas-de-extrema-derecha-de-milei\\\/#primaryimage\"},\"image\":{\"@id\":\"https:\\\/\\\/laredlarioja.com.ar\\\/sitio\\\/larreta-una-gran-mayoria-del-pro-no-suscribe-a-las-ideas-de-extrema-derecha-de-milei\\\/#primaryimage\"},\"thumbnailUrl\":\"https:\\\/\\\/laredlarioja.com.ar\\\/sitio\\\/wp-content\\\/uploads\\\/2023\\\/11\\\/LARRETA.jpg\",\"datePublished\":\"2023-11-06T13:20:26+00:00\",\"breadcrumb\":{\"@id\":\"https:\\\/\\\/laredlarioja.com.ar\\\/sitio\\\/larreta-una-gran-mayoria-del-pro-no-suscribe-a-las-ideas-de-extrema-derecha-de-milei\\\/#breadcrumb\"},\"inLanguage\":\"es\",\"potentialAction\":[{\"@type\":\"ReadAction\",\"target\":[\"https:\\\/\\\/laredlarioja.com.ar\\\/sitio\\\/larreta-una-gran-mayoria-del-pro-no-suscribe-a-las-ideas-de-extrema-derecha-de-milei\\\/\"]}]},{\"@type\":\"ImageObject\",\"inLanguage\":\"es\",\"@id\":\"https:\\\/\\\/laredlarioja.com.ar\\\/sitio\\\/larreta-una-gran-mayoria-del-pro-no-suscribe-a-las-ideas-de-extrema-derecha-de-milei\\\/#primaryimage\",\"url\":\"https:\\\/\\\/laredlarioja.com.ar\\\/sitio\\\/wp-content\\\/uploads\\\/2023\\\/11\\\/LARRETA.jpg\",\"contentUrl\":\"https:\\\/\\\/laredlarioja.com.ar\\\/sitio\\\/wp-content\\\/uploads\\\/2023\\\/11\\\/LARRETA.jpg\",\"width\":1200,\"height\":675},{\"@type\":\"BreadcrumbList\",\"@id\":\"https:\\\/\\\/laredlarioja.com.ar\\\/sitio\\\/larreta-una-gran-mayoria-del-pro-no-suscribe-a-las-ideas-de-extrema-derecha-de-milei\\\/#breadcrumb\",\"itemListElement\":[{\"@type\":\"ListItem\",\"position\":1,\"name\":\"Portada\",\"item\":\"https:\\\/\\\/laredlarioja.com.ar\\\/sitio\\\/\"},{\"@type\":\"ListItem\",\"position\":2,\"name\":\"Larreta: &#8220;Una gran mayor\u00eda del PRO no suscribe a las ideas de extrema derecha de Milei&#8221;\"}]},{\"@type\":\"WebSite\",\"@id\":\"https:\\\/\\\/laredlarioja.com.ar\\\/sitio\\\/#website\",\"url\":\"https:\\\/\\\/laredlarioja.com.ar\\\/sitio\\\/\",\"name\":\"LA RED 88.3 LA RIOJA\",\"description\":\"Sitio de Noticias\",\"publisher\":{\"@id\":\"https:\\\/\\\/laredlarioja.com.ar\\\/sitio\\\/#organization\"},\"potentialAction\":[{\"@type\":\"SearchAction\",\"target\":{\"@type\":\"EntryPoint\",\"urlTemplate\":\"https:\\\/\\\/laredlarioja.com.ar\\\/sitio\\\/?s={search_term_string}\"},\"query-input\":{\"@type\":\"PropertyValueSpecification\",\"valueRequired\":true,\"valueName\":\"search_term_string\"}}],\"inLanguage\":\"es\"},{\"@type\":\"Organization\",\"@id\":\"https:\\\/\\\/laredlarioja.com.ar\\\/sitio\\\/#organization\",\"name\":\"LA RED 88.3 LA RIOJA\",\"url\":\"https:\\\/\\\/laredlarioja.com.ar\\\/sitio\\\/\",\"logo\":{\"@type\":\"ImageObject\",\"inLanguage\":\"es\",\"@id\":\"https:\\\/\\\/laredlarioja.com.ar\\\/sitio\\\/#\\\/schema\\\/logo\\\/image\\\/\",\"url\":\"https:\\\/\\\/laredlarioja.com.ar\\\/sitio\\\/wp-content\\\/uploads\\\/2025\\\/05\\\/LOGO-LA-RED.png\",\"contentUrl\":\"https:\\\/\\\/laredlarioja.com.ar\\\/sitio\\\/wp-content\\\/uploads\\\/2025\\\/05\\\/LOGO-LA-RED.png\",\"width\":193,\"height\":340,\"caption\":\"LA RED 88.3 LA RIOJA\"},\"image\":{\"@id\":\"https:\\\/\\\/laredlarioja.com.ar\\\/sitio\\\/#\\\/schema\\\/logo\\\/image\\\/\"},\"sameAs\":[\"https:\\\/\\\/www.facebook.com\\\/lared.larioja\",\"https:\\\/\\\/x.com\\\/laredlarioja1\",\"https:\\\/\\\/www.instagram.com\\\/lared_larioja\\\/\"]},{\"@type\":\"Person\",\"@id\":\"https:\\\/\\\/laredlarioja.com.ar\\\/sitio\\\/#\\\/schema\\\/person\\\/f1e213867beccedaaa4fb548d9259d9a\",\"name\":\"La Red\",\"url\":\"https:\\\/\\\/laredlarioja.com.ar\\\/sitio\\\/author\\\/lared\\\/\"}]}<\/script>\n<!-- \/ Yoast SEO plugin. -->","yoast_head_json":{"title":"Larreta: \"Una gran mayor\u00eda del PRO no suscribe a las ideas de extrema derecha de Milei\" - LA RED 88.3 LA RIOJA","robots":{"index":"index","follow":"follow","max-snippet":"max-snippet:-1","max-image-preview":"max-image-preview:large","max-video-preview":"max-video-preview:-1"},"canonical":"https:\/\/laredlarioja.com.ar\/sitio\/larreta-una-gran-mayoria-del-pro-no-suscribe-a-las-ideas-de-extrema-derecha-de-milei\/","og_locale":"es_ES","og_type":"article","og_title":"Larreta: \"Una gran mayor\u00eda del PRO no suscribe a las ideas de extrema derecha de Milei\" - LA RED 88.3 LA RIOJA","og_description":"El jefe de Gobierno porte\u00f1o, Horacio Rodr\u00edguez Larreta, consider\u00f3 este domingo que no hay una \u00abgran mayor\u00eda del","og_url":"https:\/\/laredlarioja.com.ar\/sitio\/larreta-una-gran-mayoria-del-pro-no-suscribe-a-las-ideas-de-extrema-derecha-de-milei\/","og_site_name":"LA RED 88.3 LA RIOJA","article_publisher":"https:\/\/www.facebook.com\/lared.larioja","article_published_time":"2023-11-06T13:20:26+00:00","og_image":[{"width":1200,"height":675,"url":"https:\/\/laredlarioja.com.ar\/sitio\/wp-content\/uploads\/2023\/11\/LARRETA.jpg","type":"image\/jpeg"}],"author":"La Red","twitter_card":"summary_large_image","twitter_creator":"@laredlarioja1","twitter_site":"@laredlarioja1","twitter_misc":{"Escrito por":"La Red","Tiempo de lectura":"3 minutos"},"schema":{"@context":"https:\/\/schema.org","@graph":[{"@type":"Article","@id":"https:\/\/laredlarioja.com.ar\/sitio\/larreta-una-gran-mayoria-del-pro-no-suscribe-a-las-ideas-de-extrema-derecha-de-milei\/#article","isPartOf":{"@id":"https:\/\/laredlarioja.com.ar\/sitio\/larreta-una-gran-mayoria-del-pro-no-suscribe-a-las-ideas-de-extrema-derecha-de-milei\/"},"author":{"name":"La Red","@id":"https:\/\/laredlarioja.com.ar\/sitio\/#\/schema\/person\/f1e213867beccedaaa4fb548d9259d9a"},"headline":"Larreta: \u00abUna gran mayor\u00eda del PRO no suscribe a las ideas de extrema derecha de Milei\u00bb","datePublished":"2023-11-06T13:20:26+00:00","mainEntityOfPage":{"@id":"https:\/\/laredlarioja.com.ar\/sitio\/larreta-una-gran-mayoria-del-pro-no-suscribe-a-las-ideas-de-extrema-derecha-de-milei\/"},"wordCount":525,"publisher":{"@id":"https:\/\/laredlarioja.com.ar\/sitio\/#organization"},"image":{"@id":"https:\/\/laredlarioja.com.ar\/sitio\/larreta-una-gran-mayoria-del-pro-no-suscribe-a-las-ideas-de-extrema-derecha-de-milei\/#primaryimage"},"thumbnailUrl":"https:\/\/laredlarioja.com.ar\/sitio\/wp-content\/uploads\/2023\/11\/LARRETA.jpg","articleSection":["Elecciones"],"inLanguage":"es"},{"@type":"WebPage","@id":"https:\/\/laredlarioja.com.ar\/sitio\/larreta-una-gran-mayoria-del-pro-no-suscribe-a-las-ideas-de-extrema-derecha-de-milei\/","url":"https:\/\/laredlarioja.com.ar\/sitio\/larreta-una-gran-mayoria-del-pro-no-suscribe-a-las-ideas-de-extrema-derecha-de-milei\/","name":"Larreta: \"Una gran mayor\u00eda del PRO no suscribe a las ideas de extrema derecha de Milei\" - LA RED 88.3 LA RIOJA","isPartOf":{"@id":"https:\/\/laredlarioja.com.ar\/sitio\/#website"},"primaryImageOfPage":{"@id":"https:\/\/laredlarioja.com.ar\/sitio\/larreta-una-gran-mayoria-del-pro-no-suscribe-a-las-ideas-de-extrema-derecha-de-milei\/#primaryimage"},"image":{"@id":"https:\/\/laredlarioja.com.ar\/sitio\/larreta-una-gran-mayoria-del-pro-no-suscribe-a-las-ideas-de-extrema-derecha-de-milei\/#primaryimage"},"thumbnailUrl":"https:\/\/laredlarioja.com.ar\/sitio\/wp-content\/uploads\/2023\/11\/LARRETA.jpg","datePublished":"2023-11-06T13:20:26+00:00","breadcrumb":{"@id":"https:\/\/laredlarioja.com.ar\/sitio\/larreta-una-gran-mayoria-del-pro-no-suscribe-a-las-ideas-de-extrema-derecha-de-milei\/#breadcrumb"},"inLanguage":"es","potentialAction":[{"@type":"ReadAction","target":["https:\/\/laredlarioja.com.ar\/sitio\/larreta-una-gran-mayoria-del-pro-no-suscribe-a-las-ideas-de-extrema-derecha-de-milei\/"]}]},{"@type":"ImageObject","inLanguage":"es","@id":"https:\/\/laredlarioja.com.ar\/sitio\/larreta-una-gran-mayoria-del-pro-no-suscribe-a-las-ideas-de-extrema-derecha-de-milei\/#primaryimage","url":"https:\/\/laredlarioja.com.ar\/sitio\/wp-content\/uploads\/2023\/11\/LARRETA.jpg","contentUrl":"https:\/\/laredlarioja.com.ar\/sitio\/wp-content\/uploads\/2023\/11\/LARRETA.jpg","width":1200,"height":675},{"@type":"BreadcrumbList","@id":"https:\/\/laredlarioja.com.ar\/sitio\/larreta-una-gran-mayoria-del-pro-no-suscribe-a-las-ideas-de-extrema-derecha-de-milei\/#breadcrumb","itemListElement":[{"@type":"ListItem","position":1,"name":"Portada","item":"https:\/\/laredlarioja.com.ar\/sitio\/"},{"@type":"ListItem","position":2,"name":"Larreta: &#8220;Una gran mayor\u00eda del PRO no suscribe a las ideas de extrema derecha de Milei&#8221;"}]},{"@type":"WebSite","@id":"https:\/\/laredlarioja.com.ar\/sitio\/#website","url":"https:\/\/laredlarioja.com.ar\/sitio\/","name":"LA RED 88.3 LA RIOJA","description":"Sitio de Noticias","publisher":{"@id":"https:\/\/laredlarioja.com.ar\/sitio\/#organization"},"potentialAction":[{"@type":"SearchAction","target":{"@type":"EntryPoint","urlTemplate":"https:\/\/laredlarioja.com.ar\/sitio\/?s={search_term_string}"},"query-input":{"@type":"PropertyValueSpecification","valueRequired":true,"valueName":"search_term_string"}}],"inLanguage":"es"},{"@type":"Organization","@id":"https:\/\/laredlarioja.com.ar\/sitio\/#organization","name":"LA RED 88.3 LA RIOJA","url":"https:\/\/laredlarioja.com.ar\/sitio\/","logo":{"@type":"ImageObject","inLanguage":"es","@id":"https:\/\/laredlarioja.com.ar\/sitio\/#\/schema\/logo\/image\/","url":"https:\/\/laredlarioja.com.ar\/sitio\/wp-content\/uploads\/2025\/05\/LOGO-LA-RED.png","contentUrl":"https:\/\/laredlarioja.com.ar\/sitio\/wp-content\/uploads\/2025\/05\/LOGO-LA-RED.png","width":193,"height":340,"caption":"LA RED 88.3 LA RIOJA"},"image":{"@id":"https:\/\/laredlarioja.com.ar\/sitio\/#\/schema\/logo\/image\/"},"sameAs":["https:\/\/www.facebook.com\/lared.larioja","https:\/\/x.com\/laredlarioja1","https:\/\/www.instagram.com\/lared_larioja\/"]},{"@type":"Person","@id":"https:\/\/laredlarioja.com.ar\/sitio\/#\/schema\/person\/f1e213867beccedaaa4fb548d9259d9a","name":"La Red","url":"https:\/\/laredlarioja.com.ar\/sitio\/author\/lared\/"}]}},"featured_image_urls":{"full":["https:\/\/laredlarioja.com.ar\/sitio\/wp-content\/uploads\/2023\/11\/LARRETA.jpg",1200,675,false],"thumbnail":["https:\/\/laredlarioja.com.ar\/sitio\/wp-content\/uploads\/2023\/11\/LARRETA-150x150.jpg",150,150,true],"medium":["https:\/\/laredlarioja.com.ar\/sitio\/wp-content\/uploads\/2023\/11\/LARRETA-300x169.jpg",300,169,true],"medium_large":["https:\/\/laredlarioja.com.ar\/sitio\/wp-content\/uploads\/2023\/11\/LARRETA-768x432.jpg",640,360,true],"large":["https:\/\/laredlarioja.com.ar\/sitio\/wp-content\/uploads\/2023\/11\/LARRETA-1024x576.jpg",640,360,true],"1536x1536":["https:\/\/laredlarioja.com.ar\/sitio\/wp-content\/uploads\/2023\/11\/LARRETA.jpg",1200,675,false],"2048x2048":["https:\/\/laredlarioja.com.ar\/sitio\/wp-content\/uploads\/2023\/11\/LARRETA.jpg",1200,675,false],"cvmm-medium":["https:\/\/laredlarioja.com.ar\/sitio\/wp-content\/uploads\/2023\/11\/LARRETA-300x300.jpg",300,300,true],"cvmm-medium-plus":["https:\/\/laredlarioja.com.ar\/sitio\/wp-content\/uploads\/2023\/11\/LARRETA-305x207.jpg",305,207,true],"cvmm-portrait":["https:\/\/laredlarioja.com.ar\/sitio\/wp-content\/uploads\/2023\/11\/LARRETA-400x600.jpg",400,600,true],"cvmm-medium-square":["https:\/\/laredlarioja.com.ar\/sitio\/wp-content\/uploads\/2023\/11\/LARRETA-600x600.jpg",600,600,true],"cvmm-large":["https:\/\/laredlarioja.com.ar\/sitio\/wp-content\/uploads\/2023\/11\/LARRETA-1024x675.jpg",1024,675,true],"cvmm-small":["https:\/\/laredlarioja.com.ar\/sitio\/wp-content\/uploads\/2023\/11\/LARRETA-130x95.jpg",130,95,true],"morenews-large":["https:\/\/laredlarioja.com.ar\/sitio\/wp-content\/uploads\/2023\/11\/LARRETA-825x575.jpg",825,575,true],"morenews-medium":["https:\/\/laredlarioja.com.ar\/sitio\/wp-content\/uploads\/2023\/11\/LARRETA-590x410.jpg",590,410,true]},"author_info":{"display_name":"La Red","author_link":"https:\/\/laredlarioja.com.ar\/sitio\/author\/lared\/"},"category_info":"<a href=\"https:\/\/laredlarioja.com.ar\/sitio\/categorias\/elecciones\/\" rel=\"category tag\">Elecciones<\/a>","tag_info":"Elecciones","comment_count":"0","blog_post_layout_featured_media_urls":{"thumbnail":["https:\/\/laredlarioja.com.ar\/sitio\/wp-content\/uploads\/2023\/11\/LARRETA-150x150.jpg",150,150,true],"full":["https:\/\/laredlarioja.com.ar\/sitio\/wp-content\/uploads\/2023\/11\/LARRETA.jpg",1200,675,false]},"categories_names":{"82":{"name":"Elecciones","link":"https:\/\/laredlarioja.com.ar\/sitio\/categorias\/elecciones\/"}},"tags_names":[],"comments_number":"0","wpmagazine_modules_lite_featured_media_urls":{"thumbnail":["https:\/\/laredlarioja.com.ar\/sitio\/wp-content\/uploads\/2023\/11\/LARRETA-150x150.jpg",150,150,true],"cvmm-medium":["https:\/\/laredlarioja.com.ar\/sitio\/wp-content\/uploads\/2023\/11\/LARRETA-300x300.jpg",300,300,true],"cvmm-medium-plus":["https:\/\/laredlarioja.com.ar\/sitio\/wp-content\/uploads\/2023\/11\/LARRETA-305x207.jpg",305,207,true],"cvmm-portrait":["https:\/\/laredlarioja.com.ar\/sitio\/wp-content\/uploads\/2023\/11\/LARRETA-400x600.jpg",400,600,true],"cvmm-medium-square":["https:\/\/laredlarioja.com.ar\/sitio\/wp-content\/uploads\/2023\/11\/LARRETA-600x600.jpg",600,600,true],"cvmm-large":["https:\/\/laredlarioja.com.ar\/sitio\/wp-content\/uploads\/2023\/11\/LARRETA-1024x675.jpg",1024,675,true],"cvmm-small":["https:\/\/laredlarioja.com.ar\/sitio\/wp-content\/uploads\/2023\/11\/LARRETA-130x95.jpg",130,95,true],"full":["https:\/\/laredlarioja.com.ar\/sitio\/wp-content\/uploads\/2023\/11\/LARRETA.jpg",1200,675,false]},"_links":{"self":[{"href":"https:\/\/laredlarioja.com.ar\/sitio\/wp-json\/wp\/v2\/posts\/38535","targetHints":{"allow":["GET"]}}],"collection":[{"href":"https:\/\/laredlarioja.com.ar\/sitio\/wp-json\/wp\/v2\/posts"}],"about":[{"href":"https:\/\/laredlarioja.com.ar\/sitio\/wp-json\/wp\/v2\/types\/post"}],"author":[{"embeddable":true,"href":"https:\/\/laredlarioja.com.ar\/sitio\/wp-json\/wp\/v2\/users\/10"}],"replies":[{"embeddable":true,"href":"https:\/\/laredlarioja.com.ar\/sitio\/wp-json\/wp\/v2\/comments?post=38535"}],"version-history":[{"count":1,"href":"https:\/\/laredlarioja.com.ar\/sitio\/wp-json\/wp\/v2\/posts\/38535\/revisions"}],"predecessor-version":[{"id":38537,"href":"https:\/\/laredlarioja.com.ar\/sitio\/wp-json\/wp\/v2\/posts\/38535\/revisions\/38537"}],"wp:featuredmedia":[{"embeddable":true,"href":"https:\/\/laredlarioja.com.ar\/sitio\/wp-json\/wp\/v2\/media\/38536"}],"wp:attachment":[{"href":"https:\/\/laredlarioja.com.ar\/sitio\/wp-json\/wp\/v2\/media?parent=38535"}],"wp:term":[{"taxonomy":"category","embeddable":true,"href":"https:\/\/laredlarioja.com.ar\/sitio\/wp-json\/wp\/v2\/categories?post=38535"},{"taxonomy":"post_tag","embeddable":true,"href":"https:\/\/laredlarioja.com.ar\/sitio\/wp-json\/wp\/v2\/tags?post=38535"}],"curies":[{"name":"wp","href":"https:\/\/api.w.org\/{rel}","templated":true}]}}