{"id":39886,"date":"2023-12-04T20:41:49","date_gmt":"2023-12-04T20:41:49","guid":{"rendered":"https:\/\/laredlarioja.com.ar\/sitio\/?p=39886"},"modified":"2023-12-04T20:41:49","modified_gmt":"2023-12-04T20:41:49","slug":"confirmaron-el-hallazgo-de-los-cuerpos-de-los-tres-andinistas-argentinos","status":"publish","type":"post","link":"https:\/\/laredlarioja.com.ar\/sitio\/confirmaron-el-hallazgo-de-los-cuerpos-de-los-tres-andinistas-argentinos\/","title":{"rendered":"Confirmaron el hallazgo de los cuerpos de los tres andinistas argentinos"},"content":{"rendered":"<p>Los<strong>\u00a0Carabineros de Chile\u00a0<\/strong>informaron este lunes que, luego del despliegue de un equipo multidisciplinario en la alta monta\u00f1a, espec\u00edficamente en el<strong>\u00a0Cerro Marmolejo<\/strong>\u00a0de la Cordillera de Los Andes, \u201cla divisi\u00f3n del Grupo de Operaciones Policiales Especiales GOPE<strong>\u00a0encontr\u00f3 los cuerpos de tres andinistas\u00a0<\/strong>que se encontraban desaparecidos\u201d.<\/p>\n<p>\u00abDurante esta tarde, tras las coordinaciones en terreno efectuadas por parte de SENAPRED con integrantes del sistema, tales como Carabineros de Chile, el Estado Mayor Conjunto de Chile, el Ej\u00e9rcito de Chile y Socorro Andino Chile; el personal especializado del GOPE de Carabineros Chile\u00a0<strong>encontr\u00f3 los cuerpos de los tres andinistas argentinos desaparecidos en Cerro Marmolejo<\/strong>\u00ab, public\u00f3 la cuenta de X de SINAPRED.<\/p>\n<p><strong>\u00abEl SINAPRED se mantiene desplegado en el lugar con motivo de establecer los cursos de acci\u00f3n para la extracci\u00f3n de los cuerpos<\/strong>\u00ab, agreg\u00f3 el organismo.<\/p>\n<p>Seg\u00fan public\u00f3 el sitio de noticias chileno\u00a0<em>Meganoticias,\u00a0<\/em>uno de los pilotos de la empresa Rotortec, Francisco Flux\u00e1, fue quien asever\u00f3 haber divisado a los deportistas.\u00a0<strong>\u201cNinguno hizo se\u00f1ales al helic\u00f3ptero\u201d<\/strong>, asegur\u00f3 el piloto, quien explic\u00f3 que en estos momentos hay una temperatura de\u00a0<strong>15 grados bajo cero<\/strong>\u00a0en esa zona de la cordillera.<\/p>\n<p>Carabineros, por su parte, comunic\u00f3 por X: \u00abLuego del despliegue de nuestro equipo multidisciplinario en la alta monta\u00f1a, espec\u00edficamente en el Cerro Marmolejo, Carabineros del Grupo de Operaciones Policiales Especiales GOPE,\u00a0<strong>encontr\u00f3 los cuerpos de tres andinistas que se encontraban desaparecidos, actualmente se est\u00e1n realizando todos los trabajos para la extracci\u00f3n de ellos<\/strong>\u00ab, dec\u00eda el tuit.<\/p>\n","protected":false},"excerpt":{"rendered":"<p>Los\u00a0Carabineros de Chile\u00a0informaron este lunes que, luego del despliegue de un equipo multidisciplinario en la alta monta\u00f1a, espec\u00edficamente<\/p>\n","protected":false},"author":10,"featured_media":39887,"comment_status":"closed","ping_status":"open","sticky":false,"template":"","format":"standard","meta":{"footnotes":""},"categories":[28],"tags":[],"class_list":["post-39886","post","type-post","status-publish","format-standard","has-post-thumbnail","hentry","category-nacionales"],"yoast_head":"<!-- This site is optimized with the Yoast SEO plugin v27.4 - https:\/\/yoast.com\/product\/yoast-seo-wordpress\/ -->\n<title>Confirmaron el hallazgo de los cuerpos de los tres andinistas argentinos - LA RED 88.3 LA RIOJA<\/title>\n<meta name=\"robots\" content=\"index, follow, max-snippet:-1, max-image-preview:large, max-video-preview:-1\" \/>\n<link rel=\"canonical\" href=\"https:\/\/laredlarioja.com.ar\/sitio\/confirmaron-el-hallazgo-de-los-cuerpos-de-los-tres-andinistas-argentinos\/\" \/>\n<meta property=\"og:locale\" content=\"es_ES\" \/>\n<meta property=\"og:type\" content=\"article\" \/>\n<meta property=\"og:title\" content=\"Confirmaron el hallazgo de los cuerpos de los tres andinistas argentinos - LA RED 88.3 LA RIOJA\" \/>\n<meta property=\"og:description\" content=\"Los\u00a0Carabineros de Chile\u00a0informaron este lunes que, luego del despliegue de un equipo multidisciplinario en la alta monta\u00f1a, espec\u00edficamente\" \/>\n<meta property=\"og:url\" content=\"https:\/\/laredlarioja.com.ar\/sitio\/confirmaron-el-hallazgo-de-los-cuerpos-de-los-tres-andinistas-argentinos\/\" \/>\n<meta property=\"og:site_name\" content=\"LA RED 88.3 LA RIOJA\" \/>\n<meta property=\"article:publisher\" content=\"https:\/\/www.facebook.com\/lared.larioja\" \/>\n<meta property=\"article:published_time\" content=\"2023-12-04T20:41:49+00:00\" \/>\n<meta property=\"og:image\" content=\"https:\/\/laredlarioja.com.ar\/sitio\/wp-content\/uploads\/2023\/12\/6467ad338fc1d_1200.jpg\" \/>\n\t<meta property=\"og:image:width\" content=\"1200\" \/>\n\t<meta property=\"og:image:height\" content=\"675\" \/>\n\t<meta property=\"og:image:type\" content=\"image\/jpeg\" \/>\n<meta name=\"author\" content=\"La Red\" \/>\n<meta name=\"twitter:card\" content=\"summary_large_image\" \/>\n<meta name=\"twitter:creator\" content=\"@laredlarioja1\" \/>\n<meta name=\"twitter:site\" content=\"@laredlarioja1\" \/>\n<meta name=\"twitter:label1\" content=\"Escrito por\" \/>\n\t<meta name=\"twitter:data1\" content=\"La Red\" \/>\n\t<meta name=\"twitter:label2\" content=\"Tiempo de lectura\" \/>\n\t<meta name=\"twitter:data2\" content=\"1 minuto\" \/>\n<script type=\"application\/ld+json\" class=\"yoast-schema-graph\">{\"@context\":\"https:\\\/\\\/schema.org\",\"@graph\":[{\"@type\":\"Article\",\"@id\":\"https:\\\/\\\/laredlarioja.com.ar\\\/sitio\\\/confirmaron-el-hallazgo-de-los-cuerpos-de-los-tres-andinistas-argentinos\\\/#article\",\"isPartOf\":{\"@id\":\"https:\\\/\\\/laredlarioja.com.ar\\\/sitio\\\/confirmaron-el-hallazgo-de-los-cuerpos-de-los-tres-andinistas-argentinos\\\/\"},\"author\":{\"name\":\"La Red\",\"@id\":\"https:\\\/\\\/laredlarioja.com.ar\\\/sitio\\\/#\\\/schema\\\/person\\\/f1e213867beccedaaa4fb548d9259d9a\"},\"headline\":\"Confirmaron el hallazgo de los cuerpos de los tres andinistas argentinos\",\"datePublished\":\"2023-12-04T20:41:49+00:00\",\"mainEntityOfPage\":{\"@id\":\"https:\\\/\\\/laredlarioja.com.ar\\\/sitio\\\/confirmaron-el-hallazgo-de-los-cuerpos-de-los-tres-andinistas-argentinos\\\/\"},\"wordCount\":271,\"publisher\":{\"@id\":\"https:\\\/\\\/laredlarioja.com.ar\\\/sitio\\\/#organization\"},\"image\":{\"@id\":\"https:\\\/\\\/laredlarioja.com.ar\\\/sitio\\\/confirmaron-el-hallazgo-de-los-cuerpos-de-los-tres-andinistas-argentinos\\\/#primaryimage\"},\"thumbnailUrl\":\"https:\\\/\\\/laredlarioja.com.ar\\\/sitio\\\/wp-content\\\/uploads\\\/2023\\\/12\\\/6467ad338fc1d_1200.jpg\",\"articleSection\":[\"Nacionales\"],\"inLanguage\":\"es\"},{\"@type\":\"WebPage\",\"@id\":\"https:\\\/\\\/laredlarioja.com.ar\\\/sitio\\\/confirmaron-el-hallazgo-de-los-cuerpos-de-los-tres-andinistas-argentinos\\\/\",\"url\":\"https:\\\/\\\/laredlarioja.com.ar\\\/sitio\\\/confirmaron-el-hallazgo-de-los-cuerpos-de-los-tres-andinistas-argentinos\\\/\",\"name\":\"Confirmaron el hallazgo de los cuerpos de los tres andinistas argentinos - LA RED 88.3 LA RIOJA\",\"isPartOf\":{\"@id\":\"https:\\\/\\\/laredlarioja.com.ar\\\/sitio\\\/#website\"},\"primaryImageOfPage\":{\"@id\":\"https:\\\/\\\/laredlarioja.com.ar\\\/sitio\\\/confirmaron-el-hallazgo-de-los-cuerpos-de-los-tres-andinistas-argentinos\\\/#primaryimage\"},\"image\":{\"@id\":\"https:\\\/\\\/laredlarioja.com.ar\\\/sitio\\\/confirmaron-el-hallazgo-de-los-cuerpos-de-los-tres-andinistas-argentinos\\\/#primaryimage\"},\"thumbnailUrl\":\"https:\\\/\\\/laredlarioja.com.ar\\\/sitio\\\/wp-content\\\/uploads\\\/2023\\\/12\\\/6467ad338fc1d_1200.jpg\",\"datePublished\":\"2023-12-04T20:41:49+00:00\",\"breadcrumb\":{\"@id\":\"https:\\\/\\\/laredlarioja.com.ar\\\/sitio\\\/confirmaron-el-hallazgo-de-los-cuerpos-de-los-tres-andinistas-argentinos\\\/#breadcrumb\"},\"inLanguage\":\"es\",\"potentialAction\":[{\"@type\":\"ReadAction\",\"target\":[\"https:\\\/\\\/laredlarioja.com.ar\\\/sitio\\\/confirmaron-el-hallazgo-de-los-cuerpos-de-los-tres-andinistas-argentinos\\\/\"]}]},{\"@type\":\"ImageObject\",\"inLanguage\":\"es\",\"@id\":\"https:\\\/\\\/laredlarioja.com.ar\\\/sitio\\\/confirmaron-el-hallazgo-de-los-cuerpos-de-los-tres-andinistas-argentinos\\\/#primaryimage\",\"url\":\"https:\\\/\\\/laredlarioja.com.ar\\\/sitio\\\/wp-content\\\/uploads\\\/2023\\\/12\\\/6467ad338fc1d_1200.jpg\",\"contentUrl\":\"https:\\\/\\\/laredlarioja.com.ar\\\/sitio\\\/wp-content\\\/uploads\\\/2023\\\/12\\\/6467ad338fc1d_1200.jpg\",\"width\":1200,\"height\":675},{\"@type\":\"BreadcrumbList\",\"@id\":\"https:\\\/\\\/laredlarioja.com.ar\\\/sitio\\\/confirmaron-el-hallazgo-de-los-cuerpos-de-los-tres-andinistas-argentinos\\\/#breadcrumb\",\"itemListElement\":[{\"@type\":\"ListItem\",\"position\":1,\"name\":\"Portada\",\"item\":\"https:\\\/\\\/laredlarioja.com.ar\\\/sitio\\\/\"},{\"@type\":\"ListItem\",\"position\":2,\"name\":\"Confirmaron el hallazgo de los cuerpos de los tres andinistas argentinos\"}]},{\"@type\":\"WebSite\",\"@id\":\"https:\\\/\\\/laredlarioja.com.ar\\\/sitio\\\/#website\",\"url\":\"https:\\\/\\\/laredlarioja.com.ar\\\/sitio\\\/\",\"name\":\"LA RED 88.3 LA RIOJA\",\"description\":\"Sitio de Noticias\",\"publisher\":{\"@id\":\"https:\\\/\\\/laredlarioja.com.ar\\\/sitio\\\/#organization\"},\"potentialAction\":[{\"@type\":\"SearchAction\",\"target\":{\"@type\":\"EntryPoint\",\"urlTemplate\":\"https:\\\/\\\/laredlarioja.com.ar\\\/sitio\\\/?s={search_term_string}\"},\"query-input\":{\"@type\":\"PropertyValueSpecification\",\"valueRequired\":true,\"valueName\":\"search_term_string\"}}],\"inLanguage\":\"es\"},{\"@type\":\"Organization\",\"@id\":\"https:\\\/\\\/laredlarioja.com.ar\\\/sitio\\\/#organization\",\"name\":\"LA RED 88.3 LA RIOJA\",\"url\":\"https:\\\/\\\/laredlarioja.com.ar\\\/sitio\\\/\",\"logo\":{\"@type\":\"ImageObject\",\"inLanguage\":\"es\",\"@id\":\"https:\\\/\\\/laredlarioja.com.ar\\\/sitio\\\/#\\\/schema\\\/logo\\\/image\\\/\",\"url\":\"https:\\\/\\\/laredlarioja.com.ar\\\/sitio\\\/wp-content\\\/uploads\\\/2025\\\/05\\\/LOGO-LA-RED.png\",\"contentUrl\":\"https:\\\/\\\/laredlarioja.com.ar\\\/sitio\\\/wp-content\\\/uploads\\\/2025\\\/05\\\/LOGO-LA-RED.png\",\"width\":193,\"height\":340,\"caption\":\"LA RED 88.3 LA RIOJA\"},\"image\":{\"@id\":\"https:\\\/\\\/laredlarioja.com.ar\\\/sitio\\\/#\\\/schema\\\/logo\\\/image\\\/\"},\"sameAs\":[\"https:\\\/\\\/www.facebook.com\\\/lared.larioja\",\"https:\\\/\\\/x.com\\\/laredlarioja1\",\"https:\\\/\\\/www.instagram.com\\\/lared_larioja\\\/\"]},{\"@type\":\"Person\",\"@id\":\"https:\\\/\\\/laredlarioja.com.ar\\\/sitio\\\/#\\\/schema\\\/person\\\/f1e213867beccedaaa4fb548d9259d9a\",\"name\":\"La Red\",\"url\":\"https:\\\/\\\/laredlarioja.com.ar\\\/sitio\\\/author\\\/lared\\\/\"}]}<\/script>\n<!-- \/ Yoast SEO plugin. -->","yoast_head_json":{"title":"Confirmaron el hallazgo de los cuerpos de los tres andinistas argentinos - LA RED 88.3 LA RIOJA","robots":{"index":"index","follow":"follow","max-snippet":"max-snippet:-1","max-image-preview":"max-image-preview:large","max-video-preview":"max-video-preview:-1"},"canonical":"https:\/\/laredlarioja.com.ar\/sitio\/confirmaron-el-hallazgo-de-los-cuerpos-de-los-tres-andinistas-argentinos\/","og_locale":"es_ES","og_type":"article","og_title":"Confirmaron el hallazgo de los cuerpos de los tres andinistas argentinos - LA RED 88.3 LA RIOJA","og_description":"Los\u00a0Carabineros de Chile\u00a0informaron este lunes que, luego del despliegue de un equipo multidisciplinario en la alta monta\u00f1a, espec\u00edficamente","og_url":"https:\/\/laredlarioja.com.ar\/sitio\/confirmaron-el-hallazgo-de-los-cuerpos-de-los-tres-andinistas-argentinos\/","og_site_name":"LA RED 88.3 LA RIOJA","article_publisher":"https:\/\/www.facebook.com\/lared.larioja","article_published_time":"2023-12-04T20:41:49+00:00","og_image":[{"width":1200,"height":675,"url":"https:\/\/laredlarioja.com.ar\/sitio\/wp-content\/uploads\/2023\/12\/6467ad338fc1d_1200.jpg","type":"image\/jpeg"}],"author":"La Red","twitter_card":"summary_large_image","twitter_creator":"@laredlarioja1","twitter_site":"@laredlarioja1","twitter_misc":{"Escrito por":"La Red","Tiempo de lectura":"1 minuto"},"schema":{"@context":"https:\/\/schema.org","@graph":[{"@type":"Article","@id":"https:\/\/laredlarioja.com.ar\/sitio\/confirmaron-el-hallazgo-de-los-cuerpos-de-los-tres-andinistas-argentinos\/#article","isPartOf":{"@id":"https:\/\/laredlarioja.com.ar\/sitio\/confirmaron-el-hallazgo-de-los-cuerpos-de-los-tres-andinistas-argentinos\/"},"author":{"name":"La Red","@id":"https:\/\/laredlarioja.com.ar\/sitio\/#\/schema\/person\/f1e213867beccedaaa4fb548d9259d9a"},"headline":"Confirmaron el hallazgo de los cuerpos de los tres andinistas argentinos","datePublished":"2023-12-04T20:41:49+00:00","mainEntityOfPage":{"@id":"https:\/\/laredlarioja.com.ar\/sitio\/confirmaron-el-hallazgo-de-los-cuerpos-de-los-tres-andinistas-argentinos\/"},"wordCount":271,"publisher":{"@id":"https:\/\/laredlarioja.com.ar\/sitio\/#organization"},"image":{"@id":"https:\/\/laredlarioja.com.ar\/sitio\/confirmaron-el-hallazgo-de-los-cuerpos-de-los-tres-andinistas-argentinos\/#primaryimage"},"thumbnailUrl":"https:\/\/laredlarioja.com.ar\/sitio\/wp-content\/uploads\/2023\/12\/6467ad338fc1d_1200.jpg","articleSection":["Nacionales"],"inLanguage":"es"},{"@type":"WebPage","@id":"https:\/\/laredlarioja.com.ar\/sitio\/confirmaron-el-hallazgo-de-los-cuerpos-de-los-tres-andinistas-argentinos\/","url":"https:\/\/laredlarioja.com.ar\/sitio\/confirmaron-el-hallazgo-de-los-cuerpos-de-los-tres-andinistas-argentinos\/","name":"Confirmaron el hallazgo de los cuerpos de los tres andinistas argentinos - LA RED 88.3 LA RIOJA","isPartOf":{"@id":"https:\/\/laredlarioja.com.ar\/sitio\/#website"},"primaryImageOfPage":{"@id":"https:\/\/laredlarioja.com.ar\/sitio\/confirmaron-el-hallazgo-de-los-cuerpos-de-los-tres-andinistas-argentinos\/#primaryimage"},"image":{"@id":"https:\/\/laredlarioja.com.ar\/sitio\/confirmaron-el-hallazgo-de-los-cuerpos-de-los-tres-andinistas-argentinos\/#primaryimage"},"thumbnailUrl":"https:\/\/laredlarioja.com.ar\/sitio\/wp-content\/uploads\/2023\/12\/6467ad338fc1d_1200.jpg","datePublished":"2023-12-04T20:41:49+00:00","breadcrumb":{"@id":"https:\/\/laredlarioja.com.ar\/sitio\/confirmaron-el-hallazgo-de-los-cuerpos-de-los-tres-andinistas-argentinos\/#breadcrumb"},"inLanguage":"es","potentialAction":[{"@type":"ReadAction","target":["https:\/\/laredlarioja.com.ar\/sitio\/confirmaron-el-hallazgo-de-los-cuerpos-de-los-tres-andinistas-argentinos\/"]}]},{"@type":"ImageObject","inLanguage":"es","@id":"https:\/\/laredlarioja.com.ar\/sitio\/confirmaron-el-hallazgo-de-los-cuerpos-de-los-tres-andinistas-argentinos\/#primaryimage","url":"https:\/\/laredlarioja.com.ar\/sitio\/wp-content\/uploads\/2023\/12\/6467ad338fc1d_1200.jpg","contentUrl":"https:\/\/laredlarioja.com.ar\/sitio\/wp-content\/uploads\/2023\/12\/6467ad338fc1d_1200.jpg","width":1200,"height":675},{"@type":"BreadcrumbList","@id":"https:\/\/laredlarioja.com.ar\/sitio\/confirmaron-el-hallazgo-de-los-cuerpos-de-los-tres-andinistas-argentinos\/#breadcrumb","itemListElement":[{"@type":"ListItem","position":1,"name":"Portada","item":"https:\/\/laredlarioja.com.ar\/sitio\/"},{"@type":"ListItem","position":2,"name":"Confirmaron el hallazgo de los cuerpos de los tres andinistas argentinos"}]},{"@type":"WebSite","@id":"https:\/\/laredlarioja.com.ar\/sitio\/#website","url":"https:\/\/laredlarioja.com.ar\/sitio\/","name":"LA RED 88.3 LA RIOJA","description":"Sitio de Noticias","publisher":{"@id":"https:\/\/laredlarioja.com.ar\/sitio\/#organization"},"potentialAction":[{"@type":"SearchAction","target":{"@type":"EntryPoint","urlTemplate":"https:\/\/laredlarioja.com.ar\/sitio\/?s={search_term_string}"},"query-input":{"@type":"PropertyValueSpecification","valueRequired":true,"valueName":"search_term_string"}}],"inLanguage":"es"},{"@type":"Organization","@id":"https:\/\/laredlarioja.com.ar\/sitio\/#organization","name":"LA RED 88.3 LA RIOJA","url":"https:\/\/laredlarioja.com.ar\/sitio\/","logo":{"@type":"ImageObject","inLanguage":"es","@id":"https:\/\/laredlarioja.com.ar\/sitio\/#\/schema\/logo\/image\/","url":"https:\/\/laredlarioja.com.ar\/sitio\/wp-content\/uploads\/2025\/05\/LOGO-LA-RED.png","contentUrl":"https:\/\/laredlarioja.com.ar\/sitio\/wp-content\/uploads\/2025\/05\/LOGO-LA-RED.png","width":193,"height":340,"caption":"LA RED 88.3 LA RIOJA"},"image":{"@id":"https:\/\/laredlarioja.com.ar\/sitio\/#\/schema\/logo\/image\/"},"sameAs":["https:\/\/www.facebook.com\/lared.larioja","https:\/\/x.com\/laredlarioja1","https:\/\/www.instagram.com\/lared_larioja\/"]},{"@type":"Person","@id":"https:\/\/laredlarioja.com.ar\/sitio\/#\/schema\/person\/f1e213867beccedaaa4fb548d9259d9a","name":"La Red","url":"https:\/\/laredlarioja.com.ar\/sitio\/author\/lared\/"}]}},"featured_image_urls":{"full":["https:\/\/laredlarioja.com.ar\/sitio\/wp-content\/uploads\/2023\/12\/6467ad338fc1d_1200.jpg",1200,675,false],"thumbnail":["https:\/\/laredlarioja.com.ar\/sitio\/wp-content\/uploads\/2023\/12\/6467ad338fc1d_1200-150x150.jpg",150,150,true],"medium":["https:\/\/laredlarioja.com.ar\/sitio\/wp-content\/uploads\/2023\/12\/6467ad338fc1d_1200-300x169.jpg",300,169,true],"medium_large":["https:\/\/laredlarioja.com.ar\/sitio\/wp-content\/uploads\/2023\/12\/6467ad338fc1d_1200-768x432.jpg",640,360,true],"large":["https:\/\/laredlarioja.com.ar\/sitio\/wp-content\/uploads\/2023\/12\/6467ad338fc1d_1200-1024x576.jpg",640,360,true],"1536x1536":["https:\/\/laredlarioja.com.ar\/sitio\/wp-content\/uploads\/2023\/12\/6467ad338fc1d_1200.jpg",1200,675,false],"2048x2048":["https:\/\/laredlarioja.com.ar\/sitio\/wp-content\/uploads\/2023\/12\/6467ad338fc1d_1200.jpg",1200,675,false],"cvmm-medium":["https:\/\/laredlarioja.com.ar\/sitio\/wp-content\/uploads\/2023\/12\/6467ad338fc1d_1200-300x300.jpg",300,300,true],"cvmm-medium-plus":["https:\/\/laredlarioja.com.ar\/sitio\/wp-content\/uploads\/2023\/12\/6467ad338fc1d_1200-305x207.jpg",305,207,true],"cvmm-portrait":["https:\/\/laredlarioja.com.ar\/sitio\/wp-content\/uploads\/2023\/12\/6467ad338fc1d_1200-400x600.jpg",400,600,true],"cvmm-medium-square":["https:\/\/laredlarioja.com.ar\/sitio\/wp-content\/uploads\/2023\/12\/6467ad338fc1d_1200-600x600.jpg",600,600,true],"cvmm-large":["https:\/\/laredlarioja.com.ar\/sitio\/wp-content\/uploads\/2023\/12\/6467ad338fc1d_1200-1024x675.jpg",1024,675,true],"cvmm-small":["https:\/\/laredlarioja.com.ar\/sitio\/wp-content\/uploads\/2023\/12\/6467ad338fc1d_1200-130x95.jpg",130,95,true],"morenews-large":["https:\/\/laredlarioja.com.ar\/sitio\/wp-content\/uploads\/2023\/12\/6467ad338fc1d_1200-825x575.jpg",825,575,true],"morenews-medium":["https:\/\/laredlarioja.com.ar\/sitio\/wp-content\/uploads\/2023\/12\/6467ad338fc1d_1200-590x410.jpg",590,410,true]},"author_info":{"display_name":"La Red","author_link":"https:\/\/laredlarioja.com.ar\/sitio\/author\/lared\/"},"category_info":"<a href=\"https:\/\/laredlarioja.com.ar\/sitio\/categorias\/nacionales\/\" rel=\"category tag\">Nacionales<\/a>","tag_info":"Nacionales","comment_count":"0","blog_post_layout_featured_media_urls":{"thumbnail":["https:\/\/laredlarioja.com.ar\/sitio\/wp-content\/uploads\/2023\/12\/6467ad338fc1d_1200-150x150.jpg",150,150,true],"full":["https:\/\/laredlarioja.com.ar\/sitio\/wp-content\/uploads\/2023\/12\/6467ad338fc1d_1200.jpg",1200,675,false]},"categories_names":{"28":{"name":"Nacionales","link":"https:\/\/laredlarioja.com.ar\/sitio\/categorias\/nacionales\/"}},"tags_names":[],"comments_number":"0","wpmagazine_modules_lite_featured_media_urls":{"thumbnail":["https:\/\/laredlarioja.com.ar\/sitio\/wp-content\/uploads\/2023\/12\/6467ad338fc1d_1200-150x150.jpg",150,150,true],"cvmm-medium":["https:\/\/laredlarioja.com.ar\/sitio\/wp-content\/uploads\/2023\/12\/6467ad338fc1d_1200-300x300.jpg",300,300,true],"cvmm-medium-plus":["https:\/\/laredlarioja.com.ar\/sitio\/wp-content\/uploads\/2023\/12\/6467ad338fc1d_1200-305x207.jpg",305,207,true],"cvmm-portrait":["https:\/\/laredlarioja.com.ar\/sitio\/wp-content\/uploads\/2023\/12\/6467ad338fc1d_1200-400x600.jpg",400,600,true],"cvmm-medium-square":["https:\/\/laredlarioja.com.ar\/sitio\/wp-content\/uploads\/2023\/12\/6467ad338fc1d_1200-600x600.jpg",600,600,true],"cvmm-large":["https:\/\/laredlarioja.com.ar\/sitio\/wp-content\/uploads\/2023\/12\/6467ad338fc1d_1200-1024x675.jpg",1024,675,true],"cvmm-small":["https:\/\/laredlarioja.com.ar\/sitio\/wp-content\/uploads\/2023\/12\/6467ad338fc1d_1200-130x95.jpg",130,95,true],"full":["https:\/\/laredlarioja.com.ar\/sitio\/wp-content\/uploads\/2023\/12\/6467ad338fc1d_1200.jpg",1200,675,false]},"_links":{"self":[{"href":"https:\/\/laredlarioja.com.ar\/sitio\/wp-json\/wp\/v2\/posts\/39886","targetHints":{"allow":["GET"]}}],"collection":[{"href":"https:\/\/laredlarioja.com.ar\/sitio\/wp-json\/wp\/v2\/posts"}],"about":[{"href":"https:\/\/laredlarioja.com.ar\/sitio\/wp-json\/wp\/v2\/types\/post"}],"author":[{"embeddable":true,"href":"https:\/\/laredlarioja.com.ar\/sitio\/wp-json\/wp\/v2\/users\/10"}],"replies":[{"embeddable":true,"href":"https:\/\/laredlarioja.com.ar\/sitio\/wp-json\/wp\/v2\/comments?post=39886"}],"version-history":[{"count":1,"href":"https:\/\/laredlarioja.com.ar\/sitio\/wp-json\/wp\/v2\/posts\/39886\/revisions"}],"predecessor-version":[{"id":39888,"href":"https:\/\/laredlarioja.com.ar\/sitio\/wp-json\/wp\/v2\/posts\/39886\/revisions\/39888"}],"wp:featuredmedia":[{"embeddable":true,"href":"https:\/\/laredlarioja.com.ar\/sitio\/wp-json\/wp\/v2\/media\/39887"}],"wp:attachment":[{"href":"https:\/\/laredlarioja.com.ar\/sitio\/wp-json\/wp\/v2\/media?parent=39886"}],"wp:term":[{"taxonomy":"category","embeddable":true,"href":"https:\/\/laredlarioja.com.ar\/sitio\/wp-json\/wp\/v2\/categories?post=39886"},{"taxonomy":"post_tag","embeddable":true,"href":"https:\/\/laredlarioja.com.ar\/sitio\/wp-json\/wp\/v2\/tags?post=39886"}],"curies":[{"name":"wp","href":"https:\/\/api.w.org\/{rel}","templated":true}]}}