{"id":40913,"date":"2023-12-26T22:47:36","date_gmt":"2023-12-26T22:47:36","guid":{"rendered":"https:\/\/laredlarioja.com.ar\/sitio\/?p=40913"},"modified":"2023-12-26T22:47:36","modified_gmt":"2023-12-26T22:47:36","slug":"la-ex-manager-del-rapero-venezolano-canserbero-confeso-haberlo-asesinado","status":"publish","type":"post","link":"https:\/\/laredlarioja.com.ar\/sitio\/la-ex-manager-del-rapero-venezolano-canserbero-confeso-haberlo-asesinado\/","title":{"rendered":"La ex manager del rapero venezolano Canserbero confes\u00f3 haberlo asesinado"},"content":{"rendered":"<p>M\u00e1s de un mes despu\u00e9s de que las autoridades venezolanas reabrieran el caso de la muerte de Canserbero, su exm\u00e1nager Natalia Am\u00e9stica confes\u00f3 el doble homicidio de su esposo Carlos Molnar y del rapero. Ambos m\u00fasicos fallecieron el 20 de enero de 2015 en circunstancias que hasta ahora eran consideradas confusas.<\/p>\n<p>El 23 de noviembre, el fiscal general de Venezuela, Tarek William Saab,\u00a0anunci\u00f3 la exhumaci\u00f3n\u00a0del cad\u00e1ver de Tirone Jos\u00e9 Gonz\u00e1lez Orama (nombre de nacimiento del rapero) con el fin de hallar nuevos datos que aportaran al desarrollo del caso. De acuerdo con el funcionario, la investigaci\u00f3n se reaviv\u00f3 \u201cante la necesidad de justicia por parte de los familiares\u201d de las v\u00edctimas, as\u00ed como \u201cel clamor\u201d de los admiradores de \u2018Can\u2019.<\/p>\n<p>Para ese entonces, la exm\u00e1nager de Canserbero y esposa de Molnar, Natalia Am\u00e9stica, al igual que su hermano Guillermo Am\u00e9stica, fueron imputados por presunta falsa atestaci\u00f3n y obstrucci\u00f3n a la administraci\u00f3n de justicia. \u201cNos encontramos con la sorpresa de que la investigaci\u00f3n gir\u00f3 en torno a las primeras declaraciones realizadas por Natalia Am\u00e9stica, pareja sentimental de Carlos Molnar; quien aparece como la \u00fanica \u2018testigo\u2019 de los hechos\u201d, apunt\u00f3 Saab.<\/p>\n<p>Seg\u00fan el fiscal, la investigaci\u00f3n que se adelant\u00f3 en 2015 arroj\u00f3 la que hasta ahora se consideraba como la versi\u00f3n oficial, la cual se\u00f1alaba que Gonz\u00e1lez hab\u00eda tenido un altercado con Molnar en la residencia de este \u00faltimo como consecuencia de un \u201cbrote psic\u00f3tico\u201d. En medio del episodio, el rapero habr\u00eda apu\u00f1alado a su colega y posteriormente se habr\u00eda precipitado por el balc\u00f3n del apartamento que quedaba en un d\u00e9cimo piso. En esta historia, Natalia Am\u00e9stica era la \u00fanica persona que habr\u00eda presenciado el suceso.<\/p>\n<p>Esta versi\u00f3n de un homicidio-suicidio se mantuvo por ocho a\u00f1os a pesar de presentar varias inconsistencias, como la posici\u00f3n en que qued\u00f3 el cuerpo de Canserbero al caer y la sospecha de que su \u00fanica autopsia pudo haber sido alterada.<\/p>\n<p>https:\/\/twitter.com\/filonewsOK\/status\/1739715423417856266<\/p>\n<p><strong>La confesi\u00f3n de Natalia Am\u00e9stica<\/strong><\/p>\n<p>Al medio d\u00eda del martes 26 de diciembre, el fiscal Saab ofreci\u00f3\u00a0una rueda de prensa\u00a0en la que present\u00f3 las nuevas conclusiones que la Fiscal\u00eda pudo determinar gracias a sus recientes hallazgos. \u201cHoy voy a presentar ante el pueblo de Venezuela y la opini\u00f3n p\u00fablica internacional a los dos autores materiales e intelectuales del abominable doble asesinato de Tirone Gonz\u00e1lez y Carlos Molnar\u201d, inici\u00f3, a\u00f1adiendo que tambi\u00e9n mencionar\u00eda a los c\u00f3mplices de los cr\u00edmenes.<\/p>\n<p>El funcionario describi\u00f3\u00a0c\u00f3mo los testimonios iniciales de los hermanos Am\u00e9stica fueron \u201cincoherentes\u201d y tampoco coincid\u00edan con las evidencias forenses que hall\u00f3 el organismo, pero en la medianoche del 19 del mes en curso, ambos imputados accedieron a confesar. Saab relat\u00f3 que al someter a Natalia a interrogatorio, esta admiti\u00f3 haber asesinado a Molnar por cuestiones econ\u00f3micas y a Gonz\u00e1lez por \u201cenvidia\u201d.<\/p>\n<p>Diferentes medios venezolanos difundieron un fragmento del testimonio de la mujer, en donde se le ve detallando c\u00f3mo prepar\u00f3 el asesinato de los dos m\u00fasicos y de qu\u00e9 manera su hermano Guillermo la ayud\u00f3 a manipular la escena del crimen. De acuerdo con su declaraci\u00f3n, le ofreci\u00f3 a ambos un t\u00e9 con un sedante y cuando la bebida hizo efecto, primero atac\u00f3 a Molnar proporcion\u00e1ndole una herida con arma blanca en el cuello. El hecho preocup\u00f3 a Gonz\u00e1lez, quien al encontrarse somnoliento cay\u00f3 sobre un sof\u00e1. En ese momento, ella le propin\u00f3 dos pu\u00f1aladas a un costado de su cuerpo.<\/p>\n<p>\u201cSin saber qu\u00e9 hacer, desesperada llam\u00e9 a mi hermano Guillermo para que me ayudara a resolver esa situaci\u00f3n y \u00e9l lleg\u00f3 a las 11 de la noche acompa\u00f1ado de tres funcionarios del [Servicio Bolivariano de Inteligencia Nacional]\u201d, dice Am\u00e9stica en el video testimonio que contiene la marca de agua de la Fiscal\u00eda del Ministerio P\u00fablico. \u201cEllos terminaron de arreglar la escena para que fuera un homicidio suicidio\u201d.<\/p>\n<p>\u201cPara construir la hip\u00f3tesis del homicidio-suicidio, Guillermo apu\u00f1al\u00f3 a Molnar y le dio al cuerpo de Canserbero un golpe con un tubo que le desfigur\u00f3 el rostro, con la finalidad de simular una ri\u00f1a entre ellos\u201d, apunt\u00f3 la instituci\u00f3n en un comunicado de prensa. \u201cA las 5 de la ma\u00f1ana procedieron a arrojar el cad\u00e1ver por la ventana, tras lo cual Guillermo se retir\u00f3 y Natalia procedi\u00f3 a llamar a los vecinos\u201d.<\/p>\n<p>Cuando una comisi\u00f3n del Cuerpo de Investigaciones Cient\u00edficas, Penales y Criminal\u00edsticas (CICPC) lleg\u00f3 al lugar de los hechos para hacer el levantamiento y la investigaci\u00f3n preliminar, sus miembros notaron que la escena hab\u00eda sido manipulada, por lo que habr\u00edan aceptado $10,000 d\u00f3lares a cambio de su complicidad y silencio.<\/p>\n<p>Estos nuevos detalles sobre la muerte de Canserbero y su colega Carlos Molnar han sido considerados por la Fiscal\u00eda como \u201cun triunfo de la justicia venezolana\u201d, mientras que los admiradores del rapero han celebrado que el nombre de su \u00eddolo finalmente pudo ser limpiado.<\/p>\n<hr \/>\n<p><em>Fuente: Rolling Stone<\/em><\/p>\n","protected":false},"excerpt":{"rendered":"<p>M\u00e1s de un mes despu\u00e9s de que las autoridades venezolanas reabrieran el caso de la muerte de Canserbero,<\/p>\n","protected":false},"author":10,"featured_media":40914,"comment_status":"closed","ping_status":"open","sticky":false,"template":"","format":"standard","meta":{"footnotes":""},"categories":[27],"tags":[],"class_list":["post-40913","post","type-post","status-publish","format-standard","has-post-thumbnail","hentry","category-cultura-y-espectaculos"],"yoast_head":"<!-- This site is optimized with the Yoast SEO plugin v27.4 - https:\/\/yoast.com\/product\/yoast-seo-wordpress\/ -->\n<title>La ex manager del rapero venezolano Canserbero confes\u00f3 haberlo asesinado - LA RED 88.3 LA RIOJA<\/title>\n<meta name=\"robots\" content=\"index, follow, max-snippet:-1, max-image-preview:large, max-video-preview:-1\" \/>\n<link rel=\"canonical\" href=\"https:\/\/laredlarioja.com.ar\/sitio\/la-ex-manager-del-rapero-venezolano-canserbero-confeso-haberlo-asesinado\/\" \/>\n<meta property=\"og:locale\" content=\"es_ES\" \/>\n<meta property=\"og:type\" content=\"article\" \/>\n<meta property=\"og:title\" content=\"La ex manager del rapero venezolano Canserbero confes\u00f3 haberlo asesinado - LA RED 88.3 LA RIOJA\" \/>\n<meta property=\"og:description\" content=\"M\u00e1s de un mes despu\u00e9s de que las autoridades venezolanas reabrieran el caso de la muerte de Canserbero,\" \/>\n<meta property=\"og:url\" content=\"https:\/\/laredlarioja.com.ar\/sitio\/la-ex-manager-del-rapero-venezolano-canserbero-confeso-haberlo-asesinado\/\" \/>\n<meta property=\"og:site_name\" content=\"LA RED 88.3 LA RIOJA\" \/>\n<meta property=\"article:publisher\" content=\"https:\/\/www.facebook.com\/lared.larioja\" \/>\n<meta property=\"article:published_time\" content=\"2023-12-26T22:47:36+00:00\" \/>\n<meta property=\"og:image\" content=\"https:\/\/laredlarioja.com.ar\/sitio\/wp-content\/uploads\/2023\/12\/CANSERBERO.webp\" \/>\n\t<meta property=\"og:image:width\" content=\"1200\" \/>\n\t<meta property=\"og:image:height\" content=\"675\" \/>\n\t<meta property=\"og:image:type\" content=\"image\/webp\" \/>\n<meta name=\"author\" content=\"La Red\" \/>\n<meta name=\"twitter:card\" content=\"summary_large_image\" \/>\n<meta name=\"twitter:creator\" content=\"@laredlarioja1\" \/>\n<meta name=\"twitter:site\" content=\"@laredlarioja1\" \/>\n<meta name=\"twitter:label1\" content=\"Escrito por\" \/>\n\t<meta name=\"twitter:data1\" content=\"La Red\" \/>\n\t<meta name=\"twitter:label2\" content=\"Tiempo de lectura\" \/>\n\t<meta name=\"twitter:data2\" content=\"4 minutos\" \/>\n<script type=\"application\/ld+json\" class=\"yoast-schema-graph\">{\"@context\":\"https:\\\/\\\/schema.org\",\"@graph\":[{\"@type\":\"Article\",\"@id\":\"https:\\\/\\\/laredlarioja.com.ar\\\/sitio\\\/la-ex-manager-del-rapero-venezolano-canserbero-confeso-haberlo-asesinado\\\/#article\",\"isPartOf\":{\"@id\":\"https:\\\/\\\/laredlarioja.com.ar\\\/sitio\\\/la-ex-manager-del-rapero-venezolano-canserbero-confeso-haberlo-asesinado\\\/\"},\"author\":{\"name\":\"La Red\",\"@id\":\"https:\\\/\\\/laredlarioja.com.ar\\\/sitio\\\/#\\\/schema\\\/person\\\/f1e213867beccedaaa4fb548d9259d9a\"},\"headline\":\"La ex manager del rapero venezolano Canserbero confes\u00f3 haberlo asesinado\",\"datePublished\":\"2023-12-26T22:47:36+00:00\",\"mainEntityOfPage\":{\"@id\":\"https:\\\/\\\/laredlarioja.com.ar\\\/sitio\\\/la-ex-manager-del-rapero-venezolano-canserbero-confeso-haberlo-asesinado\\\/\"},\"wordCount\":876,\"publisher\":{\"@id\":\"https:\\\/\\\/laredlarioja.com.ar\\\/sitio\\\/#organization\"},\"image\":{\"@id\":\"https:\\\/\\\/laredlarioja.com.ar\\\/sitio\\\/la-ex-manager-del-rapero-venezolano-canserbero-confeso-haberlo-asesinado\\\/#primaryimage\"},\"thumbnailUrl\":\"https:\\\/\\\/laredlarioja.com.ar\\\/sitio\\\/wp-content\\\/uploads\\\/2023\\\/12\\\/CANSERBERO.webp\",\"articleSection\":[\"Cultura y Espect\u00e1culos\"],\"inLanguage\":\"es\"},{\"@type\":\"WebPage\",\"@id\":\"https:\\\/\\\/laredlarioja.com.ar\\\/sitio\\\/la-ex-manager-del-rapero-venezolano-canserbero-confeso-haberlo-asesinado\\\/\",\"url\":\"https:\\\/\\\/laredlarioja.com.ar\\\/sitio\\\/la-ex-manager-del-rapero-venezolano-canserbero-confeso-haberlo-asesinado\\\/\",\"name\":\"La ex manager del rapero venezolano Canserbero confes\u00f3 haberlo asesinado - LA RED 88.3 LA RIOJA\",\"isPartOf\":{\"@id\":\"https:\\\/\\\/laredlarioja.com.ar\\\/sitio\\\/#website\"},\"primaryImageOfPage\":{\"@id\":\"https:\\\/\\\/laredlarioja.com.ar\\\/sitio\\\/la-ex-manager-del-rapero-venezolano-canserbero-confeso-haberlo-asesinado\\\/#primaryimage\"},\"image\":{\"@id\":\"https:\\\/\\\/laredlarioja.com.ar\\\/sitio\\\/la-ex-manager-del-rapero-venezolano-canserbero-confeso-haberlo-asesinado\\\/#primaryimage\"},\"thumbnailUrl\":\"https:\\\/\\\/laredlarioja.com.ar\\\/sitio\\\/wp-content\\\/uploads\\\/2023\\\/12\\\/CANSERBERO.webp\",\"datePublished\":\"2023-12-26T22:47:36+00:00\",\"breadcrumb\":{\"@id\":\"https:\\\/\\\/laredlarioja.com.ar\\\/sitio\\\/la-ex-manager-del-rapero-venezolano-canserbero-confeso-haberlo-asesinado\\\/#breadcrumb\"},\"inLanguage\":\"es\",\"potentialAction\":[{\"@type\":\"ReadAction\",\"target\":[\"https:\\\/\\\/laredlarioja.com.ar\\\/sitio\\\/la-ex-manager-del-rapero-venezolano-canserbero-confeso-haberlo-asesinado\\\/\"]}]},{\"@type\":\"ImageObject\",\"inLanguage\":\"es\",\"@id\":\"https:\\\/\\\/laredlarioja.com.ar\\\/sitio\\\/la-ex-manager-del-rapero-venezolano-canserbero-confeso-haberlo-asesinado\\\/#primaryimage\",\"url\":\"https:\\\/\\\/laredlarioja.com.ar\\\/sitio\\\/wp-content\\\/uploads\\\/2023\\\/12\\\/CANSERBERO.webp\",\"contentUrl\":\"https:\\\/\\\/laredlarioja.com.ar\\\/sitio\\\/wp-content\\\/uploads\\\/2023\\\/12\\\/CANSERBERO.webp\",\"width\":1200,\"height\":675},{\"@type\":\"BreadcrumbList\",\"@id\":\"https:\\\/\\\/laredlarioja.com.ar\\\/sitio\\\/la-ex-manager-del-rapero-venezolano-canserbero-confeso-haberlo-asesinado\\\/#breadcrumb\",\"itemListElement\":[{\"@type\":\"ListItem\",\"position\":1,\"name\":\"Portada\",\"item\":\"https:\\\/\\\/laredlarioja.com.ar\\\/sitio\\\/\"},{\"@type\":\"ListItem\",\"position\":2,\"name\":\"La ex manager del rapero venezolano Canserbero confes\u00f3 haberlo asesinado\"}]},{\"@type\":\"WebSite\",\"@id\":\"https:\\\/\\\/laredlarioja.com.ar\\\/sitio\\\/#website\",\"url\":\"https:\\\/\\\/laredlarioja.com.ar\\\/sitio\\\/\",\"name\":\"LA RED 88.3 LA RIOJA\",\"description\":\"Sitio de Noticias\",\"publisher\":{\"@id\":\"https:\\\/\\\/laredlarioja.com.ar\\\/sitio\\\/#organization\"},\"potentialAction\":[{\"@type\":\"SearchAction\",\"target\":{\"@type\":\"EntryPoint\",\"urlTemplate\":\"https:\\\/\\\/laredlarioja.com.ar\\\/sitio\\\/?s={search_term_string}\"},\"query-input\":{\"@type\":\"PropertyValueSpecification\",\"valueRequired\":true,\"valueName\":\"search_term_string\"}}],\"inLanguage\":\"es\"},{\"@type\":\"Organization\",\"@id\":\"https:\\\/\\\/laredlarioja.com.ar\\\/sitio\\\/#organization\",\"name\":\"LA RED 88.3 LA RIOJA\",\"url\":\"https:\\\/\\\/laredlarioja.com.ar\\\/sitio\\\/\",\"logo\":{\"@type\":\"ImageObject\",\"inLanguage\":\"es\",\"@id\":\"https:\\\/\\\/laredlarioja.com.ar\\\/sitio\\\/#\\\/schema\\\/logo\\\/image\\\/\",\"url\":\"https:\\\/\\\/laredlarioja.com.ar\\\/sitio\\\/wp-content\\\/uploads\\\/2025\\\/05\\\/LOGO-LA-RED.png\",\"contentUrl\":\"https:\\\/\\\/laredlarioja.com.ar\\\/sitio\\\/wp-content\\\/uploads\\\/2025\\\/05\\\/LOGO-LA-RED.png\",\"width\":193,\"height\":340,\"caption\":\"LA RED 88.3 LA RIOJA\"},\"image\":{\"@id\":\"https:\\\/\\\/laredlarioja.com.ar\\\/sitio\\\/#\\\/schema\\\/logo\\\/image\\\/\"},\"sameAs\":[\"https:\\\/\\\/www.facebook.com\\\/lared.larioja\",\"https:\\\/\\\/x.com\\\/laredlarioja1\",\"https:\\\/\\\/www.instagram.com\\\/lared_larioja\\\/\"]},{\"@type\":\"Person\",\"@id\":\"https:\\\/\\\/laredlarioja.com.ar\\\/sitio\\\/#\\\/schema\\\/person\\\/f1e213867beccedaaa4fb548d9259d9a\",\"name\":\"La Red\",\"url\":\"https:\\\/\\\/laredlarioja.com.ar\\\/sitio\\\/author\\\/lared\\\/\"}]}<\/script>\n<!-- \/ Yoast SEO plugin. -->","yoast_head_json":{"title":"La ex manager del rapero venezolano Canserbero confes\u00f3 haberlo asesinado - LA RED 88.3 LA RIOJA","robots":{"index":"index","follow":"follow","max-snippet":"max-snippet:-1","max-image-preview":"max-image-preview:large","max-video-preview":"max-video-preview:-1"},"canonical":"https:\/\/laredlarioja.com.ar\/sitio\/la-ex-manager-del-rapero-venezolano-canserbero-confeso-haberlo-asesinado\/","og_locale":"es_ES","og_type":"article","og_title":"La ex manager del rapero venezolano Canserbero confes\u00f3 haberlo asesinado - LA RED 88.3 LA RIOJA","og_description":"M\u00e1s de un mes despu\u00e9s de que las autoridades venezolanas reabrieran el caso de la muerte de Canserbero,","og_url":"https:\/\/laredlarioja.com.ar\/sitio\/la-ex-manager-del-rapero-venezolano-canserbero-confeso-haberlo-asesinado\/","og_site_name":"LA RED 88.3 LA RIOJA","article_publisher":"https:\/\/www.facebook.com\/lared.larioja","article_published_time":"2023-12-26T22:47:36+00:00","og_image":[{"width":1200,"height":675,"url":"https:\/\/laredlarioja.com.ar\/sitio\/wp-content\/uploads\/2023\/12\/CANSERBERO.webp","type":"image\/webp"}],"author":"La Red","twitter_card":"summary_large_image","twitter_creator":"@laredlarioja1","twitter_site":"@laredlarioja1","twitter_misc":{"Escrito por":"La Red","Tiempo de lectura":"4 minutos"},"schema":{"@context":"https:\/\/schema.org","@graph":[{"@type":"Article","@id":"https:\/\/laredlarioja.com.ar\/sitio\/la-ex-manager-del-rapero-venezolano-canserbero-confeso-haberlo-asesinado\/#article","isPartOf":{"@id":"https:\/\/laredlarioja.com.ar\/sitio\/la-ex-manager-del-rapero-venezolano-canserbero-confeso-haberlo-asesinado\/"},"author":{"name":"La Red","@id":"https:\/\/laredlarioja.com.ar\/sitio\/#\/schema\/person\/f1e213867beccedaaa4fb548d9259d9a"},"headline":"La ex manager del rapero venezolano Canserbero confes\u00f3 haberlo asesinado","datePublished":"2023-12-26T22:47:36+00:00","mainEntityOfPage":{"@id":"https:\/\/laredlarioja.com.ar\/sitio\/la-ex-manager-del-rapero-venezolano-canserbero-confeso-haberlo-asesinado\/"},"wordCount":876,"publisher":{"@id":"https:\/\/laredlarioja.com.ar\/sitio\/#organization"},"image":{"@id":"https:\/\/laredlarioja.com.ar\/sitio\/la-ex-manager-del-rapero-venezolano-canserbero-confeso-haberlo-asesinado\/#primaryimage"},"thumbnailUrl":"https:\/\/laredlarioja.com.ar\/sitio\/wp-content\/uploads\/2023\/12\/CANSERBERO.webp","articleSection":["Cultura y Espect\u00e1culos"],"inLanguage":"es"},{"@type":"WebPage","@id":"https:\/\/laredlarioja.com.ar\/sitio\/la-ex-manager-del-rapero-venezolano-canserbero-confeso-haberlo-asesinado\/","url":"https:\/\/laredlarioja.com.ar\/sitio\/la-ex-manager-del-rapero-venezolano-canserbero-confeso-haberlo-asesinado\/","name":"La ex manager del rapero venezolano Canserbero confes\u00f3 haberlo asesinado - LA RED 88.3 LA RIOJA","isPartOf":{"@id":"https:\/\/laredlarioja.com.ar\/sitio\/#website"},"primaryImageOfPage":{"@id":"https:\/\/laredlarioja.com.ar\/sitio\/la-ex-manager-del-rapero-venezolano-canserbero-confeso-haberlo-asesinado\/#primaryimage"},"image":{"@id":"https:\/\/laredlarioja.com.ar\/sitio\/la-ex-manager-del-rapero-venezolano-canserbero-confeso-haberlo-asesinado\/#primaryimage"},"thumbnailUrl":"https:\/\/laredlarioja.com.ar\/sitio\/wp-content\/uploads\/2023\/12\/CANSERBERO.webp","datePublished":"2023-12-26T22:47:36+00:00","breadcrumb":{"@id":"https:\/\/laredlarioja.com.ar\/sitio\/la-ex-manager-del-rapero-venezolano-canserbero-confeso-haberlo-asesinado\/#breadcrumb"},"inLanguage":"es","potentialAction":[{"@type":"ReadAction","target":["https:\/\/laredlarioja.com.ar\/sitio\/la-ex-manager-del-rapero-venezolano-canserbero-confeso-haberlo-asesinado\/"]}]},{"@type":"ImageObject","inLanguage":"es","@id":"https:\/\/laredlarioja.com.ar\/sitio\/la-ex-manager-del-rapero-venezolano-canserbero-confeso-haberlo-asesinado\/#primaryimage","url":"https:\/\/laredlarioja.com.ar\/sitio\/wp-content\/uploads\/2023\/12\/CANSERBERO.webp","contentUrl":"https:\/\/laredlarioja.com.ar\/sitio\/wp-content\/uploads\/2023\/12\/CANSERBERO.webp","width":1200,"height":675},{"@type":"BreadcrumbList","@id":"https:\/\/laredlarioja.com.ar\/sitio\/la-ex-manager-del-rapero-venezolano-canserbero-confeso-haberlo-asesinado\/#breadcrumb","itemListElement":[{"@type":"ListItem","position":1,"name":"Portada","item":"https:\/\/laredlarioja.com.ar\/sitio\/"},{"@type":"ListItem","position":2,"name":"La ex manager del rapero venezolano Canserbero confes\u00f3 haberlo asesinado"}]},{"@type":"WebSite","@id":"https:\/\/laredlarioja.com.ar\/sitio\/#website","url":"https:\/\/laredlarioja.com.ar\/sitio\/","name":"LA RED 88.3 LA RIOJA","description":"Sitio de Noticias","publisher":{"@id":"https:\/\/laredlarioja.com.ar\/sitio\/#organization"},"potentialAction":[{"@type":"SearchAction","target":{"@type":"EntryPoint","urlTemplate":"https:\/\/laredlarioja.com.ar\/sitio\/?s={search_term_string}"},"query-input":{"@type":"PropertyValueSpecification","valueRequired":true,"valueName":"search_term_string"}}],"inLanguage":"es"},{"@type":"Organization","@id":"https:\/\/laredlarioja.com.ar\/sitio\/#organization","name":"LA RED 88.3 LA RIOJA","url":"https:\/\/laredlarioja.com.ar\/sitio\/","logo":{"@type":"ImageObject","inLanguage":"es","@id":"https:\/\/laredlarioja.com.ar\/sitio\/#\/schema\/logo\/image\/","url":"https:\/\/laredlarioja.com.ar\/sitio\/wp-content\/uploads\/2025\/05\/LOGO-LA-RED.png","contentUrl":"https:\/\/laredlarioja.com.ar\/sitio\/wp-content\/uploads\/2025\/05\/LOGO-LA-RED.png","width":193,"height":340,"caption":"LA RED 88.3 LA RIOJA"},"image":{"@id":"https:\/\/laredlarioja.com.ar\/sitio\/#\/schema\/logo\/image\/"},"sameAs":["https:\/\/www.facebook.com\/lared.larioja","https:\/\/x.com\/laredlarioja1","https:\/\/www.instagram.com\/lared_larioja\/"]},{"@type":"Person","@id":"https:\/\/laredlarioja.com.ar\/sitio\/#\/schema\/person\/f1e213867beccedaaa4fb548d9259d9a","name":"La Red","url":"https:\/\/laredlarioja.com.ar\/sitio\/author\/lared\/"}]}},"featured_image_urls":{"full":["https:\/\/laredlarioja.com.ar\/sitio\/wp-content\/uploads\/2023\/12\/CANSERBERO.webp",1200,675,false],"thumbnail":["https:\/\/laredlarioja.com.ar\/sitio\/wp-content\/uploads\/2023\/12\/CANSERBERO-150x150.webp",150,150,true],"medium":["https:\/\/laredlarioja.com.ar\/sitio\/wp-content\/uploads\/2023\/12\/CANSERBERO-300x169.webp",300,169,true],"medium_large":["https:\/\/laredlarioja.com.ar\/sitio\/wp-content\/uploads\/2023\/12\/CANSERBERO-768x432.webp",640,360,true],"large":["https:\/\/laredlarioja.com.ar\/sitio\/wp-content\/uploads\/2023\/12\/CANSERBERO-1024x576.webp",640,360,true],"1536x1536":["https:\/\/laredlarioja.com.ar\/sitio\/wp-content\/uploads\/2023\/12\/CANSERBERO.webp",1200,675,false],"2048x2048":["https:\/\/laredlarioja.com.ar\/sitio\/wp-content\/uploads\/2023\/12\/CANSERBERO.webp",1200,675,false],"cvmm-medium":["https:\/\/laredlarioja.com.ar\/sitio\/wp-content\/uploads\/2023\/12\/CANSERBERO-300x300.webp",300,300,true],"cvmm-medium-plus":["https:\/\/laredlarioja.com.ar\/sitio\/wp-content\/uploads\/2023\/12\/CANSERBERO-305x207.webp",305,207,true],"cvmm-portrait":["https:\/\/laredlarioja.com.ar\/sitio\/wp-content\/uploads\/2023\/12\/CANSERBERO-400x600.webp",400,600,true],"cvmm-medium-square":["https:\/\/laredlarioja.com.ar\/sitio\/wp-content\/uploads\/2023\/12\/CANSERBERO-600x600.webp",600,600,true],"cvmm-large":["https:\/\/laredlarioja.com.ar\/sitio\/wp-content\/uploads\/2023\/12\/CANSERBERO-1024x675.webp",1024,675,true],"cvmm-small":["https:\/\/laredlarioja.com.ar\/sitio\/wp-content\/uploads\/2023\/12\/CANSERBERO-130x95.webp",130,95,true],"morenews-large":["https:\/\/laredlarioja.com.ar\/sitio\/wp-content\/uploads\/2023\/12\/CANSERBERO-825x575.webp",825,575,true],"morenews-medium":["https:\/\/laredlarioja.com.ar\/sitio\/wp-content\/uploads\/2023\/12\/CANSERBERO-590x410.webp",590,410,true]},"author_info":{"display_name":"La Red","author_link":"https:\/\/laredlarioja.com.ar\/sitio\/author\/lared\/"},"category_info":"<a href=\"https:\/\/laredlarioja.com.ar\/sitio\/categorias\/cultura-y-espectaculos\/\" rel=\"category tag\">Cultura y Espect\u00e1culos<\/a>","tag_info":"Cultura y Espect\u00e1culos","comment_count":"0","blog_post_layout_featured_media_urls":{"thumbnail":["https:\/\/laredlarioja.com.ar\/sitio\/wp-content\/uploads\/2023\/12\/CANSERBERO-150x150.webp",150,150,true],"full":["https:\/\/laredlarioja.com.ar\/sitio\/wp-content\/uploads\/2023\/12\/CANSERBERO.webp",1200,675,false]},"categories_names":{"27":{"name":"Cultura y Espect\u00e1culos","link":"https:\/\/laredlarioja.com.ar\/sitio\/categorias\/cultura-y-espectaculos\/"}},"tags_names":[],"comments_number":"0","wpmagazine_modules_lite_featured_media_urls":{"thumbnail":["https:\/\/laredlarioja.com.ar\/sitio\/wp-content\/uploads\/2023\/12\/CANSERBERO-150x150.webp",150,150,true],"cvmm-medium":["https:\/\/laredlarioja.com.ar\/sitio\/wp-content\/uploads\/2023\/12\/CANSERBERO-300x300.webp",300,300,true],"cvmm-medium-plus":["https:\/\/laredlarioja.com.ar\/sitio\/wp-content\/uploads\/2023\/12\/CANSERBERO-305x207.webp",305,207,true],"cvmm-portrait":["https:\/\/laredlarioja.com.ar\/sitio\/wp-content\/uploads\/2023\/12\/CANSERBERO-400x600.webp",400,600,true],"cvmm-medium-square":["https:\/\/laredlarioja.com.ar\/sitio\/wp-content\/uploads\/2023\/12\/CANSERBERO-600x600.webp",600,600,true],"cvmm-large":["https:\/\/laredlarioja.com.ar\/sitio\/wp-content\/uploads\/2023\/12\/CANSERBERO-1024x675.webp",1024,675,true],"cvmm-small":["https:\/\/laredlarioja.com.ar\/sitio\/wp-content\/uploads\/2023\/12\/CANSERBERO-130x95.webp",130,95,true],"full":["https:\/\/laredlarioja.com.ar\/sitio\/wp-content\/uploads\/2023\/12\/CANSERBERO.webp",1200,675,false]},"_links":{"self":[{"href":"https:\/\/laredlarioja.com.ar\/sitio\/wp-json\/wp\/v2\/posts\/40913","targetHints":{"allow":["GET"]}}],"collection":[{"href":"https:\/\/laredlarioja.com.ar\/sitio\/wp-json\/wp\/v2\/posts"}],"about":[{"href":"https:\/\/laredlarioja.com.ar\/sitio\/wp-json\/wp\/v2\/types\/post"}],"author":[{"embeddable":true,"href":"https:\/\/laredlarioja.com.ar\/sitio\/wp-json\/wp\/v2\/users\/10"}],"replies":[{"embeddable":true,"href":"https:\/\/laredlarioja.com.ar\/sitio\/wp-json\/wp\/v2\/comments?post=40913"}],"version-history":[{"count":1,"href":"https:\/\/laredlarioja.com.ar\/sitio\/wp-json\/wp\/v2\/posts\/40913\/revisions"}],"predecessor-version":[{"id":40915,"href":"https:\/\/laredlarioja.com.ar\/sitio\/wp-json\/wp\/v2\/posts\/40913\/revisions\/40915"}],"wp:featuredmedia":[{"embeddable":true,"href":"https:\/\/laredlarioja.com.ar\/sitio\/wp-json\/wp\/v2\/media\/40914"}],"wp:attachment":[{"href":"https:\/\/laredlarioja.com.ar\/sitio\/wp-json\/wp\/v2\/media?parent=40913"}],"wp:term":[{"taxonomy":"category","embeddable":true,"href":"https:\/\/laredlarioja.com.ar\/sitio\/wp-json\/wp\/v2\/categories?post=40913"},{"taxonomy":"post_tag","embeddable":true,"href":"https:\/\/laredlarioja.com.ar\/sitio\/wp-json\/wp\/v2\/tags?post=40913"}],"curies":[{"name":"wp","href":"https:\/\/api.w.org\/{rel}","templated":true}]}}