{"id":41752,"date":"2024-01-20T20:18:57","date_gmt":"2024-01-20T20:18:57","guid":{"rendered":"https:\/\/laredlarioja.com.ar\/sitio\/?p=41752"},"modified":"2024-01-22T22:14:35","modified_gmt":"2024-01-22T22:14:35","slug":"capital-humano-dara-de-baja-mas-de-27-000-planes-sociales-por-incompatibilidades","status":"publish","type":"post","link":"https:\/\/laredlarioja.com.ar\/sitio\/capital-humano-dara-de-baja-mas-de-27-000-planes-sociales-por-incompatibilidades\/","title":{"rendered":"Capital Humano dar\u00e1 de baja m\u00e1s de 27.000 planes sociales por \u00abincompatibilidades\u00bb"},"content":{"rendered":"<p>El Ministerio de Capital Humano inform\u00f3 este s\u00e1bado que tras detectar \u201cincompatibilidades\u201d en una verificaci\u00f3n de datos y cumplimiento de requisitos de todos los titulares de los programas\u00a0<strong>Potenciar Trabajo y Potenciar Empleodar\u00e1n de baja \u201cm\u00e1s de 27.000 planes sociales\u201d.<\/strong><\/p>\n<p>\u201cEl Ministerio de Capital Humano realiz\u00f3 la verificaci\u00f3n de datos y cumplimiento de requisitos de todos los titulares de los programas Potenciar Trabajo y Potenciar Empleo y 27.208 planes \u201cpotenciar trabajo\u201d y 12 \u201cpotenciar empleo\u201d con\u00a0<strong>incompatibilidades a los que inmediatamente se les suspendi\u00f3 el pago, evitando as\u00ed la erogaci\u00f3n incorrecta de 2.000.000.000 millones de pesos del Estado nacional<\/strong>\u201d, se inform\u00f3 oficialmente.<\/p>\n<p>En esta l\u00ednea, la cartera de Capital Humano se\u00f1al\u00f3 que \u201calgunas de las incompatibilidades\u201d detectadas fueron:\u00a0<strong>beneficios de jubilaci\u00f3n o pensi\u00f3n, presentaci\u00f3n de desempleo, monotributistas categor\u00eda C o superior, trabajadores aut\u00f3nomos, incompatibilidad por residencia en el extranjero, fallecidos, poseer un auto con menos de 10 a\u00f1os de antig\u00fcedad.<\/strong><\/p>\n<p>Dichas irregularidades fueron detectadas por el cruce de informaci\u00f3n entre Anses y el Sinstys (Sistema de identificaci\u00f3n nacional tributaria y social), se inform\u00f3.<\/p>\n","protected":false},"excerpt":{"rendered":"<p>El Ministerio de Capital Humano inform\u00f3 este s\u00e1bado que tras detectar \u201cincompatibilidades\u201d en una verificaci\u00f3n de datos y<\/p>\n","protected":false},"author":10,"featured_media":41753,"comment_status":"closed","ping_status":"open","sticky":false,"template":"","format":"standard","meta":{"footnotes":""},"categories":[23],"tags":[],"class_list":["post-41752","post","type-post","status-publish","format-standard","has-post-thumbnail","hentry","category-politica"],"yoast_head":"<!-- This site is optimized with the Yoast SEO plugin v27.4 - https:\/\/yoast.com\/product\/yoast-seo-wordpress\/ -->\n<title>Capital Humano dar\u00e1 de baja m\u00e1s de 27.000 planes sociales por &quot;incompatibilidades&quot; - LA RED 88.3 LA RIOJA<\/title>\n<meta name=\"robots\" content=\"index, follow, max-snippet:-1, max-image-preview:large, max-video-preview:-1\" \/>\n<link rel=\"canonical\" href=\"https:\/\/laredlarioja.com.ar\/sitio\/capital-humano-dara-de-baja-mas-de-27-000-planes-sociales-por-incompatibilidades\/\" \/>\n<meta property=\"og:locale\" content=\"es_ES\" \/>\n<meta property=\"og:type\" content=\"article\" \/>\n<meta property=\"og:title\" content=\"Capital Humano dar\u00e1 de baja m\u00e1s de 27.000 planes sociales por &quot;incompatibilidades&quot; - LA RED 88.3 LA RIOJA\" \/>\n<meta property=\"og:description\" content=\"El Ministerio de Capital Humano inform\u00f3 este s\u00e1bado que tras detectar \u201cincompatibilidades\u201d en una verificaci\u00f3n de datos y\" \/>\n<meta property=\"og:url\" content=\"https:\/\/laredlarioja.com.ar\/sitio\/capital-humano-dara-de-baja-mas-de-27-000-planes-sociales-por-incompatibilidades\/\" \/>\n<meta property=\"og:site_name\" content=\"LA RED 88.3 LA RIOJA\" \/>\n<meta property=\"article:publisher\" content=\"https:\/\/www.facebook.com\/lared.larioja\" \/>\n<meta property=\"article:published_time\" content=\"2024-01-20T20:18:57+00:00\" \/>\n<meta property=\"article:modified_time\" content=\"2024-01-22T22:14:35+00:00\" \/>\n<meta property=\"og:image\" content=\"https:\/\/laredlarioja.com.ar\/sitio\/wp-content\/uploads\/2024\/01\/2uZ_nlS92_600x600__1.jpg\" \/>\n\t<meta property=\"og:image:width\" content=\"600\" \/>\n\t<meta property=\"og:image:height\" content=\"600\" \/>\n\t<meta property=\"og:image:type\" content=\"image\/jpeg\" \/>\n<meta name=\"author\" content=\"La Red\" \/>\n<meta name=\"twitter:card\" content=\"summary_large_image\" \/>\n<meta name=\"twitter:creator\" content=\"@laredlarioja1\" \/>\n<meta name=\"twitter:site\" content=\"@laredlarioja1\" \/>\n<meta name=\"twitter:label1\" content=\"Escrito por\" \/>\n\t<meta name=\"twitter:data1\" content=\"La Red\" \/>\n\t<meta name=\"twitter:label2\" content=\"Tiempo de lectura\" \/>\n\t<meta name=\"twitter:data2\" content=\"1 minuto\" \/>\n<script type=\"application\/ld+json\" class=\"yoast-schema-graph\">{\"@context\":\"https:\\\/\\\/schema.org\",\"@graph\":[{\"@type\":\"Article\",\"@id\":\"https:\\\/\\\/laredlarioja.com.ar\\\/sitio\\\/capital-humano-dara-de-baja-mas-de-27-000-planes-sociales-por-incompatibilidades\\\/#article\",\"isPartOf\":{\"@id\":\"https:\\\/\\\/laredlarioja.com.ar\\\/sitio\\\/capital-humano-dara-de-baja-mas-de-27-000-planes-sociales-por-incompatibilidades\\\/\"},\"author\":{\"name\":\"La Red\",\"@id\":\"https:\\\/\\\/laredlarioja.com.ar\\\/sitio\\\/#\\\/schema\\\/person\\\/f1e213867beccedaaa4fb548d9259d9a\"},\"headline\":\"Capital Humano dar\u00e1 de baja m\u00e1s de 27.000 planes sociales por \u00abincompatibilidades\u00bb\",\"datePublished\":\"2024-01-20T20:18:57+00:00\",\"dateModified\":\"2024-01-22T22:14:35+00:00\",\"mainEntityOfPage\":{\"@id\":\"https:\\\/\\\/laredlarioja.com.ar\\\/sitio\\\/capital-humano-dara-de-baja-mas-de-27-000-planes-sociales-por-incompatibilidades\\\/\"},\"wordCount\":197,\"publisher\":{\"@id\":\"https:\\\/\\\/laredlarioja.com.ar\\\/sitio\\\/#organization\"},\"image\":{\"@id\":\"https:\\\/\\\/laredlarioja.com.ar\\\/sitio\\\/capital-humano-dara-de-baja-mas-de-27-000-planes-sociales-por-incompatibilidades\\\/#primaryimage\"},\"thumbnailUrl\":\"https:\\\/\\\/laredlarioja.com.ar\\\/sitio\\\/wp-content\\\/uploads\\\/2024\\\/01\\\/2uZ_nlS92_600x600__1.jpg\",\"articleSection\":[\"Pol\u00edtica\"],\"inLanguage\":\"es\"},{\"@type\":\"WebPage\",\"@id\":\"https:\\\/\\\/laredlarioja.com.ar\\\/sitio\\\/capital-humano-dara-de-baja-mas-de-27-000-planes-sociales-por-incompatibilidades\\\/\",\"url\":\"https:\\\/\\\/laredlarioja.com.ar\\\/sitio\\\/capital-humano-dara-de-baja-mas-de-27-000-planes-sociales-por-incompatibilidades\\\/\",\"name\":\"Capital Humano dar\u00e1 de baja m\u00e1s de 27.000 planes sociales por \\\"incompatibilidades\\\" - LA RED 88.3 LA RIOJA\",\"isPartOf\":{\"@id\":\"https:\\\/\\\/laredlarioja.com.ar\\\/sitio\\\/#website\"},\"primaryImageOfPage\":{\"@id\":\"https:\\\/\\\/laredlarioja.com.ar\\\/sitio\\\/capital-humano-dara-de-baja-mas-de-27-000-planes-sociales-por-incompatibilidades\\\/#primaryimage\"},\"image\":{\"@id\":\"https:\\\/\\\/laredlarioja.com.ar\\\/sitio\\\/capital-humano-dara-de-baja-mas-de-27-000-planes-sociales-por-incompatibilidades\\\/#primaryimage\"},\"thumbnailUrl\":\"https:\\\/\\\/laredlarioja.com.ar\\\/sitio\\\/wp-content\\\/uploads\\\/2024\\\/01\\\/2uZ_nlS92_600x600__1.jpg\",\"datePublished\":\"2024-01-20T20:18:57+00:00\",\"dateModified\":\"2024-01-22T22:14:35+00:00\",\"breadcrumb\":{\"@id\":\"https:\\\/\\\/laredlarioja.com.ar\\\/sitio\\\/capital-humano-dara-de-baja-mas-de-27-000-planes-sociales-por-incompatibilidades\\\/#breadcrumb\"},\"inLanguage\":\"es\",\"potentialAction\":[{\"@type\":\"ReadAction\",\"target\":[\"https:\\\/\\\/laredlarioja.com.ar\\\/sitio\\\/capital-humano-dara-de-baja-mas-de-27-000-planes-sociales-por-incompatibilidades\\\/\"]}]},{\"@type\":\"ImageObject\",\"inLanguage\":\"es\",\"@id\":\"https:\\\/\\\/laredlarioja.com.ar\\\/sitio\\\/capital-humano-dara-de-baja-mas-de-27-000-planes-sociales-por-incompatibilidades\\\/#primaryimage\",\"url\":\"https:\\\/\\\/laredlarioja.com.ar\\\/sitio\\\/wp-content\\\/uploads\\\/2024\\\/01\\\/2uZ_nlS92_600x600__1.jpg\",\"contentUrl\":\"https:\\\/\\\/laredlarioja.com.ar\\\/sitio\\\/wp-content\\\/uploads\\\/2024\\\/01\\\/2uZ_nlS92_600x600__1.jpg\",\"width\":600,\"height\":600},{\"@type\":\"BreadcrumbList\",\"@id\":\"https:\\\/\\\/laredlarioja.com.ar\\\/sitio\\\/capital-humano-dara-de-baja-mas-de-27-000-planes-sociales-por-incompatibilidades\\\/#breadcrumb\",\"itemListElement\":[{\"@type\":\"ListItem\",\"position\":1,\"name\":\"Portada\",\"item\":\"https:\\\/\\\/laredlarioja.com.ar\\\/sitio\\\/\"},{\"@type\":\"ListItem\",\"position\":2,\"name\":\"Capital Humano dar\u00e1 de baja m\u00e1s de 27.000 planes sociales por &#8220;incompatibilidades&#8221;\"}]},{\"@type\":\"WebSite\",\"@id\":\"https:\\\/\\\/laredlarioja.com.ar\\\/sitio\\\/#website\",\"url\":\"https:\\\/\\\/laredlarioja.com.ar\\\/sitio\\\/\",\"name\":\"LA RED 88.3 LA RIOJA\",\"description\":\"Sitio de Noticias\",\"publisher\":{\"@id\":\"https:\\\/\\\/laredlarioja.com.ar\\\/sitio\\\/#organization\"},\"potentialAction\":[{\"@type\":\"SearchAction\",\"target\":{\"@type\":\"EntryPoint\",\"urlTemplate\":\"https:\\\/\\\/laredlarioja.com.ar\\\/sitio\\\/?s={search_term_string}\"},\"query-input\":{\"@type\":\"PropertyValueSpecification\",\"valueRequired\":true,\"valueName\":\"search_term_string\"}}],\"inLanguage\":\"es\"},{\"@type\":\"Organization\",\"@id\":\"https:\\\/\\\/laredlarioja.com.ar\\\/sitio\\\/#organization\",\"name\":\"LA RED 88.3 LA RIOJA\",\"url\":\"https:\\\/\\\/laredlarioja.com.ar\\\/sitio\\\/\",\"logo\":{\"@type\":\"ImageObject\",\"inLanguage\":\"es\",\"@id\":\"https:\\\/\\\/laredlarioja.com.ar\\\/sitio\\\/#\\\/schema\\\/logo\\\/image\\\/\",\"url\":\"https:\\\/\\\/laredlarioja.com.ar\\\/sitio\\\/wp-content\\\/uploads\\\/2025\\\/05\\\/LOGO-LA-RED.png\",\"contentUrl\":\"https:\\\/\\\/laredlarioja.com.ar\\\/sitio\\\/wp-content\\\/uploads\\\/2025\\\/05\\\/LOGO-LA-RED.png\",\"width\":193,\"height\":340,\"caption\":\"LA RED 88.3 LA RIOJA\"},\"image\":{\"@id\":\"https:\\\/\\\/laredlarioja.com.ar\\\/sitio\\\/#\\\/schema\\\/logo\\\/image\\\/\"},\"sameAs\":[\"https:\\\/\\\/www.facebook.com\\\/lared.larioja\",\"https:\\\/\\\/x.com\\\/laredlarioja1\",\"https:\\\/\\\/www.instagram.com\\\/lared_larioja\\\/\"]},{\"@type\":\"Person\",\"@id\":\"https:\\\/\\\/laredlarioja.com.ar\\\/sitio\\\/#\\\/schema\\\/person\\\/f1e213867beccedaaa4fb548d9259d9a\",\"name\":\"La Red\",\"url\":\"https:\\\/\\\/laredlarioja.com.ar\\\/sitio\\\/author\\\/lared\\\/\"}]}<\/script>\n<!-- \/ Yoast SEO plugin. -->","yoast_head_json":{"title":"Capital Humano dar\u00e1 de baja m\u00e1s de 27.000 planes sociales por \"incompatibilidades\" - LA RED 88.3 LA RIOJA","robots":{"index":"index","follow":"follow","max-snippet":"max-snippet:-1","max-image-preview":"max-image-preview:large","max-video-preview":"max-video-preview:-1"},"canonical":"https:\/\/laredlarioja.com.ar\/sitio\/capital-humano-dara-de-baja-mas-de-27-000-planes-sociales-por-incompatibilidades\/","og_locale":"es_ES","og_type":"article","og_title":"Capital Humano dar\u00e1 de baja m\u00e1s de 27.000 planes sociales por \"incompatibilidades\" - LA RED 88.3 LA RIOJA","og_description":"El Ministerio de Capital Humano inform\u00f3 este s\u00e1bado que tras detectar \u201cincompatibilidades\u201d en una verificaci\u00f3n de datos y","og_url":"https:\/\/laredlarioja.com.ar\/sitio\/capital-humano-dara-de-baja-mas-de-27-000-planes-sociales-por-incompatibilidades\/","og_site_name":"LA RED 88.3 LA RIOJA","article_publisher":"https:\/\/www.facebook.com\/lared.larioja","article_published_time":"2024-01-20T20:18:57+00:00","article_modified_time":"2024-01-22T22:14:35+00:00","og_image":[{"width":600,"height":600,"url":"https:\/\/laredlarioja.com.ar\/sitio\/wp-content\/uploads\/2024\/01\/2uZ_nlS92_600x600__1.jpg","type":"image\/jpeg"}],"author":"La Red","twitter_card":"summary_large_image","twitter_creator":"@laredlarioja1","twitter_site":"@laredlarioja1","twitter_misc":{"Escrito por":"La Red","Tiempo de lectura":"1 minuto"},"schema":{"@context":"https:\/\/schema.org","@graph":[{"@type":"Article","@id":"https:\/\/laredlarioja.com.ar\/sitio\/capital-humano-dara-de-baja-mas-de-27-000-planes-sociales-por-incompatibilidades\/#article","isPartOf":{"@id":"https:\/\/laredlarioja.com.ar\/sitio\/capital-humano-dara-de-baja-mas-de-27-000-planes-sociales-por-incompatibilidades\/"},"author":{"name":"La Red","@id":"https:\/\/laredlarioja.com.ar\/sitio\/#\/schema\/person\/f1e213867beccedaaa4fb548d9259d9a"},"headline":"Capital Humano dar\u00e1 de baja m\u00e1s de 27.000 planes sociales por \u00abincompatibilidades\u00bb","datePublished":"2024-01-20T20:18:57+00:00","dateModified":"2024-01-22T22:14:35+00:00","mainEntityOfPage":{"@id":"https:\/\/laredlarioja.com.ar\/sitio\/capital-humano-dara-de-baja-mas-de-27-000-planes-sociales-por-incompatibilidades\/"},"wordCount":197,"publisher":{"@id":"https:\/\/laredlarioja.com.ar\/sitio\/#organization"},"image":{"@id":"https:\/\/laredlarioja.com.ar\/sitio\/capital-humano-dara-de-baja-mas-de-27-000-planes-sociales-por-incompatibilidades\/#primaryimage"},"thumbnailUrl":"https:\/\/laredlarioja.com.ar\/sitio\/wp-content\/uploads\/2024\/01\/2uZ_nlS92_600x600__1.jpg","articleSection":["Pol\u00edtica"],"inLanguage":"es"},{"@type":"WebPage","@id":"https:\/\/laredlarioja.com.ar\/sitio\/capital-humano-dara-de-baja-mas-de-27-000-planes-sociales-por-incompatibilidades\/","url":"https:\/\/laredlarioja.com.ar\/sitio\/capital-humano-dara-de-baja-mas-de-27-000-planes-sociales-por-incompatibilidades\/","name":"Capital Humano dar\u00e1 de baja m\u00e1s de 27.000 planes sociales por \"incompatibilidades\" - LA RED 88.3 LA RIOJA","isPartOf":{"@id":"https:\/\/laredlarioja.com.ar\/sitio\/#website"},"primaryImageOfPage":{"@id":"https:\/\/laredlarioja.com.ar\/sitio\/capital-humano-dara-de-baja-mas-de-27-000-planes-sociales-por-incompatibilidades\/#primaryimage"},"image":{"@id":"https:\/\/laredlarioja.com.ar\/sitio\/capital-humano-dara-de-baja-mas-de-27-000-planes-sociales-por-incompatibilidades\/#primaryimage"},"thumbnailUrl":"https:\/\/laredlarioja.com.ar\/sitio\/wp-content\/uploads\/2024\/01\/2uZ_nlS92_600x600__1.jpg","datePublished":"2024-01-20T20:18:57+00:00","dateModified":"2024-01-22T22:14:35+00:00","breadcrumb":{"@id":"https:\/\/laredlarioja.com.ar\/sitio\/capital-humano-dara-de-baja-mas-de-27-000-planes-sociales-por-incompatibilidades\/#breadcrumb"},"inLanguage":"es","potentialAction":[{"@type":"ReadAction","target":["https:\/\/laredlarioja.com.ar\/sitio\/capital-humano-dara-de-baja-mas-de-27-000-planes-sociales-por-incompatibilidades\/"]}]},{"@type":"ImageObject","inLanguage":"es","@id":"https:\/\/laredlarioja.com.ar\/sitio\/capital-humano-dara-de-baja-mas-de-27-000-planes-sociales-por-incompatibilidades\/#primaryimage","url":"https:\/\/laredlarioja.com.ar\/sitio\/wp-content\/uploads\/2024\/01\/2uZ_nlS92_600x600__1.jpg","contentUrl":"https:\/\/laredlarioja.com.ar\/sitio\/wp-content\/uploads\/2024\/01\/2uZ_nlS92_600x600__1.jpg","width":600,"height":600},{"@type":"BreadcrumbList","@id":"https:\/\/laredlarioja.com.ar\/sitio\/capital-humano-dara-de-baja-mas-de-27-000-planes-sociales-por-incompatibilidades\/#breadcrumb","itemListElement":[{"@type":"ListItem","position":1,"name":"Portada","item":"https:\/\/laredlarioja.com.ar\/sitio\/"},{"@type":"ListItem","position":2,"name":"Capital Humano dar\u00e1 de baja m\u00e1s de 27.000 planes sociales por &#8220;incompatibilidades&#8221;"}]},{"@type":"WebSite","@id":"https:\/\/laredlarioja.com.ar\/sitio\/#website","url":"https:\/\/laredlarioja.com.ar\/sitio\/","name":"LA RED 88.3 LA RIOJA","description":"Sitio de Noticias","publisher":{"@id":"https:\/\/laredlarioja.com.ar\/sitio\/#organization"},"potentialAction":[{"@type":"SearchAction","target":{"@type":"EntryPoint","urlTemplate":"https:\/\/laredlarioja.com.ar\/sitio\/?s={search_term_string}"},"query-input":{"@type":"PropertyValueSpecification","valueRequired":true,"valueName":"search_term_string"}}],"inLanguage":"es"},{"@type":"Organization","@id":"https:\/\/laredlarioja.com.ar\/sitio\/#organization","name":"LA RED 88.3 LA RIOJA","url":"https:\/\/laredlarioja.com.ar\/sitio\/","logo":{"@type":"ImageObject","inLanguage":"es","@id":"https:\/\/laredlarioja.com.ar\/sitio\/#\/schema\/logo\/image\/","url":"https:\/\/laredlarioja.com.ar\/sitio\/wp-content\/uploads\/2025\/05\/LOGO-LA-RED.png","contentUrl":"https:\/\/laredlarioja.com.ar\/sitio\/wp-content\/uploads\/2025\/05\/LOGO-LA-RED.png","width":193,"height":340,"caption":"LA RED 88.3 LA RIOJA"},"image":{"@id":"https:\/\/laredlarioja.com.ar\/sitio\/#\/schema\/logo\/image\/"},"sameAs":["https:\/\/www.facebook.com\/lared.larioja","https:\/\/x.com\/laredlarioja1","https:\/\/www.instagram.com\/lared_larioja\/"]},{"@type":"Person","@id":"https:\/\/laredlarioja.com.ar\/sitio\/#\/schema\/person\/f1e213867beccedaaa4fb548d9259d9a","name":"La Red","url":"https:\/\/laredlarioja.com.ar\/sitio\/author\/lared\/"}]}},"featured_image_urls":{"full":["https:\/\/laredlarioja.com.ar\/sitio\/wp-content\/uploads\/2024\/01\/2uZ_nlS92_600x600__1.jpg",600,600,false],"thumbnail":["https:\/\/laredlarioja.com.ar\/sitio\/wp-content\/uploads\/2024\/01\/2uZ_nlS92_600x600__1-150x150.jpg",150,150,true],"medium":["https:\/\/laredlarioja.com.ar\/sitio\/wp-content\/uploads\/2024\/01\/2uZ_nlS92_600x600__1-300x300.jpg",300,300,true],"medium_large":["https:\/\/laredlarioja.com.ar\/sitio\/wp-content\/uploads\/2024\/01\/2uZ_nlS92_600x600__1.jpg",600,600,false],"large":["https:\/\/laredlarioja.com.ar\/sitio\/wp-content\/uploads\/2024\/01\/2uZ_nlS92_600x600__1.jpg",600,600,false],"1536x1536":["https:\/\/laredlarioja.com.ar\/sitio\/wp-content\/uploads\/2024\/01\/2uZ_nlS92_600x600__1.jpg",600,600,false],"2048x2048":["https:\/\/laredlarioja.com.ar\/sitio\/wp-content\/uploads\/2024\/01\/2uZ_nlS92_600x600__1.jpg",600,600,false],"cvmm-medium":["https:\/\/laredlarioja.com.ar\/sitio\/wp-content\/uploads\/2024\/01\/2uZ_nlS92_600x600__1-300x300.jpg",300,300,true],"cvmm-medium-plus":["https:\/\/laredlarioja.com.ar\/sitio\/wp-content\/uploads\/2024\/01\/2uZ_nlS92_600x600__1-305x207.jpg",305,207,true],"cvmm-portrait":["https:\/\/laredlarioja.com.ar\/sitio\/wp-content\/uploads\/2024\/01\/2uZ_nlS92_600x600__1-400x600.jpg",400,600,true],"cvmm-medium-square":["https:\/\/laredlarioja.com.ar\/sitio\/wp-content\/uploads\/2024\/01\/2uZ_nlS92_600x600__1.jpg",600,600,false],"cvmm-large":["https:\/\/laredlarioja.com.ar\/sitio\/wp-content\/uploads\/2024\/01\/2uZ_nlS92_600x600__1.jpg",600,600,false],"cvmm-small":["https:\/\/laredlarioja.com.ar\/sitio\/wp-content\/uploads\/2024\/01\/2uZ_nlS92_600x600__1-130x95.jpg",130,95,true],"morenews-large":["https:\/\/laredlarioja.com.ar\/sitio\/wp-content\/uploads\/2024\/01\/2uZ_nlS92_600x600__1-600x575.jpg",600,575,true],"morenews-medium":["https:\/\/laredlarioja.com.ar\/sitio\/wp-content\/uploads\/2024\/01\/2uZ_nlS92_600x600__1-590x410.jpg",590,410,true]},"author_info":{"display_name":"La Red","author_link":"https:\/\/laredlarioja.com.ar\/sitio\/author\/lared\/"},"category_info":"<a href=\"https:\/\/laredlarioja.com.ar\/sitio\/categorias\/politica\/\" rel=\"category tag\">Pol\u00edtica<\/a>","tag_info":"Pol\u00edtica","comment_count":"0","blog_post_layout_featured_media_urls":{"thumbnail":["https:\/\/laredlarioja.com.ar\/sitio\/wp-content\/uploads\/2024\/01\/2uZ_nlS92_600x600__1-150x150.jpg",150,150,true],"full":["https:\/\/laredlarioja.com.ar\/sitio\/wp-content\/uploads\/2024\/01\/2uZ_nlS92_600x600__1.jpg",600,600,false]},"categories_names":{"23":{"name":"Pol\u00edtica","link":"https:\/\/laredlarioja.com.ar\/sitio\/categorias\/politica\/"}},"tags_names":[],"comments_number":"0","wpmagazine_modules_lite_featured_media_urls":{"thumbnail":["https:\/\/laredlarioja.com.ar\/sitio\/wp-content\/uploads\/2024\/01\/2uZ_nlS92_600x600__1-150x150.jpg",150,150,true],"cvmm-medium":["https:\/\/laredlarioja.com.ar\/sitio\/wp-content\/uploads\/2024\/01\/2uZ_nlS92_600x600__1-300x300.jpg",300,300,true],"cvmm-medium-plus":["https:\/\/laredlarioja.com.ar\/sitio\/wp-content\/uploads\/2024\/01\/2uZ_nlS92_600x600__1-305x207.jpg",305,207,true],"cvmm-portrait":["https:\/\/laredlarioja.com.ar\/sitio\/wp-content\/uploads\/2024\/01\/2uZ_nlS92_600x600__1-400x600.jpg",400,600,true],"cvmm-medium-square":["https:\/\/laredlarioja.com.ar\/sitio\/wp-content\/uploads\/2024\/01\/2uZ_nlS92_600x600__1.jpg",600,600,false],"cvmm-large":["https:\/\/laredlarioja.com.ar\/sitio\/wp-content\/uploads\/2024\/01\/2uZ_nlS92_600x600__1.jpg",600,600,false],"cvmm-small":["https:\/\/laredlarioja.com.ar\/sitio\/wp-content\/uploads\/2024\/01\/2uZ_nlS92_600x600__1-130x95.jpg",130,95,true],"full":["https:\/\/laredlarioja.com.ar\/sitio\/wp-content\/uploads\/2024\/01\/2uZ_nlS92_600x600__1.jpg",600,600,false]},"_links":{"self":[{"href":"https:\/\/laredlarioja.com.ar\/sitio\/wp-json\/wp\/v2\/posts\/41752","targetHints":{"allow":["GET"]}}],"collection":[{"href":"https:\/\/laredlarioja.com.ar\/sitio\/wp-json\/wp\/v2\/posts"}],"about":[{"href":"https:\/\/laredlarioja.com.ar\/sitio\/wp-json\/wp\/v2\/types\/post"}],"author":[{"embeddable":true,"href":"https:\/\/laredlarioja.com.ar\/sitio\/wp-json\/wp\/v2\/users\/10"}],"replies":[{"embeddable":true,"href":"https:\/\/laredlarioja.com.ar\/sitio\/wp-json\/wp\/v2\/comments?post=41752"}],"version-history":[{"count":1,"href":"https:\/\/laredlarioja.com.ar\/sitio\/wp-json\/wp\/v2\/posts\/41752\/revisions"}],"predecessor-version":[{"id":41754,"href":"https:\/\/laredlarioja.com.ar\/sitio\/wp-json\/wp\/v2\/posts\/41752\/revisions\/41754"}],"wp:featuredmedia":[{"embeddable":true,"href":"https:\/\/laredlarioja.com.ar\/sitio\/wp-json\/wp\/v2\/media\/41753"}],"wp:attachment":[{"href":"https:\/\/laredlarioja.com.ar\/sitio\/wp-json\/wp\/v2\/media?parent=41752"}],"wp:term":[{"taxonomy":"category","embeddable":true,"href":"https:\/\/laredlarioja.com.ar\/sitio\/wp-json\/wp\/v2\/categories?post=41752"},{"taxonomy":"post_tag","embeddable":true,"href":"https:\/\/laredlarioja.com.ar\/sitio\/wp-json\/wp\/v2\/tags?post=41752"}],"curies":[{"name":"wp","href":"https:\/\/api.w.org\/{rel}","templated":true}]}}