{"id":42503,"date":"2024-02-23T23:10:43","date_gmt":"2024-02-23T23:10:43","guid":{"rendered":"https:\/\/laredlarioja.com.ar\/sitio\/?p=42503"},"modified":"2024-09-07T19:35:21","modified_gmt":"2024-09-07T19:35:21","slug":"caso-jorge-quinteros-un-homicidio-un-detenido-que-niega-el-hecho-y-la-busqueda-de-evidencias","status":"publish","type":"post","link":"https:\/\/laredlarioja.com.ar\/sitio\/caso-jorge-quinteros-un-homicidio-un-detenido-que-niega-el-hecho-y-la-busqueda-de-evidencias\/","title":{"rendered":"Caso Jorge Quinteros: un homicidio, un detenido que niega el hecho, y la b\u00fasqueda de evidencias"},"content":{"rendered":"<p>La justicia de La Rioja busca esclarecer la muerte de Jorge Quinteros, un joven de 29 a\u00f1os, que fue encontrado con lesiones en el cuerpo, en inmediaciones del barrio Yacampis. La v\u00edctima, estuvo internada varios d\u00edas en el hospital \u201cEnrique Vera Barros\u201d pero falleci\u00f3 el 28 de diciembre de 2023. Hace algunos d\u00edas el detenido que tiene la causa, identificado como Arturo Far\u00edas, declar\u00f3 en indagatoria, pero habr\u00eda negado la supuesta autor\u00eda del homicidio que se investiga.<\/p>\n<p>En dialogo con la prensa, el abogado de la familia Quinteros, Pablo Arrieta, explic\u00f3 que la causa investiga el delito de homicidio preterintencional, es decir, cuando alguien realiza una acci\u00f3n con intenci\u00f3n de lesionar a una persona, pero accidentalmente le causa la muerte. En este sentido, Arrieta explic\u00f3 que el detenido habr\u00eda explicado, en la indagatoria, que \u00e9l no mat\u00f3 a Quinteros sino que \u201cen una discusi\u00f3n empuj\u00f3 a Jorge y que \u00e9l cae sobre el piso\u201d. No obstante, el abogado pone \u201cen tela de juicio\u201d esa versi\u00f3n porque la autopsia estableci\u00f3 que la v\u00edctima presentaba otros golpes en el cuerpo.<\/p>\n<p>Arrieta, y la familia de Quinteros, conf\u00eda en que los investigadores aportar\u00e1n m\u00e1s evidencias para demostrar que no se tratar\u00eda de un homicidio preterintencional sino que hubo una intenci\u00f3n concreta de provocar la muerte del joven Quinteros. La madre de la v\u00edctima, Alejandra, sostuvo que la agresi\u00f3n para con su hijo habr\u00eda sido \u201cpor un vino\u201d y que en la golpiza habr\u00edan participado otras personas.<\/p>\n<p>Luego de la indagatoria del detenido, se espera que la justicia comience con la recolecci\u00f3n de evidencias para luego determinar si el acusado es presunto autor del delito de homicidio preterintencional o bien si, por las pruebas recolectadas, se modifica la caratula y el caso es presentado como homicidio simple.<\/p>\n","protected":false},"excerpt":{"rendered":"<p>La justicia de La Rioja busca esclarecer la muerte de Jorge Quinteros, un joven de 29 a\u00f1os, que<\/p>\n","protected":false},"author":8,"featured_media":42504,"comment_status":"closed","ping_status":"open","sticky":false,"template":"","format":"standard","meta":{"footnotes":""},"categories":[94],"tags":[],"class_list":["post-42503","post","type-post","status-publish","format-standard","has-post-thumbnail","hentry","category-locales"],"yoast_head":"<!-- This site is optimized with the Yoast SEO plugin v27.4 - https:\/\/yoast.com\/product\/yoast-seo-wordpress\/ -->\n<title>Caso Jorge Quinteros: un homicidio, un detenido que niega el hecho, y la b\u00fasqueda de evidencias - LA RED 88.3 LA RIOJA<\/title>\n<meta name=\"robots\" content=\"index, follow, max-snippet:-1, max-image-preview:large, max-video-preview:-1\" \/>\n<link rel=\"canonical\" href=\"https:\/\/laredlarioja.com.ar\/sitio\/caso-jorge-quinteros-un-homicidio-un-detenido-que-niega-el-hecho-y-la-busqueda-de-evidencias\/\" \/>\n<meta property=\"og:locale\" content=\"es_ES\" \/>\n<meta property=\"og:type\" content=\"article\" \/>\n<meta property=\"og:title\" content=\"Caso Jorge Quinteros: un homicidio, un detenido que niega el hecho, y la b\u00fasqueda de evidencias - LA RED 88.3 LA RIOJA\" \/>\n<meta property=\"og:description\" content=\"La justicia de La Rioja busca esclarecer la muerte de Jorge Quinteros, un joven de 29 a\u00f1os, que\" \/>\n<meta property=\"og:url\" content=\"https:\/\/laredlarioja.com.ar\/sitio\/caso-jorge-quinteros-un-homicidio-un-detenido-que-niega-el-hecho-y-la-busqueda-de-evidencias\/\" \/>\n<meta property=\"og:site_name\" content=\"LA RED 88.3 LA RIOJA\" \/>\n<meta property=\"article:publisher\" content=\"https:\/\/www.facebook.com\/lared.larioja\" \/>\n<meta property=\"article:published_time\" content=\"2024-02-23T23:10:43+00:00\" \/>\n<meta property=\"article:modified_time\" content=\"2024-09-07T19:35:21+00:00\" \/>\n<meta property=\"og:image\" content=\"https:\/\/laredlarioja.com.ar\/sitio\/wp-content\/uploads\/2024\/02\/amuerto.jpg\" \/>\n\t<meta property=\"og:image:width\" content=\"715\" \/>\n\t<meta property=\"og:image:height\" content=\"715\" \/>\n\t<meta property=\"og:image:type\" content=\"image\/jpeg\" \/>\n<meta name=\"author\" content=\"Mart\u00edn Ruarte\" \/>\n<meta name=\"twitter:card\" content=\"summary_large_image\" \/>\n<meta name=\"twitter:creator\" content=\"@laredlarioja1\" \/>\n<meta name=\"twitter:site\" content=\"@laredlarioja1\" \/>\n<meta name=\"twitter:label1\" content=\"Escrito por\" \/>\n\t<meta name=\"twitter:data1\" content=\"Mart\u00edn Ruarte\" \/>\n\t<meta name=\"twitter:label2\" content=\"Tiempo de lectura\" \/>\n\t<meta name=\"twitter:data2\" content=\"2 minutos\" \/>\n<script type=\"application\/ld+json\" class=\"yoast-schema-graph\">{\"@context\":\"https:\\\/\\\/schema.org\",\"@graph\":[{\"@type\":\"Article\",\"@id\":\"https:\\\/\\\/laredlarioja.com.ar\\\/sitio\\\/caso-jorge-quinteros-un-homicidio-un-detenido-que-niega-el-hecho-y-la-busqueda-de-evidencias\\\/#article\",\"isPartOf\":{\"@id\":\"https:\\\/\\\/laredlarioja.com.ar\\\/sitio\\\/caso-jorge-quinteros-un-homicidio-un-detenido-que-niega-el-hecho-y-la-busqueda-de-evidencias\\\/\"},\"author\":{\"name\":\"Mart\u00edn Ruarte\",\"@id\":\"https:\\\/\\\/laredlarioja.com.ar\\\/sitio\\\/#\\\/schema\\\/person\\\/3b1600cc7f8fd3617dc50f96d3503489\"},\"headline\":\"Caso Jorge Quinteros: un homicidio, un detenido que niega el hecho, y la b\u00fasqueda de evidencias\",\"datePublished\":\"2024-02-23T23:10:43+00:00\",\"dateModified\":\"2024-09-07T19:35:21+00:00\",\"mainEntityOfPage\":{\"@id\":\"https:\\\/\\\/laredlarioja.com.ar\\\/sitio\\\/caso-jorge-quinteros-un-homicidio-un-detenido-que-niega-el-hecho-y-la-busqueda-de-evidencias\\\/\"},\"wordCount\":330,\"publisher\":{\"@id\":\"https:\\\/\\\/laredlarioja.com.ar\\\/sitio\\\/#organization\"},\"image\":{\"@id\":\"https:\\\/\\\/laredlarioja.com.ar\\\/sitio\\\/caso-jorge-quinteros-un-homicidio-un-detenido-que-niega-el-hecho-y-la-busqueda-de-evidencias\\\/#primaryimage\"},\"thumbnailUrl\":\"https:\\\/\\\/laredlarioja.com.ar\\\/sitio\\\/wp-content\\\/uploads\\\/2024\\\/02\\\/amuerto.jpg\",\"articleSection\":[\"Locales\"],\"inLanguage\":\"es\"},{\"@type\":\"WebPage\",\"@id\":\"https:\\\/\\\/laredlarioja.com.ar\\\/sitio\\\/caso-jorge-quinteros-un-homicidio-un-detenido-que-niega-el-hecho-y-la-busqueda-de-evidencias\\\/\",\"url\":\"https:\\\/\\\/laredlarioja.com.ar\\\/sitio\\\/caso-jorge-quinteros-un-homicidio-un-detenido-que-niega-el-hecho-y-la-busqueda-de-evidencias\\\/\",\"name\":\"Caso Jorge Quinteros: un homicidio, un detenido que niega el hecho, y la b\u00fasqueda de evidencias - LA RED 88.3 LA RIOJA\",\"isPartOf\":{\"@id\":\"https:\\\/\\\/laredlarioja.com.ar\\\/sitio\\\/#website\"},\"primaryImageOfPage\":{\"@id\":\"https:\\\/\\\/laredlarioja.com.ar\\\/sitio\\\/caso-jorge-quinteros-un-homicidio-un-detenido-que-niega-el-hecho-y-la-busqueda-de-evidencias\\\/#primaryimage\"},\"image\":{\"@id\":\"https:\\\/\\\/laredlarioja.com.ar\\\/sitio\\\/caso-jorge-quinteros-un-homicidio-un-detenido-que-niega-el-hecho-y-la-busqueda-de-evidencias\\\/#primaryimage\"},\"thumbnailUrl\":\"https:\\\/\\\/laredlarioja.com.ar\\\/sitio\\\/wp-content\\\/uploads\\\/2024\\\/02\\\/amuerto.jpg\",\"datePublished\":\"2024-02-23T23:10:43+00:00\",\"dateModified\":\"2024-09-07T19:35:21+00:00\",\"breadcrumb\":{\"@id\":\"https:\\\/\\\/laredlarioja.com.ar\\\/sitio\\\/caso-jorge-quinteros-un-homicidio-un-detenido-que-niega-el-hecho-y-la-busqueda-de-evidencias\\\/#breadcrumb\"},\"inLanguage\":\"es\",\"potentialAction\":[{\"@type\":\"ReadAction\",\"target\":[\"https:\\\/\\\/laredlarioja.com.ar\\\/sitio\\\/caso-jorge-quinteros-un-homicidio-un-detenido-que-niega-el-hecho-y-la-busqueda-de-evidencias\\\/\"]}]},{\"@type\":\"ImageObject\",\"inLanguage\":\"es\",\"@id\":\"https:\\\/\\\/laredlarioja.com.ar\\\/sitio\\\/caso-jorge-quinteros-un-homicidio-un-detenido-que-niega-el-hecho-y-la-busqueda-de-evidencias\\\/#primaryimage\",\"url\":\"https:\\\/\\\/laredlarioja.com.ar\\\/sitio\\\/wp-content\\\/uploads\\\/2024\\\/02\\\/amuerto.jpg\",\"contentUrl\":\"https:\\\/\\\/laredlarioja.com.ar\\\/sitio\\\/wp-content\\\/uploads\\\/2024\\\/02\\\/amuerto.jpg\",\"width\":715,\"height\":715},{\"@type\":\"BreadcrumbList\",\"@id\":\"https:\\\/\\\/laredlarioja.com.ar\\\/sitio\\\/caso-jorge-quinteros-un-homicidio-un-detenido-que-niega-el-hecho-y-la-busqueda-de-evidencias\\\/#breadcrumb\",\"itemListElement\":[{\"@type\":\"ListItem\",\"position\":1,\"name\":\"Portada\",\"item\":\"https:\\\/\\\/laredlarioja.com.ar\\\/sitio\\\/\"},{\"@type\":\"ListItem\",\"position\":2,\"name\":\"Caso Jorge Quinteros: un homicidio, un detenido que niega el hecho, y la b\u00fasqueda de evidencias\"}]},{\"@type\":\"WebSite\",\"@id\":\"https:\\\/\\\/laredlarioja.com.ar\\\/sitio\\\/#website\",\"url\":\"https:\\\/\\\/laredlarioja.com.ar\\\/sitio\\\/\",\"name\":\"LA RED 88.3 LA RIOJA\",\"description\":\"Sitio de Noticias\",\"publisher\":{\"@id\":\"https:\\\/\\\/laredlarioja.com.ar\\\/sitio\\\/#organization\"},\"potentialAction\":[{\"@type\":\"SearchAction\",\"target\":{\"@type\":\"EntryPoint\",\"urlTemplate\":\"https:\\\/\\\/laredlarioja.com.ar\\\/sitio\\\/?s={search_term_string}\"},\"query-input\":{\"@type\":\"PropertyValueSpecification\",\"valueRequired\":true,\"valueName\":\"search_term_string\"}}],\"inLanguage\":\"es\"},{\"@type\":\"Organization\",\"@id\":\"https:\\\/\\\/laredlarioja.com.ar\\\/sitio\\\/#organization\",\"name\":\"LA RED 88.3 LA RIOJA\",\"url\":\"https:\\\/\\\/laredlarioja.com.ar\\\/sitio\\\/\",\"logo\":{\"@type\":\"ImageObject\",\"inLanguage\":\"es\",\"@id\":\"https:\\\/\\\/laredlarioja.com.ar\\\/sitio\\\/#\\\/schema\\\/logo\\\/image\\\/\",\"url\":\"https:\\\/\\\/laredlarioja.com.ar\\\/sitio\\\/wp-content\\\/uploads\\\/2025\\\/05\\\/LOGO-LA-RED.png\",\"contentUrl\":\"https:\\\/\\\/laredlarioja.com.ar\\\/sitio\\\/wp-content\\\/uploads\\\/2025\\\/05\\\/LOGO-LA-RED.png\",\"width\":193,\"height\":340,\"caption\":\"LA RED 88.3 LA RIOJA\"},\"image\":{\"@id\":\"https:\\\/\\\/laredlarioja.com.ar\\\/sitio\\\/#\\\/schema\\\/logo\\\/image\\\/\"},\"sameAs\":[\"https:\\\/\\\/www.facebook.com\\\/lared.larioja\",\"https:\\\/\\\/x.com\\\/laredlarioja1\",\"https:\\\/\\\/www.instagram.com\\\/lared_larioja\\\/\"]},{\"@type\":\"Person\",\"@id\":\"https:\\\/\\\/laredlarioja.com.ar\\\/sitio\\\/#\\\/schema\\\/person\\\/3b1600cc7f8fd3617dc50f96d3503489\",\"name\":\"Mart\u00edn Ruarte\",\"url\":\"https:\\\/\\\/laredlarioja.com.ar\\\/sitio\\\/author\\\/mruarte\\\/\"}]}<\/script>\n<!-- \/ Yoast SEO plugin. -->","yoast_head_json":{"title":"Caso Jorge Quinteros: un homicidio, un detenido que niega el hecho, y la b\u00fasqueda de evidencias - LA RED 88.3 LA RIOJA","robots":{"index":"index","follow":"follow","max-snippet":"max-snippet:-1","max-image-preview":"max-image-preview:large","max-video-preview":"max-video-preview:-1"},"canonical":"https:\/\/laredlarioja.com.ar\/sitio\/caso-jorge-quinteros-un-homicidio-un-detenido-que-niega-el-hecho-y-la-busqueda-de-evidencias\/","og_locale":"es_ES","og_type":"article","og_title":"Caso Jorge Quinteros: un homicidio, un detenido que niega el hecho, y la b\u00fasqueda de evidencias - LA RED 88.3 LA RIOJA","og_description":"La justicia de La Rioja busca esclarecer la muerte de Jorge Quinteros, un joven de 29 a\u00f1os, que","og_url":"https:\/\/laredlarioja.com.ar\/sitio\/caso-jorge-quinteros-un-homicidio-un-detenido-que-niega-el-hecho-y-la-busqueda-de-evidencias\/","og_site_name":"LA RED 88.3 LA RIOJA","article_publisher":"https:\/\/www.facebook.com\/lared.larioja","article_published_time":"2024-02-23T23:10:43+00:00","article_modified_time":"2024-09-07T19:35:21+00:00","og_image":[{"width":715,"height":715,"url":"https:\/\/laredlarioja.com.ar\/sitio\/wp-content\/uploads\/2024\/02\/amuerto.jpg","type":"image\/jpeg"}],"author":"Mart\u00edn Ruarte","twitter_card":"summary_large_image","twitter_creator":"@laredlarioja1","twitter_site":"@laredlarioja1","twitter_misc":{"Escrito por":"Mart\u00edn Ruarte","Tiempo de lectura":"2 minutos"},"schema":{"@context":"https:\/\/schema.org","@graph":[{"@type":"Article","@id":"https:\/\/laredlarioja.com.ar\/sitio\/caso-jorge-quinteros-un-homicidio-un-detenido-que-niega-el-hecho-y-la-busqueda-de-evidencias\/#article","isPartOf":{"@id":"https:\/\/laredlarioja.com.ar\/sitio\/caso-jorge-quinteros-un-homicidio-un-detenido-que-niega-el-hecho-y-la-busqueda-de-evidencias\/"},"author":{"name":"Mart\u00edn Ruarte","@id":"https:\/\/laredlarioja.com.ar\/sitio\/#\/schema\/person\/3b1600cc7f8fd3617dc50f96d3503489"},"headline":"Caso Jorge Quinteros: un homicidio, un detenido que niega el hecho, y la b\u00fasqueda de evidencias","datePublished":"2024-02-23T23:10:43+00:00","dateModified":"2024-09-07T19:35:21+00:00","mainEntityOfPage":{"@id":"https:\/\/laredlarioja.com.ar\/sitio\/caso-jorge-quinteros-un-homicidio-un-detenido-que-niega-el-hecho-y-la-busqueda-de-evidencias\/"},"wordCount":330,"publisher":{"@id":"https:\/\/laredlarioja.com.ar\/sitio\/#organization"},"image":{"@id":"https:\/\/laredlarioja.com.ar\/sitio\/caso-jorge-quinteros-un-homicidio-un-detenido-que-niega-el-hecho-y-la-busqueda-de-evidencias\/#primaryimage"},"thumbnailUrl":"https:\/\/laredlarioja.com.ar\/sitio\/wp-content\/uploads\/2024\/02\/amuerto.jpg","articleSection":["Locales"],"inLanguage":"es"},{"@type":"WebPage","@id":"https:\/\/laredlarioja.com.ar\/sitio\/caso-jorge-quinteros-un-homicidio-un-detenido-que-niega-el-hecho-y-la-busqueda-de-evidencias\/","url":"https:\/\/laredlarioja.com.ar\/sitio\/caso-jorge-quinteros-un-homicidio-un-detenido-que-niega-el-hecho-y-la-busqueda-de-evidencias\/","name":"Caso Jorge Quinteros: un homicidio, un detenido que niega el hecho, y la b\u00fasqueda de evidencias - LA RED 88.3 LA RIOJA","isPartOf":{"@id":"https:\/\/laredlarioja.com.ar\/sitio\/#website"},"primaryImageOfPage":{"@id":"https:\/\/laredlarioja.com.ar\/sitio\/caso-jorge-quinteros-un-homicidio-un-detenido-que-niega-el-hecho-y-la-busqueda-de-evidencias\/#primaryimage"},"image":{"@id":"https:\/\/laredlarioja.com.ar\/sitio\/caso-jorge-quinteros-un-homicidio-un-detenido-que-niega-el-hecho-y-la-busqueda-de-evidencias\/#primaryimage"},"thumbnailUrl":"https:\/\/laredlarioja.com.ar\/sitio\/wp-content\/uploads\/2024\/02\/amuerto.jpg","datePublished":"2024-02-23T23:10:43+00:00","dateModified":"2024-09-07T19:35:21+00:00","breadcrumb":{"@id":"https:\/\/laredlarioja.com.ar\/sitio\/caso-jorge-quinteros-un-homicidio-un-detenido-que-niega-el-hecho-y-la-busqueda-de-evidencias\/#breadcrumb"},"inLanguage":"es","potentialAction":[{"@type":"ReadAction","target":["https:\/\/laredlarioja.com.ar\/sitio\/caso-jorge-quinteros-un-homicidio-un-detenido-que-niega-el-hecho-y-la-busqueda-de-evidencias\/"]}]},{"@type":"ImageObject","inLanguage":"es","@id":"https:\/\/laredlarioja.com.ar\/sitio\/caso-jorge-quinteros-un-homicidio-un-detenido-que-niega-el-hecho-y-la-busqueda-de-evidencias\/#primaryimage","url":"https:\/\/laredlarioja.com.ar\/sitio\/wp-content\/uploads\/2024\/02\/amuerto.jpg","contentUrl":"https:\/\/laredlarioja.com.ar\/sitio\/wp-content\/uploads\/2024\/02\/amuerto.jpg","width":715,"height":715},{"@type":"BreadcrumbList","@id":"https:\/\/laredlarioja.com.ar\/sitio\/caso-jorge-quinteros-un-homicidio-un-detenido-que-niega-el-hecho-y-la-busqueda-de-evidencias\/#breadcrumb","itemListElement":[{"@type":"ListItem","position":1,"name":"Portada","item":"https:\/\/laredlarioja.com.ar\/sitio\/"},{"@type":"ListItem","position":2,"name":"Caso Jorge Quinteros: un homicidio, un detenido que niega el hecho, y la b\u00fasqueda de evidencias"}]},{"@type":"WebSite","@id":"https:\/\/laredlarioja.com.ar\/sitio\/#website","url":"https:\/\/laredlarioja.com.ar\/sitio\/","name":"LA RED 88.3 LA RIOJA","description":"Sitio de Noticias","publisher":{"@id":"https:\/\/laredlarioja.com.ar\/sitio\/#organization"},"potentialAction":[{"@type":"SearchAction","target":{"@type":"EntryPoint","urlTemplate":"https:\/\/laredlarioja.com.ar\/sitio\/?s={search_term_string}"},"query-input":{"@type":"PropertyValueSpecification","valueRequired":true,"valueName":"search_term_string"}}],"inLanguage":"es"},{"@type":"Organization","@id":"https:\/\/laredlarioja.com.ar\/sitio\/#organization","name":"LA RED 88.3 LA RIOJA","url":"https:\/\/laredlarioja.com.ar\/sitio\/","logo":{"@type":"ImageObject","inLanguage":"es","@id":"https:\/\/laredlarioja.com.ar\/sitio\/#\/schema\/logo\/image\/","url":"https:\/\/laredlarioja.com.ar\/sitio\/wp-content\/uploads\/2025\/05\/LOGO-LA-RED.png","contentUrl":"https:\/\/laredlarioja.com.ar\/sitio\/wp-content\/uploads\/2025\/05\/LOGO-LA-RED.png","width":193,"height":340,"caption":"LA RED 88.3 LA RIOJA"},"image":{"@id":"https:\/\/laredlarioja.com.ar\/sitio\/#\/schema\/logo\/image\/"},"sameAs":["https:\/\/www.facebook.com\/lared.larioja","https:\/\/x.com\/laredlarioja1","https:\/\/www.instagram.com\/lared_larioja\/"]},{"@type":"Person","@id":"https:\/\/laredlarioja.com.ar\/sitio\/#\/schema\/person\/3b1600cc7f8fd3617dc50f96d3503489","name":"Mart\u00edn Ruarte","url":"https:\/\/laredlarioja.com.ar\/sitio\/author\/mruarte\/"}]}},"featured_image_urls":{"full":["https:\/\/laredlarioja.com.ar\/sitio\/wp-content\/uploads\/2024\/02\/amuerto.jpg",715,715,false],"thumbnail":["https:\/\/laredlarioja.com.ar\/sitio\/wp-content\/uploads\/2024\/02\/amuerto-150x150.jpg",150,150,true],"medium":["https:\/\/laredlarioja.com.ar\/sitio\/wp-content\/uploads\/2024\/02\/amuerto-300x300.jpg",300,300,true],"medium_large":["https:\/\/laredlarioja.com.ar\/sitio\/wp-content\/uploads\/2024\/02\/amuerto.jpg",640,640,false],"large":["https:\/\/laredlarioja.com.ar\/sitio\/wp-content\/uploads\/2024\/02\/amuerto.jpg",640,640,false],"1536x1536":["https:\/\/laredlarioja.com.ar\/sitio\/wp-content\/uploads\/2024\/02\/amuerto.jpg",715,715,false],"2048x2048":["https:\/\/laredlarioja.com.ar\/sitio\/wp-content\/uploads\/2024\/02\/amuerto.jpg",715,715,false],"cvmm-medium":["https:\/\/laredlarioja.com.ar\/sitio\/wp-content\/uploads\/2024\/02\/amuerto-300x300.jpg",300,300,true],"cvmm-medium-plus":["https:\/\/laredlarioja.com.ar\/sitio\/wp-content\/uploads\/2024\/02\/amuerto-305x207.jpg",305,207,true],"cvmm-portrait":["https:\/\/laredlarioja.com.ar\/sitio\/wp-content\/uploads\/2024\/02\/amuerto-400x600.jpg",400,600,true],"cvmm-medium-square":["https:\/\/laredlarioja.com.ar\/sitio\/wp-content\/uploads\/2024\/02\/amuerto-600x600.jpg",600,600,true],"cvmm-large":["https:\/\/laredlarioja.com.ar\/sitio\/wp-content\/uploads\/2024\/02\/amuerto.jpg",715,715,false],"cvmm-small":["https:\/\/laredlarioja.com.ar\/sitio\/wp-content\/uploads\/2024\/02\/amuerto-130x95.jpg",130,95,true],"morenews-large":["https:\/\/laredlarioja.com.ar\/sitio\/wp-content\/uploads\/2024\/02\/amuerto-715x575.jpg",715,575,true],"morenews-medium":["https:\/\/laredlarioja.com.ar\/sitio\/wp-content\/uploads\/2024\/02\/amuerto-590x410.jpg",590,410,true]},"author_info":{"display_name":"Mart\u00edn Ruarte","author_link":"https:\/\/laredlarioja.com.ar\/sitio\/author\/mruarte\/"},"category_info":"<a href=\"https:\/\/laredlarioja.com.ar\/sitio\/categorias\/locales\/\" rel=\"category tag\">Locales<\/a>","tag_info":"Locales","comment_count":"0","blog_post_layout_featured_media_urls":{"thumbnail":["https:\/\/laredlarioja.com.ar\/sitio\/wp-content\/uploads\/2024\/02\/amuerto-150x150.jpg",150,150,true],"full":["https:\/\/laredlarioja.com.ar\/sitio\/wp-content\/uploads\/2024\/02\/amuerto.jpg",715,715,false]},"categories_names":{"94":{"name":"Locales","link":"https:\/\/laredlarioja.com.ar\/sitio\/categorias\/locales\/"}},"tags_names":[],"comments_number":"0","wpmagazine_modules_lite_featured_media_urls":{"thumbnail":["https:\/\/laredlarioja.com.ar\/sitio\/wp-content\/uploads\/2024\/02\/amuerto-150x150.jpg",150,150,true],"cvmm-medium":["https:\/\/laredlarioja.com.ar\/sitio\/wp-content\/uploads\/2024\/02\/amuerto-300x300.jpg",300,300,true],"cvmm-medium-plus":["https:\/\/laredlarioja.com.ar\/sitio\/wp-content\/uploads\/2024\/02\/amuerto-305x207.jpg",305,207,true],"cvmm-portrait":["https:\/\/laredlarioja.com.ar\/sitio\/wp-content\/uploads\/2024\/02\/amuerto-400x600.jpg",400,600,true],"cvmm-medium-square":["https:\/\/laredlarioja.com.ar\/sitio\/wp-content\/uploads\/2024\/02\/amuerto-600x600.jpg",600,600,true],"cvmm-large":["https:\/\/laredlarioja.com.ar\/sitio\/wp-content\/uploads\/2024\/02\/amuerto.jpg",715,715,false],"cvmm-small":["https:\/\/laredlarioja.com.ar\/sitio\/wp-content\/uploads\/2024\/02\/amuerto-130x95.jpg",130,95,true],"full":["https:\/\/laredlarioja.com.ar\/sitio\/wp-content\/uploads\/2024\/02\/amuerto.jpg",715,715,false]},"_links":{"self":[{"href":"https:\/\/laredlarioja.com.ar\/sitio\/wp-json\/wp\/v2\/posts\/42503","targetHints":{"allow":["GET"]}}],"collection":[{"href":"https:\/\/laredlarioja.com.ar\/sitio\/wp-json\/wp\/v2\/posts"}],"about":[{"href":"https:\/\/laredlarioja.com.ar\/sitio\/wp-json\/wp\/v2\/types\/post"}],"author":[{"embeddable":true,"href":"https:\/\/laredlarioja.com.ar\/sitio\/wp-json\/wp\/v2\/users\/8"}],"replies":[{"embeddable":true,"href":"https:\/\/laredlarioja.com.ar\/sitio\/wp-json\/wp\/v2\/comments?post=42503"}],"version-history":[{"count":2,"href":"https:\/\/laredlarioja.com.ar\/sitio\/wp-json\/wp\/v2\/posts\/42503\/revisions"}],"predecessor-version":[{"id":42507,"href":"https:\/\/laredlarioja.com.ar\/sitio\/wp-json\/wp\/v2\/posts\/42503\/revisions\/42507"}],"wp:featuredmedia":[{"embeddable":true,"href":"https:\/\/laredlarioja.com.ar\/sitio\/wp-json\/wp\/v2\/media\/42504"}],"wp:attachment":[{"href":"https:\/\/laredlarioja.com.ar\/sitio\/wp-json\/wp\/v2\/media?parent=42503"}],"wp:term":[{"taxonomy":"category","embeddable":true,"href":"https:\/\/laredlarioja.com.ar\/sitio\/wp-json\/wp\/v2\/categories?post=42503"},{"taxonomy":"post_tag","embeddable":true,"href":"https:\/\/laredlarioja.com.ar\/sitio\/wp-json\/wp\/v2\/tags?post=42503"}],"curies":[{"name":"wp","href":"https:\/\/api.w.org\/{rel}","templated":true}]}}