{"id":42590,"date":"2024-02-26T22:07:32","date_gmt":"2024-02-26T22:07:32","guid":{"rendered":"https:\/\/laredlarioja.com.ar\/sitio\/?p=42590"},"modified":"2024-02-27T19:56:08","modified_gmt":"2024-02-27T19:56:08","slug":"ariel-martinez-vamos-a-tener-una-escuela-abierta-sensible-a-un-contexto-social-muy-dificil-y-complejo","status":"publish","type":"post","link":"https:\/\/laredlarioja.com.ar\/sitio\/ariel-martinez-vamos-a-tener-una-escuela-abierta-sensible-a-un-contexto-social-muy-dificil-y-complejo\/","title":{"rendered":"Ariel Mart\u00ednez: \u201cVamos a tener una escuela abierta y sensible a un contexto social dif\u00edcil\u201d"},"content":{"rendered":"<p>El ministro de Educaci\u00f3n garantiz\u00f3 el inicio del ciclo lectivo 2024 para este martes 27 de febrero. <strong>El acto se realizar\u00e1 en la escuela secundaria de Portezuelo. \u201cCreemos importante federalizar la educaci\u00f3n y tener un fuerte trabajo con el interior\u201d, dijo.<\/strong><\/p>\n<p>En la jornada de este lunes el titular de la cartera educativa particip\u00f3 del primer encuentro de supervisores y supervisoras de todos los niveles y modalidades que tuvo como objetivo trabajar en la implementaci\u00f3n del Plan Rosario Vera Pe\u00f1aloza.<\/p>\n<p>Sobre el aumento salarial el titular de la cartera educativa expres\u00f3 que \u201chemos hecho todos los esfuerzos se ha trabajado en mesas t\u00e9cnicas hay una paritaria que la sostiene la provincia sabiendo que la Naci\u00f3n ha interrumpido la otra paritaria y nos convoca reci\u00e9n para ma\u00f1ana (martes) en donde se nos dice a los ministros que sugiramos un piso salarial. Pero nuestra pregunta es c\u00f3mo podemos superior sino tenemos garantizados los fondos\u201d.<\/p>\n<p>Adem\u00e1s sostuvo que <strong>\u201cseguiremos el di\u00e1logo correspondiente para garantizar el derecho de los y las trabajadoras de la educaci\u00f3n para garantizar la accesibilidad de nuestros ni\u00f1os y ni\u00f1a<\/strong>\u201d.<\/p>\n<p>Al finalizar dijo que <strong>\u201cEste gobierno triplic\u00f3 la propuesta salarial las mesas t\u00e9cnicas nunca se interrumpi\u00f3 y no es una propuesta que la presentamos ayer, la venimos trabajando desde enero. <\/strong>Nosotros hemos sostenido y vamos a seguir sosteniendo a las instituciones, es una decisi\u00f3n pol\u00edtica de este gobierno provincial, es un respaldo social de qu\u00e9 queremos de la educaci\u00f3n para nuestra provincia\u201d.<\/p>\n","protected":false},"excerpt":{"rendered":"<p>El ministro de Educaci\u00f3n garantiz\u00f3 el inicio del ciclo lectivo 2024 para este martes 27 de febrero. El<\/p>\n","protected":false},"author":7,"featured_media":42593,"comment_status":"closed","ping_status":"open","sticky":false,"template":"","format":"standard","meta":{"footnotes":""},"categories":[94],"tags":[],"class_list":["post-42590","post","type-post","status-publish","format-standard","has-post-thumbnail","hentry","category-locales"],"yoast_head":"<!-- This site is optimized with the Yoast SEO plugin v27.4 - https:\/\/yoast.com\/product\/yoast-seo-wordpress\/ -->\n<title>Ariel Mart\u00ednez: \u201cVamos a tener una escuela abierta y sensible a un contexto social dif\u00edcil\u201d - LA RED 88.3 LA RIOJA<\/title>\n<meta name=\"robots\" content=\"index, follow, max-snippet:-1, max-image-preview:large, max-video-preview:-1\" \/>\n<link rel=\"canonical\" href=\"https:\/\/laredlarioja.com.ar\/sitio\/ariel-martinez-vamos-a-tener-una-escuela-abierta-sensible-a-un-contexto-social-muy-dificil-y-complejo\/\" \/>\n<meta property=\"og:locale\" content=\"es_ES\" \/>\n<meta property=\"og:type\" content=\"article\" \/>\n<meta property=\"og:title\" content=\"Ariel Mart\u00ednez: \u201cVamos a tener una escuela abierta y sensible a un contexto social dif\u00edcil\u201d - LA RED 88.3 LA RIOJA\" \/>\n<meta property=\"og:description\" content=\"El ministro de Educaci\u00f3n garantiz\u00f3 el inicio del ciclo lectivo 2024 para este martes 27 de febrero. El\" \/>\n<meta property=\"og:url\" content=\"https:\/\/laredlarioja.com.ar\/sitio\/ariel-martinez-vamos-a-tener-una-escuela-abierta-sensible-a-un-contexto-social-muy-dificil-y-complejo\/\" \/>\n<meta property=\"og:site_name\" content=\"LA RED 88.3 LA RIOJA\" \/>\n<meta property=\"article:publisher\" content=\"https:\/\/www.facebook.com\/lared.larioja\" \/>\n<meta property=\"article:published_time\" content=\"2024-02-26T22:07:32+00:00\" \/>\n<meta property=\"article:modified_time\" content=\"2024-02-27T19:56:08+00:00\" \/>\n<meta property=\"og:image\" content=\"https:\/\/laredlarioja.com.ar\/sitio\/wp-content\/uploads\/2024\/02\/a2384194-e655-43d9-9e61-edafd0c5d44b.jpg\" \/>\n\t<meta property=\"og:image:width\" content=\"1038\" \/>\n\t<meta property=\"og:image:height\" content=\"880\" \/>\n\t<meta property=\"og:image:type\" content=\"image\/jpeg\" \/>\n<meta name=\"author\" content=\"Anabella Soria\" \/>\n<meta name=\"twitter:card\" content=\"summary_large_image\" \/>\n<meta name=\"twitter:creator\" content=\"@laredlarioja1\" \/>\n<meta name=\"twitter:site\" content=\"@laredlarioja1\" \/>\n<meta name=\"twitter:label1\" content=\"Escrito por\" \/>\n\t<meta name=\"twitter:data1\" content=\"Anabella Soria\" \/>\n\t<meta name=\"twitter:label2\" content=\"Tiempo de lectura\" \/>\n\t<meta name=\"twitter:data2\" content=\"1 minuto\" \/>\n<script type=\"application\/ld+json\" class=\"yoast-schema-graph\">{\"@context\":\"https:\\\/\\\/schema.org\",\"@graph\":[{\"@type\":\"Article\",\"@id\":\"https:\\\/\\\/laredlarioja.com.ar\\\/sitio\\\/ariel-martinez-vamos-a-tener-una-escuela-abierta-sensible-a-un-contexto-social-muy-dificil-y-complejo\\\/#article\",\"isPartOf\":{\"@id\":\"https:\\\/\\\/laredlarioja.com.ar\\\/sitio\\\/ariel-martinez-vamos-a-tener-una-escuela-abierta-sensible-a-un-contexto-social-muy-dificil-y-complejo\\\/\"},\"author\":{\"name\":\"Anabella Soria\",\"@id\":\"https:\\\/\\\/laredlarioja.com.ar\\\/sitio\\\/#\\\/schema\\\/person\\\/31f88059d20c5cf06e974fd895aec56e\"},\"headline\":\"Ariel Mart\u00ednez: \u201cVamos a tener una escuela abierta y sensible a un contexto social dif\u00edcil\u201d\",\"datePublished\":\"2024-02-26T22:07:32+00:00\",\"dateModified\":\"2024-02-27T19:56:08+00:00\",\"mainEntityOfPage\":{\"@id\":\"https:\\\/\\\/laredlarioja.com.ar\\\/sitio\\\/ariel-martinez-vamos-a-tener-una-escuela-abierta-sensible-a-un-contexto-social-muy-dificil-y-complejo\\\/\"},\"wordCount\":275,\"publisher\":{\"@id\":\"https:\\\/\\\/laredlarioja.com.ar\\\/sitio\\\/#organization\"},\"image\":{\"@id\":\"https:\\\/\\\/laredlarioja.com.ar\\\/sitio\\\/ariel-martinez-vamos-a-tener-una-escuela-abierta-sensible-a-un-contexto-social-muy-dificil-y-complejo\\\/#primaryimage\"},\"thumbnailUrl\":\"https:\\\/\\\/laredlarioja.com.ar\\\/sitio\\\/wp-content\\\/uploads\\\/2024\\\/02\\\/a2384194-e655-43d9-9e61-edafd0c5d44b.jpg\",\"articleSection\":[\"Locales\"],\"inLanguage\":\"es\"},{\"@type\":\"WebPage\",\"@id\":\"https:\\\/\\\/laredlarioja.com.ar\\\/sitio\\\/ariel-martinez-vamos-a-tener-una-escuela-abierta-sensible-a-un-contexto-social-muy-dificil-y-complejo\\\/\",\"url\":\"https:\\\/\\\/laredlarioja.com.ar\\\/sitio\\\/ariel-martinez-vamos-a-tener-una-escuela-abierta-sensible-a-un-contexto-social-muy-dificil-y-complejo\\\/\",\"name\":\"Ariel Mart\u00ednez: \u201cVamos a tener una escuela abierta y sensible a un contexto social dif\u00edcil\u201d - LA RED 88.3 LA RIOJA\",\"isPartOf\":{\"@id\":\"https:\\\/\\\/laredlarioja.com.ar\\\/sitio\\\/#website\"},\"primaryImageOfPage\":{\"@id\":\"https:\\\/\\\/laredlarioja.com.ar\\\/sitio\\\/ariel-martinez-vamos-a-tener-una-escuela-abierta-sensible-a-un-contexto-social-muy-dificil-y-complejo\\\/#primaryimage\"},\"image\":{\"@id\":\"https:\\\/\\\/laredlarioja.com.ar\\\/sitio\\\/ariel-martinez-vamos-a-tener-una-escuela-abierta-sensible-a-un-contexto-social-muy-dificil-y-complejo\\\/#primaryimage\"},\"thumbnailUrl\":\"https:\\\/\\\/laredlarioja.com.ar\\\/sitio\\\/wp-content\\\/uploads\\\/2024\\\/02\\\/a2384194-e655-43d9-9e61-edafd0c5d44b.jpg\",\"datePublished\":\"2024-02-26T22:07:32+00:00\",\"dateModified\":\"2024-02-27T19:56:08+00:00\",\"breadcrumb\":{\"@id\":\"https:\\\/\\\/laredlarioja.com.ar\\\/sitio\\\/ariel-martinez-vamos-a-tener-una-escuela-abierta-sensible-a-un-contexto-social-muy-dificil-y-complejo\\\/#breadcrumb\"},\"inLanguage\":\"es\",\"potentialAction\":[{\"@type\":\"ReadAction\",\"target\":[\"https:\\\/\\\/laredlarioja.com.ar\\\/sitio\\\/ariel-martinez-vamos-a-tener-una-escuela-abierta-sensible-a-un-contexto-social-muy-dificil-y-complejo\\\/\"]}]},{\"@type\":\"ImageObject\",\"inLanguage\":\"es\",\"@id\":\"https:\\\/\\\/laredlarioja.com.ar\\\/sitio\\\/ariel-martinez-vamos-a-tener-una-escuela-abierta-sensible-a-un-contexto-social-muy-dificil-y-complejo\\\/#primaryimage\",\"url\":\"https:\\\/\\\/laredlarioja.com.ar\\\/sitio\\\/wp-content\\\/uploads\\\/2024\\\/02\\\/a2384194-e655-43d9-9e61-edafd0c5d44b.jpg\",\"contentUrl\":\"https:\\\/\\\/laredlarioja.com.ar\\\/sitio\\\/wp-content\\\/uploads\\\/2024\\\/02\\\/a2384194-e655-43d9-9e61-edafd0c5d44b.jpg\",\"width\":1038,\"height\":880},{\"@type\":\"BreadcrumbList\",\"@id\":\"https:\\\/\\\/laredlarioja.com.ar\\\/sitio\\\/ariel-martinez-vamos-a-tener-una-escuela-abierta-sensible-a-un-contexto-social-muy-dificil-y-complejo\\\/#breadcrumb\",\"itemListElement\":[{\"@type\":\"ListItem\",\"position\":1,\"name\":\"Portada\",\"item\":\"https:\\\/\\\/laredlarioja.com.ar\\\/sitio\\\/\"},{\"@type\":\"ListItem\",\"position\":2,\"name\":\"Ariel Mart\u00ednez: \u201cVamos a tener una escuela abierta y sensible a un contexto social dif\u00edcil\u201d\"}]},{\"@type\":\"WebSite\",\"@id\":\"https:\\\/\\\/laredlarioja.com.ar\\\/sitio\\\/#website\",\"url\":\"https:\\\/\\\/laredlarioja.com.ar\\\/sitio\\\/\",\"name\":\"LA RED 88.3 LA RIOJA\",\"description\":\"Sitio de Noticias\",\"publisher\":{\"@id\":\"https:\\\/\\\/laredlarioja.com.ar\\\/sitio\\\/#organization\"},\"potentialAction\":[{\"@type\":\"SearchAction\",\"target\":{\"@type\":\"EntryPoint\",\"urlTemplate\":\"https:\\\/\\\/laredlarioja.com.ar\\\/sitio\\\/?s={search_term_string}\"},\"query-input\":{\"@type\":\"PropertyValueSpecification\",\"valueRequired\":true,\"valueName\":\"search_term_string\"}}],\"inLanguage\":\"es\"},{\"@type\":\"Organization\",\"@id\":\"https:\\\/\\\/laredlarioja.com.ar\\\/sitio\\\/#organization\",\"name\":\"LA RED 88.3 LA RIOJA\",\"url\":\"https:\\\/\\\/laredlarioja.com.ar\\\/sitio\\\/\",\"logo\":{\"@type\":\"ImageObject\",\"inLanguage\":\"es\",\"@id\":\"https:\\\/\\\/laredlarioja.com.ar\\\/sitio\\\/#\\\/schema\\\/logo\\\/image\\\/\",\"url\":\"https:\\\/\\\/laredlarioja.com.ar\\\/sitio\\\/wp-content\\\/uploads\\\/2025\\\/05\\\/LOGO-LA-RED.png\",\"contentUrl\":\"https:\\\/\\\/laredlarioja.com.ar\\\/sitio\\\/wp-content\\\/uploads\\\/2025\\\/05\\\/LOGO-LA-RED.png\",\"width\":193,\"height\":340,\"caption\":\"LA RED 88.3 LA RIOJA\"},\"image\":{\"@id\":\"https:\\\/\\\/laredlarioja.com.ar\\\/sitio\\\/#\\\/schema\\\/logo\\\/image\\\/\"},\"sameAs\":[\"https:\\\/\\\/www.facebook.com\\\/lared.larioja\",\"https:\\\/\\\/x.com\\\/laredlarioja1\",\"https:\\\/\\\/www.instagram.com\\\/lared_larioja\\\/\"]},{\"@type\":\"Person\",\"@id\":\"https:\\\/\\\/laredlarioja.com.ar\\\/sitio\\\/#\\\/schema\\\/person\\\/31f88059d20c5cf06e974fd895aec56e\",\"name\":\"Anabella Soria\",\"url\":\"https:\\\/\\\/laredlarioja.com.ar\\\/sitio\\\/author\\\/asoria\\\/\"}]}<\/script>\n<!-- \/ Yoast SEO plugin. -->","yoast_head_json":{"title":"Ariel Mart\u00ednez: \u201cVamos a tener una escuela abierta y sensible a un contexto social dif\u00edcil\u201d - LA RED 88.3 LA RIOJA","robots":{"index":"index","follow":"follow","max-snippet":"max-snippet:-1","max-image-preview":"max-image-preview:large","max-video-preview":"max-video-preview:-1"},"canonical":"https:\/\/laredlarioja.com.ar\/sitio\/ariel-martinez-vamos-a-tener-una-escuela-abierta-sensible-a-un-contexto-social-muy-dificil-y-complejo\/","og_locale":"es_ES","og_type":"article","og_title":"Ariel Mart\u00ednez: \u201cVamos a tener una escuela abierta y sensible a un contexto social dif\u00edcil\u201d - LA RED 88.3 LA RIOJA","og_description":"El ministro de Educaci\u00f3n garantiz\u00f3 el inicio del ciclo lectivo 2024 para este martes 27 de febrero. El","og_url":"https:\/\/laredlarioja.com.ar\/sitio\/ariel-martinez-vamos-a-tener-una-escuela-abierta-sensible-a-un-contexto-social-muy-dificil-y-complejo\/","og_site_name":"LA RED 88.3 LA RIOJA","article_publisher":"https:\/\/www.facebook.com\/lared.larioja","article_published_time":"2024-02-26T22:07:32+00:00","article_modified_time":"2024-02-27T19:56:08+00:00","og_image":[{"width":1038,"height":880,"url":"https:\/\/laredlarioja.com.ar\/sitio\/wp-content\/uploads\/2024\/02\/a2384194-e655-43d9-9e61-edafd0c5d44b.jpg","type":"image\/jpeg"}],"author":"Anabella Soria","twitter_card":"summary_large_image","twitter_creator":"@laredlarioja1","twitter_site":"@laredlarioja1","twitter_misc":{"Escrito por":"Anabella Soria","Tiempo de lectura":"1 minuto"},"schema":{"@context":"https:\/\/schema.org","@graph":[{"@type":"Article","@id":"https:\/\/laredlarioja.com.ar\/sitio\/ariel-martinez-vamos-a-tener-una-escuela-abierta-sensible-a-un-contexto-social-muy-dificil-y-complejo\/#article","isPartOf":{"@id":"https:\/\/laredlarioja.com.ar\/sitio\/ariel-martinez-vamos-a-tener-una-escuela-abierta-sensible-a-un-contexto-social-muy-dificil-y-complejo\/"},"author":{"name":"Anabella Soria","@id":"https:\/\/laredlarioja.com.ar\/sitio\/#\/schema\/person\/31f88059d20c5cf06e974fd895aec56e"},"headline":"Ariel Mart\u00ednez: \u201cVamos a tener una escuela abierta y sensible a un contexto social dif\u00edcil\u201d","datePublished":"2024-02-26T22:07:32+00:00","dateModified":"2024-02-27T19:56:08+00:00","mainEntityOfPage":{"@id":"https:\/\/laredlarioja.com.ar\/sitio\/ariel-martinez-vamos-a-tener-una-escuela-abierta-sensible-a-un-contexto-social-muy-dificil-y-complejo\/"},"wordCount":275,"publisher":{"@id":"https:\/\/laredlarioja.com.ar\/sitio\/#organization"},"image":{"@id":"https:\/\/laredlarioja.com.ar\/sitio\/ariel-martinez-vamos-a-tener-una-escuela-abierta-sensible-a-un-contexto-social-muy-dificil-y-complejo\/#primaryimage"},"thumbnailUrl":"https:\/\/laredlarioja.com.ar\/sitio\/wp-content\/uploads\/2024\/02\/a2384194-e655-43d9-9e61-edafd0c5d44b.jpg","articleSection":["Locales"],"inLanguage":"es"},{"@type":"WebPage","@id":"https:\/\/laredlarioja.com.ar\/sitio\/ariel-martinez-vamos-a-tener-una-escuela-abierta-sensible-a-un-contexto-social-muy-dificil-y-complejo\/","url":"https:\/\/laredlarioja.com.ar\/sitio\/ariel-martinez-vamos-a-tener-una-escuela-abierta-sensible-a-un-contexto-social-muy-dificil-y-complejo\/","name":"Ariel Mart\u00ednez: \u201cVamos a tener una escuela abierta y sensible a un contexto social dif\u00edcil\u201d - LA RED 88.3 LA RIOJA","isPartOf":{"@id":"https:\/\/laredlarioja.com.ar\/sitio\/#website"},"primaryImageOfPage":{"@id":"https:\/\/laredlarioja.com.ar\/sitio\/ariel-martinez-vamos-a-tener-una-escuela-abierta-sensible-a-un-contexto-social-muy-dificil-y-complejo\/#primaryimage"},"image":{"@id":"https:\/\/laredlarioja.com.ar\/sitio\/ariel-martinez-vamos-a-tener-una-escuela-abierta-sensible-a-un-contexto-social-muy-dificil-y-complejo\/#primaryimage"},"thumbnailUrl":"https:\/\/laredlarioja.com.ar\/sitio\/wp-content\/uploads\/2024\/02\/a2384194-e655-43d9-9e61-edafd0c5d44b.jpg","datePublished":"2024-02-26T22:07:32+00:00","dateModified":"2024-02-27T19:56:08+00:00","breadcrumb":{"@id":"https:\/\/laredlarioja.com.ar\/sitio\/ariel-martinez-vamos-a-tener-una-escuela-abierta-sensible-a-un-contexto-social-muy-dificil-y-complejo\/#breadcrumb"},"inLanguage":"es","potentialAction":[{"@type":"ReadAction","target":["https:\/\/laredlarioja.com.ar\/sitio\/ariel-martinez-vamos-a-tener-una-escuela-abierta-sensible-a-un-contexto-social-muy-dificil-y-complejo\/"]}]},{"@type":"ImageObject","inLanguage":"es","@id":"https:\/\/laredlarioja.com.ar\/sitio\/ariel-martinez-vamos-a-tener-una-escuela-abierta-sensible-a-un-contexto-social-muy-dificil-y-complejo\/#primaryimage","url":"https:\/\/laredlarioja.com.ar\/sitio\/wp-content\/uploads\/2024\/02\/a2384194-e655-43d9-9e61-edafd0c5d44b.jpg","contentUrl":"https:\/\/laredlarioja.com.ar\/sitio\/wp-content\/uploads\/2024\/02\/a2384194-e655-43d9-9e61-edafd0c5d44b.jpg","width":1038,"height":880},{"@type":"BreadcrumbList","@id":"https:\/\/laredlarioja.com.ar\/sitio\/ariel-martinez-vamos-a-tener-una-escuela-abierta-sensible-a-un-contexto-social-muy-dificil-y-complejo\/#breadcrumb","itemListElement":[{"@type":"ListItem","position":1,"name":"Portada","item":"https:\/\/laredlarioja.com.ar\/sitio\/"},{"@type":"ListItem","position":2,"name":"Ariel Mart\u00ednez: \u201cVamos a tener una escuela abierta y sensible a un contexto social dif\u00edcil\u201d"}]},{"@type":"WebSite","@id":"https:\/\/laredlarioja.com.ar\/sitio\/#website","url":"https:\/\/laredlarioja.com.ar\/sitio\/","name":"LA RED 88.3 LA RIOJA","description":"Sitio de Noticias","publisher":{"@id":"https:\/\/laredlarioja.com.ar\/sitio\/#organization"},"potentialAction":[{"@type":"SearchAction","target":{"@type":"EntryPoint","urlTemplate":"https:\/\/laredlarioja.com.ar\/sitio\/?s={search_term_string}"},"query-input":{"@type":"PropertyValueSpecification","valueRequired":true,"valueName":"search_term_string"}}],"inLanguage":"es"},{"@type":"Organization","@id":"https:\/\/laredlarioja.com.ar\/sitio\/#organization","name":"LA RED 88.3 LA RIOJA","url":"https:\/\/laredlarioja.com.ar\/sitio\/","logo":{"@type":"ImageObject","inLanguage":"es","@id":"https:\/\/laredlarioja.com.ar\/sitio\/#\/schema\/logo\/image\/","url":"https:\/\/laredlarioja.com.ar\/sitio\/wp-content\/uploads\/2025\/05\/LOGO-LA-RED.png","contentUrl":"https:\/\/laredlarioja.com.ar\/sitio\/wp-content\/uploads\/2025\/05\/LOGO-LA-RED.png","width":193,"height":340,"caption":"LA RED 88.3 LA RIOJA"},"image":{"@id":"https:\/\/laredlarioja.com.ar\/sitio\/#\/schema\/logo\/image\/"},"sameAs":["https:\/\/www.facebook.com\/lared.larioja","https:\/\/x.com\/laredlarioja1","https:\/\/www.instagram.com\/lared_larioja\/"]},{"@type":"Person","@id":"https:\/\/laredlarioja.com.ar\/sitio\/#\/schema\/person\/31f88059d20c5cf06e974fd895aec56e","name":"Anabella Soria","url":"https:\/\/laredlarioja.com.ar\/sitio\/author\/asoria\/"}]}},"featured_image_urls":{"full":["https:\/\/laredlarioja.com.ar\/sitio\/wp-content\/uploads\/2024\/02\/a2384194-e655-43d9-9e61-edafd0c5d44b.jpg",1038,880,false],"thumbnail":["https:\/\/laredlarioja.com.ar\/sitio\/wp-content\/uploads\/2024\/02\/a2384194-e655-43d9-9e61-edafd0c5d44b-150x150.jpg",150,150,true],"medium":["https:\/\/laredlarioja.com.ar\/sitio\/wp-content\/uploads\/2024\/02\/a2384194-e655-43d9-9e61-edafd0c5d44b-300x254.jpg",300,254,true],"medium_large":["https:\/\/laredlarioja.com.ar\/sitio\/wp-content\/uploads\/2024\/02\/a2384194-e655-43d9-9e61-edafd0c5d44b-768x651.jpg",640,543,true],"large":["https:\/\/laredlarioja.com.ar\/sitio\/wp-content\/uploads\/2024\/02\/a2384194-e655-43d9-9e61-edafd0c5d44b-1024x868.jpg",640,543,true],"1536x1536":["https:\/\/laredlarioja.com.ar\/sitio\/wp-content\/uploads\/2024\/02\/a2384194-e655-43d9-9e61-edafd0c5d44b.jpg",1038,880,false],"2048x2048":["https:\/\/laredlarioja.com.ar\/sitio\/wp-content\/uploads\/2024\/02\/a2384194-e655-43d9-9e61-edafd0c5d44b.jpg",1038,880,false],"cvmm-medium":["https:\/\/laredlarioja.com.ar\/sitio\/wp-content\/uploads\/2024\/02\/a2384194-e655-43d9-9e61-edafd0c5d44b-300x300.jpg",300,300,true],"cvmm-medium-plus":["https:\/\/laredlarioja.com.ar\/sitio\/wp-content\/uploads\/2024\/02\/a2384194-e655-43d9-9e61-edafd0c5d44b-305x207.jpg",305,207,true],"cvmm-portrait":["https:\/\/laredlarioja.com.ar\/sitio\/wp-content\/uploads\/2024\/02\/a2384194-e655-43d9-9e61-edafd0c5d44b-400x600.jpg",400,600,true],"cvmm-medium-square":["https:\/\/laredlarioja.com.ar\/sitio\/wp-content\/uploads\/2024\/02\/a2384194-e655-43d9-9e61-edafd0c5d44b-600x600.jpg",600,600,true],"cvmm-large":["https:\/\/laredlarioja.com.ar\/sitio\/wp-content\/uploads\/2024\/02\/a2384194-e655-43d9-9e61-edafd0c5d44b-1024x880.jpg",1024,880,true],"cvmm-small":["https:\/\/laredlarioja.com.ar\/sitio\/wp-content\/uploads\/2024\/02\/a2384194-e655-43d9-9e61-edafd0c5d44b-130x95.jpg",130,95,true],"morenews-large":["https:\/\/laredlarioja.com.ar\/sitio\/wp-content\/uploads\/2024\/02\/a2384194-e655-43d9-9e61-edafd0c5d44b-825x575.jpg",825,575,true],"morenews-medium":["https:\/\/laredlarioja.com.ar\/sitio\/wp-content\/uploads\/2024\/02\/a2384194-e655-43d9-9e61-edafd0c5d44b-590x410.jpg",590,410,true]},"author_info":{"display_name":"Anabella Soria","author_link":"https:\/\/laredlarioja.com.ar\/sitio\/author\/asoria\/"},"category_info":"<a href=\"https:\/\/laredlarioja.com.ar\/sitio\/categorias\/locales\/\" rel=\"category tag\">Locales<\/a>","tag_info":"Locales","comment_count":"0","blog_post_layout_featured_media_urls":{"thumbnail":["https:\/\/laredlarioja.com.ar\/sitio\/wp-content\/uploads\/2024\/02\/a2384194-e655-43d9-9e61-edafd0c5d44b-150x150.jpg",150,150,true],"full":["https:\/\/laredlarioja.com.ar\/sitio\/wp-content\/uploads\/2024\/02\/a2384194-e655-43d9-9e61-edafd0c5d44b.jpg",1038,880,false]},"categories_names":{"94":{"name":"Locales","link":"https:\/\/laredlarioja.com.ar\/sitio\/categorias\/locales\/"}},"tags_names":[],"comments_number":"0","wpmagazine_modules_lite_featured_media_urls":{"thumbnail":["https:\/\/laredlarioja.com.ar\/sitio\/wp-content\/uploads\/2024\/02\/a2384194-e655-43d9-9e61-edafd0c5d44b-150x150.jpg",150,150,true],"cvmm-medium":["https:\/\/laredlarioja.com.ar\/sitio\/wp-content\/uploads\/2024\/02\/a2384194-e655-43d9-9e61-edafd0c5d44b-300x300.jpg",300,300,true],"cvmm-medium-plus":["https:\/\/laredlarioja.com.ar\/sitio\/wp-content\/uploads\/2024\/02\/a2384194-e655-43d9-9e61-edafd0c5d44b-305x207.jpg",305,207,true],"cvmm-portrait":["https:\/\/laredlarioja.com.ar\/sitio\/wp-content\/uploads\/2024\/02\/a2384194-e655-43d9-9e61-edafd0c5d44b-400x600.jpg",400,600,true],"cvmm-medium-square":["https:\/\/laredlarioja.com.ar\/sitio\/wp-content\/uploads\/2024\/02\/a2384194-e655-43d9-9e61-edafd0c5d44b-600x600.jpg",600,600,true],"cvmm-large":["https:\/\/laredlarioja.com.ar\/sitio\/wp-content\/uploads\/2024\/02\/a2384194-e655-43d9-9e61-edafd0c5d44b-1024x880.jpg",1024,880,true],"cvmm-small":["https:\/\/laredlarioja.com.ar\/sitio\/wp-content\/uploads\/2024\/02\/a2384194-e655-43d9-9e61-edafd0c5d44b-130x95.jpg",130,95,true],"full":["https:\/\/laredlarioja.com.ar\/sitio\/wp-content\/uploads\/2024\/02\/a2384194-e655-43d9-9e61-edafd0c5d44b.jpg",1038,880,false]},"_links":{"self":[{"href":"https:\/\/laredlarioja.com.ar\/sitio\/wp-json\/wp\/v2\/posts\/42590","targetHints":{"allow":["GET"]}}],"collection":[{"href":"https:\/\/laredlarioja.com.ar\/sitio\/wp-json\/wp\/v2\/posts"}],"about":[{"href":"https:\/\/laredlarioja.com.ar\/sitio\/wp-json\/wp\/v2\/types\/post"}],"author":[{"embeddable":true,"href":"https:\/\/laredlarioja.com.ar\/sitio\/wp-json\/wp\/v2\/users\/7"}],"replies":[{"embeddable":true,"href":"https:\/\/laredlarioja.com.ar\/sitio\/wp-json\/wp\/v2\/comments?post=42590"}],"version-history":[{"count":4,"href":"https:\/\/laredlarioja.com.ar\/sitio\/wp-json\/wp\/v2\/posts\/42590\/revisions"}],"predecessor-version":[{"id":42597,"href":"https:\/\/laredlarioja.com.ar\/sitio\/wp-json\/wp\/v2\/posts\/42590\/revisions\/42597"}],"wp:featuredmedia":[{"embeddable":true,"href":"https:\/\/laredlarioja.com.ar\/sitio\/wp-json\/wp\/v2\/media\/42593"}],"wp:attachment":[{"href":"https:\/\/laredlarioja.com.ar\/sitio\/wp-json\/wp\/v2\/media?parent=42590"}],"wp:term":[{"taxonomy":"category","embeddable":true,"href":"https:\/\/laredlarioja.com.ar\/sitio\/wp-json\/wp\/v2\/categories?post=42590"},{"taxonomy":"post_tag","embeddable":true,"href":"https:\/\/laredlarioja.com.ar\/sitio\/wp-json\/wp\/v2\/tags?post=42590"}],"curies":[{"name":"wp","href":"https:\/\/api.w.org\/{rel}","templated":true}]}}