{"id":42607,"date":"2024-02-27T12:24:59","date_gmt":"2024-02-27T12:24:59","guid":{"rendered":"https:\/\/laredlarioja.com.ar\/sitio\/?p=42607"},"modified":"2024-02-29T21:17:22","modified_gmt":"2024-02-29T21:17:22","slug":"milei-abrira-las-142-sesiones-ordinarias-del-congreso-el-viernes-a-la-noche","status":"publish","type":"post","link":"https:\/\/laredlarioja.com.ar\/sitio\/milei-abrira-las-142-sesiones-ordinarias-del-congreso-el-viernes-a-la-noche\/","title":{"rendered":"Milei abrir\u00e1 las 142\u00b0 sesiones ordinarias del Congreso el viernes a la noche"},"content":{"rendered":"<p>El Presidente hablar\u00e1 ante los representantes de las C\u00e1maras de Diputados y de Senadores de la Naci\u00f3n. En su discurso, en el que delinear\u00e1 los objetivos de su Gobierno, no estar\u00e1 exento el rol del Poder Legislativo en relaci\u00f3n al fallido tratamiento de la \u00abLey de Bases y Puntos de partida para la Libertad de los Argentinos\u00bb.<\/p>\n<p>El presidente Javier Milei abrir\u00e1 las sesiones ordinarias del Congreso para el per\u00edodo 2024 el pr\u00f3ximo viernes a las 21, informaron fuentes de la Jefatura de Gabinete de Ministros.<\/p>\n<p>El Decreto 197\/2024, difundido en la noche de este lunes por la dependencia a cargo de Nicol\u00e1s Posse, indica que \u00aben uso de las facultades conferidas por el art\u00edculo 99, inciso 8, de la Constituci\u00f3n Nacional\u00bb, el Presidente decreta en su art\u00edculo 1\u00b0 del citado que \u00abse\u00f1\u00e1lase las 21 horas del d\u00eda 1\u00b0 de marzo pr\u00f3ximo para la apertura de las Sesiones Ordinarias del Honorable Congreso de la Naci\u00f3n, correspondientes al a\u00f1o en curso\u00bb.<\/p>\n<p>Milei dar\u00e1 all\u00ed su discurso de apertura, ante los representantes de las C\u00e1maras de Diputados y de Senadores de la Naci\u00f3n, en lo que constituir\u00e1 su primer discurso ante los legisladores en el que delinear\u00e1 los objetivos de su Gobierno y del que no estar\u00e1 exento el rol del Poder Legislativo en relaci\u00f3n al fallido tratamiento de la \u00abLey de Bases y Puntos de partida para la Libertad de los Argentinos\u00bb.<\/p>\n<p>Luego de que en su asunci\u00f3n del 10 de diciembre el Presidente decidiera no dirigirse a los parlamentarios dentro del recinto y hablar desde la explanada del Congreso \u00abde cara a la gente\u00bb, diputados y senadores viven con expectativa el que ser\u00e1 la primera alocuci\u00f3n del titular del Poder Ejecutivo ante ellos, donde dejar\u00e1 inaugurado el 142\u00b0 periodo de sesiones ordinarias.<\/p>\n<p>A diferencia de la asunci\u00f3n presidencial, que no requiere de un discurso del Presidente ante los legisladores, la apertura de las sesiones ordinarias s\u00ed debe ser realizada por el primer mandatario en el recinto de la C\u00e1mara baja.<\/p>\n<p>De hecho, el propio Milei lo confirm\u00f3 hace una semana en una entrevista radial: \u00abHay una cuesti\u00f3n de protocolo\u00bb, indic\u00f3.<\/p>\n","protected":false},"excerpt":{"rendered":"<p>El Presidente hablar\u00e1 ante los representantes de las C\u00e1maras de Diputados y de Senadores de la Naci\u00f3n. En<\/p>\n","protected":false},"author":10,"featured_media":42609,"comment_status":"closed","ping_status":"open","sticky":false,"template":"","format":"standard","meta":{"footnotes":""},"categories":[130],"tags":[],"class_list":["post-42607","post","type-post","status-publish","format-standard","has-post-thumbnail","hentry","category-pais"],"yoast_head":"<!-- This site is optimized with the Yoast SEO plugin v27.4 - https:\/\/yoast.com\/product\/yoast-seo-wordpress\/ -->\n<title>Milei abrir\u00e1 las 142\u00b0 sesiones ordinarias del Congreso el viernes a la noche - LA RED 88.3 LA RIOJA<\/title>\n<meta name=\"robots\" content=\"index, follow, max-snippet:-1, max-image-preview:large, max-video-preview:-1\" \/>\n<link rel=\"canonical\" href=\"https:\/\/laredlarioja.com.ar\/sitio\/milei-abrira-las-142-sesiones-ordinarias-del-congreso-el-viernes-a-la-noche\/\" \/>\n<meta property=\"og:locale\" content=\"es_ES\" \/>\n<meta property=\"og:type\" content=\"article\" \/>\n<meta property=\"og:title\" content=\"Milei abrir\u00e1 las 142\u00b0 sesiones ordinarias del Congreso el viernes a la noche - LA RED 88.3 LA RIOJA\" \/>\n<meta property=\"og:description\" content=\"El Presidente hablar\u00e1 ante los representantes de las C\u00e1maras de Diputados y de Senadores de la Naci\u00f3n. En\" \/>\n<meta property=\"og:url\" content=\"https:\/\/laredlarioja.com.ar\/sitio\/milei-abrira-las-142-sesiones-ordinarias-del-congreso-el-viernes-a-la-noche\/\" \/>\n<meta property=\"og:site_name\" content=\"LA RED 88.3 LA RIOJA\" \/>\n<meta property=\"article:publisher\" content=\"https:\/\/www.facebook.com\/lared.larioja\" \/>\n<meta property=\"article:published_time\" content=\"2024-02-27T12:24:59+00:00\" \/>\n<meta property=\"article:modified_time\" content=\"2024-02-29T21:17:22+00:00\" \/>\n<meta property=\"og:image\" content=\"https:\/\/laredlarioja.com.ar\/sitio\/wp-content\/uploads\/2024\/02\/6575f1447b639_450.jpg\" \/>\n\t<meta property=\"og:image:width\" content=\"450\" \/>\n\t<meta property=\"og:image:height\" content=\"253\" \/>\n\t<meta property=\"og:image:type\" content=\"image\/jpeg\" \/>\n<meta name=\"author\" content=\"La Red\" \/>\n<meta name=\"twitter:card\" content=\"summary_large_image\" \/>\n<meta name=\"twitter:creator\" content=\"@laredlarioja1\" \/>\n<meta name=\"twitter:site\" content=\"@laredlarioja1\" \/>\n<meta name=\"twitter:label1\" content=\"Escrito por\" \/>\n\t<meta name=\"twitter:data1\" content=\"La Red\" \/>\n\t<meta name=\"twitter:label2\" content=\"Tiempo de lectura\" \/>\n\t<meta name=\"twitter:data2\" content=\"2 minutos\" \/>\n<script type=\"application\/ld+json\" class=\"yoast-schema-graph\">{\"@context\":\"https:\\\/\\\/schema.org\",\"@graph\":[{\"@type\":\"Article\",\"@id\":\"https:\\\/\\\/laredlarioja.com.ar\\\/sitio\\\/milei-abrira-las-142-sesiones-ordinarias-del-congreso-el-viernes-a-la-noche\\\/#article\",\"isPartOf\":{\"@id\":\"https:\\\/\\\/laredlarioja.com.ar\\\/sitio\\\/milei-abrira-las-142-sesiones-ordinarias-del-congreso-el-viernes-a-la-noche\\\/\"},\"author\":{\"name\":\"La Red\",\"@id\":\"https:\\\/\\\/laredlarioja.com.ar\\\/sitio\\\/#\\\/schema\\\/person\\\/f1e213867beccedaaa4fb548d9259d9a\"},\"headline\":\"Milei abrir\u00e1 las 142\u00b0 sesiones ordinarias del Congreso el viernes a la noche\",\"datePublished\":\"2024-02-27T12:24:59+00:00\",\"dateModified\":\"2024-02-29T21:17:22+00:00\",\"mainEntityOfPage\":{\"@id\":\"https:\\\/\\\/laredlarioja.com.ar\\\/sitio\\\/milei-abrira-las-142-sesiones-ordinarias-del-congreso-el-viernes-a-la-noche\\\/\"},\"wordCount\":374,\"publisher\":{\"@id\":\"https:\\\/\\\/laredlarioja.com.ar\\\/sitio\\\/#organization\"},\"image\":{\"@id\":\"https:\\\/\\\/laredlarioja.com.ar\\\/sitio\\\/milei-abrira-las-142-sesiones-ordinarias-del-congreso-el-viernes-a-la-noche\\\/#primaryimage\"},\"thumbnailUrl\":\"https:\\\/\\\/laredlarioja.com.ar\\\/sitio\\\/wp-content\\\/uploads\\\/2024\\\/02\\\/6575f1447b639_450.jpg\",\"articleSection\":[\"El pa\u00eds\"],\"inLanguage\":\"es\"},{\"@type\":\"WebPage\",\"@id\":\"https:\\\/\\\/laredlarioja.com.ar\\\/sitio\\\/milei-abrira-las-142-sesiones-ordinarias-del-congreso-el-viernes-a-la-noche\\\/\",\"url\":\"https:\\\/\\\/laredlarioja.com.ar\\\/sitio\\\/milei-abrira-las-142-sesiones-ordinarias-del-congreso-el-viernes-a-la-noche\\\/\",\"name\":\"Milei abrir\u00e1 las 142\u00b0 sesiones ordinarias del Congreso el viernes a la noche - LA RED 88.3 LA RIOJA\",\"isPartOf\":{\"@id\":\"https:\\\/\\\/laredlarioja.com.ar\\\/sitio\\\/#website\"},\"primaryImageOfPage\":{\"@id\":\"https:\\\/\\\/laredlarioja.com.ar\\\/sitio\\\/milei-abrira-las-142-sesiones-ordinarias-del-congreso-el-viernes-a-la-noche\\\/#primaryimage\"},\"image\":{\"@id\":\"https:\\\/\\\/laredlarioja.com.ar\\\/sitio\\\/milei-abrira-las-142-sesiones-ordinarias-del-congreso-el-viernes-a-la-noche\\\/#primaryimage\"},\"thumbnailUrl\":\"https:\\\/\\\/laredlarioja.com.ar\\\/sitio\\\/wp-content\\\/uploads\\\/2024\\\/02\\\/6575f1447b639_450.jpg\",\"datePublished\":\"2024-02-27T12:24:59+00:00\",\"dateModified\":\"2024-02-29T21:17:22+00:00\",\"breadcrumb\":{\"@id\":\"https:\\\/\\\/laredlarioja.com.ar\\\/sitio\\\/milei-abrira-las-142-sesiones-ordinarias-del-congreso-el-viernes-a-la-noche\\\/#breadcrumb\"},\"inLanguage\":\"es\",\"potentialAction\":[{\"@type\":\"ReadAction\",\"target\":[\"https:\\\/\\\/laredlarioja.com.ar\\\/sitio\\\/milei-abrira-las-142-sesiones-ordinarias-del-congreso-el-viernes-a-la-noche\\\/\"]}]},{\"@type\":\"ImageObject\",\"inLanguage\":\"es\",\"@id\":\"https:\\\/\\\/laredlarioja.com.ar\\\/sitio\\\/milei-abrira-las-142-sesiones-ordinarias-del-congreso-el-viernes-a-la-noche\\\/#primaryimage\",\"url\":\"https:\\\/\\\/laredlarioja.com.ar\\\/sitio\\\/wp-content\\\/uploads\\\/2024\\\/02\\\/6575f1447b639_450.jpg\",\"contentUrl\":\"https:\\\/\\\/laredlarioja.com.ar\\\/sitio\\\/wp-content\\\/uploads\\\/2024\\\/02\\\/6575f1447b639_450.jpg\",\"width\":450,\"height\":253},{\"@type\":\"BreadcrumbList\",\"@id\":\"https:\\\/\\\/laredlarioja.com.ar\\\/sitio\\\/milei-abrira-las-142-sesiones-ordinarias-del-congreso-el-viernes-a-la-noche\\\/#breadcrumb\",\"itemListElement\":[{\"@type\":\"ListItem\",\"position\":1,\"name\":\"Portada\",\"item\":\"https:\\\/\\\/laredlarioja.com.ar\\\/sitio\\\/\"},{\"@type\":\"ListItem\",\"position\":2,\"name\":\"Milei abrir\u00e1 las 142\u00b0 sesiones ordinarias del Congreso el viernes a la noche\"}]},{\"@type\":\"WebSite\",\"@id\":\"https:\\\/\\\/laredlarioja.com.ar\\\/sitio\\\/#website\",\"url\":\"https:\\\/\\\/laredlarioja.com.ar\\\/sitio\\\/\",\"name\":\"LA RED 88.3 LA RIOJA\",\"description\":\"Sitio de Noticias\",\"publisher\":{\"@id\":\"https:\\\/\\\/laredlarioja.com.ar\\\/sitio\\\/#organization\"},\"potentialAction\":[{\"@type\":\"SearchAction\",\"target\":{\"@type\":\"EntryPoint\",\"urlTemplate\":\"https:\\\/\\\/laredlarioja.com.ar\\\/sitio\\\/?s={search_term_string}\"},\"query-input\":{\"@type\":\"PropertyValueSpecification\",\"valueRequired\":true,\"valueName\":\"search_term_string\"}}],\"inLanguage\":\"es\"},{\"@type\":\"Organization\",\"@id\":\"https:\\\/\\\/laredlarioja.com.ar\\\/sitio\\\/#organization\",\"name\":\"LA RED 88.3 LA RIOJA\",\"url\":\"https:\\\/\\\/laredlarioja.com.ar\\\/sitio\\\/\",\"logo\":{\"@type\":\"ImageObject\",\"inLanguage\":\"es\",\"@id\":\"https:\\\/\\\/laredlarioja.com.ar\\\/sitio\\\/#\\\/schema\\\/logo\\\/image\\\/\",\"url\":\"https:\\\/\\\/laredlarioja.com.ar\\\/sitio\\\/wp-content\\\/uploads\\\/2025\\\/05\\\/LOGO-LA-RED.png\",\"contentUrl\":\"https:\\\/\\\/laredlarioja.com.ar\\\/sitio\\\/wp-content\\\/uploads\\\/2025\\\/05\\\/LOGO-LA-RED.png\",\"width\":193,\"height\":340,\"caption\":\"LA RED 88.3 LA RIOJA\"},\"image\":{\"@id\":\"https:\\\/\\\/laredlarioja.com.ar\\\/sitio\\\/#\\\/schema\\\/logo\\\/image\\\/\"},\"sameAs\":[\"https:\\\/\\\/www.facebook.com\\\/lared.larioja\",\"https:\\\/\\\/x.com\\\/laredlarioja1\",\"https:\\\/\\\/www.instagram.com\\\/lared_larioja\\\/\"]},{\"@type\":\"Person\",\"@id\":\"https:\\\/\\\/laredlarioja.com.ar\\\/sitio\\\/#\\\/schema\\\/person\\\/f1e213867beccedaaa4fb548d9259d9a\",\"name\":\"La Red\",\"url\":\"https:\\\/\\\/laredlarioja.com.ar\\\/sitio\\\/author\\\/lared\\\/\"}]}<\/script>\n<!-- \/ Yoast SEO plugin. -->","yoast_head_json":{"title":"Milei abrir\u00e1 las 142\u00b0 sesiones ordinarias del Congreso el viernes a la noche - LA RED 88.3 LA RIOJA","robots":{"index":"index","follow":"follow","max-snippet":"max-snippet:-1","max-image-preview":"max-image-preview:large","max-video-preview":"max-video-preview:-1"},"canonical":"https:\/\/laredlarioja.com.ar\/sitio\/milei-abrira-las-142-sesiones-ordinarias-del-congreso-el-viernes-a-la-noche\/","og_locale":"es_ES","og_type":"article","og_title":"Milei abrir\u00e1 las 142\u00b0 sesiones ordinarias del Congreso el viernes a la noche - LA RED 88.3 LA RIOJA","og_description":"El Presidente hablar\u00e1 ante los representantes de las C\u00e1maras de Diputados y de Senadores de la Naci\u00f3n. En","og_url":"https:\/\/laredlarioja.com.ar\/sitio\/milei-abrira-las-142-sesiones-ordinarias-del-congreso-el-viernes-a-la-noche\/","og_site_name":"LA RED 88.3 LA RIOJA","article_publisher":"https:\/\/www.facebook.com\/lared.larioja","article_published_time":"2024-02-27T12:24:59+00:00","article_modified_time":"2024-02-29T21:17:22+00:00","og_image":[{"width":450,"height":253,"url":"https:\/\/laredlarioja.com.ar\/sitio\/wp-content\/uploads\/2024\/02\/6575f1447b639_450.jpg","type":"image\/jpeg"}],"author":"La Red","twitter_card":"summary_large_image","twitter_creator":"@laredlarioja1","twitter_site":"@laredlarioja1","twitter_misc":{"Escrito por":"La Red","Tiempo de lectura":"2 minutos"},"schema":{"@context":"https:\/\/schema.org","@graph":[{"@type":"Article","@id":"https:\/\/laredlarioja.com.ar\/sitio\/milei-abrira-las-142-sesiones-ordinarias-del-congreso-el-viernes-a-la-noche\/#article","isPartOf":{"@id":"https:\/\/laredlarioja.com.ar\/sitio\/milei-abrira-las-142-sesiones-ordinarias-del-congreso-el-viernes-a-la-noche\/"},"author":{"name":"La Red","@id":"https:\/\/laredlarioja.com.ar\/sitio\/#\/schema\/person\/f1e213867beccedaaa4fb548d9259d9a"},"headline":"Milei abrir\u00e1 las 142\u00b0 sesiones ordinarias del Congreso el viernes a la noche","datePublished":"2024-02-27T12:24:59+00:00","dateModified":"2024-02-29T21:17:22+00:00","mainEntityOfPage":{"@id":"https:\/\/laredlarioja.com.ar\/sitio\/milei-abrira-las-142-sesiones-ordinarias-del-congreso-el-viernes-a-la-noche\/"},"wordCount":374,"publisher":{"@id":"https:\/\/laredlarioja.com.ar\/sitio\/#organization"},"image":{"@id":"https:\/\/laredlarioja.com.ar\/sitio\/milei-abrira-las-142-sesiones-ordinarias-del-congreso-el-viernes-a-la-noche\/#primaryimage"},"thumbnailUrl":"https:\/\/laredlarioja.com.ar\/sitio\/wp-content\/uploads\/2024\/02\/6575f1447b639_450.jpg","articleSection":["El pa\u00eds"],"inLanguage":"es"},{"@type":"WebPage","@id":"https:\/\/laredlarioja.com.ar\/sitio\/milei-abrira-las-142-sesiones-ordinarias-del-congreso-el-viernes-a-la-noche\/","url":"https:\/\/laredlarioja.com.ar\/sitio\/milei-abrira-las-142-sesiones-ordinarias-del-congreso-el-viernes-a-la-noche\/","name":"Milei abrir\u00e1 las 142\u00b0 sesiones ordinarias del Congreso el viernes a la noche - LA RED 88.3 LA RIOJA","isPartOf":{"@id":"https:\/\/laredlarioja.com.ar\/sitio\/#website"},"primaryImageOfPage":{"@id":"https:\/\/laredlarioja.com.ar\/sitio\/milei-abrira-las-142-sesiones-ordinarias-del-congreso-el-viernes-a-la-noche\/#primaryimage"},"image":{"@id":"https:\/\/laredlarioja.com.ar\/sitio\/milei-abrira-las-142-sesiones-ordinarias-del-congreso-el-viernes-a-la-noche\/#primaryimage"},"thumbnailUrl":"https:\/\/laredlarioja.com.ar\/sitio\/wp-content\/uploads\/2024\/02\/6575f1447b639_450.jpg","datePublished":"2024-02-27T12:24:59+00:00","dateModified":"2024-02-29T21:17:22+00:00","breadcrumb":{"@id":"https:\/\/laredlarioja.com.ar\/sitio\/milei-abrira-las-142-sesiones-ordinarias-del-congreso-el-viernes-a-la-noche\/#breadcrumb"},"inLanguage":"es","potentialAction":[{"@type":"ReadAction","target":["https:\/\/laredlarioja.com.ar\/sitio\/milei-abrira-las-142-sesiones-ordinarias-del-congreso-el-viernes-a-la-noche\/"]}]},{"@type":"ImageObject","inLanguage":"es","@id":"https:\/\/laredlarioja.com.ar\/sitio\/milei-abrira-las-142-sesiones-ordinarias-del-congreso-el-viernes-a-la-noche\/#primaryimage","url":"https:\/\/laredlarioja.com.ar\/sitio\/wp-content\/uploads\/2024\/02\/6575f1447b639_450.jpg","contentUrl":"https:\/\/laredlarioja.com.ar\/sitio\/wp-content\/uploads\/2024\/02\/6575f1447b639_450.jpg","width":450,"height":253},{"@type":"BreadcrumbList","@id":"https:\/\/laredlarioja.com.ar\/sitio\/milei-abrira-las-142-sesiones-ordinarias-del-congreso-el-viernes-a-la-noche\/#breadcrumb","itemListElement":[{"@type":"ListItem","position":1,"name":"Portada","item":"https:\/\/laredlarioja.com.ar\/sitio\/"},{"@type":"ListItem","position":2,"name":"Milei abrir\u00e1 las 142\u00b0 sesiones ordinarias del Congreso el viernes a la noche"}]},{"@type":"WebSite","@id":"https:\/\/laredlarioja.com.ar\/sitio\/#website","url":"https:\/\/laredlarioja.com.ar\/sitio\/","name":"LA RED 88.3 LA RIOJA","description":"Sitio de Noticias","publisher":{"@id":"https:\/\/laredlarioja.com.ar\/sitio\/#organization"},"potentialAction":[{"@type":"SearchAction","target":{"@type":"EntryPoint","urlTemplate":"https:\/\/laredlarioja.com.ar\/sitio\/?s={search_term_string}"},"query-input":{"@type":"PropertyValueSpecification","valueRequired":true,"valueName":"search_term_string"}}],"inLanguage":"es"},{"@type":"Organization","@id":"https:\/\/laredlarioja.com.ar\/sitio\/#organization","name":"LA RED 88.3 LA RIOJA","url":"https:\/\/laredlarioja.com.ar\/sitio\/","logo":{"@type":"ImageObject","inLanguage":"es","@id":"https:\/\/laredlarioja.com.ar\/sitio\/#\/schema\/logo\/image\/","url":"https:\/\/laredlarioja.com.ar\/sitio\/wp-content\/uploads\/2025\/05\/LOGO-LA-RED.png","contentUrl":"https:\/\/laredlarioja.com.ar\/sitio\/wp-content\/uploads\/2025\/05\/LOGO-LA-RED.png","width":193,"height":340,"caption":"LA RED 88.3 LA RIOJA"},"image":{"@id":"https:\/\/laredlarioja.com.ar\/sitio\/#\/schema\/logo\/image\/"},"sameAs":["https:\/\/www.facebook.com\/lared.larioja","https:\/\/x.com\/laredlarioja1","https:\/\/www.instagram.com\/lared_larioja\/"]},{"@type":"Person","@id":"https:\/\/laredlarioja.com.ar\/sitio\/#\/schema\/person\/f1e213867beccedaaa4fb548d9259d9a","name":"La Red","url":"https:\/\/laredlarioja.com.ar\/sitio\/author\/lared\/"}]}},"featured_image_urls":{"full":["https:\/\/laredlarioja.com.ar\/sitio\/wp-content\/uploads\/2024\/02\/6575f1447b639_450.jpg",450,253,false],"thumbnail":["https:\/\/laredlarioja.com.ar\/sitio\/wp-content\/uploads\/2024\/02\/6575f1447b639_450-150x150.jpg",150,150,true],"medium":["https:\/\/laredlarioja.com.ar\/sitio\/wp-content\/uploads\/2024\/02\/6575f1447b639_450-300x169.jpg",300,169,true],"medium_large":["https:\/\/laredlarioja.com.ar\/sitio\/wp-content\/uploads\/2024\/02\/6575f1447b639_450.jpg",450,253,false],"large":["https:\/\/laredlarioja.com.ar\/sitio\/wp-content\/uploads\/2024\/02\/6575f1447b639_450.jpg",450,253,false],"1536x1536":["https:\/\/laredlarioja.com.ar\/sitio\/wp-content\/uploads\/2024\/02\/6575f1447b639_450.jpg",450,253,false],"2048x2048":["https:\/\/laredlarioja.com.ar\/sitio\/wp-content\/uploads\/2024\/02\/6575f1447b639_450.jpg",450,253,false],"cvmm-medium":["https:\/\/laredlarioja.com.ar\/sitio\/wp-content\/uploads\/2024\/02\/6575f1447b639_450-300x253.jpg",300,253,true],"cvmm-medium-plus":["https:\/\/laredlarioja.com.ar\/sitio\/wp-content\/uploads\/2024\/02\/6575f1447b639_450-305x207.jpg",305,207,true],"cvmm-portrait":["https:\/\/laredlarioja.com.ar\/sitio\/wp-content\/uploads\/2024\/02\/6575f1447b639_450-400x253.jpg",400,253,true],"cvmm-medium-square":["https:\/\/laredlarioja.com.ar\/sitio\/wp-content\/uploads\/2024\/02\/6575f1447b639_450.jpg",450,253,false],"cvmm-large":["https:\/\/laredlarioja.com.ar\/sitio\/wp-content\/uploads\/2024\/02\/6575f1447b639_450.jpg",450,253,false],"cvmm-small":["https:\/\/laredlarioja.com.ar\/sitio\/wp-content\/uploads\/2024\/02\/6575f1447b639_450-130x95.jpg",130,95,true],"morenews-large":["https:\/\/laredlarioja.com.ar\/sitio\/wp-content\/uploads\/2024\/02\/6575f1447b639_450.jpg",450,253,false],"morenews-medium":["https:\/\/laredlarioja.com.ar\/sitio\/wp-content\/uploads\/2024\/02\/6575f1447b639_450.jpg",450,253,false]},"author_info":{"display_name":"La Red","author_link":"https:\/\/laredlarioja.com.ar\/sitio\/author\/lared\/"},"category_info":"<a href=\"https:\/\/laredlarioja.com.ar\/sitio\/categorias\/pais\/\" rel=\"category tag\">El pa\u00eds<\/a>","tag_info":"El pa\u00eds","comment_count":"0","blog_post_layout_featured_media_urls":{"thumbnail":["https:\/\/laredlarioja.com.ar\/sitio\/wp-content\/uploads\/2024\/02\/6575f1447b639_450-150x150.jpg",150,150,true],"full":["https:\/\/laredlarioja.com.ar\/sitio\/wp-content\/uploads\/2024\/02\/6575f1447b639_450.jpg",450,253,false]},"categories_names":{"130":{"name":"El pa\u00eds","link":"https:\/\/laredlarioja.com.ar\/sitio\/categorias\/pais\/"}},"tags_names":[],"comments_number":"0","wpmagazine_modules_lite_featured_media_urls":{"thumbnail":["https:\/\/laredlarioja.com.ar\/sitio\/wp-content\/uploads\/2024\/02\/6575f1447b639_450-150x150.jpg",150,150,true],"cvmm-medium":["https:\/\/laredlarioja.com.ar\/sitio\/wp-content\/uploads\/2024\/02\/6575f1447b639_450-300x253.jpg",300,253,true],"cvmm-medium-plus":["https:\/\/laredlarioja.com.ar\/sitio\/wp-content\/uploads\/2024\/02\/6575f1447b639_450-305x207.jpg",305,207,true],"cvmm-portrait":["https:\/\/laredlarioja.com.ar\/sitio\/wp-content\/uploads\/2024\/02\/6575f1447b639_450-400x253.jpg",400,253,true],"cvmm-medium-square":["https:\/\/laredlarioja.com.ar\/sitio\/wp-content\/uploads\/2024\/02\/6575f1447b639_450.jpg",450,253,false],"cvmm-large":["https:\/\/laredlarioja.com.ar\/sitio\/wp-content\/uploads\/2024\/02\/6575f1447b639_450.jpg",450,253,false],"cvmm-small":["https:\/\/laredlarioja.com.ar\/sitio\/wp-content\/uploads\/2024\/02\/6575f1447b639_450-130x95.jpg",130,95,true],"full":["https:\/\/laredlarioja.com.ar\/sitio\/wp-content\/uploads\/2024\/02\/6575f1447b639_450.jpg",450,253,false]},"_links":{"self":[{"href":"https:\/\/laredlarioja.com.ar\/sitio\/wp-json\/wp\/v2\/posts\/42607","targetHints":{"allow":["GET"]}}],"collection":[{"href":"https:\/\/laredlarioja.com.ar\/sitio\/wp-json\/wp\/v2\/posts"}],"about":[{"href":"https:\/\/laredlarioja.com.ar\/sitio\/wp-json\/wp\/v2\/types\/post"}],"author":[{"embeddable":true,"href":"https:\/\/laredlarioja.com.ar\/sitio\/wp-json\/wp\/v2\/users\/10"}],"replies":[{"embeddable":true,"href":"https:\/\/laredlarioja.com.ar\/sitio\/wp-json\/wp\/v2\/comments?post=42607"}],"version-history":[{"count":1,"href":"https:\/\/laredlarioja.com.ar\/sitio\/wp-json\/wp\/v2\/posts\/42607\/revisions"}],"predecessor-version":[{"id":42610,"href":"https:\/\/laredlarioja.com.ar\/sitio\/wp-json\/wp\/v2\/posts\/42607\/revisions\/42610"}],"wp:featuredmedia":[{"embeddable":true,"href":"https:\/\/laredlarioja.com.ar\/sitio\/wp-json\/wp\/v2\/media\/42609"}],"wp:attachment":[{"href":"https:\/\/laredlarioja.com.ar\/sitio\/wp-json\/wp\/v2\/media?parent=42607"}],"wp:term":[{"taxonomy":"category","embeddable":true,"href":"https:\/\/laredlarioja.com.ar\/sitio\/wp-json\/wp\/v2\/categories?post=42607"},{"taxonomy":"post_tag","embeddable":true,"href":"https:\/\/laredlarioja.com.ar\/sitio\/wp-json\/wp\/v2\/tags?post=42607"}],"curies":[{"name":"wp","href":"https:\/\/api.w.org\/{rel}","templated":true}]}}