{"id":42671,"date":"2024-02-28T21:09:08","date_gmt":"2024-02-28T21:09:08","guid":{"rendered":"https:\/\/laredlarioja.com.ar\/sitio\/?p=42671"},"modified":"2024-09-07T19:33:00","modified_gmt":"2024-09-07T19:33:00","slug":"el-homicidio-de-zoe-cada-vez-mas-cerca-llegar-a-juicio","status":"publish","type":"post","link":"https:\/\/laredlarioja.com.ar\/sitio\/el-homicidio-de-zoe-cada-vez-mas-cerca-llegar-a-juicio\/","title":{"rendered":"Elevan a juicio el femicidio infantil de Zoe"},"content":{"rendered":"<p>En un comunicado oficial, del Tribunal Superior de Justicia de La Rioja, el Juzgado de Instrucci\u00f3n de Violencia de G\u00e9nero y Protecci\u00f3n Integral de Menores N\u00b01, a cargo de la jueza Jesica D\u00edaz Marano, dispuso elevar a juicio la causa contra Andr\u00e9s Regino Bustamante y Julieta Jimena C\u00f3rdoba por su presunta participaci\u00f3n en el delito de homicidio agravado por alevos\u00eda, mediaci\u00f3n de violencia de g\u00e9nero y criminis causa. Se trata del caso Zo\u00e9. Precisamente, su madre, Jimena C\u00f3rdoba, est\u00e1 detenida, junto con su pareja (Bustamante), como presuntos autores del hecho.<\/p>\n<p>Con la elevaci\u00f3n a juicio de la instrucci\u00f3n judicial (investigaci\u00f3n), solo queda esperar que la C\u00e1mara Penal de La Rioja conforme el Tribunal que participar\u00e1 en el debate y tambi\u00e9n la fecha en que se concretar\u00eda el proceso. En este sentido, una fuente judicial le dijo a <strong>La Red<\/strong> que el caso podr\u00eda estar entre los juicios de 2024. No obstante, aclar\u00f3 que est\u00e1n en carpeta varios expedientes que esperan por la fecha del inicio del debate.<\/p>\n<p><strong>El caso<\/strong><\/p>\n<p>Los hechos ocurrieron el s\u00e1bado 13 de noviembre de 2021. Durante la noche, C\u00f3rdoba regres\u00f3 a su casa con su hija. En alg\u00fan momento entre las 22:30 y la madrugada del domingo 14 de noviembre de 2021, C\u00f3rdoba, en medio de una crisis de ira, golpe\u00f3 a la ni\u00f1a, caus\u00e1ndole una fractura en el maxilar inferior derecho.<\/p>\n<p>En lugar de buscar ayuda m\u00e9dica, C\u00f3rdoba decidi\u00f3 contactar a Bustamante. Ambos habr\u00edan planeado la muerte de la ni\u00f1a. La trasladaron al patio interno, donde la golpearon. Luego, decidieron prender fuego a una motocicleta, propiedad de Bustamante, con la ni\u00f1a debajo, simulando un accidente para encubrir la golpiza. La investigaci\u00f3n policial, logr\u00f3 descubrir c\u00f3mo habr\u00eda sido la escena del homicidio, o al menos una aproximaci\u00f3n cercana con diversas evidencias, y es por ello que C\u00f3rdoba y Bustamante, pastor evang\u00e9lico en ese momento, quedan detenidos como presuntos responsables del hecho.<\/p>\n","protected":false},"excerpt":{"rendered":"<p>En un comunicado oficial, del Tribunal Superior de Justicia de La Rioja, el Juzgado de Instrucci\u00f3n de Violencia<\/p>\n","protected":false},"author":8,"featured_media":42682,"comment_status":"closed","ping_status":"open","sticky":false,"template":"","format":"standard","meta":{"footnotes":""},"categories":[94],"tags":[],"class_list":["post-42671","post","type-post","status-publish","format-standard","has-post-thumbnail","hentry","category-locales"],"yoast_head":"<!-- This site is optimized with the Yoast SEO plugin v27.4 - https:\/\/yoast.com\/product\/yoast-seo-wordpress\/ -->\n<title>Elevan a juicio el femicidio infantil de Zoe - LA RED 88.3 LA RIOJA<\/title>\n<meta name=\"robots\" content=\"index, follow, max-snippet:-1, max-image-preview:large, max-video-preview:-1\" \/>\n<link rel=\"canonical\" href=\"https:\/\/laredlarioja.com.ar\/sitio\/el-homicidio-de-zoe-cada-vez-mas-cerca-llegar-a-juicio\/\" \/>\n<meta property=\"og:locale\" content=\"es_ES\" \/>\n<meta property=\"og:type\" content=\"article\" \/>\n<meta property=\"og:title\" content=\"Elevan a juicio el femicidio infantil de Zoe - LA RED 88.3 LA RIOJA\" \/>\n<meta property=\"og:description\" content=\"En un comunicado oficial, del Tribunal Superior de Justicia de La Rioja, el Juzgado de Instrucci\u00f3n de Violencia\" \/>\n<meta property=\"og:url\" content=\"https:\/\/laredlarioja.com.ar\/sitio\/el-homicidio-de-zoe-cada-vez-mas-cerca-llegar-a-juicio\/\" \/>\n<meta property=\"og:site_name\" content=\"LA RED 88.3 LA RIOJA\" \/>\n<meta property=\"article:publisher\" content=\"https:\/\/www.facebook.com\/lared.larioja\" \/>\n<meta property=\"article:published_time\" content=\"2024-02-28T21:09:08+00:00\" \/>\n<meta property=\"article:modified_time\" content=\"2024-09-07T19:33:00+00:00\" \/>\n<meta property=\"og:image\" content=\"https:\/\/laredlarioja.com.ar\/sitio\/wp-content\/uploads\/2024\/02\/1637161468096Justicia-por-Zoe-1.jpg\" \/>\n\t<meta property=\"og:image:width\" content=\"1920\" \/>\n\t<meta property=\"og:image:height\" content=\"1315\" \/>\n\t<meta property=\"og:image:type\" content=\"image\/jpeg\" \/>\n<meta name=\"author\" content=\"Mart\u00edn Ruarte\" \/>\n<meta name=\"twitter:card\" content=\"summary_large_image\" \/>\n<meta name=\"twitter:creator\" content=\"@laredlarioja1\" \/>\n<meta name=\"twitter:site\" content=\"@laredlarioja1\" \/>\n<meta name=\"twitter:label1\" content=\"Escrito por\" \/>\n\t<meta name=\"twitter:data1\" content=\"Mart\u00edn Ruarte\" \/>\n\t<meta name=\"twitter:label2\" content=\"Tiempo de lectura\" \/>\n\t<meta name=\"twitter:data2\" content=\"2 minutos\" \/>\n<script type=\"application\/ld+json\" class=\"yoast-schema-graph\">{\"@context\":\"https:\\\/\\\/schema.org\",\"@graph\":[{\"@type\":\"Article\",\"@id\":\"https:\\\/\\\/laredlarioja.com.ar\\\/sitio\\\/el-homicidio-de-zoe-cada-vez-mas-cerca-llegar-a-juicio\\\/#article\",\"isPartOf\":{\"@id\":\"https:\\\/\\\/laredlarioja.com.ar\\\/sitio\\\/el-homicidio-de-zoe-cada-vez-mas-cerca-llegar-a-juicio\\\/\"},\"author\":{\"name\":\"Mart\u00edn Ruarte\",\"@id\":\"https:\\\/\\\/laredlarioja.com.ar\\\/sitio\\\/#\\\/schema\\\/person\\\/3b1600cc7f8fd3617dc50f96d3503489\"},\"headline\":\"Elevan a juicio el femicidio infantil de Zoe\",\"datePublished\":\"2024-02-28T21:09:08+00:00\",\"dateModified\":\"2024-09-07T19:33:00+00:00\",\"mainEntityOfPage\":{\"@id\":\"https:\\\/\\\/laredlarioja.com.ar\\\/sitio\\\/el-homicidio-de-zoe-cada-vez-mas-cerca-llegar-a-juicio\\\/\"},\"wordCount\":353,\"publisher\":{\"@id\":\"https:\\\/\\\/laredlarioja.com.ar\\\/sitio\\\/#organization\"},\"image\":{\"@id\":\"https:\\\/\\\/laredlarioja.com.ar\\\/sitio\\\/el-homicidio-de-zoe-cada-vez-mas-cerca-llegar-a-juicio\\\/#primaryimage\"},\"thumbnailUrl\":\"https:\\\/\\\/laredlarioja.com.ar\\\/sitio\\\/wp-content\\\/uploads\\\/2024\\\/02\\\/1637161468096Justicia-por-Zoe-1.jpg\",\"articleSection\":[\"Locales\"],\"inLanguage\":\"es\"},{\"@type\":\"WebPage\",\"@id\":\"https:\\\/\\\/laredlarioja.com.ar\\\/sitio\\\/el-homicidio-de-zoe-cada-vez-mas-cerca-llegar-a-juicio\\\/\",\"url\":\"https:\\\/\\\/laredlarioja.com.ar\\\/sitio\\\/el-homicidio-de-zoe-cada-vez-mas-cerca-llegar-a-juicio\\\/\",\"name\":\"Elevan a juicio el femicidio infantil de Zoe - LA RED 88.3 LA RIOJA\",\"isPartOf\":{\"@id\":\"https:\\\/\\\/laredlarioja.com.ar\\\/sitio\\\/#website\"},\"primaryImageOfPage\":{\"@id\":\"https:\\\/\\\/laredlarioja.com.ar\\\/sitio\\\/el-homicidio-de-zoe-cada-vez-mas-cerca-llegar-a-juicio\\\/#primaryimage\"},\"image\":{\"@id\":\"https:\\\/\\\/laredlarioja.com.ar\\\/sitio\\\/el-homicidio-de-zoe-cada-vez-mas-cerca-llegar-a-juicio\\\/#primaryimage\"},\"thumbnailUrl\":\"https:\\\/\\\/laredlarioja.com.ar\\\/sitio\\\/wp-content\\\/uploads\\\/2024\\\/02\\\/1637161468096Justicia-por-Zoe-1.jpg\",\"datePublished\":\"2024-02-28T21:09:08+00:00\",\"dateModified\":\"2024-09-07T19:33:00+00:00\",\"breadcrumb\":{\"@id\":\"https:\\\/\\\/laredlarioja.com.ar\\\/sitio\\\/el-homicidio-de-zoe-cada-vez-mas-cerca-llegar-a-juicio\\\/#breadcrumb\"},\"inLanguage\":\"es\",\"potentialAction\":[{\"@type\":\"ReadAction\",\"target\":[\"https:\\\/\\\/laredlarioja.com.ar\\\/sitio\\\/el-homicidio-de-zoe-cada-vez-mas-cerca-llegar-a-juicio\\\/\"]}]},{\"@type\":\"ImageObject\",\"inLanguage\":\"es\",\"@id\":\"https:\\\/\\\/laredlarioja.com.ar\\\/sitio\\\/el-homicidio-de-zoe-cada-vez-mas-cerca-llegar-a-juicio\\\/#primaryimage\",\"url\":\"https:\\\/\\\/laredlarioja.com.ar\\\/sitio\\\/wp-content\\\/uploads\\\/2024\\\/02\\\/1637161468096Justicia-por-Zoe-1.jpg\",\"contentUrl\":\"https:\\\/\\\/laredlarioja.com.ar\\\/sitio\\\/wp-content\\\/uploads\\\/2024\\\/02\\\/1637161468096Justicia-por-Zoe-1.jpg\",\"width\":1920,\"height\":1315},{\"@type\":\"BreadcrumbList\",\"@id\":\"https:\\\/\\\/laredlarioja.com.ar\\\/sitio\\\/el-homicidio-de-zoe-cada-vez-mas-cerca-llegar-a-juicio\\\/#breadcrumb\",\"itemListElement\":[{\"@type\":\"ListItem\",\"position\":1,\"name\":\"Portada\",\"item\":\"https:\\\/\\\/laredlarioja.com.ar\\\/sitio\\\/\"},{\"@type\":\"ListItem\",\"position\":2,\"name\":\"Elevan a juicio el femicidio infantil de Zoe\"}]},{\"@type\":\"WebSite\",\"@id\":\"https:\\\/\\\/laredlarioja.com.ar\\\/sitio\\\/#website\",\"url\":\"https:\\\/\\\/laredlarioja.com.ar\\\/sitio\\\/\",\"name\":\"LA RED 88.3 LA RIOJA\",\"description\":\"Sitio de Noticias\",\"publisher\":{\"@id\":\"https:\\\/\\\/laredlarioja.com.ar\\\/sitio\\\/#organization\"},\"potentialAction\":[{\"@type\":\"SearchAction\",\"target\":{\"@type\":\"EntryPoint\",\"urlTemplate\":\"https:\\\/\\\/laredlarioja.com.ar\\\/sitio\\\/?s={search_term_string}\"},\"query-input\":{\"@type\":\"PropertyValueSpecification\",\"valueRequired\":true,\"valueName\":\"search_term_string\"}}],\"inLanguage\":\"es\"},{\"@type\":\"Organization\",\"@id\":\"https:\\\/\\\/laredlarioja.com.ar\\\/sitio\\\/#organization\",\"name\":\"LA RED 88.3 LA RIOJA\",\"url\":\"https:\\\/\\\/laredlarioja.com.ar\\\/sitio\\\/\",\"logo\":{\"@type\":\"ImageObject\",\"inLanguage\":\"es\",\"@id\":\"https:\\\/\\\/laredlarioja.com.ar\\\/sitio\\\/#\\\/schema\\\/logo\\\/image\\\/\",\"url\":\"https:\\\/\\\/laredlarioja.com.ar\\\/sitio\\\/wp-content\\\/uploads\\\/2025\\\/05\\\/LOGO-LA-RED.png\",\"contentUrl\":\"https:\\\/\\\/laredlarioja.com.ar\\\/sitio\\\/wp-content\\\/uploads\\\/2025\\\/05\\\/LOGO-LA-RED.png\",\"width\":193,\"height\":340,\"caption\":\"LA RED 88.3 LA RIOJA\"},\"image\":{\"@id\":\"https:\\\/\\\/laredlarioja.com.ar\\\/sitio\\\/#\\\/schema\\\/logo\\\/image\\\/\"},\"sameAs\":[\"https:\\\/\\\/www.facebook.com\\\/lared.larioja\",\"https:\\\/\\\/x.com\\\/laredlarioja1\",\"https:\\\/\\\/www.instagram.com\\\/lared_larioja\\\/\"]},{\"@type\":\"Person\",\"@id\":\"https:\\\/\\\/laredlarioja.com.ar\\\/sitio\\\/#\\\/schema\\\/person\\\/3b1600cc7f8fd3617dc50f96d3503489\",\"name\":\"Mart\u00edn Ruarte\",\"url\":\"https:\\\/\\\/laredlarioja.com.ar\\\/sitio\\\/author\\\/mruarte\\\/\"}]}<\/script>\n<!-- \/ Yoast SEO plugin. -->","yoast_head_json":{"title":"Elevan a juicio el femicidio infantil de Zoe - LA RED 88.3 LA RIOJA","robots":{"index":"index","follow":"follow","max-snippet":"max-snippet:-1","max-image-preview":"max-image-preview:large","max-video-preview":"max-video-preview:-1"},"canonical":"https:\/\/laredlarioja.com.ar\/sitio\/el-homicidio-de-zoe-cada-vez-mas-cerca-llegar-a-juicio\/","og_locale":"es_ES","og_type":"article","og_title":"Elevan a juicio el femicidio infantil de Zoe - LA RED 88.3 LA RIOJA","og_description":"En un comunicado oficial, del Tribunal Superior de Justicia de La Rioja, el Juzgado de Instrucci\u00f3n de Violencia","og_url":"https:\/\/laredlarioja.com.ar\/sitio\/el-homicidio-de-zoe-cada-vez-mas-cerca-llegar-a-juicio\/","og_site_name":"LA RED 88.3 LA RIOJA","article_publisher":"https:\/\/www.facebook.com\/lared.larioja","article_published_time":"2024-02-28T21:09:08+00:00","article_modified_time":"2024-09-07T19:33:00+00:00","og_image":[{"width":1920,"height":1315,"url":"https:\/\/laredlarioja.com.ar\/sitio\/wp-content\/uploads\/2024\/02\/1637161468096Justicia-por-Zoe-1.jpg","type":"image\/jpeg"}],"author":"Mart\u00edn Ruarte","twitter_card":"summary_large_image","twitter_creator":"@laredlarioja1","twitter_site":"@laredlarioja1","twitter_misc":{"Escrito por":"Mart\u00edn Ruarte","Tiempo de lectura":"2 minutos"},"schema":{"@context":"https:\/\/schema.org","@graph":[{"@type":"Article","@id":"https:\/\/laredlarioja.com.ar\/sitio\/el-homicidio-de-zoe-cada-vez-mas-cerca-llegar-a-juicio\/#article","isPartOf":{"@id":"https:\/\/laredlarioja.com.ar\/sitio\/el-homicidio-de-zoe-cada-vez-mas-cerca-llegar-a-juicio\/"},"author":{"name":"Mart\u00edn Ruarte","@id":"https:\/\/laredlarioja.com.ar\/sitio\/#\/schema\/person\/3b1600cc7f8fd3617dc50f96d3503489"},"headline":"Elevan a juicio el femicidio infantil de Zoe","datePublished":"2024-02-28T21:09:08+00:00","dateModified":"2024-09-07T19:33:00+00:00","mainEntityOfPage":{"@id":"https:\/\/laredlarioja.com.ar\/sitio\/el-homicidio-de-zoe-cada-vez-mas-cerca-llegar-a-juicio\/"},"wordCount":353,"publisher":{"@id":"https:\/\/laredlarioja.com.ar\/sitio\/#organization"},"image":{"@id":"https:\/\/laredlarioja.com.ar\/sitio\/el-homicidio-de-zoe-cada-vez-mas-cerca-llegar-a-juicio\/#primaryimage"},"thumbnailUrl":"https:\/\/laredlarioja.com.ar\/sitio\/wp-content\/uploads\/2024\/02\/1637161468096Justicia-por-Zoe-1.jpg","articleSection":["Locales"],"inLanguage":"es"},{"@type":"WebPage","@id":"https:\/\/laredlarioja.com.ar\/sitio\/el-homicidio-de-zoe-cada-vez-mas-cerca-llegar-a-juicio\/","url":"https:\/\/laredlarioja.com.ar\/sitio\/el-homicidio-de-zoe-cada-vez-mas-cerca-llegar-a-juicio\/","name":"Elevan a juicio el femicidio infantil de Zoe - LA RED 88.3 LA RIOJA","isPartOf":{"@id":"https:\/\/laredlarioja.com.ar\/sitio\/#website"},"primaryImageOfPage":{"@id":"https:\/\/laredlarioja.com.ar\/sitio\/el-homicidio-de-zoe-cada-vez-mas-cerca-llegar-a-juicio\/#primaryimage"},"image":{"@id":"https:\/\/laredlarioja.com.ar\/sitio\/el-homicidio-de-zoe-cada-vez-mas-cerca-llegar-a-juicio\/#primaryimage"},"thumbnailUrl":"https:\/\/laredlarioja.com.ar\/sitio\/wp-content\/uploads\/2024\/02\/1637161468096Justicia-por-Zoe-1.jpg","datePublished":"2024-02-28T21:09:08+00:00","dateModified":"2024-09-07T19:33:00+00:00","breadcrumb":{"@id":"https:\/\/laredlarioja.com.ar\/sitio\/el-homicidio-de-zoe-cada-vez-mas-cerca-llegar-a-juicio\/#breadcrumb"},"inLanguage":"es","potentialAction":[{"@type":"ReadAction","target":["https:\/\/laredlarioja.com.ar\/sitio\/el-homicidio-de-zoe-cada-vez-mas-cerca-llegar-a-juicio\/"]}]},{"@type":"ImageObject","inLanguage":"es","@id":"https:\/\/laredlarioja.com.ar\/sitio\/el-homicidio-de-zoe-cada-vez-mas-cerca-llegar-a-juicio\/#primaryimage","url":"https:\/\/laredlarioja.com.ar\/sitio\/wp-content\/uploads\/2024\/02\/1637161468096Justicia-por-Zoe-1.jpg","contentUrl":"https:\/\/laredlarioja.com.ar\/sitio\/wp-content\/uploads\/2024\/02\/1637161468096Justicia-por-Zoe-1.jpg","width":1920,"height":1315},{"@type":"BreadcrumbList","@id":"https:\/\/laredlarioja.com.ar\/sitio\/el-homicidio-de-zoe-cada-vez-mas-cerca-llegar-a-juicio\/#breadcrumb","itemListElement":[{"@type":"ListItem","position":1,"name":"Portada","item":"https:\/\/laredlarioja.com.ar\/sitio\/"},{"@type":"ListItem","position":2,"name":"Elevan a juicio el femicidio infantil de Zoe"}]},{"@type":"WebSite","@id":"https:\/\/laredlarioja.com.ar\/sitio\/#website","url":"https:\/\/laredlarioja.com.ar\/sitio\/","name":"LA RED 88.3 LA RIOJA","description":"Sitio de Noticias","publisher":{"@id":"https:\/\/laredlarioja.com.ar\/sitio\/#organization"},"potentialAction":[{"@type":"SearchAction","target":{"@type":"EntryPoint","urlTemplate":"https:\/\/laredlarioja.com.ar\/sitio\/?s={search_term_string}"},"query-input":{"@type":"PropertyValueSpecification","valueRequired":true,"valueName":"search_term_string"}}],"inLanguage":"es"},{"@type":"Organization","@id":"https:\/\/laredlarioja.com.ar\/sitio\/#organization","name":"LA RED 88.3 LA RIOJA","url":"https:\/\/laredlarioja.com.ar\/sitio\/","logo":{"@type":"ImageObject","inLanguage":"es","@id":"https:\/\/laredlarioja.com.ar\/sitio\/#\/schema\/logo\/image\/","url":"https:\/\/laredlarioja.com.ar\/sitio\/wp-content\/uploads\/2025\/05\/LOGO-LA-RED.png","contentUrl":"https:\/\/laredlarioja.com.ar\/sitio\/wp-content\/uploads\/2025\/05\/LOGO-LA-RED.png","width":193,"height":340,"caption":"LA RED 88.3 LA RIOJA"},"image":{"@id":"https:\/\/laredlarioja.com.ar\/sitio\/#\/schema\/logo\/image\/"},"sameAs":["https:\/\/www.facebook.com\/lared.larioja","https:\/\/x.com\/laredlarioja1","https:\/\/www.instagram.com\/lared_larioja\/"]},{"@type":"Person","@id":"https:\/\/laredlarioja.com.ar\/sitio\/#\/schema\/person\/3b1600cc7f8fd3617dc50f96d3503489","name":"Mart\u00edn Ruarte","url":"https:\/\/laredlarioja.com.ar\/sitio\/author\/mruarte\/"}]}},"featured_image_urls":{"full":["https:\/\/laredlarioja.com.ar\/sitio\/wp-content\/uploads\/2024\/02\/1637161468096Justicia-por-Zoe-1.jpg",1920,1315,false],"thumbnail":["https:\/\/laredlarioja.com.ar\/sitio\/wp-content\/uploads\/2024\/02\/1637161468096Justicia-por-Zoe-1-150x150.jpg",150,150,true],"medium":["https:\/\/laredlarioja.com.ar\/sitio\/wp-content\/uploads\/2024\/02\/1637161468096Justicia-por-Zoe-1-300x205.jpg",300,205,true],"medium_large":["https:\/\/laredlarioja.com.ar\/sitio\/wp-content\/uploads\/2024\/02\/1637161468096Justicia-por-Zoe-1-768x526.jpg",640,438,true],"large":["https:\/\/laredlarioja.com.ar\/sitio\/wp-content\/uploads\/2024\/02\/1637161468096Justicia-por-Zoe-1-1024x701.jpg",640,438,true],"1536x1536":["https:\/\/laredlarioja.com.ar\/sitio\/wp-content\/uploads\/2024\/02\/1637161468096Justicia-por-Zoe-1-1536x1052.jpg",1536,1052,true],"2048x2048":["https:\/\/laredlarioja.com.ar\/sitio\/wp-content\/uploads\/2024\/02\/1637161468096Justicia-por-Zoe-1.jpg",1920,1315,false],"cvmm-medium":["https:\/\/laredlarioja.com.ar\/sitio\/wp-content\/uploads\/2024\/02\/1637161468096Justicia-por-Zoe-1-300x300.jpg",300,300,true],"cvmm-medium-plus":["https:\/\/laredlarioja.com.ar\/sitio\/wp-content\/uploads\/2024\/02\/1637161468096Justicia-por-Zoe-1-305x207.jpg",305,207,true],"cvmm-portrait":["https:\/\/laredlarioja.com.ar\/sitio\/wp-content\/uploads\/2024\/02\/1637161468096Justicia-por-Zoe-1-400x600.jpg",400,600,true],"cvmm-medium-square":["https:\/\/laredlarioja.com.ar\/sitio\/wp-content\/uploads\/2024\/02\/1637161468096Justicia-por-Zoe-1-600x600.jpg",600,600,true],"cvmm-large":["https:\/\/laredlarioja.com.ar\/sitio\/wp-content\/uploads\/2024\/02\/1637161468096Justicia-por-Zoe-1-1024x1024.jpg",1024,1024,true],"cvmm-small":["https:\/\/laredlarioja.com.ar\/sitio\/wp-content\/uploads\/2024\/02\/1637161468096Justicia-por-Zoe-1-130x95.jpg",130,95,true],"morenews-large":["https:\/\/laredlarioja.com.ar\/sitio\/wp-content\/uploads\/2024\/02\/1637161468096Justicia-por-Zoe-1-825x575.jpg",825,575,true],"morenews-medium":["https:\/\/laredlarioja.com.ar\/sitio\/wp-content\/uploads\/2024\/02\/1637161468096Justicia-por-Zoe-1-590x410.jpg",590,410,true]},"author_info":{"display_name":"Mart\u00edn Ruarte","author_link":"https:\/\/laredlarioja.com.ar\/sitio\/author\/mruarte\/"},"category_info":"<a href=\"https:\/\/laredlarioja.com.ar\/sitio\/categorias\/locales\/\" rel=\"category tag\">Locales<\/a>","tag_info":"Locales","comment_count":"0","blog_post_layout_featured_media_urls":{"thumbnail":["https:\/\/laredlarioja.com.ar\/sitio\/wp-content\/uploads\/2024\/02\/1637161468096Justicia-por-Zoe-1-150x150.jpg",150,150,true],"full":["https:\/\/laredlarioja.com.ar\/sitio\/wp-content\/uploads\/2024\/02\/1637161468096Justicia-por-Zoe-1.jpg",1920,1315,false]},"categories_names":{"94":{"name":"Locales","link":"https:\/\/laredlarioja.com.ar\/sitio\/categorias\/locales\/"}},"tags_names":[],"comments_number":"0","wpmagazine_modules_lite_featured_media_urls":{"thumbnail":["https:\/\/laredlarioja.com.ar\/sitio\/wp-content\/uploads\/2024\/02\/1637161468096Justicia-por-Zoe-1-150x150.jpg",150,150,true],"cvmm-medium":["https:\/\/laredlarioja.com.ar\/sitio\/wp-content\/uploads\/2024\/02\/1637161468096Justicia-por-Zoe-1-300x300.jpg",300,300,true],"cvmm-medium-plus":["https:\/\/laredlarioja.com.ar\/sitio\/wp-content\/uploads\/2024\/02\/1637161468096Justicia-por-Zoe-1-305x207.jpg",305,207,true],"cvmm-portrait":["https:\/\/laredlarioja.com.ar\/sitio\/wp-content\/uploads\/2024\/02\/1637161468096Justicia-por-Zoe-1-400x600.jpg",400,600,true],"cvmm-medium-square":["https:\/\/laredlarioja.com.ar\/sitio\/wp-content\/uploads\/2024\/02\/1637161468096Justicia-por-Zoe-1-600x600.jpg",600,600,true],"cvmm-large":["https:\/\/laredlarioja.com.ar\/sitio\/wp-content\/uploads\/2024\/02\/1637161468096Justicia-por-Zoe-1-1024x1024.jpg",1024,1024,true],"cvmm-small":["https:\/\/laredlarioja.com.ar\/sitio\/wp-content\/uploads\/2024\/02\/1637161468096Justicia-por-Zoe-1-130x95.jpg",130,95,true],"full":["https:\/\/laredlarioja.com.ar\/sitio\/wp-content\/uploads\/2024\/02\/1637161468096Justicia-por-Zoe-1.jpg",1920,1315,false]},"_links":{"self":[{"href":"https:\/\/laredlarioja.com.ar\/sitio\/wp-json\/wp\/v2\/posts\/42671","targetHints":{"allow":["GET"]}}],"collection":[{"href":"https:\/\/laredlarioja.com.ar\/sitio\/wp-json\/wp\/v2\/posts"}],"about":[{"href":"https:\/\/laredlarioja.com.ar\/sitio\/wp-json\/wp\/v2\/types\/post"}],"author":[{"embeddable":true,"href":"https:\/\/laredlarioja.com.ar\/sitio\/wp-json\/wp\/v2\/users\/8"}],"replies":[{"embeddable":true,"href":"https:\/\/laredlarioja.com.ar\/sitio\/wp-json\/wp\/v2\/comments?post=42671"}],"version-history":[{"count":3,"href":"https:\/\/laredlarioja.com.ar\/sitio\/wp-json\/wp\/v2\/posts\/42671\/revisions"}],"predecessor-version":[{"id":42679,"href":"https:\/\/laredlarioja.com.ar\/sitio\/wp-json\/wp\/v2\/posts\/42671\/revisions\/42679"}],"wp:featuredmedia":[{"embeddable":true,"href":"https:\/\/laredlarioja.com.ar\/sitio\/wp-json\/wp\/v2\/media\/42682"}],"wp:attachment":[{"href":"https:\/\/laredlarioja.com.ar\/sitio\/wp-json\/wp\/v2\/media?parent=42671"}],"wp:term":[{"taxonomy":"category","embeddable":true,"href":"https:\/\/laredlarioja.com.ar\/sitio\/wp-json\/wp\/v2\/categories?post=42671"},{"taxonomy":"post_tag","embeddable":true,"href":"https:\/\/laredlarioja.com.ar\/sitio\/wp-json\/wp\/v2\/tags?post=42671"}],"curies":[{"name":"wp","href":"https:\/\/api.w.org\/{rel}","templated":true}]}}