{"id":42715,"date":"2024-02-29T20:56:42","date_gmt":"2024-02-29T20:56:42","guid":{"rendered":"https:\/\/laredlarioja.com.ar\/sitio\/?p=42715"},"modified":"2024-09-07T19:32:10","modified_gmt":"2024-09-07T19:32:10","slug":"milei-tuvo-que-acatar-el-fallo-judicial-a-favor-de-chubut-y-envio-los-fondos-para-el-transporte","status":"publish","type":"post","link":"https:\/\/laredlarioja.com.ar\/sitio\/milei-tuvo-que-acatar-el-fallo-judicial-a-favor-de-chubut-y-envio-los-fondos-para-el-transporte\/","title":{"rendered":"Milei tuvo que acatar el fallo judicial a favor de Chubut y envi\u00f3 los fondos para el transporte"},"content":{"rendered":"<p>El\u00a0presidente\u00a0Javier\u00a0Milei\u00a0puso pa\u00f1os fr\u00edos al\u00a0conflicto con el gobernador de\u00a0Chubut, Ignacio Torres,\u00a0y finalmente le\u00a0gir\u00f3 los fondos para el transporte. Es en respuesta a un fallo de la semana pasada, previo a la resoluci\u00f3n de este martes por la\u00a0coparticipaci\u00f3n.<\/p>\n<p>La quita del subsidio al transporte a las provincias fue uno de los principales motivos de conflicto al inicio de la gesti\u00f3n de Milei. El fondo compensador buscaba equilibrar los recursos que recib\u00eda el \u00c1rea Metropolitana de Buenos Aires (AMBA) con las provincias. Sin embargo, la medida fue considerada una represalia luego de que los gobernadores no respaldaran el proyecto de la Ley \u00d3mnibus.<\/p>\n<p>En lo que parecer\u00eda ser una tregua, los gobernadores patag\u00f3nicos han invitado a la cumbre del Parlamento Patag\u00f3nico, que se llevar\u00e1 a cabo el jueves 7 de marzo en Puerto Madryn. En este encuentro, se discutir\u00e1 la agenda productiva de la regi\u00f3n. La invitaci\u00f3n formal fue enviada por el mandatario rionegrino, Alberto Weretilneck, al ministro del Interior, Guillermo Francos.<\/p>\n<p>A pesar de este gesto, a\u00fan quedan pendientes demandas en la Justicia federal por parte de Chubut relacionadas con el fondo educativo y la coparticipaci\u00f3n.<\/p>\n","protected":false},"excerpt":{"rendered":"<p>El\u00a0presidente\u00a0Javier\u00a0Milei\u00a0puso pa\u00f1os fr\u00edos al\u00a0conflicto con el gobernador de\u00a0Chubut, Ignacio Torres,\u00a0y finalmente le\u00a0gir\u00f3 los fondos para el transporte. Es<\/p>\n","protected":false},"author":10,"featured_media":42716,"comment_status":"closed","ping_status":"open","sticky":false,"template":"","format":"standard","meta":{"footnotes":""},"categories":[28],"tags":[],"class_list":["post-42715","post","type-post","status-publish","format-standard","has-post-thumbnail","hentry","category-nacionales"],"yoast_head":"<!-- This site is optimized with the Yoast SEO plugin v27.4 - https:\/\/yoast.com\/product\/yoast-seo-wordpress\/ -->\n<title>Milei tuvo que acatar el fallo judicial a favor de Chubut y envi\u00f3 los fondos para el transporte - LA RED 88.3 LA RIOJA<\/title>\n<meta name=\"robots\" content=\"index, follow, max-snippet:-1, max-image-preview:large, max-video-preview:-1\" \/>\n<link rel=\"canonical\" href=\"https:\/\/laredlarioja.com.ar\/sitio\/milei-tuvo-que-acatar-el-fallo-judicial-a-favor-de-chubut-y-envio-los-fondos-para-el-transporte\/\" \/>\n<meta property=\"og:locale\" content=\"es_ES\" \/>\n<meta property=\"og:type\" content=\"article\" \/>\n<meta property=\"og:title\" content=\"Milei tuvo que acatar el fallo judicial a favor de Chubut y envi\u00f3 los fondos para el transporte - LA RED 88.3 LA RIOJA\" \/>\n<meta property=\"og:description\" content=\"El\u00a0presidente\u00a0Javier\u00a0Milei\u00a0puso pa\u00f1os fr\u00edos al\u00a0conflicto con el gobernador de\u00a0Chubut, Ignacio Torres,\u00a0y finalmente le\u00a0gir\u00f3 los fondos para el transporte. Es\" \/>\n<meta property=\"og:url\" content=\"https:\/\/laredlarioja.com.ar\/sitio\/milei-tuvo-que-acatar-el-fallo-judicial-a-favor-de-chubut-y-envio-los-fondos-para-el-transporte\/\" \/>\n<meta property=\"og:site_name\" content=\"LA RED 88.3 LA RIOJA\" \/>\n<meta property=\"article:publisher\" content=\"https:\/\/www.facebook.com\/lared.larioja\" \/>\n<meta property=\"article:published_time\" content=\"2024-02-29T20:56:42+00:00\" \/>\n<meta property=\"article:modified_time\" content=\"2024-09-07T19:32:10+00:00\" \/>\n<meta property=\"og:image\" content=\"https:\/\/laredlarioja.com.ar\/sitio\/wp-content\/uploads\/2024\/02\/778236-1697062532231011672-20-281-29.jpg\" \/>\n\t<meta property=\"og:image:width\" content=\"1200\" \/>\n\t<meta property=\"og:image:height\" content=\"1050\" \/>\n\t<meta property=\"og:image:type\" content=\"image\/jpeg\" \/>\n<meta name=\"author\" content=\"La Red\" \/>\n<meta name=\"twitter:card\" content=\"summary_large_image\" \/>\n<meta name=\"twitter:creator\" content=\"@laredlarioja1\" \/>\n<meta name=\"twitter:site\" content=\"@laredlarioja1\" \/>\n<meta name=\"twitter:label1\" content=\"Escrito por\" \/>\n\t<meta name=\"twitter:data1\" content=\"La Red\" \/>\n\t<meta name=\"twitter:label2\" content=\"Tiempo de lectura\" \/>\n\t<meta name=\"twitter:data2\" content=\"1 minuto\" \/>\n<script type=\"application\/ld+json\" class=\"yoast-schema-graph\">{\"@context\":\"https:\\\/\\\/schema.org\",\"@graph\":[{\"@type\":\"Article\",\"@id\":\"https:\\\/\\\/laredlarioja.com.ar\\\/sitio\\\/milei-tuvo-que-acatar-el-fallo-judicial-a-favor-de-chubut-y-envio-los-fondos-para-el-transporte\\\/#article\",\"isPartOf\":{\"@id\":\"https:\\\/\\\/laredlarioja.com.ar\\\/sitio\\\/milei-tuvo-que-acatar-el-fallo-judicial-a-favor-de-chubut-y-envio-los-fondos-para-el-transporte\\\/\"},\"author\":{\"name\":\"La Red\",\"@id\":\"https:\\\/\\\/laredlarioja.com.ar\\\/sitio\\\/#\\\/schema\\\/person\\\/f1e213867beccedaaa4fb548d9259d9a\"},\"headline\":\"Milei tuvo que acatar el fallo judicial a favor de Chubut y envi\u00f3 los fondos para el transporte\",\"datePublished\":\"2024-02-29T20:56:42+00:00\",\"dateModified\":\"2024-09-07T19:32:10+00:00\",\"mainEntityOfPage\":{\"@id\":\"https:\\\/\\\/laredlarioja.com.ar\\\/sitio\\\/milei-tuvo-que-acatar-el-fallo-judicial-a-favor-de-chubut-y-envio-los-fondos-para-el-transporte\\\/\"},\"wordCount\":223,\"publisher\":{\"@id\":\"https:\\\/\\\/laredlarioja.com.ar\\\/sitio\\\/#organization\"},\"image\":{\"@id\":\"https:\\\/\\\/laredlarioja.com.ar\\\/sitio\\\/milei-tuvo-que-acatar-el-fallo-judicial-a-favor-de-chubut-y-envio-los-fondos-para-el-transporte\\\/#primaryimage\"},\"thumbnailUrl\":\"https:\\\/\\\/laredlarioja.com.ar\\\/sitio\\\/wp-content\\\/uploads\\\/2024\\\/02\\\/778236-1697062532231011672-20-281-29.jpg\",\"articleSection\":[\"Nacionales\"],\"inLanguage\":\"es\"},{\"@type\":\"WebPage\",\"@id\":\"https:\\\/\\\/laredlarioja.com.ar\\\/sitio\\\/milei-tuvo-que-acatar-el-fallo-judicial-a-favor-de-chubut-y-envio-los-fondos-para-el-transporte\\\/\",\"url\":\"https:\\\/\\\/laredlarioja.com.ar\\\/sitio\\\/milei-tuvo-que-acatar-el-fallo-judicial-a-favor-de-chubut-y-envio-los-fondos-para-el-transporte\\\/\",\"name\":\"Milei tuvo que acatar el fallo judicial a favor de Chubut y envi\u00f3 los fondos para el transporte - LA RED 88.3 LA RIOJA\",\"isPartOf\":{\"@id\":\"https:\\\/\\\/laredlarioja.com.ar\\\/sitio\\\/#website\"},\"primaryImageOfPage\":{\"@id\":\"https:\\\/\\\/laredlarioja.com.ar\\\/sitio\\\/milei-tuvo-que-acatar-el-fallo-judicial-a-favor-de-chubut-y-envio-los-fondos-para-el-transporte\\\/#primaryimage\"},\"image\":{\"@id\":\"https:\\\/\\\/laredlarioja.com.ar\\\/sitio\\\/milei-tuvo-que-acatar-el-fallo-judicial-a-favor-de-chubut-y-envio-los-fondos-para-el-transporte\\\/#primaryimage\"},\"thumbnailUrl\":\"https:\\\/\\\/laredlarioja.com.ar\\\/sitio\\\/wp-content\\\/uploads\\\/2024\\\/02\\\/778236-1697062532231011672-20-281-29.jpg\",\"datePublished\":\"2024-02-29T20:56:42+00:00\",\"dateModified\":\"2024-09-07T19:32:10+00:00\",\"breadcrumb\":{\"@id\":\"https:\\\/\\\/laredlarioja.com.ar\\\/sitio\\\/milei-tuvo-que-acatar-el-fallo-judicial-a-favor-de-chubut-y-envio-los-fondos-para-el-transporte\\\/#breadcrumb\"},\"inLanguage\":\"es\",\"potentialAction\":[{\"@type\":\"ReadAction\",\"target\":[\"https:\\\/\\\/laredlarioja.com.ar\\\/sitio\\\/milei-tuvo-que-acatar-el-fallo-judicial-a-favor-de-chubut-y-envio-los-fondos-para-el-transporte\\\/\"]}]},{\"@type\":\"ImageObject\",\"inLanguage\":\"es\",\"@id\":\"https:\\\/\\\/laredlarioja.com.ar\\\/sitio\\\/milei-tuvo-que-acatar-el-fallo-judicial-a-favor-de-chubut-y-envio-los-fondos-para-el-transporte\\\/#primaryimage\",\"url\":\"https:\\\/\\\/laredlarioja.com.ar\\\/sitio\\\/wp-content\\\/uploads\\\/2024\\\/02\\\/778236-1697062532231011672-20-281-29.jpg\",\"contentUrl\":\"https:\\\/\\\/laredlarioja.com.ar\\\/sitio\\\/wp-content\\\/uploads\\\/2024\\\/02\\\/778236-1697062532231011672-20-281-29.jpg\",\"width\":1200,\"height\":1050},{\"@type\":\"BreadcrumbList\",\"@id\":\"https:\\\/\\\/laredlarioja.com.ar\\\/sitio\\\/milei-tuvo-que-acatar-el-fallo-judicial-a-favor-de-chubut-y-envio-los-fondos-para-el-transporte\\\/#breadcrumb\",\"itemListElement\":[{\"@type\":\"ListItem\",\"position\":1,\"name\":\"Portada\",\"item\":\"https:\\\/\\\/laredlarioja.com.ar\\\/sitio\\\/\"},{\"@type\":\"ListItem\",\"position\":2,\"name\":\"Milei tuvo que acatar el fallo judicial a favor de Chubut y envi\u00f3 los fondos para el transporte\"}]},{\"@type\":\"WebSite\",\"@id\":\"https:\\\/\\\/laredlarioja.com.ar\\\/sitio\\\/#website\",\"url\":\"https:\\\/\\\/laredlarioja.com.ar\\\/sitio\\\/\",\"name\":\"LA RED 88.3 LA RIOJA\",\"description\":\"Sitio de Noticias\",\"publisher\":{\"@id\":\"https:\\\/\\\/laredlarioja.com.ar\\\/sitio\\\/#organization\"},\"potentialAction\":[{\"@type\":\"SearchAction\",\"target\":{\"@type\":\"EntryPoint\",\"urlTemplate\":\"https:\\\/\\\/laredlarioja.com.ar\\\/sitio\\\/?s={search_term_string}\"},\"query-input\":{\"@type\":\"PropertyValueSpecification\",\"valueRequired\":true,\"valueName\":\"search_term_string\"}}],\"inLanguage\":\"es\"},{\"@type\":\"Organization\",\"@id\":\"https:\\\/\\\/laredlarioja.com.ar\\\/sitio\\\/#organization\",\"name\":\"LA RED 88.3 LA RIOJA\",\"url\":\"https:\\\/\\\/laredlarioja.com.ar\\\/sitio\\\/\",\"logo\":{\"@type\":\"ImageObject\",\"inLanguage\":\"es\",\"@id\":\"https:\\\/\\\/laredlarioja.com.ar\\\/sitio\\\/#\\\/schema\\\/logo\\\/image\\\/\",\"url\":\"https:\\\/\\\/laredlarioja.com.ar\\\/sitio\\\/wp-content\\\/uploads\\\/2025\\\/05\\\/LOGO-LA-RED.png\",\"contentUrl\":\"https:\\\/\\\/laredlarioja.com.ar\\\/sitio\\\/wp-content\\\/uploads\\\/2025\\\/05\\\/LOGO-LA-RED.png\",\"width\":193,\"height\":340,\"caption\":\"LA RED 88.3 LA RIOJA\"},\"image\":{\"@id\":\"https:\\\/\\\/laredlarioja.com.ar\\\/sitio\\\/#\\\/schema\\\/logo\\\/image\\\/\"},\"sameAs\":[\"https:\\\/\\\/www.facebook.com\\\/lared.larioja\",\"https:\\\/\\\/x.com\\\/laredlarioja1\",\"https:\\\/\\\/www.instagram.com\\\/lared_larioja\\\/\"]},{\"@type\":\"Person\",\"@id\":\"https:\\\/\\\/laredlarioja.com.ar\\\/sitio\\\/#\\\/schema\\\/person\\\/f1e213867beccedaaa4fb548d9259d9a\",\"name\":\"La Red\",\"url\":\"https:\\\/\\\/laredlarioja.com.ar\\\/sitio\\\/author\\\/lared\\\/\"}]}<\/script>\n<!-- \/ Yoast SEO plugin. -->","yoast_head_json":{"title":"Milei tuvo que acatar el fallo judicial a favor de Chubut y envi\u00f3 los fondos para el transporte - LA RED 88.3 LA RIOJA","robots":{"index":"index","follow":"follow","max-snippet":"max-snippet:-1","max-image-preview":"max-image-preview:large","max-video-preview":"max-video-preview:-1"},"canonical":"https:\/\/laredlarioja.com.ar\/sitio\/milei-tuvo-que-acatar-el-fallo-judicial-a-favor-de-chubut-y-envio-los-fondos-para-el-transporte\/","og_locale":"es_ES","og_type":"article","og_title":"Milei tuvo que acatar el fallo judicial a favor de Chubut y envi\u00f3 los fondos para el transporte - LA RED 88.3 LA RIOJA","og_description":"El\u00a0presidente\u00a0Javier\u00a0Milei\u00a0puso pa\u00f1os fr\u00edos al\u00a0conflicto con el gobernador de\u00a0Chubut, Ignacio Torres,\u00a0y finalmente le\u00a0gir\u00f3 los fondos para el transporte. Es","og_url":"https:\/\/laredlarioja.com.ar\/sitio\/milei-tuvo-que-acatar-el-fallo-judicial-a-favor-de-chubut-y-envio-los-fondos-para-el-transporte\/","og_site_name":"LA RED 88.3 LA RIOJA","article_publisher":"https:\/\/www.facebook.com\/lared.larioja","article_published_time":"2024-02-29T20:56:42+00:00","article_modified_time":"2024-09-07T19:32:10+00:00","og_image":[{"width":1200,"height":1050,"url":"https:\/\/laredlarioja.com.ar\/sitio\/wp-content\/uploads\/2024\/02\/778236-1697062532231011672-20-281-29.jpg","type":"image\/jpeg"}],"author":"La Red","twitter_card":"summary_large_image","twitter_creator":"@laredlarioja1","twitter_site":"@laredlarioja1","twitter_misc":{"Escrito por":"La Red","Tiempo de lectura":"1 minuto"},"schema":{"@context":"https:\/\/schema.org","@graph":[{"@type":"Article","@id":"https:\/\/laredlarioja.com.ar\/sitio\/milei-tuvo-que-acatar-el-fallo-judicial-a-favor-de-chubut-y-envio-los-fondos-para-el-transporte\/#article","isPartOf":{"@id":"https:\/\/laredlarioja.com.ar\/sitio\/milei-tuvo-que-acatar-el-fallo-judicial-a-favor-de-chubut-y-envio-los-fondos-para-el-transporte\/"},"author":{"name":"La Red","@id":"https:\/\/laredlarioja.com.ar\/sitio\/#\/schema\/person\/f1e213867beccedaaa4fb548d9259d9a"},"headline":"Milei tuvo que acatar el fallo judicial a favor de Chubut y envi\u00f3 los fondos para el transporte","datePublished":"2024-02-29T20:56:42+00:00","dateModified":"2024-09-07T19:32:10+00:00","mainEntityOfPage":{"@id":"https:\/\/laredlarioja.com.ar\/sitio\/milei-tuvo-que-acatar-el-fallo-judicial-a-favor-de-chubut-y-envio-los-fondos-para-el-transporte\/"},"wordCount":223,"publisher":{"@id":"https:\/\/laredlarioja.com.ar\/sitio\/#organization"},"image":{"@id":"https:\/\/laredlarioja.com.ar\/sitio\/milei-tuvo-que-acatar-el-fallo-judicial-a-favor-de-chubut-y-envio-los-fondos-para-el-transporte\/#primaryimage"},"thumbnailUrl":"https:\/\/laredlarioja.com.ar\/sitio\/wp-content\/uploads\/2024\/02\/778236-1697062532231011672-20-281-29.jpg","articleSection":["Nacionales"],"inLanguage":"es"},{"@type":"WebPage","@id":"https:\/\/laredlarioja.com.ar\/sitio\/milei-tuvo-que-acatar-el-fallo-judicial-a-favor-de-chubut-y-envio-los-fondos-para-el-transporte\/","url":"https:\/\/laredlarioja.com.ar\/sitio\/milei-tuvo-que-acatar-el-fallo-judicial-a-favor-de-chubut-y-envio-los-fondos-para-el-transporte\/","name":"Milei tuvo que acatar el fallo judicial a favor de Chubut y envi\u00f3 los fondos para el transporte - LA RED 88.3 LA RIOJA","isPartOf":{"@id":"https:\/\/laredlarioja.com.ar\/sitio\/#website"},"primaryImageOfPage":{"@id":"https:\/\/laredlarioja.com.ar\/sitio\/milei-tuvo-que-acatar-el-fallo-judicial-a-favor-de-chubut-y-envio-los-fondos-para-el-transporte\/#primaryimage"},"image":{"@id":"https:\/\/laredlarioja.com.ar\/sitio\/milei-tuvo-que-acatar-el-fallo-judicial-a-favor-de-chubut-y-envio-los-fondos-para-el-transporte\/#primaryimage"},"thumbnailUrl":"https:\/\/laredlarioja.com.ar\/sitio\/wp-content\/uploads\/2024\/02\/778236-1697062532231011672-20-281-29.jpg","datePublished":"2024-02-29T20:56:42+00:00","dateModified":"2024-09-07T19:32:10+00:00","breadcrumb":{"@id":"https:\/\/laredlarioja.com.ar\/sitio\/milei-tuvo-que-acatar-el-fallo-judicial-a-favor-de-chubut-y-envio-los-fondos-para-el-transporte\/#breadcrumb"},"inLanguage":"es","potentialAction":[{"@type":"ReadAction","target":["https:\/\/laredlarioja.com.ar\/sitio\/milei-tuvo-que-acatar-el-fallo-judicial-a-favor-de-chubut-y-envio-los-fondos-para-el-transporte\/"]}]},{"@type":"ImageObject","inLanguage":"es","@id":"https:\/\/laredlarioja.com.ar\/sitio\/milei-tuvo-que-acatar-el-fallo-judicial-a-favor-de-chubut-y-envio-los-fondos-para-el-transporte\/#primaryimage","url":"https:\/\/laredlarioja.com.ar\/sitio\/wp-content\/uploads\/2024\/02\/778236-1697062532231011672-20-281-29.jpg","contentUrl":"https:\/\/laredlarioja.com.ar\/sitio\/wp-content\/uploads\/2024\/02\/778236-1697062532231011672-20-281-29.jpg","width":1200,"height":1050},{"@type":"BreadcrumbList","@id":"https:\/\/laredlarioja.com.ar\/sitio\/milei-tuvo-que-acatar-el-fallo-judicial-a-favor-de-chubut-y-envio-los-fondos-para-el-transporte\/#breadcrumb","itemListElement":[{"@type":"ListItem","position":1,"name":"Portada","item":"https:\/\/laredlarioja.com.ar\/sitio\/"},{"@type":"ListItem","position":2,"name":"Milei tuvo que acatar el fallo judicial a favor de Chubut y envi\u00f3 los fondos para el transporte"}]},{"@type":"WebSite","@id":"https:\/\/laredlarioja.com.ar\/sitio\/#website","url":"https:\/\/laredlarioja.com.ar\/sitio\/","name":"LA RED 88.3 LA RIOJA","description":"Sitio de Noticias","publisher":{"@id":"https:\/\/laredlarioja.com.ar\/sitio\/#organization"},"potentialAction":[{"@type":"SearchAction","target":{"@type":"EntryPoint","urlTemplate":"https:\/\/laredlarioja.com.ar\/sitio\/?s={search_term_string}"},"query-input":{"@type":"PropertyValueSpecification","valueRequired":true,"valueName":"search_term_string"}}],"inLanguage":"es"},{"@type":"Organization","@id":"https:\/\/laredlarioja.com.ar\/sitio\/#organization","name":"LA RED 88.3 LA RIOJA","url":"https:\/\/laredlarioja.com.ar\/sitio\/","logo":{"@type":"ImageObject","inLanguage":"es","@id":"https:\/\/laredlarioja.com.ar\/sitio\/#\/schema\/logo\/image\/","url":"https:\/\/laredlarioja.com.ar\/sitio\/wp-content\/uploads\/2025\/05\/LOGO-LA-RED.png","contentUrl":"https:\/\/laredlarioja.com.ar\/sitio\/wp-content\/uploads\/2025\/05\/LOGO-LA-RED.png","width":193,"height":340,"caption":"LA RED 88.3 LA RIOJA"},"image":{"@id":"https:\/\/laredlarioja.com.ar\/sitio\/#\/schema\/logo\/image\/"},"sameAs":["https:\/\/www.facebook.com\/lared.larioja","https:\/\/x.com\/laredlarioja1","https:\/\/www.instagram.com\/lared_larioja\/"]},{"@type":"Person","@id":"https:\/\/laredlarioja.com.ar\/sitio\/#\/schema\/person\/f1e213867beccedaaa4fb548d9259d9a","name":"La Red","url":"https:\/\/laredlarioja.com.ar\/sitio\/author\/lared\/"}]}},"featured_image_urls":{"full":["https:\/\/laredlarioja.com.ar\/sitio\/wp-content\/uploads\/2024\/02\/778236-1697062532231011672-20-281-29.jpg",1200,1050,false],"thumbnail":["https:\/\/laredlarioja.com.ar\/sitio\/wp-content\/uploads\/2024\/02\/778236-1697062532231011672-20-281-29-150x150.jpg",150,150,true],"medium":["https:\/\/laredlarioja.com.ar\/sitio\/wp-content\/uploads\/2024\/02\/778236-1697062532231011672-20-281-29-300x263.jpg",300,263,true],"medium_large":["https:\/\/laredlarioja.com.ar\/sitio\/wp-content\/uploads\/2024\/02\/778236-1697062532231011672-20-281-29-768x672.jpg",640,560,true],"large":["https:\/\/laredlarioja.com.ar\/sitio\/wp-content\/uploads\/2024\/02\/778236-1697062532231011672-20-281-29-1024x896.jpg",640,560,true],"1536x1536":["https:\/\/laredlarioja.com.ar\/sitio\/wp-content\/uploads\/2024\/02\/778236-1697062532231011672-20-281-29.jpg",1200,1050,false],"2048x2048":["https:\/\/laredlarioja.com.ar\/sitio\/wp-content\/uploads\/2024\/02\/778236-1697062532231011672-20-281-29.jpg",1200,1050,false],"cvmm-medium":["https:\/\/laredlarioja.com.ar\/sitio\/wp-content\/uploads\/2024\/02\/778236-1697062532231011672-20-281-29-300x300.jpg",300,300,true],"cvmm-medium-plus":["https:\/\/laredlarioja.com.ar\/sitio\/wp-content\/uploads\/2024\/02\/778236-1697062532231011672-20-281-29-305x207.jpg",305,207,true],"cvmm-portrait":["https:\/\/laredlarioja.com.ar\/sitio\/wp-content\/uploads\/2024\/02\/778236-1697062532231011672-20-281-29-400x600.jpg",400,600,true],"cvmm-medium-square":["https:\/\/laredlarioja.com.ar\/sitio\/wp-content\/uploads\/2024\/02\/778236-1697062532231011672-20-281-29-600x600.jpg",600,600,true],"cvmm-large":["https:\/\/laredlarioja.com.ar\/sitio\/wp-content\/uploads\/2024\/02\/778236-1697062532231011672-20-281-29-1024x1024.jpg",1024,1024,true],"cvmm-small":["https:\/\/laredlarioja.com.ar\/sitio\/wp-content\/uploads\/2024\/02\/778236-1697062532231011672-20-281-29-130x95.jpg",130,95,true],"morenews-large":["https:\/\/laredlarioja.com.ar\/sitio\/wp-content\/uploads\/2024\/02\/778236-1697062532231011672-20-281-29-825x575.jpg",825,575,true],"morenews-medium":["https:\/\/laredlarioja.com.ar\/sitio\/wp-content\/uploads\/2024\/02\/778236-1697062532231011672-20-281-29-590x410.jpg",590,410,true]},"author_info":{"display_name":"La Red","author_link":"https:\/\/laredlarioja.com.ar\/sitio\/author\/lared\/"},"category_info":"<a href=\"https:\/\/laredlarioja.com.ar\/sitio\/categorias\/nacionales\/\" rel=\"category tag\">Nacionales<\/a>","tag_info":"Nacionales","comment_count":"0","blog_post_layout_featured_media_urls":{"thumbnail":["https:\/\/laredlarioja.com.ar\/sitio\/wp-content\/uploads\/2024\/02\/778236-1697062532231011672-20-281-29-150x150.jpg",150,150,true],"full":["https:\/\/laredlarioja.com.ar\/sitio\/wp-content\/uploads\/2024\/02\/778236-1697062532231011672-20-281-29.jpg",1200,1050,false]},"categories_names":{"28":{"name":"Nacionales","link":"https:\/\/laredlarioja.com.ar\/sitio\/categorias\/nacionales\/"}},"tags_names":[],"comments_number":"0","wpmagazine_modules_lite_featured_media_urls":{"thumbnail":["https:\/\/laredlarioja.com.ar\/sitio\/wp-content\/uploads\/2024\/02\/778236-1697062532231011672-20-281-29-150x150.jpg",150,150,true],"cvmm-medium":["https:\/\/laredlarioja.com.ar\/sitio\/wp-content\/uploads\/2024\/02\/778236-1697062532231011672-20-281-29-300x300.jpg",300,300,true],"cvmm-medium-plus":["https:\/\/laredlarioja.com.ar\/sitio\/wp-content\/uploads\/2024\/02\/778236-1697062532231011672-20-281-29-305x207.jpg",305,207,true],"cvmm-portrait":["https:\/\/laredlarioja.com.ar\/sitio\/wp-content\/uploads\/2024\/02\/778236-1697062532231011672-20-281-29-400x600.jpg",400,600,true],"cvmm-medium-square":["https:\/\/laredlarioja.com.ar\/sitio\/wp-content\/uploads\/2024\/02\/778236-1697062532231011672-20-281-29-600x600.jpg",600,600,true],"cvmm-large":["https:\/\/laredlarioja.com.ar\/sitio\/wp-content\/uploads\/2024\/02\/778236-1697062532231011672-20-281-29-1024x1024.jpg",1024,1024,true],"cvmm-small":["https:\/\/laredlarioja.com.ar\/sitio\/wp-content\/uploads\/2024\/02\/778236-1697062532231011672-20-281-29-130x95.jpg",130,95,true],"full":["https:\/\/laredlarioja.com.ar\/sitio\/wp-content\/uploads\/2024\/02\/778236-1697062532231011672-20-281-29.jpg",1200,1050,false]},"_links":{"self":[{"href":"https:\/\/laredlarioja.com.ar\/sitio\/wp-json\/wp\/v2\/posts\/42715","targetHints":{"allow":["GET"]}}],"collection":[{"href":"https:\/\/laredlarioja.com.ar\/sitio\/wp-json\/wp\/v2\/posts"}],"about":[{"href":"https:\/\/laredlarioja.com.ar\/sitio\/wp-json\/wp\/v2\/types\/post"}],"author":[{"embeddable":true,"href":"https:\/\/laredlarioja.com.ar\/sitio\/wp-json\/wp\/v2\/users\/10"}],"replies":[{"embeddable":true,"href":"https:\/\/laredlarioja.com.ar\/sitio\/wp-json\/wp\/v2\/comments?post=42715"}],"version-history":[{"count":1,"href":"https:\/\/laredlarioja.com.ar\/sitio\/wp-json\/wp\/v2\/posts\/42715\/revisions"}],"predecessor-version":[{"id":42717,"href":"https:\/\/laredlarioja.com.ar\/sitio\/wp-json\/wp\/v2\/posts\/42715\/revisions\/42717"}],"wp:featuredmedia":[{"embeddable":true,"href":"https:\/\/laredlarioja.com.ar\/sitio\/wp-json\/wp\/v2\/media\/42716"}],"wp:attachment":[{"href":"https:\/\/laredlarioja.com.ar\/sitio\/wp-json\/wp\/v2\/media?parent=42715"}],"wp:term":[{"taxonomy":"category","embeddable":true,"href":"https:\/\/laredlarioja.com.ar\/sitio\/wp-json\/wp\/v2\/categories?post=42715"},{"taxonomy":"post_tag","embeddable":true,"href":"https:\/\/laredlarioja.com.ar\/sitio\/wp-json\/wp\/v2\/tags?post=42715"}],"curies":[{"name":"wp","href":"https:\/\/api.w.org\/{rel}","templated":true}]}}