{"id":42911,"date":"2024-03-06T21:39:13","date_gmt":"2024-03-06T21:39:13","guid":{"rendered":"https:\/\/laredlarioja.com.ar\/sitio\/?p=42911"},"modified":"2024-09-07T19:26:20","modified_gmt":"2024-09-07T19:26:20","slug":"rioja-bus-contrata-nuevos-choferes-ofrece-un-salario-de-475-000-mas-aumentos-otorgados-por-la-provincia","status":"publish","type":"post","link":"https:\/\/laredlarioja.com.ar\/sitio\/rioja-bus-contrata-nuevos-choferes-ofrece-un-salario-de-475-000-mas-aumentos-otorgados-por-la-provincia\/","title":{"rendered":"Rioja Bus contrata nuevos choferes: ofrece un salario de $475.000 m\u00e1s aumentos otorgados por la provincia"},"content":{"rendered":"<p>Luego de la transici\u00f3n de Rioja Bus, la secretaria de Transporte Alcira Brizuela brind\u00f3 detalles de la situaci\u00f3n laboral de los trabajadores y anticip\u00f3 que se abri\u00f3 una convocatoria de nuevos choferes para cubrir lugares.<\/p>\n<p>En declaraciones con La Red, Brizuela dio detalles sobre Rioja Bus tras su cambio de administraci\u00f3n y explic\u00f3 que \u201clos decidieron continuar aproximadamente 190 trabajadores y est\u00e1n bajo la nueva administraci\u00f3n provincial de Transporte P\u00fablico social e inclusivo de Pasajeros de La Rioja, es el nuevo nombre de la administraci\u00f3n\u201d.<\/p>\n<p>A su vez asegur\u00f3 que \u201clos y las trabajadoras empezaron a trabajar a partir del 1 de marzo con un contrato del estado y el resto que decidi\u00f3 irse voluntariamente, seguramente tendr\u00e1n oferta en la parte privada porque no podr\u00e1n ingresar en ninguna parte del estado provincial porque no quisieron pertenecer al estado, son alrededor de 80 los que decidieron no continuar\u201d.<\/p>\n<p><a href=\"https:\/\/laredlarioja.com.ar\/sitio\/wp-content\/uploads\/2024\/03\/descarga-1.jpg\"><img fetchpriority=\"high\" decoding=\"async\" class=\"alignnone wp-image-42913 size-full\" src=\"https:\/\/laredlarioja.com.ar\/sitio\/wp-content\/uploads\/2024\/03\/descarga-1.jpg\" alt=\"\" width=\"299\" height=\"168\" \/><\/a><\/p>\n<p>En tanto destac\u00f3 que \u201choy tiene un servicio reducido con una frecuencia de 30 minutos y est\u00e1n con una convocatoria de choferes que van a faltar para cubrir y est\u00e1n tomando gente en la administraci\u00f3n P\u00fablica municipal y provincial que se les va a pagar una diferencia\u201d.<\/p>\n<p>Adem\u00e1s, explic\u00f3 la situaci\u00f3n salarial. \u201cSe redujo el salario que ten\u00edan con UTA, no estamos en condiciones de pagar un sueldo que exige UTA, somos la \u00fanica provincia que no est\u00e1 adherido al paro a nivel nacional porque hemos logrado pasar al estado provincial\u201d.<\/p>\n<p>En tanto, inform\u00f3 que \u201clos trabajadores estaban cobrando de bolsillo $540.000 y hoy a un ch\u00f3fer se les ofrece $475.000, es decir que tienen un sueldo de 55 mil pesos menos, pero van a percibir todos los aumentos otorgados por el estado provincial\u201d.<\/p>\n","protected":false},"excerpt":{"rendered":"<p>Luego de la transici\u00f3n de Rioja Bus, la secretaria de Transporte Alcira Brizuela brind\u00f3 detalles de la situaci\u00f3n<\/p>\n","protected":false},"author":7,"featured_media":42914,"comment_status":"closed","ping_status":"open","sticky":false,"template":"","format":"standard","meta":{"footnotes":""},"categories":[24],"tags":[],"class_list":["post-42911","post","type-post","status-publish","format-standard","has-post-thumbnail","hentry","category-informacion-general"],"yoast_head":"<!-- This site is optimized with the Yoast SEO plugin v27.4 - https:\/\/yoast.com\/product\/yoast-seo-wordpress\/ -->\n<title>Rioja Bus contrata nuevos choferes: ofrece un salario de $475.000 m\u00e1s aumentos otorgados por la provincia - LA RED 88.3 LA RIOJA<\/title>\n<meta name=\"robots\" content=\"index, follow, max-snippet:-1, max-image-preview:large, max-video-preview:-1\" \/>\n<link rel=\"canonical\" href=\"https:\/\/laredlarioja.com.ar\/sitio\/rioja-bus-contrata-nuevos-choferes-ofrece-un-salario-de-475-000-mas-aumentos-otorgados-por-la-provincia\/\" \/>\n<meta property=\"og:locale\" content=\"es_ES\" \/>\n<meta property=\"og:type\" content=\"article\" \/>\n<meta property=\"og:title\" content=\"Rioja Bus contrata nuevos choferes: ofrece un salario de $475.000 m\u00e1s aumentos otorgados por la provincia - LA RED 88.3 LA RIOJA\" \/>\n<meta property=\"og:description\" content=\"Luego de la transici\u00f3n de Rioja Bus, la secretaria de Transporte Alcira Brizuela brind\u00f3 detalles de la situaci\u00f3n\" \/>\n<meta property=\"og:url\" content=\"https:\/\/laredlarioja.com.ar\/sitio\/rioja-bus-contrata-nuevos-choferes-ofrece-un-salario-de-475-000-mas-aumentos-otorgados-por-la-provincia\/\" \/>\n<meta property=\"og:site_name\" content=\"LA RED 88.3 LA RIOJA\" \/>\n<meta property=\"article:publisher\" content=\"https:\/\/www.facebook.com\/lared.larioja\" \/>\n<meta property=\"article:published_time\" content=\"2024-03-06T21:39:13+00:00\" \/>\n<meta property=\"article:modified_time\" content=\"2024-09-07T19:26:20+00:00\" \/>\n<meta property=\"og:image\" content=\"https:\/\/laredlarioja.com.ar\/sitio\/wp-content\/uploads\/2024\/03\/196532938-1.jpg\" \/>\n\t<meta property=\"og:image:width\" content=\"791\" \/>\n\t<meta property=\"og:image:height\" content=\"445\" \/>\n\t<meta property=\"og:image:type\" content=\"image\/jpeg\" \/>\n<meta name=\"author\" content=\"Anabella Soria\" \/>\n<meta name=\"twitter:card\" content=\"summary_large_image\" \/>\n<meta name=\"twitter:creator\" content=\"@laredlarioja1\" \/>\n<meta name=\"twitter:site\" content=\"@laredlarioja1\" \/>\n<meta name=\"twitter:label1\" content=\"Escrito por\" \/>\n\t<meta name=\"twitter:data1\" content=\"Anabella Soria\" \/>\n\t<meta name=\"twitter:label2\" content=\"Tiempo de lectura\" \/>\n\t<meta name=\"twitter:data2\" content=\"1 minuto\" \/>\n<script type=\"application\/ld+json\" class=\"yoast-schema-graph\">{\"@context\":\"https:\\\/\\\/schema.org\",\"@graph\":[{\"@type\":\"Article\",\"@id\":\"https:\\\/\\\/laredlarioja.com.ar\\\/sitio\\\/rioja-bus-contrata-nuevos-choferes-ofrece-un-salario-de-475-000-mas-aumentos-otorgados-por-la-provincia\\\/#article\",\"isPartOf\":{\"@id\":\"https:\\\/\\\/laredlarioja.com.ar\\\/sitio\\\/rioja-bus-contrata-nuevos-choferes-ofrece-un-salario-de-475-000-mas-aumentos-otorgados-por-la-provincia\\\/\"},\"author\":{\"name\":\"Anabella Soria\",\"@id\":\"https:\\\/\\\/laredlarioja.com.ar\\\/sitio\\\/#\\\/schema\\\/person\\\/31f88059d20c5cf06e974fd895aec56e\"},\"headline\":\"Rioja Bus contrata nuevos choferes: ofrece un salario de $475.000 m\u00e1s aumentos otorgados por la provincia\",\"datePublished\":\"2024-03-06T21:39:13+00:00\",\"dateModified\":\"2024-09-07T19:26:20+00:00\",\"mainEntityOfPage\":{\"@id\":\"https:\\\/\\\/laredlarioja.com.ar\\\/sitio\\\/rioja-bus-contrata-nuevos-choferes-ofrece-un-salario-de-475-000-mas-aumentos-otorgados-por-la-provincia\\\/\"},\"wordCount\":307,\"publisher\":{\"@id\":\"https:\\\/\\\/laredlarioja.com.ar\\\/sitio\\\/#organization\"},\"image\":{\"@id\":\"https:\\\/\\\/laredlarioja.com.ar\\\/sitio\\\/rioja-bus-contrata-nuevos-choferes-ofrece-un-salario-de-475-000-mas-aumentos-otorgados-por-la-provincia\\\/#primaryimage\"},\"thumbnailUrl\":\"https:\\\/\\\/laredlarioja.com.ar\\\/sitio\\\/wp-content\\\/uploads\\\/2024\\\/03\\\/196532938-1.jpg\",\"articleSection\":[\"Informaci\u00f3n General\"],\"inLanguage\":\"es\"},{\"@type\":\"WebPage\",\"@id\":\"https:\\\/\\\/laredlarioja.com.ar\\\/sitio\\\/rioja-bus-contrata-nuevos-choferes-ofrece-un-salario-de-475-000-mas-aumentos-otorgados-por-la-provincia\\\/\",\"url\":\"https:\\\/\\\/laredlarioja.com.ar\\\/sitio\\\/rioja-bus-contrata-nuevos-choferes-ofrece-un-salario-de-475-000-mas-aumentos-otorgados-por-la-provincia\\\/\",\"name\":\"Rioja Bus contrata nuevos choferes: ofrece un salario de $475.000 m\u00e1s aumentos otorgados por la provincia - LA RED 88.3 LA RIOJA\",\"isPartOf\":{\"@id\":\"https:\\\/\\\/laredlarioja.com.ar\\\/sitio\\\/#website\"},\"primaryImageOfPage\":{\"@id\":\"https:\\\/\\\/laredlarioja.com.ar\\\/sitio\\\/rioja-bus-contrata-nuevos-choferes-ofrece-un-salario-de-475-000-mas-aumentos-otorgados-por-la-provincia\\\/#primaryimage\"},\"image\":{\"@id\":\"https:\\\/\\\/laredlarioja.com.ar\\\/sitio\\\/rioja-bus-contrata-nuevos-choferes-ofrece-un-salario-de-475-000-mas-aumentos-otorgados-por-la-provincia\\\/#primaryimage\"},\"thumbnailUrl\":\"https:\\\/\\\/laredlarioja.com.ar\\\/sitio\\\/wp-content\\\/uploads\\\/2024\\\/03\\\/196532938-1.jpg\",\"datePublished\":\"2024-03-06T21:39:13+00:00\",\"dateModified\":\"2024-09-07T19:26:20+00:00\",\"breadcrumb\":{\"@id\":\"https:\\\/\\\/laredlarioja.com.ar\\\/sitio\\\/rioja-bus-contrata-nuevos-choferes-ofrece-un-salario-de-475-000-mas-aumentos-otorgados-por-la-provincia\\\/#breadcrumb\"},\"inLanguage\":\"es\",\"potentialAction\":[{\"@type\":\"ReadAction\",\"target\":[\"https:\\\/\\\/laredlarioja.com.ar\\\/sitio\\\/rioja-bus-contrata-nuevos-choferes-ofrece-un-salario-de-475-000-mas-aumentos-otorgados-por-la-provincia\\\/\"]}]},{\"@type\":\"ImageObject\",\"inLanguage\":\"es\",\"@id\":\"https:\\\/\\\/laredlarioja.com.ar\\\/sitio\\\/rioja-bus-contrata-nuevos-choferes-ofrece-un-salario-de-475-000-mas-aumentos-otorgados-por-la-provincia\\\/#primaryimage\",\"url\":\"https:\\\/\\\/laredlarioja.com.ar\\\/sitio\\\/wp-content\\\/uploads\\\/2024\\\/03\\\/196532938-1.jpg\",\"contentUrl\":\"https:\\\/\\\/laredlarioja.com.ar\\\/sitio\\\/wp-content\\\/uploads\\\/2024\\\/03\\\/196532938-1.jpg\",\"width\":791,\"height\":445},{\"@type\":\"BreadcrumbList\",\"@id\":\"https:\\\/\\\/laredlarioja.com.ar\\\/sitio\\\/rioja-bus-contrata-nuevos-choferes-ofrece-un-salario-de-475-000-mas-aumentos-otorgados-por-la-provincia\\\/#breadcrumb\",\"itemListElement\":[{\"@type\":\"ListItem\",\"position\":1,\"name\":\"Portada\",\"item\":\"https:\\\/\\\/laredlarioja.com.ar\\\/sitio\\\/\"},{\"@type\":\"ListItem\",\"position\":2,\"name\":\"Rioja Bus contrata nuevos choferes: ofrece un salario de $475.000 m\u00e1s aumentos otorgados por la provincia\"}]},{\"@type\":\"WebSite\",\"@id\":\"https:\\\/\\\/laredlarioja.com.ar\\\/sitio\\\/#website\",\"url\":\"https:\\\/\\\/laredlarioja.com.ar\\\/sitio\\\/\",\"name\":\"LA RED 88.3 LA RIOJA\",\"description\":\"Sitio de Noticias\",\"publisher\":{\"@id\":\"https:\\\/\\\/laredlarioja.com.ar\\\/sitio\\\/#organization\"},\"potentialAction\":[{\"@type\":\"SearchAction\",\"target\":{\"@type\":\"EntryPoint\",\"urlTemplate\":\"https:\\\/\\\/laredlarioja.com.ar\\\/sitio\\\/?s={search_term_string}\"},\"query-input\":{\"@type\":\"PropertyValueSpecification\",\"valueRequired\":true,\"valueName\":\"search_term_string\"}}],\"inLanguage\":\"es\"},{\"@type\":\"Organization\",\"@id\":\"https:\\\/\\\/laredlarioja.com.ar\\\/sitio\\\/#organization\",\"name\":\"LA RED 88.3 LA RIOJA\",\"url\":\"https:\\\/\\\/laredlarioja.com.ar\\\/sitio\\\/\",\"logo\":{\"@type\":\"ImageObject\",\"inLanguage\":\"es\",\"@id\":\"https:\\\/\\\/laredlarioja.com.ar\\\/sitio\\\/#\\\/schema\\\/logo\\\/image\\\/\",\"url\":\"https:\\\/\\\/laredlarioja.com.ar\\\/sitio\\\/wp-content\\\/uploads\\\/2025\\\/05\\\/LOGO-LA-RED.png\",\"contentUrl\":\"https:\\\/\\\/laredlarioja.com.ar\\\/sitio\\\/wp-content\\\/uploads\\\/2025\\\/05\\\/LOGO-LA-RED.png\",\"width\":193,\"height\":340,\"caption\":\"LA RED 88.3 LA RIOJA\"},\"image\":{\"@id\":\"https:\\\/\\\/laredlarioja.com.ar\\\/sitio\\\/#\\\/schema\\\/logo\\\/image\\\/\"},\"sameAs\":[\"https:\\\/\\\/www.facebook.com\\\/lared.larioja\",\"https:\\\/\\\/x.com\\\/laredlarioja1\",\"https:\\\/\\\/www.instagram.com\\\/lared_larioja\\\/\"]},{\"@type\":\"Person\",\"@id\":\"https:\\\/\\\/laredlarioja.com.ar\\\/sitio\\\/#\\\/schema\\\/person\\\/31f88059d20c5cf06e974fd895aec56e\",\"name\":\"Anabella Soria\",\"url\":\"https:\\\/\\\/laredlarioja.com.ar\\\/sitio\\\/author\\\/asoria\\\/\"}]}<\/script>\n<!-- \/ Yoast SEO plugin. -->","yoast_head_json":{"title":"Rioja Bus contrata nuevos choferes: ofrece un salario de $475.000 m\u00e1s aumentos otorgados por la provincia - LA RED 88.3 LA RIOJA","robots":{"index":"index","follow":"follow","max-snippet":"max-snippet:-1","max-image-preview":"max-image-preview:large","max-video-preview":"max-video-preview:-1"},"canonical":"https:\/\/laredlarioja.com.ar\/sitio\/rioja-bus-contrata-nuevos-choferes-ofrece-un-salario-de-475-000-mas-aumentos-otorgados-por-la-provincia\/","og_locale":"es_ES","og_type":"article","og_title":"Rioja Bus contrata nuevos choferes: ofrece un salario de $475.000 m\u00e1s aumentos otorgados por la provincia - LA RED 88.3 LA RIOJA","og_description":"Luego de la transici\u00f3n de Rioja Bus, la secretaria de Transporte Alcira Brizuela brind\u00f3 detalles de la situaci\u00f3n","og_url":"https:\/\/laredlarioja.com.ar\/sitio\/rioja-bus-contrata-nuevos-choferes-ofrece-un-salario-de-475-000-mas-aumentos-otorgados-por-la-provincia\/","og_site_name":"LA RED 88.3 LA RIOJA","article_publisher":"https:\/\/www.facebook.com\/lared.larioja","article_published_time":"2024-03-06T21:39:13+00:00","article_modified_time":"2024-09-07T19:26:20+00:00","og_image":[{"width":791,"height":445,"url":"https:\/\/laredlarioja.com.ar\/sitio\/wp-content\/uploads\/2024\/03\/196532938-1.jpg","type":"image\/jpeg"}],"author":"Anabella Soria","twitter_card":"summary_large_image","twitter_creator":"@laredlarioja1","twitter_site":"@laredlarioja1","twitter_misc":{"Escrito por":"Anabella Soria","Tiempo de lectura":"1 minuto"},"schema":{"@context":"https:\/\/schema.org","@graph":[{"@type":"Article","@id":"https:\/\/laredlarioja.com.ar\/sitio\/rioja-bus-contrata-nuevos-choferes-ofrece-un-salario-de-475-000-mas-aumentos-otorgados-por-la-provincia\/#article","isPartOf":{"@id":"https:\/\/laredlarioja.com.ar\/sitio\/rioja-bus-contrata-nuevos-choferes-ofrece-un-salario-de-475-000-mas-aumentos-otorgados-por-la-provincia\/"},"author":{"name":"Anabella Soria","@id":"https:\/\/laredlarioja.com.ar\/sitio\/#\/schema\/person\/31f88059d20c5cf06e974fd895aec56e"},"headline":"Rioja Bus contrata nuevos choferes: ofrece un salario de $475.000 m\u00e1s aumentos otorgados por la provincia","datePublished":"2024-03-06T21:39:13+00:00","dateModified":"2024-09-07T19:26:20+00:00","mainEntityOfPage":{"@id":"https:\/\/laredlarioja.com.ar\/sitio\/rioja-bus-contrata-nuevos-choferes-ofrece-un-salario-de-475-000-mas-aumentos-otorgados-por-la-provincia\/"},"wordCount":307,"publisher":{"@id":"https:\/\/laredlarioja.com.ar\/sitio\/#organization"},"image":{"@id":"https:\/\/laredlarioja.com.ar\/sitio\/rioja-bus-contrata-nuevos-choferes-ofrece-un-salario-de-475-000-mas-aumentos-otorgados-por-la-provincia\/#primaryimage"},"thumbnailUrl":"https:\/\/laredlarioja.com.ar\/sitio\/wp-content\/uploads\/2024\/03\/196532938-1.jpg","articleSection":["Informaci\u00f3n General"],"inLanguage":"es"},{"@type":"WebPage","@id":"https:\/\/laredlarioja.com.ar\/sitio\/rioja-bus-contrata-nuevos-choferes-ofrece-un-salario-de-475-000-mas-aumentos-otorgados-por-la-provincia\/","url":"https:\/\/laredlarioja.com.ar\/sitio\/rioja-bus-contrata-nuevos-choferes-ofrece-un-salario-de-475-000-mas-aumentos-otorgados-por-la-provincia\/","name":"Rioja Bus contrata nuevos choferes: ofrece un salario de $475.000 m\u00e1s aumentos otorgados por la provincia - LA RED 88.3 LA RIOJA","isPartOf":{"@id":"https:\/\/laredlarioja.com.ar\/sitio\/#website"},"primaryImageOfPage":{"@id":"https:\/\/laredlarioja.com.ar\/sitio\/rioja-bus-contrata-nuevos-choferes-ofrece-un-salario-de-475-000-mas-aumentos-otorgados-por-la-provincia\/#primaryimage"},"image":{"@id":"https:\/\/laredlarioja.com.ar\/sitio\/rioja-bus-contrata-nuevos-choferes-ofrece-un-salario-de-475-000-mas-aumentos-otorgados-por-la-provincia\/#primaryimage"},"thumbnailUrl":"https:\/\/laredlarioja.com.ar\/sitio\/wp-content\/uploads\/2024\/03\/196532938-1.jpg","datePublished":"2024-03-06T21:39:13+00:00","dateModified":"2024-09-07T19:26:20+00:00","breadcrumb":{"@id":"https:\/\/laredlarioja.com.ar\/sitio\/rioja-bus-contrata-nuevos-choferes-ofrece-un-salario-de-475-000-mas-aumentos-otorgados-por-la-provincia\/#breadcrumb"},"inLanguage":"es","potentialAction":[{"@type":"ReadAction","target":["https:\/\/laredlarioja.com.ar\/sitio\/rioja-bus-contrata-nuevos-choferes-ofrece-un-salario-de-475-000-mas-aumentos-otorgados-por-la-provincia\/"]}]},{"@type":"ImageObject","inLanguage":"es","@id":"https:\/\/laredlarioja.com.ar\/sitio\/rioja-bus-contrata-nuevos-choferes-ofrece-un-salario-de-475-000-mas-aumentos-otorgados-por-la-provincia\/#primaryimage","url":"https:\/\/laredlarioja.com.ar\/sitio\/wp-content\/uploads\/2024\/03\/196532938-1.jpg","contentUrl":"https:\/\/laredlarioja.com.ar\/sitio\/wp-content\/uploads\/2024\/03\/196532938-1.jpg","width":791,"height":445},{"@type":"BreadcrumbList","@id":"https:\/\/laredlarioja.com.ar\/sitio\/rioja-bus-contrata-nuevos-choferes-ofrece-un-salario-de-475-000-mas-aumentos-otorgados-por-la-provincia\/#breadcrumb","itemListElement":[{"@type":"ListItem","position":1,"name":"Portada","item":"https:\/\/laredlarioja.com.ar\/sitio\/"},{"@type":"ListItem","position":2,"name":"Rioja Bus contrata nuevos choferes: ofrece un salario de $475.000 m\u00e1s aumentos otorgados por la provincia"}]},{"@type":"WebSite","@id":"https:\/\/laredlarioja.com.ar\/sitio\/#website","url":"https:\/\/laredlarioja.com.ar\/sitio\/","name":"LA RED 88.3 LA RIOJA","description":"Sitio de Noticias","publisher":{"@id":"https:\/\/laredlarioja.com.ar\/sitio\/#organization"},"potentialAction":[{"@type":"SearchAction","target":{"@type":"EntryPoint","urlTemplate":"https:\/\/laredlarioja.com.ar\/sitio\/?s={search_term_string}"},"query-input":{"@type":"PropertyValueSpecification","valueRequired":true,"valueName":"search_term_string"}}],"inLanguage":"es"},{"@type":"Organization","@id":"https:\/\/laredlarioja.com.ar\/sitio\/#organization","name":"LA RED 88.3 LA RIOJA","url":"https:\/\/laredlarioja.com.ar\/sitio\/","logo":{"@type":"ImageObject","inLanguage":"es","@id":"https:\/\/laredlarioja.com.ar\/sitio\/#\/schema\/logo\/image\/","url":"https:\/\/laredlarioja.com.ar\/sitio\/wp-content\/uploads\/2025\/05\/LOGO-LA-RED.png","contentUrl":"https:\/\/laredlarioja.com.ar\/sitio\/wp-content\/uploads\/2025\/05\/LOGO-LA-RED.png","width":193,"height":340,"caption":"LA RED 88.3 LA RIOJA"},"image":{"@id":"https:\/\/laredlarioja.com.ar\/sitio\/#\/schema\/logo\/image\/"},"sameAs":["https:\/\/www.facebook.com\/lared.larioja","https:\/\/x.com\/laredlarioja1","https:\/\/www.instagram.com\/lared_larioja\/"]},{"@type":"Person","@id":"https:\/\/laredlarioja.com.ar\/sitio\/#\/schema\/person\/31f88059d20c5cf06e974fd895aec56e","name":"Anabella Soria","url":"https:\/\/laredlarioja.com.ar\/sitio\/author\/asoria\/"}]}},"featured_image_urls":{"full":["https:\/\/laredlarioja.com.ar\/sitio\/wp-content\/uploads\/2024\/03\/196532938-1.jpg",791,445,false],"thumbnail":["https:\/\/laredlarioja.com.ar\/sitio\/wp-content\/uploads\/2024\/03\/196532938-1-150x150.jpg",150,150,true],"medium":["https:\/\/laredlarioja.com.ar\/sitio\/wp-content\/uploads\/2024\/03\/196532938-1-300x169.jpg",300,169,true],"medium_large":["https:\/\/laredlarioja.com.ar\/sitio\/wp-content\/uploads\/2024\/03\/196532938-1-768x432.jpg",640,360,true],"large":["https:\/\/laredlarioja.com.ar\/sitio\/wp-content\/uploads\/2024\/03\/196532938-1.jpg",640,360,false],"1536x1536":["https:\/\/laredlarioja.com.ar\/sitio\/wp-content\/uploads\/2024\/03\/196532938-1.jpg",791,445,false],"2048x2048":["https:\/\/laredlarioja.com.ar\/sitio\/wp-content\/uploads\/2024\/03\/196532938-1.jpg",791,445,false],"cvmm-medium":["https:\/\/laredlarioja.com.ar\/sitio\/wp-content\/uploads\/2024\/03\/196532938-1-300x300.jpg",300,300,true],"cvmm-medium-plus":["https:\/\/laredlarioja.com.ar\/sitio\/wp-content\/uploads\/2024\/03\/196532938-1-305x207.jpg",305,207,true],"cvmm-portrait":["https:\/\/laredlarioja.com.ar\/sitio\/wp-content\/uploads\/2024\/03\/196532938-1-400x445.jpg",400,445,true],"cvmm-medium-square":["https:\/\/laredlarioja.com.ar\/sitio\/wp-content\/uploads\/2024\/03\/196532938-1-600x445.jpg",600,445,true],"cvmm-large":["https:\/\/laredlarioja.com.ar\/sitio\/wp-content\/uploads\/2024\/03\/196532938-1.jpg",791,445,false],"cvmm-small":["https:\/\/laredlarioja.com.ar\/sitio\/wp-content\/uploads\/2024\/03\/196532938-1-130x95.jpg",130,95,true],"morenews-large":["https:\/\/laredlarioja.com.ar\/sitio\/wp-content\/uploads\/2024\/03\/196532938-1.jpg",791,445,false],"morenews-medium":["https:\/\/laredlarioja.com.ar\/sitio\/wp-content\/uploads\/2024\/03\/196532938-1-590x410.jpg",590,410,true]},"author_info":{"display_name":"Anabella Soria","author_link":"https:\/\/laredlarioja.com.ar\/sitio\/author\/asoria\/"},"category_info":"<a href=\"https:\/\/laredlarioja.com.ar\/sitio\/categorias\/informacion-general\/\" rel=\"category tag\">Informaci\u00f3n General<\/a>","tag_info":"Informaci\u00f3n General","comment_count":"0","blog_post_layout_featured_media_urls":{"thumbnail":["https:\/\/laredlarioja.com.ar\/sitio\/wp-content\/uploads\/2024\/03\/196532938-1-150x150.jpg",150,150,true],"full":["https:\/\/laredlarioja.com.ar\/sitio\/wp-content\/uploads\/2024\/03\/196532938-1.jpg",791,445,false]},"categories_names":{"24":{"name":"Informaci\u00f3n General","link":"https:\/\/laredlarioja.com.ar\/sitio\/categorias\/informacion-general\/"}},"tags_names":[],"comments_number":"0","wpmagazine_modules_lite_featured_media_urls":{"thumbnail":["https:\/\/laredlarioja.com.ar\/sitio\/wp-content\/uploads\/2024\/03\/196532938-1-150x150.jpg",150,150,true],"cvmm-medium":["https:\/\/laredlarioja.com.ar\/sitio\/wp-content\/uploads\/2024\/03\/196532938-1-300x300.jpg",300,300,true],"cvmm-medium-plus":["https:\/\/laredlarioja.com.ar\/sitio\/wp-content\/uploads\/2024\/03\/196532938-1-305x207.jpg",305,207,true],"cvmm-portrait":["https:\/\/laredlarioja.com.ar\/sitio\/wp-content\/uploads\/2024\/03\/196532938-1-400x445.jpg",400,445,true],"cvmm-medium-square":["https:\/\/laredlarioja.com.ar\/sitio\/wp-content\/uploads\/2024\/03\/196532938-1-600x445.jpg",600,445,true],"cvmm-large":["https:\/\/laredlarioja.com.ar\/sitio\/wp-content\/uploads\/2024\/03\/196532938-1.jpg",791,445,false],"cvmm-small":["https:\/\/laredlarioja.com.ar\/sitio\/wp-content\/uploads\/2024\/03\/196532938-1-130x95.jpg",130,95,true],"full":["https:\/\/laredlarioja.com.ar\/sitio\/wp-content\/uploads\/2024\/03\/196532938-1.jpg",791,445,false]},"_links":{"self":[{"href":"https:\/\/laredlarioja.com.ar\/sitio\/wp-json\/wp\/v2\/posts\/42911","targetHints":{"allow":["GET"]}}],"collection":[{"href":"https:\/\/laredlarioja.com.ar\/sitio\/wp-json\/wp\/v2\/posts"}],"about":[{"href":"https:\/\/laredlarioja.com.ar\/sitio\/wp-json\/wp\/v2\/types\/post"}],"author":[{"embeddable":true,"href":"https:\/\/laredlarioja.com.ar\/sitio\/wp-json\/wp\/v2\/users\/7"}],"replies":[{"embeddable":true,"href":"https:\/\/laredlarioja.com.ar\/sitio\/wp-json\/wp\/v2\/comments?post=42911"}],"version-history":[{"count":3,"href":"https:\/\/laredlarioja.com.ar\/sitio\/wp-json\/wp\/v2\/posts\/42911\/revisions"}],"predecessor-version":[{"id":42916,"href":"https:\/\/laredlarioja.com.ar\/sitio\/wp-json\/wp\/v2\/posts\/42911\/revisions\/42916"}],"wp:featuredmedia":[{"embeddable":true,"href":"https:\/\/laredlarioja.com.ar\/sitio\/wp-json\/wp\/v2\/media\/42914"}],"wp:attachment":[{"href":"https:\/\/laredlarioja.com.ar\/sitio\/wp-json\/wp\/v2\/media?parent=42911"}],"wp:term":[{"taxonomy":"category","embeddable":true,"href":"https:\/\/laredlarioja.com.ar\/sitio\/wp-json\/wp\/v2\/categories?post=42911"},{"taxonomy":"post_tag","embeddable":true,"href":"https:\/\/laredlarioja.com.ar\/sitio\/wp-json\/wp\/v2\/tags?post=42911"}],"curies":[{"name":"wp","href":"https:\/\/api.w.org\/{rel}","templated":true}]}}