{"id":43132,"date":"2024-03-13T14:06:56","date_gmt":"2024-03-13T14:06:56","guid":{"rendered":"https:\/\/laredlarioja.com.ar\/sitio\/?p=43132"},"modified":"2024-03-13T14:06:56","modified_gmt":"2024-03-13T14:06:56","slug":"la-rioja-en-semana-santa-talampaya-y-experiencias-para-descubrir-camino-a-la-cordillera-de-los-andes","status":"publish","type":"post","link":"https:\/\/laredlarioja.com.ar\/sitio\/la-rioja-en-semana-santa-talampaya-y-experiencias-para-descubrir-camino-a-la-cordillera-de-los-andes\/","title":{"rendered":"La Rioja en Semana Santa: Talampaya y experiencias para descubrir camino a la Cordillera de Los Andes"},"content":{"rendered":"<p>Un viaje que te sorprender\u00e1 con itinerarios, experiencias, paseos, excursiones, que colmaran tu viaje a La Rioja de emociones, de momentos, de postales \u00fanicas. Sintiendo la tranquilidad y el placer de respirar aire puro en cada lugar, admirando y dej\u00e1ndose cautivar por los tonos rojizos y ocres del paisaje, enmarcados por cerros y monta\u00f1as al alcance de la mano\u2026<\/p>\n<h2><strong>Parque Nacional Talampaya, en Gral. Felipe Varela<\/strong><\/h2>\n<p>Declarado Patrimonio Natural de la Humanidad por la UNESCO y una de las 7 Maravillas Naturales de Argentina. Paredones rojizos se levantan mostrando la inmensa majestuosidad de la naturaleza, en un sitio cargado de historia.<\/p>\n<p>Muros que denotan el paso de los a\u00f1os, geo formas que fueron erosionadas por el viento y el agua que atrapan y transportan a cada visitante a un viaje a donde comenz\u00f3 todo. Lugar m\u00e1gico, para disfrutar del aire libre, rodeado de flora y fauna aut\u00f3ctona.<\/p>\n<p><a href=\"https:\/\/laredlarioja.com.ar\/sitio\/wp-content\/uploads\/2024\/03\/TURISMO-TALAMPAYA.jpg\"><img fetchpriority=\"high\" decoding=\"async\" class=\"alignnone size-full wp-image-43134\" src=\"https:\/\/laredlarioja.com.ar\/sitio\/wp-content\/uploads\/2024\/03\/TURISMO-TALAMPAYA.jpg\" alt=\"\" width=\"1600\" height=\"1066\" srcset=\"https:\/\/laredlarioja.com.ar\/sitio\/wp-content\/uploads\/2024\/03\/TURISMO-TALAMPAYA.jpg 1600w, https:\/\/laredlarioja.com.ar\/sitio\/wp-content\/uploads\/2024\/03\/TURISMO-TALAMPAYA-300x200.jpg 300w, https:\/\/laredlarioja.com.ar\/sitio\/wp-content\/uploads\/2024\/03\/TURISMO-TALAMPAYA-1024x682.jpg 1024w, https:\/\/laredlarioja.com.ar\/sitio\/wp-content\/uploads\/2024\/03\/TURISMO-TALAMPAYA-768x512.jpg 768w, https:\/\/laredlarioja.com.ar\/sitio\/wp-content\/uploads\/2024\/03\/TURISMO-TALAMPAYA-1536x1023.jpg 1536w\" sizes=\"(max-width: 1600px) 100vw, 1600px\" \/><\/a><\/p>\n<p>La modalidad de visita al Parque es a trav\u00e9s de un variado abanico de opciones en excursiones, llevadas a cabo por prestadores habilitados. Se pueden realizar diferentes recorridos tanto al Ca\u00f1\u00f3n de Talampaya y Los Cajones de Shimpa en Overland, adem\u00e1s de la opci\u00f3n de hacer mountain bike hasta la Catedral o en trekking por la Quebrada de Eduardo y hasta un recorrido por el Ca\u00f1\u00f3n de Talampaya nocturno a la luz de la luna. Sin dejar de visitar los maravillosos circuitos de Arco Iris y Ciudad Perdida donde el color es el protagonista.<\/p>\n<p>El Parque se encuentra a 230 km de La Rioja Capital. En temporada de verano (22 septiembre a 30 abril), su horario de atenci\u00f3n es de las 8:30 a 19:30 y en temporada de invierno (1 de mayo a 21 de septiembre) es de 9:00 a 18:30 hs<\/p>\n<p>Saliendo del Parque, tomamos la Ruta Nacional 76 y llegamos a Villa Uni\u00f3n, uno de los polos tur\u00edsticos m\u00e1s importantes de la regi\u00f3n que ofrece una amplia y variada oferta de alojamientos, gastronom\u00eda y agencias de viajes. Su ubicaci\u00f3n es estrat\u00e9gica como punto de partida para conocer toda la zona del Valle del Bermejo. Una excelente opci\u00f3n en cercan\u00eda es visitar el Ca\u00f1\u00f3n del Tri\u00e1sico, presenta una gran diversidad de formaciones geol\u00f3gicas en un marco esc\u00e9nico sin igual. Lugar ideal para traves\u00edas en veh\u00edculos 4\u00d74, visitando sitios destacados por su gran valor esc\u00e9nico y cient\u00edfico a lo largo de 14 km, puede realizarse tanto de d\u00eda como de noche.<\/p>\n<p>La visita puede continuar hacia Vallecito Encantado, un sitio natural que se encuentra sobre RN 40, a 30 km de Villa Uni\u00f3n y a 13 km de Guandacol. Este lugar atrae por su singular belleza, donde se destacan sus geoformas y su ca\u00f1\u00f3n multicolor. Un hermoso paseo, distinto y sencillo de realizar. Es apto para la pr\u00e1ctica del senderismo y trekking.<\/p>\n<p><a href=\"https:\/\/laredlarioja.com.ar\/sitio\/wp-content\/uploads\/2024\/03\/TURISMO.jpg\"><img decoding=\"async\" class=\"alignnone size-full wp-image-43135\" src=\"https:\/\/laredlarioja.com.ar\/sitio\/wp-content\/uploads\/2024\/03\/TURISMO.jpg\" alt=\"\" width=\"1600\" height=\"1066\" srcset=\"https:\/\/laredlarioja.com.ar\/sitio\/wp-content\/uploads\/2024\/03\/TURISMO.jpg 1600w, https:\/\/laredlarioja.com.ar\/sitio\/wp-content\/uploads\/2024\/03\/TURISMO-300x200.jpg 300w, https:\/\/laredlarioja.com.ar\/sitio\/wp-content\/uploads\/2024\/03\/TURISMO-1024x682.jpg 1024w, https:\/\/laredlarioja.com.ar\/sitio\/wp-content\/uploads\/2024\/03\/TURISMO-768x512.jpg 768w, https:\/\/laredlarioja.com.ar\/sitio\/wp-content\/uploads\/2024\/03\/TURISMO-1536x1023.jpg 1536w\" sizes=\"(max-width: 1600px) 100vw, 1600px\" \/><\/a><\/p>\n<p>En este recorrido ascendente por la Ruta Nacional 76 nos encontramos con Gral. Lamadrid, cuyos paisajes cautivan en cada experiencia que entrelaza la cultura y la aventura. Aqu\u00ed se destacan Sitio Arqueol\u00f3gico Cerro El Toro y Fortaleza Cerro El Toro, un sitio arqueol\u00f3gico compuesto de ruinas de viviendas de la cultura Aguada, que habit\u00f3 entre los a\u00f1os 1000 y 1600 d.C. La destacada Fortaleza Cerro El Toro se ubica a 1600 metros en la cima del cerro hom\u00f3nimo. La Fortaleza constituye un sitio de car\u00e1cter defensivo y desde ah\u00ed se observa la vista de casi todo el Valle del Bermejo. La Fortaleza tendr\u00eda la capacidad de albergar a la poblaci\u00f3n que habitaba en la zona baja de los cerros.<\/p>\n<p>Para los amantes del off road, Gral. Lamadrid presenta la Quebrada del Yeso. EL rio seco es punto de referencia para llegar a este incre\u00edble lugar donde sus planos inclinados, escalones y quebradas en V, est\u00e1n \u00edntegramente compuestos en barro erosionado. Diferentes pruebas hacen de este sitio uno de los mejores a la hora de practicar turismo de aventura.<\/p>\n<p>Continuamos viaje y llegamos a Vinchina, para encontrarnos la Reserva Provincial Laguna Brava. Se trata de una reserva natural, designada Sitio Ramsar, creada en 1980 para preservar a las comunidades de vicu\u00f1as y guanacos. Se puede ascender en cualquier tipo de veh\u00edculo pero siempre con gu\u00eda y agencias de viajes autorizada y en su inmensidad contemplar vicu\u00f1as y flamencos rosados, a m\u00e1s de 4200 m.s.n.m., es un para\u00edso semioculto en la Cordillera de los Andes.<\/p>\n<p>Un punto indiscutible en la Cordillera de los Andes por su inmensidad paisajista es El Volcancito, con 9 metros de di\u00e1metro y unos 15 metros de alto, en el interior sus aguas emergen todo el tiempo y gracias a este efecto natural, m\u00e1s los minerales salinos arrastrados durante millones de a\u00f1os, formaron este particular cono. Para llegar se transita por la Ruta Nacional 76 pasando Laguna Brava, Pampa del Veladero, Barrancas Blancas, y a unos 15 kil\u00f3metros antes del l\u00edmite internacional, se divisa el r\u00edo blanco. Aqu\u00ed es donde una huella en modalidad offroad y guiado por especialistas, nos llevar\u00e1 por un extenso valle hasta el Volcancito.<\/p>\n<p>El punto culmine del recorrido es el arribo al Cr\u00e1ter Corona Del Inca, con un di\u00e1metro de 5 km de di\u00e1metro y ubicado en plena cordillera riojana a 5430 msnm, el Cr\u00e1ter posee el t\u00edtulo de ser el lago navegable m\u00e1s alto del mundo apto para navegar en canoa y bucear, con 2 km de largo y 1 km de ancho. Se trata de un lugar clave para quienes difrutan del turismo aventura en veh\u00edculos 4&#215;4. Se accede al mismo luego de trasponer Laguna Brava por el arroyo Veladero, el Campo de Burritos Muertos, el r\u00edo del Medio y garganta del indio Piyu, llegando a los pies del Monte Pissis casi en el l\u00edmite con Chile y Catamarca.<\/p>\n<p>Las visitas se realizan con agencias de viajes y gu\u00edas habilitados y especializados que cuentan con el equipamiento necesario, asistencia log\u00edstica, provisi\u00f3n de ox\u00edgeno, alimentaci\u00f3n de alta monta\u00f1a y equipos de rescate.<\/p>\n","protected":false},"excerpt":{"rendered":"<p>Un viaje que te sorprender\u00e1 con itinerarios, experiencias, paseos, excursiones, que colmaran tu viaje a La Rioja de<\/p>\n","protected":false},"author":10,"featured_media":43133,"comment_status":"closed","ping_status":"open","sticky":false,"template":"","format":"standard","meta":{"footnotes":""},"categories":[94],"tags":[],"class_list":["post-43132","post","type-post","status-publish","format-standard","has-post-thumbnail","hentry","category-locales"],"yoast_head":"<!-- This site is optimized with the Yoast SEO plugin v27.4 - https:\/\/yoast.com\/product\/yoast-seo-wordpress\/ -->\n<title>La Rioja en Semana Santa: Talampaya y experiencias para descubrir camino a la Cordillera de Los Andes - LA RED 88.3 LA RIOJA<\/title>\n<meta name=\"robots\" content=\"index, follow, max-snippet:-1, max-image-preview:large, max-video-preview:-1\" \/>\n<link rel=\"canonical\" href=\"https:\/\/laredlarioja.com.ar\/sitio\/la-rioja-en-semana-santa-talampaya-y-experiencias-para-descubrir-camino-a-la-cordillera-de-los-andes\/\" \/>\n<meta property=\"og:locale\" content=\"es_ES\" \/>\n<meta property=\"og:type\" content=\"article\" \/>\n<meta property=\"og:title\" content=\"La Rioja en Semana Santa: Talampaya y experiencias para descubrir camino a la Cordillera de Los Andes - LA RED 88.3 LA RIOJA\" \/>\n<meta property=\"og:description\" content=\"Un viaje que te sorprender\u00e1 con itinerarios, experiencias, paseos, excursiones, que colmaran tu viaje a La Rioja de\" \/>\n<meta property=\"og:url\" content=\"https:\/\/laredlarioja.com.ar\/sitio\/la-rioja-en-semana-santa-talampaya-y-experiencias-para-descubrir-camino-a-la-cordillera-de-los-andes\/\" \/>\n<meta property=\"og:site_name\" content=\"LA RED 88.3 LA RIOJA\" \/>\n<meta property=\"article:publisher\" content=\"https:\/\/www.facebook.com\/lared.larioja\" \/>\n<meta property=\"article:published_time\" content=\"2024-03-13T14:06:56+00:00\" \/>\n<meta property=\"og:image\" content=\"https:\/\/laredlarioja.com.ar\/sitio\/wp-content\/uploads\/2024\/03\/talampaya.jpg\" \/>\n\t<meta property=\"og:image:width\" content=\"1347\" \/>\n\t<meta property=\"og:image:height\" content=\"839\" \/>\n\t<meta property=\"og:image:type\" content=\"image\/jpeg\" \/>\n<meta name=\"author\" content=\"La Red\" \/>\n<meta name=\"twitter:card\" content=\"summary_large_image\" \/>\n<meta name=\"twitter:creator\" content=\"@laredlarioja1\" \/>\n<meta name=\"twitter:site\" content=\"@laredlarioja1\" \/>\n<meta name=\"twitter:label1\" content=\"Escrito por\" \/>\n\t<meta name=\"twitter:data1\" content=\"La Red\" \/>\n\t<meta name=\"twitter:label2\" content=\"Tiempo de lectura\" \/>\n\t<meta name=\"twitter:data2\" content=\"5 minutos\" \/>\n<script type=\"application\/ld+json\" class=\"yoast-schema-graph\">{\"@context\":\"https:\\\/\\\/schema.org\",\"@graph\":[{\"@type\":\"Article\",\"@id\":\"https:\\\/\\\/laredlarioja.com.ar\\\/sitio\\\/la-rioja-en-semana-santa-talampaya-y-experiencias-para-descubrir-camino-a-la-cordillera-de-los-andes\\\/#article\",\"isPartOf\":{\"@id\":\"https:\\\/\\\/laredlarioja.com.ar\\\/sitio\\\/la-rioja-en-semana-santa-talampaya-y-experiencias-para-descubrir-camino-a-la-cordillera-de-los-andes\\\/\"},\"author\":{\"name\":\"La Red\",\"@id\":\"https:\\\/\\\/laredlarioja.com.ar\\\/sitio\\\/#\\\/schema\\\/person\\\/f1e213867beccedaaa4fb548d9259d9a\"},\"headline\":\"La Rioja en Semana Santa: Talampaya y experiencias para descubrir camino a la Cordillera de Los Andes\",\"datePublished\":\"2024-03-13T14:06:56+00:00\",\"mainEntityOfPage\":{\"@id\":\"https:\\\/\\\/laredlarioja.com.ar\\\/sitio\\\/la-rioja-en-semana-santa-talampaya-y-experiencias-para-descubrir-camino-a-la-cordillera-de-los-andes\\\/\"},\"wordCount\":1028,\"publisher\":{\"@id\":\"https:\\\/\\\/laredlarioja.com.ar\\\/sitio\\\/#organization\"},\"image\":{\"@id\":\"https:\\\/\\\/laredlarioja.com.ar\\\/sitio\\\/la-rioja-en-semana-santa-talampaya-y-experiencias-para-descubrir-camino-a-la-cordillera-de-los-andes\\\/#primaryimage\"},\"thumbnailUrl\":\"https:\\\/\\\/laredlarioja.com.ar\\\/sitio\\\/wp-content\\\/uploads\\\/2024\\\/03\\\/talampaya.jpg\",\"articleSection\":[\"Locales\"],\"inLanguage\":\"es\"},{\"@type\":\"WebPage\",\"@id\":\"https:\\\/\\\/laredlarioja.com.ar\\\/sitio\\\/la-rioja-en-semana-santa-talampaya-y-experiencias-para-descubrir-camino-a-la-cordillera-de-los-andes\\\/\",\"url\":\"https:\\\/\\\/laredlarioja.com.ar\\\/sitio\\\/la-rioja-en-semana-santa-talampaya-y-experiencias-para-descubrir-camino-a-la-cordillera-de-los-andes\\\/\",\"name\":\"La Rioja en Semana Santa: Talampaya y experiencias para descubrir camino a la Cordillera de Los Andes - LA RED 88.3 LA RIOJA\",\"isPartOf\":{\"@id\":\"https:\\\/\\\/laredlarioja.com.ar\\\/sitio\\\/#website\"},\"primaryImageOfPage\":{\"@id\":\"https:\\\/\\\/laredlarioja.com.ar\\\/sitio\\\/la-rioja-en-semana-santa-talampaya-y-experiencias-para-descubrir-camino-a-la-cordillera-de-los-andes\\\/#primaryimage\"},\"image\":{\"@id\":\"https:\\\/\\\/laredlarioja.com.ar\\\/sitio\\\/la-rioja-en-semana-santa-talampaya-y-experiencias-para-descubrir-camino-a-la-cordillera-de-los-andes\\\/#primaryimage\"},\"thumbnailUrl\":\"https:\\\/\\\/laredlarioja.com.ar\\\/sitio\\\/wp-content\\\/uploads\\\/2024\\\/03\\\/talampaya.jpg\",\"datePublished\":\"2024-03-13T14:06:56+00:00\",\"breadcrumb\":{\"@id\":\"https:\\\/\\\/laredlarioja.com.ar\\\/sitio\\\/la-rioja-en-semana-santa-talampaya-y-experiencias-para-descubrir-camino-a-la-cordillera-de-los-andes\\\/#breadcrumb\"},\"inLanguage\":\"es\",\"potentialAction\":[{\"@type\":\"ReadAction\",\"target\":[\"https:\\\/\\\/laredlarioja.com.ar\\\/sitio\\\/la-rioja-en-semana-santa-talampaya-y-experiencias-para-descubrir-camino-a-la-cordillera-de-los-andes\\\/\"]}]},{\"@type\":\"ImageObject\",\"inLanguage\":\"es\",\"@id\":\"https:\\\/\\\/laredlarioja.com.ar\\\/sitio\\\/la-rioja-en-semana-santa-talampaya-y-experiencias-para-descubrir-camino-a-la-cordillera-de-los-andes\\\/#primaryimage\",\"url\":\"https:\\\/\\\/laredlarioja.com.ar\\\/sitio\\\/wp-content\\\/uploads\\\/2024\\\/03\\\/talampaya.jpg\",\"contentUrl\":\"https:\\\/\\\/laredlarioja.com.ar\\\/sitio\\\/wp-content\\\/uploads\\\/2024\\\/03\\\/talampaya.jpg\",\"width\":1347,\"height\":839},{\"@type\":\"BreadcrumbList\",\"@id\":\"https:\\\/\\\/laredlarioja.com.ar\\\/sitio\\\/la-rioja-en-semana-santa-talampaya-y-experiencias-para-descubrir-camino-a-la-cordillera-de-los-andes\\\/#breadcrumb\",\"itemListElement\":[{\"@type\":\"ListItem\",\"position\":1,\"name\":\"Portada\",\"item\":\"https:\\\/\\\/laredlarioja.com.ar\\\/sitio\\\/\"},{\"@type\":\"ListItem\",\"position\":2,\"name\":\"La Rioja en Semana Santa: Talampaya y experiencias para descubrir camino a la Cordillera de Los Andes\"}]},{\"@type\":\"WebSite\",\"@id\":\"https:\\\/\\\/laredlarioja.com.ar\\\/sitio\\\/#website\",\"url\":\"https:\\\/\\\/laredlarioja.com.ar\\\/sitio\\\/\",\"name\":\"LA RED 88.3 LA RIOJA\",\"description\":\"Sitio de Noticias\",\"publisher\":{\"@id\":\"https:\\\/\\\/laredlarioja.com.ar\\\/sitio\\\/#organization\"},\"potentialAction\":[{\"@type\":\"SearchAction\",\"target\":{\"@type\":\"EntryPoint\",\"urlTemplate\":\"https:\\\/\\\/laredlarioja.com.ar\\\/sitio\\\/?s={search_term_string}\"},\"query-input\":{\"@type\":\"PropertyValueSpecification\",\"valueRequired\":true,\"valueName\":\"search_term_string\"}}],\"inLanguage\":\"es\"},{\"@type\":\"Organization\",\"@id\":\"https:\\\/\\\/laredlarioja.com.ar\\\/sitio\\\/#organization\",\"name\":\"LA RED 88.3 LA RIOJA\",\"url\":\"https:\\\/\\\/laredlarioja.com.ar\\\/sitio\\\/\",\"logo\":{\"@type\":\"ImageObject\",\"inLanguage\":\"es\",\"@id\":\"https:\\\/\\\/laredlarioja.com.ar\\\/sitio\\\/#\\\/schema\\\/logo\\\/image\\\/\",\"url\":\"https:\\\/\\\/laredlarioja.com.ar\\\/sitio\\\/wp-content\\\/uploads\\\/2025\\\/05\\\/LOGO-LA-RED.png\",\"contentUrl\":\"https:\\\/\\\/laredlarioja.com.ar\\\/sitio\\\/wp-content\\\/uploads\\\/2025\\\/05\\\/LOGO-LA-RED.png\",\"width\":193,\"height\":340,\"caption\":\"LA RED 88.3 LA RIOJA\"},\"image\":{\"@id\":\"https:\\\/\\\/laredlarioja.com.ar\\\/sitio\\\/#\\\/schema\\\/logo\\\/image\\\/\"},\"sameAs\":[\"https:\\\/\\\/www.facebook.com\\\/lared.larioja\",\"https:\\\/\\\/x.com\\\/laredlarioja1\",\"https:\\\/\\\/www.instagram.com\\\/lared_larioja\\\/\"]},{\"@type\":\"Person\",\"@id\":\"https:\\\/\\\/laredlarioja.com.ar\\\/sitio\\\/#\\\/schema\\\/person\\\/f1e213867beccedaaa4fb548d9259d9a\",\"name\":\"La Red\",\"url\":\"https:\\\/\\\/laredlarioja.com.ar\\\/sitio\\\/author\\\/lared\\\/\"}]}<\/script>\n<!-- \/ Yoast SEO plugin. -->","yoast_head_json":{"title":"La Rioja en Semana Santa: Talampaya y experiencias para descubrir camino a la Cordillera de Los Andes - LA RED 88.3 LA RIOJA","robots":{"index":"index","follow":"follow","max-snippet":"max-snippet:-1","max-image-preview":"max-image-preview:large","max-video-preview":"max-video-preview:-1"},"canonical":"https:\/\/laredlarioja.com.ar\/sitio\/la-rioja-en-semana-santa-talampaya-y-experiencias-para-descubrir-camino-a-la-cordillera-de-los-andes\/","og_locale":"es_ES","og_type":"article","og_title":"La Rioja en Semana Santa: Talampaya y experiencias para descubrir camino a la Cordillera de Los Andes - LA RED 88.3 LA RIOJA","og_description":"Un viaje que te sorprender\u00e1 con itinerarios, experiencias, paseos, excursiones, que colmaran tu viaje a La Rioja de","og_url":"https:\/\/laredlarioja.com.ar\/sitio\/la-rioja-en-semana-santa-talampaya-y-experiencias-para-descubrir-camino-a-la-cordillera-de-los-andes\/","og_site_name":"LA RED 88.3 LA RIOJA","article_publisher":"https:\/\/www.facebook.com\/lared.larioja","article_published_time":"2024-03-13T14:06:56+00:00","og_image":[{"width":1347,"height":839,"url":"https:\/\/laredlarioja.com.ar\/sitio\/wp-content\/uploads\/2024\/03\/talampaya.jpg","type":"image\/jpeg"}],"author":"La Red","twitter_card":"summary_large_image","twitter_creator":"@laredlarioja1","twitter_site":"@laredlarioja1","twitter_misc":{"Escrito por":"La Red","Tiempo de lectura":"5 minutos"},"schema":{"@context":"https:\/\/schema.org","@graph":[{"@type":"Article","@id":"https:\/\/laredlarioja.com.ar\/sitio\/la-rioja-en-semana-santa-talampaya-y-experiencias-para-descubrir-camino-a-la-cordillera-de-los-andes\/#article","isPartOf":{"@id":"https:\/\/laredlarioja.com.ar\/sitio\/la-rioja-en-semana-santa-talampaya-y-experiencias-para-descubrir-camino-a-la-cordillera-de-los-andes\/"},"author":{"name":"La Red","@id":"https:\/\/laredlarioja.com.ar\/sitio\/#\/schema\/person\/f1e213867beccedaaa4fb548d9259d9a"},"headline":"La Rioja en Semana Santa: Talampaya y experiencias para descubrir camino a la Cordillera de Los Andes","datePublished":"2024-03-13T14:06:56+00:00","mainEntityOfPage":{"@id":"https:\/\/laredlarioja.com.ar\/sitio\/la-rioja-en-semana-santa-talampaya-y-experiencias-para-descubrir-camino-a-la-cordillera-de-los-andes\/"},"wordCount":1028,"publisher":{"@id":"https:\/\/laredlarioja.com.ar\/sitio\/#organization"},"image":{"@id":"https:\/\/laredlarioja.com.ar\/sitio\/la-rioja-en-semana-santa-talampaya-y-experiencias-para-descubrir-camino-a-la-cordillera-de-los-andes\/#primaryimage"},"thumbnailUrl":"https:\/\/laredlarioja.com.ar\/sitio\/wp-content\/uploads\/2024\/03\/talampaya.jpg","articleSection":["Locales"],"inLanguage":"es"},{"@type":"WebPage","@id":"https:\/\/laredlarioja.com.ar\/sitio\/la-rioja-en-semana-santa-talampaya-y-experiencias-para-descubrir-camino-a-la-cordillera-de-los-andes\/","url":"https:\/\/laredlarioja.com.ar\/sitio\/la-rioja-en-semana-santa-talampaya-y-experiencias-para-descubrir-camino-a-la-cordillera-de-los-andes\/","name":"La Rioja en Semana Santa: Talampaya y experiencias para descubrir camino a la Cordillera de Los Andes - LA RED 88.3 LA RIOJA","isPartOf":{"@id":"https:\/\/laredlarioja.com.ar\/sitio\/#website"},"primaryImageOfPage":{"@id":"https:\/\/laredlarioja.com.ar\/sitio\/la-rioja-en-semana-santa-talampaya-y-experiencias-para-descubrir-camino-a-la-cordillera-de-los-andes\/#primaryimage"},"image":{"@id":"https:\/\/laredlarioja.com.ar\/sitio\/la-rioja-en-semana-santa-talampaya-y-experiencias-para-descubrir-camino-a-la-cordillera-de-los-andes\/#primaryimage"},"thumbnailUrl":"https:\/\/laredlarioja.com.ar\/sitio\/wp-content\/uploads\/2024\/03\/talampaya.jpg","datePublished":"2024-03-13T14:06:56+00:00","breadcrumb":{"@id":"https:\/\/laredlarioja.com.ar\/sitio\/la-rioja-en-semana-santa-talampaya-y-experiencias-para-descubrir-camino-a-la-cordillera-de-los-andes\/#breadcrumb"},"inLanguage":"es","potentialAction":[{"@type":"ReadAction","target":["https:\/\/laredlarioja.com.ar\/sitio\/la-rioja-en-semana-santa-talampaya-y-experiencias-para-descubrir-camino-a-la-cordillera-de-los-andes\/"]}]},{"@type":"ImageObject","inLanguage":"es","@id":"https:\/\/laredlarioja.com.ar\/sitio\/la-rioja-en-semana-santa-talampaya-y-experiencias-para-descubrir-camino-a-la-cordillera-de-los-andes\/#primaryimage","url":"https:\/\/laredlarioja.com.ar\/sitio\/wp-content\/uploads\/2024\/03\/talampaya.jpg","contentUrl":"https:\/\/laredlarioja.com.ar\/sitio\/wp-content\/uploads\/2024\/03\/talampaya.jpg","width":1347,"height":839},{"@type":"BreadcrumbList","@id":"https:\/\/laredlarioja.com.ar\/sitio\/la-rioja-en-semana-santa-talampaya-y-experiencias-para-descubrir-camino-a-la-cordillera-de-los-andes\/#breadcrumb","itemListElement":[{"@type":"ListItem","position":1,"name":"Portada","item":"https:\/\/laredlarioja.com.ar\/sitio\/"},{"@type":"ListItem","position":2,"name":"La Rioja en Semana Santa: Talampaya y experiencias para descubrir camino a la Cordillera de Los Andes"}]},{"@type":"WebSite","@id":"https:\/\/laredlarioja.com.ar\/sitio\/#website","url":"https:\/\/laredlarioja.com.ar\/sitio\/","name":"LA RED 88.3 LA RIOJA","description":"Sitio de Noticias","publisher":{"@id":"https:\/\/laredlarioja.com.ar\/sitio\/#organization"},"potentialAction":[{"@type":"SearchAction","target":{"@type":"EntryPoint","urlTemplate":"https:\/\/laredlarioja.com.ar\/sitio\/?s={search_term_string}"},"query-input":{"@type":"PropertyValueSpecification","valueRequired":true,"valueName":"search_term_string"}}],"inLanguage":"es"},{"@type":"Organization","@id":"https:\/\/laredlarioja.com.ar\/sitio\/#organization","name":"LA RED 88.3 LA RIOJA","url":"https:\/\/laredlarioja.com.ar\/sitio\/","logo":{"@type":"ImageObject","inLanguage":"es","@id":"https:\/\/laredlarioja.com.ar\/sitio\/#\/schema\/logo\/image\/","url":"https:\/\/laredlarioja.com.ar\/sitio\/wp-content\/uploads\/2025\/05\/LOGO-LA-RED.png","contentUrl":"https:\/\/laredlarioja.com.ar\/sitio\/wp-content\/uploads\/2025\/05\/LOGO-LA-RED.png","width":193,"height":340,"caption":"LA RED 88.3 LA RIOJA"},"image":{"@id":"https:\/\/laredlarioja.com.ar\/sitio\/#\/schema\/logo\/image\/"},"sameAs":["https:\/\/www.facebook.com\/lared.larioja","https:\/\/x.com\/laredlarioja1","https:\/\/www.instagram.com\/lared_larioja\/"]},{"@type":"Person","@id":"https:\/\/laredlarioja.com.ar\/sitio\/#\/schema\/person\/f1e213867beccedaaa4fb548d9259d9a","name":"La Red","url":"https:\/\/laredlarioja.com.ar\/sitio\/author\/lared\/"}]}},"featured_image_urls":{"full":["https:\/\/laredlarioja.com.ar\/sitio\/wp-content\/uploads\/2024\/03\/talampaya.jpg",1347,839,false],"thumbnail":["https:\/\/laredlarioja.com.ar\/sitio\/wp-content\/uploads\/2024\/03\/talampaya-150x150.jpg",150,150,true],"medium":["https:\/\/laredlarioja.com.ar\/sitio\/wp-content\/uploads\/2024\/03\/talampaya-300x187.jpg",300,187,true],"medium_large":["https:\/\/laredlarioja.com.ar\/sitio\/wp-content\/uploads\/2024\/03\/talampaya-768x478.jpg",640,398,true],"large":["https:\/\/laredlarioja.com.ar\/sitio\/wp-content\/uploads\/2024\/03\/talampaya-1024x638.jpg",640,399,true],"1536x1536":["https:\/\/laredlarioja.com.ar\/sitio\/wp-content\/uploads\/2024\/03\/talampaya.jpg",1347,839,false],"2048x2048":["https:\/\/laredlarioja.com.ar\/sitio\/wp-content\/uploads\/2024\/03\/talampaya.jpg",1347,839,false],"cvmm-medium":["https:\/\/laredlarioja.com.ar\/sitio\/wp-content\/uploads\/2024\/03\/talampaya-300x300.jpg",300,300,true],"cvmm-medium-plus":["https:\/\/laredlarioja.com.ar\/sitio\/wp-content\/uploads\/2024\/03\/talampaya-305x207.jpg",305,207,true],"cvmm-portrait":["https:\/\/laredlarioja.com.ar\/sitio\/wp-content\/uploads\/2024\/03\/talampaya-400x600.jpg",400,600,true],"cvmm-medium-square":["https:\/\/laredlarioja.com.ar\/sitio\/wp-content\/uploads\/2024\/03\/talampaya-600x600.jpg",600,600,true],"cvmm-large":["https:\/\/laredlarioja.com.ar\/sitio\/wp-content\/uploads\/2024\/03\/talampaya-1024x839.jpg",1024,839,true],"cvmm-small":["https:\/\/laredlarioja.com.ar\/sitio\/wp-content\/uploads\/2024\/03\/talampaya-130x95.jpg",130,95,true],"morenews-large":["https:\/\/laredlarioja.com.ar\/sitio\/wp-content\/uploads\/2024\/03\/talampaya-825x575.jpg",825,575,true],"morenews-medium":["https:\/\/laredlarioja.com.ar\/sitio\/wp-content\/uploads\/2024\/03\/talampaya-590x410.jpg",590,410,true]},"author_info":{"display_name":"La Red","author_link":"https:\/\/laredlarioja.com.ar\/sitio\/author\/lared\/"},"category_info":"<a href=\"https:\/\/laredlarioja.com.ar\/sitio\/categorias\/locales\/\" rel=\"category tag\">Locales<\/a>","tag_info":"Locales","comment_count":"0","blog_post_layout_featured_media_urls":{"thumbnail":["https:\/\/laredlarioja.com.ar\/sitio\/wp-content\/uploads\/2024\/03\/talampaya-150x150.jpg",150,150,true],"full":["https:\/\/laredlarioja.com.ar\/sitio\/wp-content\/uploads\/2024\/03\/talampaya.jpg",1347,839,false]},"categories_names":{"94":{"name":"Locales","link":"https:\/\/laredlarioja.com.ar\/sitio\/categorias\/locales\/"}},"tags_names":[],"comments_number":"0","wpmagazine_modules_lite_featured_media_urls":{"thumbnail":["https:\/\/laredlarioja.com.ar\/sitio\/wp-content\/uploads\/2024\/03\/talampaya-150x150.jpg",150,150,true],"cvmm-medium":["https:\/\/laredlarioja.com.ar\/sitio\/wp-content\/uploads\/2024\/03\/talampaya-300x300.jpg",300,300,true],"cvmm-medium-plus":["https:\/\/laredlarioja.com.ar\/sitio\/wp-content\/uploads\/2024\/03\/talampaya-305x207.jpg",305,207,true],"cvmm-portrait":["https:\/\/laredlarioja.com.ar\/sitio\/wp-content\/uploads\/2024\/03\/talampaya-400x600.jpg",400,600,true],"cvmm-medium-square":["https:\/\/laredlarioja.com.ar\/sitio\/wp-content\/uploads\/2024\/03\/talampaya-600x600.jpg",600,600,true],"cvmm-large":["https:\/\/laredlarioja.com.ar\/sitio\/wp-content\/uploads\/2024\/03\/talampaya-1024x839.jpg",1024,839,true],"cvmm-small":["https:\/\/laredlarioja.com.ar\/sitio\/wp-content\/uploads\/2024\/03\/talampaya-130x95.jpg",130,95,true],"full":["https:\/\/laredlarioja.com.ar\/sitio\/wp-content\/uploads\/2024\/03\/talampaya.jpg",1347,839,false]},"_links":{"self":[{"href":"https:\/\/laredlarioja.com.ar\/sitio\/wp-json\/wp\/v2\/posts\/43132","targetHints":{"allow":["GET"]}}],"collection":[{"href":"https:\/\/laredlarioja.com.ar\/sitio\/wp-json\/wp\/v2\/posts"}],"about":[{"href":"https:\/\/laredlarioja.com.ar\/sitio\/wp-json\/wp\/v2\/types\/post"}],"author":[{"embeddable":true,"href":"https:\/\/laredlarioja.com.ar\/sitio\/wp-json\/wp\/v2\/users\/10"}],"replies":[{"embeddable":true,"href":"https:\/\/laredlarioja.com.ar\/sitio\/wp-json\/wp\/v2\/comments?post=43132"}],"version-history":[{"count":1,"href":"https:\/\/laredlarioja.com.ar\/sitio\/wp-json\/wp\/v2\/posts\/43132\/revisions"}],"predecessor-version":[{"id":43136,"href":"https:\/\/laredlarioja.com.ar\/sitio\/wp-json\/wp\/v2\/posts\/43132\/revisions\/43136"}],"wp:featuredmedia":[{"embeddable":true,"href":"https:\/\/laredlarioja.com.ar\/sitio\/wp-json\/wp\/v2\/media\/43133"}],"wp:attachment":[{"href":"https:\/\/laredlarioja.com.ar\/sitio\/wp-json\/wp\/v2\/media?parent=43132"}],"wp:term":[{"taxonomy":"category","embeddable":true,"href":"https:\/\/laredlarioja.com.ar\/sitio\/wp-json\/wp\/v2\/categories?post=43132"},{"taxonomy":"post_tag","embeddable":true,"href":"https:\/\/laredlarioja.com.ar\/sitio\/wp-json\/wp\/v2\/tags?post=43132"}],"curies":[{"name":"wp","href":"https:\/\/api.w.org\/{rel}","templated":true}]}}