{"id":43833,"date":"2024-03-28T00:49:44","date_gmt":"2024-03-28T00:49:44","guid":{"rendered":"https:\/\/laredlarioja.com.ar\/sitio\/?p=43833"},"modified":"2024-03-28T00:53:35","modified_gmt":"2024-03-28T00:53:35","slug":"atletismo-se-inicio-una-campana-solidaria-para-ayudar-a-miguel-garro-a-cumplir-su-sueno-de-representar-a-la-rioja-en-los-sudamericanos","status":"publish","type":"post","link":"https:\/\/laredlarioja.com.ar\/sitio\/atletismo-se-inicio-una-campana-solidaria-para-ayudar-a-miguel-garro-a-cumplir-su-sueno-de-representar-a-la-rioja-en-los-sudamericanos\/","title":{"rendered":"Atletismo: se inici\u00f3 una campa\u00f1a solidaria para ayudar a Miguel Garro a cumplir su sue\u00f1o de representar a La Rioja en los Sudamericanos"},"content":{"rendered":"<p>Miguel Garro <strong>en un joven deportista oriundo de Guandacol, que viene participando en numerosas competencias a lo largo de las distintas provincias. Con mucho esfuerzo y sacrificio se entrena y dedica su tiempo a su gran pasi\u00f3n: el atletismo.<\/strong><\/p>\n<p>Tan solo este fin de semana, logr\u00f3 nada m\u00e1s y nada menos que el 2\u00b0 puesto en la prueba de 10 km. en Mendoza. \u201cEse d\u00eda baj\u00e9 mi marca personal. Durante dos a\u00f1os consecutivos logr\u00e9 ganar esta prueba, este a\u00f1o me qued\u00f3 el segundo puesto, pero igual fue un gran logro\u201d, cont\u00f3 a Radio La Red. Adem\u00e1s, <strong>el 6 de y 13 de abril estar\u00e1 representando a La Rioja en los Sudamericanos, en Mar del Plata y Concepci\u00f3n de Uruguay, y para ello necesita la solidaridad de toda la comunidad.<\/strong><\/p>\n<p>Miguel viene con una racha victoriosa importante en diversas competencias a lo largo del pa\u00eds. \u201c<strong>Estoy muy contento con mi esfuerzo y con el rendimiento que estoy logrando este a\u00f1o<\/strong>\u201d, asegur\u00f3 a sus 27 a\u00f1os, tras m\u00e1s de 8 a\u00f1os de trayectoria en el deporte (su primera competencia fue en el 2016, aunque logr\u00f3 dedicarse de lleno reci\u00e9n en 2021).<\/p>\n<p>Si bien el atletismo no es uno de los deportes m\u00e1s populares en La Rioja, \u00e9l logr\u00f3 dejar a la provincia en lo m\u00e1s alto dentro de esta disciplina. Sobre sus inicios cont\u00f3 que \u201cfue algo sin querer\u201d. \u201cParticip\u00e9 de una competencia en 2016 en Gualcamallo junto a los chicos de futbol, me insistieron para que vaya aunque no quer\u00eda. Luego se hizo una competencia en 2017 en nuestro departamento y un chico que se llama Eduardo Molina, me descubri\u00f3 y me dijo que ten\u00eda much\u00edsimas condiciones\u201d, relat\u00f3. Lo llamativo, es que su talento logr\u00f3 llamar la atenci\u00f3n del p\u00fablico compitiendo sin tener siquiera la vestimenta adecuada y necesaria para un mejor rendimiento, ya que ten\u00eda un short de futbol hasta las rodillas y zapatillas \u2018tipo flecha\u2019.<\/p>\n<p>Despu\u00e9s de eso, comenzaron a las primeras invitaciones a entrenamientos y competencias, que lo llevaron a dejar finalmente el f\u00fatbol y dedicarse de lleno al Atletismo.<\/p>\n<p><a href=\"https:\/\/laredlarioja.com.ar\/sitio\/wp-content\/uploads\/2024\/03\/433211922_806109124872590_2077146471471413089_n.jpg\"><img fetchpriority=\"high\" decoding=\"async\" class=\"aligncenter wp-image-43574 size-full\" src=\"https:\/\/laredlarioja.com.ar\/sitio\/wp-content\/uploads\/2024\/03\/433211922_806109124872590_2077146471471413089_n-e1711587209833.jpg\" alt=\"\" width=\"526\" height=\"531\" srcset=\"https:\/\/laredlarioja.com.ar\/sitio\/wp-content\/uploads\/2024\/03\/433211922_806109124872590_2077146471471413089_n-e1711587209833.jpg 526w, https:\/\/laredlarioja.com.ar\/sitio\/wp-content\/uploads\/2024\/03\/433211922_806109124872590_2077146471471413089_n-e1711587209833-297x300.jpg 297w, https:\/\/laredlarioja.com.ar\/sitio\/wp-content\/uploads\/2024\/03\/433211922_806109124872590_2077146471471413089_n-e1711587209833-150x150.jpg 150w\" sizes=\"(max-width: 526px) 100vw, 526px\" \/><\/a><\/p>\n<p><strong>Ser un deportista profesional en su lugar es realmente un desaf\u00edo, ya que en Guandacol no cuenta siquiera con una pista de atletismo.<\/strong> \u201cEs muy dif\u00edcil, tengo que entrenar solo d\u00eda a d\u00eda y se me complica mucho. Pero el esfuerzo es lo que da la recompensa\u201d, insisti\u00f3 agradeciendo a su familia por el esfuerzo diario para que \u00e9l pueda cumplir sus sue\u00f1os \u2018a pulm\u00f3n\u2019.<\/p>\n<p>De cara a las competencias que se vienen, Miguel necesita hacerse cargo de la estad\u00eda, los viajes, la comida y sumado a eso comprarse sus elementos e indumentaria para poder competir debidamente. Por eso, <strong>desde Radio La Voz de Guandacol iniciaron una campa\u00f1a para poder acompa\u00f1arlo en su gran sue\u00f1o.<\/strong><\/p>\n<p><a href=\"https:\/\/laredlarioja.com.ar\/sitio\/wp-content\/uploads\/2024\/03\/o_1695240115.webp\"><img decoding=\"async\" class=\"alignnone size-full wp-image-43835\" src=\"https:\/\/laredlarioja.com.ar\/sitio\/wp-content\/uploads\/2024\/03\/o_1695240115.webp\" alt=\"\" width=\"1600\" height=\"1067\" srcset=\"https:\/\/laredlarioja.com.ar\/sitio\/wp-content\/uploads\/2024\/03\/o_1695240115.webp 1600w, https:\/\/laredlarioja.com.ar\/sitio\/wp-content\/uploads\/2024\/03\/o_1695240115-300x200.webp 300w, https:\/\/laredlarioja.com.ar\/sitio\/wp-content\/uploads\/2024\/03\/o_1695240115-1024x683.webp 1024w, https:\/\/laredlarioja.com.ar\/sitio\/wp-content\/uploads\/2024\/03\/o_1695240115-768x512.webp 768w, https:\/\/laredlarioja.com.ar\/sitio\/wp-content\/uploads\/2024\/03\/o_1695240115-1536x1024.webp 1536w\" sizes=\"(max-width: 1600px) 100vw, 1600px\" \/><\/a><\/p>\n<p>\u201cDesde este medio queremos convocar a toda la comunidad y a quien quiera apoyar a este joven a cumplir con su objetivo representando a La Rioja. Estamos realizando un llamado solidario para ayudarlo. \u00c9l trabaja en la construcci\u00f3n junto a su padre para poder costear los viajes\u201d, hab\u00eda comentado a Radio La Red el equipo de Radio La Voz.<\/p>\n<p>Asimismo resaltaron: \u201cdesde la radio iniciamos esta campa\u00f1a, para quienes se puedan sumar en nuestro Facebook: La voz 92.7 Guandacol se encuentra un cbu para quienes puedan ayudar\u201d.<\/p>\n<p>Tambi\u00e9n quienes deseen colaborar pueden comunicarse con Miguel al 3825-612262<\/p>\n","protected":false},"excerpt":{"rendered":"<p>Miguel Garro en un joven deportista oriundo de Guandacol, que viene participando en numerosas competencias a lo largo<\/p>\n","protected":false},"author":10,"featured_media":43834,"comment_status":"closed","ping_status":"open","sticky":false,"template":"","format":"standard","meta":{"footnotes":""},"categories":[26],"tags":[],"class_list":["post-43833","post","type-post","status-publish","format-standard","has-post-thumbnail","hentry","category-deportes"],"yoast_head":"<!-- This site is optimized with the Yoast SEO plugin v27.4 - https:\/\/yoast.com\/product\/yoast-seo-wordpress\/ -->\n<title>Atletismo: se inici\u00f3 una campa\u00f1a solidaria para ayudar a Miguel Garro a cumplir su sue\u00f1o de representar a La Rioja en los Sudamericanos - LA RED 88.3 LA RIOJA<\/title>\n<meta name=\"robots\" content=\"index, follow, max-snippet:-1, max-image-preview:large, max-video-preview:-1\" \/>\n<link rel=\"canonical\" href=\"https:\/\/laredlarioja.com.ar\/sitio\/atletismo-se-inicio-una-campana-solidaria-para-ayudar-a-miguel-garro-a-cumplir-su-sueno-de-representar-a-la-rioja-en-los-sudamericanos\/\" \/>\n<meta property=\"og:locale\" content=\"es_ES\" \/>\n<meta property=\"og:type\" content=\"article\" \/>\n<meta property=\"og:title\" content=\"Atletismo: se inici\u00f3 una campa\u00f1a solidaria para ayudar a Miguel Garro a cumplir su sue\u00f1o de representar a La Rioja en los Sudamericanos - LA RED 88.3 LA RIOJA\" \/>\n<meta property=\"og:description\" content=\"Miguel Garro en un joven deportista oriundo de Guandacol, que viene participando en numerosas competencias a lo largo\" \/>\n<meta property=\"og:url\" content=\"https:\/\/laredlarioja.com.ar\/sitio\/atletismo-se-inicio-una-campana-solidaria-para-ayudar-a-miguel-garro-a-cumplir-su-sueno-de-representar-a-la-rioja-en-los-sudamericanos\/\" \/>\n<meta property=\"og:site_name\" content=\"LA RED 88.3 LA RIOJA\" \/>\n<meta property=\"article:publisher\" content=\"https:\/\/www.facebook.com\/lared.larioja\" \/>\n<meta property=\"article:published_time\" content=\"2024-03-28T00:49:44+00:00\" \/>\n<meta property=\"article:modified_time\" content=\"2024-03-28T00:53:35+00:00\" \/>\n<meta property=\"og:image\" content=\"https:\/\/laredlarioja.com.ar\/sitio\/wp-content\/uploads\/2024\/03\/e_1710095371-1.webp\" \/>\n\t<meta property=\"og:image:width\" content=\"900\" \/>\n\t<meta property=\"og:image:height\" content=\"1350\" \/>\n\t<meta property=\"og:image:type\" content=\"image\/webp\" \/>\n<meta name=\"author\" content=\"La Red\" \/>\n<meta name=\"twitter:card\" content=\"summary_large_image\" \/>\n<meta name=\"twitter:creator\" content=\"@laredlarioja1\" \/>\n<meta name=\"twitter:site\" content=\"@laredlarioja1\" \/>\n<meta name=\"twitter:label1\" content=\"Escrito por\" \/>\n\t<meta name=\"twitter:data1\" content=\"La Red\" \/>\n\t<meta name=\"twitter:label2\" content=\"Tiempo de lectura\" \/>\n\t<meta name=\"twitter:data2\" content=\"3 minutos\" \/>\n<script type=\"application\/ld+json\" class=\"yoast-schema-graph\">{\"@context\":\"https:\\\/\\\/schema.org\",\"@graph\":[{\"@type\":\"Article\",\"@id\":\"https:\\\/\\\/laredlarioja.com.ar\\\/sitio\\\/atletismo-se-inicio-una-campana-solidaria-para-ayudar-a-miguel-garro-a-cumplir-su-sueno-de-representar-a-la-rioja-en-los-sudamericanos\\\/#article\",\"isPartOf\":{\"@id\":\"https:\\\/\\\/laredlarioja.com.ar\\\/sitio\\\/atletismo-se-inicio-una-campana-solidaria-para-ayudar-a-miguel-garro-a-cumplir-su-sueno-de-representar-a-la-rioja-en-los-sudamericanos\\\/\"},\"author\":{\"name\":\"La Red\",\"@id\":\"https:\\\/\\\/laredlarioja.com.ar\\\/sitio\\\/#\\\/schema\\\/person\\\/f1e213867beccedaaa4fb548d9259d9a\"},\"headline\":\"Atletismo: se inici\u00f3 una campa\u00f1a solidaria para ayudar a Miguel Garro a cumplir su sue\u00f1o de representar a La Rioja en los Sudamericanos\",\"datePublished\":\"2024-03-28T00:49:44+00:00\",\"dateModified\":\"2024-03-28T00:53:35+00:00\",\"mainEntityOfPage\":{\"@id\":\"https:\\\/\\\/laredlarioja.com.ar\\\/sitio\\\/atletismo-se-inicio-una-campana-solidaria-para-ayudar-a-miguel-garro-a-cumplir-su-sueno-de-representar-a-la-rioja-en-los-sudamericanos\\\/\"},\"wordCount\":605,\"publisher\":{\"@id\":\"https:\\\/\\\/laredlarioja.com.ar\\\/sitio\\\/#organization\"},\"image\":{\"@id\":\"https:\\\/\\\/laredlarioja.com.ar\\\/sitio\\\/atletismo-se-inicio-una-campana-solidaria-para-ayudar-a-miguel-garro-a-cumplir-su-sueno-de-representar-a-la-rioja-en-los-sudamericanos\\\/#primaryimage\"},\"thumbnailUrl\":\"https:\\\/\\\/laredlarioja.com.ar\\\/sitio\\\/wp-content\\\/uploads\\\/2024\\\/03\\\/e_1710095371-1.webp\",\"articleSection\":[\"Deportes\"],\"inLanguage\":\"es\"},{\"@type\":\"WebPage\",\"@id\":\"https:\\\/\\\/laredlarioja.com.ar\\\/sitio\\\/atletismo-se-inicio-una-campana-solidaria-para-ayudar-a-miguel-garro-a-cumplir-su-sueno-de-representar-a-la-rioja-en-los-sudamericanos\\\/\",\"url\":\"https:\\\/\\\/laredlarioja.com.ar\\\/sitio\\\/atletismo-se-inicio-una-campana-solidaria-para-ayudar-a-miguel-garro-a-cumplir-su-sueno-de-representar-a-la-rioja-en-los-sudamericanos\\\/\",\"name\":\"Atletismo: se inici\u00f3 una campa\u00f1a solidaria para ayudar a Miguel Garro a cumplir su sue\u00f1o de representar a La Rioja en los Sudamericanos - LA RED 88.3 LA RIOJA\",\"isPartOf\":{\"@id\":\"https:\\\/\\\/laredlarioja.com.ar\\\/sitio\\\/#website\"},\"primaryImageOfPage\":{\"@id\":\"https:\\\/\\\/laredlarioja.com.ar\\\/sitio\\\/atletismo-se-inicio-una-campana-solidaria-para-ayudar-a-miguel-garro-a-cumplir-su-sueno-de-representar-a-la-rioja-en-los-sudamericanos\\\/#primaryimage\"},\"image\":{\"@id\":\"https:\\\/\\\/laredlarioja.com.ar\\\/sitio\\\/atletismo-se-inicio-una-campana-solidaria-para-ayudar-a-miguel-garro-a-cumplir-su-sueno-de-representar-a-la-rioja-en-los-sudamericanos\\\/#primaryimage\"},\"thumbnailUrl\":\"https:\\\/\\\/laredlarioja.com.ar\\\/sitio\\\/wp-content\\\/uploads\\\/2024\\\/03\\\/e_1710095371-1.webp\",\"datePublished\":\"2024-03-28T00:49:44+00:00\",\"dateModified\":\"2024-03-28T00:53:35+00:00\",\"breadcrumb\":{\"@id\":\"https:\\\/\\\/laredlarioja.com.ar\\\/sitio\\\/atletismo-se-inicio-una-campana-solidaria-para-ayudar-a-miguel-garro-a-cumplir-su-sueno-de-representar-a-la-rioja-en-los-sudamericanos\\\/#breadcrumb\"},\"inLanguage\":\"es\",\"potentialAction\":[{\"@type\":\"ReadAction\",\"target\":[\"https:\\\/\\\/laredlarioja.com.ar\\\/sitio\\\/atletismo-se-inicio-una-campana-solidaria-para-ayudar-a-miguel-garro-a-cumplir-su-sueno-de-representar-a-la-rioja-en-los-sudamericanos\\\/\"]}]},{\"@type\":\"ImageObject\",\"inLanguage\":\"es\",\"@id\":\"https:\\\/\\\/laredlarioja.com.ar\\\/sitio\\\/atletismo-se-inicio-una-campana-solidaria-para-ayudar-a-miguel-garro-a-cumplir-su-sueno-de-representar-a-la-rioja-en-los-sudamericanos\\\/#primaryimage\",\"url\":\"https:\\\/\\\/laredlarioja.com.ar\\\/sitio\\\/wp-content\\\/uploads\\\/2024\\\/03\\\/e_1710095371-1.webp\",\"contentUrl\":\"https:\\\/\\\/laredlarioja.com.ar\\\/sitio\\\/wp-content\\\/uploads\\\/2024\\\/03\\\/e_1710095371-1.webp\",\"width\":900,\"height\":1350},{\"@type\":\"BreadcrumbList\",\"@id\":\"https:\\\/\\\/laredlarioja.com.ar\\\/sitio\\\/atletismo-se-inicio-una-campana-solidaria-para-ayudar-a-miguel-garro-a-cumplir-su-sueno-de-representar-a-la-rioja-en-los-sudamericanos\\\/#breadcrumb\",\"itemListElement\":[{\"@type\":\"ListItem\",\"position\":1,\"name\":\"Portada\",\"item\":\"https:\\\/\\\/laredlarioja.com.ar\\\/sitio\\\/\"},{\"@type\":\"ListItem\",\"position\":2,\"name\":\"Atletismo: se inici\u00f3 una campa\u00f1a solidaria para ayudar a Miguel Garro a cumplir su sue\u00f1o de representar a La Rioja en los Sudamericanos\"}]},{\"@type\":\"WebSite\",\"@id\":\"https:\\\/\\\/laredlarioja.com.ar\\\/sitio\\\/#website\",\"url\":\"https:\\\/\\\/laredlarioja.com.ar\\\/sitio\\\/\",\"name\":\"LA RED 88.3 LA RIOJA\",\"description\":\"Sitio de Noticias\",\"publisher\":{\"@id\":\"https:\\\/\\\/laredlarioja.com.ar\\\/sitio\\\/#organization\"},\"potentialAction\":[{\"@type\":\"SearchAction\",\"target\":{\"@type\":\"EntryPoint\",\"urlTemplate\":\"https:\\\/\\\/laredlarioja.com.ar\\\/sitio\\\/?s={search_term_string}\"},\"query-input\":{\"@type\":\"PropertyValueSpecification\",\"valueRequired\":true,\"valueName\":\"search_term_string\"}}],\"inLanguage\":\"es\"},{\"@type\":\"Organization\",\"@id\":\"https:\\\/\\\/laredlarioja.com.ar\\\/sitio\\\/#organization\",\"name\":\"LA RED 88.3 LA RIOJA\",\"url\":\"https:\\\/\\\/laredlarioja.com.ar\\\/sitio\\\/\",\"logo\":{\"@type\":\"ImageObject\",\"inLanguage\":\"es\",\"@id\":\"https:\\\/\\\/laredlarioja.com.ar\\\/sitio\\\/#\\\/schema\\\/logo\\\/image\\\/\",\"url\":\"https:\\\/\\\/laredlarioja.com.ar\\\/sitio\\\/wp-content\\\/uploads\\\/2025\\\/05\\\/LOGO-LA-RED.png\",\"contentUrl\":\"https:\\\/\\\/laredlarioja.com.ar\\\/sitio\\\/wp-content\\\/uploads\\\/2025\\\/05\\\/LOGO-LA-RED.png\",\"width\":193,\"height\":340,\"caption\":\"LA RED 88.3 LA RIOJA\"},\"image\":{\"@id\":\"https:\\\/\\\/laredlarioja.com.ar\\\/sitio\\\/#\\\/schema\\\/logo\\\/image\\\/\"},\"sameAs\":[\"https:\\\/\\\/www.facebook.com\\\/lared.larioja\",\"https:\\\/\\\/x.com\\\/laredlarioja1\",\"https:\\\/\\\/www.instagram.com\\\/lared_larioja\\\/\"]},{\"@type\":\"Person\",\"@id\":\"https:\\\/\\\/laredlarioja.com.ar\\\/sitio\\\/#\\\/schema\\\/person\\\/f1e213867beccedaaa4fb548d9259d9a\",\"name\":\"La Red\",\"url\":\"https:\\\/\\\/laredlarioja.com.ar\\\/sitio\\\/author\\\/lared\\\/\"}]}<\/script>\n<!-- \/ Yoast SEO plugin. -->","yoast_head_json":{"title":"Atletismo: se inici\u00f3 una campa\u00f1a solidaria para ayudar a Miguel Garro a cumplir su sue\u00f1o de representar a La Rioja en los Sudamericanos - LA RED 88.3 LA RIOJA","robots":{"index":"index","follow":"follow","max-snippet":"max-snippet:-1","max-image-preview":"max-image-preview:large","max-video-preview":"max-video-preview:-1"},"canonical":"https:\/\/laredlarioja.com.ar\/sitio\/atletismo-se-inicio-una-campana-solidaria-para-ayudar-a-miguel-garro-a-cumplir-su-sueno-de-representar-a-la-rioja-en-los-sudamericanos\/","og_locale":"es_ES","og_type":"article","og_title":"Atletismo: se inici\u00f3 una campa\u00f1a solidaria para ayudar a Miguel Garro a cumplir su sue\u00f1o de representar a La Rioja en los Sudamericanos - LA RED 88.3 LA RIOJA","og_description":"Miguel Garro en un joven deportista oriundo de Guandacol, que viene participando en numerosas competencias a lo largo","og_url":"https:\/\/laredlarioja.com.ar\/sitio\/atletismo-se-inicio-una-campana-solidaria-para-ayudar-a-miguel-garro-a-cumplir-su-sueno-de-representar-a-la-rioja-en-los-sudamericanos\/","og_site_name":"LA RED 88.3 LA RIOJA","article_publisher":"https:\/\/www.facebook.com\/lared.larioja","article_published_time":"2024-03-28T00:49:44+00:00","article_modified_time":"2024-03-28T00:53:35+00:00","og_image":[{"width":900,"height":1350,"url":"https:\/\/laredlarioja.com.ar\/sitio\/wp-content\/uploads\/2024\/03\/e_1710095371-1.webp","type":"image\/webp"}],"author":"La Red","twitter_card":"summary_large_image","twitter_creator":"@laredlarioja1","twitter_site":"@laredlarioja1","twitter_misc":{"Escrito por":"La Red","Tiempo de lectura":"3 minutos"},"schema":{"@context":"https:\/\/schema.org","@graph":[{"@type":"Article","@id":"https:\/\/laredlarioja.com.ar\/sitio\/atletismo-se-inicio-una-campana-solidaria-para-ayudar-a-miguel-garro-a-cumplir-su-sueno-de-representar-a-la-rioja-en-los-sudamericanos\/#article","isPartOf":{"@id":"https:\/\/laredlarioja.com.ar\/sitio\/atletismo-se-inicio-una-campana-solidaria-para-ayudar-a-miguel-garro-a-cumplir-su-sueno-de-representar-a-la-rioja-en-los-sudamericanos\/"},"author":{"name":"La Red","@id":"https:\/\/laredlarioja.com.ar\/sitio\/#\/schema\/person\/f1e213867beccedaaa4fb548d9259d9a"},"headline":"Atletismo: se inici\u00f3 una campa\u00f1a solidaria para ayudar a Miguel Garro a cumplir su sue\u00f1o de representar a La Rioja en los Sudamericanos","datePublished":"2024-03-28T00:49:44+00:00","dateModified":"2024-03-28T00:53:35+00:00","mainEntityOfPage":{"@id":"https:\/\/laredlarioja.com.ar\/sitio\/atletismo-se-inicio-una-campana-solidaria-para-ayudar-a-miguel-garro-a-cumplir-su-sueno-de-representar-a-la-rioja-en-los-sudamericanos\/"},"wordCount":605,"publisher":{"@id":"https:\/\/laredlarioja.com.ar\/sitio\/#organization"},"image":{"@id":"https:\/\/laredlarioja.com.ar\/sitio\/atletismo-se-inicio-una-campana-solidaria-para-ayudar-a-miguel-garro-a-cumplir-su-sueno-de-representar-a-la-rioja-en-los-sudamericanos\/#primaryimage"},"thumbnailUrl":"https:\/\/laredlarioja.com.ar\/sitio\/wp-content\/uploads\/2024\/03\/e_1710095371-1.webp","articleSection":["Deportes"],"inLanguage":"es"},{"@type":"WebPage","@id":"https:\/\/laredlarioja.com.ar\/sitio\/atletismo-se-inicio-una-campana-solidaria-para-ayudar-a-miguel-garro-a-cumplir-su-sueno-de-representar-a-la-rioja-en-los-sudamericanos\/","url":"https:\/\/laredlarioja.com.ar\/sitio\/atletismo-se-inicio-una-campana-solidaria-para-ayudar-a-miguel-garro-a-cumplir-su-sueno-de-representar-a-la-rioja-en-los-sudamericanos\/","name":"Atletismo: se inici\u00f3 una campa\u00f1a solidaria para ayudar a Miguel Garro a cumplir su sue\u00f1o de representar a La Rioja en los Sudamericanos - LA RED 88.3 LA RIOJA","isPartOf":{"@id":"https:\/\/laredlarioja.com.ar\/sitio\/#website"},"primaryImageOfPage":{"@id":"https:\/\/laredlarioja.com.ar\/sitio\/atletismo-se-inicio-una-campana-solidaria-para-ayudar-a-miguel-garro-a-cumplir-su-sueno-de-representar-a-la-rioja-en-los-sudamericanos\/#primaryimage"},"image":{"@id":"https:\/\/laredlarioja.com.ar\/sitio\/atletismo-se-inicio-una-campana-solidaria-para-ayudar-a-miguel-garro-a-cumplir-su-sueno-de-representar-a-la-rioja-en-los-sudamericanos\/#primaryimage"},"thumbnailUrl":"https:\/\/laredlarioja.com.ar\/sitio\/wp-content\/uploads\/2024\/03\/e_1710095371-1.webp","datePublished":"2024-03-28T00:49:44+00:00","dateModified":"2024-03-28T00:53:35+00:00","breadcrumb":{"@id":"https:\/\/laredlarioja.com.ar\/sitio\/atletismo-se-inicio-una-campana-solidaria-para-ayudar-a-miguel-garro-a-cumplir-su-sueno-de-representar-a-la-rioja-en-los-sudamericanos\/#breadcrumb"},"inLanguage":"es","potentialAction":[{"@type":"ReadAction","target":["https:\/\/laredlarioja.com.ar\/sitio\/atletismo-se-inicio-una-campana-solidaria-para-ayudar-a-miguel-garro-a-cumplir-su-sueno-de-representar-a-la-rioja-en-los-sudamericanos\/"]}]},{"@type":"ImageObject","inLanguage":"es","@id":"https:\/\/laredlarioja.com.ar\/sitio\/atletismo-se-inicio-una-campana-solidaria-para-ayudar-a-miguel-garro-a-cumplir-su-sueno-de-representar-a-la-rioja-en-los-sudamericanos\/#primaryimage","url":"https:\/\/laredlarioja.com.ar\/sitio\/wp-content\/uploads\/2024\/03\/e_1710095371-1.webp","contentUrl":"https:\/\/laredlarioja.com.ar\/sitio\/wp-content\/uploads\/2024\/03\/e_1710095371-1.webp","width":900,"height":1350},{"@type":"BreadcrumbList","@id":"https:\/\/laredlarioja.com.ar\/sitio\/atletismo-se-inicio-una-campana-solidaria-para-ayudar-a-miguel-garro-a-cumplir-su-sueno-de-representar-a-la-rioja-en-los-sudamericanos\/#breadcrumb","itemListElement":[{"@type":"ListItem","position":1,"name":"Portada","item":"https:\/\/laredlarioja.com.ar\/sitio\/"},{"@type":"ListItem","position":2,"name":"Atletismo: se inici\u00f3 una campa\u00f1a solidaria para ayudar a Miguel Garro a cumplir su sue\u00f1o de representar a La Rioja en los Sudamericanos"}]},{"@type":"WebSite","@id":"https:\/\/laredlarioja.com.ar\/sitio\/#website","url":"https:\/\/laredlarioja.com.ar\/sitio\/","name":"LA RED 88.3 LA RIOJA","description":"Sitio de Noticias","publisher":{"@id":"https:\/\/laredlarioja.com.ar\/sitio\/#organization"},"potentialAction":[{"@type":"SearchAction","target":{"@type":"EntryPoint","urlTemplate":"https:\/\/laredlarioja.com.ar\/sitio\/?s={search_term_string}"},"query-input":{"@type":"PropertyValueSpecification","valueRequired":true,"valueName":"search_term_string"}}],"inLanguage":"es"},{"@type":"Organization","@id":"https:\/\/laredlarioja.com.ar\/sitio\/#organization","name":"LA RED 88.3 LA RIOJA","url":"https:\/\/laredlarioja.com.ar\/sitio\/","logo":{"@type":"ImageObject","inLanguage":"es","@id":"https:\/\/laredlarioja.com.ar\/sitio\/#\/schema\/logo\/image\/","url":"https:\/\/laredlarioja.com.ar\/sitio\/wp-content\/uploads\/2025\/05\/LOGO-LA-RED.png","contentUrl":"https:\/\/laredlarioja.com.ar\/sitio\/wp-content\/uploads\/2025\/05\/LOGO-LA-RED.png","width":193,"height":340,"caption":"LA RED 88.3 LA RIOJA"},"image":{"@id":"https:\/\/laredlarioja.com.ar\/sitio\/#\/schema\/logo\/image\/"},"sameAs":["https:\/\/www.facebook.com\/lared.larioja","https:\/\/x.com\/laredlarioja1","https:\/\/www.instagram.com\/lared_larioja\/"]},{"@type":"Person","@id":"https:\/\/laredlarioja.com.ar\/sitio\/#\/schema\/person\/f1e213867beccedaaa4fb548d9259d9a","name":"La Red","url":"https:\/\/laredlarioja.com.ar\/sitio\/author\/lared\/"}]}},"featured_image_urls":{"full":["https:\/\/laredlarioja.com.ar\/sitio\/wp-content\/uploads\/2024\/03\/e_1710095371-1.webp",900,1350,false],"thumbnail":["https:\/\/laredlarioja.com.ar\/sitio\/wp-content\/uploads\/2024\/03\/e_1710095371-1-150x150.webp",150,150,true],"medium":["https:\/\/laredlarioja.com.ar\/sitio\/wp-content\/uploads\/2024\/03\/e_1710095371-1-200x300.webp",200,300,true],"medium_large":["https:\/\/laredlarioja.com.ar\/sitio\/wp-content\/uploads\/2024\/03\/e_1710095371-1-768x1152.webp",640,960,true],"large":["https:\/\/laredlarioja.com.ar\/sitio\/wp-content\/uploads\/2024\/03\/e_1710095371-1-683x1024.webp",640,960,true],"1536x1536":["https:\/\/laredlarioja.com.ar\/sitio\/wp-content\/uploads\/2024\/03\/e_1710095371-1.webp",900,1350,false],"2048x2048":["https:\/\/laredlarioja.com.ar\/sitio\/wp-content\/uploads\/2024\/03\/e_1710095371-1.webp",900,1350,false],"cvmm-medium":["https:\/\/laredlarioja.com.ar\/sitio\/wp-content\/uploads\/2024\/03\/e_1710095371-1-300x300.webp",300,300,true],"cvmm-medium-plus":["https:\/\/laredlarioja.com.ar\/sitio\/wp-content\/uploads\/2024\/03\/e_1710095371-1-305x207.webp",305,207,true],"cvmm-portrait":["https:\/\/laredlarioja.com.ar\/sitio\/wp-content\/uploads\/2024\/03\/e_1710095371-1-400x600.webp",400,600,true],"cvmm-medium-square":["https:\/\/laredlarioja.com.ar\/sitio\/wp-content\/uploads\/2024\/03\/e_1710095371-1-600x600.webp",600,600,true],"cvmm-large":["https:\/\/laredlarioja.com.ar\/sitio\/wp-content\/uploads\/2024\/03\/e_1710095371-1-900x1024.webp",900,1024,true],"cvmm-small":["https:\/\/laredlarioja.com.ar\/sitio\/wp-content\/uploads\/2024\/03\/e_1710095371-1-130x95.webp",130,95,true],"morenews-large":["https:\/\/laredlarioja.com.ar\/sitio\/wp-content\/uploads\/2024\/03\/e_1710095371-1-825x575.webp",825,575,true],"morenews-medium":["https:\/\/laredlarioja.com.ar\/sitio\/wp-content\/uploads\/2024\/03\/e_1710095371-1-590x410.webp",590,410,true]},"author_info":{"display_name":"La Red","author_link":"https:\/\/laredlarioja.com.ar\/sitio\/author\/lared\/"},"category_info":"<a href=\"https:\/\/laredlarioja.com.ar\/sitio\/categorias\/deportes\/\" rel=\"category tag\">Deportes<\/a>","tag_info":"Deportes","comment_count":"0","blog_post_layout_featured_media_urls":{"thumbnail":["https:\/\/laredlarioja.com.ar\/sitio\/wp-content\/uploads\/2024\/03\/e_1710095371-1-150x150.webp",150,150,true],"full":["https:\/\/laredlarioja.com.ar\/sitio\/wp-content\/uploads\/2024\/03\/e_1710095371-1.webp",900,1350,false]},"categories_names":{"26":{"name":"Deportes","link":"https:\/\/laredlarioja.com.ar\/sitio\/categorias\/deportes\/"}},"tags_names":[],"comments_number":"0","wpmagazine_modules_lite_featured_media_urls":{"thumbnail":["https:\/\/laredlarioja.com.ar\/sitio\/wp-content\/uploads\/2024\/03\/e_1710095371-1-150x150.webp",150,150,true],"cvmm-medium":["https:\/\/laredlarioja.com.ar\/sitio\/wp-content\/uploads\/2024\/03\/e_1710095371-1-300x300.webp",300,300,true],"cvmm-medium-plus":["https:\/\/laredlarioja.com.ar\/sitio\/wp-content\/uploads\/2024\/03\/e_1710095371-1-305x207.webp",305,207,true],"cvmm-portrait":["https:\/\/laredlarioja.com.ar\/sitio\/wp-content\/uploads\/2024\/03\/e_1710095371-1-400x600.webp",400,600,true],"cvmm-medium-square":["https:\/\/laredlarioja.com.ar\/sitio\/wp-content\/uploads\/2024\/03\/e_1710095371-1-600x600.webp",600,600,true],"cvmm-large":["https:\/\/laredlarioja.com.ar\/sitio\/wp-content\/uploads\/2024\/03\/e_1710095371-1-900x1024.webp",900,1024,true],"cvmm-small":["https:\/\/laredlarioja.com.ar\/sitio\/wp-content\/uploads\/2024\/03\/e_1710095371-1-130x95.webp",130,95,true],"full":["https:\/\/laredlarioja.com.ar\/sitio\/wp-content\/uploads\/2024\/03\/e_1710095371-1.webp",900,1350,false]},"_links":{"self":[{"href":"https:\/\/laredlarioja.com.ar\/sitio\/wp-json\/wp\/v2\/posts\/43833","targetHints":{"allow":["GET"]}}],"collection":[{"href":"https:\/\/laredlarioja.com.ar\/sitio\/wp-json\/wp\/v2\/posts"}],"about":[{"href":"https:\/\/laredlarioja.com.ar\/sitio\/wp-json\/wp\/v2\/types\/post"}],"author":[{"embeddable":true,"href":"https:\/\/laredlarioja.com.ar\/sitio\/wp-json\/wp\/v2\/users\/10"}],"replies":[{"embeddable":true,"href":"https:\/\/laredlarioja.com.ar\/sitio\/wp-json\/wp\/v2\/comments?post=43833"}],"version-history":[{"count":4,"href":"https:\/\/laredlarioja.com.ar\/sitio\/wp-json\/wp\/v2\/posts\/43833\/revisions"}],"predecessor-version":[{"id":43839,"href":"https:\/\/laredlarioja.com.ar\/sitio\/wp-json\/wp\/v2\/posts\/43833\/revisions\/43839"}],"wp:featuredmedia":[{"embeddable":true,"href":"https:\/\/laredlarioja.com.ar\/sitio\/wp-json\/wp\/v2\/media\/43834"}],"wp:attachment":[{"href":"https:\/\/laredlarioja.com.ar\/sitio\/wp-json\/wp\/v2\/media?parent=43833"}],"wp:term":[{"taxonomy":"category","embeddable":true,"href":"https:\/\/laredlarioja.com.ar\/sitio\/wp-json\/wp\/v2\/categories?post=43833"},{"taxonomy":"post_tag","embeddable":true,"href":"https:\/\/laredlarioja.com.ar\/sitio\/wp-json\/wp\/v2\/tags?post=43833"}],"curies":[{"name":"wp","href":"https:\/\/api.w.org\/{rel}","templated":true}]}}