{"id":44554,"date":"2024-04-16T20:02:39","date_gmt":"2024-04-16T20:02:39","guid":{"rendered":"https:\/\/laredlarioja.com.ar\/sitio\/?p=44554"},"modified":"2024-04-17T21:41:34","modified_gmt":"2024-04-17T21:41:34","slug":"comunidades-rurales-denunciaron-ventas-fraudulentas-de-tierras-en-el-departamento-independencia","status":"publish","type":"post","link":"https:\/\/laredlarioja.com.ar\/sitio\/comunidades-rurales-denunciaron-ventas-fraudulentas-de-tierras-en-el-departamento-independencia\/","title":{"rendered":"Comunidades rurales denunciaron ventas fraudulentas de tierras en el departamento Independencia"},"content":{"rendered":"<p>El conflicto data desde hace varios a\u00f1os, pero se activ\u00f3 hace algunos d\u00edas cuando integrantes de comunidades rurales del departamento Independencia pretendieron liberar zonas que estaban cerradas o perimetradas. La situaci\u00f3n creci\u00f3 en tensi\u00f3n e inclusive tuvo que intervenir la Polic\u00eda local para evitar que el problema avance.<\/p>\n<p>Ante<strong> La Red<\/strong>, Roberto Claro, productor de la zona y propietario de las tierras en disputa, dijo que los compradores no tienen ni siquiera posesi\u00f3n en las hect\u00e1reas que demandan como propias, aunque puedan presentar como evidencias boletas de compra y venta. En este sentido, indic\u00f3 que se hicieron las presentaciones correspondientes en la Justicia y que est\u00e1n a la espera de una respuesta.<\/p>\n<p>Seg\u00fan el productor, los problemas por las miles de hect\u00e1reas que est\u00e1n en disputa data desde hace varios a\u00f1os, pero todo se agudiz\u00f3 cuando comenz\u00f3 a cercarse las zonas de pastoreo de los animales como as\u00ed tambi\u00e9n los lugares donde pueden beber agua.<\/p>\n<p>En comunicado que enviaron a los medios, \u201clas comunidades de los campos comuneros en la zona oeste del departamento Independencia\u201d indicaron que \u201cdurante los \u00faltimos cinco a\u00f1os, hemos sido v\u00edctimas de constantes atropellos y violaciones a las medidas de no innovar dictadas por el juez, perpetrados por usurpadores\u201d.<\/p>\n<p>\u201cLa situaci\u00f3n ha alcanzado un punto cr\u00edtico con la llegada de patoteros tra\u00eddos, por estos, desde Valle F\u00e9rtil, San Juan. Nuestras comunidades han sufrido agresiones y amenazas y polic\u00eda se ha visto obligada a pedir refuerzos. M\u00e1s de 100 familias est\u00e1n siendo afectadas por esta situaci\u00f3n insostenible, caracterizada por la falta de agua y la mortandad de animales, por culpa de los cerramientos con alambres por parte de los usurpadores\u201d, indicaron en el comunicado.<\/p>\n<p>\u201cExigimos que el juez H\u00e9ctor Barr\u00eda dicte una orden de desalojo urgente para los empresarios de la provincia de San Juan: Miguel Mercado, Dante Arostica, la sociedad de Diego Collado y los hermanos G\u00f3mez, Eduardo Elizondo y el concejal del Departamento Independencia, Luis Albornoz. Estos individuos han usurpado y alambrado los campos comunitarios, poniendo en peligro el arraigo y la permanencia de nuestras familias en el territorio\u201d, expresaron.<\/p>\n<p>Si el desalojo no se ordena por parte del juez Barr\u00eda, los vecinos productores sostienen que \u201cnos veremos obligados a ejercer nuestro derecho y sacaremos los alambrados de nuestros territorios ancestrales. Dejamos en claro que cualquier riesgo para la integridad f\u00edsica de los miembros de nuestra comunidad recaer\u00e1 en la responsabilidad del juez H\u00e9ctor Barr\u00eda y del Ministro de Tierras de la Provincia de La Rioja, Ariel Puy Soria\u201d. .<\/p>\n<p>Para el grupo de vecinos, las ventas de los terrenos han sido \u201cfraudulentas, en particular a la se\u00f1ora Natalia Soledad Pav\u00f3n, de Chilecito, quien se ha enriquecido a expensas de poner en peligro la subsistencia de m\u00e1s de 100 familias\u201d.<\/p>\n","protected":false},"excerpt":{"rendered":"<p>El conflicto data desde hace varios a\u00f1os, pero se activ\u00f3 hace algunos d\u00edas cuando integrantes de comunidades rurales<\/p>\n","protected":false},"author":8,"featured_media":44557,"comment_status":"closed","ping_status":"open","sticky":false,"template":"","format":"standard","meta":{"footnotes":""},"categories":[94],"tags":[],"class_list":["post-44554","post","type-post","status-publish","format-standard","has-post-thumbnail","hentry","category-locales"],"yoast_head":"<!-- This site is optimized with the Yoast SEO plugin v27.4 - https:\/\/yoast.com\/product\/yoast-seo-wordpress\/ -->\n<title>Comunidades rurales denunciaron ventas fraudulentas de tierras en el departamento Independencia - LA RED 88.3 LA RIOJA<\/title>\n<meta name=\"robots\" content=\"index, follow, max-snippet:-1, max-image-preview:large, max-video-preview:-1\" \/>\n<link rel=\"canonical\" href=\"https:\/\/laredlarioja.com.ar\/sitio\/comunidades-rurales-denunciaron-ventas-fraudulentas-de-tierras-en-el-departamento-independencia\/\" \/>\n<meta property=\"og:locale\" content=\"es_ES\" \/>\n<meta property=\"og:type\" content=\"article\" \/>\n<meta property=\"og:title\" content=\"Comunidades rurales denunciaron ventas fraudulentas de tierras en el departamento Independencia - LA RED 88.3 LA RIOJA\" \/>\n<meta property=\"og:description\" content=\"El conflicto data desde hace varios a\u00f1os, pero se activ\u00f3 hace algunos d\u00edas cuando integrantes de comunidades rurales\" \/>\n<meta property=\"og:url\" content=\"https:\/\/laredlarioja.com.ar\/sitio\/comunidades-rurales-denunciaron-ventas-fraudulentas-de-tierras-en-el-departamento-independencia\/\" \/>\n<meta property=\"og:site_name\" content=\"LA RED 88.3 LA RIOJA\" \/>\n<meta property=\"article:publisher\" content=\"https:\/\/www.facebook.com\/lared.larioja\" \/>\n<meta property=\"article:published_time\" content=\"2024-04-16T20:02:39+00:00\" \/>\n<meta property=\"article:modified_time\" content=\"2024-04-17T21:41:34+00:00\" \/>\n<meta property=\"og:image\" content=\"https:\/\/laredlarioja.com.ar\/sitio\/wp-content\/uploads\/2024\/04\/apatquia.jpg\" \/>\n\t<meta property=\"og:image:width\" content=\"742\" \/>\n\t<meta property=\"og:image:height\" content=\"435\" \/>\n\t<meta property=\"og:image:type\" content=\"image\/jpeg\" \/>\n<meta name=\"author\" content=\"Mart\u00edn Ruarte\" \/>\n<meta name=\"twitter:card\" content=\"summary_large_image\" \/>\n<meta name=\"twitter:creator\" content=\"@laredlarioja1\" \/>\n<meta name=\"twitter:site\" content=\"@laredlarioja1\" \/>\n<meta name=\"twitter:label1\" content=\"Escrito por\" \/>\n\t<meta name=\"twitter:data1\" content=\"Mart\u00edn Ruarte\" \/>\n\t<meta name=\"twitter:label2\" content=\"Tiempo de lectura\" \/>\n\t<meta name=\"twitter:data2\" content=\"2 minutos\" \/>\n<script type=\"application\/ld+json\" class=\"yoast-schema-graph\">{\"@context\":\"https:\\\/\\\/schema.org\",\"@graph\":[{\"@type\":\"Article\",\"@id\":\"https:\\\/\\\/laredlarioja.com.ar\\\/sitio\\\/comunidades-rurales-denunciaron-ventas-fraudulentas-de-tierras-en-el-departamento-independencia\\\/#article\",\"isPartOf\":{\"@id\":\"https:\\\/\\\/laredlarioja.com.ar\\\/sitio\\\/comunidades-rurales-denunciaron-ventas-fraudulentas-de-tierras-en-el-departamento-independencia\\\/\"},\"author\":{\"name\":\"Mart\u00edn Ruarte\",\"@id\":\"https:\\\/\\\/laredlarioja.com.ar\\\/sitio\\\/#\\\/schema\\\/person\\\/3b1600cc7f8fd3617dc50f96d3503489\"},\"headline\":\"Comunidades rurales denunciaron ventas fraudulentas de tierras en el departamento Independencia\",\"datePublished\":\"2024-04-16T20:02:39+00:00\",\"dateModified\":\"2024-04-17T21:41:34+00:00\",\"mainEntityOfPage\":{\"@id\":\"https:\\\/\\\/laredlarioja.com.ar\\\/sitio\\\/comunidades-rurales-denunciaron-ventas-fraudulentas-de-tierras-en-el-departamento-independencia\\\/\"},\"wordCount\":496,\"publisher\":{\"@id\":\"https:\\\/\\\/laredlarioja.com.ar\\\/sitio\\\/#organization\"},\"image\":{\"@id\":\"https:\\\/\\\/laredlarioja.com.ar\\\/sitio\\\/comunidades-rurales-denunciaron-ventas-fraudulentas-de-tierras-en-el-departamento-independencia\\\/#primaryimage\"},\"thumbnailUrl\":\"https:\\\/\\\/laredlarioja.com.ar\\\/sitio\\\/wp-content\\\/uploads\\\/2024\\\/04\\\/apatquia.jpg\",\"articleSection\":[\"Locales\"],\"inLanguage\":\"es\"},{\"@type\":\"WebPage\",\"@id\":\"https:\\\/\\\/laredlarioja.com.ar\\\/sitio\\\/comunidades-rurales-denunciaron-ventas-fraudulentas-de-tierras-en-el-departamento-independencia\\\/\",\"url\":\"https:\\\/\\\/laredlarioja.com.ar\\\/sitio\\\/comunidades-rurales-denunciaron-ventas-fraudulentas-de-tierras-en-el-departamento-independencia\\\/\",\"name\":\"Comunidades rurales denunciaron ventas fraudulentas de tierras en el departamento Independencia - LA RED 88.3 LA RIOJA\",\"isPartOf\":{\"@id\":\"https:\\\/\\\/laredlarioja.com.ar\\\/sitio\\\/#website\"},\"primaryImageOfPage\":{\"@id\":\"https:\\\/\\\/laredlarioja.com.ar\\\/sitio\\\/comunidades-rurales-denunciaron-ventas-fraudulentas-de-tierras-en-el-departamento-independencia\\\/#primaryimage\"},\"image\":{\"@id\":\"https:\\\/\\\/laredlarioja.com.ar\\\/sitio\\\/comunidades-rurales-denunciaron-ventas-fraudulentas-de-tierras-en-el-departamento-independencia\\\/#primaryimage\"},\"thumbnailUrl\":\"https:\\\/\\\/laredlarioja.com.ar\\\/sitio\\\/wp-content\\\/uploads\\\/2024\\\/04\\\/apatquia.jpg\",\"datePublished\":\"2024-04-16T20:02:39+00:00\",\"dateModified\":\"2024-04-17T21:41:34+00:00\",\"breadcrumb\":{\"@id\":\"https:\\\/\\\/laredlarioja.com.ar\\\/sitio\\\/comunidades-rurales-denunciaron-ventas-fraudulentas-de-tierras-en-el-departamento-independencia\\\/#breadcrumb\"},\"inLanguage\":\"es\",\"potentialAction\":[{\"@type\":\"ReadAction\",\"target\":[\"https:\\\/\\\/laredlarioja.com.ar\\\/sitio\\\/comunidades-rurales-denunciaron-ventas-fraudulentas-de-tierras-en-el-departamento-independencia\\\/\"]}]},{\"@type\":\"ImageObject\",\"inLanguage\":\"es\",\"@id\":\"https:\\\/\\\/laredlarioja.com.ar\\\/sitio\\\/comunidades-rurales-denunciaron-ventas-fraudulentas-de-tierras-en-el-departamento-independencia\\\/#primaryimage\",\"url\":\"https:\\\/\\\/laredlarioja.com.ar\\\/sitio\\\/wp-content\\\/uploads\\\/2024\\\/04\\\/apatquia.jpg\",\"contentUrl\":\"https:\\\/\\\/laredlarioja.com.ar\\\/sitio\\\/wp-content\\\/uploads\\\/2024\\\/04\\\/apatquia.jpg\",\"width\":742,\"height\":435},{\"@type\":\"BreadcrumbList\",\"@id\":\"https:\\\/\\\/laredlarioja.com.ar\\\/sitio\\\/comunidades-rurales-denunciaron-ventas-fraudulentas-de-tierras-en-el-departamento-independencia\\\/#breadcrumb\",\"itemListElement\":[{\"@type\":\"ListItem\",\"position\":1,\"name\":\"Portada\",\"item\":\"https:\\\/\\\/laredlarioja.com.ar\\\/sitio\\\/\"},{\"@type\":\"ListItem\",\"position\":2,\"name\":\"Comunidades rurales denunciaron ventas fraudulentas de tierras en el departamento Independencia\"}]},{\"@type\":\"WebSite\",\"@id\":\"https:\\\/\\\/laredlarioja.com.ar\\\/sitio\\\/#website\",\"url\":\"https:\\\/\\\/laredlarioja.com.ar\\\/sitio\\\/\",\"name\":\"LA RED 88.3 LA RIOJA\",\"description\":\"Sitio de Noticias\",\"publisher\":{\"@id\":\"https:\\\/\\\/laredlarioja.com.ar\\\/sitio\\\/#organization\"},\"potentialAction\":[{\"@type\":\"SearchAction\",\"target\":{\"@type\":\"EntryPoint\",\"urlTemplate\":\"https:\\\/\\\/laredlarioja.com.ar\\\/sitio\\\/?s={search_term_string}\"},\"query-input\":{\"@type\":\"PropertyValueSpecification\",\"valueRequired\":true,\"valueName\":\"search_term_string\"}}],\"inLanguage\":\"es\"},{\"@type\":\"Organization\",\"@id\":\"https:\\\/\\\/laredlarioja.com.ar\\\/sitio\\\/#organization\",\"name\":\"LA RED 88.3 LA RIOJA\",\"url\":\"https:\\\/\\\/laredlarioja.com.ar\\\/sitio\\\/\",\"logo\":{\"@type\":\"ImageObject\",\"inLanguage\":\"es\",\"@id\":\"https:\\\/\\\/laredlarioja.com.ar\\\/sitio\\\/#\\\/schema\\\/logo\\\/image\\\/\",\"url\":\"https:\\\/\\\/laredlarioja.com.ar\\\/sitio\\\/wp-content\\\/uploads\\\/2025\\\/05\\\/LOGO-LA-RED.png\",\"contentUrl\":\"https:\\\/\\\/laredlarioja.com.ar\\\/sitio\\\/wp-content\\\/uploads\\\/2025\\\/05\\\/LOGO-LA-RED.png\",\"width\":193,\"height\":340,\"caption\":\"LA RED 88.3 LA RIOJA\"},\"image\":{\"@id\":\"https:\\\/\\\/laredlarioja.com.ar\\\/sitio\\\/#\\\/schema\\\/logo\\\/image\\\/\"},\"sameAs\":[\"https:\\\/\\\/www.facebook.com\\\/lared.larioja\",\"https:\\\/\\\/x.com\\\/laredlarioja1\",\"https:\\\/\\\/www.instagram.com\\\/lared_larioja\\\/\"]},{\"@type\":\"Person\",\"@id\":\"https:\\\/\\\/laredlarioja.com.ar\\\/sitio\\\/#\\\/schema\\\/person\\\/3b1600cc7f8fd3617dc50f96d3503489\",\"name\":\"Mart\u00edn Ruarte\",\"url\":\"https:\\\/\\\/laredlarioja.com.ar\\\/sitio\\\/author\\\/mruarte\\\/\"}]}<\/script>\n<!-- \/ Yoast SEO plugin. -->","yoast_head_json":{"title":"Comunidades rurales denunciaron ventas fraudulentas de tierras en el departamento Independencia - LA RED 88.3 LA RIOJA","robots":{"index":"index","follow":"follow","max-snippet":"max-snippet:-1","max-image-preview":"max-image-preview:large","max-video-preview":"max-video-preview:-1"},"canonical":"https:\/\/laredlarioja.com.ar\/sitio\/comunidades-rurales-denunciaron-ventas-fraudulentas-de-tierras-en-el-departamento-independencia\/","og_locale":"es_ES","og_type":"article","og_title":"Comunidades rurales denunciaron ventas fraudulentas de tierras en el departamento Independencia - LA RED 88.3 LA RIOJA","og_description":"El conflicto data desde hace varios a\u00f1os, pero se activ\u00f3 hace algunos d\u00edas cuando integrantes de comunidades rurales","og_url":"https:\/\/laredlarioja.com.ar\/sitio\/comunidades-rurales-denunciaron-ventas-fraudulentas-de-tierras-en-el-departamento-independencia\/","og_site_name":"LA RED 88.3 LA RIOJA","article_publisher":"https:\/\/www.facebook.com\/lared.larioja","article_published_time":"2024-04-16T20:02:39+00:00","article_modified_time":"2024-04-17T21:41:34+00:00","og_image":[{"width":742,"height":435,"url":"https:\/\/laredlarioja.com.ar\/sitio\/wp-content\/uploads\/2024\/04\/apatquia.jpg","type":"image\/jpeg"}],"author":"Mart\u00edn Ruarte","twitter_card":"summary_large_image","twitter_creator":"@laredlarioja1","twitter_site":"@laredlarioja1","twitter_misc":{"Escrito por":"Mart\u00edn Ruarte","Tiempo de lectura":"2 minutos"},"schema":{"@context":"https:\/\/schema.org","@graph":[{"@type":"Article","@id":"https:\/\/laredlarioja.com.ar\/sitio\/comunidades-rurales-denunciaron-ventas-fraudulentas-de-tierras-en-el-departamento-independencia\/#article","isPartOf":{"@id":"https:\/\/laredlarioja.com.ar\/sitio\/comunidades-rurales-denunciaron-ventas-fraudulentas-de-tierras-en-el-departamento-independencia\/"},"author":{"name":"Mart\u00edn Ruarte","@id":"https:\/\/laredlarioja.com.ar\/sitio\/#\/schema\/person\/3b1600cc7f8fd3617dc50f96d3503489"},"headline":"Comunidades rurales denunciaron ventas fraudulentas de tierras en el departamento Independencia","datePublished":"2024-04-16T20:02:39+00:00","dateModified":"2024-04-17T21:41:34+00:00","mainEntityOfPage":{"@id":"https:\/\/laredlarioja.com.ar\/sitio\/comunidades-rurales-denunciaron-ventas-fraudulentas-de-tierras-en-el-departamento-independencia\/"},"wordCount":496,"publisher":{"@id":"https:\/\/laredlarioja.com.ar\/sitio\/#organization"},"image":{"@id":"https:\/\/laredlarioja.com.ar\/sitio\/comunidades-rurales-denunciaron-ventas-fraudulentas-de-tierras-en-el-departamento-independencia\/#primaryimage"},"thumbnailUrl":"https:\/\/laredlarioja.com.ar\/sitio\/wp-content\/uploads\/2024\/04\/apatquia.jpg","articleSection":["Locales"],"inLanguage":"es"},{"@type":"WebPage","@id":"https:\/\/laredlarioja.com.ar\/sitio\/comunidades-rurales-denunciaron-ventas-fraudulentas-de-tierras-en-el-departamento-independencia\/","url":"https:\/\/laredlarioja.com.ar\/sitio\/comunidades-rurales-denunciaron-ventas-fraudulentas-de-tierras-en-el-departamento-independencia\/","name":"Comunidades rurales denunciaron ventas fraudulentas de tierras en el departamento Independencia - LA RED 88.3 LA RIOJA","isPartOf":{"@id":"https:\/\/laredlarioja.com.ar\/sitio\/#website"},"primaryImageOfPage":{"@id":"https:\/\/laredlarioja.com.ar\/sitio\/comunidades-rurales-denunciaron-ventas-fraudulentas-de-tierras-en-el-departamento-independencia\/#primaryimage"},"image":{"@id":"https:\/\/laredlarioja.com.ar\/sitio\/comunidades-rurales-denunciaron-ventas-fraudulentas-de-tierras-en-el-departamento-independencia\/#primaryimage"},"thumbnailUrl":"https:\/\/laredlarioja.com.ar\/sitio\/wp-content\/uploads\/2024\/04\/apatquia.jpg","datePublished":"2024-04-16T20:02:39+00:00","dateModified":"2024-04-17T21:41:34+00:00","breadcrumb":{"@id":"https:\/\/laredlarioja.com.ar\/sitio\/comunidades-rurales-denunciaron-ventas-fraudulentas-de-tierras-en-el-departamento-independencia\/#breadcrumb"},"inLanguage":"es","potentialAction":[{"@type":"ReadAction","target":["https:\/\/laredlarioja.com.ar\/sitio\/comunidades-rurales-denunciaron-ventas-fraudulentas-de-tierras-en-el-departamento-independencia\/"]}]},{"@type":"ImageObject","inLanguage":"es","@id":"https:\/\/laredlarioja.com.ar\/sitio\/comunidades-rurales-denunciaron-ventas-fraudulentas-de-tierras-en-el-departamento-independencia\/#primaryimage","url":"https:\/\/laredlarioja.com.ar\/sitio\/wp-content\/uploads\/2024\/04\/apatquia.jpg","contentUrl":"https:\/\/laredlarioja.com.ar\/sitio\/wp-content\/uploads\/2024\/04\/apatquia.jpg","width":742,"height":435},{"@type":"BreadcrumbList","@id":"https:\/\/laredlarioja.com.ar\/sitio\/comunidades-rurales-denunciaron-ventas-fraudulentas-de-tierras-en-el-departamento-independencia\/#breadcrumb","itemListElement":[{"@type":"ListItem","position":1,"name":"Portada","item":"https:\/\/laredlarioja.com.ar\/sitio\/"},{"@type":"ListItem","position":2,"name":"Comunidades rurales denunciaron ventas fraudulentas de tierras en el departamento Independencia"}]},{"@type":"WebSite","@id":"https:\/\/laredlarioja.com.ar\/sitio\/#website","url":"https:\/\/laredlarioja.com.ar\/sitio\/","name":"LA RED 88.3 LA RIOJA","description":"Sitio de Noticias","publisher":{"@id":"https:\/\/laredlarioja.com.ar\/sitio\/#organization"},"potentialAction":[{"@type":"SearchAction","target":{"@type":"EntryPoint","urlTemplate":"https:\/\/laredlarioja.com.ar\/sitio\/?s={search_term_string}"},"query-input":{"@type":"PropertyValueSpecification","valueRequired":true,"valueName":"search_term_string"}}],"inLanguage":"es"},{"@type":"Organization","@id":"https:\/\/laredlarioja.com.ar\/sitio\/#organization","name":"LA RED 88.3 LA RIOJA","url":"https:\/\/laredlarioja.com.ar\/sitio\/","logo":{"@type":"ImageObject","inLanguage":"es","@id":"https:\/\/laredlarioja.com.ar\/sitio\/#\/schema\/logo\/image\/","url":"https:\/\/laredlarioja.com.ar\/sitio\/wp-content\/uploads\/2025\/05\/LOGO-LA-RED.png","contentUrl":"https:\/\/laredlarioja.com.ar\/sitio\/wp-content\/uploads\/2025\/05\/LOGO-LA-RED.png","width":193,"height":340,"caption":"LA RED 88.3 LA RIOJA"},"image":{"@id":"https:\/\/laredlarioja.com.ar\/sitio\/#\/schema\/logo\/image\/"},"sameAs":["https:\/\/www.facebook.com\/lared.larioja","https:\/\/x.com\/laredlarioja1","https:\/\/www.instagram.com\/lared_larioja\/"]},{"@type":"Person","@id":"https:\/\/laredlarioja.com.ar\/sitio\/#\/schema\/person\/3b1600cc7f8fd3617dc50f96d3503489","name":"Mart\u00edn Ruarte","url":"https:\/\/laredlarioja.com.ar\/sitio\/author\/mruarte\/"}]}},"featured_image_urls":{"full":["https:\/\/laredlarioja.com.ar\/sitio\/wp-content\/uploads\/2024\/04\/apatquia.jpg",742,435,false],"thumbnail":["https:\/\/laredlarioja.com.ar\/sitio\/wp-content\/uploads\/2024\/04\/apatquia-150x150.jpg",150,150,true],"medium":["https:\/\/laredlarioja.com.ar\/sitio\/wp-content\/uploads\/2024\/04\/apatquia-300x176.jpg",300,176,true],"medium_large":["https:\/\/laredlarioja.com.ar\/sitio\/wp-content\/uploads\/2024\/04\/apatquia.jpg",640,375,false],"large":["https:\/\/laredlarioja.com.ar\/sitio\/wp-content\/uploads\/2024\/04\/apatquia.jpg",640,375,false],"1536x1536":["https:\/\/laredlarioja.com.ar\/sitio\/wp-content\/uploads\/2024\/04\/apatquia.jpg",742,435,false],"2048x2048":["https:\/\/laredlarioja.com.ar\/sitio\/wp-content\/uploads\/2024\/04\/apatquia.jpg",742,435,false],"cvmm-medium":["https:\/\/laredlarioja.com.ar\/sitio\/wp-content\/uploads\/2024\/04\/apatquia-300x300.jpg",300,300,true],"cvmm-medium-plus":["https:\/\/laredlarioja.com.ar\/sitio\/wp-content\/uploads\/2024\/04\/apatquia-305x207.jpg",305,207,true],"cvmm-portrait":["https:\/\/laredlarioja.com.ar\/sitio\/wp-content\/uploads\/2024\/04\/apatquia-400x435.jpg",400,435,true],"cvmm-medium-square":["https:\/\/laredlarioja.com.ar\/sitio\/wp-content\/uploads\/2024\/04\/apatquia-600x435.jpg",600,435,true],"cvmm-large":["https:\/\/laredlarioja.com.ar\/sitio\/wp-content\/uploads\/2024\/04\/apatquia.jpg",742,435,false],"cvmm-small":["https:\/\/laredlarioja.com.ar\/sitio\/wp-content\/uploads\/2024\/04\/apatquia-130x95.jpg",130,95,true],"morenews-large":["https:\/\/laredlarioja.com.ar\/sitio\/wp-content\/uploads\/2024\/04\/apatquia.jpg",742,435,false],"morenews-medium":["https:\/\/laredlarioja.com.ar\/sitio\/wp-content\/uploads\/2024\/04\/apatquia-590x410.jpg",590,410,true]},"author_info":{"display_name":"Mart\u00edn Ruarte","author_link":"https:\/\/laredlarioja.com.ar\/sitio\/author\/mruarte\/"},"category_info":"<a href=\"https:\/\/laredlarioja.com.ar\/sitio\/categorias\/locales\/\" rel=\"category tag\">Locales<\/a>","tag_info":"Locales","comment_count":"0","blog_post_layout_featured_media_urls":{"thumbnail":["https:\/\/laredlarioja.com.ar\/sitio\/wp-content\/uploads\/2024\/04\/apatquia-150x150.jpg",150,150,true],"full":["https:\/\/laredlarioja.com.ar\/sitio\/wp-content\/uploads\/2024\/04\/apatquia.jpg",742,435,false]},"categories_names":{"94":{"name":"Locales","link":"https:\/\/laredlarioja.com.ar\/sitio\/categorias\/locales\/"}},"tags_names":[],"comments_number":"0","wpmagazine_modules_lite_featured_media_urls":{"thumbnail":["https:\/\/laredlarioja.com.ar\/sitio\/wp-content\/uploads\/2024\/04\/apatquia-150x150.jpg",150,150,true],"cvmm-medium":["https:\/\/laredlarioja.com.ar\/sitio\/wp-content\/uploads\/2024\/04\/apatquia-300x300.jpg",300,300,true],"cvmm-medium-plus":["https:\/\/laredlarioja.com.ar\/sitio\/wp-content\/uploads\/2024\/04\/apatquia-305x207.jpg",305,207,true],"cvmm-portrait":["https:\/\/laredlarioja.com.ar\/sitio\/wp-content\/uploads\/2024\/04\/apatquia-400x435.jpg",400,435,true],"cvmm-medium-square":["https:\/\/laredlarioja.com.ar\/sitio\/wp-content\/uploads\/2024\/04\/apatquia-600x435.jpg",600,435,true],"cvmm-large":["https:\/\/laredlarioja.com.ar\/sitio\/wp-content\/uploads\/2024\/04\/apatquia.jpg",742,435,false],"cvmm-small":["https:\/\/laredlarioja.com.ar\/sitio\/wp-content\/uploads\/2024\/04\/apatquia-130x95.jpg",130,95,true],"full":["https:\/\/laredlarioja.com.ar\/sitio\/wp-content\/uploads\/2024\/04\/apatquia.jpg",742,435,false]},"_links":{"self":[{"href":"https:\/\/laredlarioja.com.ar\/sitio\/wp-json\/wp\/v2\/posts\/44554","targetHints":{"allow":["GET"]}}],"collection":[{"href":"https:\/\/laredlarioja.com.ar\/sitio\/wp-json\/wp\/v2\/posts"}],"about":[{"href":"https:\/\/laredlarioja.com.ar\/sitio\/wp-json\/wp\/v2\/types\/post"}],"author":[{"embeddable":true,"href":"https:\/\/laredlarioja.com.ar\/sitio\/wp-json\/wp\/v2\/users\/8"}],"replies":[{"embeddable":true,"href":"https:\/\/laredlarioja.com.ar\/sitio\/wp-json\/wp\/v2\/comments?post=44554"}],"version-history":[{"count":1,"href":"https:\/\/laredlarioja.com.ar\/sitio\/wp-json\/wp\/v2\/posts\/44554\/revisions"}],"predecessor-version":[{"id":44558,"href":"https:\/\/laredlarioja.com.ar\/sitio\/wp-json\/wp\/v2\/posts\/44554\/revisions\/44558"}],"wp:featuredmedia":[{"embeddable":true,"href":"https:\/\/laredlarioja.com.ar\/sitio\/wp-json\/wp\/v2\/media\/44557"}],"wp:attachment":[{"href":"https:\/\/laredlarioja.com.ar\/sitio\/wp-json\/wp\/v2\/media?parent=44554"}],"wp:term":[{"taxonomy":"category","embeddable":true,"href":"https:\/\/laredlarioja.com.ar\/sitio\/wp-json\/wp\/v2\/categories?post=44554"},{"taxonomy":"post_tag","embeddable":true,"href":"https:\/\/laredlarioja.com.ar\/sitio\/wp-json\/wp\/v2\/tags?post=44554"}],"curies":[{"name":"wp","href":"https:\/\/api.w.org\/{rel}","templated":true}]}}