{"id":44701,"date":"2024-04-19T22:23:24","date_gmt":"2024-04-19T22:23:24","guid":{"rendered":"https:\/\/laredlarioja.com.ar\/sitio\/?p=44701"},"modified":"2024-04-20T20:58:27","modified_gmt":"2024-04-20T20:58:27","slug":"atsa-acudio-a-la-secretaria-de-trabajo-para-exigir-el-pago-de-deudas-de-las-empresas-de-salud","status":"publish","type":"post","link":"https:\/\/laredlarioja.com.ar\/sitio\/atsa-acudio-a-la-secretaria-de-trabajo-para-exigir-el-pago-de-deudas-de-las-empresas-de-salud\/","title":{"rendered":"ATSA acudi\u00f3 a la secretar\u00eda de Trabajo para exigir el pago de deudas de las empresas de salud"},"content":{"rendered":"<p>Varias empresas de salud est\u00e1n retrasadas en los pagos que deben realizar, entre ellos, pagos a los y las trabajadoras. En algunos casos aducen que la obra social provincial APOS no actualiza el pago, pero desde ATSA, sindicato que nuclea al personal de la sanidad, indic\u00f3 que se acudi\u00f3 a la secretar\u00eda de Trabajo para exigir que las empresas achiquen la deuda.<\/p>\n<p>Ante La Red, Nicol\u00e1s de la Fuente, secretario de ATSA, dijo que hay empresas que deben 21 meses de actualizaci\u00f3n salarial. \u201cSe com\u00edan el tema de los incrementos salariales que constru\u00eda el sindicato a trav\u00e9s de paritaria, y a los trabajadores no les pagaban\u201d, sostuvo el gremialista.<\/p>\n<p>\u201cLogramos un acuerdo para pagar en cuotas, para no poner en riesgo la fuente de trabajo cuando en realidad tendr\u00edan que poner toda la plata, pero bueno, no se logra que paguen lo que acordamos en la secretar\u00eda de trabajo\u201d, expres\u00f3 De la Fuente.<\/p>\n<p>\u201cLe echan la culpa a la obra social provincial, que es la mayoritaria, que no les paga, que tienen deuda, y lo que sufren las consecuencias son los trabajadores\u201d, agreg\u00f3.<\/p>\n<p>\u201cToda esta cuesti\u00f3n ha llevado a que hagamos una denuncia a la secretar\u00eda de Trabajo y al Ministro de Trabajo Federico Baz\u00e1n, a fin de que vuelvan a consultar al sindicato acerca de las deudas que tienen las empresas de salud con los trabajadores, porque ellos les emiten una libre deuda para que puedan cobrar las facturaciones de la obra social provincial\u201d, denunci\u00f3 el gremialista.<\/p>\n<p>Seg\u00fan De la Fuente, le \u201csobran los dedos de una mano para decir las empresas de salud que est\u00e1n al d\u00eda\u201d. Asimismo, agreg\u00f3 que \u201cla ley establece multas para los empresarios que no cumplen con todo tipo de cuestiones salariales\u201d.<\/p>\n","protected":false},"excerpt":{"rendered":"<p>Varias empresas de salud est\u00e1n retrasadas en los pagos que deben realizar, entre ellos, pagos a los y<\/p>\n","protected":false},"author":8,"featured_media":39863,"comment_status":"closed","ping_status":"open","sticky":false,"template":"","format":"standard","meta":{"footnotes":""},"categories":[94],"tags":[],"class_list":["post-44701","post","type-post","status-publish","format-standard","has-post-thumbnail","hentry","category-locales"],"yoast_head":"<!-- This site is optimized with the Yoast SEO plugin v27.4 - https:\/\/yoast.com\/product\/yoast-seo-wordpress\/ -->\n<title>ATSA acudi\u00f3 a la secretar\u00eda de Trabajo para exigir el pago de deudas de las empresas de salud - LA RED 88.3 LA RIOJA<\/title>\n<meta name=\"robots\" content=\"index, follow, max-snippet:-1, max-image-preview:large, max-video-preview:-1\" \/>\n<link rel=\"canonical\" href=\"https:\/\/laredlarioja.com.ar\/sitio\/atsa-acudio-a-la-secretaria-de-trabajo-para-exigir-el-pago-de-deudas-de-las-empresas-de-salud\/\" \/>\n<meta property=\"og:locale\" content=\"es_ES\" \/>\n<meta property=\"og:type\" content=\"article\" \/>\n<meta property=\"og:title\" content=\"ATSA acudi\u00f3 a la secretar\u00eda de Trabajo para exigir el pago de deudas de las empresas de salud - LA RED 88.3 LA RIOJA\" \/>\n<meta property=\"og:description\" content=\"Varias empresas de salud est\u00e1n retrasadas en los pagos que deben realizar, entre ellos, pagos a los y\" \/>\n<meta property=\"og:url\" content=\"https:\/\/laredlarioja.com.ar\/sitio\/atsa-acudio-a-la-secretaria-de-trabajo-para-exigir-el-pago-de-deudas-de-las-empresas-de-salud\/\" \/>\n<meta property=\"og:site_name\" content=\"LA RED 88.3 LA RIOJA\" \/>\n<meta property=\"article:publisher\" content=\"https:\/\/www.facebook.com\/lared.larioja\" \/>\n<meta property=\"article:published_time\" content=\"2024-04-19T22:23:24+00:00\" \/>\n<meta property=\"article:modified_time\" content=\"2024-04-20T20:58:27+00:00\" \/>\n<meta property=\"og:image\" content=\"https:\/\/laredlarioja.com.ar\/sitio\/wp-content\/uploads\/2023\/12\/atsa-nicolas-de-la-fuente.jpg\" \/>\n\t<meta property=\"og:image:width\" content=\"1252\" \/>\n\t<meta property=\"og:image:height\" content=\"827\" \/>\n\t<meta property=\"og:image:type\" content=\"image\/jpeg\" \/>\n<meta name=\"author\" content=\"Mart\u00edn Ruarte\" \/>\n<meta name=\"twitter:card\" content=\"summary_large_image\" \/>\n<meta name=\"twitter:creator\" content=\"@laredlarioja1\" \/>\n<meta name=\"twitter:site\" content=\"@laredlarioja1\" \/>\n<meta name=\"twitter:label1\" content=\"Escrito por\" \/>\n\t<meta name=\"twitter:data1\" content=\"Mart\u00edn Ruarte\" \/>\n\t<meta name=\"twitter:label2\" content=\"Tiempo de lectura\" \/>\n\t<meta name=\"twitter:data2\" content=\"2 minutos\" \/>\n<script type=\"application\/ld+json\" class=\"yoast-schema-graph\">{\"@context\":\"https:\\\/\\\/schema.org\",\"@graph\":[{\"@type\":\"Article\",\"@id\":\"https:\\\/\\\/laredlarioja.com.ar\\\/sitio\\\/atsa-acudio-a-la-secretaria-de-trabajo-para-exigir-el-pago-de-deudas-de-las-empresas-de-salud\\\/#article\",\"isPartOf\":{\"@id\":\"https:\\\/\\\/laredlarioja.com.ar\\\/sitio\\\/atsa-acudio-a-la-secretaria-de-trabajo-para-exigir-el-pago-de-deudas-de-las-empresas-de-salud\\\/\"},\"author\":{\"name\":\"Mart\u00edn Ruarte\",\"@id\":\"https:\\\/\\\/laredlarioja.com.ar\\\/sitio\\\/#\\\/schema\\\/person\\\/3b1600cc7f8fd3617dc50f96d3503489\"},\"headline\":\"ATSA acudi\u00f3 a la secretar\u00eda de Trabajo para exigir el pago de deudas de las empresas de salud\",\"datePublished\":\"2024-04-19T22:23:24+00:00\",\"dateModified\":\"2024-04-20T20:58:27+00:00\",\"mainEntityOfPage\":{\"@id\":\"https:\\\/\\\/laredlarioja.com.ar\\\/sitio\\\/atsa-acudio-a-la-secretaria-de-trabajo-para-exigir-el-pago-de-deudas-de-las-empresas-de-salud\\\/\"},\"wordCount\":321,\"publisher\":{\"@id\":\"https:\\\/\\\/laredlarioja.com.ar\\\/sitio\\\/#organization\"},\"image\":{\"@id\":\"https:\\\/\\\/laredlarioja.com.ar\\\/sitio\\\/atsa-acudio-a-la-secretaria-de-trabajo-para-exigir-el-pago-de-deudas-de-las-empresas-de-salud\\\/#primaryimage\"},\"thumbnailUrl\":\"https:\\\/\\\/laredlarioja.com.ar\\\/sitio\\\/wp-content\\\/uploads\\\/2023\\\/12\\\/atsa-nicolas-de-la-fuente.jpg\",\"articleSection\":[\"Locales\"],\"inLanguage\":\"es\"},{\"@type\":\"WebPage\",\"@id\":\"https:\\\/\\\/laredlarioja.com.ar\\\/sitio\\\/atsa-acudio-a-la-secretaria-de-trabajo-para-exigir-el-pago-de-deudas-de-las-empresas-de-salud\\\/\",\"url\":\"https:\\\/\\\/laredlarioja.com.ar\\\/sitio\\\/atsa-acudio-a-la-secretaria-de-trabajo-para-exigir-el-pago-de-deudas-de-las-empresas-de-salud\\\/\",\"name\":\"ATSA acudi\u00f3 a la secretar\u00eda de Trabajo para exigir el pago de deudas de las empresas de salud - LA RED 88.3 LA RIOJA\",\"isPartOf\":{\"@id\":\"https:\\\/\\\/laredlarioja.com.ar\\\/sitio\\\/#website\"},\"primaryImageOfPage\":{\"@id\":\"https:\\\/\\\/laredlarioja.com.ar\\\/sitio\\\/atsa-acudio-a-la-secretaria-de-trabajo-para-exigir-el-pago-de-deudas-de-las-empresas-de-salud\\\/#primaryimage\"},\"image\":{\"@id\":\"https:\\\/\\\/laredlarioja.com.ar\\\/sitio\\\/atsa-acudio-a-la-secretaria-de-trabajo-para-exigir-el-pago-de-deudas-de-las-empresas-de-salud\\\/#primaryimage\"},\"thumbnailUrl\":\"https:\\\/\\\/laredlarioja.com.ar\\\/sitio\\\/wp-content\\\/uploads\\\/2023\\\/12\\\/atsa-nicolas-de-la-fuente.jpg\",\"datePublished\":\"2024-04-19T22:23:24+00:00\",\"dateModified\":\"2024-04-20T20:58:27+00:00\",\"breadcrumb\":{\"@id\":\"https:\\\/\\\/laredlarioja.com.ar\\\/sitio\\\/atsa-acudio-a-la-secretaria-de-trabajo-para-exigir-el-pago-de-deudas-de-las-empresas-de-salud\\\/#breadcrumb\"},\"inLanguage\":\"es\",\"potentialAction\":[{\"@type\":\"ReadAction\",\"target\":[\"https:\\\/\\\/laredlarioja.com.ar\\\/sitio\\\/atsa-acudio-a-la-secretaria-de-trabajo-para-exigir-el-pago-de-deudas-de-las-empresas-de-salud\\\/\"]}]},{\"@type\":\"ImageObject\",\"inLanguage\":\"es\",\"@id\":\"https:\\\/\\\/laredlarioja.com.ar\\\/sitio\\\/atsa-acudio-a-la-secretaria-de-trabajo-para-exigir-el-pago-de-deudas-de-las-empresas-de-salud\\\/#primaryimage\",\"url\":\"https:\\\/\\\/laredlarioja.com.ar\\\/sitio\\\/wp-content\\\/uploads\\\/2023\\\/12\\\/atsa-nicolas-de-la-fuente.jpg\",\"contentUrl\":\"https:\\\/\\\/laredlarioja.com.ar\\\/sitio\\\/wp-content\\\/uploads\\\/2023\\\/12\\\/atsa-nicolas-de-la-fuente.jpg\",\"width\":1252,\"height\":827},{\"@type\":\"BreadcrumbList\",\"@id\":\"https:\\\/\\\/laredlarioja.com.ar\\\/sitio\\\/atsa-acudio-a-la-secretaria-de-trabajo-para-exigir-el-pago-de-deudas-de-las-empresas-de-salud\\\/#breadcrumb\",\"itemListElement\":[{\"@type\":\"ListItem\",\"position\":1,\"name\":\"Portada\",\"item\":\"https:\\\/\\\/laredlarioja.com.ar\\\/sitio\\\/\"},{\"@type\":\"ListItem\",\"position\":2,\"name\":\"ATSA acudi\u00f3 a la secretar\u00eda de Trabajo para exigir el pago de deudas de las empresas de salud\"}]},{\"@type\":\"WebSite\",\"@id\":\"https:\\\/\\\/laredlarioja.com.ar\\\/sitio\\\/#website\",\"url\":\"https:\\\/\\\/laredlarioja.com.ar\\\/sitio\\\/\",\"name\":\"LA RED 88.3 LA RIOJA\",\"description\":\"Sitio de Noticias\",\"publisher\":{\"@id\":\"https:\\\/\\\/laredlarioja.com.ar\\\/sitio\\\/#organization\"},\"potentialAction\":[{\"@type\":\"SearchAction\",\"target\":{\"@type\":\"EntryPoint\",\"urlTemplate\":\"https:\\\/\\\/laredlarioja.com.ar\\\/sitio\\\/?s={search_term_string}\"},\"query-input\":{\"@type\":\"PropertyValueSpecification\",\"valueRequired\":true,\"valueName\":\"search_term_string\"}}],\"inLanguage\":\"es\"},{\"@type\":\"Organization\",\"@id\":\"https:\\\/\\\/laredlarioja.com.ar\\\/sitio\\\/#organization\",\"name\":\"LA RED 88.3 LA RIOJA\",\"url\":\"https:\\\/\\\/laredlarioja.com.ar\\\/sitio\\\/\",\"logo\":{\"@type\":\"ImageObject\",\"inLanguage\":\"es\",\"@id\":\"https:\\\/\\\/laredlarioja.com.ar\\\/sitio\\\/#\\\/schema\\\/logo\\\/image\\\/\",\"url\":\"https:\\\/\\\/laredlarioja.com.ar\\\/sitio\\\/wp-content\\\/uploads\\\/2025\\\/05\\\/LOGO-LA-RED.png\",\"contentUrl\":\"https:\\\/\\\/laredlarioja.com.ar\\\/sitio\\\/wp-content\\\/uploads\\\/2025\\\/05\\\/LOGO-LA-RED.png\",\"width\":193,\"height\":340,\"caption\":\"LA RED 88.3 LA RIOJA\"},\"image\":{\"@id\":\"https:\\\/\\\/laredlarioja.com.ar\\\/sitio\\\/#\\\/schema\\\/logo\\\/image\\\/\"},\"sameAs\":[\"https:\\\/\\\/www.facebook.com\\\/lared.larioja\",\"https:\\\/\\\/x.com\\\/laredlarioja1\",\"https:\\\/\\\/www.instagram.com\\\/lared_larioja\\\/\"]},{\"@type\":\"Person\",\"@id\":\"https:\\\/\\\/laredlarioja.com.ar\\\/sitio\\\/#\\\/schema\\\/person\\\/3b1600cc7f8fd3617dc50f96d3503489\",\"name\":\"Mart\u00edn Ruarte\",\"url\":\"https:\\\/\\\/laredlarioja.com.ar\\\/sitio\\\/author\\\/mruarte\\\/\"}]}<\/script>\n<!-- \/ Yoast SEO plugin. -->","yoast_head_json":{"title":"ATSA acudi\u00f3 a la secretar\u00eda de Trabajo para exigir el pago de deudas de las empresas de salud - LA RED 88.3 LA RIOJA","robots":{"index":"index","follow":"follow","max-snippet":"max-snippet:-1","max-image-preview":"max-image-preview:large","max-video-preview":"max-video-preview:-1"},"canonical":"https:\/\/laredlarioja.com.ar\/sitio\/atsa-acudio-a-la-secretaria-de-trabajo-para-exigir-el-pago-de-deudas-de-las-empresas-de-salud\/","og_locale":"es_ES","og_type":"article","og_title":"ATSA acudi\u00f3 a la secretar\u00eda de Trabajo para exigir el pago de deudas de las empresas de salud - LA RED 88.3 LA RIOJA","og_description":"Varias empresas de salud est\u00e1n retrasadas en los pagos que deben realizar, entre ellos, pagos a los y","og_url":"https:\/\/laredlarioja.com.ar\/sitio\/atsa-acudio-a-la-secretaria-de-trabajo-para-exigir-el-pago-de-deudas-de-las-empresas-de-salud\/","og_site_name":"LA RED 88.3 LA RIOJA","article_publisher":"https:\/\/www.facebook.com\/lared.larioja","article_published_time":"2024-04-19T22:23:24+00:00","article_modified_time":"2024-04-20T20:58:27+00:00","og_image":[{"width":1252,"height":827,"url":"https:\/\/laredlarioja.com.ar\/sitio\/wp-content\/uploads\/2023\/12\/atsa-nicolas-de-la-fuente.jpg","type":"image\/jpeg"}],"author":"Mart\u00edn Ruarte","twitter_card":"summary_large_image","twitter_creator":"@laredlarioja1","twitter_site":"@laredlarioja1","twitter_misc":{"Escrito por":"Mart\u00edn Ruarte","Tiempo de lectura":"2 minutos"},"schema":{"@context":"https:\/\/schema.org","@graph":[{"@type":"Article","@id":"https:\/\/laredlarioja.com.ar\/sitio\/atsa-acudio-a-la-secretaria-de-trabajo-para-exigir-el-pago-de-deudas-de-las-empresas-de-salud\/#article","isPartOf":{"@id":"https:\/\/laredlarioja.com.ar\/sitio\/atsa-acudio-a-la-secretaria-de-trabajo-para-exigir-el-pago-de-deudas-de-las-empresas-de-salud\/"},"author":{"name":"Mart\u00edn Ruarte","@id":"https:\/\/laredlarioja.com.ar\/sitio\/#\/schema\/person\/3b1600cc7f8fd3617dc50f96d3503489"},"headline":"ATSA acudi\u00f3 a la secretar\u00eda de Trabajo para exigir el pago de deudas de las empresas de salud","datePublished":"2024-04-19T22:23:24+00:00","dateModified":"2024-04-20T20:58:27+00:00","mainEntityOfPage":{"@id":"https:\/\/laredlarioja.com.ar\/sitio\/atsa-acudio-a-la-secretaria-de-trabajo-para-exigir-el-pago-de-deudas-de-las-empresas-de-salud\/"},"wordCount":321,"publisher":{"@id":"https:\/\/laredlarioja.com.ar\/sitio\/#organization"},"image":{"@id":"https:\/\/laredlarioja.com.ar\/sitio\/atsa-acudio-a-la-secretaria-de-trabajo-para-exigir-el-pago-de-deudas-de-las-empresas-de-salud\/#primaryimage"},"thumbnailUrl":"https:\/\/laredlarioja.com.ar\/sitio\/wp-content\/uploads\/2023\/12\/atsa-nicolas-de-la-fuente.jpg","articleSection":["Locales"],"inLanguage":"es"},{"@type":"WebPage","@id":"https:\/\/laredlarioja.com.ar\/sitio\/atsa-acudio-a-la-secretaria-de-trabajo-para-exigir-el-pago-de-deudas-de-las-empresas-de-salud\/","url":"https:\/\/laredlarioja.com.ar\/sitio\/atsa-acudio-a-la-secretaria-de-trabajo-para-exigir-el-pago-de-deudas-de-las-empresas-de-salud\/","name":"ATSA acudi\u00f3 a la secretar\u00eda de Trabajo para exigir el pago de deudas de las empresas de salud - LA RED 88.3 LA RIOJA","isPartOf":{"@id":"https:\/\/laredlarioja.com.ar\/sitio\/#website"},"primaryImageOfPage":{"@id":"https:\/\/laredlarioja.com.ar\/sitio\/atsa-acudio-a-la-secretaria-de-trabajo-para-exigir-el-pago-de-deudas-de-las-empresas-de-salud\/#primaryimage"},"image":{"@id":"https:\/\/laredlarioja.com.ar\/sitio\/atsa-acudio-a-la-secretaria-de-trabajo-para-exigir-el-pago-de-deudas-de-las-empresas-de-salud\/#primaryimage"},"thumbnailUrl":"https:\/\/laredlarioja.com.ar\/sitio\/wp-content\/uploads\/2023\/12\/atsa-nicolas-de-la-fuente.jpg","datePublished":"2024-04-19T22:23:24+00:00","dateModified":"2024-04-20T20:58:27+00:00","breadcrumb":{"@id":"https:\/\/laredlarioja.com.ar\/sitio\/atsa-acudio-a-la-secretaria-de-trabajo-para-exigir-el-pago-de-deudas-de-las-empresas-de-salud\/#breadcrumb"},"inLanguage":"es","potentialAction":[{"@type":"ReadAction","target":["https:\/\/laredlarioja.com.ar\/sitio\/atsa-acudio-a-la-secretaria-de-trabajo-para-exigir-el-pago-de-deudas-de-las-empresas-de-salud\/"]}]},{"@type":"ImageObject","inLanguage":"es","@id":"https:\/\/laredlarioja.com.ar\/sitio\/atsa-acudio-a-la-secretaria-de-trabajo-para-exigir-el-pago-de-deudas-de-las-empresas-de-salud\/#primaryimage","url":"https:\/\/laredlarioja.com.ar\/sitio\/wp-content\/uploads\/2023\/12\/atsa-nicolas-de-la-fuente.jpg","contentUrl":"https:\/\/laredlarioja.com.ar\/sitio\/wp-content\/uploads\/2023\/12\/atsa-nicolas-de-la-fuente.jpg","width":1252,"height":827},{"@type":"BreadcrumbList","@id":"https:\/\/laredlarioja.com.ar\/sitio\/atsa-acudio-a-la-secretaria-de-trabajo-para-exigir-el-pago-de-deudas-de-las-empresas-de-salud\/#breadcrumb","itemListElement":[{"@type":"ListItem","position":1,"name":"Portada","item":"https:\/\/laredlarioja.com.ar\/sitio\/"},{"@type":"ListItem","position":2,"name":"ATSA acudi\u00f3 a la secretar\u00eda de Trabajo para exigir el pago de deudas de las empresas de salud"}]},{"@type":"WebSite","@id":"https:\/\/laredlarioja.com.ar\/sitio\/#website","url":"https:\/\/laredlarioja.com.ar\/sitio\/","name":"LA RED 88.3 LA RIOJA","description":"Sitio de Noticias","publisher":{"@id":"https:\/\/laredlarioja.com.ar\/sitio\/#organization"},"potentialAction":[{"@type":"SearchAction","target":{"@type":"EntryPoint","urlTemplate":"https:\/\/laredlarioja.com.ar\/sitio\/?s={search_term_string}"},"query-input":{"@type":"PropertyValueSpecification","valueRequired":true,"valueName":"search_term_string"}}],"inLanguage":"es"},{"@type":"Organization","@id":"https:\/\/laredlarioja.com.ar\/sitio\/#organization","name":"LA RED 88.3 LA RIOJA","url":"https:\/\/laredlarioja.com.ar\/sitio\/","logo":{"@type":"ImageObject","inLanguage":"es","@id":"https:\/\/laredlarioja.com.ar\/sitio\/#\/schema\/logo\/image\/","url":"https:\/\/laredlarioja.com.ar\/sitio\/wp-content\/uploads\/2025\/05\/LOGO-LA-RED.png","contentUrl":"https:\/\/laredlarioja.com.ar\/sitio\/wp-content\/uploads\/2025\/05\/LOGO-LA-RED.png","width":193,"height":340,"caption":"LA RED 88.3 LA RIOJA"},"image":{"@id":"https:\/\/laredlarioja.com.ar\/sitio\/#\/schema\/logo\/image\/"},"sameAs":["https:\/\/www.facebook.com\/lared.larioja","https:\/\/x.com\/laredlarioja1","https:\/\/www.instagram.com\/lared_larioja\/"]},{"@type":"Person","@id":"https:\/\/laredlarioja.com.ar\/sitio\/#\/schema\/person\/3b1600cc7f8fd3617dc50f96d3503489","name":"Mart\u00edn Ruarte","url":"https:\/\/laredlarioja.com.ar\/sitio\/author\/mruarte\/"}]}},"featured_image_urls":{"full":["https:\/\/laredlarioja.com.ar\/sitio\/wp-content\/uploads\/2023\/12\/atsa-nicolas-de-la-fuente.jpg",1252,827,false],"thumbnail":["https:\/\/laredlarioja.com.ar\/sitio\/wp-content\/uploads\/2023\/12\/atsa-nicolas-de-la-fuente-150x150.jpg",150,150,true],"medium":["https:\/\/laredlarioja.com.ar\/sitio\/wp-content\/uploads\/2023\/12\/atsa-nicolas-de-la-fuente-300x198.jpg",300,198,true],"medium_large":["https:\/\/laredlarioja.com.ar\/sitio\/wp-content\/uploads\/2023\/12\/atsa-nicolas-de-la-fuente-768x507.jpg",640,423,true],"large":["https:\/\/laredlarioja.com.ar\/sitio\/wp-content\/uploads\/2023\/12\/atsa-nicolas-de-la-fuente-1024x676.jpg",640,423,true],"1536x1536":["https:\/\/laredlarioja.com.ar\/sitio\/wp-content\/uploads\/2023\/12\/atsa-nicolas-de-la-fuente.jpg",1252,827,false],"2048x2048":["https:\/\/laredlarioja.com.ar\/sitio\/wp-content\/uploads\/2023\/12\/atsa-nicolas-de-la-fuente.jpg",1252,827,false],"cvmm-medium":["https:\/\/laredlarioja.com.ar\/sitio\/wp-content\/uploads\/2023\/12\/atsa-nicolas-de-la-fuente-300x300.jpg",300,300,true],"cvmm-medium-plus":["https:\/\/laredlarioja.com.ar\/sitio\/wp-content\/uploads\/2023\/12\/atsa-nicolas-de-la-fuente-305x207.jpg",305,207,true],"cvmm-portrait":["https:\/\/laredlarioja.com.ar\/sitio\/wp-content\/uploads\/2023\/12\/atsa-nicolas-de-la-fuente-400x600.jpg",400,600,true],"cvmm-medium-square":["https:\/\/laredlarioja.com.ar\/sitio\/wp-content\/uploads\/2023\/12\/atsa-nicolas-de-la-fuente-600x600.jpg",600,600,true],"cvmm-large":["https:\/\/laredlarioja.com.ar\/sitio\/wp-content\/uploads\/2023\/12\/atsa-nicolas-de-la-fuente-1024x827.jpg",1024,827,true],"cvmm-small":["https:\/\/laredlarioja.com.ar\/sitio\/wp-content\/uploads\/2023\/12\/atsa-nicolas-de-la-fuente-130x95.jpg",130,95,true],"morenews-large":["https:\/\/laredlarioja.com.ar\/sitio\/wp-content\/uploads\/2023\/12\/atsa-nicolas-de-la-fuente-825x575.jpg",825,575,true],"morenews-medium":["https:\/\/laredlarioja.com.ar\/sitio\/wp-content\/uploads\/2023\/12\/atsa-nicolas-de-la-fuente-590x410.jpg",590,410,true]},"author_info":{"display_name":"Mart\u00edn Ruarte","author_link":"https:\/\/laredlarioja.com.ar\/sitio\/author\/mruarte\/"},"category_info":"<a href=\"https:\/\/laredlarioja.com.ar\/sitio\/categorias\/locales\/\" rel=\"category tag\">Locales<\/a>","tag_info":"Locales","comment_count":"0","blog_post_layout_featured_media_urls":{"thumbnail":["https:\/\/laredlarioja.com.ar\/sitio\/wp-content\/uploads\/2023\/12\/atsa-nicolas-de-la-fuente-150x150.jpg",150,150,true],"full":["https:\/\/laredlarioja.com.ar\/sitio\/wp-content\/uploads\/2023\/12\/atsa-nicolas-de-la-fuente.jpg",1252,827,false]},"categories_names":{"94":{"name":"Locales","link":"https:\/\/laredlarioja.com.ar\/sitio\/categorias\/locales\/"}},"tags_names":[],"comments_number":"0","wpmagazine_modules_lite_featured_media_urls":{"thumbnail":["https:\/\/laredlarioja.com.ar\/sitio\/wp-content\/uploads\/2023\/12\/atsa-nicolas-de-la-fuente-150x150.jpg",150,150,true],"cvmm-medium":["https:\/\/laredlarioja.com.ar\/sitio\/wp-content\/uploads\/2023\/12\/atsa-nicolas-de-la-fuente-300x300.jpg",300,300,true],"cvmm-medium-plus":["https:\/\/laredlarioja.com.ar\/sitio\/wp-content\/uploads\/2023\/12\/atsa-nicolas-de-la-fuente-305x207.jpg",305,207,true],"cvmm-portrait":["https:\/\/laredlarioja.com.ar\/sitio\/wp-content\/uploads\/2023\/12\/atsa-nicolas-de-la-fuente-400x600.jpg",400,600,true],"cvmm-medium-square":["https:\/\/laredlarioja.com.ar\/sitio\/wp-content\/uploads\/2023\/12\/atsa-nicolas-de-la-fuente-600x600.jpg",600,600,true],"cvmm-large":["https:\/\/laredlarioja.com.ar\/sitio\/wp-content\/uploads\/2023\/12\/atsa-nicolas-de-la-fuente-1024x827.jpg",1024,827,true],"cvmm-small":["https:\/\/laredlarioja.com.ar\/sitio\/wp-content\/uploads\/2023\/12\/atsa-nicolas-de-la-fuente-130x95.jpg",130,95,true],"full":["https:\/\/laredlarioja.com.ar\/sitio\/wp-content\/uploads\/2023\/12\/atsa-nicolas-de-la-fuente.jpg",1252,827,false]},"_links":{"self":[{"href":"https:\/\/laredlarioja.com.ar\/sitio\/wp-json\/wp\/v2\/posts\/44701","targetHints":{"allow":["GET"]}}],"collection":[{"href":"https:\/\/laredlarioja.com.ar\/sitio\/wp-json\/wp\/v2\/posts"}],"about":[{"href":"https:\/\/laredlarioja.com.ar\/sitio\/wp-json\/wp\/v2\/types\/post"}],"author":[{"embeddable":true,"href":"https:\/\/laredlarioja.com.ar\/sitio\/wp-json\/wp\/v2\/users\/8"}],"replies":[{"embeddable":true,"href":"https:\/\/laredlarioja.com.ar\/sitio\/wp-json\/wp\/v2\/comments?post=44701"}],"version-history":[{"count":1,"href":"https:\/\/laredlarioja.com.ar\/sitio\/wp-json\/wp\/v2\/posts\/44701\/revisions"}],"predecessor-version":[{"id":44702,"href":"https:\/\/laredlarioja.com.ar\/sitio\/wp-json\/wp\/v2\/posts\/44701\/revisions\/44702"}],"wp:featuredmedia":[{"embeddable":true,"href":"https:\/\/laredlarioja.com.ar\/sitio\/wp-json\/wp\/v2\/media\/39863"}],"wp:attachment":[{"href":"https:\/\/laredlarioja.com.ar\/sitio\/wp-json\/wp\/v2\/media?parent=44701"}],"wp:term":[{"taxonomy":"category","embeddable":true,"href":"https:\/\/laredlarioja.com.ar\/sitio\/wp-json\/wp\/v2\/categories?post=44701"},{"taxonomy":"post_tag","embeddable":true,"href":"https:\/\/laredlarioja.com.ar\/sitio\/wp-json\/wp\/v2\/tags?post=44701"}],"curies":[{"name":"wp","href":"https:\/\/api.w.org\/{rel}","templated":true}]}}