{"id":44925,"date":"2024-04-25T01:23:20","date_gmt":"2024-04-25T01:23:20","guid":{"rendered":"https:\/\/laredlarioja.com.ar\/sitio\/?p=44925"},"modified":"2024-04-26T15:21:33","modified_gmt":"2024-04-26T15:21:33","slug":"homicidio-y-drogas-la-indagatoria-de-pardini-es-prioridad-en-la-investigacion","status":"publish","type":"post","link":"https:\/\/laredlarioja.com.ar\/sitio\/homicidio-y-drogas-la-indagatoria-de-pardini-es-prioridad-en-la-investigacion\/","title":{"rendered":"Homicidio y drogas: la indagatoria de Pardini es prioridad en la investigaci\u00f3n"},"content":{"rendered":"<p>El juez que investiga el homicidio de Jorge Dami\u00e1n G\u00f3mez (53), Alberto Carrizo, pospuso varias declaraciones que iba a registrar en esta semana. El motivo: el posible traslado de Pablo Pardini a La Rioja. El sospechoso est\u00e1 detenido en San Juan porque fue detenido como presunto autor de un hurto (pretend\u00eda apoderarse de una bicicleta).<\/p>\n<p>Una fuente judicial le dijo a La Red, que la justicia avanz\u00f3 en la acusaci\u00f3n que recae sobre el detenido y que el mismo estar\u00eda en condiciones de ser trasladado a La Rioja. Cabe recordar que Pardini est\u00e1 implicado en el supuesto armado del auto robo que termin\u00f3 con la muerte de G\u00f3mez. El sujeto estaba pr\u00f3fugo y se hab\u00eda refugiado en San Juan.<\/p>\n<p>Por la investigaci\u00f3n del caso, la justicia realiz\u00f3 varios allanamientos. Uno de ellos se concret\u00f3 en la vivienda de Lucas Illanes, otro de los detenidos que tiene el homicidio. Una fuente judicial indic\u00f3 que se secuestraron varios elementos que ser\u00e1n analizados. Asimismo, tambi\u00e9n ser\u00e1n peritados los celulares que se incautaron desde que comenz\u00f3 la investigaci\u00f3n.<\/p>\n<p>Otro caso que se conoci\u00f3 esta semana, es que la causa fue caratulada como homicidio agravado por alevos\u00eda.<\/p>\n","protected":false},"excerpt":{"rendered":"<p>El juez que investiga el homicidio de Jorge Dami\u00e1n G\u00f3mez (53), Alberto Carrizo, pospuso varias declaraciones que iba<\/p>\n","protected":false},"author":8,"featured_media":30184,"comment_status":"closed","ping_status":"open","sticky":false,"template":"","format":"standard","meta":{"footnotes":""},"categories":[94],"tags":[],"class_list":["post-44925","post","type-post","status-publish","format-standard","has-post-thumbnail","hentry","category-locales"],"yoast_head":"<!-- This site is optimized with the Yoast SEO plugin v27.4 - https:\/\/yoast.com\/product\/yoast-seo-wordpress\/ -->\n<title>Homicidio y drogas: la indagatoria de Pardini es prioridad en la investigaci\u00f3n - LA RED 88.3 LA RIOJA<\/title>\n<meta name=\"robots\" content=\"index, follow, max-snippet:-1, max-image-preview:large, max-video-preview:-1\" \/>\n<link rel=\"canonical\" href=\"https:\/\/laredlarioja.com.ar\/sitio\/homicidio-y-drogas-la-indagatoria-de-pardini-es-prioridad-en-la-investigacion\/\" \/>\n<meta property=\"og:locale\" content=\"es_ES\" \/>\n<meta property=\"og:type\" content=\"article\" \/>\n<meta property=\"og:title\" content=\"Homicidio y drogas: la indagatoria de Pardini es prioridad en la investigaci\u00f3n - LA RED 88.3 LA RIOJA\" \/>\n<meta property=\"og:description\" content=\"El juez que investiga el homicidio de Jorge Dami\u00e1n G\u00f3mez (53), Alberto Carrizo, pospuso varias declaraciones que iba\" \/>\n<meta property=\"og:url\" content=\"https:\/\/laredlarioja.com.ar\/sitio\/homicidio-y-drogas-la-indagatoria-de-pardini-es-prioridad-en-la-investigacion\/\" \/>\n<meta property=\"og:site_name\" content=\"LA RED 88.3 LA RIOJA\" \/>\n<meta property=\"article:publisher\" content=\"https:\/\/www.facebook.com\/lared.larioja\" \/>\n<meta property=\"article:published_time\" content=\"2024-04-25T01:23:20+00:00\" \/>\n<meta property=\"article:modified_time\" content=\"2024-04-26T15:21:33+00:00\" \/>\n<meta property=\"og:image\" content=\"https:\/\/laredlarioja.com.ar\/sitio\/wp-content\/uploads\/2023\/05\/5394c2ad-f815-4672-9292-7518bb5b53b6.jpg\" \/>\n\t<meta property=\"og:image:width\" content=\"800\" \/>\n\t<meta property=\"og:image:height\" content=\"531\" \/>\n\t<meta property=\"og:image:type\" content=\"image\/jpeg\" \/>\n<meta name=\"author\" content=\"Mart\u00edn Ruarte\" \/>\n<meta name=\"twitter:card\" content=\"summary_large_image\" \/>\n<meta name=\"twitter:creator\" content=\"@laredlarioja1\" \/>\n<meta name=\"twitter:site\" content=\"@laredlarioja1\" \/>\n<meta name=\"twitter:label1\" content=\"Escrito por\" \/>\n\t<meta name=\"twitter:data1\" content=\"Mart\u00edn Ruarte\" \/>\n\t<meta name=\"twitter:label2\" content=\"Tiempo de lectura\" \/>\n\t<meta name=\"twitter:data2\" content=\"1 minuto\" \/>\n<script type=\"application\/ld+json\" class=\"yoast-schema-graph\">{\"@context\":\"https:\\\/\\\/schema.org\",\"@graph\":[{\"@type\":\"Article\",\"@id\":\"https:\\\/\\\/laredlarioja.com.ar\\\/sitio\\\/homicidio-y-drogas-la-indagatoria-de-pardini-es-prioridad-en-la-investigacion\\\/#article\",\"isPartOf\":{\"@id\":\"https:\\\/\\\/laredlarioja.com.ar\\\/sitio\\\/homicidio-y-drogas-la-indagatoria-de-pardini-es-prioridad-en-la-investigacion\\\/\"},\"author\":{\"name\":\"Mart\u00edn Ruarte\",\"@id\":\"https:\\\/\\\/laredlarioja.com.ar\\\/sitio\\\/#\\\/schema\\\/person\\\/3b1600cc7f8fd3617dc50f96d3503489\"},\"headline\":\"Homicidio y drogas: la indagatoria de Pardini es prioridad en la investigaci\u00f3n\",\"datePublished\":\"2024-04-25T01:23:20+00:00\",\"dateModified\":\"2024-04-26T15:21:33+00:00\",\"mainEntityOfPage\":{\"@id\":\"https:\\\/\\\/laredlarioja.com.ar\\\/sitio\\\/homicidio-y-drogas-la-indagatoria-de-pardini-es-prioridad-en-la-investigacion\\\/\"},\"wordCount\":218,\"publisher\":{\"@id\":\"https:\\\/\\\/laredlarioja.com.ar\\\/sitio\\\/#organization\"},\"image\":{\"@id\":\"https:\\\/\\\/laredlarioja.com.ar\\\/sitio\\\/homicidio-y-drogas-la-indagatoria-de-pardini-es-prioridad-en-la-investigacion\\\/#primaryimage\"},\"thumbnailUrl\":\"https:\\\/\\\/laredlarioja.com.ar\\\/sitio\\\/wp-content\\\/uploads\\\/2023\\\/05\\\/5394c2ad-f815-4672-9292-7518bb5b53b6.jpg\",\"articleSection\":[\"Locales\"],\"inLanguage\":\"es\"},{\"@type\":\"WebPage\",\"@id\":\"https:\\\/\\\/laredlarioja.com.ar\\\/sitio\\\/homicidio-y-drogas-la-indagatoria-de-pardini-es-prioridad-en-la-investigacion\\\/\",\"url\":\"https:\\\/\\\/laredlarioja.com.ar\\\/sitio\\\/homicidio-y-drogas-la-indagatoria-de-pardini-es-prioridad-en-la-investigacion\\\/\",\"name\":\"Homicidio y drogas: la indagatoria de Pardini es prioridad en la investigaci\u00f3n - LA RED 88.3 LA RIOJA\",\"isPartOf\":{\"@id\":\"https:\\\/\\\/laredlarioja.com.ar\\\/sitio\\\/#website\"},\"primaryImageOfPage\":{\"@id\":\"https:\\\/\\\/laredlarioja.com.ar\\\/sitio\\\/homicidio-y-drogas-la-indagatoria-de-pardini-es-prioridad-en-la-investigacion\\\/#primaryimage\"},\"image\":{\"@id\":\"https:\\\/\\\/laredlarioja.com.ar\\\/sitio\\\/homicidio-y-drogas-la-indagatoria-de-pardini-es-prioridad-en-la-investigacion\\\/#primaryimage\"},\"thumbnailUrl\":\"https:\\\/\\\/laredlarioja.com.ar\\\/sitio\\\/wp-content\\\/uploads\\\/2023\\\/05\\\/5394c2ad-f815-4672-9292-7518bb5b53b6.jpg\",\"datePublished\":\"2024-04-25T01:23:20+00:00\",\"dateModified\":\"2024-04-26T15:21:33+00:00\",\"breadcrumb\":{\"@id\":\"https:\\\/\\\/laredlarioja.com.ar\\\/sitio\\\/homicidio-y-drogas-la-indagatoria-de-pardini-es-prioridad-en-la-investigacion\\\/#breadcrumb\"},\"inLanguage\":\"es\",\"potentialAction\":[{\"@type\":\"ReadAction\",\"target\":[\"https:\\\/\\\/laredlarioja.com.ar\\\/sitio\\\/homicidio-y-drogas-la-indagatoria-de-pardini-es-prioridad-en-la-investigacion\\\/\"]}]},{\"@type\":\"ImageObject\",\"inLanguage\":\"es\",\"@id\":\"https:\\\/\\\/laredlarioja.com.ar\\\/sitio\\\/homicidio-y-drogas-la-indagatoria-de-pardini-es-prioridad-en-la-investigacion\\\/#primaryimage\",\"url\":\"https:\\\/\\\/laredlarioja.com.ar\\\/sitio\\\/wp-content\\\/uploads\\\/2023\\\/05\\\/5394c2ad-f815-4672-9292-7518bb5b53b6.jpg\",\"contentUrl\":\"https:\\\/\\\/laredlarioja.com.ar\\\/sitio\\\/wp-content\\\/uploads\\\/2023\\\/05\\\/5394c2ad-f815-4672-9292-7518bb5b53b6.jpg\",\"width\":800,\"height\":531},{\"@type\":\"BreadcrumbList\",\"@id\":\"https:\\\/\\\/laredlarioja.com.ar\\\/sitio\\\/homicidio-y-drogas-la-indagatoria-de-pardini-es-prioridad-en-la-investigacion\\\/#breadcrumb\",\"itemListElement\":[{\"@type\":\"ListItem\",\"position\":1,\"name\":\"Portada\",\"item\":\"https:\\\/\\\/laredlarioja.com.ar\\\/sitio\\\/\"},{\"@type\":\"ListItem\",\"position\":2,\"name\":\"Homicidio y drogas: la indagatoria de Pardini es prioridad en la investigaci\u00f3n\"}]},{\"@type\":\"WebSite\",\"@id\":\"https:\\\/\\\/laredlarioja.com.ar\\\/sitio\\\/#website\",\"url\":\"https:\\\/\\\/laredlarioja.com.ar\\\/sitio\\\/\",\"name\":\"LA RED 88.3 LA RIOJA\",\"description\":\"Sitio de Noticias\",\"publisher\":{\"@id\":\"https:\\\/\\\/laredlarioja.com.ar\\\/sitio\\\/#organization\"},\"potentialAction\":[{\"@type\":\"SearchAction\",\"target\":{\"@type\":\"EntryPoint\",\"urlTemplate\":\"https:\\\/\\\/laredlarioja.com.ar\\\/sitio\\\/?s={search_term_string}\"},\"query-input\":{\"@type\":\"PropertyValueSpecification\",\"valueRequired\":true,\"valueName\":\"search_term_string\"}}],\"inLanguage\":\"es\"},{\"@type\":\"Organization\",\"@id\":\"https:\\\/\\\/laredlarioja.com.ar\\\/sitio\\\/#organization\",\"name\":\"LA RED 88.3 LA RIOJA\",\"url\":\"https:\\\/\\\/laredlarioja.com.ar\\\/sitio\\\/\",\"logo\":{\"@type\":\"ImageObject\",\"inLanguage\":\"es\",\"@id\":\"https:\\\/\\\/laredlarioja.com.ar\\\/sitio\\\/#\\\/schema\\\/logo\\\/image\\\/\",\"url\":\"https:\\\/\\\/laredlarioja.com.ar\\\/sitio\\\/wp-content\\\/uploads\\\/2025\\\/05\\\/LOGO-LA-RED.png\",\"contentUrl\":\"https:\\\/\\\/laredlarioja.com.ar\\\/sitio\\\/wp-content\\\/uploads\\\/2025\\\/05\\\/LOGO-LA-RED.png\",\"width\":193,\"height\":340,\"caption\":\"LA RED 88.3 LA RIOJA\"},\"image\":{\"@id\":\"https:\\\/\\\/laredlarioja.com.ar\\\/sitio\\\/#\\\/schema\\\/logo\\\/image\\\/\"},\"sameAs\":[\"https:\\\/\\\/www.facebook.com\\\/lared.larioja\",\"https:\\\/\\\/x.com\\\/laredlarioja1\",\"https:\\\/\\\/www.instagram.com\\\/lared_larioja\\\/\"]},{\"@type\":\"Person\",\"@id\":\"https:\\\/\\\/laredlarioja.com.ar\\\/sitio\\\/#\\\/schema\\\/person\\\/3b1600cc7f8fd3617dc50f96d3503489\",\"name\":\"Mart\u00edn Ruarte\",\"url\":\"https:\\\/\\\/laredlarioja.com.ar\\\/sitio\\\/author\\\/mruarte\\\/\"}]}<\/script>\n<!-- \/ Yoast SEO plugin. -->","yoast_head_json":{"title":"Homicidio y drogas: la indagatoria de Pardini es prioridad en la investigaci\u00f3n - LA RED 88.3 LA RIOJA","robots":{"index":"index","follow":"follow","max-snippet":"max-snippet:-1","max-image-preview":"max-image-preview:large","max-video-preview":"max-video-preview:-1"},"canonical":"https:\/\/laredlarioja.com.ar\/sitio\/homicidio-y-drogas-la-indagatoria-de-pardini-es-prioridad-en-la-investigacion\/","og_locale":"es_ES","og_type":"article","og_title":"Homicidio y drogas: la indagatoria de Pardini es prioridad en la investigaci\u00f3n - LA RED 88.3 LA RIOJA","og_description":"El juez que investiga el homicidio de Jorge Dami\u00e1n G\u00f3mez (53), Alberto Carrizo, pospuso varias declaraciones que iba","og_url":"https:\/\/laredlarioja.com.ar\/sitio\/homicidio-y-drogas-la-indagatoria-de-pardini-es-prioridad-en-la-investigacion\/","og_site_name":"LA RED 88.3 LA RIOJA","article_publisher":"https:\/\/www.facebook.com\/lared.larioja","article_published_time":"2024-04-25T01:23:20+00:00","article_modified_time":"2024-04-26T15:21:33+00:00","og_image":[{"width":800,"height":531,"url":"https:\/\/laredlarioja.com.ar\/sitio\/wp-content\/uploads\/2023\/05\/5394c2ad-f815-4672-9292-7518bb5b53b6.jpg","type":"image\/jpeg"}],"author":"Mart\u00edn Ruarte","twitter_card":"summary_large_image","twitter_creator":"@laredlarioja1","twitter_site":"@laredlarioja1","twitter_misc":{"Escrito por":"Mart\u00edn Ruarte","Tiempo de lectura":"1 minuto"},"schema":{"@context":"https:\/\/schema.org","@graph":[{"@type":"Article","@id":"https:\/\/laredlarioja.com.ar\/sitio\/homicidio-y-drogas-la-indagatoria-de-pardini-es-prioridad-en-la-investigacion\/#article","isPartOf":{"@id":"https:\/\/laredlarioja.com.ar\/sitio\/homicidio-y-drogas-la-indagatoria-de-pardini-es-prioridad-en-la-investigacion\/"},"author":{"name":"Mart\u00edn Ruarte","@id":"https:\/\/laredlarioja.com.ar\/sitio\/#\/schema\/person\/3b1600cc7f8fd3617dc50f96d3503489"},"headline":"Homicidio y drogas: la indagatoria de Pardini es prioridad en la investigaci\u00f3n","datePublished":"2024-04-25T01:23:20+00:00","dateModified":"2024-04-26T15:21:33+00:00","mainEntityOfPage":{"@id":"https:\/\/laredlarioja.com.ar\/sitio\/homicidio-y-drogas-la-indagatoria-de-pardini-es-prioridad-en-la-investigacion\/"},"wordCount":218,"publisher":{"@id":"https:\/\/laredlarioja.com.ar\/sitio\/#organization"},"image":{"@id":"https:\/\/laredlarioja.com.ar\/sitio\/homicidio-y-drogas-la-indagatoria-de-pardini-es-prioridad-en-la-investigacion\/#primaryimage"},"thumbnailUrl":"https:\/\/laredlarioja.com.ar\/sitio\/wp-content\/uploads\/2023\/05\/5394c2ad-f815-4672-9292-7518bb5b53b6.jpg","articleSection":["Locales"],"inLanguage":"es"},{"@type":"WebPage","@id":"https:\/\/laredlarioja.com.ar\/sitio\/homicidio-y-drogas-la-indagatoria-de-pardini-es-prioridad-en-la-investigacion\/","url":"https:\/\/laredlarioja.com.ar\/sitio\/homicidio-y-drogas-la-indagatoria-de-pardini-es-prioridad-en-la-investigacion\/","name":"Homicidio y drogas: la indagatoria de Pardini es prioridad en la investigaci\u00f3n - LA RED 88.3 LA RIOJA","isPartOf":{"@id":"https:\/\/laredlarioja.com.ar\/sitio\/#website"},"primaryImageOfPage":{"@id":"https:\/\/laredlarioja.com.ar\/sitio\/homicidio-y-drogas-la-indagatoria-de-pardini-es-prioridad-en-la-investigacion\/#primaryimage"},"image":{"@id":"https:\/\/laredlarioja.com.ar\/sitio\/homicidio-y-drogas-la-indagatoria-de-pardini-es-prioridad-en-la-investigacion\/#primaryimage"},"thumbnailUrl":"https:\/\/laredlarioja.com.ar\/sitio\/wp-content\/uploads\/2023\/05\/5394c2ad-f815-4672-9292-7518bb5b53b6.jpg","datePublished":"2024-04-25T01:23:20+00:00","dateModified":"2024-04-26T15:21:33+00:00","breadcrumb":{"@id":"https:\/\/laredlarioja.com.ar\/sitio\/homicidio-y-drogas-la-indagatoria-de-pardini-es-prioridad-en-la-investigacion\/#breadcrumb"},"inLanguage":"es","potentialAction":[{"@type":"ReadAction","target":["https:\/\/laredlarioja.com.ar\/sitio\/homicidio-y-drogas-la-indagatoria-de-pardini-es-prioridad-en-la-investigacion\/"]}]},{"@type":"ImageObject","inLanguage":"es","@id":"https:\/\/laredlarioja.com.ar\/sitio\/homicidio-y-drogas-la-indagatoria-de-pardini-es-prioridad-en-la-investigacion\/#primaryimage","url":"https:\/\/laredlarioja.com.ar\/sitio\/wp-content\/uploads\/2023\/05\/5394c2ad-f815-4672-9292-7518bb5b53b6.jpg","contentUrl":"https:\/\/laredlarioja.com.ar\/sitio\/wp-content\/uploads\/2023\/05\/5394c2ad-f815-4672-9292-7518bb5b53b6.jpg","width":800,"height":531},{"@type":"BreadcrumbList","@id":"https:\/\/laredlarioja.com.ar\/sitio\/homicidio-y-drogas-la-indagatoria-de-pardini-es-prioridad-en-la-investigacion\/#breadcrumb","itemListElement":[{"@type":"ListItem","position":1,"name":"Portada","item":"https:\/\/laredlarioja.com.ar\/sitio\/"},{"@type":"ListItem","position":2,"name":"Homicidio y drogas: la indagatoria de Pardini es prioridad en la investigaci\u00f3n"}]},{"@type":"WebSite","@id":"https:\/\/laredlarioja.com.ar\/sitio\/#website","url":"https:\/\/laredlarioja.com.ar\/sitio\/","name":"LA RED 88.3 LA RIOJA","description":"Sitio de Noticias","publisher":{"@id":"https:\/\/laredlarioja.com.ar\/sitio\/#organization"},"potentialAction":[{"@type":"SearchAction","target":{"@type":"EntryPoint","urlTemplate":"https:\/\/laredlarioja.com.ar\/sitio\/?s={search_term_string}"},"query-input":{"@type":"PropertyValueSpecification","valueRequired":true,"valueName":"search_term_string"}}],"inLanguage":"es"},{"@type":"Organization","@id":"https:\/\/laredlarioja.com.ar\/sitio\/#organization","name":"LA RED 88.3 LA RIOJA","url":"https:\/\/laredlarioja.com.ar\/sitio\/","logo":{"@type":"ImageObject","inLanguage":"es","@id":"https:\/\/laredlarioja.com.ar\/sitio\/#\/schema\/logo\/image\/","url":"https:\/\/laredlarioja.com.ar\/sitio\/wp-content\/uploads\/2025\/05\/LOGO-LA-RED.png","contentUrl":"https:\/\/laredlarioja.com.ar\/sitio\/wp-content\/uploads\/2025\/05\/LOGO-LA-RED.png","width":193,"height":340,"caption":"LA RED 88.3 LA RIOJA"},"image":{"@id":"https:\/\/laredlarioja.com.ar\/sitio\/#\/schema\/logo\/image\/"},"sameAs":["https:\/\/www.facebook.com\/lared.larioja","https:\/\/x.com\/laredlarioja1","https:\/\/www.instagram.com\/lared_larioja\/"]},{"@type":"Person","@id":"https:\/\/laredlarioja.com.ar\/sitio\/#\/schema\/person\/3b1600cc7f8fd3617dc50f96d3503489","name":"Mart\u00edn Ruarte","url":"https:\/\/laredlarioja.com.ar\/sitio\/author\/mruarte\/"}]}},"featured_image_urls":{"full":["https:\/\/laredlarioja.com.ar\/sitio\/wp-content\/uploads\/2023\/05\/5394c2ad-f815-4672-9292-7518bb5b53b6.jpg",800,531,false],"thumbnail":["https:\/\/laredlarioja.com.ar\/sitio\/wp-content\/uploads\/2023\/05\/5394c2ad-f815-4672-9292-7518bb5b53b6-150x150.jpg",150,150,true],"medium":["https:\/\/laredlarioja.com.ar\/sitio\/wp-content\/uploads\/2023\/05\/5394c2ad-f815-4672-9292-7518bb5b53b6-300x199.jpg",300,199,true],"medium_large":["https:\/\/laredlarioja.com.ar\/sitio\/wp-content\/uploads\/2023\/05\/5394c2ad-f815-4672-9292-7518bb5b53b6-768x510.jpg",640,425,true],"large":["https:\/\/laredlarioja.com.ar\/sitio\/wp-content\/uploads\/2023\/05\/5394c2ad-f815-4672-9292-7518bb5b53b6.jpg",640,425,false],"1536x1536":["https:\/\/laredlarioja.com.ar\/sitio\/wp-content\/uploads\/2023\/05\/5394c2ad-f815-4672-9292-7518bb5b53b6.jpg",800,531,false],"2048x2048":["https:\/\/laredlarioja.com.ar\/sitio\/wp-content\/uploads\/2023\/05\/5394c2ad-f815-4672-9292-7518bb5b53b6.jpg",800,531,false],"cvmm-medium":["https:\/\/laredlarioja.com.ar\/sitio\/wp-content\/uploads\/2023\/05\/5394c2ad-f815-4672-9292-7518bb5b53b6-300x300.jpg",300,300,true],"cvmm-medium-plus":["https:\/\/laredlarioja.com.ar\/sitio\/wp-content\/uploads\/2023\/05\/5394c2ad-f815-4672-9292-7518bb5b53b6-305x207.jpg",305,207,true],"cvmm-portrait":["https:\/\/laredlarioja.com.ar\/sitio\/wp-content\/uploads\/2023\/05\/5394c2ad-f815-4672-9292-7518bb5b53b6-400x531.jpg",400,531,true],"cvmm-medium-square":["https:\/\/laredlarioja.com.ar\/sitio\/wp-content\/uploads\/2023\/05\/5394c2ad-f815-4672-9292-7518bb5b53b6-600x531.jpg",600,531,true],"cvmm-large":["https:\/\/laredlarioja.com.ar\/sitio\/wp-content\/uploads\/2023\/05\/5394c2ad-f815-4672-9292-7518bb5b53b6.jpg",800,531,false],"cvmm-small":["https:\/\/laredlarioja.com.ar\/sitio\/wp-content\/uploads\/2023\/05\/5394c2ad-f815-4672-9292-7518bb5b53b6-130x95.jpg",130,95,true],"morenews-large":["https:\/\/laredlarioja.com.ar\/sitio\/wp-content\/uploads\/2023\/05\/5394c2ad-f815-4672-9292-7518bb5b53b6.jpg",800,531,false],"morenews-medium":["https:\/\/laredlarioja.com.ar\/sitio\/wp-content\/uploads\/2023\/05\/5394c2ad-f815-4672-9292-7518bb5b53b6-590x410.jpg",590,410,true]},"author_info":{"display_name":"Mart\u00edn Ruarte","author_link":"https:\/\/laredlarioja.com.ar\/sitio\/author\/mruarte\/"},"category_info":"<a href=\"https:\/\/laredlarioja.com.ar\/sitio\/categorias\/locales\/\" rel=\"category tag\">Locales<\/a>","tag_info":"Locales","comment_count":"0","blog_post_layout_featured_media_urls":{"thumbnail":["https:\/\/laredlarioja.com.ar\/sitio\/wp-content\/uploads\/2023\/05\/5394c2ad-f815-4672-9292-7518bb5b53b6-150x150.jpg",150,150,true],"full":["https:\/\/laredlarioja.com.ar\/sitio\/wp-content\/uploads\/2023\/05\/5394c2ad-f815-4672-9292-7518bb5b53b6.jpg",800,531,false]},"categories_names":{"94":{"name":"Locales","link":"https:\/\/laredlarioja.com.ar\/sitio\/categorias\/locales\/"}},"tags_names":[],"comments_number":"0","wpmagazine_modules_lite_featured_media_urls":{"thumbnail":["https:\/\/laredlarioja.com.ar\/sitio\/wp-content\/uploads\/2023\/05\/5394c2ad-f815-4672-9292-7518bb5b53b6-150x150.jpg",150,150,true],"cvmm-medium":["https:\/\/laredlarioja.com.ar\/sitio\/wp-content\/uploads\/2023\/05\/5394c2ad-f815-4672-9292-7518bb5b53b6-300x300.jpg",300,300,true],"cvmm-medium-plus":["https:\/\/laredlarioja.com.ar\/sitio\/wp-content\/uploads\/2023\/05\/5394c2ad-f815-4672-9292-7518bb5b53b6-305x207.jpg",305,207,true],"cvmm-portrait":["https:\/\/laredlarioja.com.ar\/sitio\/wp-content\/uploads\/2023\/05\/5394c2ad-f815-4672-9292-7518bb5b53b6-400x531.jpg",400,531,true],"cvmm-medium-square":["https:\/\/laredlarioja.com.ar\/sitio\/wp-content\/uploads\/2023\/05\/5394c2ad-f815-4672-9292-7518bb5b53b6-600x531.jpg",600,531,true],"cvmm-large":["https:\/\/laredlarioja.com.ar\/sitio\/wp-content\/uploads\/2023\/05\/5394c2ad-f815-4672-9292-7518bb5b53b6.jpg",800,531,false],"cvmm-small":["https:\/\/laredlarioja.com.ar\/sitio\/wp-content\/uploads\/2023\/05\/5394c2ad-f815-4672-9292-7518bb5b53b6-130x95.jpg",130,95,true],"full":["https:\/\/laredlarioja.com.ar\/sitio\/wp-content\/uploads\/2023\/05\/5394c2ad-f815-4672-9292-7518bb5b53b6.jpg",800,531,false]},"_links":{"self":[{"href":"https:\/\/laredlarioja.com.ar\/sitio\/wp-json\/wp\/v2\/posts\/44925","targetHints":{"allow":["GET"]}}],"collection":[{"href":"https:\/\/laredlarioja.com.ar\/sitio\/wp-json\/wp\/v2\/posts"}],"about":[{"href":"https:\/\/laredlarioja.com.ar\/sitio\/wp-json\/wp\/v2\/types\/post"}],"author":[{"embeddable":true,"href":"https:\/\/laredlarioja.com.ar\/sitio\/wp-json\/wp\/v2\/users\/8"}],"replies":[{"embeddable":true,"href":"https:\/\/laredlarioja.com.ar\/sitio\/wp-json\/wp\/v2\/comments?post=44925"}],"version-history":[{"count":1,"href":"https:\/\/laredlarioja.com.ar\/sitio\/wp-json\/wp\/v2\/posts\/44925\/revisions"}],"predecessor-version":[{"id":44927,"href":"https:\/\/laredlarioja.com.ar\/sitio\/wp-json\/wp\/v2\/posts\/44925\/revisions\/44927"}],"wp:featuredmedia":[{"embeddable":true,"href":"https:\/\/laredlarioja.com.ar\/sitio\/wp-json\/wp\/v2\/media\/30184"}],"wp:attachment":[{"href":"https:\/\/laredlarioja.com.ar\/sitio\/wp-json\/wp\/v2\/media?parent=44925"}],"wp:term":[{"taxonomy":"category","embeddable":true,"href":"https:\/\/laredlarioja.com.ar\/sitio\/wp-json\/wp\/v2\/categories?post=44925"},{"taxonomy":"post_tag","embeddable":true,"href":"https:\/\/laredlarioja.com.ar\/sitio\/wp-json\/wp\/v2\/tags?post=44925"}],"curies":[{"name":"wp","href":"https:\/\/api.w.org\/{rel}","templated":true}]}}