{"id":44995,"date":"2024-04-26T15:03:07","date_gmt":"2024-04-26T15:03:07","guid":{"rendered":"https:\/\/laredlarioja.com.ar\/sitio\/?p=44995"},"modified":"2024-04-27T14:02:08","modified_gmt":"2024-04-27T14:02:08","slug":"una-leyenda-del-voley-emilce-sosa-capitana-de-las-naranjitas-anuncio-su-retiro","status":"publish","type":"post","link":"https:\/\/laredlarioja.com.ar\/sitio\/una-leyenda-del-voley-emilce-sosa-capitana-de-las-naranjitas-anuncio-su-retiro\/","title":{"rendered":"Una leyenda del v\u00f3ley: Emilce Sosa, capitana de Las Naranjitas, anunci\u00f3 su retiro"},"content":{"rendered":"<p>Tras una carrera brillante que la llev\u00f3 a lo m\u00e1s alto del deporte, \u2018Mimi\u2019 &#8211; como la llaman cari\u00f1osamente- anunci\u00f3 su retiro con la emoci\u00f3n a flor de piel y una ovaci\u00f3n de m\u00e1s de 12 mil personas en el Superdomo, el mismo d\u00eda que las naranjitas lograron su hist\u00f3rica haza\u00f1a de consagrarse campeonas de la Liga Argentina de V\u00f3ley Femenino.<\/p>\n<p>\u201cSiento mucha felicidad, mucha satisfacci\u00f3n\u201d, asegur\u00f3 la jugadora tras el triunfo y es que no solo fue el punto ganador, sino que adem\u00e1s fue reconocida como la jugadora MPV del torneo. Tan solo unos minutos despu\u00e9s, inform\u00f3 su decisi\u00f3n de dar un paso al costado.<\/p>\n<p>Ella, como <strong>una de las figuras hist\u00f3ricas del deporte nacional, <\/strong>cont\u00f3 en Radio La Red: \u201cfue muy lindo poder terminar mi carrera en ese marco y con el p\u00fablico riojano\u201d. <strong>\u201cNo tom\u00e9 la decisi\u00f3n esa noche, claramente, la tom\u00e9 desde el a\u00f1o pasado, pero me quer\u00eda retirar campeona\u201d, asegur\u00f3.<\/strong><\/p>\n<p>Con la camiseta N\u00b0 10 caracter\u00edstica, la vincha inconfundible, y ese gesto t\u00edpico de cerrar el pu\u00f1o y subir el antebrazo sobre la frente, le puso el broche perfecto a una carrera so\u00f1ada, que incluy\u00f3 coronaciones nacionales, seis temporadas en la S\u00faper Liga de Brasil y, sobre todo, el haberse convertido en una marca registrada de Las Panteras, la selecci\u00f3n argentina femenina de v\u00f3ley.<\/p>\n<p><a href=\"https:\/\/laredlarioja.com.ar\/sitio\/wp-content\/uploads\/2024\/04\/438775021_951213033678153_5658416206788672522_n.jpg\"><img fetchpriority=\"high\" decoding=\"async\" class=\"alignnone size-full wp-image-44998\" src=\"https:\/\/laredlarioja.com.ar\/sitio\/wp-content\/uploads\/2024\/04\/438775021_951213033678153_5658416206788672522_n.jpg\" alt=\"\" width=\"1440\" height=\"960\" srcset=\"https:\/\/laredlarioja.com.ar\/sitio\/wp-content\/uploads\/2024\/04\/438775021_951213033678153_5658416206788672522_n.jpg 1440w, https:\/\/laredlarioja.com.ar\/sitio\/wp-content\/uploads\/2024\/04\/438775021_951213033678153_5658416206788672522_n-300x200.jpg 300w, https:\/\/laredlarioja.com.ar\/sitio\/wp-content\/uploads\/2024\/04\/438775021_951213033678153_5658416206788672522_n-1024x683.jpg 1024w, https:\/\/laredlarioja.com.ar\/sitio\/wp-content\/uploads\/2024\/04\/438775021_951213033678153_5658416206788672522_n-768x512.jpg 768w\" sizes=\"(max-width: 1440px) 100vw, 1440px\" \/><\/a><\/p>\n<p>La Federaci\u00f3n Riojana le otorg\u00f3 un merecido reconocimiento por su contribuci\u00f3n al v\u00f3ley nacional e internacional y desde el CEF N\u00b0 5 le dedicaron un sentido posteo, tras sus 19 a\u00f1os de trayectoria en el v\u00f3ley:<strong> \u201cMimi, gracias por elegir al CEF 5, por tu dedicaci\u00f3n y por ser un orgullo para nuestra instituci\u00f3n.<\/strong> En su \u00faltimo partido, le decimos adi\u00f3s con gratitud y cari\u00f1o. \u00a1Gracias, Mimi, por tantas alegr\u00edas y por dejar un legado imborrable en Las Naranjitas y en el v\u00f3ley argentino!\u201d.<\/p>\n<p>\u201cEn todos estos a\u00f1os crec\u00ed much\u00edsimo, crec\u00ed como persona, como jugadora, aprend\u00ed a ser profesional cuando me fui del pa\u00eds y deb\u00eda entrenarme y cuidarme sola. Me dediqu\u00e9 100% al v\u00f3ley, le di mi vida estos 19 a\u00f1os de competencia y 20 a\u00f1os de carrera\u201d, record\u00f3 desde sus inicios en la escuela, sin olvidar que su \u2018primer amor\u2019 y durante 8 a\u00f1os en realidad hab\u00eda sido el f\u00fatbol.<\/p>\n<p><strong>\u201cTodos esos a\u00f1os me dieron un mont\u00f3n de alegr\u00edas\u201d,<\/strong> dijo recordando especialmente su gran sue\u00f1o cumplido de poder jugar bajo la llama ol\u00edmpica en el 2016 y de representar a la selecci\u00f3n argentina en tres mundiales.<\/p>\n<p><a href=\"https:\/\/laredlarioja.com.ar\/sitio\/wp-content\/uploads\/2024\/04\/579a93db231db.jpg\"><img decoding=\"async\" class=\"alignnone size-full wp-image-44999\" src=\"https:\/\/laredlarioja.com.ar\/sitio\/wp-content\/uploads\/2024\/04\/579a93db231db.jpg\" alt=\"\" width=\"1140\" height=\"641\" srcset=\"https:\/\/laredlarioja.com.ar\/sitio\/wp-content\/uploads\/2024\/04\/579a93db231db.jpg 1140w, https:\/\/laredlarioja.com.ar\/sitio\/wp-content\/uploads\/2024\/04\/579a93db231db-300x169.jpg 300w, https:\/\/laredlarioja.com.ar\/sitio\/wp-content\/uploads\/2024\/04\/579a93db231db-1024x576.jpg 1024w, https:\/\/laredlarioja.com.ar\/sitio\/wp-content\/uploads\/2024\/04\/579a93db231db-768x432.jpg 768w\" sizes=\"(max-width: 1140px) 100vw, 1140px\" \/><\/a><\/p>\n<p>Sobre lo que depara el futuro, coment\u00f3 que tiene varios proyectos en mente y que como educadora financiera espera seguir ayudando a los deportistas argentinos. Por el momento, se encuentra en su Formosa natal, disfrutando de un merecid\u00edsimo descanso junto a su familia.<\/p>\n","protected":false},"excerpt":{"rendered":"<p>Tras una carrera brillante que la llev\u00f3 a lo m\u00e1s alto del deporte, \u2018Mimi\u2019 &#8211; como la llaman<\/p>\n","protected":false},"author":11,"featured_media":44996,"comment_status":"closed","ping_status":"open","sticky":false,"template":"","format":"standard","meta":{"footnotes":""},"categories":[26],"tags":[],"class_list":["post-44995","post","type-post","status-publish","format-standard","has-post-thumbnail","hentry","category-deportes"],"yoast_head":"<!-- This site is optimized with the Yoast SEO plugin v27.4 - https:\/\/yoast.com\/product\/yoast-seo-wordpress\/ -->\n<title>Una leyenda del v\u00f3ley: Emilce Sosa, capitana de Las Naranjitas, anunci\u00f3 su retiro - LA RED 88.3 LA RIOJA<\/title>\n<meta name=\"robots\" content=\"index, follow, max-snippet:-1, max-image-preview:large, max-video-preview:-1\" \/>\n<link rel=\"canonical\" href=\"https:\/\/laredlarioja.com.ar\/sitio\/una-leyenda-del-voley-emilce-sosa-capitana-de-las-naranjitas-anuncio-su-retiro\/\" \/>\n<meta property=\"og:locale\" content=\"es_ES\" \/>\n<meta property=\"og:type\" content=\"article\" \/>\n<meta property=\"og:title\" content=\"Una leyenda del v\u00f3ley: Emilce Sosa, capitana de Las Naranjitas, anunci\u00f3 su retiro - LA RED 88.3 LA RIOJA\" \/>\n<meta property=\"og:description\" content=\"Tras una carrera brillante que la llev\u00f3 a lo m\u00e1s alto del deporte, \u2018Mimi\u2019 &#8211; como la llaman\" \/>\n<meta property=\"og:url\" content=\"https:\/\/laredlarioja.com.ar\/sitio\/una-leyenda-del-voley-emilce-sosa-capitana-de-las-naranjitas-anuncio-su-retiro\/\" \/>\n<meta property=\"og:site_name\" content=\"LA RED 88.3 LA RIOJA\" \/>\n<meta property=\"article:publisher\" content=\"https:\/\/www.facebook.com\/lared.larioja\" \/>\n<meta property=\"article:published_time\" content=\"2024-04-26T15:03:07+00:00\" \/>\n<meta property=\"article:modified_time\" content=\"2024-04-27T14:02:08+00:00\" \/>\n<meta property=\"og:image\" content=\"https:\/\/laredlarioja.com.ar\/sitio\/wp-content\/uploads\/2024\/04\/438059799_951213043678152_170069982256426720_n.jpg\" \/>\n\t<meta property=\"og:image:width\" content=\"1440\" \/>\n\t<meta property=\"og:image:height\" content=\"960\" \/>\n\t<meta property=\"og:image:type\" content=\"image\/jpeg\" \/>\n<meta name=\"author\" content=\"Natalie Leautier\" \/>\n<meta name=\"twitter:card\" content=\"summary_large_image\" \/>\n<meta name=\"twitter:creator\" content=\"@laredlarioja1\" \/>\n<meta name=\"twitter:site\" content=\"@laredlarioja1\" \/>\n<meta name=\"twitter:label1\" content=\"Escrito por\" \/>\n\t<meta name=\"twitter:data1\" content=\"Natalie Leautier\" \/>\n\t<meta name=\"twitter:label2\" content=\"Tiempo de lectura\" \/>\n\t<meta name=\"twitter:data2\" content=\"2 minutos\" \/>\n<script type=\"application\/ld+json\" class=\"yoast-schema-graph\">{\"@context\":\"https:\\\/\\\/schema.org\",\"@graph\":[{\"@type\":\"Article\",\"@id\":\"https:\\\/\\\/laredlarioja.com.ar\\\/sitio\\\/una-leyenda-del-voley-emilce-sosa-capitana-de-las-naranjitas-anuncio-su-retiro\\\/#article\",\"isPartOf\":{\"@id\":\"https:\\\/\\\/laredlarioja.com.ar\\\/sitio\\\/una-leyenda-del-voley-emilce-sosa-capitana-de-las-naranjitas-anuncio-su-retiro\\\/\"},\"author\":{\"name\":\"Natalie Leautier\",\"@id\":\"https:\\\/\\\/laredlarioja.com.ar\\\/sitio\\\/#\\\/schema\\\/person\\\/ed8e9a53dbc528338d2457e1f214b7c6\"},\"headline\":\"Una leyenda del v\u00f3ley: Emilce Sosa, capitana de Las Naranjitas, anunci\u00f3 su retiro\",\"datePublished\":\"2024-04-26T15:03:07+00:00\",\"dateModified\":\"2024-04-27T14:02:08+00:00\",\"mainEntityOfPage\":{\"@id\":\"https:\\\/\\\/laredlarioja.com.ar\\\/sitio\\\/una-leyenda-del-voley-emilce-sosa-capitana-de-las-naranjitas-anuncio-su-retiro\\\/\"},\"wordCount\":507,\"publisher\":{\"@id\":\"https:\\\/\\\/laredlarioja.com.ar\\\/sitio\\\/#organization\"},\"image\":{\"@id\":\"https:\\\/\\\/laredlarioja.com.ar\\\/sitio\\\/una-leyenda-del-voley-emilce-sosa-capitana-de-las-naranjitas-anuncio-su-retiro\\\/#primaryimage\"},\"thumbnailUrl\":\"https:\\\/\\\/laredlarioja.com.ar\\\/sitio\\\/wp-content\\\/uploads\\\/2024\\\/04\\\/438059799_951213043678152_170069982256426720_n.jpg\",\"articleSection\":[\"Deportes\"],\"inLanguage\":\"es\"},{\"@type\":\"WebPage\",\"@id\":\"https:\\\/\\\/laredlarioja.com.ar\\\/sitio\\\/una-leyenda-del-voley-emilce-sosa-capitana-de-las-naranjitas-anuncio-su-retiro\\\/\",\"url\":\"https:\\\/\\\/laredlarioja.com.ar\\\/sitio\\\/una-leyenda-del-voley-emilce-sosa-capitana-de-las-naranjitas-anuncio-su-retiro\\\/\",\"name\":\"Una leyenda del v\u00f3ley: Emilce Sosa, capitana de Las Naranjitas, anunci\u00f3 su retiro - LA RED 88.3 LA RIOJA\",\"isPartOf\":{\"@id\":\"https:\\\/\\\/laredlarioja.com.ar\\\/sitio\\\/#website\"},\"primaryImageOfPage\":{\"@id\":\"https:\\\/\\\/laredlarioja.com.ar\\\/sitio\\\/una-leyenda-del-voley-emilce-sosa-capitana-de-las-naranjitas-anuncio-su-retiro\\\/#primaryimage\"},\"image\":{\"@id\":\"https:\\\/\\\/laredlarioja.com.ar\\\/sitio\\\/una-leyenda-del-voley-emilce-sosa-capitana-de-las-naranjitas-anuncio-su-retiro\\\/#primaryimage\"},\"thumbnailUrl\":\"https:\\\/\\\/laredlarioja.com.ar\\\/sitio\\\/wp-content\\\/uploads\\\/2024\\\/04\\\/438059799_951213043678152_170069982256426720_n.jpg\",\"datePublished\":\"2024-04-26T15:03:07+00:00\",\"dateModified\":\"2024-04-27T14:02:08+00:00\",\"breadcrumb\":{\"@id\":\"https:\\\/\\\/laredlarioja.com.ar\\\/sitio\\\/una-leyenda-del-voley-emilce-sosa-capitana-de-las-naranjitas-anuncio-su-retiro\\\/#breadcrumb\"},\"inLanguage\":\"es\",\"potentialAction\":[{\"@type\":\"ReadAction\",\"target\":[\"https:\\\/\\\/laredlarioja.com.ar\\\/sitio\\\/una-leyenda-del-voley-emilce-sosa-capitana-de-las-naranjitas-anuncio-su-retiro\\\/\"]}]},{\"@type\":\"ImageObject\",\"inLanguage\":\"es\",\"@id\":\"https:\\\/\\\/laredlarioja.com.ar\\\/sitio\\\/una-leyenda-del-voley-emilce-sosa-capitana-de-las-naranjitas-anuncio-su-retiro\\\/#primaryimage\",\"url\":\"https:\\\/\\\/laredlarioja.com.ar\\\/sitio\\\/wp-content\\\/uploads\\\/2024\\\/04\\\/438059799_951213043678152_170069982256426720_n.jpg\",\"contentUrl\":\"https:\\\/\\\/laredlarioja.com.ar\\\/sitio\\\/wp-content\\\/uploads\\\/2024\\\/04\\\/438059799_951213043678152_170069982256426720_n.jpg\",\"width\":1440,\"height\":960},{\"@type\":\"BreadcrumbList\",\"@id\":\"https:\\\/\\\/laredlarioja.com.ar\\\/sitio\\\/una-leyenda-del-voley-emilce-sosa-capitana-de-las-naranjitas-anuncio-su-retiro\\\/#breadcrumb\",\"itemListElement\":[{\"@type\":\"ListItem\",\"position\":1,\"name\":\"Portada\",\"item\":\"https:\\\/\\\/laredlarioja.com.ar\\\/sitio\\\/\"},{\"@type\":\"ListItem\",\"position\":2,\"name\":\"Una leyenda del v\u00f3ley: Emilce Sosa, capitana de Las Naranjitas, anunci\u00f3 su retiro\"}]},{\"@type\":\"WebSite\",\"@id\":\"https:\\\/\\\/laredlarioja.com.ar\\\/sitio\\\/#website\",\"url\":\"https:\\\/\\\/laredlarioja.com.ar\\\/sitio\\\/\",\"name\":\"LA RED 88.3 LA RIOJA\",\"description\":\"Sitio de Noticias\",\"publisher\":{\"@id\":\"https:\\\/\\\/laredlarioja.com.ar\\\/sitio\\\/#organization\"},\"potentialAction\":[{\"@type\":\"SearchAction\",\"target\":{\"@type\":\"EntryPoint\",\"urlTemplate\":\"https:\\\/\\\/laredlarioja.com.ar\\\/sitio\\\/?s={search_term_string}\"},\"query-input\":{\"@type\":\"PropertyValueSpecification\",\"valueRequired\":true,\"valueName\":\"search_term_string\"}}],\"inLanguage\":\"es\"},{\"@type\":\"Organization\",\"@id\":\"https:\\\/\\\/laredlarioja.com.ar\\\/sitio\\\/#organization\",\"name\":\"LA RED 88.3 LA RIOJA\",\"url\":\"https:\\\/\\\/laredlarioja.com.ar\\\/sitio\\\/\",\"logo\":{\"@type\":\"ImageObject\",\"inLanguage\":\"es\",\"@id\":\"https:\\\/\\\/laredlarioja.com.ar\\\/sitio\\\/#\\\/schema\\\/logo\\\/image\\\/\",\"url\":\"https:\\\/\\\/laredlarioja.com.ar\\\/sitio\\\/wp-content\\\/uploads\\\/2025\\\/05\\\/LOGO-LA-RED.png\",\"contentUrl\":\"https:\\\/\\\/laredlarioja.com.ar\\\/sitio\\\/wp-content\\\/uploads\\\/2025\\\/05\\\/LOGO-LA-RED.png\",\"width\":193,\"height\":340,\"caption\":\"LA RED 88.3 LA RIOJA\"},\"image\":{\"@id\":\"https:\\\/\\\/laredlarioja.com.ar\\\/sitio\\\/#\\\/schema\\\/logo\\\/image\\\/\"},\"sameAs\":[\"https:\\\/\\\/www.facebook.com\\\/lared.larioja\",\"https:\\\/\\\/x.com\\\/laredlarioja1\",\"https:\\\/\\\/www.instagram.com\\\/lared_larioja\\\/\"]},{\"@type\":\"Person\",\"@id\":\"https:\\\/\\\/laredlarioja.com.ar\\\/sitio\\\/#\\\/schema\\\/person\\\/ed8e9a53dbc528338d2457e1f214b7c6\",\"name\":\"Natalie Leautier\",\"url\":\"https:\\\/\\\/laredlarioja.com.ar\\\/sitio\\\/author\\\/nataliel\\\/\"}]}<\/script>\n<!-- \/ Yoast SEO plugin. -->","yoast_head_json":{"title":"Una leyenda del v\u00f3ley: Emilce Sosa, capitana de Las Naranjitas, anunci\u00f3 su retiro - LA RED 88.3 LA RIOJA","robots":{"index":"index","follow":"follow","max-snippet":"max-snippet:-1","max-image-preview":"max-image-preview:large","max-video-preview":"max-video-preview:-1"},"canonical":"https:\/\/laredlarioja.com.ar\/sitio\/una-leyenda-del-voley-emilce-sosa-capitana-de-las-naranjitas-anuncio-su-retiro\/","og_locale":"es_ES","og_type":"article","og_title":"Una leyenda del v\u00f3ley: Emilce Sosa, capitana de Las Naranjitas, anunci\u00f3 su retiro - LA RED 88.3 LA RIOJA","og_description":"Tras una carrera brillante que la llev\u00f3 a lo m\u00e1s alto del deporte, \u2018Mimi\u2019 &#8211; como la llaman","og_url":"https:\/\/laredlarioja.com.ar\/sitio\/una-leyenda-del-voley-emilce-sosa-capitana-de-las-naranjitas-anuncio-su-retiro\/","og_site_name":"LA RED 88.3 LA RIOJA","article_publisher":"https:\/\/www.facebook.com\/lared.larioja","article_published_time":"2024-04-26T15:03:07+00:00","article_modified_time":"2024-04-27T14:02:08+00:00","og_image":[{"width":1440,"height":960,"url":"https:\/\/laredlarioja.com.ar\/sitio\/wp-content\/uploads\/2024\/04\/438059799_951213043678152_170069982256426720_n.jpg","type":"image\/jpeg"}],"author":"Natalie Leautier","twitter_card":"summary_large_image","twitter_creator":"@laredlarioja1","twitter_site":"@laredlarioja1","twitter_misc":{"Escrito por":"Natalie Leautier","Tiempo de lectura":"2 minutos"},"schema":{"@context":"https:\/\/schema.org","@graph":[{"@type":"Article","@id":"https:\/\/laredlarioja.com.ar\/sitio\/una-leyenda-del-voley-emilce-sosa-capitana-de-las-naranjitas-anuncio-su-retiro\/#article","isPartOf":{"@id":"https:\/\/laredlarioja.com.ar\/sitio\/una-leyenda-del-voley-emilce-sosa-capitana-de-las-naranjitas-anuncio-su-retiro\/"},"author":{"name":"Natalie Leautier","@id":"https:\/\/laredlarioja.com.ar\/sitio\/#\/schema\/person\/ed8e9a53dbc528338d2457e1f214b7c6"},"headline":"Una leyenda del v\u00f3ley: Emilce Sosa, capitana de Las Naranjitas, anunci\u00f3 su retiro","datePublished":"2024-04-26T15:03:07+00:00","dateModified":"2024-04-27T14:02:08+00:00","mainEntityOfPage":{"@id":"https:\/\/laredlarioja.com.ar\/sitio\/una-leyenda-del-voley-emilce-sosa-capitana-de-las-naranjitas-anuncio-su-retiro\/"},"wordCount":507,"publisher":{"@id":"https:\/\/laredlarioja.com.ar\/sitio\/#organization"},"image":{"@id":"https:\/\/laredlarioja.com.ar\/sitio\/una-leyenda-del-voley-emilce-sosa-capitana-de-las-naranjitas-anuncio-su-retiro\/#primaryimage"},"thumbnailUrl":"https:\/\/laredlarioja.com.ar\/sitio\/wp-content\/uploads\/2024\/04\/438059799_951213043678152_170069982256426720_n.jpg","articleSection":["Deportes"],"inLanguage":"es"},{"@type":"WebPage","@id":"https:\/\/laredlarioja.com.ar\/sitio\/una-leyenda-del-voley-emilce-sosa-capitana-de-las-naranjitas-anuncio-su-retiro\/","url":"https:\/\/laredlarioja.com.ar\/sitio\/una-leyenda-del-voley-emilce-sosa-capitana-de-las-naranjitas-anuncio-su-retiro\/","name":"Una leyenda del v\u00f3ley: Emilce Sosa, capitana de Las Naranjitas, anunci\u00f3 su retiro - LA RED 88.3 LA RIOJA","isPartOf":{"@id":"https:\/\/laredlarioja.com.ar\/sitio\/#website"},"primaryImageOfPage":{"@id":"https:\/\/laredlarioja.com.ar\/sitio\/una-leyenda-del-voley-emilce-sosa-capitana-de-las-naranjitas-anuncio-su-retiro\/#primaryimage"},"image":{"@id":"https:\/\/laredlarioja.com.ar\/sitio\/una-leyenda-del-voley-emilce-sosa-capitana-de-las-naranjitas-anuncio-su-retiro\/#primaryimage"},"thumbnailUrl":"https:\/\/laredlarioja.com.ar\/sitio\/wp-content\/uploads\/2024\/04\/438059799_951213043678152_170069982256426720_n.jpg","datePublished":"2024-04-26T15:03:07+00:00","dateModified":"2024-04-27T14:02:08+00:00","breadcrumb":{"@id":"https:\/\/laredlarioja.com.ar\/sitio\/una-leyenda-del-voley-emilce-sosa-capitana-de-las-naranjitas-anuncio-su-retiro\/#breadcrumb"},"inLanguage":"es","potentialAction":[{"@type":"ReadAction","target":["https:\/\/laredlarioja.com.ar\/sitio\/una-leyenda-del-voley-emilce-sosa-capitana-de-las-naranjitas-anuncio-su-retiro\/"]}]},{"@type":"ImageObject","inLanguage":"es","@id":"https:\/\/laredlarioja.com.ar\/sitio\/una-leyenda-del-voley-emilce-sosa-capitana-de-las-naranjitas-anuncio-su-retiro\/#primaryimage","url":"https:\/\/laredlarioja.com.ar\/sitio\/wp-content\/uploads\/2024\/04\/438059799_951213043678152_170069982256426720_n.jpg","contentUrl":"https:\/\/laredlarioja.com.ar\/sitio\/wp-content\/uploads\/2024\/04\/438059799_951213043678152_170069982256426720_n.jpg","width":1440,"height":960},{"@type":"BreadcrumbList","@id":"https:\/\/laredlarioja.com.ar\/sitio\/una-leyenda-del-voley-emilce-sosa-capitana-de-las-naranjitas-anuncio-su-retiro\/#breadcrumb","itemListElement":[{"@type":"ListItem","position":1,"name":"Portada","item":"https:\/\/laredlarioja.com.ar\/sitio\/"},{"@type":"ListItem","position":2,"name":"Una leyenda del v\u00f3ley: Emilce Sosa, capitana de Las Naranjitas, anunci\u00f3 su retiro"}]},{"@type":"WebSite","@id":"https:\/\/laredlarioja.com.ar\/sitio\/#website","url":"https:\/\/laredlarioja.com.ar\/sitio\/","name":"LA RED 88.3 LA RIOJA","description":"Sitio de Noticias","publisher":{"@id":"https:\/\/laredlarioja.com.ar\/sitio\/#organization"},"potentialAction":[{"@type":"SearchAction","target":{"@type":"EntryPoint","urlTemplate":"https:\/\/laredlarioja.com.ar\/sitio\/?s={search_term_string}"},"query-input":{"@type":"PropertyValueSpecification","valueRequired":true,"valueName":"search_term_string"}}],"inLanguage":"es"},{"@type":"Organization","@id":"https:\/\/laredlarioja.com.ar\/sitio\/#organization","name":"LA RED 88.3 LA RIOJA","url":"https:\/\/laredlarioja.com.ar\/sitio\/","logo":{"@type":"ImageObject","inLanguage":"es","@id":"https:\/\/laredlarioja.com.ar\/sitio\/#\/schema\/logo\/image\/","url":"https:\/\/laredlarioja.com.ar\/sitio\/wp-content\/uploads\/2025\/05\/LOGO-LA-RED.png","contentUrl":"https:\/\/laredlarioja.com.ar\/sitio\/wp-content\/uploads\/2025\/05\/LOGO-LA-RED.png","width":193,"height":340,"caption":"LA RED 88.3 LA RIOJA"},"image":{"@id":"https:\/\/laredlarioja.com.ar\/sitio\/#\/schema\/logo\/image\/"},"sameAs":["https:\/\/www.facebook.com\/lared.larioja","https:\/\/x.com\/laredlarioja1","https:\/\/www.instagram.com\/lared_larioja\/"]},{"@type":"Person","@id":"https:\/\/laredlarioja.com.ar\/sitio\/#\/schema\/person\/ed8e9a53dbc528338d2457e1f214b7c6","name":"Natalie Leautier","url":"https:\/\/laredlarioja.com.ar\/sitio\/author\/nataliel\/"}]}},"featured_image_urls":{"full":["https:\/\/laredlarioja.com.ar\/sitio\/wp-content\/uploads\/2024\/04\/438059799_951213043678152_170069982256426720_n.jpg",1440,960,false],"thumbnail":["https:\/\/laredlarioja.com.ar\/sitio\/wp-content\/uploads\/2024\/04\/438059799_951213043678152_170069982256426720_n-150x150.jpg",150,150,true],"medium":["https:\/\/laredlarioja.com.ar\/sitio\/wp-content\/uploads\/2024\/04\/438059799_951213043678152_170069982256426720_n-300x200.jpg",300,200,true],"medium_large":["https:\/\/laredlarioja.com.ar\/sitio\/wp-content\/uploads\/2024\/04\/438059799_951213043678152_170069982256426720_n-768x512.jpg",640,427,true],"large":["https:\/\/laredlarioja.com.ar\/sitio\/wp-content\/uploads\/2024\/04\/438059799_951213043678152_170069982256426720_n-1024x683.jpg",640,427,true],"1536x1536":["https:\/\/laredlarioja.com.ar\/sitio\/wp-content\/uploads\/2024\/04\/438059799_951213043678152_170069982256426720_n.jpg",1440,960,false],"2048x2048":["https:\/\/laredlarioja.com.ar\/sitio\/wp-content\/uploads\/2024\/04\/438059799_951213043678152_170069982256426720_n.jpg",1440,960,false],"cvmm-medium":["https:\/\/laredlarioja.com.ar\/sitio\/wp-content\/uploads\/2024\/04\/438059799_951213043678152_170069982256426720_n-300x300.jpg",300,300,true],"cvmm-medium-plus":["https:\/\/laredlarioja.com.ar\/sitio\/wp-content\/uploads\/2024\/04\/438059799_951213043678152_170069982256426720_n-305x207.jpg",305,207,true],"cvmm-portrait":["https:\/\/laredlarioja.com.ar\/sitio\/wp-content\/uploads\/2024\/04\/438059799_951213043678152_170069982256426720_n-400x600.jpg",400,600,true],"cvmm-medium-square":["https:\/\/laredlarioja.com.ar\/sitio\/wp-content\/uploads\/2024\/04\/438059799_951213043678152_170069982256426720_n-600x600.jpg",600,600,true],"cvmm-large":["https:\/\/laredlarioja.com.ar\/sitio\/wp-content\/uploads\/2024\/04\/438059799_951213043678152_170069982256426720_n-1024x960.jpg",1024,960,true],"cvmm-small":["https:\/\/laredlarioja.com.ar\/sitio\/wp-content\/uploads\/2024\/04\/438059799_951213043678152_170069982256426720_n-130x95.jpg",130,95,true],"morenews-large":["https:\/\/laredlarioja.com.ar\/sitio\/wp-content\/uploads\/2024\/04\/438059799_951213043678152_170069982256426720_n-825x575.jpg",825,575,true],"morenews-medium":["https:\/\/laredlarioja.com.ar\/sitio\/wp-content\/uploads\/2024\/04\/438059799_951213043678152_170069982256426720_n-590x410.jpg",590,410,true]},"author_info":{"display_name":"Natalie Leautier","author_link":"https:\/\/laredlarioja.com.ar\/sitio\/author\/nataliel\/"},"category_info":"<a href=\"https:\/\/laredlarioja.com.ar\/sitio\/categorias\/deportes\/\" rel=\"category tag\">Deportes<\/a>","tag_info":"Deportes","comment_count":"0","blog_post_layout_featured_media_urls":{"thumbnail":["https:\/\/laredlarioja.com.ar\/sitio\/wp-content\/uploads\/2024\/04\/438059799_951213043678152_170069982256426720_n-150x150.jpg",150,150,true],"full":["https:\/\/laredlarioja.com.ar\/sitio\/wp-content\/uploads\/2024\/04\/438059799_951213043678152_170069982256426720_n.jpg",1440,960,false]},"categories_names":{"26":{"name":"Deportes","link":"https:\/\/laredlarioja.com.ar\/sitio\/categorias\/deportes\/"}},"tags_names":[],"comments_number":"0","wpmagazine_modules_lite_featured_media_urls":{"thumbnail":["https:\/\/laredlarioja.com.ar\/sitio\/wp-content\/uploads\/2024\/04\/438059799_951213043678152_170069982256426720_n-150x150.jpg",150,150,true],"cvmm-medium":["https:\/\/laredlarioja.com.ar\/sitio\/wp-content\/uploads\/2024\/04\/438059799_951213043678152_170069982256426720_n-300x300.jpg",300,300,true],"cvmm-medium-plus":["https:\/\/laredlarioja.com.ar\/sitio\/wp-content\/uploads\/2024\/04\/438059799_951213043678152_170069982256426720_n-305x207.jpg",305,207,true],"cvmm-portrait":["https:\/\/laredlarioja.com.ar\/sitio\/wp-content\/uploads\/2024\/04\/438059799_951213043678152_170069982256426720_n-400x600.jpg",400,600,true],"cvmm-medium-square":["https:\/\/laredlarioja.com.ar\/sitio\/wp-content\/uploads\/2024\/04\/438059799_951213043678152_170069982256426720_n-600x600.jpg",600,600,true],"cvmm-large":["https:\/\/laredlarioja.com.ar\/sitio\/wp-content\/uploads\/2024\/04\/438059799_951213043678152_170069982256426720_n-1024x960.jpg",1024,960,true],"cvmm-small":["https:\/\/laredlarioja.com.ar\/sitio\/wp-content\/uploads\/2024\/04\/438059799_951213043678152_170069982256426720_n-130x95.jpg",130,95,true],"full":["https:\/\/laredlarioja.com.ar\/sitio\/wp-content\/uploads\/2024\/04\/438059799_951213043678152_170069982256426720_n.jpg",1440,960,false]},"_links":{"self":[{"href":"https:\/\/laredlarioja.com.ar\/sitio\/wp-json\/wp\/v2\/posts\/44995","targetHints":{"allow":["GET"]}}],"collection":[{"href":"https:\/\/laredlarioja.com.ar\/sitio\/wp-json\/wp\/v2\/posts"}],"about":[{"href":"https:\/\/laredlarioja.com.ar\/sitio\/wp-json\/wp\/v2\/types\/post"}],"author":[{"embeddable":true,"href":"https:\/\/laredlarioja.com.ar\/sitio\/wp-json\/wp\/v2\/users\/11"}],"replies":[{"embeddable":true,"href":"https:\/\/laredlarioja.com.ar\/sitio\/wp-json\/wp\/v2\/comments?post=44995"}],"version-history":[{"count":5,"href":"https:\/\/laredlarioja.com.ar\/sitio\/wp-json\/wp\/v2\/posts\/44995\/revisions"}],"predecessor-version":[{"id":45004,"href":"https:\/\/laredlarioja.com.ar\/sitio\/wp-json\/wp\/v2\/posts\/44995\/revisions\/45004"}],"wp:featuredmedia":[{"embeddable":true,"href":"https:\/\/laredlarioja.com.ar\/sitio\/wp-json\/wp\/v2\/media\/44996"}],"wp:attachment":[{"href":"https:\/\/laredlarioja.com.ar\/sitio\/wp-json\/wp\/v2\/media?parent=44995"}],"wp:term":[{"taxonomy":"category","embeddable":true,"href":"https:\/\/laredlarioja.com.ar\/sitio\/wp-json\/wp\/v2\/categories?post=44995"},{"taxonomy":"post_tag","embeddable":true,"href":"https:\/\/laredlarioja.com.ar\/sitio\/wp-json\/wp\/v2\/tags?post=44995"}],"curies":[{"name":"wp","href":"https:\/\/api.w.org\/{rel}","templated":true}]}}