{"id":47656,"date":"2024-06-20T20:56:56","date_gmt":"2024-06-20T20:56:56","guid":{"rendered":"https:\/\/laredlarioja.com.ar\/sitio\/?p=47656"},"modified":"2024-06-21T21:03:17","modified_gmt":"2024-06-21T21:03:17","slug":"como-sera-el-nuevo-sistema-de-titulos-digitales-que-otorgara-educacion","status":"publish","type":"post","link":"https:\/\/laredlarioja.com.ar\/sitio\/como-sera-el-nuevo-sistema-de-titulos-digitales-que-otorgara-educacion\/","title":{"rendered":"C\u00f3mo ser\u00e1 el nuevo sistema de t\u00edtulos digitales que otorgar\u00e1 Educaci\u00f3n"},"content":{"rendered":"<p>El Ministerio de Educaci\u00f3n inici\u00f3 la capacitaci\u00f3n al personal directivo, de supervisi\u00f3n y t\u00e9cnico de las instituciones de toda la provincia en el proceso de digitalizaci\u00f3n de t\u00edtulos. Significa que estudiantes al final de su proceso van a tener su t\u00edtulo digital homologado en su base de datos o posiblemente en un su tel\u00e9fono. Marcos Fuentes, asesor de Innovaci\u00f3n Educativa afirm\u00f3 que <strong>\u201cLa Rioja es una de las primeras provincias que inicia el proceso de digitalizaci\u00f3n de t\u00edtulos\u201d.<\/strong><\/p>\n<p>En di\u00e1logo con La Red Fuentes destac\u00f3 que de trata de \u201c<strong>un cambio de paradigma en el sistema de titulaci\u00f3n en la escuela secundaria, modalidades educativas, educaci\u00f3n superior en la provincia y empezaron a trabajar en la digitalizaci\u00f3n de t\u00edtulos de cada estudiante, dejamos de lado el formato papel en cada escuela\u201d.<\/strong><\/p>\n<p><a href=\"https:\/\/laredlarioja.com.ar\/sitio\/wp-content\/uploads\/2024\/06\/69441_1718796194.jpeg\"><img fetchpriority=\"high\" decoding=\"async\" class=\"alignnone wp-image-47658 size-full\" src=\"https:\/\/laredlarioja.com.ar\/sitio\/wp-content\/uploads\/2024\/06\/69441_1718796194.jpeg\" alt=\"\" width=\"1000\" height=\"561\" srcset=\"https:\/\/laredlarioja.com.ar\/sitio\/wp-content\/uploads\/2024\/06\/69441_1718796194.jpeg 1000w, https:\/\/laredlarioja.com.ar\/sitio\/wp-content\/uploads\/2024\/06\/69441_1718796194-300x168.jpeg 300w, https:\/\/laredlarioja.com.ar\/sitio\/wp-content\/uploads\/2024\/06\/69441_1718796194-768x431.jpeg 768w\" sizes=\"(max-width: 1000px) 100vw, 1000px\" \/><\/a><\/p>\n<p>Explic\u00f3 que \u201cla primera etapa ser\u00eda esa y la segunda una vez que ya vayan por los canales administrativos correspondientes y legales, <strong>el estudiante al final de su proceso va a tener su t\u00edtulo digital o en su base de datos, o posiblemente en un su tel\u00e9fono. Se descarga las veces que sea necesario, pero tiene validez una sola vez porque es un t\u00edtulo en un formato homologado\u201d.<\/strong><\/p>\n<p>Fuentes asegur\u00f3 que \u201c<strong>el estudiante lo podr\u00e1 tener como PDF pero es homologado una sola vez, despu\u00e9s entra a una etapa de registro provincial y no puede haber una alteraci\u00f3n del t\u00edtulo porque hay c\u00f3digos de seguridad inform\u00e1tica que limitan ese tipo de plagio<\/strong>\u201d.<\/p>\n<p>\u201cEsto nos genera muchos beneficios, una base \u00fanica de registro de t\u00edtulos y el estudiante puede tener su pase ac\u00e1 o en cualquier provincia porque el registro va a ser uno solo\u201d, expres\u00f3.<\/p>\n<p>En tanto consider\u00f3 que <strong>\u201cla despapelizamos de las escuelas beneficia porque existen casos muy aislados de estudiantes que no tienen el t\u00edtulo en formato papel de hace m\u00e1s de 10 a\u00f1os, entonces evitar\u00edamos eso\u201d.<\/strong><\/p>\n<p><a href=\"https:\/\/laredlarioja.com.ar\/sitio\/wp-content\/uploads\/2024\/06\/9078.webp\"><img decoding=\"async\" class=\"alignnone wp-image-47657 size-full\" src=\"https:\/\/laredlarioja.com.ar\/sitio\/wp-content\/uploads\/2024\/06\/9078.webp\" alt=\"\" width=\"745\" height=\"467\" srcset=\"https:\/\/laredlarioja.com.ar\/sitio\/wp-content\/uploads\/2024\/06\/9078.webp 745w, https:\/\/laredlarioja.com.ar\/sitio\/wp-content\/uploads\/2024\/06\/9078-300x188.webp 300w\" sizes=\"(max-width: 745px) 100vw, 745px\" \/><\/a><\/p>\n<p>Adem\u00e1s el referente se\u00f1al\u00f3 que \u00abesto se aprob\u00f3 con una Resoluci\u00f3n del Consejo Federal del 2023 y ac\u00e1 en la provincia despu\u00e9s de comenzar a reestructurar todos los formatos administrativos y todo lo dem\u00e1s <strong>se implementa un m\u00e9todo donde a trav\u00e9s de ese sistema se va a generar una clave de acceso a cada uno de los administrativos y directores de las escuelas para que empiecen a levantar lo que es el papel curricular de cada estudiante a este formato digital\u00bb.<\/strong><\/p>\n<p>\u00abComenz\u00f3 un plan de capacitaci\u00f3n a corto plazo con cada una de las escuelas, virtual y presencial, para que \u00e9l directivo tenga acceso al sistema y pueda empezar a cargar todo lo que es correspondiente a cada estudiante y <strong>el objetivo es que a fin de este a\u00f1o cuenten con todos los t\u00edtulos digitales ya cargados<\/strong>\u00ab, cerr\u00f3 Fuentes.<\/p>\n","protected":false},"excerpt":{"rendered":"<p>El Ministerio de Educaci\u00f3n inici\u00f3 la capacitaci\u00f3n al personal directivo, de supervisi\u00f3n y t\u00e9cnico de las instituciones de<\/p>\n","protected":false},"author":7,"featured_media":47657,"comment_status":"closed","ping_status":"open","sticky":false,"template":"","format":"standard","meta":{"footnotes":""},"categories":[24],"tags":[],"class_list":["post-47656","post","type-post","status-publish","format-standard","has-post-thumbnail","hentry","category-informacion-general"],"yoast_head":"<!-- This site is optimized with the Yoast SEO plugin v27.4 - https:\/\/yoast.com\/product\/yoast-seo-wordpress\/ -->\n<title>C\u00f3mo ser\u00e1 el nuevo sistema de t\u00edtulos digitales que otorgar\u00e1 Educaci\u00f3n - LA RED 88.3 LA RIOJA<\/title>\n<meta name=\"robots\" content=\"index, follow, max-snippet:-1, max-image-preview:large, max-video-preview:-1\" \/>\n<link rel=\"canonical\" href=\"https:\/\/laredlarioja.com.ar\/sitio\/como-sera-el-nuevo-sistema-de-titulos-digitales-que-otorgara-educacion\/\" \/>\n<meta property=\"og:locale\" content=\"es_ES\" \/>\n<meta property=\"og:type\" content=\"article\" \/>\n<meta property=\"og:title\" content=\"C\u00f3mo ser\u00e1 el nuevo sistema de t\u00edtulos digitales que otorgar\u00e1 Educaci\u00f3n - LA RED 88.3 LA RIOJA\" \/>\n<meta property=\"og:description\" content=\"El Ministerio de Educaci\u00f3n inici\u00f3 la capacitaci\u00f3n al personal directivo, de supervisi\u00f3n y t\u00e9cnico de las instituciones de\" \/>\n<meta property=\"og:url\" content=\"https:\/\/laredlarioja.com.ar\/sitio\/como-sera-el-nuevo-sistema-de-titulos-digitales-que-otorgara-educacion\/\" \/>\n<meta property=\"og:site_name\" content=\"LA RED 88.3 LA RIOJA\" \/>\n<meta property=\"article:publisher\" content=\"https:\/\/www.facebook.com\/lared.larioja\" \/>\n<meta property=\"article:published_time\" content=\"2024-06-20T20:56:56+00:00\" \/>\n<meta property=\"article:modified_time\" content=\"2024-06-21T21:03:17+00:00\" \/>\n<meta property=\"og:image\" content=\"https:\/\/laredlarioja.com.ar\/sitio\/wp-content\/uploads\/2024\/06\/9078.webp\" \/>\n\t<meta property=\"og:image:width\" content=\"745\" \/>\n\t<meta property=\"og:image:height\" content=\"467\" \/>\n\t<meta property=\"og:image:type\" content=\"image\/webp\" \/>\n<meta name=\"author\" content=\"Anabella Soria\" \/>\n<meta name=\"twitter:card\" content=\"summary_large_image\" \/>\n<meta name=\"twitter:creator\" content=\"@laredlarioja1\" \/>\n<meta name=\"twitter:site\" content=\"@laredlarioja1\" \/>\n<meta name=\"twitter:label1\" content=\"Escrito por\" \/>\n\t<meta name=\"twitter:data1\" content=\"Anabella Soria\" \/>\n\t<meta name=\"twitter:label2\" content=\"Tiempo de lectura\" \/>\n\t<meta name=\"twitter:data2\" content=\"2 minutos\" \/>\n<script type=\"application\/ld+json\" class=\"yoast-schema-graph\">{\"@context\":\"https:\\\/\\\/schema.org\",\"@graph\":[{\"@type\":\"Article\",\"@id\":\"https:\\\/\\\/laredlarioja.com.ar\\\/sitio\\\/como-sera-el-nuevo-sistema-de-titulos-digitales-que-otorgara-educacion\\\/#article\",\"isPartOf\":{\"@id\":\"https:\\\/\\\/laredlarioja.com.ar\\\/sitio\\\/como-sera-el-nuevo-sistema-de-titulos-digitales-que-otorgara-educacion\\\/\"},\"author\":{\"name\":\"Anabella Soria\",\"@id\":\"https:\\\/\\\/laredlarioja.com.ar\\\/sitio\\\/#\\\/schema\\\/person\\\/31f88059d20c5cf06e974fd895aec56e\"},\"headline\":\"C\u00f3mo ser\u00e1 el nuevo sistema de t\u00edtulos digitales que otorgar\u00e1 Educaci\u00f3n\",\"datePublished\":\"2024-06-20T20:56:56+00:00\",\"dateModified\":\"2024-06-21T21:03:17+00:00\",\"mainEntityOfPage\":{\"@id\":\"https:\\\/\\\/laredlarioja.com.ar\\\/sitio\\\/como-sera-el-nuevo-sistema-de-titulos-digitales-que-otorgara-educacion\\\/\"},\"wordCount\":500,\"publisher\":{\"@id\":\"https:\\\/\\\/laredlarioja.com.ar\\\/sitio\\\/#organization\"},\"image\":{\"@id\":\"https:\\\/\\\/laredlarioja.com.ar\\\/sitio\\\/como-sera-el-nuevo-sistema-de-titulos-digitales-que-otorgara-educacion\\\/#primaryimage\"},\"thumbnailUrl\":\"https:\\\/\\\/laredlarioja.com.ar\\\/sitio\\\/wp-content\\\/uploads\\\/2024\\\/06\\\/9078.webp\",\"articleSection\":[\"Informaci\u00f3n General\"],\"inLanguage\":\"es\"},{\"@type\":\"WebPage\",\"@id\":\"https:\\\/\\\/laredlarioja.com.ar\\\/sitio\\\/como-sera-el-nuevo-sistema-de-titulos-digitales-que-otorgara-educacion\\\/\",\"url\":\"https:\\\/\\\/laredlarioja.com.ar\\\/sitio\\\/como-sera-el-nuevo-sistema-de-titulos-digitales-que-otorgara-educacion\\\/\",\"name\":\"C\u00f3mo ser\u00e1 el nuevo sistema de t\u00edtulos digitales que otorgar\u00e1 Educaci\u00f3n - LA RED 88.3 LA RIOJA\",\"isPartOf\":{\"@id\":\"https:\\\/\\\/laredlarioja.com.ar\\\/sitio\\\/#website\"},\"primaryImageOfPage\":{\"@id\":\"https:\\\/\\\/laredlarioja.com.ar\\\/sitio\\\/como-sera-el-nuevo-sistema-de-titulos-digitales-que-otorgara-educacion\\\/#primaryimage\"},\"image\":{\"@id\":\"https:\\\/\\\/laredlarioja.com.ar\\\/sitio\\\/como-sera-el-nuevo-sistema-de-titulos-digitales-que-otorgara-educacion\\\/#primaryimage\"},\"thumbnailUrl\":\"https:\\\/\\\/laredlarioja.com.ar\\\/sitio\\\/wp-content\\\/uploads\\\/2024\\\/06\\\/9078.webp\",\"datePublished\":\"2024-06-20T20:56:56+00:00\",\"dateModified\":\"2024-06-21T21:03:17+00:00\",\"breadcrumb\":{\"@id\":\"https:\\\/\\\/laredlarioja.com.ar\\\/sitio\\\/como-sera-el-nuevo-sistema-de-titulos-digitales-que-otorgara-educacion\\\/#breadcrumb\"},\"inLanguage\":\"es\",\"potentialAction\":[{\"@type\":\"ReadAction\",\"target\":[\"https:\\\/\\\/laredlarioja.com.ar\\\/sitio\\\/como-sera-el-nuevo-sistema-de-titulos-digitales-que-otorgara-educacion\\\/\"]}]},{\"@type\":\"ImageObject\",\"inLanguage\":\"es\",\"@id\":\"https:\\\/\\\/laredlarioja.com.ar\\\/sitio\\\/como-sera-el-nuevo-sistema-de-titulos-digitales-que-otorgara-educacion\\\/#primaryimage\",\"url\":\"https:\\\/\\\/laredlarioja.com.ar\\\/sitio\\\/wp-content\\\/uploads\\\/2024\\\/06\\\/9078.webp\",\"contentUrl\":\"https:\\\/\\\/laredlarioja.com.ar\\\/sitio\\\/wp-content\\\/uploads\\\/2024\\\/06\\\/9078.webp\",\"width\":745,\"height\":467},{\"@type\":\"BreadcrumbList\",\"@id\":\"https:\\\/\\\/laredlarioja.com.ar\\\/sitio\\\/como-sera-el-nuevo-sistema-de-titulos-digitales-que-otorgara-educacion\\\/#breadcrumb\",\"itemListElement\":[{\"@type\":\"ListItem\",\"position\":1,\"name\":\"Portada\",\"item\":\"https:\\\/\\\/laredlarioja.com.ar\\\/sitio\\\/\"},{\"@type\":\"ListItem\",\"position\":2,\"name\":\"C\u00f3mo ser\u00e1 el nuevo sistema de t\u00edtulos digitales que otorgar\u00e1 Educaci\u00f3n\"}]},{\"@type\":\"WebSite\",\"@id\":\"https:\\\/\\\/laredlarioja.com.ar\\\/sitio\\\/#website\",\"url\":\"https:\\\/\\\/laredlarioja.com.ar\\\/sitio\\\/\",\"name\":\"LA RED 88.3 LA RIOJA\",\"description\":\"Sitio de Noticias\",\"publisher\":{\"@id\":\"https:\\\/\\\/laredlarioja.com.ar\\\/sitio\\\/#organization\"},\"potentialAction\":[{\"@type\":\"SearchAction\",\"target\":{\"@type\":\"EntryPoint\",\"urlTemplate\":\"https:\\\/\\\/laredlarioja.com.ar\\\/sitio\\\/?s={search_term_string}\"},\"query-input\":{\"@type\":\"PropertyValueSpecification\",\"valueRequired\":true,\"valueName\":\"search_term_string\"}}],\"inLanguage\":\"es\"},{\"@type\":\"Organization\",\"@id\":\"https:\\\/\\\/laredlarioja.com.ar\\\/sitio\\\/#organization\",\"name\":\"LA RED 88.3 LA RIOJA\",\"url\":\"https:\\\/\\\/laredlarioja.com.ar\\\/sitio\\\/\",\"logo\":{\"@type\":\"ImageObject\",\"inLanguage\":\"es\",\"@id\":\"https:\\\/\\\/laredlarioja.com.ar\\\/sitio\\\/#\\\/schema\\\/logo\\\/image\\\/\",\"url\":\"https:\\\/\\\/laredlarioja.com.ar\\\/sitio\\\/wp-content\\\/uploads\\\/2025\\\/05\\\/LOGO-LA-RED.png\",\"contentUrl\":\"https:\\\/\\\/laredlarioja.com.ar\\\/sitio\\\/wp-content\\\/uploads\\\/2025\\\/05\\\/LOGO-LA-RED.png\",\"width\":193,\"height\":340,\"caption\":\"LA RED 88.3 LA RIOJA\"},\"image\":{\"@id\":\"https:\\\/\\\/laredlarioja.com.ar\\\/sitio\\\/#\\\/schema\\\/logo\\\/image\\\/\"},\"sameAs\":[\"https:\\\/\\\/www.facebook.com\\\/lared.larioja\",\"https:\\\/\\\/x.com\\\/laredlarioja1\",\"https:\\\/\\\/www.instagram.com\\\/lared_larioja\\\/\"]},{\"@type\":\"Person\",\"@id\":\"https:\\\/\\\/laredlarioja.com.ar\\\/sitio\\\/#\\\/schema\\\/person\\\/31f88059d20c5cf06e974fd895aec56e\",\"name\":\"Anabella Soria\",\"url\":\"https:\\\/\\\/laredlarioja.com.ar\\\/sitio\\\/author\\\/asoria\\\/\"}]}<\/script>\n<!-- \/ Yoast SEO plugin. -->","yoast_head_json":{"title":"C\u00f3mo ser\u00e1 el nuevo sistema de t\u00edtulos digitales que otorgar\u00e1 Educaci\u00f3n - LA RED 88.3 LA RIOJA","robots":{"index":"index","follow":"follow","max-snippet":"max-snippet:-1","max-image-preview":"max-image-preview:large","max-video-preview":"max-video-preview:-1"},"canonical":"https:\/\/laredlarioja.com.ar\/sitio\/como-sera-el-nuevo-sistema-de-titulos-digitales-que-otorgara-educacion\/","og_locale":"es_ES","og_type":"article","og_title":"C\u00f3mo ser\u00e1 el nuevo sistema de t\u00edtulos digitales que otorgar\u00e1 Educaci\u00f3n - LA RED 88.3 LA RIOJA","og_description":"El Ministerio de Educaci\u00f3n inici\u00f3 la capacitaci\u00f3n al personal directivo, de supervisi\u00f3n y t\u00e9cnico de las instituciones de","og_url":"https:\/\/laredlarioja.com.ar\/sitio\/como-sera-el-nuevo-sistema-de-titulos-digitales-que-otorgara-educacion\/","og_site_name":"LA RED 88.3 LA RIOJA","article_publisher":"https:\/\/www.facebook.com\/lared.larioja","article_published_time":"2024-06-20T20:56:56+00:00","article_modified_time":"2024-06-21T21:03:17+00:00","og_image":[{"width":745,"height":467,"url":"https:\/\/laredlarioja.com.ar\/sitio\/wp-content\/uploads\/2024\/06\/9078.webp","type":"image\/webp"}],"author":"Anabella Soria","twitter_card":"summary_large_image","twitter_creator":"@laredlarioja1","twitter_site":"@laredlarioja1","twitter_misc":{"Escrito por":"Anabella Soria","Tiempo de lectura":"2 minutos"},"schema":{"@context":"https:\/\/schema.org","@graph":[{"@type":"Article","@id":"https:\/\/laredlarioja.com.ar\/sitio\/como-sera-el-nuevo-sistema-de-titulos-digitales-que-otorgara-educacion\/#article","isPartOf":{"@id":"https:\/\/laredlarioja.com.ar\/sitio\/como-sera-el-nuevo-sistema-de-titulos-digitales-que-otorgara-educacion\/"},"author":{"name":"Anabella Soria","@id":"https:\/\/laredlarioja.com.ar\/sitio\/#\/schema\/person\/31f88059d20c5cf06e974fd895aec56e"},"headline":"C\u00f3mo ser\u00e1 el nuevo sistema de t\u00edtulos digitales que otorgar\u00e1 Educaci\u00f3n","datePublished":"2024-06-20T20:56:56+00:00","dateModified":"2024-06-21T21:03:17+00:00","mainEntityOfPage":{"@id":"https:\/\/laredlarioja.com.ar\/sitio\/como-sera-el-nuevo-sistema-de-titulos-digitales-que-otorgara-educacion\/"},"wordCount":500,"publisher":{"@id":"https:\/\/laredlarioja.com.ar\/sitio\/#organization"},"image":{"@id":"https:\/\/laredlarioja.com.ar\/sitio\/como-sera-el-nuevo-sistema-de-titulos-digitales-que-otorgara-educacion\/#primaryimage"},"thumbnailUrl":"https:\/\/laredlarioja.com.ar\/sitio\/wp-content\/uploads\/2024\/06\/9078.webp","articleSection":["Informaci\u00f3n General"],"inLanguage":"es"},{"@type":"WebPage","@id":"https:\/\/laredlarioja.com.ar\/sitio\/como-sera-el-nuevo-sistema-de-titulos-digitales-que-otorgara-educacion\/","url":"https:\/\/laredlarioja.com.ar\/sitio\/como-sera-el-nuevo-sistema-de-titulos-digitales-que-otorgara-educacion\/","name":"C\u00f3mo ser\u00e1 el nuevo sistema de t\u00edtulos digitales que otorgar\u00e1 Educaci\u00f3n - LA RED 88.3 LA RIOJA","isPartOf":{"@id":"https:\/\/laredlarioja.com.ar\/sitio\/#website"},"primaryImageOfPage":{"@id":"https:\/\/laredlarioja.com.ar\/sitio\/como-sera-el-nuevo-sistema-de-titulos-digitales-que-otorgara-educacion\/#primaryimage"},"image":{"@id":"https:\/\/laredlarioja.com.ar\/sitio\/como-sera-el-nuevo-sistema-de-titulos-digitales-que-otorgara-educacion\/#primaryimage"},"thumbnailUrl":"https:\/\/laredlarioja.com.ar\/sitio\/wp-content\/uploads\/2024\/06\/9078.webp","datePublished":"2024-06-20T20:56:56+00:00","dateModified":"2024-06-21T21:03:17+00:00","breadcrumb":{"@id":"https:\/\/laredlarioja.com.ar\/sitio\/como-sera-el-nuevo-sistema-de-titulos-digitales-que-otorgara-educacion\/#breadcrumb"},"inLanguage":"es","potentialAction":[{"@type":"ReadAction","target":["https:\/\/laredlarioja.com.ar\/sitio\/como-sera-el-nuevo-sistema-de-titulos-digitales-que-otorgara-educacion\/"]}]},{"@type":"ImageObject","inLanguage":"es","@id":"https:\/\/laredlarioja.com.ar\/sitio\/como-sera-el-nuevo-sistema-de-titulos-digitales-que-otorgara-educacion\/#primaryimage","url":"https:\/\/laredlarioja.com.ar\/sitio\/wp-content\/uploads\/2024\/06\/9078.webp","contentUrl":"https:\/\/laredlarioja.com.ar\/sitio\/wp-content\/uploads\/2024\/06\/9078.webp","width":745,"height":467},{"@type":"BreadcrumbList","@id":"https:\/\/laredlarioja.com.ar\/sitio\/como-sera-el-nuevo-sistema-de-titulos-digitales-que-otorgara-educacion\/#breadcrumb","itemListElement":[{"@type":"ListItem","position":1,"name":"Portada","item":"https:\/\/laredlarioja.com.ar\/sitio\/"},{"@type":"ListItem","position":2,"name":"C\u00f3mo ser\u00e1 el nuevo sistema de t\u00edtulos digitales que otorgar\u00e1 Educaci\u00f3n"}]},{"@type":"WebSite","@id":"https:\/\/laredlarioja.com.ar\/sitio\/#website","url":"https:\/\/laredlarioja.com.ar\/sitio\/","name":"LA RED 88.3 LA RIOJA","description":"Sitio de Noticias","publisher":{"@id":"https:\/\/laredlarioja.com.ar\/sitio\/#organization"},"potentialAction":[{"@type":"SearchAction","target":{"@type":"EntryPoint","urlTemplate":"https:\/\/laredlarioja.com.ar\/sitio\/?s={search_term_string}"},"query-input":{"@type":"PropertyValueSpecification","valueRequired":true,"valueName":"search_term_string"}}],"inLanguage":"es"},{"@type":"Organization","@id":"https:\/\/laredlarioja.com.ar\/sitio\/#organization","name":"LA RED 88.3 LA RIOJA","url":"https:\/\/laredlarioja.com.ar\/sitio\/","logo":{"@type":"ImageObject","inLanguage":"es","@id":"https:\/\/laredlarioja.com.ar\/sitio\/#\/schema\/logo\/image\/","url":"https:\/\/laredlarioja.com.ar\/sitio\/wp-content\/uploads\/2025\/05\/LOGO-LA-RED.png","contentUrl":"https:\/\/laredlarioja.com.ar\/sitio\/wp-content\/uploads\/2025\/05\/LOGO-LA-RED.png","width":193,"height":340,"caption":"LA RED 88.3 LA RIOJA"},"image":{"@id":"https:\/\/laredlarioja.com.ar\/sitio\/#\/schema\/logo\/image\/"},"sameAs":["https:\/\/www.facebook.com\/lared.larioja","https:\/\/x.com\/laredlarioja1","https:\/\/www.instagram.com\/lared_larioja\/"]},{"@type":"Person","@id":"https:\/\/laredlarioja.com.ar\/sitio\/#\/schema\/person\/31f88059d20c5cf06e974fd895aec56e","name":"Anabella Soria","url":"https:\/\/laredlarioja.com.ar\/sitio\/author\/asoria\/"}]}},"featured_image_urls":{"full":["https:\/\/laredlarioja.com.ar\/sitio\/wp-content\/uploads\/2024\/06\/9078.webp",745,467,false],"thumbnail":["https:\/\/laredlarioja.com.ar\/sitio\/wp-content\/uploads\/2024\/06\/9078-150x150.webp",150,150,true],"medium":["https:\/\/laredlarioja.com.ar\/sitio\/wp-content\/uploads\/2024\/06\/9078-300x188.webp",300,188,true],"medium_large":["https:\/\/laredlarioja.com.ar\/sitio\/wp-content\/uploads\/2024\/06\/9078.webp",640,401,false],"large":["https:\/\/laredlarioja.com.ar\/sitio\/wp-content\/uploads\/2024\/06\/9078.webp",640,401,false],"1536x1536":["https:\/\/laredlarioja.com.ar\/sitio\/wp-content\/uploads\/2024\/06\/9078.webp",745,467,false],"2048x2048":["https:\/\/laredlarioja.com.ar\/sitio\/wp-content\/uploads\/2024\/06\/9078.webp",745,467,false],"cvmm-medium":["https:\/\/laredlarioja.com.ar\/sitio\/wp-content\/uploads\/2024\/06\/9078-300x300.webp",300,300,true],"cvmm-medium-plus":["https:\/\/laredlarioja.com.ar\/sitio\/wp-content\/uploads\/2024\/06\/9078-305x207.webp",305,207,true],"cvmm-portrait":["https:\/\/laredlarioja.com.ar\/sitio\/wp-content\/uploads\/2024\/06\/9078-400x467.webp",400,467,true],"cvmm-medium-square":["https:\/\/laredlarioja.com.ar\/sitio\/wp-content\/uploads\/2024\/06\/9078-600x467.webp",600,467,true],"cvmm-large":["https:\/\/laredlarioja.com.ar\/sitio\/wp-content\/uploads\/2024\/06\/9078.webp",745,467,false],"cvmm-small":["https:\/\/laredlarioja.com.ar\/sitio\/wp-content\/uploads\/2024\/06\/9078-130x95.webp",130,95,true],"morenews-large":["https:\/\/laredlarioja.com.ar\/sitio\/wp-content\/uploads\/2024\/06\/9078.webp",745,467,false],"morenews-medium":["https:\/\/laredlarioja.com.ar\/sitio\/wp-content\/uploads\/2024\/06\/9078-590x410.webp",590,410,true]},"author_info":{"display_name":"Anabella Soria","author_link":"https:\/\/laredlarioja.com.ar\/sitio\/author\/asoria\/"},"category_info":"<a href=\"https:\/\/laredlarioja.com.ar\/sitio\/categorias\/informacion-general\/\" rel=\"category tag\">Informaci\u00f3n General<\/a>","tag_info":"Informaci\u00f3n General","comment_count":"0","blog_post_layout_featured_media_urls":{"thumbnail":["https:\/\/laredlarioja.com.ar\/sitio\/wp-content\/uploads\/2024\/06\/9078-150x150.webp",150,150,true],"full":["https:\/\/laredlarioja.com.ar\/sitio\/wp-content\/uploads\/2024\/06\/9078.webp",745,467,false]},"categories_names":{"24":{"name":"Informaci\u00f3n General","link":"https:\/\/laredlarioja.com.ar\/sitio\/categorias\/informacion-general\/"}},"tags_names":[],"comments_number":"0","wpmagazine_modules_lite_featured_media_urls":{"thumbnail":["https:\/\/laredlarioja.com.ar\/sitio\/wp-content\/uploads\/2024\/06\/9078-150x150.webp",150,150,true],"cvmm-medium":["https:\/\/laredlarioja.com.ar\/sitio\/wp-content\/uploads\/2024\/06\/9078-300x300.webp",300,300,true],"cvmm-medium-plus":["https:\/\/laredlarioja.com.ar\/sitio\/wp-content\/uploads\/2024\/06\/9078-305x207.webp",305,207,true],"cvmm-portrait":["https:\/\/laredlarioja.com.ar\/sitio\/wp-content\/uploads\/2024\/06\/9078-400x467.webp",400,467,true],"cvmm-medium-square":["https:\/\/laredlarioja.com.ar\/sitio\/wp-content\/uploads\/2024\/06\/9078-600x467.webp",600,467,true],"cvmm-large":["https:\/\/laredlarioja.com.ar\/sitio\/wp-content\/uploads\/2024\/06\/9078.webp",745,467,false],"cvmm-small":["https:\/\/laredlarioja.com.ar\/sitio\/wp-content\/uploads\/2024\/06\/9078-130x95.webp",130,95,true],"full":["https:\/\/laredlarioja.com.ar\/sitio\/wp-content\/uploads\/2024\/06\/9078.webp",745,467,false]},"_links":{"self":[{"href":"https:\/\/laredlarioja.com.ar\/sitio\/wp-json\/wp\/v2\/posts\/47656","targetHints":{"allow":["GET"]}}],"collection":[{"href":"https:\/\/laredlarioja.com.ar\/sitio\/wp-json\/wp\/v2\/posts"}],"about":[{"href":"https:\/\/laredlarioja.com.ar\/sitio\/wp-json\/wp\/v2\/types\/post"}],"author":[{"embeddable":true,"href":"https:\/\/laredlarioja.com.ar\/sitio\/wp-json\/wp\/v2\/users\/7"}],"replies":[{"embeddable":true,"href":"https:\/\/laredlarioja.com.ar\/sitio\/wp-json\/wp\/v2\/comments?post=47656"}],"version-history":[{"count":1,"href":"https:\/\/laredlarioja.com.ar\/sitio\/wp-json\/wp\/v2\/posts\/47656\/revisions"}],"predecessor-version":[{"id":47659,"href":"https:\/\/laredlarioja.com.ar\/sitio\/wp-json\/wp\/v2\/posts\/47656\/revisions\/47659"}],"wp:featuredmedia":[{"embeddable":true,"href":"https:\/\/laredlarioja.com.ar\/sitio\/wp-json\/wp\/v2\/media\/47657"}],"wp:attachment":[{"href":"https:\/\/laredlarioja.com.ar\/sitio\/wp-json\/wp\/v2\/media?parent=47656"}],"wp:term":[{"taxonomy":"category","embeddable":true,"href":"https:\/\/laredlarioja.com.ar\/sitio\/wp-json\/wp\/v2\/categories?post=47656"},{"taxonomy":"post_tag","embeddable":true,"href":"https:\/\/laredlarioja.com.ar\/sitio\/wp-json\/wp\/v2\/tags?post=47656"}],"curies":[{"name":"wp","href":"https:\/\/api.w.org\/{rel}","templated":true}]}}