{"id":48557,"date":"2024-07-08T19:48:20","date_gmt":"2024-07-08T19:48:20","guid":{"rendered":"https:\/\/laredlarioja.com.ar\/sitio\/?p=48557"},"modified":"2024-07-08T19:48:20","modified_gmt":"2024-07-08T19:48:20","slug":"fopea-expuso-ante-la-cidh-sobre-estrategias-de-censura-en-las-americas","status":"publish","type":"post","link":"https:\/\/laredlarioja.com.ar\/sitio\/fopea-expuso-ante-la-cidh-sobre-estrategias-de-censura-en-las-americas\/","title":{"rendered":"FOPEA expuso ante la CIDH sobre estrategias de censura en las Am\u00e9ricas"},"content":{"rendered":"<p>FOPEA particip\u00f3 hoy de la<strong> audiencia regional sobre \u201cAfectaciones al derecho a la libertad de expresi\u00f3n por medidas estatales de censura en las Am\u00e9ricas\u201d,<\/strong> para lo cual expuso junto a otras 24 organizaciones de la regi\u00f3n frente a los integrantes de la Comisi\u00f3n Interamericana de Derechos Humanos y al Relator de Libertad de Expresi\u00f3n de la CIDH, Roberto Vaca.<\/p>\n<p>Tanto la presidenta de la CIDH \u2013Roberta Clarke- como otros comisionados y el relator felicitaron a las 25 organizaciones por su tarea colaborativa y su enfoque regional, del que participaron representantes de Argentina, Brasil, Colombia, El Salvador, Guatemala, M\u00e9xico y Nicaragua.<\/p>\n<p>En la Audiencia, que se realiz\u00f3 v\u00eda zoom y se prolong\u00f3 por 90 minutos, los solicitantes <strong>se explayaron sobre la implementaci\u00f3n de estrategias gubernamentales para socavar la participaci\u00f3n ciudadana y la difusi\u00f3n de informaci\u00f3n relevante sobre los poderes p\u00fablicos.<\/strong><\/p>\n<p>\u201cEvidenciamos un acentuado contexto de deterioro democr\u00e1tico. En este, los gobiernos con agendas y discursos contrarios al Estado de derecho avanzan en el desmantelamiento de las instituciones y de las salvaguardas de derechos humanos, al mismo tiempo que construyen esquemas que facilitan la corrupci\u00f3n y la impunidad\u201d, se\u00f1alaron.<\/p>\n<p>Citaron como elemento esencial de esa agenda \u201cla persecuci\u00f3n de la cr\u00edtica\u201d; el uso de ret\u00f3ricas abiertamente hostiles que califican a periodistas y personas defensoras de derechos humanos como mentirosas, enemigas u opositoras; el aprovechamiento de los desarrollos tecnol\u00f3gicos para desplegar mecanismos de control y vigilancia; y la instrumentalizaci\u00f3n y abuso de los mecanismos judiciales como herramientas para la censura.<\/p>\n<p>Se indic\u00f3 que gobiernos de cualquier ideolog\u00eda aplican este tipo de m\u00e9todos -como los ex presidentes Donald Trump en Estados Unidos y Jair Bolsonaro en Brasil, o los actuales mandatarios Andr\u00e9s Manuel L\u00f3pez Obrador en M\u00e9xico, Nayib Bukele en El Salvador, Gustavo Petro en Colombia, y Javier Milei en Argentina- por lo cual pidieron a la Comisi\u00f3n Interamericana que elabore mecanismos y respuestas para contrarrestar estas pr\u00e1cticas.<\/p>\n<p>\u201c<strong>Todos, sin excepci\u00f3n, tildan a la prensa de mentirosa, y acuden a descalificativos degradantes. Adem\u00e1s, atacan de manera m\u00e1s gravosa a periodistas mujeres\u201d<\/strong>, se\u00f1al\u00f3 uno de los expositores, al indicar que la difusi\u00f3n por las redes sociales de amenazas puede derivar en agresiones f\u00edsicas y obstrucciones al trabajo period\u00edstico.<\/p>\n<p>\u201cEs claro que el temor a represalias o a escaladas de estos ataques socava la capacidad de periodistas para promover la rendici\u00f3n de cuentas y la b\u00fasqueda de la verdad\u201d.<\/p>\n<p><a href=\"https:\/\/laredlarioja.com.ar\/sitio\/wp-content\/uploads\/2024\/07\/2.png\"><img fetchpriority=\"high\" decoding=\"async\" class=\"alignnone size-full wp-image-48560\" src=\"https:\/\/laredlarioja.com.ar\/sitio\/wp-content\/uploads\/2024\/07\/2.png\" alt=\"\" width=\"1366\" height=\"768\" srcset=\"https:\/\/laredlarioja.com.ar\/sitio\/wp-content\/uploads\/2024\/07\/2.png 1366w, https:\/\/laredlarioja.com.ar\/sitio\/wp-content\/uploads\/2024\/07\/2-300x169.png 300w, https:\/\/laredlarioja.com.ar\/sitio\/wp-content\/uploads\/2024\/07\/2-1024x576.png 1024w, https:\/\/laredlarioja.com.ar\/sitio\/wp-content\/uploads\/2024\/07\/2-768x432.png 768w\" sizes=\"(max-width: 1366px) 100vw, 1366px\" \/><\/a><\/p>\n<p>Se indic\u00f3 que estos ataques no son s\u00f3lo a periodistas sino a las entidades que los representan y a medios, como los casos de Art\u00edculo 19 y el Centro de Derechos Humanos Miguel Agust\u00edn Pro Ju\u00e1rez (Centro Prodh) en M\u00e9xico, la Fundaci\u00f3n para la Libertad de Prensa (FLIP) en Colombia, FOPEA en Argentina, y la Asociaci\u00f3n de Periodistas de El Salvador (APES), \u201cquienes son estigmatizadas y se\u00f1aladas por altos funcionarios p\u00fablicos, incluidos los respectivos presidentes\u201d.<\/p>\n<p>Sobre Argentina, se indic\u00f3 que \u201chace apenas diez d\u00edas, operadores digitales ligados al oficialismo iniciaron una serie de ataques contra la reputaci\u00f3n del Foro de Periodismo Argentino (FOPEA); primero difundieron un falso chat sobre la tarea del Monitoreo de Libertad de Expresi\u00f3n, seguido por un ataque de desprestigio e insultos hacia FOPEA y sus integrantes, a trav\u00e9s de un hashtag que en minutos fue tendencia en X; y luego, fue el propio Presidente de la Naci\u00f3n quien tild\u00f3 a FOPEA de \u201cverg\u00fcenza\u201d. El ataque sucedi\u00f3 luego de que FOPEA emitiera una alerta sobre la incompatibilidad de la iniciativa del gobierno de intento de reimplantar la matriculaci\u00f3n obligatoria de periodistas\u201d.<\/p>\n<p>Tambi\u00e9n se abord\u00f3 la judicializaci\u00f3n de la libertad de expresi\u00f3n sobre asuntos de inter\u00e9s p\u00fablico abusando de las herramientas legales, con la intenci\u00f3n de desgastar a periodistas y a medios en lo psicol\u00f3gico, en lo patrimonial e incluso aumentar las amenazas e intimidaciones que ponen en riesgo tambi\u00e9n a colegas, familiares y colaboradores.<\/p>\n<p>\u201cEl acoso judicial tiene un efecto negativo al inhibir la cr\u00edtica, desalentar investigaciones period\u00edsticas y generar una cultura de la autocensura que, adem\u00e1s de afectar la labor period\u00edstica, lesiona el derecho del p\u00fablico a la informaci\u00f3n y el papel del ciudadano en la democracia\u201d, afirm\u00f3 Alicia Miller, de FOPEA, agregando que \u201cen muchos casos, los jueces las admiten de manera indiscriminada sin considerar la jurisprudencia y los est\u00e1ndares interamericanos que advierten sobre el abuso de este tipo de estrategia\u201d.<\/p>\n<p>En ese sentido, se hizo menci\u00f3n a la denuncia penal que el exgobernador de Entre R\u00edos, Sergio Urribarri, formul\u00f3 contra el periodista Daniel Enz, de la Revista An\u00e1lisis.<\/p>\n<p>Hechos a\u00fan m\u00e1s graves se a\u00f1adieron en Cuba, Nicaragua, Colombia, Per\u00fa, Brasil, M\u00e9xico, El Salvador y Guatemala, incluyendo el caso del periodista Jos\u00e9 Rub\u00e9n Zamora Marroqu\u00edn, quien contin\u00faa detenido desde 2022 en condiciones preocupantes, caso emblema que busca promover la autocensura y el silenciamiento.<\/p>\n<p>Las 25 organizaciones formularon a la CIDH un petitorio que incluy\u00f3 los siguientes puntos: 1- Que llame la atenci\u00f3n de los Estados de la regi\u00f3n, pronunci\u00e1ndose sobre la importancia de proteger los derechos a la libertad de expresi\u00f3n y el derecho a defender derechos humanos frente a las medidas estatales de censura; 2- que elabore un Protocolo Modelo que ahonde en los est\u00e1ndares ya establecidos por el sistema interamericano respecto de la\u00a0 libertad de expresi\u00f3n de los funcionarios, los derechos y obligaciones implicadas, y su impacto en las comunicaciones del Estado y en el mundo digital. 3- Que adelante un informe que permita expandir la consolidaci\u00f3n de est\u00e1ndares en la materia y sobre los efectos que tienen las herramientas de vigilancia. 4- Que elaboren un informe sobre los pleitos estrat\u00e9gicos contra la participaci\u00f3n p\u00fablica como amenaza para la libertad de expresi\u00f3n.<\/p>\n<p>Como los Comisionados y el Relator formularon m\u00e1s de una decena de preguntas, las organizaciones solicitantes se comprometieron a enviar un documento ampliatorio de los casos presentados en la audiencia.<\/p>\n<p>&nbsp;<\/p>\n","protected":false},"excerpt":{"rendered":"<p>FOPEA particip\u00f3 hoy de la audiencia regional sobre \u201cAfectaciones al derecho a la libertad de expresi\u00f3n por medidas<\/p>\n","protected":false},"author":10,"featured_media":48558,"comment_status":"closed","ping_status":"open","sticky":false,"template":"","format":"standard","meta":{"footnotes":""},"categories":[130],"tags":[],"class_list":["post-48557","post","type-post","status-publish","format-standard","has-post-thumbnail","hentry","category-pais"],"yoast_head":"<!-- This site is optimized with the Yoast SEO plugin v27.4 - https:\/\/yoast.com\/product\/yoast-seo-wordpress\/ -->\n<title>FOPEA expuso ante la CIDH sobre estrategias de censura en las Am\u00e9ricas - LA RED 88.3 LA RIOJA<\/title>\n<meta name=\"robots\" content=\"index, follow, max-snippet:-1, max-image-preview:large, max-video-preview:-1\" \/>\n<link rel=\"canonical\" href=\"https:\/\/laredlarioja.com.ar\/sitio\/fopea-expuso-ante-la-cidh-sobre-estrategias-de-censura-en-las-americas\/\" \/>\n<meta property=\"og:locale\" content=\"es_ES\" \/>\n<meta property=\"og:type\" content=\"article\" \/>\n<meta property=\"og:title\" content=\"FOPEA expuso ante la CIDH sobre estrategias de censura en las Am\u00e9ricas - LA RED 88.3 LA RIOJA\" \/>\n<meta property=\"og:description\" content=\"FOPEA particip\u00f3 hoy de la audiencia regional sobre \u201cAfectaciones al derecho a la libertad de expresi\u00f3n por medidas\" \/>\n<meta property=\"og:url\" content=\"https:\/\/laredlarioja.com.ar\/sitio\/fopea-expuso-ante-la-cidh-sobre-estrategias-de-censura-en-las-americas\/\" \/>\n<meta property=\"og:site_name\" content=\"LA RED 88.3 LA RIOJA\" \/>\n<meta property=\"article:publisher\" content=\"https:\/\/www.facebook.com\/lared.larioja\" \/>\n<meta property=\"article:published_time\" content=\"2024-07-08T19:48:20+00:00\" \/>\n<meta property=\"og:image\" content=\"https:\/\/laredlarioja.com.ar\/sitio\/wp-content\/uploads\/2024\/07\/1.png\" \/>\n\t<meta property=\"og:image:width\" content=\"1366\" \/>\n\t<meta property=\"og:image:height\" content=\"768\" \/>\n\t<meta property=\"og:image:type\" content=\"image\/png\" \/>\n<meta name=\"author\" content=\"La Red\" \/>\n<meta name=\"twitter:card\" content=\"summary_large_image\" \/>\n<meta name=\"twitter:creator\" content=\"@laredlarioja1\" \/>\n<meta name=\"twitter:site\" content=\"@laredlarioja1\" \/>\n<meta name=\"twitter:label1\" content=\"Escrito por\" \/>\n\t<meta name=\"twitter:data1\" content=\"La Red\" \/>\n\t<meta name=\"twitter:label2\" content=\"Tiempo de lectura\" \/>\n\t<meta name=\"twitter:data2\" content=\"5 minutos\" \/>\n<script type=\"application\/ld+json\" class=\"yoast-schema-graph\">{\"@context\":\"https:\\\/\\\/schema.org\",\"@graph\":[{\"@type\":\"Article\",\"@id\":\"https:\\\/\\\/laredlarioja.com.ar\\\/sitio\\\/fopea-expuso-ante-la-cidh-sobre-estrategias-de-censura-en-las-americas\\\/#article\",\"isPartOf\":{\"@id\":\"https:\\\/\\\/laredlarioja.com.ar\\\/sitio\\\/fopea-expuso-ante-la-cidh-sobre-estrategias-de-censura-en-las-americas\\\/\"},\"author\":{\"name\":\"La Red\",\"@id\":\"https:\\\/\\\/laredlarioja.com.ar\\\/sitio\\\/#\\\/schema\\\/person\\\/f1e213867beccedaaa4fb548d9259d9a\"},\"headline\":\"FOPEA expuso ante la CIDH sobre estrategias de censura en las Am\u00e9ricas\",\"datePublished\":\"2024-07-08T19:48:20+00:00\",\"mainEntityOfPage\":{\"@id\":\"https:\\\/\\\/laredlarioja.com.ar\\\/sitio\\\/fopea-expuso-ante-la-cidh-sobre-estrategias-de-censura-en-las-americas\\\/\"},\"wordCount\":1050,\"publisher\":{\"@id\":\"https:\\\/\\\/laredlarioja.com.ar\\\/sitio\\\/#organization\"},\"image\":{\"@id\":\"https:\\\/\\\/laredlarioja.com.ar\\\/sitio\\\/fopea-expuso-ante-la-cidh-sobre-estrategias-de-censura-en-las-americas\\\/#primaryimage\"},\"thumbnailUrl\":\"https:\\\/\\\/laredlarioja.com.ar\\\/sitio\\\/wp-content\\\/uploads\\\/2024\\\/07\\\/1.png\",\"articleSection\":[\"El pa\u00eds\"],\"inLanguage\":\"es\"},{\"@type\":\"WebPage\",\"@id\":\"https:\\\/\\\/laredlarioja.com.ar\\\/sitio\\\/fopea-expuso-ante-la-cidh-sobre-estrategias-de-censura-en-las-americas\\\/\",\"url\":\"https:\\\/\\\/laredlarioja.com.ar\\\/sitio\\\/fopea-expuso-ante-la-cidh-sobre-estrategias-de-censura-en-las-americas\\\/\",\"name\":\"FOPEA expuso ante la CIDH sobre estrategias de censura en las Am\u00e9ricas - LA RED 88.3 LA RIOJA\",\"isPartOf\":{\"@id\":\"https:\\\/\\\/laredlarioja.com.ar\\\/sitio\\\/#website\"},\"primaryImageOfPage\":{\"@id\":\"https:\\\/\\\/laredlarioja.com.ar\\\/sitio\\\/fopea-expuso-ante-la-cidh-sobre-estrategias-de-censura-en-las-americas\\\/#primaryimage\"},\"image\":{\"@id\":\"https:\\\/\\\/laredlarioja.com.ar\\\/sitio\\\/fopea-expuso-ante-la-cidh-sobre-estrategias-de-censura-en-las-americas\\\/#primaryimage\"},\"thumbnailUrl\":\"https:\\\/\\\/laredlarioja.com.ar\\\/sitio\\\/wp-content\\\/uploads\\\/2024\\\/07\\\/1.png\",\"datePublished\":\"2024-07-08T19:48:20+00:00\",\"breadcrumb\":{\"@id\":\"https:\\\/\\\/laredlarioja.com.ar\\\/sitio\\\/fopea-expuso-ante-la-cidh-sobre-estrategias-de-censura-en-las-americas\\\/#breadcrumb\"},\"inLanguage\":\"es\",\"potentialAction\":[{\"@type\":\"ReadAction\",\"target\":[\"https:\\\/\\\/laredlarioja.com.ar\\\/sitio\\\/fopea-expuso-ante-la-cidh-sobre-estrategias-de-censura-en-las-americas\\\/\"]}]},{\"@type\":\"ImageObject\",\"inLanguage\":\"es\",\"@id\":\"https:\\\/\\\/laredlarioja.com.ar\\\/sitio\\\/fopea-expuso-ante-la-cidh-sobre-estrategias-de-censura-en-las-americas\\\/#primaryimage\",\"url\":\"https:\\\/\\\/laredlarioja.com.ar\\\/sitio\\\/wp-content\\\/uploads\\\/2024\\\/07\\\/1.png\",\"contentUrl\":\"https:\\\/\\\/laredlarioja.com.ar\\\/sitio\\\/wp-content\\\/uploads\\\/2024\\\/07\\\/1.png\",\"width\":1366,\"height\":768},{\"@type\":\"BreadcrumbList\",\"@id\":\"https:\\\/\\\/laredlarioja.com.ar\\\/sitio\\\/fopea-expuso-ante-la-cidh-sobre-estrategias-de-censura-en-las-americas\\\/#breadcrumb\",\"itemListElement\":[{\"@type\":\"ListItem\",\"position\":1,\"name\":\"Portada\",\"item\":\"https:\\\/\\\/laredlarioja.com.ar\\\/sitio\\\/\"},{\"@type\":\"ListItem\",\"position\":2,\"name\":\"FOPEA expuso ante la CIDH sobre estrategias de censura en las Am\u00e9ricas\"}]},{\"@type\":\"WebSite\",\"@id\":\"https:\\\/\\\/laredlarioja.com.ar\\\/sitio\\\/#website\",\"url\":\"https:\\\/\\\/laredlarioja.com.ar\\\/sitio\\\/\",\"name\":\"LA RED 88.3 LA RIOJA\",\"description\":\"Sitio de Noticias\",\"publisher\":{\"@id\":\"https:\\\/\\\/laredlarioja.com.ar\\\/sitio\\\/#organization\"},\"potentialAction\":[{\"@type\":\"SearchAction\",\"target\":{\"@type\":\"EntryPoint\",\"urlTemplate\":\"https:\\\/\\\/laredlarioja.com.ar\\\/sitio\\\/?s={search_term_string}\"},\"query-input\":{\"@type\":\"PropertyValueSpecification\",\"valueRequired\":true,\"valueName\":\"search_term_string\"}}],\"inLanguage\":\"es\"},{\"@type\":\"Organization\",\"@id\":\"https:\\\/\\\/laredlarioja.com.ar\\\/sitio\\\/#organization\",\"name\":\"LA RED 88.3 LA RIOJA\",\"url\":\"https:\\\/\\\/laredlarioja.com.ar\\\/sitio\\\/\",\"logo\":{\"@type\":\"ImageObject\",\"inLanguage\":\"es\",\"@id\":\"https:\\\/\\\/laredlarioja.com.ar\\\/sitio\\\/#\\\/schema\\\/logo\\\/image\\\/\",\"url\":\"https:\\\/\\\/laredlarioja.com.ar\\\/sitio\\\/wp-content\\\/uploads\\\/2025\\\/05\\\/LOGO-LA-RED.png\",\"contentUrl\":\"https:\\\/\\\/laredlarioja.com.ar\\\/sitio\\\/wp-content\\\/uploads\\\/2025\\\/05\\\/LOGO-LA-RED.png\",\"width\":193,\"height\":340,\"caption\":\"LA RED 88.3 LA RIOJA\"},\"image\":{\"@id\":\"https:\\\/\\\/laredlarioja.com.ar\\\/sitio\\\/#\\\/schema\\\/logo\\\/image\\\/\"},\"sameAs\":[\"https:\\\/\\\/www.facebook.com\\\/lared.larioja\",\"https:\\\/\\\/x.com\\\/laredlarioja1\",\"https:\\\/\\\/www.instagram.com\\\/lared_larioja\\\/\"]},{\"@type\":\"Person\",\"@id\":\"https:\\\/\\\/laredlarioja.com.ar\\\/sitio\\\/#\\\/schema\\\/person\\\/f1e213867beccedaaa4fb548d9259d9a\",\"name\":\"La Red\",\"url\":\"https:\\\/\\\/laredlarioja.com.ar\\\/sitio\\\/author\\\/lared\\\/\"}]}<\/script>\n<!-- \/ Yoast SEO plugin. -->","yoast_head_json":{"title":"FOPEA expuso ante la CIDH sobre estrategias de censura en las Am\u00e9ricas - LA RED 88.3 LA RIOJA","robots":{"index":"index","follow":"follow","max-snippet":"max-snippet:-1","max-image-preview":"max-image-preview:large","max-video-preview":"max-video-preview:-1"},"canonical":"https:\/\/laredlarioja.com.ar\/sitio\/fopea-expuso-ante-la-cidh-sobre-estrategias-de-censura-en-las-americas\/","og_locale":"es_ES","og_type":"article","og_title":"FOPEA expuso ante la CIDH sobre estrategias de censura en las Am\u00e9ricas - LA RED 88.3 LA RIOJA","og_description":"FOPEA particip\u00f3 hoy de la audiencia regional sobre \u201cAfectaciones al derecho a la libertad de expresi\u00f3n por medidas","og_url":"https:\/\/laredlarioja.com.ar\/sitio\/fopea-expuso-ante-la-cidh-sobre-estrategias-de-censura-en-las-americas\/","og_site_name":"LA RED 88.3 LA RIOJA","article_publisher":"https:\/\/www.facebook.com\/lared.larioja","article_published_time":"2024-07-08T19:48:20+00:00","og_image":[{"width":1366,"height":768,"url":"https:\/\/laredlarioja.com.ar\/sitio\/wp-content\/uploads\/2024\/07\/1.png","type":"image\/png"}],"author":"La Red","twitter_card":"summary_large_image","twitter_creator":"@laredlarioja1","twitter_site":"@laredlarioja1","twitter_misc":{"Escrito por":"La Red","Tiempo de lectura":"5 minutos"},"schema":{"@context":"https:\/\/schema.org","@graph":[{"@type":"Article","@id":"https:\/\/laredlarioja.com.ar\/sitio\/fopea-expuso-ante-la-cidh-sobre-estrategias-de-censura-en-las-americas\/#article","isPartOf":{"@id":"https:\/\/laredlarioja.com.ar\/sitio\/fopea-expuso-ante-la-cidh-sobre-estrategias-de-censura-en-las-americas\/"},"author":{"name":"La Red","@id":"https:\/\/laredlarioja.com.ar\/sitio\/#\/schema\/person\/f1e213867beccedaaa4fb548d9259d9a"},"headline":"FOPEA expuso ante la CIDH sobre estrategias de censura en las Am\u00e9ricas","datePublished":"2024-07-08T19:48:20+00:00","mainEntityOfPage":{"@id":"https:\/\/laredlarioja.com.ar\/sitio\/fopea-expuso-ante-la-cidh-sobre-estrategias-de-censura-en-las-americas\/"},"wordCount":1050,"publisher":{"@id":"https:\/\/laredlarioja.com.ar\/sitio\/#organization"},"image":{"@id":"https:\/\/laredlarioja.com.ar\/sitio\/fopea-expuso-ante-la-cidh-sobre-estrategias-de-censura-en-las-americas\/#primaryimage"},"thumbnailUrl":"https:\/\/laredlarioja.com.ar\/sitio\/wp-content\/uploads\/2024\/07\/1.png","articleSection":["El pa\u00eds"],"inLanguage":"es"},{"@type":"WebPage","@id":"https:\/\/laredlarioja.com.ar\/sitio\/fopea-expuso-ante-la-cidh-sobre-estrategias-de-censura-en-las-americas\/","url":"https:\/\/laredlarioja.com.ar\/sitio\/fopea-expuso-ante-la-cidh-sobre-estrategias-de-censura-en-las-americas\/","name":"FOPEA expuso ante la CIDH sobre estrategias de censura en las Am\u00e9ricas - LA RED 88.3 LA RIOJA","isPartOf":{"@id":"https:\/\/laredlarioja.com.ar\/sitio\/#website"},"primaryImageOfPage":{"@id":"https:\/\/laredlarioja.com.ar\/sitio\/fopea-expuso-ante-la-cidh-sobre-estrategias-de-censura-en-las-americas\/#primaryimage"},"image":{"@id":"https:\/\/laredlarioja.com.ar\/sitio\/fopea-expuso-ante-la-cidh-sobre-estrategias-de-censura-en-las-americas\/#primaryimage"},"thumbnailUrl":"https:\/\/laredlarioja.com.ar\/sitio\/wp-content\/uploads\/2024\/07\/1.png","datePublished":"2024-07-08T19:48:20+00:00","breadcrumb":{"@id":"https:\/\/laredlarioja.com.ar\/sitio\/fopea-expuso-ante-la-cidh-sobre-estrategias-de-censura-en-las-americas\/#breadcrumb"},"inLanguage":"es","potentialAction":[{"@type":"ReadAction","target":["https:\/\/laredlarioja.com.ar\/sitio\/fopea-expuso-ante-la-cidh-sobre-estrategias-de-censura-en-las-americas\/"]}]},{"@type":"ImageObject","inLanguage":"es","@id":"https:\/\/laredlarioja.com.ar\/sitio\/fopea-expuso-ante-la-cidh-sobre-estrategias-de-censura-en-las-americas\/#primaryimage","url":"https:\/\/laredlarioja.com.ar\/sitio\/wp-content\/uploads\/2024\/07\/1.png","contentUrl":"https:\/\/laredlarioja.com.ar\/sitio\/wp-content\/uploads\/2024\/07\/1.png","width":1366,"height":768},{"@type":"BreadcrumbList","@id":"https:\/\/laredlarioja.com.ar\/sitio\/fopea-expuso-ante-la-cidh-sobre-estrategias-de-censura-en-las-americas\/#breadcrumb","itemListElement":[{"@type":"ListItem","position":1,"name":"Portada","item":"https:\/\/laredlarioja.com.ar\/sitio\/"},{"@type":"ListItem","position":2,"name":"FOPEA expuso ante la CIDH sobre estrategias de censura en las Am\u00e9ricas"}]},{"@type":"WebSite","@id":"https:\/\/laredlarioja.com.ar\/sitio\/#website","url":"https:\/\/laredlarioja.com.ar\/sitio\/","name":"LA RED 88.3 LA RIOJA","description":"Sitio de Noticias","publisher":{"@id":"https:\/\/laredlarioja.com.ar\/sitio\/#organization"},"potentialAction":[{"@type":"SearchAction","target":{"@type":"EntryPoint","urlTemplate":"https:\/\/laredlarioja.com.ar\/sitio\/?s={search_term_string}"},"query-input":{"@type":"PropertyValueSpecification","valueRequired":true,"valueName":"search_term_string"}}],"inLanguage":"es"},{"@type":"Organization","@id":"https:\/\/laredlarioja.com.ar\/sitio\/#organization","name":"LA RED 88.3 LA RIOJA","url":"https:\/\/laredlarioja.com.ar\/sitio\/","logo":{"@type":"ImageObject","inLanguage":"es","@id":"https:\/\/laredlarioja.com.ar\/sitio\/#\/schema\/logo\/image\/","url":"https:\/\/laredlarioja.com.ar\/sitio\/wp-content\/uploads\/2025\/05\/LOGO-LA-RED.png","contentUrl":"https:\/\/laredlarioja.com.ar\/sitio\/wp-content\/uploads\/2025\/05\/LOGO-LA-RED.png","width":193,"height":340,"caption":"LA RED 88.3 LA RIOJA"},"image":{"@id":"https:\/\/laredlarioja.com.ar\/sitio\/#\/schema\/logo\/image\/"},"sameAs":["https:\/\/www.facebook.com\/lared.larioja","https:\/\/x.com\/laredlarioja1","https:\/\/www.instagram.com\/lared_larioja\/"]},{"@type":"Person","@id":"https:\/\/laredlarioja.com.ar\/sitio\/#\/schema\/person\/f1e213867beccedaaa4fb548d9259d9a","name":"La Red","url":"https:\/\/laredlarioja.com.ar\/sitio\/author\/lared\/"}]}},"featured_image_urls":{"full":["https:\/\/laredlarioja.com.ar\/sitio\/wp-content\/uploads\/2024\/07\/1.png",1366,768,false],"thumbnail":["https:\/\/laredlarioja.com.ar\/sitio\/wp-content\/uploads\/2024\/07\/1-150x150.png",150,150,true],"medium":["https:\/\/laredlarioja.com.ar\/sitio\/wp-content\/uploads\/2024\/07\/1-300x169.png",300,169,true],"medium_large":["https:\/\/laredlarioja.com.ar\/sitio\/wp-content\/uploads\/2024\/07\/1-768x432.png",640,360,true],"large":["https:\/\/laredlarioja.com.ar\/sitio\/wp-content\/uploads\/2024\/07\/1-1024x576.png",640,360,true],"1536x1536":["https:\/\/laredlarioja.com.ar\/sitio\/wp-content\/uploads\/2024\/07\/1.png",1366,768,false],"2048x2048":["https:\/\/laredlarioja.com.ar\/sitio\/wp-content\/uploads\/2024\/07\/1.png",1366,768,false],"cvmm-medium":["https:\/\/laredlarioja.com.ar\/sitio\/wp-content\/uploads\/2024\/07\/1-300x300.png",300,300,true],"cvmm-medium-plus":["https:\/\/laredlarioja.com.ar\/sitio\/wp-content\/uploads\/2024\/07\/1-305x207.png",305,207,true],"cvmm-portrait":["https:\/\/laredlarioja.com.ar\/sitio\/wp-content\/uploads\/2024\/07\/1-400x600.png",400,600,true],"cvmm-medium-square":["https:\/\/laredlarioja.com.ar\/sitio\/wp-content\/uploads\/2024\/07\/1-600x600.png",600,600,true],"cvmm-large":["https:\/\/laredlarioja.com.ar\/sitio\/wp-content\/uploads\/2024\/07\/1-1024x768.png",1024,768,true],"cvmm-small":["https:\/\/laredlarioja.com.ar\/sitio\/wp-content\/uploads\/2024\/07\/1-130x95.png",130,95,true],"morenews-large":["https:\/\/laredlarioja.com.ar\/sitio\/wp-content\/uploads\/2024\/07\/1-825x575.png",825,575,true],"morenews-medium":["https:\/\/laredlarioja.com.ar\/sitio\/wp-content\/uploads\/2024\/07\/1-590x410.png",590,410,true]},"author_info":{"display_name":"La Red","author_link":"https:\/\/laredlarioja.com.ar\/sitio\/author\/lared\/"},"category_info":"<a href=\"https:\/\/laredlarioja.com.ar\/sitio\/categorias\/pais\/\" rel=\"category tag\">El pa\u00eds<\/a>","tag_info":"El pa\u00eds","comment_count":"0","blog_post_layout_featured_media_urls":{"thumbnail":["https:\/\/laredlarioja.com.ar\/sitio\/wp-content\/uploads\/2024\/07\/1-150x150.png",150,150,true],"full":["https:\/\/laredlarioja.com.ar\/sitio\/wp-content\/uploads\/2024\/07\/1.png",1366,768,false]},"categories_names":{"130":{"name":"El pa\u00eds","link":"https:\/\/laredlarioja.com.ar\/sitio\/categorias\/pais\/"}},"tags_names":[],"comments_number":"0","wpmagazine_modules_lite_featured_media_urls":{"thumbnail":["https:\/\/laredlarioja.com.ar\/sitio\/wp-content\/uploads\/2024\/07\/1-150x150.png",150,150,true],"cvmm-medium":["https:\/\/laredlarioja.com.ar\/sitio\/wp-content\/uploads\/2024\/07\/1-300x300.png",300,300,true],"cvmm-medium-plus":["https:\/\/laredlarioja.com.ar\/sitio\/wp-content\/uploads\/2024\/07\/1-305x207.png",305,207,true],"cvmm-portrait":["https:\/\/laredlarioja.com.ar\/sitio\/wp-content\/uploads\/2024\/07\/1-400x600.png",400,600,true],"cvmm-medium-square":["https:\/\/laredlarioja.com.ar\/sitio\/wp-content\/uploads\/2024\/07\/1-600x600.png",600,600,true],"cvmm-large":["https:\/\/laredlarioja.com.ar\/sitio\/wp-content\/uploads\/2024\/07\/1-1024x768.png",1024,768,true],"cvmm-small":["https:\/\/laredlarioja.com.ar\/sitio\/wp-content\/uploads\/2024\/07\/1-130x95.png",130,95,true],"full":["https:\/\/laredlarioja.com.ar\/sitio\/wp-content\/uploads\/2024\/07\/1.png",1366,768,false]},"_links":{"self":[{"href":"https:\/\/laredlarioja.com.ar\/sitio\/wp-json\/wp\/v2\/posts\/48557","targetHints":{"allow":["GET"]}}],"collection":[{"href":"https:\/\/laredlarioja.com.ar\/sitio\/wp-json\/wp\/v2\/posts"}],"about":[{"href":"https:\/\/laredlarioja.com.ar\/sitio\/wp-json\/wp\/v2\/types\/post"}],"author":[{"embeddable":true,"href":"https:\/\/laredlarioja.com.ar\/sitio\/wp-json\/wp\/v2\/users\/10"}],"replies":[{"embeddable":true,"href":"https:\/\/laredlarioja.com.ar\/sitio\/wp-json\/wp\/v2\/comments?post=48557"}],"version-history":[{"count":1,"href":"https:\/\/laredlarioja.com.ar\/sitio\/wp-json\/wp\/v2\/posts\/48557\/revisions"}],"predecessor-version":[{"id":48561,"href":"https:\/\/laredlarioja.com.ar\/sitio\/wp-json\/wp\/v2\/posts\/48557\/revisions\/48561"}],"wp:featuredmedia":[{"embeddable":true,"href":"https:\/\/laredlarioja.com.ar\/sitio\/wp-json\/wp\/v2\/media\/48558"}],"wp:attachment":[{"href":"https:\/\/laredlarioja.com.ar\/sitio\/wp-json\/wp\/v2\/media?parent=48557"}],"wp:term":[{"taxonomy":"category","embeddable":true,"href":"https:\/\/laredlarioja.com.ar\/sitio\/wp-json\/wp\/v2\/categories?post=48557"},{"taxonomy":"post_tag","embeddable":true,"href":"https:\/\/laredlarioja.com.ar\/sitio\/wp-json\/wp\/v2\/tags?post=48557"}],"curies":[{"name":"wp","href":"https:\/\/api.w.org\/{rel}","templated":true}]}}