{"id":48696,"date":"2024-07-10T23:46:46","date_gmt":"2024-07-10T23:46:46","guid":{"rendered":"https:\/\/laredlarioja.com.ar\/sitio\/?p=48696"},"modified":"2024-07-11T01:51:27","modified_gmt":"2024-07-11T01:51:27","slug":"feria-del-libro-2024-desde-el-congreso-impulsan-una-serie-de-charlas-para-recordar-a-rodolfo-ortega-pena-y-a-arturo-jauretche","status":"publish","type":"post","link":"https:\/\/laredlarioja.com.ar\/sitio\/feria-del-libro-2024-desde-el-congreso-impulsan-una-serie-de-charlas-para-recordar-a-rodolfo-ortega-pena-y-a-arturo-jauretche\/","title":{"rendered":"Feria del Libro 2024: desde el Congreso impulsan una serie de charlas para recordar a Rodolfo Ortega Pe\u00f1a y a Arturo Jauretche"},"content":{"rendered":"<p>En el d\u00eda de ayer se concret\u00f3 a charla <strong>\u00abA 50 a\u00f1os de su asesinato. Homenaje a Rodolfo Ortega Pe\u00f1a\u00bb<\/strong>, de la mano del diputado nacional Ricardo Herrera. En comunicaci\u00f3n con Radio La Red, el legislador explic\u00f3 que se trata de un ciclo de charlas impulsadas desde el Congreso de Naci\u00f3n y que en el d\u00eda de ma\u00f1ana tambi\u00e9n homenajear\u00e1n a Arturo Jauretche, a 50 a\u00f1os de su fallecimiento.<\/p>\n<p><strong>\u201cPara quienes abrazamos la causa nacional y popular del justicialismo, ellos son dos referentes que marcaron una l\u00ednea de trabajo y pensamiento en el ideario colectivo del Partido Justicialista\u201d<\/strong>, manifest\u00f3. Haciendo referencia particularmente a Ortega Pe\u00f1a record\u00f3 que \u201cla lucha, la militancia y las denuncias, lo llevaron a perder su vida en manos de la Triple A en el a\u00f1o \u201974\u201d. Por otra parte, destac\u00f3 que \u201cel pensamiento nacional de Jauretche puso en valor a\u00fan m\u00e1s la idea del justicialismo\u201d.<\/p>\n<p><strong>\u201cHay que volver a Ortega Pe\u00f1a y a Jauretche, que nos presentan una idea sobre c\u00f3mo defender lo nacional; este momento pol\u00edtico y social amerita su re-lectura\u201d,<\/strong> plante\u00f3 el diputado tras lanzar duras cr\u00edticas hacia el Gobierno nacional que encabeza Javier Milei con su pol\u00edtica libertaria.<\/p>\n<p>\u201cEn momentos como el que estamos viviendo, es importante repensar aquellos a\u00f1os, para saber c\u00f3mo afrontamos este presente\u201d, sostuvo Herrera y celebr\u00f3: \u201cNos est\u00e1 yendo muy bien y tuvimos mucha aceptaci\u00f3n por parte del p\u00fablico\u201d<\/p>\n<p>Para finalizar, agradeci\u00f3 al Gobierno de la provincia y a la Feria del Libro por el espacio brindado para realizar estas charlas, que ya se replicaron en otros lugares destacados del pa\u00eds, como ser el Congreso de la Naci\u00f3n.<\/p>\n","protected":false},"excerpt":{"rendered":"<p>En el d\u00eda de ayer se concret\u00f3 a charla \u00abA 50 a\u00f1os de su asesinato. Homenaje a Rodolfo<\/p>\n","protected":false},"author":10,"featured_media":48697,"comment_status":"closed","ping_status":"open","sticky":false,"template":"","format":"standard","meta":{"footnotes":""},"categories":[27],"tags":[],"class_list":["post-48696","post","type-post","status-publish","format-standard","has-post-thumbnail","hentry","category-cultura-y-espectaculos"],"yoast_head":"<!-- This site is optimized with the Yoast SEO plugin v27.4 - https:\/\/yoast.com\/product\/yoast-seo-wordpress\/ -->\n<title>Feria del Libro 2024: desde el Congreso impulsan una serie de charlas para recordar a Rodolfo Ortega Pe\u00f1a y a Arturo Jauretche - LA RED 88.3 LA RIOJA<\/title>\n<meta name=\"robots\" content=\"index, follow, max-snippet:-1, max-image-preview:large, max-video-preview:-1\" \/>\n<link rel=\"canonical\" href=\"https:\/\/laredlarioja.com.ar\/sitio\/feria-del-libro-2024-desde-el-congreso-impulsan-una-serie-de-charlas-para-recordar-a-rodolfo-ortega-pena-y-a-arturo-jauretche\/\" \/>\n<meta property=\"og:locale\" content=\"es_ES\" \/>\n<meta property=\"og:type\" content=\"article\" \/>\n<meta property=\"og:title\" content=\"Feria del Libro 2024: desde el Congreso impulsan una serie de charlas para recordar a Rodolfo Ortega Pe\u00f1a y a Arturo Jauretche - LA RED 88.3 LA RIOJA\" \/>\n<meta property=\"og:description\" content=\"En el d\u00eda de ayer se concret\u00f3 a charla \u00abA 50 a\u00f1os de su asesinato. Homenaje a Rodolfo\" \/>\n<meta property=\"og:url\" content=\"https:\/\/laredlarioja.com.ar\/sitio\/feria-del-libro-2024-desde-el-congreso-impulsan-una-serie-de-charlas-para-recordar-a-rodolfo-ortega-pena-y-a-arturo-jauretche\/\" \/>\n<meta property=\"og:site_name\" content=\"LA RED 88.3 LA RIOJA\" \/>\n<meta property=\"article:publisher\" content=\"https:\/\/www.facebook.com\/lared.larioja\" \/>\n<meta property=\"article:published_time\" content=\"2024-07-10T23:46:46+00:00\" \/>\n<meta property=\"article:modified_time\" content=\"2024-07-11T01:51:27+00:00\" \/>\n<meta property=\"og:image\" content=\"https:\/\/laredlarioja.com.ar\/sitio\/wp-content\/uploads\/2024\/07\/450406087_914652040702819_6082236131329410567_n.jpg\" \/>\n\t<meta property=\"og:image:width\" content=\"1192\" \/>\n\t<meta property=\"og:image:height\" content=\"794\" \/>\n\t<meta property=\"og:image:type\" content=\"image\/jpeg\" \/>\n<meta name=\"author\" content=\"La Red\" \/>\n<meta name=\"twitter:card\" content=\"summary_large_image\" \/>\n<meta name=\"twitter:creator\" content=\"@laredlarioja1\" \/>\n<meta name=\"twitter:site\" content=\"@laredlarioja1\" \/>\n<meta name=\"twitter:label1\" content=\"Escrito por\" \/>\n\t<meta name=\"twitter:data1\" content=\"La Red\" \/>\n\t<meta name=\"twitter:label2\" content=\"Tiempo de lectura\" \/>\n\t<meta name=\"twitter:data2\" content=\"1 minuto\" \/>\n<script type=\"application\/ld+json\" class=\"yoast-schema-graph\">{\"@context\":\"https:\\\/\\\/schema.org\",\"@graph\":[{\"@type\":\"Article\",\"@id\":\"https:\\\/\\\/laredlarioja.com.ar\\\/sitio\\\/feria-del-libro-2024-desde-el-congreso-impulsan-una-serie-de-charlas-para-recordar-a-rodolfo-ortega-pena-y-a-arturo-jauretche\\\/#article\",\"isPartOf\":{\"@id\":\"https:\\\/\\\/laredlarioja.com.ar\\\/sitio\\\/feria-del-libro-2024-desde-el-congreso-impulsan-una-serie-de-charlas-para-recordar-a-rodolfo-ortega-pena-y-a-arturo-jauretche\\\/\"},\"author\":{\"name\":\"La Red\",\"@id\":\"https:\\\/\\\/laredlarioja.com.ar\\\/sitio\\\/#\\\/schema\\\/person\\\/f1e213867beccedaaa4fb548d9259d9a\"},\"headline\":\"Feria del Libro 2024: desde el Congreso impulsan una serie de charlas para recordar a Rodolfo Ortega Pe\u00f1a y a Arturo Jauretche\",\"datePublished\":\"2024-07-10T23:46:46+00:00\",\"dateModified\":\"2024-07-11T01:51:27+00:00\",\"mainEntityOfPage\":{\"@id\":\"https:\\\/\\\/laredlarioja.com.ar\\\/sitio\\\/feria-del-libro-2024-desde-el-congreso-impulsan-una-serie-de-charlas-para-recordar-a-rodolfo-ortega-pena-y-a-arturo-jauretche\\\/\"},\"wordCount\":314,\"publisher\":{\"@id\":\"https:\\\/\\\/laredlarioja.com.ar\\\/sitio\\\/#organization\"},\"image\":{\"@id\":\"https:\\\/\\\/laredlarioja.com.ar\\\/sitio\\\/feria-del-libro-2024-desde-el-congreso-impulsan-una-serie-de-charlas-para-recordar-a-rodolfo-ortega-pena-y-a-arturo-jauretche\\\/#primaryimage\"},\"thumbnailUrl\":\"https:\\\/\\\/laredlarioja.com.ar\\\/sitio\\\/wp-content\\\/uploads\\\/2024\\\/07\\\/450406087_914652040702819_6082236131329410567_n.jpg\",\"articleSection\":[\"Cultura y Espect\u00e1culos\"],\"inLanguage\":\"es\"},{\"@type\":\"WebPage\",\"@id\":\"https:\\\/\\\/laredlarioja.com.ar\\\/sitio\\\/feria-del-libro-2024-desde-el-congreso-impulsan-una-serie-de-charlas-para-recordar-a-rodolfo-ortega-pena-y-a-arturo-jauretche\\\/\",\"url\":\"https:\\\/\\\/laredlarioja.com.ar\\\/sitio\\\/feria-del-libro-2024-desde-el-congreso-impulsan-una-serie-de-charlas-para-recordar-a-rodolfo-ortega-pena-y-a-arturo-jauretche\\\/\",\"name\":\"Feria del Libro 2024: desde el Congreso impulsan una serie de charlas para recordar a Rodolfo Ortega Pe\u00f1a y a Arturo Jauretche - LA RED 88.3 LA RIOJA\",\"isPartOf\":{\"@id\":\"https:\\\/\\\/laredlarioja.com.ar\\\/sitio\\\/#website\"},\"primaryImageOfPage\":{\"@id\":\"https:\\\/\\\/laredlarioja.com.ar\\\/sitio\\\/feria-del-libro-2024-desde-el-congreso-impulsan-una-serie-de-charlas-para-recordar-a-rodolfo-ortega-pena-y-a-arturo-jauretche\\\/#primaryimage\"},\"image\":{\"@id\":\"https:\\\/\\\/laredlarioja.com.ar\\\/sitio\\\/feria-del-libro-2024-desde-el-congreso-impulsan-una-serie-de-charlas-para-recordar-a-rodolfo-ortega-pena-y-a-arturo-jauretche\\\/#primaryimage\"},\"thumbnailUrl\":\"https:\\\/\\\/laredlarioja.com.ar\\\/sitio\\\/wp-content\\\/uploads\\\/2024\\\/07\\\/450406087_914652040702819_6082236131329410567_n.jpg\",\"datePublished\":\"2024-07-10T23:46:46+00:00\",\"dateModified\":\"2024-07-11T01:51:27+00:00\",\"breadcrumb\":{\"@id\":\"https:\\\/\\\/laredlarioja.com.ar\\\/sitio\\\/feria-del-libro-2024-desde-el-congreso-impulsan-una-serie-de-charlas-para-recordar-a-rodolfo-ortega-pena-y-a-arturo-jauretche\\\/#breadcrumb\"},\"inLanguage\":\"es\",\"potentialAction\":[{\"@type\":\"ReadAction\",\"target\":[\"https:\\\/\\\/laredlarioja.com.ar\\\/sitio\\\/feria-del-libro-2024-desde-el-congreso-impulsan-una-serie-de-charlas-para-recordar-a-rodolfo-ortega-pena-y-a-arturo-jauretche\\\/\"]}]},{\"@type\":\"ImageObject\",\"inLanguage\":\"es\",\"@id\":\"https:\\\/\\\/laredlarioja.com.ar\\\/sitio\\\/feria-del-libro-2024-desde-el-congreso-impulsan-una-serie-de-charlas-para-recordar-a-rodolfo-ortega-pena-y-a-arturo-jauretche\\\/#primaryimage\",\"url\":\"https:\\\/\\\/laredlarioja.com.ar\\\/sitio\\\/wp-content\\\/uploads\\\/2024\\\/07\\\/450406087_914652040702819_6082236131329410567_n.jpg\",\"contentUrl\":\"https:\\\/\\\/laredlarioja.com.ar\\\/sitio\\\/wp-content\\\/uploads\\\/2024\\\/07\\\/450406087_914652040702819_6082236131329410567_n.jpg\",\"width\":1192,\"height\":794},{\"@type\":\"BreadcrumbList\",\"@id\":\"https:\\\/\\\/laredlarioja.com.ar\\\/sitio\\\/feria-del-libro-2024-desde-el-congreso-impulsan-una-serie-de-charlas-para-recordar-a-rodolfo-ortega-pena-y-a-arturo-jauretche\\\/#breadcrumb\",\"itemListElement\":[{\"@type\":\"ListItem\",\"position\":1,\"name\":\"Portada\",\"item\":\"https:\\\/\\\/laredlarioja.com.ar\\\/sitio\\\/\"},{\"@type\":\"ListItem\",\"position\":2,\"name\":\"Feria del Libro 2024: desde el Congreso impulsan una serie de charlas para recordar a Rodolfo Ortega Pe\u00f1a y a Arturo Jauretche\"}]},{\"@type\":\"WebSite\",\"@id\":\"https:\\\/\\\/laredlarioja.com.ar\\\/sitio\\\/#website\",\"url\":\"https:\\\/\\\/laredlarioja.com.ar\\\/sitio\\\/\",\"name\":\"LA RED 88.3 LA RIOJA\",\"description\":\"Sitio de Noticias\",\"publisher\":{\"@id\":\"https:\\\/\\\/laredlarioja.com.ar\\\/sitio\\\/#organization\"},\"potentialAction\":[{\"@type\":\"SearchAction\",\"target\":{\"@type\":\"EntryPoint\",\"urlTemplate\":\"https:\\\/\\\/laredlarioja.com.ar\\\/sitio\\\/?s={search_term_string}\"},\"query-input\":{\"@type\":\"PropertyValueSpecification\",\"valueRequired\":true,\"valueName\":\"search_term_string\"}}],\"inLanguage\":\"es\"},{\"@type\":\"Organization\",\"@id\":\"https:\\\/\\\/laredlarioja.com.ar\\\/sitio\\\/#organization\",\"name\":\"LA RED 88.3 LA RIOJA\",\"url\":\"https:\\\/\\\/laredlarioja.com.ar\\\/sitio\\\/\",\"logo\":{\"@type\":\"ImageObject\",\"inLanguage\":\"es\",\"@id\":\"https:\\\/\\\/laredlarioja.com.ar\\\/sitio\\\/#\\\/schema\\\/logo\\\/image\\\/\",\"url\":\"https:\\\/\\\/laredlarioja.com.ar\\\/sitio\\\/wp-content\\\/uploads\\\/2025\\\/05\\\/LOGO-LA-RED.png\",\"contentUrl\":\"https:\\\/\\\/laredlarioja.com.ar\\\/sitio\\\/wp-content\\\/uploads\\\/2025\\\/05\\\/LOGO-LA-RED.png\",\"width\":193,\"height\":340,\"caption\":\"LA RED 88.3 LA RIOJA\"},\"image\":{\"@id\":\"https:\\\/\\\/laredlarioja.com.ar\\\/sitio\\\/#\\\/schema\\\/logo\\\/image\\\/\"},\"sameAs\":[\"https:\\\/\\\/www.facebook.com\\\/lared.larioja\",\"https:\\\/\\\/x.com\\\/laredlarioja1\",\"https:\\\/\\\/www.instagram.com\\\/lared_larioja\\\/\"]},{\"@type\":\"Person\",\"@id\":\"https:\\\/\\\/laredlarioja.com.ar\\\/sitio\\\/#\\\/schema\\\/person\\\/f1e213867beccedaaa4fb548d9259d9a\",\"name\":\"La Red\",\"url\":\"https:\\\/\\\/laredlarioja.com.ar\\\/sitio\\\/author\\\/lared\\\/\"}]}<\/script>\n<!-- \/ Yoast SEO plugin. -->","yoast_head_json":{"title":"Feria del Libro 2024: desde el Congreso impulsan una serie de charlas para recordar a Rodolfo Ortega Pe\u00f1a y a Arturo Jauretche - LA RED 88.3 LA RIOJA","robots":{"index":"index","follow":"follow","max-snippet":"max-snippet:-1","max-image-preview":"max-image-preview:large","max-video-preview":"max-video-preview:-1"},"canonical":"https:\/\/laredlarioja.com.ar\/sitio\/feria-del-libro-2024-desde-el-congreso-impulsan-una-serie-de-charlas-para-recordar-a-rodolfo-ortega-pena-y-a-arturo-jauretche\/","og_locale":"es_ES","og_type":"article","og_title":"Feria del Libro 2024: desde el Congreso impulsan una serie de charlas para recordar a Rodolfo Ortega Pe\u00f1a y a Arturo Jauretche - LA RED 88.3 LA RIOJA","og_description":"En el d\u00eda de ayer se concret\u00f3 a charla \u00abA 50 a\u00f1os de su asesinato. Homenaje a Rodolfo","og_url":"https:\/\/laredlarioja.com.ar\/sitio\/feria-del-libro-2024-desde-el-congreso-impulsan-una-serie-de-charlas-para-recordar-a-rodolfo-ortega-pena-y-a-arturo-jauretche\/","og_site_name":"LA RED 88.3 LA RIOJA","article_publisher":"https:\/\/www.facebook.com\/lared.larioja","article_published_time":"2024-07-10T23:46:46+00:00","article_modified_time":"2024-07-11T01:51:27+00:00","og_image":[{"width":1192,"height":794,"url":"https:\/\/laredlarioja.com.ar\/sitio\/wp-content\/uploads\/2024\/07\/450406087_914652040702819_6082236131329410567_n.jpg","type":"image\/jpeg"}],"author":"La Red","twitter_card":"summary_large_image","twitter_creator":"@laredlarioja1","twitter_site":"@laredlarioja1","twitter_misc":{"Escrito por":"La Red","Tiempo de lectura":"1 minuto"},"schema":{"@context":"https:\/\/schema.org","@graph":[{"@type":"Article","@id":"https:\/\/laredlarioja.com.ar\/sitio\/feria-del-libro-2024-desde-el-congreso-impulsan-una-serie-de-charlas-para-recordar-a-rodolfo-ortega-pena-y-a-arturo-jauretche\/#article","isPartOf":{"@id":"https:\/\/laredlarioja.com.ar\/sitio\/feria-del-libro-2024-desde-el-congreso-impulsan-una-serie-de-charlas-para-recordar-a-rodolfo-ortega-pena-y-a-arturo-jauretche\/"},"author":{"name":"La Red","@id":"https:\/\/laredlarioja.com.ar\/sitio\/#\/schema\/person\/f1e213867beccedaaa4fb548d9259d9a"},"headline":"Feria del Libro 2024: desde el Congreso impulsan una serie de charlas para recordar a Rodolfo Ortega Pe\u00f1a y a Arturo Jauretche","datePublished":"2024-07-10T23:46:46+00:00","dateModified":"2024-07-11T01:51:27+00:00","mainEntityOfPage":{"@id":"https:\/\/laredlarioja.com.ar\/sitio\/feria-del-libro-2024-desde-el-congreso-impulsan-una-serie-de-charlas-para-recordar-a-rodolfo-ortega-pena-y-a-arturo-jauretche\/"},"wordCount":314,"publisher":{"@id":"https:\/\/laredlarioja.com.ar\/sitio\/#organization"},"image":{"@id":"https:\/\/laredlarioja.com.ar\/sitio\/feria-del-libro-2024-desde-el-congreso-impulsan-una-serie-de-charlas-para-recordar-a-rodolfo-ortega-pena-y-a-arturo-jauretche\/#primaryimage"},"thumbnailUrl":"https:\/\/laredlarioja.com.ar\/sitio\/wp-content\/uploads\/2024\/07\/450406087_914652040702819_6082236131329410567_n.jpg","articleSection":["Cultura y Espect\u00e1culos"],"inLanguage":"es"},{"@type":"WebPage","@id":"https:\/\/laredlarioja.com.ar\/sitio\/feria-del-libro-2024-desde-el-congreso-impulsan-una-serie-de-charlas-para-recordar-a-rodolfo-ortega-pena-y-a-arturo-jauretche\/","url":"https:\/\/laredlarioja.com.ar\/sitio\/feria-del-libro-2024-desde-el-congreso-impulsan-una-serie-de-charlas-para-recordar-a-rodolfo-ortega-pena-y-a-arturo-jauretche\/","name":"Feria del Libro 2024: desde el Congreso impulsan una serie de charlas para recordar a Rodolfo Ortega Pe\u00f1a y a Arturo Jauretche - LA RED 88.3 LA RIOJA","isPartOf":{"@id":"https:\/\/laredlarioja.com.ar\/sitio\/#website"},"primaryImageOfPage":{"@id":"https:\/\/laredlarioja.com.ar\/sitio\/feria-del-libro-2024-desde-el-congreso-impulsan-una-serie-de-charlas-para-recordar-a-rodolfo-ortega-pena-y-a-arturo-jauretche\/#primaryimage"},"image":{"@id":"https:\/\/laredlarioja.com.ar\/sitio\/feria-del-libro-2024-desde-el-congreso-impulsan-una-serie-de-charlas-para-recordar-a-rodolfo-ortega-pena-y-a-arturo-jauretche\/#primaryimage"},"thumbnailUrl":"https:\/\/laredlarioja.com.ar\/sitio\/wp-content\/uploads\/2024\/07\/450406087_914652040702819_6082236131329410567_n.jpg","datePublished":"2024-07-10T23:46:46+00:00","dateModified":"2024-07-11T01:51:27+00:00","breadcrumb":{"@id":"https:\/\/laredlarioja.com.ar\/sitio\/feria-del-libro-2024-desde-el-congreso-impulsan-una-serie-de-charlas-para-recordar-a-rodolfo-ortega-pena-y-a-arturo-jauretche\/#breadcrumb"},"inLanguage":"es","potentialAction":[{"@type":"ReadAction","target":["https:\/\/laredlarioja.com.ar\/sitio\/feria-del-libro-2024-desde-el-congreso-impulsan-una-serie-de-charlas-para-recordar-a-rodolfo-ortega-pena-y-a-arturo-jauretche\/"]}]},{"@type":"ImageObject","inLanguage":"es","@id":"https:\/\/laredlarioja.com.ar\/sitio\/feria-del-libro-2024-desde-el-congreso-impulsan-una-serie-de-charlas-para-recordar-a-rodolfo-ortega-pena-y-a-arturo-jauretche\/#primaryimage","url":"https:\/\/laredlarioja.com.ar\/sitio\/wp-content\/uploads\/2024\/07\/450406087_914652040702819_6082236131329410567_n.jpg","contentUrl":"https:\/\/laredlarioja.com.ar\/sitio\/wp-content\/uploads\/2024\/07\/450406087_914652040702819_6082236131329410567_n.jpg","width":1192,"height":794},{"@type":"BreadcrumbList","@id":"https:\/\/laredlarioja.com.ar\/sitio\/feria-del-libro-2024-desde-el-congreso-impulsan-una-serie-de-charlas-para-recordar-a-rodolfo-ortega-pena-y-a-arturo-jauretche\/#breadcrumb","itemListElement":[{"@type":"ListItem","position":1,"name":"Portada","item":"https:\/\/laredlarioja.com.ar\/sitio\/"},{"@type":"ListItem","position":2,"name":"Feria del Libro 2024: desde el Congreso impulsan una serie de charlas para recordar a Rodolfo Ortega Pe\u00f1a y a Arturo Jauretche"}]},{"@type":"WebSite","@id":"https:\/\/laredlarioja.com.ar\/sitio\/#website","url":"https:\/\/laredlarioja.com.ar\/sitio\/","name":"LA RED 88.3 LA RIOJA","description":"Sitio de Noticias","publisher":{"@id":"https:\/\/laredlarioja.com.ar\/sitio\/#organization"},"potentialAction":[{"@type":"SearchAction","target":{"@type":"EntryPoint","urlTemplate":"https:\/\/laredlarioja.com.ar\/sitio\/?s={search_term_string}"},"query-input":{"@type":"PropertyValueSpecification","valueRequired":true,"valueName":"search_term_string"}}],"inLanguage":"es"},{"@type":"Organization","@id":"https:\/\/laredlarioja.com.ar\/sitio\/#organization","name":"LA RED 88.3 LA RIOJA","url":"https:\/\/laredlarioja.com.ar\/sitio\/","logo":{"@type":"ImageObject","inLanguage":"es","@id":"https:\/\/laredlarioja.com.ar\/sitio\/#\/schema\/logo\/image\/","url":"https:\/\/laredlarioja.com.ar\/sitio\/wp-content\/uploads\/2025\/05\/LOGO-LA-RED.png","contentUrl":"https:\/\/laredlarioja.com.ar\/sitio\/wp-content\/uploads\/2025\/05\/LOGO-LA-RED.png","width":193,"height":340,"caption":"LA RED 88.3 LA RIOJA"},"image":{"@id":"https:\/\/laredlarioja.com.ar\/sitio\/#\/schema\/logo\/image\/"},"sameAs":["https:\/\/www.facebook.com\/lared.larioja","https:\/\/x.com\/laredlarioja1","https:\/\/www.instagram.com\/lared_larioja\/"]},{"@type":"Person","@id":"https:\/\/laredlarioja.com.ar\/sitio\/#\/schema\/person\/f1e213867beccedaaa4fb548d9259d9a","name":"La Red","url":"https:\/\/laredlarioja.com.ar\/sitio\/author\/lared\/"}]}},"featured_image_urls":{"full":["https:\/\/laredlarioja.com.ar\/sitio\/wp-content\/uploads\/2024\/07\/450406087_914652040702819_6082236131329410567_n.jpg",1192,794,false],"thumbnail":["https:\/\/laredlarioja.com.ar\/sitio\/wp-content\/uploads\/2024\/07\/450406087_914652040702819_6082236131329410567_n-150x150.jpg",150,150,true],"medium":["https:\/\/laredlarioja.com.ar\/sitio\/wp-content\/uploads\/2024\/07\/450406087_914652040702819_6082236131329410567_n-300x200.jpg",300,200,true],"medium_large":["https:\/\/laredlarioja.com.ar\/sitio\/wp-content\/uploads\/2024\/07\/450406087_914652040702819_6082236131329410567_n-768x512.jpg",640,427,true],"large":["https:\/\/laredlarioja.com.ar\/sitio\/wp-content\/uploads\/2024\/07\/450406087_914652040702819_6082236131329410567_n-1024x682.jpg",640,426,true],"1536x1536":["https:\/\/laredlarioja.com.ar\/sitio\/wp-content\/uploads\/2024\/07\/450406087_914652040702819_6082236131329410567_n.jpg",1192,794,false],"2048x2048":["https:\/\/laredlarioja.com.ar\/sitio\/wp-content\/uploads\/2024\/07\/450406087_914652040702819_6082236131329410567_n.jpg",1192,794,false],"cvmm-medium":["https:\/\/laredlarioja.com.ar\/sitio\/wp-content\/uploads\/2024\/07\/450406087_914652040702819_6082236131329410567_n-300x300.jpg",300,300,true],"cvmm-medium-plus":["https:\/\/laredlarioja.com.ar\/sitio\/wp-content\/uploads\/2024\/07\/450406087_914652040702819_6082236131329410567_n-305x207.jpg",305,207,true],"cvmm-portrait":["https:\/\/laredlarioja.com.ar\/sitio\/wp-content\/uploads\/2024\/07\/450406087_914652040702819_6082236131329410567_n-400x600.jpg",400,600,true],"cvmm-medium-square":["https:\/\/laredlarioja.com.ar\/sitio\/wp-content\/uploads\/2024\/07\/450406087_914652040702819_6082236131329410567_n-600x600.jpg",600,600,true],"cvmm-large":["https:\/\/laredlarioja.com.ar\/sitio\/wp-content\/uploads\/2024\/07\/450406087_914652040702819_6082236131329410567_n-1024x794.jpg",1024,794,true],"cvmm-small":["https:\/\/laredlarioja.com.ar\/sitio\/wp-content\/uploads\/2024\/07\/450406087_914652040702819_6082236131329410567_n-130x95.jpg",130,95,true],"morenews-large":["https:\/\/laredlarioja.com.ar\/sitio\/wp-content\/uploads\/2024\/07\/450406087_914652040702819_6082236131329410567_n-825x575.jpg",825,575,true],"morenews-medium":["https:\/\/laredlarioja.com.ar\/sitio\/wp-content\/uploads\/2024\/07\/450406087_914652040702819_6082236131329410567_n-590x410.jpg",590,410,true]},"author_info":{"display_name":"La Red","author_link":"https:\/\/laredlarioja.com.ar\/sitio\/author\/lared\/"},"category_info":"<a href=\"https:\/\/laredlarioja.com.ar\/sitio\/categorias\/cultura-y-espectaculos\/\" rel=\"category tag\">Cultura y Espect\u00e1culos<\/a>","tag_info":"Cultura y Espect\u00e1culos","comment_count":"0","blog_post_layout_featured_media_urls":{"thumbnail":["https:\/\/laredlarioja.com.ar\/sitio\/wp-content\/uploads\/2024\/07\/450406087_914652040702819_6082236131329410567_n-150x150.jpg",150,150,true],"full":["https:\/\/laredlarioja.com.ar\/sitio\/wp-content\/uploads\/2024\/07\/450406087_914652040702819_6082236131329410567_n.jpg",1192,794,false]},"categories_names":{"27":{"name":"Cultura y Espect\u00e1culos","link":"https:\/\/laredlarioja.com.ar\/sitio\/categorias\/cultura-y-espectaculos\/"}},"tags_names":[],"comments_number":"0","wpmagazine_modules_lite_featured_media_urls":{"thumbnail":["https:\/\/laredlarioja.com.ar\/sitio\/wp-content\/uploads\/2024\/07\/450406087_914652040702819_6082236131329410567_n-150x150.jpg",150,150,true],"cvmm-medium":["https:\/\/laredlarioja.com.ar\/sitio\/wp-content\/uploads\/2024\/07\/450406087_914652040702819_6082236131329410567_n-300x300.jpg",300,300,true],"cvmm-medium-plus":["https:\/\/laredlarioja.com.ar\/sitio\/wp-content\/uploads\/2024\/07\/450406087_914652040702819_6082236131329410567_n-305x207.jpg",305,207,true],"cvmm-portrait":["https:\/\/laredlarioja.com.ar\/sitio\/wp-content\/uploads\/2024\/07\/450406087_914652040702819_6082236131329410567_n-400x600.jpg",400,600,true],"cvmm-medium-square":["https:\/\/laredlarioja.com.ar\/sitio\/wp-content\/uploads\/2024\/07\/450406087_914652040702819_6082236131329410567_n-600x600.jpg",600,600,true],"cvmm-large":["https:\/\/laredlarioja.com.ar\/sitio\/wp-content\/uploads\/2024\/07\/450406087_914652040702819_6082236131329410567_n-1024x794.jpg",1024,794,true],"cvmm-small":["https:\/\/laredlarioja.com.ar\/sitio\/wp-content\/uploads\/2024\/07\/450406087_914652040702819_6082236131329410567_n-130x95.jpg",130,95,true],"full":["https:\/\/laredlarioja.com.ar\/sitio\/wp-content\/uploads\/2024\/07\/450406087_914652040702819_6082236131329410567_n.jpg",1192,794,false]},"_links":{"self":[{"href":"https:\/\/laredlarioja.com.ar\/sitio\/wp-json\/wp\/v2\/posts\/48696","targetHints":{"allow":["GET"]}}],"collection":[{"href":"https:\/\/laredlarioja.com.ar\/sitio\/wp-json\/wp\/v2\/posts"}],"about":[{"href":"https:\/\/laredlarioja.com.ar\/sitio\/wp-json\/wp\/v2\/types\/post"}],"author":[{"embeddable":true,"href":"https:\/\/laredlarioja.com.ar\/sitio\/wp-json\/wp\/v2\/users\/10"}],"replies":[{"embeddable":true,"href":"https:\/\/laredlarioja.com.ar\/sitio\/wp-json\/wp\/v2\/comments?post=48696"}],"version-history":[{"count":1,"href":"https:\/\/laredlarioja.com.ar\/sitio\/wp-json\/wp\/v2\/posts\/48696\/revisions"}],"predecessor-version":[{"id":48698,"href":"https:\/\/laredlarioja.com.ar\/sitio\/wp-json\/wp\/v2\/posts\/48696\/revisions\/48698"}],"wp:featuredmedia":[{"embeddable":true,"href":"https:\/\/laredlarioja.com.ar\/sitio\/wp-json\/wp\/v2\/media\/48697"}],"wp:attachment":[{"href":"https:\/\/laredlarioja.com.ar\/sitio\/wp-json\/wp\/v2\/media?parent=48696"}],"wp:term":[{"taxonomy":"category","embeddable":true,"href":"https:\/\/laredlarioja.com.ar\/sitio\/wp-json\/wp\/v2\/categories?post=48696"},{"taxonomy":"post_tag","embeddable":true,"href":"https:\/\/laredlarioja.com.ar\/sitio\/wp-json\/wp\/v2\/tags?post=48696"}],"curies":[{"name":"wp","href":"https:\/\/api.w.org\/{rel}","templated":true}]}}