{"id":49197,"date":"2024-07-22T12:08:06","date_gmt":"2024-07-22T12:08:06","guid":{"rendered":"https:\/\/laredlarioja.com.ar\/sitio\/?p=49197"},"modified":"2024-07-23T00:50:54","modified_gmt":"2024-07-23T00:50:54","slug":"preocupacion-por-la-suba-de-las-valuaciones-fiscales-el-vecino-no-podra-escriturar-su-casa-el-incremento-es-una-locura","status":"publish","type":"post","link":"https:\/\/laredlarioja.com.ar\/sitio\/preocupacion-por-la-suba-de-las-valuaciones-fiscales-el-vecino-no-podra-escriturar-su-casa-el-incremento-es-una-locura\/","title":{"rendered":"Preocupaci\u00f3n por la suba de las valuaciones fiscales: \u201cEl vecino no podr\u00e1 escriturar su casa y el incremento es una locura\u201d"},"content":{"rendered":"<p>El Colegio de Escribanos de La Rioja expres\u00f3 su preocupaci\u00f3n ante el aumento en las valuaciones fiscales determinadas por la Direcci\u00f3n de Catastro de la Provincia. <strong>Maura Guzm\u00e1n,<\/strong> presidenta del Colegio de Escribanos, calific\u00f3 el incremento como \u00abuna locura\u00bb y advirti\u00f3 sobre sus posibles consecuencias en un di\u00e1logo con <strong>La Red.<\/strong><\/p>\n<p>Guzm\u00e1n reconoci\u00f3 que el ajuste en las valuaciones era necesario, pero afirm\u00f3 que \u00abhubo una equivocaci\u00f3n porque no se puede trabajar con esas valuaciones\u00bb. Seg\u00fan el Colegio, aunque la medida busca alinear los valores a la realidad econ\u00f3mica actual, estos han sido \u00abincrementados de manera excesiva\u00bb, lo que impacta negativamente tanto en la labor diaria de los escribanos como en la capacidad de los ciudadanos para pagar el impuesto a los sellos.<\/p>\n<p>La presidenta del Colegio explic\u00f3 que el valor de los inmuebles se determina mediante un procedimiento de catastro que incluye el an\u00e1lisis del inmueble dentro de varios coeficientes, considerando la ubicaci\u00f3n y superficie, y luego se multiplica por otros valores. Guzm\u00e1n se\u00f1al\u00f3 que \u00abhubo una equivocaci\u00f3n porque se ha cambiado el procedimiento y puede haber un error. Se pudo haber hecho un sinceramiento del valor, pero debi\u00f3 ser gradual\u00bb.<\/p>\n<p>Este aumento en las valuaciones fiscales es determinante para los costos que enfrentan los vecinos al escriturar sus propiedades. Guzm\u00e1n detall\u00f3 que, tradicionalmente, los vecinos pagan un 1% por el derecho de inscripci\u00f3n de la escritura y un Impuesto a los Sellos que estaba fijado en 1.8%, pero que ahora ha subido al 2.5%. \u00abSi se saca la cuenta, en una valuaci\u00f3n que a mi modo de ver est\u00e1 equivocada, se tiene un 2.6% de impuestos al Estado para poder inscribir la escritura\u00bb, a\u00f1adi\u00f3.<\/p>\n<p>Guzm\u00e1n advirti\u00f3 sobre las consecuencias de este incremento: <strong>\u00abNo solamente los escribanos quedamos sin trabajo, el ciudadano no va a poder inscribir su escritura y va a ser un boleto de compraventa. El vecino no podr\u00e1 escriturar su casa, el incremento es una locura\u00bb.<\/strong><\/p>\n<p>Ante esta situaci\u00f3n, los 200 escribanos de la provincia est\u00e1n pugnando por una reconsideraci\u00f3n de las valuaciones fiscales. Guzm\u00e1n afirm\u00f3 que \u00abnos debemos sentar para ver d\u00f3nde est\u00e1 el error, es un procedimiento muy t\u00e9cnico\u00bb. En los pr\u00f3ximos d\u00edas, el Colegio de Escribanos mantendr\u00e1 reuniones con las autoridades para revisar y discutir este incremento, con la esperanza de encontrar una soluci\u00f3n que facilite tanto la labor de los profesionales como el acceso de los ciudadanos a la escrituraci\u00f3n de sus propiedades.<\/p>\n<p>&nbsp;<\/p>\n<p>&nbsp;<\/p>\n","protected":false},"excerpt":{"rendered":"<p>El Colegio de Escribanos de La Rioja expres\u00f3 su preocupaci\u00f3n ante el aumento en las valuaciones fiscales determinadas<\/p>\n","protected":false},"author":10,"featured_media":49198,"comment_status":"closed","ping_status":"open","sticky":false,"template":"","format":"standard","meta":{"footnotes":""},"categories":[94],"tags":[],"class_list":["post-49197","post","type-post","status-publish","format-standard","has-post-thumbnail","hentry","category-locales"],"yoast_head":"<!-- This site is optimized with the Yoast SEO plugin v27.4 - https:\/\/yoast.com\/product\/yoast-seo-wordpress\/ -->\n<title>Preocupaci\u00f3n por la suba de las valuaciones fiscales: \u201cEl vecino no podr\u00e1 escriturar su casa y el incremento es una locura\u201d - LA RED 88.3 LA RIOJA<\/title>\n<meta name=\"robots\" content=\"index, follow, max-snippet:-1, max-image-preview:large, max-video-preview:-1\" \/>\n<link rel=\"canonical\" href=\"https:\/\/laredlarioja.com.ar\/sitio\/preocupacion-por-la-suba-de-las-valuaciones-fiscales-el-vecino-no-podra-escriturar-su-casa-el-incremento-es-una-locura\/\" \/>\n<meta property=\"og:locale\" content=\"es_ES\" \/>\n<meta property=\"og:type\" content=\"article\" \/>\n<meta property=\"og:title\" content=\"Preocupaci\u00f3n por la suba de las valuaciones fiscales: \u201cEl vecino no podr\u00e1 escriturar su casa y el incremento es una locura\u201d - LA RED 88.3 LA RIOJA\" \/>\n<meta property=\"og:description\" content=\"El Colegio de Escribanos de La Rioja expres\u00f3 su preocupaci\u00f3n ante el aumento en las valuaciones fiscales determinadas\" \/>\n<meta property=\"og:url\" content=\"https:\/\/laredlarioja.com.ar\/sitio\/preocupacion-por-la-suba-de-las-valuaciones-fiscales-el-vecino-no-podra-escriturar-su-casa-el-incremento-es-una-locura\/\" \/>\n<meta property=\"og:site_name\" content=\"LA RED 88.3 LA RIOJA\" \/>\n<meta property=\"article:publisher\" content=\"https:\/\/www.facebook.com\/lared.larioja\" \/>\n<meta property=\"article:published_time\" content=\"2024-07-22T12:08:06+00:00\" \/>\n<meta property=\"article:modified_time\" content=\"2024-07-23T00:50:54+00:00\" \/>\n<meta property=\"og:image\" content=\"https:\/\/laredlarioja.com.ar\/sitio\/wp-content\/uploads\/2024\/07\/MAURA-GUZMAN.jpg\" \/>\n\t<meta property=\"og:image:width\" content=\"969\" \/>\n\t<meta property=\"og:image:height\" content=\"709\" \/>\n\t<meta property=\"og:image:type\" content=\"image\/jpeg\" \/>\n<meta name=\"author\" content=\"La Red\" \/>\n<meta name=\"twitter:card\" content=\"summary_large_image\" \/>\n<meta name=\"twitter:creator\" content=\"@laredlarioja1\" \/>\n<meta name=\"twitter:site\" content=\"@laredlarioja1\" \/>\n<meta name=\"twitter:label1\" content=\"Escrito por\" \/>\n\t<meta name=\"twitter:data1\" content=\"La Red\" \/>\n\t<meta name=\"twitter:label2\" content=\"Tiempo de lectura\" \/>\n\t<meta name=\"twitter:data2\" content=\"2 minutos\" \/>\n<script type=\"application\/ld+json\" class=\"yoast-schema-graph\">{\"@context\":\"https:\\\/\\\/schema.org\",\"@graph\":[{\"@type\":\"Article\",\"@id\":\"https:\\\/\\\/laredlarioja.com.ar\\\/sitio\\\/preocupacion-por-la-suba-de-las-valuaciones-fiscales-el-vecino-no-podra-escriturar-su-casa-el-incremento-es-una-locura\\\/#article\",\"isPartOf\":{\"@id\":\"https:\\\/\\\/laredlarioja.com.ar\\\/sitio\\\/preocupacion-por-la-suba-de-las-valuaciones-fiscales-el-vecino-no-podra-escriturar-su-casa-el-incremento-es-una-locura\\\/\"},\"author\":{\"name\":\"La Red\",\"@id\":\"https:\\\/\\\/laredlarioja.com.ar\\\/sitio\\\/#\\\/schema\\\/person\\\/f1e213867beccedaaa4fb548d9259d9a\"},\"headline\":\"Preocupaci\u00f3n por la suba de las valuaciones fiscales: \u201cEl vecino no podr\u00e1 escriturar su casa y el incremento es una locura\u201d\",\"datePublished\":\"2024-07-22T12:08:06+00:00\",\"dateModified\":\"2024-07-23T00:50:54+00:00\",\"mainEntityOfPage\":{\"@id\":\"https:\\\/\\\/laredlarioja.com.ar\\\/sitio\\\/preocupacion-por-la-suba-de-las-valuaciones-fiscales-el-vecino-no-podra-escriturar-su-casa-el-incremento-es-una-locura\\\/\"},\"wordCount\":448,\"publisher\":{\"@id\":\"https:\\\/\\\/laredlarioja.com.ar\\\/sitio\\\/#organization\"},\"image\":{\"@id\":\"https:\\\/\\\/laredlarioja.com.ar\\\/sitio\\\/preocupacion-por-la-suba-de-las-valuaciones-fiscales-el-vecino-no-podra-escriturar-su-casa-el-incremento-es-una-locura\\\/#primaryimage\"},\"thumbnailUrl\":\"https:\\\/\\\/laredlarioja.com.ar\\\/sitio\\\/wp-content\\\/uploads\\\/2024\\\/07\\\/MAURA-GUZMAN.jpg\",\"articleSection\":[\"Locales\"],\"inLanguage\":\"es\"},{\"@type\":\"WebPage\",\"@id\":\"https:\\\/\\\/laredlarioja.com.ar\\\/sitio\\\/preocupacion-por-la-suba-de-las-valuaciones-fiscales-el-vecino-no-podra-escriturar-su-casa-el-incremento-es-una-locura\\\/\",\"url\":\"https:\\\/\\\/laredlarioja.com.ar\\\/sitio\\\/preocupacion-por-la-suba-de-las-valuaciones-fiscales-el-vecino-no-podra-escriturar-su-casa-el-incremento-es-una-locura\\\/\",\"name\":\"Preocupaci\u00f3n por la suba de las valuaciones fiscales: \u201cEl vecino no podr\u00e1 escriturar su casa y el incremento es una locura\u201d - LA RED 88.3 LA RIOJA\",\"isPartOf\":{\"@id\":\"https:\\\/\\\/laredlarioja.com.ar\\\/sitio\\\/#website\"},\"primaryImageOfPage\":{\"@id\":\"https:\\\/\\\/laredlarioja.com.ar\\\/sitio\\\/preocupacion-por-la-suba-de-las-valuaciones-fiscales-el-vecino-no-podra-escriturar-su-casa-el-incremento-es-una-locura\\\/#primaryimage\"},\"image\":{\"@id\":\"https:\\\/\\\/laredlarioja.com.ar\\\/sitio\\\/preocupacion-por-la-suba-de-las-valuaciones-fiscales-el-vecino-no-podra-escriturar-su-casa-el-incremento-es-una-locura\\\/#primaryimage\"},\"thumbnailUrl\":\"https:\\\/\\\/laredlarioja.com.ar\\\/sitio\\\/wp-content\\\/uploads\\\/2024\\\/07\\\/MAURA-GUZMAN.jpg\",\"datePublished\":\"2024-07-22T12:08:06+00:00\",\"dateModified\":\"2024-07-23T00:50:54+00:00\",\"breadcrumb\":{\"@id\":\"https:\\\/\\\/laredlarioja.com.ar\\\/sitio\\\/preocupacion-por-la-suba-de-las-valuaciones-fiscales-el-vecino-no-podra-escriturar-su-casa-el-incremento-es-una-locura\\\/#breadcrumb\"},\"inLanguage\":\"es\",\"potentialAction\":[{\"@type\":\"ReadAction\",\"target\":[\"https:\\\/\\\/laredlarioja.com.ar\\\/sitio\\\/preocupacion-por-la-suba-de-las-valuaciones-fiscales-el-vecino-no-podra-escriturar-su-casa-el-incremento-es-una-locura\\\/\"]}]},{\"@type\":\"ImageObject\",\"inLanguage\":\"es\",\"@id\":\"https:\\\/\\\/laredlarioja.com.ar\\\/sitio\\\/preocupacion-por-la-suba-de-las-valuaciones-fiscales-el-vecino-no-podra-escriturar-su-casa-el-incremento-es-una-locura\\\/#primaryimage\",\"url\":\"https:\\\/\\\/laredlarioja.com.ar\\\/sitio\\\/wp-content\\\/uploads\\\/2024\\\/07\\\/MAURA-GUZMAN.jpg\",\"contentUrl\":\"https:\\\/\\\/laredlarioja.com.ar\\\/sitio\\\/wp-content\\\/uploads\\\/2024\\\/07\\\/MAURA-GUZMAN.jpg\",\"width\":969,\"height\":709},{\"@type\":\"BreadcrumbList\",\"@id\":\"https:\\\/\\\/laredlarioja.com.ar\\\/sitio\\\/preocupacion-por-la-suba-de-las-valuaciones-fiscales-el-vecino-no-podra-escriturar-su-casa-el-incremento-es-una-locura\\\/#breadcrumb\",\"itemListElement\":[{\"@type\":\"ListItem\",\"position\":1,\"name\":\"Portada\",\"item\":\"https:\\\/\\\/laredlarioja.com.ar\\\/sitio\\\/\"},{\"@type\":\"ListItem\",\"position\":2,\"name\":\"Preocupaci\u00f3n por la suba de las valuaciones fiscales: \u201cEl vecino no podr\u00e1 escriturar su casa y el incremento es una locura\u201d\"}]},{\"@type\":\"WebSite\",\"@id\":\"https:\\\/\\\/laredlarioja.com.ar\\\/sitio\\\/#website\",\"url\":\"https:\\\/\\\/laredlarioja.com.ar\\\/sitio\\\/\",\"name\":\"LA RED 88.3 LA RIOJA\",\"description\":\"Sitio de Noticias\",\"publisher\":{\"@id\":\"https:\\\/\\\/laredlarioja.com.ar\\\/sitio\\\/#organization\"},\"potentialAction\":[{\"@type\":\"SearchAction\",\"target\":{\"@type\":\"EntryPoint\",\"urlTemplate\":\"https:\\\/\\\/laredlarioja.com.ar\\\/sitio\\\/?s={search_term_string}\"},\"query-input\":{\"@type\":\"PropertyValueSpecification\",\"valueRequired\":true,\"valueName\":\"search_term_string\"}}],\"inLanguage\":\"es\"},{\"@type\":\"Organization\",\"@id\":\"https:\\\/\\\/laredlarioja.com.ar\\\/sitio\\\/#organization\",\"name\":\"LA RED 88.3 LA RIOJA\",\"url\":\"https:\\\/\\\/laredlarioja.com.ar\\\/sitio\\\/\",\"logo\":{\"@type\":\"ImageObject\",\"inLanguage\":\"es\",\"@id\":\"https:\\\/\\\/laredlarioja.com.ar\\\/sitio\\\/#\\\/schema\\\/logo\\\/image\\\/\",\"url\":\"https:\\\/\\\/laredlarioja.com.ar\\\/sitio\\\/wp-content\\\/uploads\\\/2025\\\/05\\\/LOGO-LA-RED.png\",\"contentUrl\":\"https:\\\/\\\/laredlarioja.com.ar\\\/sitio\\\/wp-content\\\/uploads\\\/2025\\\/05\\\/LOGO-LA-RED.png\",\"width\":193,\"height\":340,\"caption\":\"LA RED 88.3 LA RIOJA\"},\"image\":{\"@id\":\"https:\\\/\\\/laredlarioja.com.ar\\\/sitio\\\/#\\\/schema\\\/logo\\\/image\\\/\"},\"sameAs\":[\"https:\\\/\\\/www.facebook.com\\\/lared.larioja\",\"https:\\\/\\\/x.com\\\/laredlarioja1\",\"https:\\\/\\\/www.instagram.com\\\/lared_larioja\\\/\"]},{\"@type\":\"Person\",\"@id\":\"https:\\\/\\\/laredlarioja.com.ar\\\/sitio\\\/#\\\/schema\\\/person\\\/f1e213867beccedaaa4fb548d9259d9a\",\"name\":\"La Red\",\"url\":\"https:\\\/\\\/laredlarioja.com.ar\\\/sitio\\\/author\\\/lared\\\/\"}]}<\/script>\n<!-- \/ Yoast SEO plugin. -->","yoast_head_json":{"title":"Preocupaci\u00f3n por la suba de las valuaciones fiscales: \u201cEl vecino no podr\u00e1 escriturar su casa y el incremento es una locura\u201d - LA RED 88.3 LA RIOJA","robots":{"index":"index","follow":"follow","max-snippet":"max-snippet:-1","max-image-preview":"max-image-preview:large","max-video-preview":"max-video-preview:-1"},"canonical":"https:\/\/laredlarioja.com.ar\/sitio\/preocupacion-por-la-suba-de-las-valuaciones-fiscales-el-vecino-no-podra-escriturar-su-casa-el-incremento-es-una-locura\/","og_locale":"es_ES","og_type":"article","og_title":"Preocupaci\u00f3n por la suba de las valuaciones fiscales: \u201cEl vecino no podr\u00e1 escriturar su casa y el incremento es una locura\u201d - LA RED 88.3 LA RIOJA","og_description":"El Colegio de Escribanos de La Rioja expres\u00f3 su preocupaci\u00f3n ante el aumento en las valuaciones fiscales determinadas","og_url":"https:\/\/laredlarioja.com.ar\/sitio\/preocupacion-por-la-suba-de-las-valuaciones-fiscales-el-vecino-no-podra-escriturar-su-casa-el-incremento-es-una-locura\/","og_site_name":"LA RED 88.3 LA RIOJA","article_publisher":"https:\/\/www.facebook.com\/lared.larioja","article_published_time":"2024-07-22T12:08:06+00:00","article_modified_time":"2024-07-23T00:50:54+00:00","og_image":[{"width":969,"height":709,"url":"https:\/\/laredlarioja.com.ar\/sitio\/wp-content\/uploads\/2024\/07\/MAURA-GUZMAN.jpg","type":"image\/jpeg"}],"author":"La Red","twitter_card":"summary_large_image","twitter_creator":"@laredlarioja1","twitter_site":"@laredlarioja1","twitter_misc":{"Escrito por":"La Red","Tiempo de lectura":"2 minutos"},"schema":{"@context":"https:\/\/schema.org","@graph":[{"@type":"Article","@id":"https:\/\/laredlarioja.com.ar\/sitio\/preocupacion-por-la-suba-de-las-valuaciones-fiscales-el-vecino-no-podra-escriturar-su-casa-el-incremento-es-una-locura\/#article","isPartOf":{"@id":"https:\/\/laredlarioja.com.ar\/sitio\/preocupacion-por-la-suba-de-las-valuaciones-fiscales-el-vecino-no-podra-escriturar-su-casa-el-incremento-es-una-locura\/"},"author":{"name":"La Red","@id":"https:\/\/laredlarioja.com.ar\/sitio\/#\/schema\/person\/f1e213867beccedaaa4fb548d9259d9a"},"headline":"Preocupaci\u00f3n por la suba de las valuaciones fiscales: \u201cEl vecino no podr\u00e1 escriturar su casa y el incremento es una locura\u201d","datePublished":"2024-07-22T12:08:06+00:00","dateModified":"2024-07-23T00:50:54+00:00","mainEntityOfPage":{"@id":"https:\/\/laredlarioja.com.ar\/sitio\/preocupacion-por-la-suba-de-las-valuaciones-fiscales-el-vecino-no-podra-escriturar-su-casa-el-incremento-es-una-locura\/"},"wordCount":448,"publisher":{"@id":"https:\/\/laredlarioja.com.ar\/sitio\/#organization"},"image":{"@id":"https:\/\/laredlarioja.com.ar\/sitio\/preocupacion-por-la-suba-de-las-valuaciones-fiscales-el-vecino-no-podra-escriturar-su-casa-el-incremento-es-una-locura\/#primaryimage"},"thumbnailUrl":"https:\/\/laredlarioja.com.ar\/sitio\/wp-content\/uploads\/2024\/07\/MAURA-GUZMAN.jpg","articleSection":["Locales"],"inLanguage":"es"},{"@type":"WebPage","@id":"https:\/\/laredlarioja.com.ar\/sitio\/preocupacion-por-la-suba-de-las-valuaciones-fiscales-el-vecino-no-podra-escriturar-su-casa-el-incremento-es-una-locura\/","url":"https:\/\/laredlarioja.com.ar\/sitio\/preocupacion-por-la-suba-de-las-valuaciones-fiscales-el-vecino-no-podra-escriturar-su-casa-el-incremento-es-una-locura\/","name":"Preocupaci\u00f3n por la suba de las valuaciones fiscales: \u201cEl vecino no podr\u00e1 escriturar su casa y el incremento es una locura\u201d - LA RED 88.3 LA RIOJA","isPartOf":{"@id":"https:\/\/laredlarioja.com.ar\/sitio\/#website"},"primaryImageOfPage":{"@id":"https:\/\/laredlarioja.com.ar\/sitio\/preocupacion-por-la-suba-de-las-valuaciones-fiscales-el-vecino-no-podra-escriturar-su-casa-el-incremento-es-una-locura\/#primaryimage"},"image":{"@id":"https:\/\/laredlarioja.com.ar\/sitio\/preocupacion-por-la-suba-de-las-valuaciones-fiscales-el-vecino-no-podra-escriturar-su-casa-el-incremento-es-una-locura\/#primaryimage"},"thumbnailUrl":"https:\/\/laredlarioja.com.ar\/sitio\/wp-content\/uploads\/2024\/07\/MAURA-GUZMAN.jpg","datePublished":"2024-07-22T12:08:06+00:00","dateModified":"2024-07-23T00:50:54+00:00","breadcrumb":{"@id":"https:\/\/laredlarioja.com.ar\/sitio\/preocupacion-por-la-suba-de-las-valuaciones-fiscales-el-vecino-no-podra-escriturar-su-casa-el-incremento-es-una-locura\/#breadcrumb"},"inLanguage":"es","potentialAction":[{"@type":"ReadAction","target":["https:\/\/laredlarioja.com.ar\/sitio\/preocupacion-por-la-suba-de-las-valuaciones-fiscales-el-vecino-no-podra-escriturar-su-casa-el-incremento-es-una-locura\/"]}]},{"@type":"ImageObject","inLanguage":"es","@id":"https:\/\/laredlarioja.com.ar\/sitio\/preocupacion-por-la-suba-de-las-valuaciones-fiscales-el-vecino-no-podra-escriturar-su-casa-el-incremento-es-una-locura\/#primaryimage","url":"https:\/\/laredlarioja.com.ar\/sitio\/wp-content\/uploads\/2024\/07\/MAURA-GUZMAN.jpg","contentUrl":"https:\/\/laredlarioja.com.ar\/sitio\/wp-content\/uploads\/2024\/07\/MAURA-GUZMAN.jpg","width":969,"height":709},{"@type":"BreadcrumbList","@id":"https:\/\/laredlarioja.com.ar\/sitio\/preocupacion-por-la-suba-de-las-valuaciones-fiscales-el-vecino-no-podra-escriturar-su-casa-el-incremento-es-una-locura\/#breadcrumb","itemListElement":[{"@type":"ListItem","position":1,"name":"Portada","item":"https:\/\/laredlarioja.com.ar\/sitio\/"},{"@type":"ListItem","position":2,"name":"Preocupaci\u00f3n por la suba de las valuaciones fiscales: \u201cEl vecino no podr\u00e1 escriturar su casa y el incremento es una locura\u201d"}]},{"@type":"WebSite","@id":"https:\/\/laredlarioja.com.ar\/sitio\/#website","url":"https:\/\/laredlarioja.com.ar\/sitio\/","name":"LA RED 88.3 LA RIOJA","description":"Sitio de Noticias","publisher":{"@id":"https:\/\/laredlarioja.com.ar\/sitio\/#organization"},"potentialAction":[{"@type":"SearchAction","target":{"@type":"EntryPoint","urlTemplate":"https:\/\/laredlarioja.com.ar\/sitio\/?s={search_term_string}"},"query-input":{"@type":"PropertyValueSpecification","valueRequired":true,"valueName":"search_term_string"}}],"inLanguage":"es"},{"@type":"Organization","@id":"https:\/\/laredlarioja.com.ar\/sitio\/#organization","name":"LA RED 88.3 LA RIOJA","url":"https:\/\/laredlarioja.com.ar\/sitio\/","logo":{"@type":"ImageObject","inLanguage":"es","@id":"https:\/\/laredlarioja.com.ar\/sitio\/#\/schema\/logo\/image\/","url":"https:\/\/laredlarioja.com.ar\/sitio\/wp-content\/uploads\/2025\/05\/LOGO-LA-RED.png","contentUrl":"https:\/\/laredlarioja.com.ar\/sitio\/wp-content\/uploads\/2025\/05\/LOGO-LA-RED.png","width":193,"height":340,"caption":"LA RED 88.3 LA RIOJA"},"image":{"@id":"https:\/\/laredlarioja.com.ar\/sitio\/#\/schema\/logo\/image\/"},"sameAs":["https:\/\/www.facebook.com\/lared.larioja","https:\/\/x.com\/laredlarioja1","https:\/\/www.instagram.com\/lared_larioja\/"]},{"@type":"Person","@id":"https:\/\/laredlarioja.com.ar\/sitio\/#\/schema\/person\/f1e213867beccedaaa4fb548d9259d9a","name":"La Red","url":"https:\/\/laredlarioja.com.ar\/sitio\/author\/lared\/"}]}},"featured_image_urls":{"full":["https:\/\/laredlarioja.com.ar\/sitio\/wp-content\/uploads\/2024\/07\/MAURA-GUZMAN.jpg",969,709,false],"thumbnail":["https:\/\/laredlarioja.com.ar\/sitio\/wp-content\/uploads\/2024\/07\/MAURA-GUZMAN-150x150.jpg",150,150,true],"medium":["https:\/\/laredlarioja.com.ar\/sitio\/wp-content\/uploads\/2024\/07\/MAURA-GUZMAN-300x220.jpg",300,220,true],"medium_large":["https:\/\/laredlarioja.com.ar\/sitio\/wp-content\/uploads\/2024\/07\/MAURA-GUZMAN-768x562.jpg",640,468,true],"large":["https:\/\/laredlarioja.com.ar\/sitio\/wp-content\/uploads\/2024\/07\/MAURA-GUZMAN.jpg",640,468,false],"1536x1536":["https:\/\/laredlarioja.com.ar\/sitio\/wp-content\/uploads\/2024\/07\/MAURA-GUZMAN.jpg",969,709,false],"2048x2048":["https:\/\/laredlarioja.com.ar\/sitio\/wp-content\/uploads\/2024\/07\/MAURA-GUZMAN.jpg",969,709,false],"cvmm-medium":["https:\/\/laredlarioja.com.ar\/sitio\/wp-content\/uploads\/2024\/07\/MAURA-GUZMAN-300x300.jpg",300,300,true],"cvmm-medium-plus":["https:\/\/laredlarioja.com.ar\/sitio\/wp-content\/uploads\/2024\/07\/MAURA-GUZMAN-305x207.jpg",305,207,true],"cvmm-portrait":["https:\/\/laredlarioja.com.ar\/sitio\/wp-content\/uploads\/2024\/07\/MAURA-GUZMAN-400x600.jpg",400,600,true],"cvmm-medium-square":["https:\/\/laredlarioja.com.ar\/sitio\/wp-content\/uploads\/2024\/07\/MAURA-GUZMAN-600x600.jpg",600,600,true],"cvmm-large":["https:\/\/laredlarioja.com.ar\/sitio\/wp-content\/uploads\/2024\/07\/MAURA-GUZMAN.jpg",969,709,false],"cvmm-small":["https:\/\/laredlarioja.com.ar\/sitio\/wp-content\/uploads\/2024\/07\/MAURA-GUZMAN-130x95.jpg",130,95,true],"morenews-large":["https:\/\/laredlarioja.com.ar\/sitio\/wp-content\/uploads\/2024\/07\/MAURA-GUZMAN-825x575.jpg",825,575,true],"morenews-medium":["https:\/\/laredlarioja.com.ar\/sitio\/wp-content\/uploads\/2024\/07\/MAURA-GUZMAN-590x410.jpg",590,410,true]},"author_info":{"display_name":"La Red","author_link":"https:\/\/laredlarioja.com.ar\/sitio\/author\/lared\/"},"category_info":"<a href=\"https:\/\/laredlarioja.com.ar\/sitio\/categorias\/locales\/\" rel=\"category tag\">Locales<\/a>","tag_info":"Locales","comment_count":"0","blog_post_layout_featured_media_urls":{"thumbnail":["https:\/\/laredlarioja.com.ar\/sitio\/wp-content\/uploads\/2024\/07\/MAURA-GUZMAN-150x150.jpg",150,150,true],"full":["https:\/\/laredlarioja.com.ar\/sitio\/wp-content\/uploads\/2024\/07\/MAURA-GUZMAN.jpg",969,709,false]},"categories_names":{"94":{"name":"Locales","link":"https:\/\/laredlarioja.com.ar\/sitio\/categorias\/locales\/"}},"tags_names":[],"comments_number":"0","wpmagazine_modules_lite_featured_media_urls":{"thumbnail":["https:\/\/laredlarioja.com.ar\/sitio\/wp-content\/uploads\/2024\/07\/MAURA-GUZMAN-150x150.jpg",150,150,true],"cvmm-medium":["https:\/\/laredlarioja.com.ar\/sitio\/wp-content\/uploads\/2024\/07\/MAURA-GUZMAN-300x300.jpg",300,300,true],"cvmm-medium-plus":["https:\/\/laredlarioja.com.ar\/sitio\/wp-content\/uploads\/2024\/07\/MAURA-GUZMAN-305x207.jpg",305,207,true],"cvmm-portrait":["https:\/\/laredlarioja.com.ar\/sitio\/wp-content\/uploads\/2024\/07\/MAURA-GUZMAN-400x600.jpg",400,600,true],"cvmm-medium-square":["https:\/\/laredlarioja.com.ar\/sitio\/wp-content\/uploads\/2024\/07\/MAURA-GUZMAN-600x600.jpg",600,600,true],"cvmm-large":["https:\/\/laredlarioja.com.ar\/sitio\/wp-content\/uploads\/2024\/07\/MAURA-GUZMAN.jpg",969,709,false],"cvmm-small":["https:\/\/laredlarioja.com.ar\/sitio\/wp-content\/uploads\/2024\/07\/MAURA-GUZMAN-130x95.jpg",130,95,true],"full":["https:\/\/laredlarioja.com.ar\/sitio\/wp-content\/uploads\/2024\/07\/MAURA-GUZMAN.jpg",969,709,false]},"_links":{"self":[{"href":"https:\/\/laredlarioja.com.ar\/sitio\/wp-json\/wp\/v2\/posts\/49197","targetHints":{"allow":["GET"]}}],"collection":[{"href":"https:\/\/laredlarioja.com.ar\/sitio\/wp-json\/wp\/v2\/posts"}],"about":[{"href":"https:\/\/laredlarioja.com.ar\/sitio\/wp-json\/wp\/v2\/types\/post"}],"author":[{"embeddable":true,"href":"https:\/\/laredlarioja.com.ar\/sitio\/wp-json\/wp\/v2\/users\/10"}],"replies":[{"embeddable":true,"href":"https:\/\/laredlarioja.com.ar\/sitio\/wp-json\/wp\/v2\/comments?post=49197"}],"version-history":[{"count":4,"href":"https:\/\/laredlarioja.com.ar\/sitio\/wp-json\/wp\/v2\/posts\/49197\/revisions"}],"predecessor-version":[{"id":49216,"href":"https:\/\/laredlarioja.com.ar\/sitio\/wp-json\/wp\/v2\/posts\/49197\/revisions\/49216"}],"wp:featuredmedia":[{"embeddable":true,"href":"https:\/\/laredlarioja.com.ar\/sitio\/wp-json\/wp\/v2\/media\/49198"}],"wp:attachment":[{"href":"https:\/\/laredlarioja.com.ar\/sitio\/wp-json\/wp\/v2\/media?parent=49197"}],"wp:term":[{"taxonomy":"category","embeddable":true,"href":"https:\/\/laredlarioja.com.ar\/sitio\/wp-json\/wp\/v2\/categories?post=49197"},{"taxonomy":"post_tag","embeddable":true,"href":"https:\/\/laredlarioja.com.ar\/sitio\/wp-json\/wp\/v2\/tags?post=49197"}],"curies":[{"name":"wp","href":"https:\/\/api.w.org\/{rel}","templated":true}]}}