{"id":49239,"date":"2024-07-22T20:08:22","date_gmt":"2024-07-22T20:08:22","guid":{"rendered":"https:\/\/laredlarioja.com.ar\/sitio\/?p=49239"},"modified":"2024-07-25T13:35:26","modified_gmt":"2024-07-25T13:35:26","slug":"convencionales-constituyentes-juraron-la-nueva-constitucion-riojana","status":"publish","type":"post","link":"https:\/\/laredlarioja.com.ar\/sitio\/convencionales-constituyentes-juraron-la-nueva-constitucion-riojana\/","title":{"rendered":"Convencionales constituyentes juraron la nueva Constituci\u00f3n riojana"},"content":{"rendered":"<p>Este lunes 22 de julio, en el recinto de la Legislatura provincial, con la presencia del gobernador Ricardo Quintela, <strong>convencionales constituyentes de los 18 departamentos, juraron la nueva Constituci\u00f3n de la provincia de La Rioja<\/strong>. De esta manera dio por finalizada su que dur\u00f3 un a\u00f1o y que se ve plasmado en un nuevo texto constitucional.<\/p>\n<p>Cabe destacar que <strong><a href=\"https:\/\/laredlarioja.com.ar\/sitio\/la-ucr-no-estara-en-la-jura-de-la-reforma-de-la-constitucion-de-la-rioja\/\">la UCR decidi\u00f3 finalmente no participar del acto de jura<\/a> y la exintendenta In\u00e9s Brizuela y Doria sali\u00f3 a respaldar esta medida<\/strong>. \u201cUna constituci\u00f3n a medida del poder de turno, est\u00e1 destinada al fracaso\u201d, opin\u00f3.<\/p>\n<p><a href=\"https:\/\/laredlarioja.com.ar\/sitio\/wp-content\/uploads\/2024\/07\/WhatsApp-Image-2024-07-22-at-11.57.52.jpeg\"><img fetchpriority=\"high\" decoding=\"async\" class=\"alignnone size-full wp-image-49240\" src=\"https:\/\/laredlarioja.com.ar\/sitio\/wp-content\/uploads\/2024\/07\/WhatsApp-Image-2024-07-22-at-11.57.52.jpeg\" alt=\"\" width=\"546\" height=\"643\" srcset=\"https:\/\/laredlarioja.com.ar\/sitio\/wp-content\/uploads\/2024\/07\/WhatsApp-Image-2024-07-22-at-11.57.52.jpeg 546w, https:\/\/laredlarioja.com.ar\/sitio\/wp-content\/uploads\/2024\/07\/WhatsApp-Image-2024-07-22-at-11.57.52-255x300.jpeg 255w\" sizes=\"(max-width: 546px) 100vw, 546px\" \/><\/a><\/p>\n<p>Por su parte el gobernador de la provincia, que estuvo presente durante toda la ceremonia, expres\u00f3: \u201cun agradecimiento especial a todos los convencionales constituyentes, tanto del oficialismo como de la oposici\u00f3n, porque trabajaron denodadamente durante 12 meses para hoy tener sancionado una nueva Constituci\u00f3n, reformando varios art\u00edculos e incorporando un nuevo articulado, todos en defensa de los intereses de todas las riojanas y los riojanos, preservando e incrementando sus derechos y garantizando el uso razonable y responsable de los recursos naturales, culturales y del patrimonio de nuestra querida provincia de La Rioja\u201d.<\/p>\n<p>\u201cMe embarga una gran emoci\u00f3n de poder estar siendo gobernador de la provincia, de estar presente en la sanci\u00f3n y en la jura de la nueva Constituci\u00f3n de nuestra provincia que otorga derechos y que pretende, por lo menos, ser una demostraci\u00f3n de que el federalismo es posible\u201d, manifest\u00f3 Quintela.<\/p>\n<p><a href=\"https:\/\/laredlarioja.com.ar\/sitio\/wp-content\/uploads\/2024\/07\/WhatsApp-Image-2024-07-22-at-16.54.31.jpeg\"><img decoding=\"async\" class=\"alignnone size-full wp-image-49241\" src=\"https:\/\/laredlarioja.com.ar\/sitio\/wp-content\/uploads\/2024\/07\/WhatsApp-Image-2024-07-22-at-16.54.31.jpeg\" alt=\"\" width=\"1280\" height=\"924\" srcset=\"https:\/\/laredlarioja.com.ar\/sitio\/wp-content\/uploads\/2024\/07\/WhatsApp-Image-2024-07-22-at-16.54.31.jpeg 1280w, https:\/\/laredlarioja.com.ar\/sitio\/wp-content\/uploads\/2024\/07\/WhatsApp-Image-2024-07-22-at-16.54.31-300x217.jpeg 300w, https:\/\/laredlarioja.com.ar\/sitio\/wp-content\/uploads\/2024\/07\/WhatsApp-Image-2024-07-22-at-16.54.31-1024x739.jpeg 1024w, https:\/\/laredlarioja.com.ar\/sitio\/wp-content\/uploads\/2024\/07\/WhatsApp-Image-2024-07-22-at-16.54.31-768x554.jpeg 768w, https:\/\/laredlarioja.com.ar\/sitio\/wp-content\/uploads\/2024\/07\/WhatsApp-Image-2024-07-22-at-16.54.31-130x95.jpeg 130w\" sizes=\"(max-width: 1280px) 100vw, 1280px\" \/><\/a><\/p>\n<p>En otro tramo de su discurso, el gobernador habl\u00f3 sobre La Renta B\u00e1sica Universal, manifestando que \u201ctiene por objeto sacar a un sector de nuestra sociedad vulnerable que est\u00e1 con dificultades, para garantizarle la alimentaci\u00f3n, la educaci\u00f3n y la salud de sus hijos, tener garantizado un ingreso m\u00ednimo que cubra las necesidades primarias b\u00e1sicas de cualquier ser humano\u201d. \u201cEsto no es para fomentar la vagancia, sino para garantizar que aquellos sectores que est\u00e1n marginados puedan incorporarse al sistema y que garanticen que sus hijos tengan lo que posiblemente sus padres no lo tuvieron\u201d agreg\u00f3.<\/p>\n","protected":false},"excerpt":{"rendered":"<p>Este lunes 22 de julio, en el recinto de la Legislatura provincial, con la presencia del gobernador Ricardo<\/p>\n","protected":false},"author":10,"featured_media":49242,"comment_status":"closed","ping_status":"open","sticky":false,"template":"","format":"standard","meta":{"footnotes":""},"categories":[23,123],"tags":[],"class_list":["post-49239","post","type-post","status-publish","format-standard","has-post-thumbnail","hentry","category-politica","category-reforma-institucional"],"yoast_head":"<!-- This site is optimized with the Yoast SEO plugin v27.4 - https:\/\/yoast.com\/product\/yoast-seo-wordpress\/ -->\n<title>Convencionales constituyentes juraron la nueva Constituci\u00f3n riojana - LA RED 88.3 LA RIOJA<\/title>\n<meta name=\"robots\" content=\"index, follow, max-snippet:-1, max-image-preview:large, max-video-preview:-1\" \/>\n<link rel=\"canonical\" href=\"https:\/\/laredlarioja.com.ar\/sitio\/convencionales-constituyentes-juraron-la-nueva-constitucion-riojana\/\" \/>\n<meta property=\"og:locale\" content=\"es_ES\" \/>\n<meta property=\"og:type\" content=\"article\" \/>\n<meta property=\"og:title\" content=\"Convencionales constituyentes juraron la nueva Constituci\u00f3n riojana - LA RED 88.3 LA RIOJA\" \/>\n<meta property=\"og:description\" content=\"Este lunes 22 de julio, en el recinto de la Legislatura provincial, con la presencia del gobernador Ricardo\" \/>\n<meta property=\"og:url\" content=\"https:\/\/laredlarioja.com.ar\/sitio\/convencionales-constituyentes-juraron-la-nueva-constitucion-riojana\/\" \/>\n<meta property=\"og:site_name\" content=\"LA RED 88.3 LA RIOJA\" \/>\n<meta property=\"article:publisher\" content=\"https:\/\/www.facebook.com\/lared.larioja\" \/>\n<meta property=\"article:published_time\" content=\"2024-07-22T20:08:22+00:00\" \/>\n<meta property=\"article:modified_time\" content=\"2024-07-25T13:35:26+00:00\" \/>\n<meta property=\"og:image\" content=\"https:\/\/laredlarioja.com.ar\/sitio\/wp-content\/uploads\/2024\/07\/WhatsApp-Image-2024-07-22-at-16.54.33-e1722286734462.jpeg\" \/>\n\t<meta property=\"og:image:width\" content=\"780\" \/>\n\t<meta property=\"og:image:height\" content=\"501\" \/>\n\t<meta property=\"og:image:type\" content=\"image\/jpeg\" \/>\n<meta name=\"author\" content=\"La Red\" \/>\n<meta name=\"twitter:card\" content=\"summary_large_image\" \/>\n<meta name=\"twitter:creator\" content=\"@laredlarioja1\" \/>\n<meta name=\"twitter:site\" content=\"@laredlarioja1\" \/>\n<meta name=\"twitter:label1\" content=\"Escrito por\" \/>\n\t<meta name=\"twitter:data1\" content=\"La Red\" \/>\n\t<meta name=\"twitter:label2\" content=\"Tiempo de lectura\" \/>\n\t<meta name=\"twitter:data2\" content=\"2 minutos\" \/>\n<script type=\"application\/ld+json\" class=\"yoast-schema-graph\">{\"@context\":\"https:\\\/\\\/schema.org\",\"@graph\":[{\"@type\":\"Article\",\"@id\":\"https:\\\/\\\/laredlarioja.com.ar\\\/sitio\\\/convencionales-constituyentes-juraron-la-nueva-constitucion-riojana\\\/#article\",\"isPartOf\":{\"@id\":\"https:\\\/\\\/laredlarioja.com.ar\\\/sitio\\\/convencionales-constituyentes-juraron-la-nueva-constitucion-riojana\\\/\"},\"author\":{\"name\":\"La Red\",\"@id\":\"https:\\\/\\\/laredlarioja.com.ar\\\/sitio\\\/#\\\/schema\\\/person\\\/f1e213867beccedaaa4fb548d9259d9a\"},\"headline\":\"Convencionales constituyentes juraron la nueva Constituci\u00f3n riojana\",\"datePublished\":\"2024-07-22T20:08:22+00:00\",\"dateModified\":\"2024-07-25T13:35:26+00:00\",\"mainEntityOfPage\":{\"@id\":\"https:\\\/\\\/laredlarioja.com.ar\\\/sitio\\\/convencionales-constituyentes-juraron-la-nueva-constitucion-riojana\\\/\"},\"wordCount\":352,\"publisher\":{\"@id\":\"https:\\\/\\\/laredlarioja.com.ar\\\/sitio\\\/#organization\"},\"image\":{\"@id\":\"https:\\\/\\\/laredlarioja.com.ar\\\/sitio\\\/convencionales-constituyentes-juraron-la-nueva-constitucion-riojana\\\/#primaryimage\"},\"thumbnailUrl\":\"https:\\\/\\\/laredlarioja.com.ar\\\/sitio\\\/wp-content\\\/uploads\\\/2024\\\/07\\\/WhatsApp-Image-2024-07-22-at-16.54.33-e1722286734462.jpeg\",\"articleSection\":[\"Pol\u00edtica\",\"Reforma Constitucional\"],\"inLanguage\":\"es\"},{\"@type\":\"WebPage\",\"@id\":\"https:\\\/\\\/laredlarioja.com.ar\\\/sitio\\\/convencionales-constituyentes-juraron-la-nueva-constitucion-riojana\\\/\",\"url\":\"https:\\\/\\\/laredlarioja.com.ar\\\/sitio\\\/convencionales-constituyentes-juraron-la-nueva-constitucion-riojana\\\/\",\"name\":\"Convencionales constituyentes juraron la nueva Constituci\u00f3n riojana - LA RED 88.3 LA RIOJA\",\"isPartOf\":{\"@id\":\"https:\\\/\\\/laredlarioja.com.ar\\\/sitio\\\/#website\"},\"primaryImageOfPage\":{\"@id\":\"https:\\\/\\\/laredlarioja.com.ar\\\/sitio\\\/convencionales-constituyentes-juraron-la-nueva-constitucion-riojana\\\/#primaryimage\"},\"image\":{\"@id\":\"https:\\\/\\\/laredlarioja.com.ar\\\/sitio\\\/convencionales-constituyentes-juraron-la-nueva-constitucion-riojana\\\/#primaryimage\"},\"thumbnailUrl\":\"https:\\\/\\\/laredlarioja.com.ar\\\/sitio\\\/wp-content\\\/uploads\\\/2024\\\/07\\\/WhatsApp-Image-2024-07-22-at-16.54.33-e1722286734462.jpeg\",\"datePublished\":\"2024-07-22T20:08:22+00:00\",\"dateModified\":\"2024-07-25T13:35:26+00:00\",\"breadcrumb\":{\"@id\":\"https:\\\/\\\/laredlarioja.com.ar\\\/sitio\\\/convencionales-constituyentes-juraron-la-nueva-constitucion-riojana\\\/#breadcrumb\"},\"inLanguage\":\"es\",\"potentialAction\":[{\"@type\":\"ReadAction\",\"target\":[\"https:\\\/\\\/laredlarioja.com.ar\\\/sitio\\\/convencionales-constituyentes-juraron-la-nueva-constitucion-riojana\\\/\"]}]},{\"@type\":\"ImageObject\",\"inLanguage\":\"es\",\"@id\":\"https:\\\/\\\/laredlarioja.com.ar\\\/sitio\\\/convencionales-constituyentes-juraron-la-nueva-constitucion-riojana\\\/#primaryimage\",\"url\":\"https:\\\/\\\/laredlarioja.com.ar\\\/sitio\\\/wp-content\\\/uploads\\\/2024\\\/07\\\/WhatsApp-Image-2024-07-22-at-16.54.33-e1722286734462.jpeg\",\"contentUrl\":\"https:\\\/\\\/laredlarioja.com.ar\\\/sitio\\\/wp-content\\\/uploads\\\/2024\\\/07\\\/WhatsApp-Image-2024-07-22-at-16.54.33-e1722286734462.jpeg\",\"width\":780,\"height\":501},{\"@type\":\"BreadcrumbList\",\"@id\":\"https:\\\/\\\/laredlarioja.com.ar\\\/sitio\\\/convencionales-constituyentes-juraron-la-nueva-constitucion-riojana\\\/#breadcrumb\",\"itemListElement\":[{\"@type\":\"ListItem\",\"position\":1,\"name\":\"Portada\",\"item\":\"https:\\\/\\\/laredlarioja.com.ar\\\/sitio\\\/\"},{\"@type\":\"ListItem\",\"position\":2,\"name\":\"Convencionales constituyentes juraron la nueva Constituci\u00f3n riojana\"}]},{\"@type\":\"WebSite\",\"@id\":\"https:\\\/\\\/laredlarioja.com.ar\\\/sitio\\\/#website\",\"url\":\"https:\\\/\\\/laredlarioja.com.ar\\\/sitio\\\/\",\"name\":\"LA RED 88.3 LA RIOJA\",\"description\":\"Sitio de Noticias\",\"publisher\":{\"@id\":\"https:\\\/\\\/laredlarioja.com.ar\\\/sitio\\\/#organization\"},\"potentialAction\":[{\"@type\":\"SearchAction\",\"target\":{\"@type\":\"EntryPoint\",\"urlTemplate\":\"https:\\\/\\\/laredlarioja.com.ar\\\/sitio\\\/?s={search_term_string}\"},\"query-input\":{\"@type\":\"PropertyValueSpecification\",\"valueRequired\":true,\"valueName\":\"search_term_string\"}}],\"inLanguage\":\"es\"},{\"@type\":\"Organization\",\"@id\":\"https:\\\/\\\/laredlarioja.com.ar\\\/sitio\\\/#organization\",\"name\":\"LA RED 88.3 LA RIOJA\",\"url\":\"https:\\\/\\\/laredlarioja.com.ar\\\/sitio\\\/\",\"logo\":{\"@type\":\"ImageObject\",\"inLanguage\":\"es\",\"@id\":\"https:\\\/\\\/laredlarioja.com.ar\\\/sitio\\\/#\\\/schema\\\/logo\\\/image\\\/\",\"url\":\"https:\\\/\\\/laredlarioja.com.ar\\\/sitio\\\/wp-content\\\/uploads\\\/2025\\\/05\\\/LOGO-LA-RED.png\",\"contentUrl\":\"https:\\\/\\\/laredlarioja.com.ar\\\/sitio\\\/wp-content\\\/uploads\\\/2025\\\/05\\\/LOGO-LA-RED.png\",\"width\":193,\"height\":340,\"caption\":\"LA RED 88.3 LA RIOJA\"},\"image\":{\"@id\":\"https:\\\/\\\/laredlarioja.com.ar\\\/sitio\\\/#\\\/schema\\\/logo\\\/image\\\/\"},\"sameAs\":[\"https:\\\/\\\/www.facebook.com\\\/lared.larioja\",\"https:\\\/\\\/x.com\\\/laredlarioja1\",\"https:\\\/\\\/www.instagram.com\\\/lared_larioja\\\/\"]},{\"@type\":\"Person\",\"@id\":\"https:\\\/\\\/laredlarioja.com.ar\\\/sitio\\\/#\\\/schema\\\/person\\\/f1e213867beccedaaa4fb548d9259d9a\",\"name\":\"La Red\",\"url\":\"https:\\\/\\\/laredlarioja.com.ar\\\/sitio\\\/author\\\/lared\\\/\"}]}<\/script>\n<!-- \/ Yoast SEO plugin. -->","yoast_head_json":{"title":"Convencionales constituyentes juraron la nueva Constituci\u00f3n riojana - LA RED 88.3 LA RIOJA","robots":{"index":"index","follow":"follow","max-snippet":"max-snippet:-1","max-image-preview":"max-image-preview:large","max-video-preview":"max-video-preview:-1"},"canonical":"https:\/\/laredlarioja.com.ar\/sitio\/convencionales-constituyentes-juraron-la-nueva-constitucion-riojana\/","og_locale":"es_ES","og_type":"article","og_title":"Convencionales constituyentes juraron la nueva Constituci\u00f3n riojana - LA RED 88.3 LA RIOJA","og_description":"Este lunes 22 de julio, en el recinto de la Legislatura provincial, con la presencia del gobernador Ricardo","og_url":"https:\/\/laredlarioja.com.ar\/sitio\/convencionales-constituyentes-juraron-la-nueva-constitucion-riojana\/","og_site_name":"LA RED 88.3 LA RIOJA","article_publisher":"https:\/\/www.facebook.com\/lared.larioja","article_published_time":"2024-07-22T20:08:22+00:00","article_modified_time":"2024-07-25T13:35:26+00:00","og_image":[{"width":780,"height":501,"url":"https:\/\/laredlarioja.com.ar\/sitio\/wp-content\/uploads\/2024\/07\/WhatsApp-Image-2024-07-22-at-16.54.33-e1722286734462.jpeg","type":"image\/jpeg"}],"author":"La Red","twitter_card":"summary_large_image","twitter_creator":"@laredlarioja1","twitter_site":"@laredlarioja1","twitter_misc":{"Escrito por":"La Red","Tiempo de lectura":"2 minutos"},"schema":{"@context":"https:\/\/schema.org","@graph":[{"@type":"Article","@id":"https:\/\/laredlarioja.com.ar\/sitio\/convencionales-constituyentes-juraron-la-nueva-constitucion-riojana\/#article","isPartOf":{"@id":"https:\/\/laredlarioja.com.ar\/sitio\/convencionales-constituyentes-juraron-la-nueva-constitucion-riojana\/"},"author":{"name":"La Red","@id":"https:\/\/laredlarioja.com.ar\/sitio\/#\/schema\/person\/f1e213867beccedaaa4fb548d9259d9a"},"headline":"Convencionales constituyentes juraron la nueva Constituci\u00f3n riojana","datePublished":"2024-07-22T20:08:22+00:00","dateModified":"2024-07-25T13:35:26+00:00","mainEntityOfPage":{"@id":"https:\/\/laredlarioja.com.ar\/sitio\/convencionales-constituyentes-juraron-la-nueva-constitucion-riojana\/"},"wordCount":352,"publisher":{"@id":"https:\/\/laredlarioja.com.ar\/sitio\/#organization"},"image":{"@id":"https:\/\/laredlarioja.com.ar\/sitio\/convencionales-constituyentes-juraron-la-nueva-constitucion-riojana\/#primaryimage"},"thumbnailUrl":"https:\/\/laredlarioja.com.ar\/sitio\/wp-content\/uploads\/2024\/07\/WhatsApp-Image-2024-07-22-at-16.54.33-e1722286734462.jpeg","articleSection":["Pol\u00edtica","Reforma Constitucional"],"inLanguage":"es"},{"@type":"WebPage","@id":"https:\/\/laredlarioja.com.ar\/sitio\/convencionales-constituyentes-juraron-la-nueva-constitucion-riojana\/","url":"https:\/\/laredlarioja.com.ar\/sitio\/convencionales-constituyentes-juraron-la-nueva-constitucion-riojana\/","name":"Convencionales constituyentes juraron la nueva Constituci\u00f3n riojana - LA RED 88.3 LA RIOJA","isPartOf":{"@id":"https:\/\/laredlarioja.com.ar\/sitio\/#website"},"primaryImageOfPage":{"@id":"https:\/\/laredlarioja.com.ar\/sitio\/convencionales-constituyentes-juraron-la-nueva-constitucion-riojana\/#primaryimage"},"image":{"@id":"https:\/\/laredlarioja.com.ar\/sitio\/convencionales-constituyentes-juraron-la-nueva-constitucion-riojana\/#primaryimage"},"thumbnailUrl":"https:\/\/laredlarioja.com.ar\/sitio\/wp-content\/uploads\/2024\/07\/WhatsApp-Image-2024-07-22-at-16.54.33-e1722286734462.jpeg","datePublished":"2024-07-22T20:08:22+00:00","dateModified":"2024-07-25T13:35:26+00:00","breadcrumb":{"@id":"https:\/\/laredlarioja.com.ar\/sitio\/convencionales-constituyentes-juraron-la-nueva-constitucion-riojana\/#breadcrumb"},"inLanguage":"es","potentialAction":[{"@type":"ReadAction","target":["https:\/\/laredlarioja.com.ar\/sitio\/convencionales-constituyentes-juraron-la-nueva-constitucion-riojana\/"]}]},{"@type":"ImageObject","inLanguage":"es","@id":"https:\/\/laredlarioja.com.ar\/sitio\/convencionales-constituyentes-juraron-la-nueva-constitucion-riojana\/#primaryimage","url":"https:\/\/laredlarioja.com.ar\/sitio\/wp-content\/uploads\/2024\/07\/WhatsApp-Image-2024-07-22-at-16.54.33-e1722286734462.jpeg","contentUrl":"https:\/\/laredlarioja.com.ar\/sitio\/wp-content\/uploads\/2024\/07\/WhatsApp-Image-2024-07-22-at-16.54.33-e1722286734462.jpeg","width":780,"height":501},{"@type":"BreadcrumbList","@id":"https:\/\/laredlarioja.com.ar\/sitio\/convencionales-constituyentes-juraron-la-nueva-constitucion-riojana\/#breadcrumb","itemListElement":[{"@type":"ListItem","position":1,"name":"Portada","item":"https:\/\/laredlarioja.com.ar\/sitio\/"},{"@type":"ListItem","position":2,"name":"Convencionales constituyentes juraron la nueva Constituci\u00f3n riojana"}]},{"@type":"WebSite","@id":"https:\/\/laredlarioja.com.ar\/sitio\/#website","url":"https:\/\/laredlarioja.com.ar\/sitio\/","name":"LA RED 88.3 LA RIOJA","description":"Sitio de Noticias","publisher":{"@id":"https:\/\/laredlarioja.com.ar\/sitio\/#organization"},"potentialAction":[{"@type":"SearchAction","target":{"@type":"EntryPoint","urlTemplate":"https:\/\/laredlarioja.com.ar\/sitio\/?s={search_term_string}"},"query-input":{"@type":"PropertyValueSpecification","valueRequired":true,"valueName":"search_term_string"}}],"inLanguage":"es"},{"@type":"Organization","@id":"https:\/\/laredlarioja.com.ar\/sitio\/#organization","name":"LA RED 88.3 LA RIOJA","url":"https:\/\/laredlarioja.com.ar\/sitio\/","logo":{"@type":"ImageObject","inLanguage":"es","@id":"https:\/\/laredlarioja.com.ar\/sitio\/#\/schema\/logo\/image\/","url":"https:\/\/laredlarioja.com.ar\/sitio\/wp-content\/uploads\/2025\/05\/LOGO-LA-RED.png","contentUrl":"https:\/\/laredlarioja.com.ar\/sitio\/wp-content\/uploads\/2025\/05\/LOGO-LA-RED.png","width":193,"height":340,"caption":"LA RED 88.3 LA RIOJA"},"image":{"@id":"https:\/\/laredlarioja.com.ar\/sitio\/#\/schema\/logo\/image\/"},"sameAs":["https:\/\/www.facebook.com\/lared.larioja","https:\/\/x.com\/laredlarioja1","https:\/\/www.instagram.com\/lared_larioja\/"]},{"@type":"Person","@id":"https:\/\/laredlarioja.com.ar\/sitio\/#\/schema\/person\/f1e213867beccedaaa4fb548d9259d9a","name":"La Red","url":"https:\/\/laredlarioja.com.ar\/sitio\/author\/lared\/"}]}},"featured_image_urls":{"full":["https:\/\/laredlarioja.com.ar\/sitio\/wp-content\/uploads\/2024\/07\/WhatsApp-Image-2024-07-22-at-16.54.33-e1722286734462.jpeg",780,501,false],"thumbnail":["https:\/\/laredlarioja.com.ar\/sitio\/wp-content\/uploads\/2024\/07\/WhatsApp-Image-2024-07-22-at-16.54.33-e1722286734462-150x150.jpeg",150,150,true],"medium":["https:\/\/laredlarioja.com.ar\/sitio\/wp-content\/uploads\/2024\/07\/WhatsApp-Image-2024-07-22-at-16.54.33-e1722286734462-300x193.jpeg",300,193,true],"medium_large":["https:\/\/laredlarioja.com.ar\/sitio\/wp-content\/uploads\/2024\/07\/WhatsApp-Image-2024-07-22-at-16.54.33-e1722286734462-768x493.jpeg",640,411,true],"large":["https:\/\/laredlarioja.com.ar\/sitio\/wp-content\/uploads\/2024\/07\/WhatsApp-Image-2024-07-22-at-16.54.33-1024x682.jpeg",640,426,true],"1536x1536":["https:\/\/laredlarioja.com.ar\/sitio\/wp-content\/uploads\/2024\/07\/WhatsApp-Image-2024-07-22-at-16.54.33-e1722286734462.jpeg",780,501,false],"2048x2048":["https:\/\/laredlarioja.com.ar\/sitio\/wp-content\/uploads\/2024\/07\/WhatsApp-Image-2024-07-22-at-16.54.33-e1722286734462.jpeg",780,501,false],"cvmm-medium":["https:\/\/laredlarioja.com.ar\/sitio\/wp-content\/uploads\/2024\/07\/WhatsApp-Image-2024-07-22-at-16.54.33-e1722286734462-300x300.jpeg",300,300,true],"cvmm-medium-plus":["https:\/\/laredlarioja.com.ar\/sitio\/wp-content\/uploads\/2024\/07\/WhatsApp-Image-2024-07-22-at-16.54.33-e1722286734462-305x207.jpeg",305,207,true],"cvmm-portrait":["https:\/\/laredlarioja.com.ar\/sitio\/wp-content\/uploads\/2024\/07\/WhatsApp-Image-2024-07-22-at-16.54.33-e1722286734462-400x501.jpeg",400,501,true],"cvmm-medium-square":["https:\/\/laredlarioja.com.ar\/sitio\/wp-content\/uploads\/2024\/07\/WhatsApp-Image-2024-07-22-at-16.54.33-e1722286734462-600x501.jpeg",600,501,true],"cvmm-large":["https:\/\/laredlarioja.com.ar\/sitio\/wp-content\/uploads\/2024\/07\/WhatsApp-Image-2024-07-22-at-16.54.33-1024x853.jpeg",1024,853,true],"cvmm-small":["https:\/\/laredlarioja.com.ar\/sitio\/wp-content\/uploads\/2024\/07\/WhatsApp-Image-2024-07-22-at-16.54.33-e1722286734462-130x95.jpeg",130,95,true],"morenews-large":["https:\/\/laredlarioja.com.ar\/sitio\/wp-content\/uploads\/2024\/07\/WhatsApp-Image-2024-07-22-at-16.54.33-825x575.jpeg",825,575,true],"morenews-medium":["https:\/\/laredlarioja.com.ar\/sitio\/wp-content\/uploads\/2024\/07\/WhatsApp-Image-2024-07-22-at-16.54.33-e1722286734462-590x410.jpeg",590,410,true]},"author_info":{"display_name":"La Red","author_link":"https:\/\/laredlarioja.com.ar\/sitio\/author\/lared\/"},"category_info":"<a href=\"https:\/\/laredlarioja.com.ar\/sitio\/categorias\/politica\/\" rel=\"category tag\">Pol\u00edtica<\/a> <a href=\"https:\/\/laredlarioja.com.ar\/sitio\/categorias\/reforma-institucional\/\" rel=\"category tag\">Reforma Constitucional<\/a>","tag_info":"Reforma Constitucional","comment_count":"0","blog_post_layout_featured_media_urls":{"thumbnail":["https:\/\/laredlarioja.com.ar\/sitio\/wp-content\/uploads\/2024\/07\/WhatsApp-Image-2024-07-22-at-16.54.33-e1722286734462-150x150.jpeg",150,150,true],"full":["https:\/\/laredlarioja.com.ar\/sitio\/wp-content\/uploads\/2024\/07\/WhatsApp-Image-2024-07-22-at-16.54.33-e1722286734462.jpeg",780,501,false]},"categories_names":{"23":{"name":"Pol\u00edtica","link":"https:\/\/laredlarioja.com.ar\/sitio\/categorias\/politica\/"},"123":{"name":"Reforma Constitucional","link":"https:\/\/laredlarioja.com.ar\/sitio\/categorias\/reforma-institucional\/"}},"tags_names":[],"comments_number":"0","wpmagazine_modules_lite_featured_media_urls":{"thumbnail":["https:\/\/laredlarioja.com.ar\/sitio\/wp-content\/uploads\/2024\/07\/WhatsApp-Image-2024-07-22-at-16.54.33-e1722286734462-150x150.jpeg",150,150,true],"cvmm-medium":["https:\/\/laredlarioja.com.ar\/sitio\/wp-content\/uploads\/2024\/07\/WhatsApp-Image-2024-07-22-at-16.54.33-e1722286734462-300x300.jpeg",300,300,true],"cvmm-medium-plus":["https:\/\/laredlarioja.com.ar\/sitio\/wp-content\/uploads\/2024\/07\/WhatsApp-Image-2024-07-22-at-16.54.33-e1722286734462-305x207.jpeg",305,207,true],"cvmm-portrait":["https:\/\/laredlarioja.com.ar\/sitio\/wp-content\/uploads\/2024\/07\/WhatsApp-Image-2024-07-22-at-16.54.33-e1722286734462-400x501.jpeg",400,501,true],"cvmm-medium-square":["https:\/\/laredlarioja.com.ar\/sitio\/wp-content\/uploads\/2024\/07\/WhatsApp-Image-2024-07-22-at-16.54.33-e1722286734462-600x501.jpeg",600,501,true],"cvmm-large":["https:\/\/laredlarioja.com.ar\/sitio\/wp-content\/uploads\/2024\/07\/WhatsApp-Image-2024-07-22-at-16.54.33-1024x853.jpeg",1024,853,true],"cvmm-small":["https:\/\/laredlarioja.com.ar\/sitio\/wp-content\/uploads\/2024\/07\/WhatsApp-Image-2024-07-22-at-16.54.33-e1722286734462-130x95.jpeg",130,95,true],"full":["https:\/\/laredlarioja.com.ar\/sitio\/wp-content\/uploads\/2024\/07\/WhatsApp-Image-2024-07-22-at-16.54.33-e1722286734462.jpeg",780,501,false]},"_links":{"self":[{"href":"https:\/\/laredlarioja.com.ar\/sitio\/wp-json\/wp\/v2\/posts\/49239","targetHints":{"allow":["GET"]}}],"collection":[{"href":"https:\/\/laredlarioja.com.ar\/sitio\/wp-json\/wp\/v2\/posts"}],"about":[{"href":"https:\/\/laredlarioja.com.ar\/sitio\/wp-json\/wp\/v2\/types\/post"}],"author":[{"embeddable":true,"href":"https:\/\/laredlarioja.com.ar\/sitio\/wp-json\/wp\/v2\/users\/10"}],"replies":[{"embeddable":true,"href":"https:\/\/laredlarioja.com.ar\/sitio\/wp-json\/wp\/v2\/comments?post=49239"}],"version-history":[{"count":1,"href":"https:\/\/laredlarioja.com.ar\/sitio\/wp-json\/wp\/v2\/posts\/49239\/revisions"}],"predecessor-version":[{"id":49244,"href":"https:\/\/laredlarioja.com.ar\/sitio\/wp-json\/wp\/v2\/posts\/49239\/revisions\/49244"}],"wp:featuredmedia":[{"embeddable":true,"href":"https:\/\/laredlarioja.com.ar\/sitio\/wp-json\/wp\/v2\/media\/49242"}],"wp:attachment":[{"href":"https:\/\/laredlarioja.com.ar\/sitio\/wp-json\/wp\/v2\/media?parent=49239"}],"wp:term":[{"taxonomy":"category","embeddable":true,"href":"https:\/\/laredlarioja.com.ar\/sitio\/wp-json\/wp\/v2\/categories?post=49239"},{"taxonomy":"post_tag","embeddable":true,"href":"https:\/\/laredlarioja.com.ar\/sitio\/wp-json\/wp\/v2\/tags?post=49239"}],"curies":[{"name":"wp","href":"https:\/\/api.w.org\/{rel}","templated":true}]}}