{"id":49250,"date":"2024-07-22T22:48:41","date_gmt":"2024-07-22T22:48:41","guid":{"rendered":"https:\/\/laredlarioja.com.ar\/sitio\/?p=49250"},"modified":"2024-07-23T23:52:05","modified_gmt":"2024-07-23T23:52:05","slug":"aseguran-que-la-ocupacion-en-la-rioja-fue-del-80-durante-las-vacaciones-de-invierno","status":"publish","type":"post","link":"https:\/\/laredlarioja.com.ar\/sitio\/aseguran-que-la-ocupacion-en-la-rioja-fue-del-80-durante-las-vacaciones-de-invierno\/","title":{"rendered":"Aseguran que la ocupaci\u00f3n en La Rioja fue del 80% durante las vacaciones de Invierno"},"content":{"rendered":"<p>El ministro de Turismo y Cultura, prof. Gustavo Luna, realiz\u00f3 un balance de las vacaciones de invierno en La Rioja y asegur\u00f3 que la ocupaci\u00f3n hotelera en la provincia fue de un 80%.<\/p>\n<p>El ministro de Turismo y Cultura inform\u00f3 que se registr\u00f3 una ocupaci\u00f3n en promedio del 80% en la provincia: \u201cEn Capital 70%, Chilecito 90%, Villa Uni\u00f3n supera los 90%, Arauco 80%, ocupaci\u00f3n plena en Chamical porque hubo varios acontecimientos y eventos importantes; la zona de la costa tambi\u00e9n, Famatina, Chepes y Sanagasta, ah\u00ed s\u00ed tuvimos entre 60 y 70%\u201d, detall\u00f3.<\/p>\n<p>En tanto remarc\u00f3 que \u201cesto habla a las claras, no de que est\u00e1 bien la situaci\u00f3n econ\u00f3mica del pa\u00eds, sino que el ciudadano ha incorporado la actividad tur\u00edstica dentro de su agenda, no lo toman como un lujo, sino que lo consideran parte de una necesidad\u201d.<\/p>\n<p>Sobre \u2018Movete por La Rioja\u2019, destac\u00f3 que \u201csirvi\u00f3 para promocionar bastante la provincia, hemos estado a la altura de las circunstancias luego de la desaparici\u00f3n del Pre Viaje y de otras acciones promocionales del gobierno nacional\u201d.<\/p>\n<p>&nbsp;<\/p>\n<p>Fuente: Radio Provincia<\/p>\n","protected":false},"excerpt":{"rendered":"<p>El ministro de Turismo y Cultura, prof. Gustavo Luna, realiz\u00f3 un balance de las vacaciones de invierno en<\/p>\n","protected":false},"author":7,"featured_media":32080,"comment_status":"closed","ping_status":"open","sticky":false,"template":"","format":"standard","meta":{"footnotes":""},"categories":[94],"tags":[],"class_list":["post-49250","post","type-post","status-publish","format-standard","has-post-thumbnail","hentry","category-locales"],"yoast_head":"<!-- This site is optimized with the Yoast SEO plugin v27.4 - https:\/\/yoast.com\/product\/yoast-seo-wordpress\/ -->\n<title>Aseguran que la ocupaci\u00f3n en La Rioja fue del 80% durante las vacaciones de Invierno - LA RED 88.3 LA RIOJA<\/title>\n<meta name=\"robots\" content=\"index, follow, max-snippet:-1, max-image-preview:large, max-video-preview:-1\" \/>\n<link rel=\"canonical\" href=\"https:\/\/laredlarioja.com.ar\/sitio\/aseguran-que-la-ocupacion-en-la-rioja-fue-del-80-durante-las-vacaciones-de-invierno\/\" \/>\n<meta property=\"og:locale\" content=\"es_ES\" \/>\n<meta property=\"og:type\" content=\"article\" \/>\n<meta property=\"og:title\" content=\"Aseguran que la ocupaci\u00f3n en La Rioja fue del 80% durante las vacaciones de Invierno - LA RED 88.3 LA RIOJA\" \/>\n<meta property=\"og:description\" content=\"El ministro de Turismo y Cultura, prof. Gustavo Luna, realiz\u00f3 un balance de las vacaciones de invierno en\" \/>\n<meta property=\"og:url\" content=\"https:\/\/laredlarioja.com.ar\/sitio\/aseguran-que-la-ocupacion-en-la-rioja-fue-del-80-durante-las-vacaciones-de-invierno\/\" \/>\n<meta property=\"og:site_name\" content=\"LA RED 88.3 LA RIOJA\" \/>\n<meta property=\"article:publisher\" content=\"https:\/\/www.facebook.com\/lared.larioja\" \/>\n<meta property=\"article:published_time\" content=\"2024-07-22T22:48:41+00:00\" \/>\n<meta property=\"article:modified_time\" content=\"2024-07-23T23:52:05+00:00\" \/>\n<meta property=\"og:image\" content=\"https:\/\/laredlarioja.com.ar\/sitio\/wp-content\/uploads\/2023\/06\/355317259_658147366352257_2230253258534548458_n.jpg\" \/>\n\t<meta property=\"og:image:width\" content=\"2048\" \/>\n\t<meta property=\"og:image:height\" content=\"1365\" \/>\n\t<meta property=\"og:image:type\" content=\"image\/jpeg\" \/>\n<meta name=\"author\" content=\"Anabella Soria\" \/>\n<meta name=\"twitter:card\" content=\"summary_large_image\" \/>\n<meta name=\"twitter:creator\" content=\"@laredlarioja1\" \/>\n<meta name=\"twitter:site\" content=\"@laredlarioja1\" \/>\n<meta name=\"twitter:label1\" content=\"Escrito por\" \/>\n\t<meta name=\"twitter:data1\" content=\"Anabella Soria\" \/>\n\t<meta name=\"twitter:label2\" content=\"Tiempo de lectura\" \/>\n\t<meta name=\"twitter:data2\" content=\"1 minuto\" \/>\n<script type=\"application\/ld+json\" class=\"yoast-schema-graph\">{\"@context\":\"https:\\\/\\\/schema.org\",\"@graph\":[{\"@type\":\"Article\",\"@id\":\"https:\\\/\\\/laredlarioja.com.ar\\\/sitio\\\/aseguran-que-la-ocupacion-en-la-rioja-fue-del-80-durante-las-vacaciones-de-invierno\\\/#article\",\"isPartOf\":{\"@id\":\"https:\\\/\\\/laredlarioja.com.ar\\\/sitio\\\/aseguran-que-la-ocupacion-en-la-rioja-fue-del-80-durante-las-vacaciones-de-invierno\\\/\"},\"author\":{\"name\":\"Anabella Soria\",\"@id\":\"https:\\\/\\\/laredlarioja.com.ar\\\/sitio\\\/#\\\/schema\\\/person\\\/31f88059d20c5cf06e974fd895aec56e\"},\"headline\":\"Aseguran que la ocupaci\u00f3n en La Rioja fue del 80% durante las vacaciones de Invierno\",\"datePublished\":\"2024-07-22T22:48:41+00:00\",\"dateModified\":\"2024-07-23T23:52:05+00:00\",\"mainEntityOfPage\":{\"@id\":\"https:\\\/\\\/laredlarioja.com.ar\\\/sitio\\\/aseguran-que-la-ocupacion-en-la-rioja-fue-del-80-durante-las-vacaciones-de-invierno\\\/\"},\"wordCount\":196,\"publisher\":{\"@id\":\"https:\\\/\\\/laredlarioja.com.ar\\\/sitio\\\/#organization\"},\"image\":{\"@id\":\"https:\\\/\\\/laredlarioja.com.ar\\\/sitio\\\/aseguran-que-la-ocupacion-en-la-rioja-fue-del-80-durante-las-vacaciones-de-invierno\\\/#primaryimage\"},\"thumbnailUrl\":\"https:\\\/\\\/laredlarioja.com.ar\\\/sitio\\\/wp-content\\\/uploads\\\/2023\\\/06\\\/355317259_658147366352257_2230253258534548458_n.jpg\",\"articleSection\":[\"Locales\"],\"inLanguage\":\"es\"},{\"@type\":\"WebPage\",\"@id\":\"https:\\\/\\\/laredlarioja.com.ar\\\/sitio\\\/aseguran-que-la-ocupacion-en-la-rioja-fue-del-80-durante-las-vacaciones-de-invierno\\\/\",\"url\":\"https:\\\/\\\/laredlarioja.com.ar\\\/sitio\\\/aseguran-que-la-ocupacion-en-la-rioja-fue-del-80-durante-las-vacaciones-de-invierno\\\/\",\"name\":\"Aseguran que la ocupaci\u00f3n en La Rioja fue del 80% durante las vacaciones de Invierno - LA RED 88.3 LA RIOJA\",\"isPartOf\":{\"@id\":\"https:\\\/\\\/laredlarioja.com.ar\\\/sitio\\\/#website\"},\"primaryImageOfPage\":{\"@id\":\"https:\\\/\\\/laredlarioja.com.ar\\\/sitio\\\/aseguran-que-la-ocupacion-en-la-rioja-fue-del-80-durante-las-vacaciones-de-invierno\\\/#primaryimage\"},\"image\":{\"@id\":\"https:\\\/\\\/laredlarioja.com.ar\\\/sitio\\\/aseguran-que-la-ocupacion-en-la-rioja-fue-del-80-durante-las-vacaciones-de-invierno\\\/#primaryimage\"},\"thumbnailUrl\":\"https:\\\/\\\/laredlarioja.com.ar\\\/sitio\\\/wp-content\\\/uploads\\\/2023\\\/06\\\/355317259_658147366352257_2230253258534548458_n.jpg\",\"datePublished\":\"2024-07-22T22:48:41+00:00\",\"dateModified\":\"2024-07-23T23:52:05+00:00\",\"breadcrumb\":{\"@id\":\"https:\\\/\\\/laredlarioja.com.ar\\\/sitio\\\/aseguran-que-la-ocupacion-en-la-rioja-fue-del-80-durante-las-vacaciones-de-invierno\\\/#breadcrumb\"},\"inLanguage\":\"es\",\"potentialAction\":[{\"@type\":\"ReadAction\",\"target\":[\"https:\\\/\\\/laredlarioja.com.ar\\\/sitio\\\/aseguran-que-la-ocupacion-en-la-rioja-fue-del-80-durante-las-vacaciones-de-invierno\\\/\"]}]},{\"@type\":\"ImageObject\",\"inLanguage\":\"es\",\"@id\":\"https:\\\/\\\/laredlarioja.com.ar\\\/sitio\\\/aseguran-que-la-ocupacion-en-la-rioja-fue-del-80-durante-las-vacaciones-de-invierno\\\/#primaryimage\",\"url\":\"https:\\\/\\\/laredlarioja.com.ar\\\/sitio\\\/wp-content\\\/uploads\\\/2023\\\/06\\\/355317259_658147366352257_2230253258534548458_n.jpg\",\"contentUrl\":\"https:\\\/\\\/laredlarioja.com.ar\\\/sitio\\\/wp-content\\\/uploads\\\/2023\\\/06\\\/355317259_658147366352257_2230253258534548458_n.jpg\",\"width\":2048,\"height\":1365},{\"@type\":\"BreadcrumbList\",\"@id\":\"https:\\\/\\\/laredlarioja.com.ar\\\/sitio\\\/aseguran-que-la-ocupacion-en-la-rioja-fue-del-80-durante-las-vacaciones-de-invierno\\\/#breadcrumb\",\"itemListElement\":[{\"@type\":\"ListItem\",\"position\":1,\"name\":\"Portada\",\"item\":\"https:\\\/\\\/laredlarioja.com.ar\\\/sitio\\\/\"},{\"@type\":\"ListItem\",\"position\":2,\"name\":\"Aseguran que la ocupaci\u00f3n en La Rioja fue del 80% durante las vacaciones de Invierno\"}]},{\"@type\":\"WebSite\",\"@id\":\"https:\\\/\\\/laredlarioja.com.ar\\\/sitio\\\/#website\",\"url\":\"https:\\\/\\\/laredlarioja.com.ar\\\/sitio\\\/\",\"name\":\"LA RED 88.3 LA RIOJA\",\"description\":\"Sitio de Noticias\",\"publisher\":{\"@id\":\"https:\\\/\\\/laredlarioja.com.ar\\\/sitio\\\/#organization\"},\"potentialAction\":[{\"@type\":\"SearchAction\",\"target\":{\"@type\":\"EntryPoint\",\"urlTemplate\":\"https:\\\/\\\/laredlarioja.com.ar\\\/sitio\\\/?s={search_term_string}\"},\"query-input\":{\"@type\":\"PropertyValueSpecification\",\"valueRequired\":true,\"valueName\":\"search_term_string\"}}],\"inLanguage\":\"es\"},{\"@type\":\"Organization\",\"@id\":\"https:\\\/\\\/laredlarioja.com.ar\\\/sitio\\\/#organization\",\"name\":\"LA RED 88.3 LA RIOJA\",\"url\":\"https:\\\/\\\/laredlarioja.com.ar\\\/sitio\\\/\",\"logo\":{\"@type\":\"ImageObject\",\"inLanguage\":\"es\",\"@id\":\"https:\\\/\\\/laredlarioja.com.ar\\\/sitio\\\/#\\\/schema\\\/logo\\\/image\\\/\",\"url\":\"https:\\\/\\\/laredlarioja.com.ar\\\/sitio\\\/wp-content\\\/uploads\\\/2025\\\/05\\\/LOGO-LA-RED.png\",\"contentUrl\":\"https:\\\/\\\/laredlarioja.com.ar\\\/sitio\\\/wp-content\\\/uploads\\\/2025\\\/05\\\/LOGO-LA-RED.png\",\"width\":193,\"height\":340,\"caption\":\"LA RED 88.3 LA RIOJA\"},\"image\":{\"@id\":\"https:\\\/\\\/laredlarioja.com.ar\\\/sitio\\\/#\\\/schema\\\/logo\\\/image\\\/\"},\"sameAs\":[\"https:\\\/\\\/www.facebook.com\\\/lared.larioja\",\"https:\\\/\\\/x.com\\\/laredlarioja1\",\"https:\\\/\\\/www.instagram.com\\\/lared_larioja\\\/\"]},{\"@type\":\"Person\",\"@id\":\"https:\\\/\\\/laredlarioja.com.ar\\\/sitio\\\/#\\\/schema\\\/person\\\/31f88059d20c5cf06e974fd895aec56e\",\"name\":\"Anabella Soria\",\"url\":\"https:\\\/\\\/laredlarioja.com.ar\\\/sitio\\\/author\\\/asoria\\\/\"}]}<\/script>\n<!-- \/ Yoast SEO plugin. -->","yoast_head_json":{"title":"Aseguran que la ocupaci\u00f3n en La Rioja fue del 80% durante las vacaciones de Invierno - LA RED 88.3 LA RIOJA","robots":{"index":"index","follow":"follow","max-snippet":"max-snippet:-1","max-image-preview":"max-image-preview:large","max-video-preview":"max-video-preview:-1"},"canonical":"https:\/\/laredlarioja.com.ar\/sitio\/aseguran-que-la-ocupacion-en-la-rioja-fue-del-80-durante-las-vacaciones-de-invierno\/","og_locale":"es_ES","og_type":"article","og_title":"Aseguran que la ocupaci\u00f3n en La Rioja fue del 80% durante las vacaciones de Invierno - LA RED 88.3 LA RIOJA","og_description":"El ministro de Turismo y Cultura, prof. Gustavo Luna, realiz\u00f3 un balance de las vacaciones de invierno en","og_url":"https:\/\/laredlarioja.com.ar\/sitio\/aseguran-que-la-ocupacion-en-la-rioja-fue-del-80-durante-las-vacaciones-de-invierno\/","og_site_name":"LA RED 88.3 LA RIOJA","article_publisher":"https:\/\/www.facebook.com\/lared.larioja","article_published_time":"2024-07-22T22:48:41+00:00","article_modified_time":"2024-07-23T23:52:05+00:00","og_image":[{"width":2048,"height":1365,"url":"https:\/\/laredlarioja.com.ar\/sitio\/wp-content\/uploads\/2023\/06\/355317259_658147366352257_2230253258534548458_n.jpg","type":"image\/jpeg"}],"author":"Anabella Soria","twitter_card":"summary_large_image","twitter_creator":"@laredlarioja1","twitter_site":"@laredlarioja1","twitter_misc":{"Escrito por":"Anabella Soria","Tiempo de lectura":"1 minuto"},"schema":{"@context":"https:\/\/schema.org","@graph":[{"@type":"Article","@id":"https:\/\/laredlarioja.com.ar\/sitio\/aseguran-que-la-ocupacion-en-la-rioja-fue-del-80-durante-las-vacaciones-de-invierno\/#article","isPartOf":{"@id":"https:\/\/laredlarioja.com.ar\/sitio\/aseguran-que-la-ocupacion-en-la-rioja-fue-del-80-durante-las-vacaciones-de-invierno\/"},"author":{"name":"Anabella Soria","@id":"https:\/\/laredlarioja.com.ar\/sitio\/#\/schema\/person\/31f88059d20c5cf06e974fd895aec56e"},"headline":"Aseguran que la ocupaci\u00f3n en La Rioja fue del 80% durante las vacaciones de Invierno","datePublished":"2024-07-22T22:48:41+00:00","dateModified":"2024-07-23T23:52:05+00:00","mainEntityOfPage":{"@id":"https:\/\/laredlarioja.com.ar\/sitio\/aseguran-que-la-ocupacion-en-la-rioja-fue-del-80-durante-las-vacaciones-de-invierno\/"},"wordCount":196,"publisher":{"@id":"https:\/\/laredlarioja.com.ar\/sitio\/#organization"},"image":{"@id":"https:\/\/laredlarioja.com.ar\/sitio\/aseguran-que-la-ocupacion-en-la-rioja-fue-del-80-durante-las-vacaciones-de-invierno\/#primaryimage"},"thumbnailUrl":"https:\/\/laredlarioja.com.ar\/sitio\/wp-content\/uploads\/2023\/06\/355317259_658147366352257_2230253258534548458_n.jpg","articleSection":["Locales"],"inLanguage":"es"},{"@type":"WebPage","@id":"https:\/\/laredlarioja.com.ar\/sitio\/aseguran-que-la-ocupacion-en-la-rioja-fue-del-80-durante-las-vacaciones-de-invierno\/","url":"https:\/\/laredlarioja.com.ar\/sitio\/aseguran-que-la-ocupacion-en-la-rioja-fue-del-80-durante-las-vacaciones-de-invierno\/","name":"Aseguran que la ocupaci\u00f3n en La Rioja fue del 80% durante las vacaciones de Invierno - LA RED 88.3 LA RIOJA","isPartOf":{"@id":"https:\/\/laredlarioja.com.ar\/sitio\/#website"},"primaryImageOfPage":{"@id":"https:\/\/laredlarioja.com.ar\/sitio\/aseguran-que-la-ocupacion-en-la-rioja-fue-del-80-durante-las-vacaciones-de-invierno\/#primaryimage"},"image":{"@id":"https:\/\/laredlarioja.com.ar\/sitio\/aseguran-que-la-ocupacion-en-la-rioja-fue-del-80-durante-las-vacaciones-de-invierno\/#primaryimage"},"thumbnailUrl":"https:\/\/laredlarioja.com.ar\/sitio\/wp-content\/uploads\/2023\/06\/355317259_658147366352257_2230253258534548458_n.jpg","datePublished":"2024-07-22T22:48:41+00:00","dateModified":"2024-07-23T23:52:05+00:00","breadcrumb":{"@id":"https:\/\/laredlarioja.com.ar\/sitio\/aseguran-que-la-ocupacion-en-la-rioja-fue-del-80-durante-las-vacaciones-de-invierno\/#breadcrumb"},"inLanguage":"es","potentialAction":[{"@type":"ReadAction","target":["https:\/\/laredlarioja.com.ar\/sitio\/aseguran-que-la-ocupacion-en-la-rioja-fue-del-80-durante-las-vacaciones-de-invierno\/"]}]},{"@type":"ImageObject","inLanguage":"es","@id":"https:\/\/laredlarioja.com.ar\/sitio\/aseguran-que-la-ocupacion-en-la-rioja-fue-del-80-durante-las-vacaciones-de-invierno\/#primaryimage","url":"https:\/\/laredlarioja.com.ar\/sitio\/wp-content\/uploads\/2023\/06\/355317259_658147366352257_2230253258534548458_n.jpg","contentUrl":"https:\/\/laredlarioja.com.ar\/sitio\/wp-content\/uploads\/2023\/06\/355317259_658147366352257_2230253258534548458_n.jpg","width":2048,"height":1365},{"@type":"BreadcrumbList","@id":"https:\/\/laredlarioja.com.ar\/sitio\/aseguran-que-la-ocupacion-en-la-rioja-fue-del-80-durante-las-vacaciones-de-invierno\/#breadcrumb","itemListElement":[{"@type":"ListItem","position":1,"name":"Portada","item":"https:\/\/laredlarioja.com.ar\/sitio\/"},{"@type":"ListItem","position":2,"name":"Aseguran que la ocupaci\u00f3n en La Rioja fue del 80% durante las vacaciones de Invierno"}]},{"@type":"WebSite","@id":"https:\/\/laredlarioja.com.ar\/sitio\/#website","url":"https:\/\/laredlarioja.com.ar\/sitio\/","name":"LA RED 88.3 LA RIOJA","description":"Sitio de Noticias","publisher":{"@id":"https:\/\/laredlarioja.com.ar\/sitio\/#organization"},"potentialAction":[{"@type":"SearchAction","target":{"@type":"EntryPoint","urlTemplate":"https:\/\/laredlarioja.com.ar\/sitio\/?s={search_term_string}"},"query-input":{"@type":"PropertyValueSpecification","valueRequired":true,"valueName":"search_term_string"}}],"inLanguage":"es"},{"@type":"Organization","@id":"https:\/\/laredlarioja.com.ar\/sitio\/#organization","name":"LA RED 88.3 LA RIOJA","url":"https:\/\/laredlarioja.com.ar\/sitio\/","logo":{"@type":"ImageObject","inLanguage":"es","@id":"https:\/\/laredlarioja.com.ar\/sitio\/#\/schema\/logo\/image\/","url":"https:\/\/laredlarioja.com.ar\/sitio\/wp-content\/uploads\/2025\/05\/LOGO-LA-RED.png","contentUrl":"https:\/\/laredlarioja.com.ar\/sitio\/wp-content\/uploads\/2025\/05\/LOGO-LA-RED.png","width":193,"height":340,"caption":"LA RED 88.3 LA RIOJA"},"image":{"@id":"https:\/\/laredlarioja.com.ar\/sitio\/#\/schema\/logo\/image\/"},"sameAs":["https:\/\/www.facebook.com\/lared.larioja","https:\/\/x.com\/laredlarioja1","https:\/\/www.instagram.com\/lared_larioja\/"]},{"@type":"Person","@id":"https:\/\/laredlarioja.com.ar\/sitio\/#\/schema\/person\/31f88059d20c5cf06e974fd895aec56e","name":"Anabella Soria","url":"https:\/\/laredlarioja.com.ar\/sitio\/author\/asoria\/"}]}},"featured_image_urls":{"full":["https:\/\/laredlarioja.com.ar\/sitio\/wp-content\/uploads\/2023\/06\/355317259_658147366352257_2230253258534548458_n.jpg",2048,1365,false],"thumbnail":["https:\/\/laredlarioja.com.ar\/sitio\/wp-content\/uploads\/2023\/06\/355317259_658147366352257_2230253258534548458_n-150x150.jpg",150,150,true],"medium":["https:\/\/laredlarioja.com.ar\/sitio\/wp-content\/uploads\/2023\/06\/355317259_658147366352257_2230253258534548458_n-300x200.jpg",300,200,true],"medium_large":["https:\/\/laredlarioja.com.ar\/sitio\/wp-content\/uploads\/2023\/06\/355317259_658147366352257_2230253258534548458_n-768x512.jpg",640,427,true],"large":["https:\/\/laredlarioja.com.ar\/sitio\/wp-content\/uploads\/2023\/06\/355317259_658147366352257_2230253258534548458_n-1024x683.jpg",640,427,true],"1536x1536":["https:\/\/laredlarioja.com.ar\/sitio\/wp-content\/uploads\/2023\/06\/355317259_658147366352257_2230253258534548458_n-1536x1024.jpg",1536,1024,true],"2048x2048":["https:\/\/laredlarioja.com.ar\/sitio\/wp-content\/uploads\/2023\/06\/355317259_658147366352257_2230253258534548458_n.jpg",2048,1365,false],"cvmm-medium":["https:\/\/laredlarioja.com.ar\/sitio\/wp-content\/uploads\/2023\/06\/355317259_658147366352257_2230253258534548458_n-300x300.jpg",300,300,true],"cvmm-medium-plus":["https:\/\/laredlarioja.com.ar\/sitio\/wp-content\/uploads\/2023\/06\/355317259_658147366352257_2230253258534548458_n-305x207.jpg",305,207,true],"cvmm-portrait":["https:\/\/laredlarioja.com.ar\/sitio\/wp-content\/uploads\/2023\/06\/355317259_658147366352257_2230253258534548458_n-400x600.jpg",400,600,true],"cvmm-medium-square":["https:\/\/laredlarioja.com.ar\/sitio\/wp-content\/uploads\/2023\/06\/355317259_658147366352257_2230253258534548458_n-600x600.jpg",600,600,true],"cvmm-large":["https:\/\/laredlarioja.com.ar\/sitio\/wp-content\/uploads\/2023\/06\/355317259_658147366352257_2230253258534548458_n-1024x1024.jpg",1024,1024,true],"cvmm-small":["https:\/\/laredlarioja.com.ar\/sitio\/wp-content\/uploads\/2023\/06\/355317259_658147366352257_2230253258534548458_n-130x95.jpg",130,95,true],"morenews-large":["https:\/\/laredlarioja.com.ar\/sitio\/wp-content\/uploads\/2023\/06\/355317259_658147366352257_2230253258534548458_n-825x575.jpg",825,575,true],"morenews-medium":["https:\/\/laredlarioja.com.ar\/sitio\/wp-content\/uploads\/2023\/06\/355317259_658147366352257_2230253258534548458_n-590x410.jpg",590,410,true]},"author_info":{"display_name":"Anabella Soria","author_link":"https:\/\/laredlarioja.com.ar\/sitio\/author\/asoria\/"},"category_info":"<a href=\"https:\/\/laredlarioja.com.ar\/sitio\/categorias\/locales\/\" rel=\"category tag\">Locales<\/a>","tag_info":"Locales","comment_count":"0","blog_post_layout_featured_media_urls":{"thumbnail":["https:\/\/laredlarioja.com.ar\/sitio\/wp-content\/uploads\/2023\/06\/355317259_658147366352257_2230253258534548458_n-150x150.jpg",150,150,true],"full":["https:\/\/laredlarioja.com.ar\/sitio\/wp-content\/uploads\/2023\/06\/355317259_658147366352257_2230253258534548458_n.jpg",2048,1365,false]},"categories_names":{"94":{"name":"Locales","link":"https:\/\/laredlarioja.com.ar\/sitio\/categorias\/locales\/"}},"tags_names":[],"comments_number":"0","wpmagazine_modules_lite_featured_media_urls":{"thumbnail":["https:\/\/laredlarioja.com.ar\/sitio\/wp-content\/uploads\/2023\/06\/355317259_658147366352257_2230253258534548458_n-150x150.jpg",150,150,true],"cvmm-medium":["https:\/\/laredlarioja.com.ar\/sitio\/wp-content\/uploads\/2023\/06\/355317259_658147366352257_2230253258534548458_n-300x300.jpg",300,300,true],"cvmm-medium-plus":["https:\/\/laredlarioja.com.ar\/sitio\/wp-content\/uploads\/2023\/06\/355317259_658147366352257_2230253258534548458_n-305x207.jpg",305,207,true],"cvmm-portrait":["https:\/\/laredlarioja.com.ar\/sitio\/wp-content\/uploads\/2023\/06\/355317259_658147366352257_2230253258534548458_n-400x600.jpg",400,600,true],"cvmm-medium-square":["https:\/\/laredlarioja.com.ar\/sitio\/wp-content\/uploads\/2023\/06\/355317259_658147366352257_2230253258534548458_n-600x600.jpg",600,600,true],"cvmm-large":["https:\/\/laredlarioja.com.ar\/sitio\/wp-content\/uploads\/2023\/06\/355317259_658147366352257_2230253258534548458_n-1024x1024.jpg",1024,1024,true],"cvmm-small":["https:\/\/laredlarioja.com.ar\/sitio\/wp-content\/uploads\/2023\/06\/355317259_658147366352257_2230253258534548458_n-130x95.jpg",130,95,true],"full":["https:\/\/laredlarioja.com.ar\/sitio\/wp-content\/uploads\/2023\/06\/355317259_658147366352257_2230253258534548458_n.jpg",2048,1365,false]},"_links":{"self":[{"href":"https:\/\/laredlarioja.com.ar\/sitio\/wp-json\/wp\/v2\/posts\/49250","targetHints":{"allow":["GET"]}}],"collection":[{"href":"https:\/\/laredlarioja.com.ar\/sitio\/wp-json\/wp\/v2\/posts"}],"about":[{"href":"https:\/\/laredlarioja.com.ar\/sitio\/wp-json\/wp\/v2\/types\/post"}],"author":[{"embeddable":true,"href":"https:\/\/laredlarioja.com.ar\/sitio\/wp-json\/wp\/v2\/users\/7"}],"replies":[{"embeddable":true,"href":"https:\/\/laredlarioja.com.ar\/sitio\/wp-json\/wp\/v2\/comments?post=49250"}],"version-history":[{"count":1,"href":"https:\/\/laredlarioja.com.ar\/sitio\/wp-json\/wp\/v2\/posts\/49250\/revisions"}],"predecessor-version":[{"id":49251,"href":"https:\/\/laredlarioja.com.ar\/sitio\/wp-json\/wp\/v2\/posts\/49250\/revisions\/49251"}],"wp:featuredmedia":[{"embeddable":true,"href":"https:\/\/laredlarioja.com.ar\/sitio\/wp-json\/wp\/v2\/media\/32080"}],"wp:attachment":[{"href":"https:\/\/laredlarioja.com.ar\/sitio\/wp-json\/wp\/v2\/media?parent=49250"}],"wp:term":[{"taxonomy":"category","embeddable":true,"href":"https:\/\/laredlarioja.com.ar\/sitio\/wp-json\/wp\/v2\/categories?post=49250"},{"taxonomy":"post_tag","embeddable":true,"href":"https:\/\/laredlarioja.com.ar\/sitio\/wp-json\/wp\/v2\/tags?post=49250"}],"curies":[{"name":"wp","href":"https:\/\/api.w.org\/{rel}","templated":true}]}}