{"id":49492,"date":"2024-07-26T23:04:37","date_gmt":"2024-07-26T23:04:37","guid":{"rendered":"https:\/\/laredlarioja.com.ar\/sitio\/?p=49492"},"modified":"2024-07-26T23:20:08","modified_gmt":"2024-07-26T23:20:08","slug":"redes-de-transformacion-un-proyecto-que-busca-reflejar-el-rol-del-trabajador-social-hoy","status":"publish","type":"post","link":"https:\/\/laredlarioja.com.ar\/sitio\/redes-de-transformacion-un-proyecto-que-busca-reflejar-el-rol-del-trabajador-social-hoy\/","title":{"rendered":"\u00abRedes de Transformaci\u00f3n\u00bb, un proyecto que busca reflejar el rol del Trabajador Social hoy"},"content":{"rendered":"<p>Brisa Aguero presidenta del centro de estudiantes de la carrera de trabajo social (UnLar) brind\u00f3 detalles del proyecto que lleva adelante la carrera que tiene como fin conocer el trabajo del profesional en las instituciones de la provincia tanto p\u00fablicas como privadas.<\/p>\n<p>Las comunidades, merenderos que requieran de la intervenci\u00f3n de este proyecto pueden comunicarse a trav\u00e9s las redes sociales que es Transformaci\u00f3n estudiantil de Trabajo Social o al n\u00famero de tel\u00e9fono 3804243110.<\/p>\n<p>En declaraciones con La Red, la referente coment\u00f3 que dicho proyecto constaba de dos fases, la primera instancia que se viene trabajando que constaba de capacitaciones, talleres, charlas de las diferentes instituciones hacia estudiantes contando que hacia un trabajador social dentro de la instituci\u00f3n y tambi\u00e9n cual es la funci\u00f3n de cada instituci\u00f3n\u00bb.<\/p>\n<p>\u00abAhora estamos ingresando a lo que es la 2da fase que ser\u00eda insertarnos en la sociedad como un voluntariado Red de Transformaci\u00f3n, en donde podremos aplicar todo lo aprendido y conocer el campo profesional. Mientras aportamos al cambio a la sociedad. Llamamos a que las diferentes instituciones se sumen a nuestro proyecto\u00bb, agreg\u00f3.<\/p>\n<p>En tanto coment\u00f3 que \u00aba principio de a\u00f1o empezamos con un proyecto territorial y en la carrera de Trabajo Social nuestra pr\u00e1ctica es muy territorial y tiene mucho que ver con la realidad que nos compete. El proyecto Redes en Transformaci\u00f3n que se trabaja en dos instancias, la primera inici\u00f3 en el primer cuatrimestre con estudiantes de 1\u00b0 a 5\u00b0 a\u00f1o a conocer el rol del trabajador social en las diferentes instituciones. Hemos trabajado junto a la secretaria de la mujer, con discapacidad, en el servicio penitenciario\u00bb.<\/p>\n<p>\u00abEn este momento vamos a iniciar la segunda instancia donde vamos a salir con instancias de 1\u00b0 a 5\u00b0 a\u00f1o a los diferentes centros de integraci\u00f3n y protecci\u00f3n social. Vamos a llevar las herramientas que nosotros estudiamos para conocer la realidad y entender c\u00f3mo un estudiante y un futuro licenciado en Trabajo Social se desempe\u00f1a en el rol profesional\u00bb, sum\u00f3.<\/p>\n<p>Asimismo coment\u00f3 que \u201csalir al territorio y conocer la realidad social es el objetivo de este proyecto. Invitamos a la comunidad a sumarse, si hay alg\u00fan merendero que necesite de nuestra intervenci\u00f3n para trabajar con las infancias, adultos mayores o personas con discapacidad que se comuniquen con nosotros y vamos a organizar y a planificar de acuerdo a sus necesidades\u201d.<\/p>\n","protected":false},"excerpt":{"rendered":"<p>Brisa Aguero presidenta del centro de estudiantes de la carrera de trabajo social (UnLar) brind\u00f3 detalles del proyecto<\/p>\n","protected":false},"author":7,"featured_media":49494,"comment_status":"closed","ping_status":"open","sticky":false,"template":"","format":"standard","meta":{"footnotes":""},"categories":[94,1],"tags":[],"class_list":["post-49492","post","type-post","status-publish","format-standard","has-post-thumbnail","hentry","category-locales","category-sin-categoria"],"yoast_head":"<!-- This site is optimized with the Yoast SEO plugin v27.4 - https:\/\/yoast.com\/product\/yoast-seo-wordpress\/ -->\n<title>&quot;Redes de Transformaci\u00f3n&quot;, un proyecto que busca reflejar el rol del Trabajador Social hoy - LA RED 88.3 LA RIOJA<\/title>\n<meta name=\"robots\" content=\"index, follow, max-snippet:-1, max-image-preview:large, max-video-preview:-1\" \/>\n<link rel=\"canonical\" href=\"https:\/\/laredlarioja.com.ar\/sitio\/redes-de-transformacion-un-proyecto-que-busca-reflejar-el-rol-del-trabajador-social-hoy\/\" \/>\n<meta property=\"og:locale\" content=\"es_ES\" \/>\n<meta property=\"og:type\" content=\"article\" \/>\n<meta property=\"og:title\" content=\"&quot;Redes de Transformaci\u00f3n&quot;, un proyecto que busca reflejar el rol del Trabajador Social hoy - LA RED 88.3 LA RIOJA\" \/>\n<meta property=\"og:description\" content=\"Brisa Aguero presidenta del centro de estudiantes de la carrera de trabajo social (UnLar) brind\u00f3 detalles del proyecto\" \/>\n<meta property=\"og:url\" content=\"https:\/\/laredlarioja.com.ar\/sitio\/redes-de-transformacion-un-proyecto-que-busca-reflejar-el-rol-del-trabajador-social-hoy\/\" \/>\n<meta property=\"og:site_name\" content=\"LA RED 88.3 LA RIOJA\" \/>\n<meta property=\"article:publisher\" content=\"https:\/\/www.facebook.com\/lared.larioja\" \/>\n<meta property=\"article:published_time\" content=\"2024-07-26T23:04:37+00:00\" \/>\n<meta property=\"article:modified_time\" content=\"2024-07-26T23:20:08+00:00\" \/>\n<meta property=\"og:image\" content=\"https:\/\/laredlarioja.com.ar\/sitio\/wp-content\/uploads\/2024\/07\/slider2-1024x640-1.jpg\" \/>\n\t<meta property=\"og:image:width\" content=\"1024\" \/>\n\t<meta property=\"og:image:height\" content=\"640\" \/>\n\t<meta property=\"og:image:type\" content=\"image\/jpeg\" \/>\n<meta name=\"author\" content=\"Anabella Soria\" \/>\n<meta name=\"twitter:card\" content=\"summary_large_image\" \/>\n<meta name=\"twitter:creator\" content=\"@laredlarioja1\" \/>\n<meta name=\"twitter:site\" content=\"@laredlarioja1\" \/>\n<meta name=\"twitter:label1\" content=\"Escrito por\" \/>\n\t<meta name=\"twitter:data1\" content=\"Anabella Soria\" \/>\n\t<meta name=\"twitter:label2\" content=\"Tiempo de lectura\" \/>\n\t<meta name=\"twitter:data2\" content=\"2 minutos\" \/>\n<script type=\"application\/ld+json\" class=\"yoast-schema-graph\">{\"@context\":\"https:\\\/\\\/schema.org\",\"@graph\":[{\"@type\":\"Article\",\"@id\":\"https:\\\/\\\/laredlarioja.com.ar\\\/sitio\\\/redes-de-transformacion-un-proyecto-que-busca-reflejar-el-rol-del-trabajador-social-hoy\\\/#article\",\"isPartOf\":{\"@id\":\"https:\\\/\\\/laredlarioja.com.ar\\\/sitio\\\/redes-de-transformacion-un-proyecto-que-busca-reflejar-el-rol-del-trabajador-social-hoy\\\/\"},\"author\":{\"name\":\"Anabella Soria\",\"@id\":\"https:\\\/\\\/laredlarioja.com.ar\\\/sitio\\\/#\\\/schema\\\/person\\\/31f88059d20c5cf06e974fd895aec56e\"},\"headline\":\"\u00abRedes de Transformaci\u00f3n\u00bb, un proyecto que busca reflejar el rol del Trabajador Social hoy\",\"datePublished\":\"2024-07-26T23:04:37+00:00\",\"dateModified\":\"2024-07-26T23:20:08+00:00\",\"mainEntityOfPage\":{\"@id\":\"https:\\\/\\\/laredlarioja.com.ar\\\/sitio\\\/redes-de-transformacion-un-proyecto-que-busca-reflejar-el-rol-del-trabajador-social-hoy\\\/\"},\"wordCount\":419,\"publisher\":{\"@id\":\"https:\\\/\\\/laredlarioja.com.ar\\\/sitio\\\/#organization\"},\"image\":{\"@id\":\"https:\\\/\\\/laredlarioja.com.ar\\\/sitio\\\/redes-de-transformacion-un-proyecto-que-busca-reflejar-el-rol-del-trabajador-social-hoy\\\/#primaryimage\"},\"thumbnailUrl\":\"https:\\\/\\\/laredlarioja.com.ar\\\/sitio\\\/wp-content\\\/uploads\\\/2024\\\/07\\\/slider2-1024x640-1.jpg\",\"articleSection\":[\"Locales\"],\"inLanguage\":\"es\"},{\"@type\":\"WebPage\",\"@id\":\"https:\\\/\\\/laredlarioja.com.ar\\\/sitio\\\/redes-de-transformacion-un-proyecto-que-busca-reflejar-el-rol-del-trabajador-social-hoy\\\/\",\"url\":\"https:\\\/\\\/laredlarioja.com.ar\\\/sitio\\\/redes-de-transformacion-un-proyecto-que-busca-reflejar-el-rol-del-trabajador-social-hoy\\\/\",\"name\":\"\\\"Redes de Transformaci\u00f3n\\\", un proyecto que busca reflejar el rol del Trabajador Social hoy - LA RED 88.3 LA RIOJA\",\"isPartOf\":{\"@id\":\"https:\\\/\\\/laredlarioja.com.ar\\\/sitio\\\/#website\"},\"primaryImageOfPage\":{\"@id\":\"https:\\\/\\\/laredlarioja.com.ar\\\/sitio\\\/redes-de-transformacion-un-proyecto-que-busca-reflejar-el-rol-del-trabajador-social-hoy\\\/#primaryimage\"},\"image\":{\"@id\":\"https:\\\/\\\/laredlarioja.com.ar\\\/sitio\\\/redes-de-transformacion-un-proyecto-que-busca-reflejar-el-rol-del-trabajador-social-hoy\\\/#primaryimage\"},\"thumbnailUrl\":\"https:\\\/\\\/laredlarioja.com.ar\\\/sitio\\\/wp-content\\\/uploads\\\/2024\\\/07\\\/slider2-1024x640-1.jpg\",\"datePublished\":\"2024-07-26T23:04:37+00:00\",\"dateModified\":\"2024-07-26T23:20:08+00:00\",\"breadcrumb\":{\"@id\":\"https:\\\/\\\/laredlarioja.com.ar\\\/sitio\\\/redes-de-transformacion-un-proyecto-que-busca-reflejar-el-rol-del-trabajador-social-hoy\\\/#breadcrumb\"},\"inLanguage\":\"es\",\"potentialAction\":[{\"@type\":\"ReadAction\",\"target\":[\"https:\\\/\\\/laredlarioja.com.ar\\\/sitio\\\/redes-de-transformacion-un-proyecto-que-busca-reflejar-el-rol-del-trabajador-social-hoy\\\/\"]}]},{\"@type\":\"ImageObject\",\"inLanguage\":\"es\",\"@id\":\"https:\\\/\\\/laredlarioja.com.ar\\\/sitio\\\/redes-de-transformacion-un-proyecto-que-busca-reflejar-el-rol-del-trabajador-social-hoy\\\/#primaryimage\",\"url\":\"https:\\\/\\\/laredlarioja.com.ar\\\/sitio\\\/wp-content\\\/uploads\\\/2024\\\/07\\\/slider2-1024x640-1.jpg\",\"contentUrl\":\"https:\\\/\\\/laredlarioja.com.ar\\\/sitio\\\/wp-content\\\/uploads\\\/2024\\\/07\\\/slider2-1024x640-1.jpg\",\"width\":1024,\"height\":640},{\"@type\":\"BreadcrumbList\",\"@id\":\"https:\\\/\\\/laredlarioja.com.ar\\\/sitio\\\/redes-de-transformacion-un-proyecto-que-busca-reflejar-el-rol-del-trabajador-social-hoy\\\/#breadcrumb\",\"itemListElement\":[{\"@type\":\"ListItem\",\"position\":1,\"name\":\"Portada\",\"item\":\"https:\\\/\\\/laredlarioja.com.ar\\\/sitio\\\/\"},{\"@type\":\"ListItem\",\"position\":2,\"name\":\"&#8220;Redes de Transformaci\u00f3n&#8221;, un proyecto que busca reflejar el rol del Trabajador Social hoy\"}]},{\"@type\":\"WebSite\",\"@id\":\"https:\\\/\\\/laredlarioja.com.ar\\\/sitio\\\/#website\",\"url\":\"https:\\\/\\\/laredlarioja.com.ar\\\/sitio\\\/\",\"name\":\"LA RED 88.3 LA RIOJA\",\"description\":\"Sitio de Noticias\",\"publisher\":{\"@id\":\"https:\\\/\\\/laredlarioja.com.ar\\\/sitio\\\/#organization\"},\"potentialAction\":[{\"@type\":\"SearchAction\",\"target\":{\"@type\":\"EntryPoint\",\"urlTemplate\":\"https:\\\/\\\/laredlarioja.com.ar\\\/sitio\\\/?s={search_term_string}\"},\"query-input\":{\"@type\":\"PropertyValueSpecification\",\"valueRequired\":true,\"valueName\":\"search_term_string\"}}],\"inLanguage\":\"es\"},{\"@type\":\"Organization\",\"@id\":\"https:\\\/\\\/laredlarioja.com.ar\\\/sitio\\\/#organization\",\"name\":\"LA RED 88.3 LA RIOJA\",\"url\":\"https:\\\/\\\/laredlarioja.com.ar\\\/sitio\\\/\",\"logo\":{\"@type\":\"ImageObject\",\"inLanguage\":\"es\",\"@id\":\"https:\\\/\\\/laredlarioja.com.ar\\\/sitio\\\/#\\\/schema\\\/logo\\\/image\\\/\",\"url\":\"https:\\\/\\\/laredlarioja.com.ar\\\/sitio\\\/wp-content\\\/uploads\\\/2025\\\/05\\\/LOGO-LA-RED.png\",\"contentUrl\":\"https:\\\/\\\/laredlarioja.com.ar\\\/sitio\\\/wp-content\\\/uploads\\\/2025\\\/05\\\/LOGO-LA-RED.png\",\"width\":193,\"height\":340,\"caption\":\"LA RED 88.3 LA RIOJA\"},\"image\":{\"@id\":\"https:\\\/\\\/laredlarioja.com.ar\\\/sitio\\\/#\\\/schema\\\/logo\\\/image\\\/\"},\"sameAs\":[\"https:\\\/\\\/www.facebook.com\\\/lared.larioja\",\"https:\\\/\\\/x.com\\\/laredlarioja1\",\"https:\\\/\\\/www.instagram.com\\\/lared_larioja\\\/\"]},{\"@type\":\"Person\",\"@id\":\"https:\\\/\\\/laredlarioja.com.ar\\\/sitio\\\/#\\\/schema\\\/person\\\/31f88059d20c5cf06e974fd895aec56e\",\"name\":\"Anabella Soria\",\"url\":\"https:\\\/\\\/laredlarioja.com.ar\\\/sitio\\\/author\\\/asoria\\\/\"}]}<\/script>\n<!-- \/ Yoast SEO plugin. -->","yoast_head_json":{"title":"\"Redes de Transformaci\u00f3n\", un proyecto que busca reflejar el rol del Trabajador Social hoy - LA RED 88.3 LA RIOJA","robots":{"index":"index","follow":"follow","max-snippet":"max-snippet:-1","max-image-preview":"max-image-preview:large","max-video-preview":"max-video-preview:-1"},"canonical":"https:\/\/laredlarioja.com.ar\/sitio\/redes-de-transformacion-un-proyecto-que-busca-reflejar-el-rol-del-trabajador-social-hoy\/","og_locale":"es_ES","og_type":"article","og_title":"\"Redes de Transformaci\u00f3n\", un proyecto que busca reflejar el rol del Trabajador Social hoy - LA RED 88.3 LA RIOJA","og_description":"Brisa Aguero presidenta del centro de estudiantes de la carrera de trabajo social (UnLar) brind\u00f3 detalles del proyecto","og_url":"https:\/\/laredlarioja.com.ar\/sitio\/redes-de-transformacion-un-proyecto-que-busca-reflejar-el-rol-del-trabajador-social-hoy\/","og_site_name":"LA RED 88.3 LA RIOJA","article_publisher":"https:\/\/www.facebook.com\/lared.larioja","article_published_time":"2024-07-26T23:04:37+00:00","article_modified_time":"2024-07-26T23:20:08+00:00","og_image":[{"width":1024,"height":640,"url":"https:\/\/laredlarioja.com.ar\/sitio\/wp-content\/uploads\/2024\/07\/slider2-1024x640-1.jpg","type":"image\/jpeg"}],"author":"Anabella Soria","twitter_card":"summary_large_image","twitter_creator":"@laredlarioja1","twitter_site":"@laredlarioja1","twitter_misc":{"Escrito por":"Anabella Soria","Tiempo de lectura":"2 minutos"},"schema":{"@context":"https:\/\/schema.org","@graph":[{"@type":"Article","@id":"https:\/\/laredlarioja.com.ar\/sitio\/redes-de-transformacion-un-proyecto-que-busca-reflejar-el-rol-del-trabajador-social-hoy\/#article","isPartOf":{"@id":"https:\/\/laredlarioja.com.ar\/sitio\/redes-de-transformacion-un-proyecto-que-busca-reflejar-el-rol-del-trabajador-social-hoy\/"},"author":{"name":"Anabella Soria","@id":"https:\/\/laredlarioja.com.ar\/sitio\/#\/schema\/person\/31f88059d20c5cf06e974fd895aec56e"},"headline":"\u00abRedes de Transformaci\u00f3n\u00bb, un proyecto que busca reflejar el rol del Trabajador Social hoy","datePublished":"2024-07-26T23:04:37+00:00","dateModified":"2024-07-26T23:20:08+00:00","mainEntityOfPage":{"@id":"https:\/\/laredlarioja.com.ar\/sitio\/redes-de-transformacion-un-proyecto-que-busca-reflejar-el-rol-del-trabajador-social-hoy\/"},"wordCount":419,"publisher":{"@id":"https:\/\/laredlarioja.com.ar\/sitio\/#organization"},"image":{"@id":"https:\/\/laredlarioja.com.ar\/sitio\/redes-de-transformacion-un-proyecto-que-busca-reflejar-el-rol-del-trabajador-social-hoy\/#primaryimage"},"thumbnailUrl":"https:\/\/laredlarioja.com.ar\/sitio\/wp-content\/uploads\/2024\/07\/slider2-1024x640-1.jpg","articleSection":["Locales"],"inLanguage":"es"},{"@type":"WebPage","@id":"https:\/\/laredlarioja.com.ar\/sitio\/redes-de-transformacion-un-proyecto-que-busca-reflejar-el-rol-del-trabajador-social-hoy\/","url":"https:\/\/laredlarioja.com.ar\/sitio\/redes-de-transformacion-un-proyecto-que-busca-reflejar-el-rol-del-trabajador-social-hoy\/","name":"\"Redes de Transformaci\u00f3n\", un proyecto que busca reflejar el rol del Trabajador Social hoy - LA RED 88.3 LA RIOJA","isPartOf":{"@id":"https:\/\/laredlarioja.com.ar\/sitio\/#website"},"primaryImageOfPage":{"@id":"https:\/\/laredlarioja.com.ar\/sitio\/redes-de-transformacion-un-proyecto-que-busca-reflejar-el-rol-del-trabajador-social-hoy\/#primaryimage"},"image":{"@id":"https:\/\/laredlarioja.com.ar\/sitio\/redes-de-transformacion-un-proyecto-que-busca-reflejar-el-rol-del-trabajador-social-hoy\/#primaryimage"},"thumbnailUrl":"https:\/\/laredlarioja.com.ar\/sitio\/wp-content\/uploads\/2024\/07\/slider2-1024x640-1.jpg","datePublished":"2024-07-26T23:04:37+00:00","dateModified":"2024-07-26T23:20:08+00:00","breadcrumb":{"@id":"https:\/\/laredlarioja.com.ar\/sitio\/redes-de-transformacion-un-proyecto-que-busca-reflejar-el-rol-del-trabajador-social-hoy\/#breadcrumb"},"inLanguage":"es","potentialAction":[{"@type":"ReadAction","target":["https:\/\/laredlarioja.com.ar\/sitio\/redes-de-transformacion-un-proyecto-que-busca-reflejar-el-rol-del-trabajador-social-hoy\/"]}]},{"@type":"ImageObject","inLanguage":"es","@id":"https:\/\/laredlarioja.com.ar\/sitio\/redes-de-transformacion-un-proyecto-que-busca-reflejar-el-rol-del-trabajador-social-hoy\/#primaryimage","url":"https:\/\/laredlarioja.com.ar\/sitio\/wp-content\/uploads\/2024\/07\/slider2-1024x640-1.jpg","contentUrl":"https:\/\/laredlarioja.com.ar\/sitio\/wp-content\/uploads\/2024\/07\/slider2-1024x640-1.jpg","width":1024,"height":640},{"@type":"BreadcrumbList","@id":"https:\/\/laredlarioja.com.ar\/sitio\/redes-de-transformacion-un-proyecto-que-busca-reflejar-el-rol-del-trabajador-social-hoy\/#breadcrumb","itemListElement":[{"@type":"ListItem","position":1,"name":"Portada","item":"https:\/\/laredlarioja.com.ar\/sitio\/"},{"@type":"ListItem","position":2,"name":"&#8220;Redes de Transformaci\u00f3n&#8221;, un proyecto que busca reflejar el rol del Trabajador Social hoy"}]},{"@type":"WebSite","@id":"https:\/\/laredlarioja.com.ar\/sitio\/#website","url":"https:\/\/laredlarioja.com.ar\/sitio\/","name":"LA RED 88.3 LA RIOJA","description":"Sitio de Noticias","publisher":{"@id":"https:\/\/laredlarioja.com.ar\/sitio\/#organization"},"potentialAction":[{"@type":"SearchAction","target":{"@type":"EntryPoint","urlTemplate":"https:\/\/laredlarioja.com.ar\/sitio\/?s={search_term_string}"},"query-input":{"@type":"PropertyValueSpecification","valueRequired":true,"valueName":"search_term_string"}}],"inLanguage":"es"},{"@type":"Organization","@id":"https:\/\/laredlarioja.com.ar\/sitio\/#organization","name":"LA RED 88.3 LA RIOJA","url":"https:\/\/laredlarioja.com.ar\/sitio\/","logo":{"@type":"ImageObject","inLanguage":"es","@id":"https:\/\/laredlarioja.com.ar\/sitio\/#\/schema\/logo\/image\/","url":"https:\/\/laredlarioja.com.ar\/sitio\/wp-content\/uploads\/2025\/05\/LOGO-LA-RED.png","contentUrl":"https:\/\/laredlarioja.com.ar\/sitio\/wp-content\/uploads\/2025\/05\/LOGO-LA-RED.png","width":193,"height":340,"caption":"LA RED 88.3 LA RIOJA"},"image":{"@id":"https:\/\/laredlarioja.com.ar\/sitio\/#\/schema\/logo\/image\/"},"sameAs":["https:\/\/www.facebook.com\/lared.larioja","https:\/\/x.com\/laredlarioja1","https:\/\/www.instagram.com\/lared_larioja\/"]},{"@type":"Person","@id":"https:\/\/laredlarioja.com.ar\/sitio\/#\/schema\/person\/31f88059d20c5cf06e974fd895aec56e","name":"Anabella Soria","url":"https:\/\/laredlarioja.com.ar\/sitio\/author\/asoria\/"}]}},"featured_image_urls":{"full":["https:\/\/laredlarioja.com.ar\/sitio\/wp-content\/uploads\/2024\/07\/slider2-1024x640-1.jpg",1024,640,false],"thumbnail":["https:\/\/laredlarioja.com.ar\/sitio\/wp-content\/uploads\/2024\/07\/slider2-1024x640-1-150x150.jpg",150,150,true],"medium":["https:\/\/laredlarioja.com.ar\/sitio\/wp-content\/uploads\/2024\/07\/slider2-1024x640-1-300x188.jpg",300,188,true],"medium_large":["https:\/\/laredlarioja.com.ar\/sitio\/wp-content\/uploads\/2024\/07\/slider2-1024x640-1-768x480.jpg",640,400,true],"large":["https:\/\/laredlarioja.com.ar\/sitio\/wp-content\/uploads\/2024\/07\/slider2-1024x640-1.jpg",640,400,false],"1536x1536":["https:\/\/laredlarioja.com.ar\/sitio\/wp-content\/uploads\/2024\/07\/slider2-1024x640-1.jpg",1024,640,false],"2048x2048":["https:\/\/laredlarioja.com.ar\/sitio\/wp-content\/uploads\/2024\/07\/slider2-1024x640-1.jpg",1024,640,false],"cvmm-medium":["https:\/\/laredlarioja.com.ar\/sitio\/wp-content\/uploads\/2024\/07\/slider2-1024x640-1-300x300.jpg",300,300,true],"cvmm-medium-plus":["https:\/\/laredlarioja.com.ar\/sitio\/wp-content\/uploads\/2024\/07\/slider2-1024x640-1-305x207.jpg",305,207,true],"cvmm-portrait":["https:\/\/laredlarioja.com.ar\/sitio\/wp-content\/uploads\/2024\/07\/slider2-1024x640-1-400x600.jpg",400,600,true],"cvmm-medium-square":["https:\/\/laredlarioja.com.ar\/sitio\/wp-content\/uploads\/2024\/07\/slider2-1024x640-1-600x600.jpg",600,600,true],"cvmm-large":["https:\/\/laredlarioja.com.ar\/sitio\/wp-content\/uploads\/2024\/07\/slider2-1024x640-1.jpg",1024,640,false],"cvmm-small":["https:\/\/laredlarioja.com.ar\/sitio\/wp-content\/uploads\/2024\/07\/slider2-1024x640-1-130x95.jpg",130,95,true],"morenews-large":["https:\/\/laredlarioja.com.ar\/sitio\/wp-content\/uploads\/2024\/07\/slider2-1024x640-1-825x575.jpg",825,575,true],"morenews-medium":["https:\/\/laredlarioja.com.ar\/sitio\/wp-content\/uploads\/2024\/07\/slider2-1024x640-1-590x410.jpg",590,410,true]},"author_info":{"display_name":"Anabella Soria","author_link":"https:\/\/laredlarioja.com.ar\/sitio\/author\/asoria\/"},"category_info":"<a href=\"https:\/\/laredlarioja.com.ar\/sitio\/categorias\/locales\/\" rel=\"category tag\">Locales<\/a> <a href=\"https:\/\/laredlarioja.com.ar\/sitio\/categorias\/sin-categoria\/\" rel=\"category tag\">Sin categor\u00eda<\/a>","tag_info":"Sin categor\u00eda","comment_count":"0","blog_post_layout_featured_media_urls":{"thumbnail":["https:\/\/laredlarioja.com.ar\/sitio\/wp-content\/uploads\/2024\/07\/slider2-1024x640-1-150x150.jpg",150,150,true],"full":["https:\/\/laredlarioja.com.ar\/sitio\/wp-content\/uploads\/2024\/07\/slider2-1024x640-1.jpg",1024,640,false]},"categories_names":{"94":{"name":"Locales","link":"https:\/\/laredlarioja.com.ar\/sitio\/categorias\/locales\/"},"1":{"name":"Sin categor\u00eda","link":"https:\/\/laredlarioja.com.ar\/sitio\/categorias\/sin-categoria\/"}},"tags_names":[],"comments_number":"0","wpmagazine_modules_lite_featured_media_urls":{"thumbnail":["https:\/\/laredlarioja.com.ar\/sitio\/wp-content\/uploads\/2024\/07\/slider2-1024x640-1-150x150.jpg",150,150,true],"cvmm-medium":["https:\/\/laredlarioja.com.ar\/sitio\/wp-content\/uploads\/2024\/07\/slider2-1024x640-1-300x300.jpg",300,300,true],"cvmm-medium-plus":["https:\/\/laredlarioja.com.ar\/sitio\/wp-content\/uploads\/2024\/07\/slider2-1024x640-1-305x207.jpg",305,207,true],"cvmm-portrait":["https:\/\/laredlarioja.com.ar\/sitio\/wp-content\/uploads\/2024\/07\/slider2-1024x640-1-400x600.jpg",400,600,true],"cvmm-medium-square":["https:\/\/laredlarioja.com.ar\/sitio\/wp-content\/uploads\/2024\/07\/slider2-1024x640-1-600x600.jpg",600,600,true],"cvmm-large":["https:\/\/laredlarioja.com.ar\/sitio\/wp-content\/uploads\/2024\/07\/slider2-1024x640-1.jpg",1024,640,false],"cvmm-small":["https:\/\/laredlarioja.com.ar\/sitio\/wp-content\/uploads\/2024\/07\/slider2-1024x640-1-130x95.jpg",130,95,true],"full":["https:\/\/laredlarioja.com.ar\/sitio\/wp-content\/uploads\/2024\/07\/slider2-1024x640-1.jpg",1024,640,false]},"_links":{"self":[{"href":"https:\/\/laredlarioja.com.ar\/sitio\/wp-json\/wp\/v2\/posts\/49492","targetHints":{"allow":["GET"]}}],"collection":[{"href":"https:\/\/laredlarioja.com.ar\/sitio\/wp-json\/wp\/v2\/posts"}],"about":[{"href":"https:\/\/laredlarioja.com.ar\/sitio\/wp-json\/wp\/v2\/types\/post"}],"author":[{"embeddable":true,"href":"https:\/\/laredlarioja.com.ar\/sitio\/wp-json\/wp\/v2\/users\/7"}],"replies":[{"embeddable":true,"href":"https:\/\/laredlarioja.com.ar\/sitio\/wp-json\/wp\/v2\/comments?post=49492"}],"version-history":[{"count":1,"href":"https:\/\/laredlarioja.com.ar\/sitio\/wp-json\/wp\/v2\/posts\/49492\/revisions"}],"predecessor-version":[{"id":49495,"href":"https:\/\/laredlarioja.com.ar\/sitio\/wp-json\/wp\/v2\/posts\/49492\/revisions\/49495"}],"wp:featuredmedia":[{"embeddable":true,"href":"https:\/\/laredlarioja.com.ar\/sitio\/wp-json\/wp\/v2\/media\/49494"}],"wp:attachment":[{"href":"https:\/\/laredlarioja.com.ar\/sitio\/wp-json\/wp\/v2\/media?parent=49492"}],"wp:term":[{"taxonomy":"category","embeddable":true,"href":"https:\/\/laredlarioja.com.ar\/sitio\/wp-json\/wp\/v2\/categories?post=49492"},{"taxonomy":"post_tag","embeddable":true,"href":"https:\/\/laredlarioja.com.ar\/sitio\/wp-json\/wp\/v2\/tags?post=49492"}],"curies":[{"name":"wp","href":"https:\/\/api.w.org\/{rel}","templated":true}]}}