{"id":49818,"date":"2024-08-02T13:20:56","date_gmt":"2024-08-02T13:20:56","guid":{"rendered":"https:\/\/laredlarioja.com.ar\/sitio\/?p=49818"},"modified":"2024-08-04T14:34:19","modified_gmt":"2024-08-04T14:34:19","slug":"claudia-contreras-se-esta-analizando-un-aumento-para-septiembre-a-cobrar-en-octubre","status":"publish","type":"post","link":"https:\/\/laredlarioja.com.ar\/sitio\/claudia-contreras-se-esta-analizando-un-aumento-para-septiembre-a-cobrar-en-octubre\/","title":{"rendered":"Claudia Contreras: \u201cse est\u00e1 analizando un aumento para septiembre a cobrar en octubre\u201d"},"content":{"rendered":"<p>Tras una extensa reuni\u00f3n con el Ministro de Salud, <strong>Claudia Contreras,<\/strong> titular de APROSLAR, anunci\u00f3 que se est\u00e1 evaluando un nuevo aumento salarial para el personal de salud, el cual entrar\u00eda en vigencia en septiembre y se cobrar\u00eda en octubre. Este incremento incluir\u00eda tambi\u00e9n un ajuste en las guardias m\u00e9dicas, un tema central en las demandas del gremio.<\/p>\n<p>\u00abEl ministro nos dijo que ya habl\u00f3 con otros sectores del Gobierno y que se est\u00e1 analizando un aumento para septiembre, a cobrar en octubre, y ah\u00ed ir\u00eda el aumento de guardia\u00bb, coment\u00f3 Contreras en di\u00e1logo con <strong>La Red.<\/strong> Durante la reuni\u00f3n, que dur\u00f3 aproximadamente dos horas, se discutieron varios puntos claves. Contreras destac\u00f3 la coincidencia entre las preocupaciones del gremio y la agenda del Ministerio, especialmente en cuanto al incremento salarial, la mejora en las guardias y la necesidad de blanquear los salarios, evitando los montos fijos que, seg\u00fan ella, \u00abdeterioran la calidad del salario\u00bb.<\/p>\n<p>Respecto al BOCADE, Contreras detall\u00f3 que <strong>\u00abpara los trabajadores, solamente va a ir 50 mil pesos en chachos a cobrar a mediados de agosto hasta fin de mes\u00bb.<\/strong> Explic\u00f3 que este pago, similar a los antiguos tickets canasta, se distribuir\u00e1 en distintas reparticiones. Sin embargo, expres\u00f3 su descontento porque los trabajadores contratados no recibir\u00e1n este beneficio, calificando la situaci\u00f3n como \u00abinjusta\u00bb debido a que \u00abellos tienen las mismas obligaciones\u00bb que el personal permanente.<\/p>\n<p>La titular de APROSLAR tambi\u00e9n se refiri\u00f3 a la dif\u00edcil situaci\u00f3n que atraviesan los trabajadores del hospital Virgen Mar\u00eda de F\u00e1tima. \u00abNos parece muy doloroso lo que est\u00e1n viviendo, recordemos que el hospital estuvo en primera l\u00ednea frente a la pandemia. Los profesionales y trabajadores dieron lo mejor\u00bb, afirm\u00f3, subrayando la importancia de alcanzar un acuerdo que respete los derechos adquiridos.<\/p>\n<p>Finalmente, Contreras abord\u00f3 el preocupante fen\u00f3meno de la migraci\u00f3n de profesionales de la salud hacia otras provincias, atribuido a los bajos salarios. <strong>\u00abHasta diciembre de 2022, sab\u00edamos que eran 97 los m\u00e9dicos que se hab\u00edan ido de La Rioja.<\/strong> Los m\u00e9dicos y los especialistas se est\u00e1n yendo de la provincia tanto de la parte privada como la parte p\u00fablica\u00bb, explic\u00f3.<\/p>\n<p><span style=\"font-weight: 400;\">\u00a0\u00abUn m\u00e9dico con categor\u00eda A5 con 30 a\u00f1os de antig\u00fcedad cobra 620 mil pesos inclu\u00edda la quincena, sin guardias\u201d, dijo.\u00a0<\/span><\/p>\n<p>&nbsp;<\/p>\n","protected":false},"excerpt":{"rendered":"<p>Tras una extensa reuni\u00f3n con el Ministro de Salud, Claudia Contreras, titular de APROSLAR, anunci\u00f3 que se est\u00e1<\/p>\n","protected":false},"author":10,"featured_media":49819,"comment_status":"closed","ping_status":"open","sticky":false,"template":"","format":"standard","meta":{"footnotes":""},"categories":[94],"tags":[],"class_list":["post-49818","post","type-post","status-publish","format-standard","has-post-thumbnail","hentry","category-locales"],"yoast_head":"<!-- This site is optimized with the Yoast SEO plugin v27.4 - https:\/\/yoast.com\/product\/yoast-seo-wordpress\/ -->\n<title>Claudia Contreras: \u201cse est\u00e1 analizando un aumento para septiembre a cobrar en octubre\u201d - LA RED 88.3 LA RIOJA<\/title>\n<meta name=\"robots\" content=\"index, follow, max-snippet:-1, max-image-preview:large, max-video-preview:-1\" \/>\n<link rel=\"canonical\" href=\"https:\/\/laredlarioja.com.ar\/sitio\/claudia-contreras-se-esta-analizando-un-aumento-para-septiembre-a-cobrar-en-octubre\/\" \/>\n<meta property=\"og:locale\" content=\"es_ES\" \/>\n<meta property=\"og:type\" content=\"article\" \/>\n<meta property=\"og:title\" content=\"Claudia Contreras: \u201cse est\u00e1 analizando un aumento para septiembre a cobrar en octubre\u201d - LA RED 88.3 LA RIOJA\" \/>\n<meta property=\"og:description\" content=\"Tras una extensa reuni\u00f3n con el Ministro de Salud, Claudia Contreras, titular de APROSLAR, anunci\u00f3 que se est\u00e1\" \/>\n<meta property=\"og:url\" content=\"https:\/\/laredlarioja.com.ar\/sitio\/claudia-contreras-se-esta-analizando-un-aumento-para-septiembre-a-cobrar-en-octubre\/\" \/>\n<meta property=\"og:site_name\" content=\"LA RED 88.3 LA RIOJA\" \/>\n<meta property=\"article:publisher\" content=\"https:\/\/www.facebook.com\/lared.larioja\" \/>\n<meta property=\"article:published_time\" content=\"2024-08-02T13:20:56+00:00\" \/>\n<meta property=\"article:modified_time\" content=\"2024-08-04T14:34:19+00:00\" \/>\n<meta property=\"og:image\" content=\"https:\/\/laredlarioja.com.ar\/sitio\/wp-content\/uploads\/2024\/08\/277290_1716385957.jpg\" \/>\n\t<meta property=\"og:image:width\" content=\"1600\" \/>\n\t<meta property=\"og:image:height\" content=\"1200\" \/>\n\t<meta property=\"og:image:type\" content=\"image\/jpeg\" \/>\n<meta name=\"author\" content=\"La Red\" \/>\n<meta name=\"twitter:card\" content=\"summary_large_image\" \/>\n<meta name=\"twitter:creator\" content=\"@laredlarioja1\" \/>\n<meta name=\"twitter:site\" content=\"@laredlarioja1\" \/>\n<meta name=\"twitter:label1\" content=\"Escrito por\" \/>\n\t<meta name=\"twitter:data1\" content=\"La Red\" \/>\n\t<meta name=\"twitter:label2\" content=\"Tiempo de lectura\" \/>\n\t<meta name=\"twitter:data2\" content=\"2 minutos\" \/>\n<script type=\"application\/ld+json\" class=\"yoast-schema-graph\">{\"@context\":\"https:\\\/\\\/schema.org\",\"@graph\":[{\"@type\":\"Article\",\"@id\":\"https:\\\/\\\/laredlarioja.com.ar\\\/sitio\\\/claudia-contreras-se-esta-analizando-un-aumento-para-septiembre-a-cobrar-en-octubre\\\/#article\",\"isPartOf\":{\"@id\":\"https:\\\/\\\/laredlarioja.com.ar\\\/sitio\\\/claudia-contreras-se-esta-analizando-un-aumento-para-septiembre-a-cobrar-en-octubre\\\/\"},\"author\":{\"name\":\"La Red\",\"@id\":\"https:\\\/\\\/laredlarioja.com.ar\\\/sitio\\\/#\\\/schema\\\/person\\\/f1e213867beccedaaa4fb548d9259d9a\"},\"headline\":\"Claudia Contreras: \u201cse est\u00e1 analizando un aumento para septiembre a cobrar en octubre\u201d\",\"datePublished\":\"2024-08-02T13:20:56+00:00\",\"dateModified\":\"2024-08-04T14:34:19+00:00\",\"mainEntityOfPage\":{\"@id\":\"https:\\\/\\\/laredlarioja.com.ar\\\/sitio\\\/claudia-contreras-se-esta-analizando-un-aumento-para-septiembre-a-cobrar-en-octubre\\\/\"},\"wordCount\":409,\"publisher\":{\"@id\":\"https:\\\/\\\/laredlarioja.com.ar\\\/sitio\\\/#organization\"},\"image\":{\"@id\":\"https:\\\/\\\/laredlarioja.com.ar\\\/sitio\\\/claudia-contreras-se-esta-analizando-un-aumento-para-septiembre-a-cobrar-en-octubre\\\/#primaryimage\"},\"thumbnailUrl\":\"https:\\\/\\\/laredlarioja.com.ar\\\/sitio\\\/wp-content\\\/uploads\\\/2024\\\/08\\\/277290_1716385957.jpg\",\"articleSection\":[\"Locales\"],\"inLanguage\":\"es\"},{\"@type\":\"WebPage\",\"@id\":\"https:\\\/\\\/laredlarioja.com.ar\\\/sitio\\\/claudia-contreras-se-esta-analizando-un-aumento-para-septiembre-a-cobrar-en-octubre\\\/\",\"url\":\"https:\\\/\\\/laredlarioja.com.ar\\\/sitio\\\/claudia-contreras-se-esta-analizando-un-aumento-para-septiembre-a-cobrar-en-octubre\\\/\",\"name\":\"Claudia Contreras: \u201cse est\u00e1 analizando un aumento para septiembre a cobrar en octubre\u201d - LA RED 88.3 LA RIOJA\",\"isPartOf\":{\"@id\":\"https:\\\/\\\/laredlarioja.com.ar\\\/sitio\\\/#website\"},\"primaryImageOfPage\":{\"@id\":\"https:\\\/\\\/laredlarioja.com.ar\\\/sitio\\\/claudia-contreras-se-esta-analizando-un-aumento-para-septiembre-a-cobrar-en-octubre\\\/#primaryimage\"},\"image\":{\"@id\":\"https:\\\/\\\/laredlarioja.com.ar\\\/sitio\\\/claudia-contreras-se-esta-analizando-un-aumento-para-septiembre-a-cobrar-en-octubre\\\/#primaryimage\"},\"thumbnailUrl\":\"https:\\\/\\\/laredlarioja.com.ar\\\/sitio\\\/wp-content\\\/uploads\\\/2024\\\/08\\\/277290_1716385957.jpg\",\"datePublished\":\"2024-08-02T13:20:56+00:00\",\"dateModified\":\"2024-08-04T14:34:19+00:00\",\"breadcrumb\":{\"@id\":\"https:\\\/\\\/laredlarioja.com.ar\\\/sitio\\\/claudia-contreras-se-esta-analizando-un-aumento-para-septiembre-a-cobrar-en-octubre\\\/#breadcrumb\"},\"inLanguage\":\"es\",\"potentialAction\":[{\"@type\":\"ReadAction\",\"target\":[\"https:\\\/\\\/laredlarioja.com.ar\\\/sitio\\\/claudia-contreras-se-esta-analizando-un-aumento-para-septiembre-a-cobrar-en-octubre\\\/\"]}]},{\"@type\":\"ImageObject\",\"inLanguage\":\"es\",\"@id\":\"https:\\\/\\\/laredlarioja.com.ar\\\/sitio\\\/claudia-contreras-se-esta-analizando-un-aumento-para-septiembre-a-cobrar-en-octubre\\\/#primaryimage\",\"url\":\"https:\\\/\\\/laredlarioja.com.ar\\\/sitio\\\/wp-content\\\/uploads\\\/2024\\\/08\\\/277290_1716385957.jpg\",\"contentUrl\":\"https:\\\/\\\/laredlarioja.com.ar\\\/sitio\\\/wp-content\\\/uploads\\\/2024\\\/08\\\/277290_1716385957.jpg\",\"width\":1600,\"height\":1200},{\"@type\":\"BreadcrumbList\",\"@id\":\"https:\\\/\\\/laredlarioja.com.ar\\\/sitio\\\/claudia-contreras-se-esta-analizando-un-aumento-para-septiembre-a-cobrar-en-octubre\\\/#breadcrumb\",\"itemListElement\":[{\"@type\":\"ListItem\",\"position\":1,\"name\":\"Portada\",\"item\":\"https:\\\/\\\/laredlarioja.com.ar\\\/sitio\\\/\"},{\"@type\":\"ListItem\",\"position\":2,\"name\":\"Claudia Contreras: \u201cse est\u00e1 analizando un aumento para septiembre a cobrar en octubre\u201d\"}]},{\"@type\":\"WebSite\",\"@id\":\"https:\\\/\\\/laredlarioja.com.ar\\\/sitio\\\/#website\",\"url\":\"https:\\\/\\\/laredlarioja.com.ar\\\/sitio\\\/\",\"name\":\"LA RED 88.3 LA RIOJA\",\"description\":\"Sitio de Noticias\",\"publisher\":{\"@id\":\"https:\\\/\\\/laredlarioja.com.ar\\\/sitio\\\/#organization\"},\"potentialAction\":[{\"@type\":\"SearchAction\",\"target\":{\"@type\":\"EntryPoint\",\"urlTemplate\":\"https:\\\/\\\/laredlarioja.com.ar\\\/sitio\\\/?s={search_term_string}\"},\"query-input\":{\"@type\":\"PropertyValueSpecification\",\"valueRequired\":true,\"valueName\":\"search_term_string\"}}],\"inLanguage\":\"es\"},{\"@type\":\"Organization\",\"@id\":\"https:\\\/\\\/laredlarioja.com.ar\\\/sitio\\\/#organization\",\"name\":\"LA RED 88.3 LA RIOJA\",\"url\":\"https:\\\/\\\/laredlarioja.com.ar\\\/sitio\\\/\",\"logo\":{\"@type\":\"ImageObject\",\"inLanguage\":\"es\",\"@id\":\"https:\\\/\\\/laredlarioja.com.ar\\\/sitio\\\/#\\\/schema\\\/logo\\\/image\\\/\",\"url\":\"https:\\\/\\\/laredlarioja.com.ar\\\/sitio\\\/wp-content\\\/uploads\\\/2025\\\/05\\\/LOGO-LA-RED.png\",\"contentUrl\":\"https:\\\/\\\/laredlarioja.com.ar\\\/sitio\\\/wp-content\\\/uploads\\\/2025\\\/05\\\/LOGO-LA-RED.png\",\"width\":193,\"height\":340,\"caption\":\"LA RED 88.3 LA RIOJA\"},\"image\":{\"@id\":\"https:\\\/\\\/laredlarioja.com.ar\\\/sitio\\\/#\\\/schema\\\/logo\\\/image\\\/\"},\"sameAs\":[\"https:\\\/\\\/www.facebook.com\\\/lared.larioja\",\"https:\\\/\\\/x.com\\\/laredlarioja1\",\"https:\\\/\\\/www.instagram.com\\\/lared_larioja\\\/\"]},{\"@type\":\"Person\",\"@id\":\"https:\\\/\\\/laredlarioja.com.ar\\\/sitio\\\/#\\\/schema\\\/person\\\/f1e213867beccedaaa4fb548d9259d9a\",\"name\":\"La Red\",\"url\":\"https:\\\/\\\/laredlarioja.com.ar\\\/sitio\\\/author\\\/lared\\\/\"}]}<\/script>\n<!-- \/ Yoast SEO plugin. -->","yoast_head_json":{"title":"Claudia Contreras: \u201cse est\u00e1 analizando un aumento para septiembre a cobrar en octubre\u201d - LA RED 88.3 LA RIOJA","robots":{"index":"index","follow":"follow","max-snippet":"max-snippet:-1","max-image-preview":"max-image-preview:large","max-video-preview":"max-video-preview:-1"},"canonical":"https:\/\/laredlarioja.com.ar\/sitio\/claudia-contreras-se-esta-analizando-un-aumento-para-septiembre-a-cobrar-en-octubre\/","og_locale":"es_ES","og_type":"article","og_title":"Claudia Contreras: \u201cse est\u00e1 analizando un aumento para septiembre a cobrar en octubre\u201d - LA RED 88.3 LA RIOJA","og_description":"Tras una extensa reuni\u00f3n con el Ministro de Salud, Claudia Contreras, titular de APROSLAR, anunci\u00f3 que se est\u00e1","og_url":"https:\/\/laredlarioja.com.ar\/sitio\/claudia-contreras-se-esta-analizando-un-aumento-para-septiembre-a-cobrar-en-octubre\/","og_site_name":"LA RED 88.3 LA RIOJA","article_publisher":"https:\/\/www.facebook.com\/lared.larioja","article_published_time":"2024-08-02T13:20:56+00:00","article_modified_time":"2024-08-04T14:34:19+00:00","og_image":[{"width":1600,"height":1200,"url":"https:\/\/laredlarioja.com.ar\/sitio\/wp-content\/uploads\/2024\/08\/277290_1716385957.jpg","type":"image\/jpeg"}],"author":"La Red","twitter_card":"summary_large_image","twitter_creator":"@laredlarioja1","twitter_site":"@laredlarioja1","twitter_misc":{"Escrito por":"La Red","Tiempo de lectura":"2 minutos"},"schema":{"@context":"https:\/\/schema.org","@graph":[{"@type":"Article","@id":"https:\/\/laredlarioja.com.ar\/sitio\/claudia-contreras-se-esta-analizando-un-aumento-para-septiembre-a-cobrar-en-octubre\/#article","isPartOf":{"@id":"https:\/\/laredlarioja.com.ar\/sitio\/claudia-contreras-se-esta-analizando-un-aumento-para-septiembre-a-cobrar-en-octubre\/"},"author":{"name":"La Red","@id":"https:\/\/laredlarioja.com.ar\/sitio\/#\/schema\/person\/f1e213867beccedaaa4fb548d9259d9a"},"headline":"Claudia Contreras: \u201cse est\u00e1 analizando un aumento para septiembre a cobrar en octubre\u201d","datePublished":"2024-08-02T13:20:56+00:00","dateModified":"2024-08-04T14:34:19+00:00","mainEntityOfPage":{"@id":"https:\/\/laredlarioja.com.ar\/sitio\/claudia-contreras-se-esta-analizando-un-aumento-para-septiembre-a-cobrar-en-octubre\/"},"wordCount":409,"publisher":{"@id":"https:\/\/laredlarioja.com.ar\/sitio\/#organization"},"image":{"@id":"https:\/\/laredlarioja.com.ar\/sitio\/claudia-contreras-se-esta-analizando-un-aumento-para-septiembre-a-cobrar-en-octubre\/#primaryimage"},"thumbnailUrl":"https:\/\/laredlarioja.com.ar\/sitio\/wp-content\/uploads\/2024\/08\/277290_1716385957.jpg","articleSection":["Locales"],"inLanguage":"es"},{"@type":"WebPage","@id":"https:\/\/laredlarioja.com.ar\/sitio\/claudia-contreras-se-esta-analizando-un-aumento-para-septiembre-a-cobrar-en-octubre\/","url":"https:\/\/laredlarioja.com.ar\/sitio\/claudia-contreras-se-esta-analizando-un-aumento-para-septiembre-a-cobrar-en-octubre\/","name":"Claudia Contreras: \u201cse est\u00e1 analizando un aumento para septiembre a cobrar en octubre\u201d - LA RED 88.3 LA RIOJA","isPartOf":{"@id":"https:\/\/laredlarioja.com.ar\/sitio\/#website"},"primaryImageOfPage":{"@id":"https:\/\/laredlarioja.com.ar\/sitio\/claudia-contreras-se-esta-analizando-un-aumento-para-septiembre-a-cobrar-en-octubre\/#primaryimage"},"image":{"@id":"https:\/\/laredlarioja.com.ar\/sitio\/claudia-contreras-se-esta-analizando-un-aumento-para-septiembre-a-cobrar-en-octubre\/#primaryimage"},"thumbnailUrl":"https:\/\/laredlarioja.com.ar\/sitio\/wp-content\/uploads\/2024\/08\/277290_1716385957.jpg","datePublished":"2024-08-02T13:20:56+00:00","dateModified":"2024-08-04T14:34:19+00:00","breadcrumb":{"@id":"https:\/\/laredlarioja.com.ar\/sitio\/claudia-contreras-se-esta-analizando-un-aumento-para-septiembre-a-cobrar-en-octubre\/#breadcrumb"},"inLanguage":"es","potentialAction":[{"@type":"ReadAction","target":["https:\/\/laredlarioja.com.ar\/sitio\/claudia-contreras-se-esta-analizando-un-aumento-para-septiembre-a-cobrar-en-octubre\/"]}]},{"@type":"ImageObject","inLanguage":"es","@id":"https:\/\/laredlarioja.com.ar\/sitio\/claudia-contreras-se-esta-analizando-un-aumento-para-septiembre-a-cobrar-en-octubre\/#primaryimage","url":"https:\/\/laredlarioja.com.ar\/sitio\/wp-content\/uploads\/2024\/08\/277290_1716385957.jpg","contentUrl":"https:\/\/laredlarioja.com.ar\/sitio\/wp-content\/uploads\/2024\/08\/277290_1716385957.jpg","width":1600,"height":1200},{"@type":"BreadcrumbList","@id":"https:\/\/laredlarioja.com.ar\/sitio\/claudia-contreras-se-esta-analizando-un-aumento-para-septiembre-a-cobrar-en-octubre\/#breadcrumb","itemListElement":[{"@type":"ListItem","position":1,"name":"Portada","item":"https:\/\/laredlarioja.com.ar\/sitio\/"},{"@type":"ListItem","position":2,"name":"Claudia Contreras: \u201cse est\u00e1 analizando un aumento para septiembre a cobrar en octubre\u201d"}]},{"@type":"WebSite","@id":"https:\/\/laredlarioja.com.ar\/sitio\/#website","url":"https:\/\/laredlarioja.com.ar\/sitio\/","name":"LA RED 88.3 LA RIOJA","description":"Sitio de Noticias","publisher":{"@id":"https:\/\/laredlarioja.com.ar\/sitio\/#organization"},"potentialAction":[{"@type":"SearchAction","target":{"@type":"EntryPoint","urlTemplate":"https:\/\/laredlarioja.com.ar\/sitio\/?s={search_term_string}"},"query-input":{"@type":"PropertyValueSpecification","valueRequired":true,"valueName":"search_term_string"}}],"inLanguage":"es"},{"@type":"Organization","@id":"https:\/\/laredlarioja.com.ar\/sitio\/#organization","name":"LA RED 88.3 LA RIOJA","url":"https:\/\/laredlarioja.com.ar\/sitio\/","logo":{"@type":"ImageObject","inLanguage":"es","@id":"https:\/\/laredlarioja.com.ar\/sitio\/#\/schema\/logo\/image\/","url":"https:\/\/laredlarioja.com.ar\/sitio\/wp-content\/uploads\/2025\/05\/LOGO-LA-RED.png","contentUrl":"https:\/\/laredlarioja.com.ar\/sitio\/wp-content\/uploads\/2025\/05\/LOGO-LA-RED.png","width":193,"height":340,"caption":"LA RED 88.3 LA RIOJA"},"image":{"@id":"https:\/\/laredlarioja.com.ar\/sitio\/#\/schema\/logo\/image\/"},"sameAs":["https:\/\/www.facebook.com\/lared.larioja","https:\/\/x.com\/laredlarioja1","https:\/\/www.instagram.com\/lared_larioja\/"]},{"@type":"Person","@id":"https:\/\/laredlarioja.com.ar\/sitio\/#\/schema\/person\/f1e213867beccedaaa4fb548d9259d9a","name":"La Red","url":"https:\/\/laredlarioja.com.ar\/sitio\/author\/lared\/"}]}},"featured_image_urls":{"full":["https:\/\/laredlarioja.com.ar\/sitio\/wp-content\/uploads\/2024\/08\/277290_1716385957.jpg",1600,1200,false],"thumbnail":["https:\/\/laredlarioja.com.ar\/sitio\/wp-content\/uploads\/2024\/08\/277290_1716385957-150x150.jpg",150,150,true],"medium":["https:\/\/laredlarioja.com.ar\/sitio\/wp-content\/uploads\/2024\/08\/277290_1716385957-300x225.jpg",300,225,true],"medium_large":["https:\/\/laredlarioja.com.ar\/sitio\/wp-content\/uploads\/2024\/08\/277290_1716385957-768x576.jpg",640,480,true],"large":["https:\/\/laredlarioja.com.ar\/sitio\/wp-content\/uploads\/2024\/08\/277290_1716385957-1024x768.jpg",640,480,true],"1536x1536":["https:\/\/laredlarioja.com.ar\/sitio\/wp-content\/uploads\/2024\/08\/277290_1716385957-1536x1152.jpg",1536,1152,true],"2048x2048":["https:\/\/laredlarioja.com.ar\/sitio\/wp-content\/uploads\/2024\/08\/277290_1716385957.jpg",1600,1200,false],"cvmm-medium":["https:\/\/laredlarioja.com.ar\/sitio\/wp-content\/uploads\/2024\/08\/277290_1716385957-300x300.jpg",300,300,true],"cvmm-medium-plus":["https:\/\/laredlarioja.com.ar\/sitio\/wp-content\/uploads\/2024\/08\/277290_1716385957-305x207.jpg",305,207,true],"cvmm-portrait":["https:\/\/laredlarioja.com.ar\/sitio\/wp-content\/uploads\/2024\/08\/277290_1716385957-400x600.jpg",400,600,true],"cvmm-medium-square":["https:\/\/laredlarioja.com.ar\/sitio\/wp-content\/uploads\/2024\/08\/277290_1716385957-600x600.jpg",600,600,true],"cvmm-large":["https:\/\/laredlarioja.com.ar\/sitio\/wp-content\/uploads\/2024\/08\/277290_1716385957-1024x1024.jpg",1024,1024,true],"cvmm-small":["https:\/\/laredlarioja.com.ar\/sitio\/wp-content\/uploads\/2024\/08\/277290_1716385957-130x95.jpg",130,95,true],"morenews-large":["https:\/\/laredlarioja.com.ar\/sitio\/wp-content\/uploads\/2024\/08\/277290_1716385957-825x575.jpg",825,575,true],"morenews-medium":["https:\/\/laredlarioja.com.ar\/sitio\/wp-content\/uploads\/2024\/08\/277290_1716385957-590x410.jpg",590,410,true]},"author_info":{"display_name":"La Red","author_link":"https:\/\/laredlarioja.com.ar\/sitio\/author\/lared\/"},"category_info":"<a href=\"https:\/\/laredlarioja.com.ar\/sitio\/categorias\/locales\/\" rel=\"category tag\">Locales<\/a>","tag_info":"Locales","comment_count":"0","blog_post_layout_featured_media_urls":{"thumbnail":["https:\/\/laredlarioja.com.ar\/sitio\/wp-content\/uploads\/2024\/08\/277290_1716385957-150x150.jpg",150,150,true],"full":["https:\/\/laredlarioja.com.ar\/sitio\/wp-content\/uploads\/2024\/08\/277290_1716385957.jpg",1600,1200,false]},"categories_names":{"94":{"name":"Locales","link":"https:\/\/laredlarioja.com.ar\/sitio\/categorias\/locales\/"}},"tags_names":[],"comments_number":"0","wpmagazine_modules_lite_featured_media_urls":{"thumbnail":["https:\/\/laredlarioja.com.ar\/sitio\/wp-content\/uploads\/2024\/08\/277290_1716385957-150x150.jpg",150,150,true],"cvmm-medium":["https:\/\/laredlarioja.com.ar\/sitio\/wp-content\/uploads\/2024\/08\/277290_1716385957-300x300.jpg",300,300,true],"cvmm-medium-plus":["https:\/\/laredlarioja.com.ar\/sitio\/wp-content\/uploads\/2024\/08\/277290_1716385957-305x207.jpg",305,207,true],"cvmm-portrait":["https:\/\/laredlarioja.com.ar\/sitio\/wp-content\/uploads\/2024\/08\/277290_1716385957-400x600.jpg",400,600,true],"cvmm-medium-square":["https:\/\/laredlarioja.com.ar\/sitio\/wp-content\/uploads\/2024\/08\/277290_1716385957-600x600.jpg",600,600,true],"cvmm-large":["https:\/\/laredlarioja.com.ar\/sitio\/wp-content\/uploads\/2024\/08\/277290_1716385957-1024x1024.jpg",1024,1024,true],"cvmm-small":["https:\/\/laredlarioja.com.ar\/sitio\/wp-content\/uploads\/2024\/08\/277290_1716385957-130x95.jpg",130,95,true],"full":["https:\/\/laredlarioja.com.ar\/sitio\/wp-content\/uploads\/2024\/08\/277290_1716385957.jpg",1600,1200,false]},"_links":{"self":[{"href":"https:\/\/laredlarioja.com.ar\/sitio\/wp-json\/wp\/v2\/posts\/49818","targetHints":{"allow":["GET"]}}],"collection":[{"href":"https:\/\/laredlarioja.com.ar\/sitio\/wp-json\/wp\/v2\/posts"}],"about":[{"href":"https:\/\/laredlarioja.com.ar\/sitio\/wp-json\/wp\/v2\/types\/post"}],"author":[{"embeddable":true,"href":"https:\/\/laredlarioja.com.ar\/sitio\/wp-json\/wp\/v2\/users\/10"}],"replies":[{"embeddable":true,"href":"https:\/\/laredlarioja.com.ar\/sitio\/wp-json\/wp\/v2\/comments?post=49818"}],"version-history":[{"count":1,"href":"https:\/\/laredlarioja.com.ar\/sitio\/wp-json\/wp\/v2\/posts\/49818\/revisions"}],"predecessor-version":[{"id":49820,"href":"https:\/\/laredlarioja.com.ar\/sitio\/wp-json\/wp\/v2\/posts\/49818\/revisions\/49820"}],"wp:featuredmedia":[{"embeddable":true,"href":"https:\/\/laredlarioja.com.ar\/sitio\/wp-json\/wp\/v2\/media\/49819"}],"wp:attachment":[{"href":"https:\/\/laredlarioja.com.ar\/sitio\/wp-json\/wp\/v2\/media?parent=49818"}],"wp:term":[{"taxonomy":"category","embeddable":true,"href":"https:\/\/laredlarioja.com.ar\/sitio\/wp-json\/wp\/v2\/categories?post=49818"},{"taxonomy":"post_tag","embeddable":true,"href":"https:\/\/laredlarioja.com.ar\/sitio\/wp-json\/wp\/v2\/tags?post=49818"}],"curies":[{"name":"wp","href":"https:\/\/api.w.org\/{rel}","templated":true}]}}