{"id":49825,"date":"2024-08-02T14:08:25","date_gmt":"2024-08-02T14:08:25","guid":{"rendered":"https:\/\/laredlarioja.com.ar\/sitio\/?p=49825"},"modified":"2024-08-02T14:10:25","modified_gmt":"2024-08-02T14:10:25","slug":"august-la-cancion-de-taylor-swift-sin-final-feliz-que-se-convirtio-en-la-favorita-del-publico","status":"publish","type":"post","link":"https:\/\/laredlarioja.com.ar\/sitio\/august-la-cancion-de-taylor-swift-sin-final-feliz-que-se-convirtio-en-la-favorita-del-publico\/","title":{"rendered":"August: la canci\u00f3n de Taylor Swift sin final feliz que se convirti\u00f3 en la favorita del p\u00fablico"},"content":{"rendered":"<p>Aire Salado y \u00f3xido en las puertas: agosto es el mes m\u00e1s esperado por las Swifties y se debe a los sentimientos que la cantante logra plasmar en August, la canci\u00f3n que habla de un amor que no lleg\u00f3 a ser.<\/p>\n<p><strong>En 2020, Taylor Swift sorprendi\u00f3 al mundo entero y marc\u00f3 un momento en la historia de la m\u00fasica contempor\u00e1nea al publicar inesperadamente &#8216;Folklore&#8217;, uno de sus \u00e1lbumes m\u00e1s queridos, en donde se atrevi\u00f3 a explorar los l\u00edmites de su narrativa y volver a sonidos introspectivos e \u00edntimos como en los primeros a\u00f1os de su carrera con g\u00e9neros como el\u00a0 indie folk y rock alternativo.<\/strong><\/p>\n<p>Este \u00e1lbum adentr\u00f3 a much\u00edsima gente a la cantante estadounidense porque quiz\u00e1s era lo que en ese momento m\u00e1s se necesitaba en la pandemia del 2020: un \u00e1lbum introspectivo, \u00edntimo que hable de la nostalgia y los recuerdos vividos pero sin sonar lo suficientemente triste y melanc\u00f3lico para deprimir. Sino m\u00e1s bien con melod\u00edas que prometen que todo va a estar bien. Es un \u00e1lbum que vuelve a los amores de la m\u00e1s preciada juventud, que puede satisfacer a todas las edades, ya sea a los mismos adolescentes que est\u00e1n transit\u00e1ndolos como tambi\u00e9n a los ya adultos, que recuerdan \u201clo que pudo ser\u201d.<\/p>\n<p>En redes sociales muchos fan\u00e1ticos hicieron la cuenta regresiva para esperar agosto y lanzar los ic\u00f3nicos primeros versos de la canci\u00f3n August en cuanta red social se les cruce. Hasta incluso rondaron muchos memes representativos de c\u00f3mo los Swifties se ponen al escuchar \u201cSalt air, and the rust on your door\u00bb<\/p>\n<p>August forma parte de la triada entre Betty y Cardigan, tres canciones que componen una sola historia entre un chico llamado James y sus dos enamoradas: Betty y Augustine. Estas canciones cuentan la historia de un tri\u00e1ngulo amoroso desde diferentes perspectivas, revelando las emociones y complicaciones de un romance adolescente.<\/p>\n<p><strong>La historia comienza con Betty, una canci\u00f3n narrada desde el punto de vista de James, en donde nos cuenta lo arrepentido que est\u00e1 de haberle sido infiel a Betty en una aventura de verano con otra chica y en la que se da cuenta de que sus verdaderos sentimientos son para Betty, su novia. La canci\u00f3n se sit\u00faa en el inicio del a\u00f1o escolar, cuando James busca el perd\u00f3n de Betty con frases como \u00abI&#8217;m only 17, I don&#8217;t know anythin&#8217; but I know I miss you\/Tengo solo 17 a\u00f1os, no s\u00e9 nada pero s\u00e9 que te extra\u00f1o\u201d.<\/strong><\/p>\n<p>En Cardigan se narra la perspectiva de Betty, quien con un tono nost\u00e1lgico y resiliente reflexiona sobre los buenos y malos momentos,\u00a0 y aunque reconoce el dolor que James le caus\u00f3, tambi\u00e9n reconoce el amor profundo que siente por \u00e9l. Con versos como \u201cYou drew stars around my scars but now I&#8217;m bleedin&#8217;\/Dibujaste estrellas alrededor de mis cicatrices Pero ahora estoy sangrando\u201d o \u201cTried to change the ending Peter losing Wendy,\/Intent\u00e9 cambiar el final, Peter perdiendo a Wendy\u201d es que la cantante nos pone en la piel de una desilusi\u00f3n amorosa, cuando tratas con todas tus fuerzas de imaginar otras posibilidades para cambiar esa dolorosa realidad en la que no fuiste amada lo suficiente.<\/p>\n<p>Al final de Betty se nos anticipa que James se present\u00f3 en la fiesta de Betty y en Cardigan que ella lo perdon\u00f3. Pero \u00bfqu\u00e9 pas\u00f3 con Augustine? La tercera en discordia que ni siquiera tiene un nombre en concreto y su identidad se basa en el mes en que James decidi\u00f3 estar con ella. Taylor Swift toma la brillante idea de por primera vez darle un lugar en la historia a aquellos personajes que son el tercero en discordia que interrumpen por un tiempo el amor de los protagonistas reales, para demostrar que sus historias son igual de relevantes y hacernos empatizar con ella, incluso m\u00e1s que con Betty o James. Porque todos en alg\u00fan momento estuvimos parados en el tiempo.<\/p>\n<p>August se convirti\u00f3 r\u00e1pidamente en la favorita de la gran mayor\u00eda, porque a veces en la vida toca ser m\u00e1s el tercero en discordia que el protagonista de un gran amor, porque muchas veces hemos cancelado planes en caso de que alguien nos llame. La canci\u00f3n captura la esencia de un amor fugaz de verano, marcado por la juventud, la pasi\u00f3n y la inevitable melancol\u00eda. La canci\u00f3n, narrada desde la perspectiva de una chica que recuerda un amor de verano con una mezcla de a\u00f1oranza y tristeza.<\/p>\n<p>Con frases como \u00abAugust slipped away into a moment in time\/Agosto se convirti\u00f3 en un momento en el tiempo\u201d y \u201cSo much for summer love and saying \u00abus\u00bb &#8216;Cause you weren&#8217;t mine to lose \/Mucho para un amor de verano y decir \u00abnosotros\u201d, porque no eras m\u00edo para perderte\u201d, Swift logra transmitir la transitoriedad y el dolor de un amor no correspondido. La producci\u00f3n, a cargo de Aaron Dessner de The National, envuelve las letras en una atm\u00f3sfera et\u00e9rea que potencia la sensaci\u00f3n de ensue\u00f1o y p\u00e9rdida.<\/p>\n<p>El \u00e9xito de \u00abaugust\u00bb radica no solo en su producci\u00f3n impecable y su l\u00edrica po\u00e9tica, sino tambi\u00e9n en la forma en que la cantautora logra capturar una experiencia universal: el anhelo por algo que nunca fue realmente nuestro. Es una canci\u00f3n que invita a los oyentes a sumergirse en sus propios recuerdos de amores perdidos y veranos que se desvanecen, haciendo de cada escucha una experiencia profundamente personal.<\/p>\n<p>En redes como X, Facebook, Instagram o Tik Tok, el p\u00fablico se mostr\u00f3 ansioso por recibir este mes y cantar las letras de August a todo pulm\u00f3n. Quiz\u00e1s Betty se qued\u00f3 finalmente con Jaime, pero Augustine logr\u00f3 tener un mes de festejo Swifties, en donde August se convierte en una de las canciones m\u00e1s escuchadas del mes de Agosto y sus letras resuenan en todas las plataformas cibern\u00e9ticas.<\/p>\n<p style=\"text-align: center;\"><a href=\"https:\/\/laredlarioja.com.ar\/sitio\/wp-content\/uploads\/2024\/08\/a61d7f74-b626-42ec-b648-08f95ea1e189.jpeg\"><img fetchpriority=\"high\" decoding=\"async\" class=\"alignnone wp-image-49826 size-full\" src=\"https:\/\/laredlarioja.com.ar\/sitio\/wp-content\/uploads\/2024\/08\/a61d7f74-b626-42ec-b648-08f95ea1e189.jpeg\" alt=\"\" width=\"524\" height=\"557\" srcset=\"https:\/\/laredlarioja.com.ar\/sitio\/wp-content\/uploads\/2024\/08\/a61d7f74-b626-42ec-b648-08f95ea1e189.jpeg 524w, https:\/\/laredlarioja.com.ar\/sitio\/wp-content\/uploads\/2024\/08\/a61d7f74-b626-42ec-b648-08f95ea1e189-282x300.jpeg 282w\" sizes=\"(max-width: 524px) 100vw, 524px\" \/><\/a><\/p>\n<p>&nbsp;<\/p>\n<p>&nbsp;<\/p>\n","protected":false},"excerpt":{"rendered":"<p>Aire Salado y \u00f3xido en las puertas: agosto es el mes m\u00e1s esperado por las Swifties y se<\/p>\n","protected":false},"author":10,"featured_media":49827,"comment_status":"closed","ping_status":"open","sticky":false,"template":"","format":"standard","meta":{"footnotes":""},"categories":[27],"tags":[],"class_list":["post-49825","post","type-post","status-publish","format-standard","has-post-thumbnail","hentry","category-cultura-y-espectaculos"],"yoast_head":"<!-- This site is optimized with the Yoast SEO plugin v27.4 - https:\/\/yoast.com\/product\/yoast-seo-wordpress\/ -->\n<title>August: la canci\u00f3n de Taylor Swift sin final feliz que se convirti\u00f3 en la favorita del p\u00fablico - LA RED 88.3 LA RIOJA<\/title>\n<meta name=\"robots\" content=\"index, follow, max-snippet:-1, max-image-preview:large, max-video-preview:-1\" \/>\n<link rel=\"canonical\" href=\"https:\/\/laredlarioja.com.ar\/sitio\/august-la-cancion-de-taylor-swift-sin-final-feliz-que-se-convirtio-en-la-favorita-del-publico\/\" \/>\n<meta property=\"og:locale\" content=\"es_ES\" \/>\n<meta property=\"og:type\" content=\"article\" \/>\n<meta property=\"og:title\" content=\"August: la canci\u00f3n de Taylor Swift sin final feliz que se convirti\u00f3 en la favorita del p\u00fablico - LA RED 88.3 LA RIOJA\" \/>\n<meta property=\"og:description\" content=\"Aire Salado y \u00f3xido en las puertas: agosto es el mes m\u00e1s esperado por las Swifties y se\" \/>\n<meta property=\"og:url\" content=\"https:\/\/laredlarioja.com.ar\/sitio\/august-la-cancion-de-taylor-swift-sin-final-feliz-que-se-convirtio-en-la-favorita-del-publico\/\" \/>\n<meta property=\"og:site_name\" content=\"LA RED 88.3 LA RIOJA\" \/>\n<meta property=\"article:publisher\" content=\"https:\/\/www.facebook.com\/lared.larioja\" \/>\n<meta property=\"article:published_time\" content=\"2024-08-02T14:08:25+00:00\" \/>\n<meta property=\"article:modified_time\" content=\"2024-08-02T14:10:25+00:00\" \/>\n<meta property=\"og:image\" content=\"https:\/\/laredlarioja.com.ar\/sitio\/wp-content\/uploads\/2024\/08\/ce856ae4-b7e9-4788-9dce-838a4bdbdb1f.jpeg\" \/>\n\t<meta property=\"og:image:width\" content=\"1200\" \/>\n\t<meta property=\"og:image:height\" content=\"675\" \/>\n\t<meta property=\"og:image:type\" content=\"image\/jpeg\" \/>\n<meta name=\"author\" content=\"La Red\" \/>\n<meta name=\"twitter:card\" content=\"summary_large_image\" \/>\n<meta name=\"twitter:creator\" content=\"@laredlarioja1\" \/>\n<meta name=\"twitter:site\" content=\"@laredlarioja1\" \/>\n<meta name=\"twitter:label1\" content=\"Escrito por\" \/>\n\t<meta name=\"twitter:data1\" content=\"La Red\" \/>\n\t<meta name=\"twitter:label2\" content=\"Tiempo de lectura\" \/>\n\t<meta name=\"twitter:data2\" content=\"5 minutos\" \/>\n<script type=\"application\/ld+json\" class=\"yoast-schema-graph\">{\"@context\":\"https:\\\/\\\/schema.org\",\"@graph\":[{\"@type\":\"Article\",\"@id\":\"https:\\\/\\\/laredlarioja.com.ar\\\/sitio\\\/august-la-cancion-de-taylor-swift-sin-final-feliz-que-se-convirtio-en-la-favorita-del-publico\\\/#article\",\"isPartOf\":{\"@id\":\"https:\\\/\\\/laredlarioja.com.ar\\\/sitio\\\/august-la-cancion-de-taylor-swift-sin-final-feliz-que-se-convirtio-en-la-favorita-del-publico\\\/\"},\"author\":{\"name\":\"La Red\",\"@id\":\"https:\\\/\\\/laredlarioja.com.ar\\\/sitio\\\/#\\\/schema\\\/person\\\/f1e213867beccedaaa4fb548d9259d9a\"},\"headline\":\"August: la canci\u00f3n de Taylor Swift sin final feliz que se convirti\u00f3 en la favorita del p\u00fablico\",\"datePublished\":\"2024-08-02T14:08:25+00:00\",\"dateModified\":\"2024-08-02T14:10:25+00:00\",\"mainEntityOfPage\":{\"@id\":\"https:\\\/\\\/laredlarioja.com.ar\\\/sitio\\\/august-la-cancion-de-taylor-swift-sin-final-feliz-que-se-convirtio-en-la-favorita-del-publico\\\/\"},\"wordCount\":1034,\"publisher\":{\"@id\":\"https:\\\/\\\/laredlarioja.com.ar\\\/sitio\\\/#organization\"},\"image\":{\"@id\":\"https:\\\/\\\/laredlarioja.com.ar\\\/sitio\\\/august-la-cancion-de-taylor-swift-sin-final-feliz-que-se-convirtio-en-la-favorita-del-publico\\\/#primaryimage\"},\"thumbnailUrl\":\"https:\\\/\\\/laredlarioja.com.ar\\\/sitio\\\/wp-content\\\/uploads\\\/2024\\\/08\\\/ce856ae4-b7e9-4788-9dce-838a4bdbdb1f.jpeg\",\"articleSection\":[\"Cultura y Espect\u00e1culos\"],\"inLanguage\":\"es\"},{\"@type\":\"WebPage\",\"@id\":\"https:\\\/\\\/laredlarioja.com.ar\\\/sitio\\\/august-la-cancion-de-taylor-swift-sin-final-feliz-que-se-convirtio-en-la-favorita-del-publico\\\/\",\"url\":\"https:\\\/\\\/laredlarioja.com.ar\\\/sitio\\\/august-la-cancion-de-taylor-swift-sin-final-feliz-que-se-convirtio-en-la-favorita-del-publico\\\/\",\"name\":\"August: la canci\u00f3n de Taylor Swift sin final feliz que se convirti\u00f3 en la favorita del p\u00fablico - LA RED 88.3 LA RIOJA\",\"isPartOf\":{\"@id\":\"https:\\\/\\\/laredlarioja.com.ar\\\/sitio\\\/#website\"},\"primaryImageOfPage\":{\"@id\":\"https:\\\/\\\/laredlarioja.com.ar\\\/sitio\\\/august-la-cancion-de-taylor-swift-sin-final-feliz-que-se-convirtio-en-la-favorita-del-publico\\\/#primaryimage\"},\"image\":{\"@id\":\"https:\\\/\\\/laredlarioja.com.ar\\\/sitio\\\/august-la-cancion-de-taylor-swift-sin-final-feliz-que-se-convirtio-en-la-favorita-del-publico\\\/#primaryimage\"},\"thumbnailUrl\":\"https:\\\/\\\/laredlarioja.com.ar\\\/sitio\\\/wp-content\\\/uploads\\\/2024\\\/08\\\/ce856ae4-b7e9-4788-9dce-838a4bdbdb1f.jpeg\",\"datePublished\":\"2024-08-02T14:08:25+00:00\",\"dateModified\":\"2024-08-02T14:10:25+00:00\",\"breadcrumb\":{\"@id\":\"https:\\\/\\\/laredlarioja.com.ar\\\/sitio\\\/august-la-cancion-de-taylor-swift-sin-final-feliz-que-se-convirtio-en-la-favorita-del-publico\\\/#breadcrumb\"},\"inLanguage\":\"es\",\"potentialAction\":[{\"@type\":\"ReadAction\",\"target\":[\"https:\\\/\\\/laredlarioja.com.ar\\\/sitio\\\/august-la-cancion-de-taylor-swift-sin-final-feliz-que-se-convirtio-en-la-favorita-del-publico\\\/\"]}]},{\"@type\":\"ImageObject\",\"inLanguage\":\"es\",\"@id\":\"https:\\\/\\\/laredlarioja.com.ar\\\/sitio\\\/august-la-cancion-de-taylor-swift-sin-final-feliz-que-se-convirtio-en-la-favorita-del-publico\\\/#primaryimage\",\"url\":\"https:\\\/\\\/laredlarioja.com.ar\\\/sitio\\\/wp-content\\\/uploads\\\/2024\\\/08\\\/ce856ae4-b7e9-4788-9dce-838a4bdbdb1f.jpeg\",\"contentUrl\":\"https:\\\/\\\/laredlarioja.com.ar\\\/sitio\\\/wp-content\\\/uploads\\\/2024\\\/08\\\/ce856ae4-b7e9-4788-9dce-838a4bdbdb1f.jpeg\",\"width\":1200,\"height\":675},{\"@type\":\"BreadcrumbList\",\"@id\":\"https:\\\/\\\/laredlarioja.com.ar\\\/sitio\\\/august-la-cancion-de-taylor-swift-sin-final-feliz-que-se-convirtio-en-la-favorita-del-publico\\\/#breadcrumb\",\"itemListElement\":[{\"@type\":\"ListItem\",\"position\":1,\"name\":\"Portada\",\"item\":\"https:\\\/\\\/laredlarioja.com.ar\\\/sitio\\\/\"},{\"@type\":\"ListItem\",\"position\":2,\"name\":\"August: la canci\u00f3n de Taylor Swift sin final feliz que se convirti\u00f3 en la favorita del p\u00fablico\"}]},{\"@type\":\"WebSite\",\"@id\":\"https:\\\/\\\/laredlarioja.com.ar\\\/sitio\\\/#website\",\"url\":\"https:\\\/\\\/laredlarioja.com.ar\\\/sitio\\\/\",\"name\":\"LA RED 88.3 LA RIOJA\",\"description\":\"Sitio de Noticias\",\"publisher\":{\"@id\":\"https:\\\/\\\/laredlarioja.com.ar\\\/sitio\\\/#organization\"},\"potentialAction\":[{\"@type\":\"SearchAction\",\"target\":{\"@type\":\"EntryPoint\",\"urlTemplate\":\"https:\\\/\\\/laredlarioja.com.ar\\\/sitio\\\/?s={search_term_string}\"},\"query-input\":{\"@type\":\"PropertyValueSpecification\",\"valueRequired\":true,\"valueName\":\"search_term_string\"}}],\"inLanguage\":\"es\"},{\"@type\":\"Organization\",\"@id\":\"https:\\\/\\\/laredlarioja.com.ar\\\/sitio\\\/#organization\",\"name\":\"LA RED 88.3 LA RIOJA\",\"url\":\"https:\\\/\\\/laredlarioja.com.ar\\\/sitio\\\/\",\"logo\":{\"@type\":\"ImageObject\",\"inLanguage\":\"es\",\"@id\":\"https:\\\/\\\/laredlarioja.com.ar\\\/sitio\\\/#\\\/schema\\\/logo\\\/image\\\/\",\"url\":\"https:\\\/\\\/laredlarioja.com.ar\\\/sitio\\\/wp-content\\\/uploads\\\/2025\\\/05\\\/LOGO-LA-RED.png\",\"contentUrl\":\"https:\\\/\\\/laredlarioja.com.ar\\\/sitio\\\/wp-content\\\/uploads\\\/2025\\\/05\\\/LOGO-LA-RED.png\",\"width\":193,\"height\":340,\"caption\":\"LA RED 88.3 LA RIOJA\"},\"image\":{\"@id\":\"https:\\\/\\\/laredlarioja.com.ar\\\/sitio\\\/#\\\/schema\\\/logo\\\/image\\\/\"},\"sameAs\":[\"https:\\\/\\\/www.facebook.com\\\/lared.larioja\",\"https:\\\/\\\/x.com\\\/laredlarioja1\",\"https:\\\/\\\/www.instagram.com\\\/lared_larioja\\\/\"]},{\"@type\":\"Person\",\"@id\":\"https:\\\/\\\/laredlarioja.com.ar\\\/sitio\\\/#\\\/schema\\\/person\\\/f1e213867beccedaaa4fb548d9259d9a\",\"name\":\"La Red\",\"url\":\"https:\\\/\\\/laredlarioja.com.ar\\\/sitio\\\/author\\\/lared\\\/\"}]}<\/script>\n<!-- \/ Yoast SEO plugin. -->","yoast_head_json":{"title":"August: la canci\u00f3n de Taylor Swift sin final feliz que se convirti\u00f3 en la favorita del p\u00fablico - LA RED 88.3 LA RIOJA","robots":{"index":"index","follow":"follow","max-snippet":"max-snippet:-1","max-image-preview":"max-image-preview:large","max-video-preview":"max-video-preview:-1"},"canonical":"https:\/\/laredlarioja.com.ar\/sitio\/august-la-cancion-de-taylor-swift-sin-final-feliz-que-se-convirtio-en-la-favorita-del-publico\/","og_locale":"es_ES","og_type":"article","og_title":"August: la canci\u00f3n de Taylor Swift sin final feliz que se convirti\u00f3 en la favorita del p\u00fablico - LA RED 88.3 LA RIOJA","og_description":"Aire Salado y \u00f3xido en las puertas: agosto es el mes m\u00e1s esperado por las Swifties y se","og_url":"https:\/\/laredlarioja.com.ar\/sitio\/august-la-cancion-de-taylor-swift-sin-final-feliz-que-se-convirtio-en-la-favorita-del-publico\/","og_site_name":"LA RED 88.3 LA RIOJA","article_publisher":"https:\/\/www.facebook.com\/lared.larioja","article_published_time":"2024-08-02T14:08:25+00:00","article_modified_time":"2024-08-02T14:10:25+00:00","og_image":[{"width":1200,"height":675,"url":"https:\/\/laredlarioja.com.ar\/sitio\/wp-content\/uploads\/2024\/08\/ce856ae4-b7e9-4788-9dce-838a4bdbdb1f.jpeg","type":"image\/jpeg"}],"author":"La Red","twitter_card":"summary_large_image","twitter_creator":"@laredlarioja1","twitter_site":"@laredlarioja1","twitter_misc":{"Escrito por":"La Red","Tiempo de lectura":"5 minutos"},"schema":{"@context":"https:\/\/schema.org","@graph":[{"@type":"Article","@id":"https:\/\/laredlarioja.com.ar\/sitio\/august-la-cancion-de-taylor-swift-sin-final-feliz-que-se-convirtio-en-la-favorita-del-publico\/#article","isPartOf":{"@id":"https:\/\/laredlarioja.com.ar\/sitio\/august-la-cancion-de-taylor-swift-sin-final-feliz-que-se-convirtio-en-la-favorita-del-publico\/"},"author":{"name":"La Red","@id":"https:\/\/laredlarioja.com.ar\/sitio\/#\/schema\/person\/f1e213867beccedaaa4fb548d9259d9a"},"headline":"August: la canci\u00f3n de Taylor Swift sin final feliz que se convirti\u00f3 en la favorita del p\u00fablico","datePublished":"2024-08-02T14:08:25+00:00","dateModified":"2024-08-02T14:10:25+00:00","mainEntityOfPage":{"@id":"https:\/\/laredlarioja.com.ar\/sitio\/august-la-cancion-de-taylor-swift-sin-final-feliz-que-se-convirtio-en-la-favorita-del-publico\/"},"wordCount":1034,"publisher":{"@id":"https:\/\/laredlarioja.com.ar\/sitio\/#organization"},"image":{"@id":"https:\/\/laredlarioja.com.ar\/sitio\/august-la-cancion-de-taylor-swift-sin-final-feliz-que-se-convirtio-en-la-favorita-del-publico\/#primaryimage"},"thumbnailUrl":"https:\/\/laredlarioja.com.ar\/sitio\/wp-content\/uploads\/2024\/08\/ce856ae4-b7e9-4788-9dce-838a4bdbdb1f.jpeg","articleSection":["Cultura y Espect\u00e1culos"],"inLanguage":"es"},{"@type":"WebPage","@id":"https:\/\/laredlarioja.com.ar\/sitio\/august-la-cancion-de-taylor-swift-sin-final-feliz-que-se-convirtio-en-la-favorita-del-publico\/","url":"https:\/\/laredlarioja.com.ar\/sitio\/august-la-cancion-de-taylor-swift-sin-final-feliz-que-se-convirtio-en-la-favorita-del-publico\/","name":"August: la canci\u00f3n de Taylor Swift sin final feliz que se convirti\u00f3 en la favorita del p\u00fablico - LA RED 88.3 LA RIOJA","isPartOf":{"@id":"https:\/\/laredlarioja.com.ar\/sitio\/#website"},"primaryImageOfPage":{"@id":"https:\/\/laredlarioja.com.ar\/sitio\/august-la-cancion-de-taylor-swift-sin-final-feliz-que-se-convirtio-en-la-favorita-del-publico\/#primaryimage"},"image":{"@id":"https:\/\/laredlarioja.com.ar\/sitio\/august-la-cancion-de-taylor-swift-sin-final-feliz-que-se-convirtio-en-la-favorita-del-publico\/#primaryimage"},"thumbnailUrl":"https:\/\/laredlarioja.com.ar\/sitio\/wp-content\/uploads\/2024\/08\/ce856ae4-b7e9-4788-9dce-838a4bdbdb1f.jpeg","datePublished":"2024-08-02T14:08:25+00:00","dateModified":"2024-08-02T14:10:25+00:00","breadcrumb":{"@id":"https:\/\/laredlarioja.com.ar\/sitio\/august-la-cancion-de-taylor-swift-sin-final-feliz-que-se-convirtio-en-la-favorita-del-publico\/#breadcrumb"},"inLanguage":"es","potentialAction":[{"@type":"ReadAction","target":["https:\/\/laredlarioja.com.ar\/sitio\/august-la-cancion-de-taylor-swift-sin-final-feliz-que-se-convirtio-en-la-favorita-del-publico\/"]}]},{"@type":"ImageObject","inLanguage":"es","@id":"https:\/\/laredlarioja.com.ar\/sitio\/august-la-cancion-de-taylor-swift-sin-final-feliz-que-se-convirtio-en-la-favorita-del-publico\/#primaryimage","url":"https:\/\/laredlarioja.com.ar\/sitio\/wp-content\/uploads\/2024\/08\/ce856ae4-b7e9-4788-9dce-838a4bdbdb1f.jpeg","contentUrl":"https:\/\/laredlarioja.com.ar\/sitio\/wp-content\/uploads\/2024\/08\/ce856ae4-b7e9-4788-9dce-838a4bdbdb1f.jpeg","width":1200,"height":675},{"@type":"BreadcrumbList","@id":"https:\/\/laredlarioja.com.ar\/sitio\/august-la-cancion-de-taylor-swift-sin-final-feliz-que-se-convirtio-en-la-favorita-del-publico\/#breadcrumb","itemListElement":[{"@type":"ListItem","position":1,"name":"Portada","item":"https:\/\/laredlarioja.com.ar\/sitio\/"},{"@type":"ListItem","position":2,"name":"August: la canci\u00f3n de Taylor Swift sin final feliz que se convirti\u00f3 en la favorita del p\u00fablico"}]},{"@type":"WebSite","@id":"https:\/\/laredlarioja.com.ar\/sitio\/#website","url":"https:\/\/laredlarioja.com.ar\/sitio\/","name":"LA RED 88.3 LA RIOJA","description":"Sitio de Noticias","publisher":{"@id":"https:\/\/laredlarioja.com.ar\/sitio\/#organization"},"potentialAction":[{"@type":"SearchAction","target":{"@type":"EntryPoint","urlTemplate":"https:\/\/laredlarioja.com.ar\/sitio\/?s={search_term_string}"},"query-input":{"@type":"PropertyValueSpecification","valueRequired":true,"valueName":"search_term_string"}}],"inLanguage":"es"},{"@type":"Organization","@id":"https:\/\/laredlarioja.com.ar\/sitio\/#organization","name":"LA RED 88.3 LA RIOJA","url":"https:\/\/laredlarioja.com.ar\/sitio\/","logo":{"@type":"ImageObject","inLanguage":"es","@id":"https:\/\/laredlarioja.com.ar\/sitio\/#\/schema\/logo\/image\/","url":"https:\/\/laredlarioja.com.ar\/sitio\/wp-content\/uploads\/2025\/05\/LOGO-LA-RED.png","contentUrl":"https:\/\/laredlarioja.com.ar\/sitio\/wp-content\/uploads\/2025\/05\/LOGO-LA-RED.png","width":193,"height":340,"caption":"LA RED 88.3 LA RIOJA"},"image":{"@id":"https:\/\/laredlarioja.com.ar\/sitio\/#\/schema\/logo\/image\/"},"sameAs":["https:\/\/www.facebook.com\/lared.larioja","https:\/\/x.com\/laredlarioja1","https:\/\/www.instagram.com\/lared_larioja\/"]},{"@type":"Person","@id":"https:\/\/laredlarioja.com.ar\/sitio\/#\/schema\/person\/f1e213867beccedaaa4fb548d9259d9a","name":"La Red","url":"https:\/\/laredlarioja.com.ar\/sitio\/author\/lared\/"}]}},"featured_image_urls":{"full":["https:\/\/laredlarioja.com.ar\/sitio\/wp-content\/uploads\/2024\/08\/ce856ae4-b7e9-4788-9dce-838a4bdbdb1f.jpeg",1200,675,false],"thumbnail":["https:\/\/laredlarioja.com.ar\/sitio\/wp-content\/uploads\/2024\/08\/ce856ae4-b7e9-4788-9dce-838a4bdbdb1f-150x150.jpeg",150,150,true],"medium":["https:\/\/laredlarioja.com.ar\/sitio\/wp-content\/uploads\/2024\/08\/ce856ae4-b7e9-4788-9dce-838a4bdbdb1f-300x169.jpeg",300,169,true],"medium_large":["https:\/\/laredlarioja.com.ar\/sitio\/wp-content\/uploads\/2024\/08\/ce856ae4-b7e9-4788-9dce-838a4bdbdb1f-768x432.jpeg",640,360,true],"large":["https:\/\/laredlarioja.com.ar\/sitio\/wp-content\/uploads\/2024\/08\/ce856ae4-b7e9-4788-9dce-838a4bdbdb1f-1024x576.jpeg",640,360,true],"1536x1536":["https:\/\/laredlarioja.com.ar\/sitio\/wp-content\/uploads\/2024\/08\/ce856ae4-b7e9-4788-9dce-838a4bdbdb1f.jpeg",1200,675,false],"2048x2048":["https:\/\/laredlarioja.com.ar\/sitio\/wp-content\/uploads\/2024\/08\/ce856ae4-b7e9-4788-9dce-838a4bdbdb1f.jpeg",1200,675,false],"cvmm-medium":["https:\/\/laredlarioja.com.ar\/sitio\/wp-content\/uploads\/2024\/08\/ce856ae4-b7e9-4788-9dce-838a4bdbdb1f-300x300.jpeg",300,300,true],"cvmm-medium-plus":["https:\/\/laredlarioja.com.ar\/sitio\/wp-content\/uploads\/2024\/08\/ce856ae4-b7e9-4788-9dce-838a4bdbdb1f-305x207.jpeg",305,207,true],"cvmm-portrait":["https:\/\/laredlarioja.com.ar\/sitio\/wp-content\/uploads\/2024\/08\/ce856ae4-b7e9-4788-9dce-838a4bdbdb1f-400x600.jpeg",400,600,true],"cvmm-medium-square":["https:\/\/laredlarioja.com.ar\/sitio\/wp-content\/uploads\/2024\/08\/ce856ae4-b7e9-4788-9dce-838a4bdbdb1f-600x600.jpeg",600,600,true],"cvmm-large":["https:\/\/laredlarioja.com.ar\/sitio\/wp-content\/uploads\/2024\/08\/ce856ae4-b7e9-4788-9dce-838a4bdbdb1f-1024x675.jpeg",1024,675,true],"cvmm-small":["https:\/\/laredlarioja.com.ar\/sitio\/wp-content\/uploads\/2024\/08\/ce856ae4-b7e9-4788-9dce-838a4bdbdb1f-130x95.jpeg",130,95,true],"morenews-large":["https:\/\/laredlarioja.com.ar\/sitio\/wp-content\/uploads\/2024\/08\/ce856ae4-b7e9-4788-9dce-838a4bdbdb1f-825x575.jpeg",825,575,true],"morenews-medium":["https:\/\/laredlarioja.com.ar\/sitio\/wp-content\/uploads\/2024\/08\/ce856ae4-b7e9-4788-9dce-838a4bdbdb1f-590x410.jpeg",590,410,true]},"author_info":{"display_name":"La Red","author_link":"https:\/\/laredlarioja.com.ar\/sitio\/author\/lared\/"},"category_info":"<a href=\"https:\/\/laredlarioja.com.ar\/sitio\/categorias\/cultura-y-espectaculos\/\" rel=\"category tag\">Cultura y Espect\u00e1culos<\/a>","tag_info":"Cultura y Espect\u00e1culos","comment_count":"0","blog_post_layout_featured_media_urls":{"thumbnail":["https:\/\/laredlarioja.com.ar\/sitio\/wp-content\/uploads\/2024\/08\/ce856ae4-b7e9-4788-9dce-838a4bdbdb1f-150x150.jpeg",150,150,true],"full":["https:\/\/laredlarioja.com.ar\/sitio\/wp-content\/uploads\/2024\/08\/ce856ae4-b7e9-4788-9dce-838a4bdbdb1f.jpeg",1200,675,false]},"categories_names":{"27":{"name":"Cultura y Espect\u00e1culos","link":"https:\/\/laredlarioja.com.ar\/sitio\/categorias\/cultura-y-espectaculos\/"}},"tags_names":[],"comments_number":"0","wpmagazine_modules_lite_featured_media_urls":{"thumbnail":["https:\/\/laredlarioja.com.ar\/sitio\/wp-content\/uploads\/2024\/08\/ce856ae4-b7e9-4788-9dce-838a4bdbdb1f-150x150.jpeg",150,150,true],"cvmm-medium":["https:\/\/laredlarioja.com.ar\/sitio\/wp-content\/uploads\/2024\/08\/ce856ae4-b7e9-4788-9dce-838a4bdbdb1f-300x300.jpeg",300,300,true],"cvmm-medium-plus":["https:\/\/laredlarioja.com.ar\/sitio\/wp-content\/uploads\/2024\/08\/ce856ae4-b7e9-4788-9dce-838a4bdbdb1f-305x207.jpeg",305,207,true],"cvmm-portrait":["https:\/\/laredlarioja.com.ar\/sitio\/wp-content\/uploads\/2024\/08\/ce856ae4-b7e9-4788-9dce-838a4bdbdb1f-400x600.jpeg",400,600,true],"cvmm-medium-square":["https:\/\/laredlarioja.com.ar\/sitio\/wp-content\/uploads\/2024\/08\/ce856ae4-b7e9-4788-9dce-838a4bdbdb1f-600x600.jpeg",600,600,true],"cvmm-large":["https:\/\/laredlarioja.com.ar\/sitio\/wp-content\/uploads\/2024\/08\/ce856ae4-b7e9-4788-9dce-838a4bdbdb1f-1024x675.jpeg",1024,675,true],"cvmm-small":["https:\/\/laredlarioja.com.ar\/sitio\/wp-content\/uploads\/2024\/08\/ce856ae4-b7e9-4788-9dce-838a4bdbdb1f-130x95.jpeg",130,95,true],"full":["https:\/\/laredlarioja.com.ar\/sitio\/wp-content\/uploads\/2024\/08\/ce856ae4-b7e9-4788-9dce-838a4bdbdb1f.jpeg",1200,675,false]},"_links":{"self":[{"href":"https:\/\/laredlarioja.com.ar\/sitio\/wp-json\/wp\/v2\/posts\/49825","targetHints":{"allow":["GET"]}}],"collection":[{"href":"https:\/\/laredlarioja.com.ar\/sitio\/wp-json\/wp\/v2\/posts"}],"about":[{"href":"https:\/\/laredlarioja.com.ar\/sitio\/wp-json\/wp\/v2\/types\/post"}],"author":[{"embeddable":true,"href":"https:\/\/laredlarioja.com.ar\/sitio\/wp-json\/wp\/v2\/users\/10"}],"replies":[{"embeddable":true,"href":"https:\/\/laredlarioja.com.ar\/sitio\/wp-json\/wp\/v2\/comments?post=49825"}],"version-history":[{"count":3,"href":"https:\/\/laredlarioja.com.ar\/sitio\/wp-json\/wp\/v2\/posts\/49825\/revisions"}],"predecessor-version":[{"id":49830,"href":"https:\/\/laredlarioja.com.ar\/sitio\/wp-json\/wp\/v2\/posts\/49825\/revisions\/49830"}],"wp:featuredmedia":[{"embeddable":true,"href":"https:\/\/laredlarioja.com.ar\/sitio\/wp-json\/wp\/v2\/media\/49827"}],"wp:attachment":[{"href":"https:\/\/laredlarioja.com.ar\/sitio\/wp-json\/wp\/v2\/media?parent=49825"}],"wp:term":[{"taxonomy":"category","embeddable":true,"href":"https:\/\/laredlarioja.com.ar\/sitio\/wp-json\/wp\/v2\/categories?post=49825"},{"taxonomy":"post_tag","embeddable":true,"href":"https:\/\/laredlarioja.com.ar\/sitio\/wp-json\/wp\/v2\/tags?post=49825"}],"curies":[{"name":"wp","href":"https:\/\/api.w.org\/{rel}","templated":true}]}}