{"id":50078,"date":"2024-08-07T22:06:58","date_gmt":"2024-08-07T22:06:58","guid":{"rendered":"https:\/\/laredlarioja.com.ar\/sitio\/?p=50078"},"modified":"2024-08-07T22:51:23","modified_gmt":"2024-08-07T22:51:23","slug":"mundial-de-dodgeball-dos-jugadores-riojanos-estan-en-la-seleccion-argentina","status":"publish","type":"post","link":"https:\/\/laredlarioja.com.ar\/sitio\/mundial-de-dodgeball-dos-jugadores-riojanos-estan-en-la-seleccion-argentina\/","title":{"rendered":"Mundial de Dodgeball: tres jugadores riojanos est\u00e1n en la selecci\u00f3n argentina"},"content":{"rendered":"<p>Mar\u00eda Salinas, \u00c1lvaro Baz\u00e1n y Ariel Carrera pertenecen a los departamentos Chamical y \u00c1ngel Vicente Pe\u00f1aloza. Ya se encuentran en Austria prepar\u00e1ndose para disputar los encuentros del campeonato mundial.<\/p>\n<p>Los j\u00f3venes de la provincia ya se encuentran en el pa\u00eds europeo a punto de disputar el campeonato mundial de Dodgeball, disciplina que se practica en el pa\u00eds desde hace varios a\u00f1os.<\/p>\n<p>Antes de partir, los j\u00f3venes mostraron su alegr\u00eda y ansiedad por poder demostrar sus entrenamientos en esta importante competencia internacional.<\/p>\n<p>\u00abEs un sue\u00f1o, hasta que no pongamos un pie en el avi\u00f3n no lo vamos a creer. Estamos emocionados, la espera se hizo muy larga para llegar hasta aqu\u00ed\u00bb, contaron.<\/p>\n<p>Los j\u00f3venes, que ya cuentan con vasta experiencia en el seleccionado nacional, precisaron que se sienten \u00aborgullosos de poder representar al pa\u00eds y La Rioja\u00bb.<\/p>\n<p>El seleccionado nacional estar\u00e1 acompa\u00f1ado en este sue\u00f1o mundialista por la tambi\u00e9n riojana Lucy Ag\u00fcero, que ir\u00e1 en su calidad de Vicepresidenta de la Asociaci\u00f3n Argentina de Dodgeball.<\/p>\n<p>Fuente: F\u00e9nix<\/p>\n<p>&nbsp;<\/p>\n","protected":false},"excerpt":{"rendered":"<p>Mar\u00eda Salinas, \u00c1lvaro Baz\u00e1n y Ariel Carrera pertenecen a los departamentos Chamical y \u00c1ngel Vicente Pe\u00f1aloza. Ya se<\/p>\n","protected":false},"author":7,"featured_media":50079,"comment_status":"closed","ping_status":"open","sticky":false,"template":"","format":"standard","meta":{"footnotes":""},"categories":[26],"tags":[],"class_list":["post-50078","post","type-post","status-publish","format-standard","has-post-thumbnail","hentry","category-deportes"],"yoast_head":"<!-- This site is optimized with the Yoast SEO plugin v27.4 - https:\/\/yoast.com\/product\/yoast-seo-wordpress\/ -->\n<title>Mundial de Dodgeball: tres jugadores riojanos est\u00e1n en la selecci\u00f3n argentina - LA RED 88.3 LA RIOJA<\/title>\n<meta name=\"robots\" content=\"index, follow, max-snippet:-1, max-image-preview:large, max-video-preview:-1\" \/>\n<link rel=\"canonical\" href=\"https:\/\/laredlarioja.com.ar\/sitio\/mundial-de-dodgeball-dos-jugadores-riojanos-estan-en-la-seleccion-argentina\/\" \/>\n<meta property=\"og:locale\" content=\"es_ES\" \/>\n<meta property=\"og:type\" content=\"article\" \/>\n<meta property=\"og:title\" content=\"Mundial de Dodgeball: tres jugadores riojanos est\u00e1n en la selecci\u00f3n argentina - LA RED 88.3 LA RIOJA\" \/>\n<meta property=\"og:description\" content=\"Mar\u00eda Salinas, \u00c1lvaro Baz\u00e1n y Ariel Carrera pertenecen a los departamentos Chamical y \u00c1ngel Vicente Pe\u00f1aloza. Ya se\" \/>\n<meta property=\"og:url\" content=\"https:\/\/laredlarioja.com.ar\/sitio\/mundial-de-dodgeball-dos-jugadores-riojanos-estan-en-la-seleccion-argentina\/\" \/>\n<meta property=\"og:site_name\" content=\"LA RED 88.3 LA RIOJA\" \/>\n<meta property=\"article:publisher\" content=\"https:\/\/www.facebook.com\/lared.larioja\" \/>\n<meta property=\"article:published_time\" content=\"2024-08-07T22:06:58+00:00\" \/>\n<meta property=\"article:modified_time\" content=\"2024-08-07T22:51:23+00:00\" \/>\n<meta property=\"og:image\" content=\"https:\/\/laredlarioja.com.ar\/sitio\/wp-content\/uploads\/2024\/08\/282906_1723026088.jpg\" \/>\n\t<meta property=\"og:image:width\" content=\"760\" \/>\n\t<meta property=\"og:image:height\" content=\"356\" \/>\n\t<meta property=\"og:image:type\" content=\"image\/jpeg\" \/>\n<meta name=\"author\" content=\"Anabella Soria\" \/>\n<meta name=\"twitter:card\" content=\"summary_large_image\" \/>\n<meta name=\"twitter:creator\" content=\"@laredlarioja1\" \/>\n<meta name=\"twitter:site\" content=\"@laredlarioja1\" \/>\n<meta name=\"twitter:label1\" content=\"Escrito por\" \/>\n\t<meta name=\"twitter:data1\" content=\"Anabella Soria\" \/>\n\t<meta name=\"twitter:label2\" content=\"Tiempo de lectura\" \/>\n\t<meta name=\"twitter:data2\" content=\"1 minuto\" \/>\n<script type=\"application\/ld+json\" class=\"yoast-schema-graph\">{\"@context\":\"https:\\\/\\\/schema.org\",\"@graph\":[{\"@type\":\"Article\",\"@id\":\"https:\\\/\\\/laredlarioja.com.ar\\\/sitio\\\/mundial-de-dodgeball-dos-jugadores-riojanos-estan-en-la-seleccion-argentina\\\/#article\",\"isPartOf\":{\"@id\":\"https:\\\/\\\/laredlarioja.com.ar\\\/sitio\\\/mundial-de-dodgeball-dos-jugadores-riojanos-estan-en-la-seleccion-argentina\\\/\"},\"author\":{\"name\":\"Anabella Soria\",\"@id\":\"https:\\\/\\\/laredlarioja.com.ar\\\/sitio\\\/#\\\/schema\\\/person\\\/31f88059d20c5cf06e974fd895aec56e\"},\"headline\":\"Mundial de Dodgeball: tres jugadores riojanos est\u00e1n en la selecci\u00f3n argentina\",\"datePublished\":\"2024-08-07T22:06:58+00:00\",\"dateModified\":\"2024-08-07T22:51:23+00:00\",\"mainEntityOfPage\":{\"@id\":\"https:\\\/\\\/laredlarioja.com.ar\\\/sitio\\\/mundial-de-dodgeball-dos-jugadores-riojanos-estan-en-la-seleccion-argentina\\\/\"},\"wordCount\":200,\"publisher\":{\"@id\":\"https:\\\/\\\/laredlarioja.com.ar\\\/sitio\\\/#organization\"},\"image\":{\"@id\":\"https:\\\/\\\/laredlarioja.com.ar\\\/sitio\\\/mundial-de-dodgeball-dos-jugadores-riojanos-estan-en-la-seleccion-argentina\\\/#primaryimage\"},\"thumbnailUrl\":\"https:\\\/\\\/laredlarioja.com.ar\\\/sitio\\\/wp-content\\\/uploads\\\/2024\\\/08\\\/282906_1723026088.jpg\",\"articleSection\":[\"Deportes\"],\"inLanguage\":\"es\"},{\"@type\":\"WebPage\",\"@id\":\"https:\\\/\\\/laredlarioja.com.ar\\\/sitio\\\/mundial-de-dodgeball-dos-jugadores-riojanos-estan-en-la-seleccion-argentina\\\/\",\"url\":\"https:\\\/\\\/laredlarioja.com.ar\\\/sitio\\\/mundial-de-dodgeball-dos-jugadores-riojanos-estan-en-la-seleccion-argentina\\\/\",\"name\":\"Mundial de Dodgeball: tres jugadores riojanos est\u00e1n en la selecci\u00f3n argentina - LA RED 88.3 LA RIOJA\",\"isPartOf\":{\"@id\":\"https:\\\/\\\/laredlarioja.com.ar\\\/sitio\\\/#website\"},\"primaryImageOfPage\":{\"@id\":\"https:\\\/\\\/laredlarioja.com.ar\\\/sitio\\\/mundial-de-dodgeball-dos-jugadores-riojanos-estan-en-la-seleccion-argentina\\\/#primaryimage\"},\"image\":{\"@id\":\"https:\\\/\\\/laredlarioja.com.ar\\\/sitio\\\/mundial-de-dodgeball-dos-jugadores-riojanos-estan-en-la-seleccion-argentina\\\/#primaryimage\"},\"thumbnailUrl\":\"https:\\\/\\\/laredlarioja.com.ar\\\/sitio\\\/wp-content\\\/uploads\\\/2024\\\/08\\\/282906_1723026088.jpg\",\"datePublished\":\"2024-08-07T22:06:58+00:00\",\"dateModified\":\"2024-08-07T22:51:23+00:00\",\"breadcrumb\":{\"@id\":\"https:\\\/\\\/laredlarioja.com.ar\\\/sitio\\\/mundial-de-dodgeball-dos-jugadores-riojanos-estan-en-la-seleccion-argentina\\\/#breadcrumb\"},\"inLanguage\":\"es\",\"potentialAction\":[{\"@type\":\"ReadAction\",\"target\":[\"https:\\\/\\\/laredlarioja.com.ar\\\/sitio\\\/mundial-de-dodgeball-dos-jugadores-riojanos-estan-en-la-seleccion-argentina\\\/\"]}]},{\"@type\":\"ImageObject\",\"inLanguage\":\"es\",\"@id\":\"https:\\\/\\\/laredlarioja.com.ar\\\/sitio\\\/mundial-de-dodgeball-dos-jugadores-riojanos-estan-en-la-seleccion-argentina\\\/#primaryimage\",\"url\":\"https:\\\/\\\/laredlarioja.com.ar\\\/sitio\\\/wp-content\\\/uploads\\\/2024\\\/08\\\/282906_1723026088.jpg\",\"contentUrl\":\"https:\\\/\\\/laredlarioja.com.ar\\\/sitio\\\/wp-content\\\/uploads\\\/2024\\\/08\\\/282906_1723026088.jpg\",\"width\":760,\"height\":356},{\"@type\":\"BreadcrumbList\",\"@id\":\"https:\\\/\\\/laredlarioja.com.ar\\\/sitio\\\/mundial-de-dodgeball-dos-jugadores-riojanos-estan-en-la-seleccion-argentina\\\/#breadcrumb\",\"itemListElement\":[{\"@type\":\"ListItem\",\"position\":1,\"name\":\"Portada\",\"item\":\"https:\\\/\\\/laredlarioja.com.ar\\\/sitio\\\/\"},{\"@type\":\"ListItem\",\"position\":2,\"name\":\"Mundial de Dodgeball: tres jugadores riojanos est\u00e1n en la selecci\u00f3n argentina\"}]},{\"@type\":\"WebSite\",\"@id\":\"https:\\\/\\\/laredlarioja.com.ar\\\/sitio\\\/#website\",\"url\":\"https:\\\/\\\/laredlarioja.com.ar\\\/sitio\\\/\",\"name\":\"LA RED 88.3 LA RIOJA\",\"description\":\"Sitio de Noticias\",\"publisher\":{\"@id\":\"https:\\\/\\\/laredlarioja.com.ar\\\/sitio\\\/#organization\"},\"potentialAction\":[{\"@type\":\"SearchAction\",\"target\":{\"@type\":\"EntryPoint\",\"urlTemplate\":\"https:\\\/\\\/laredlarioja.com.ar\\\/sitio\\\/?s={search_term_string}\"},\"query-input\":{\"@type\":\"PropertyValueSpecification\",\"valueRequired\":true,\"valueName\":\"search_term_string\"}}],\"inLanguage\":\"es\"},{\"@type\":\"Organization\",\"@id\":\"https:\\\/\\\/laredlarioja.com.ar\\\/sitio\\\/#organization\",\"name\":\"LA RED 88.3 LA RIOJA\",\"url\":\"https:\\\/\\\/laredlarioja.com.ar\\\/sitio\\\/\",\"logo\":{\"@type\":\"ImageObject\",\"inLanguage\":\"es\",\"@id\":\"https:\\\/\\\/laredlarioja.com.ar\\\/sitio\\\/#\\\/schema\\\/logo\\\/image\\\/\",\"url\":\"https:\\\/\\\/laredlarioja.com.ar\\\/sitio\\\/wp-content\\\/uploads\\\/2025\\\/05\\\/LOGO-LA-RED.png\",\"contentUrl\":\"https:\\\/\\\/laredlarioja.com.ar\\\/sitio\\\/wp-content\\\/uploads\\\/2025\\\/05\\\/LOGO-LA-RED.png\",\"width\":193,\"height\":340,\"caption\":\"LA RED 88.3 LA RIOJA\"},\"image\":{\"@id\":\"https:\\\/\\\/laredlarioja.com.ar\\\/sitio\\\/#\\\/schema\\\/logo\\\/image\\\/\"},\"sameAs\":[\"https:\\\/\\\/www.facebook.com\\\/lared.larioja\",\"https:\\\/\\\/x.com\\\/laredlarioja1\",\"https:\\\/\\\/www.instagram.com\\\/lared_larioja\\\/\"]},{\"@type\":\"Person\",\"@id\":\"https:\\\/\\\/laredlarioja.com.ar\\\/sitio\\\/#\\\/schema\\\/person\\\/31f88059d20c5cf06e974fd895aec56e\",\"name\":\"Anabella Soria\",\"url\":\"https:\\\/\\\/laredlarioja.com.ar\\\/sitio\\\/author\\\/asoria\\\/\"}]}<\/script>\n<!-- \/ Yoast SEO plugin. -->","yoast_head_json":{"title":"Mundial de Dodgeball: tres jugadores riojanos est\u00e1n en la selecci\u00f3n argentina - LA RED 88.3 LA RIOJA","robots":{"index":"index","follow":"follow","max-snippet":"max-snippet:-1","max-image-preview":"max-image-preview:large","max-video-preview":"max-video-preview:-1"},"canonical":"https:\/\/laredlarioja.com.ar\/sitio\/mundial-de-dodgeball-dos-jugadores-riojanos-estan-en-la-seleccion-argentina\/","og_locale":"es_ES","og_type":"article","og_title":"Mundial de Dodgeball: tres jugadores riojanos est\u00e1n en la selecci\u00f3n argentina - LA RED 88.3 LA RIOJA","og_description":"Mar\u00eda Salinas, \u00c1lvaro Baz\u00e1n y Ariel Carrera pertenecen a los departamentos Chamical y \u00c1ngel Vicente Pe\u00f1aloza. Ya se","og_url":"https:\/\/laredlarioja.com.ar\/sitio\/mundial-de-dodgeball-dos-jugadores-riojanos-estan-en-la-seleccion-argentina\/","og_site_name":"LA RED 88.3 LA RIOJA","article_publisher":"https:\/\/www.facebook.com\/lared.larioja","article_published_time":"2024-08-07T22:06:58+00:00","article_modified_time":"2024-08-07T22:51:23+00:00","og_image":[{"width":760,"height":356,"url":"https:\/\/laredlarioja.com.ar\/sitio\/wp-content\/uploads\/2024\/08\/282906_1723026088.jpg","type":"image\/jpeg"}],"author":"Anabella Soria","twitter_card":"summary_large_image","twitter_creator":"@laredlarioja1","twitter_site":"@laredlarioja1","twitter_misc":{"Escrito por":"Anabella Soria","Tiempo de lectura":"1 minuto"},"schema":{"@context":"https:\/\/schema.org","@graph":[{"@type":"Article","@id":"https:\/\/laredlarioja.com.ar\/sitio\/mundial-de-dodgeball-dos-jugadores-riojanos-estan-en-la-seleccion-argentina\/#article","isPartOf":{"@id":"https:\/\/laredlarioja.com.ar\/sitio\/mundial-de-dodgeball-dos-jugadores-riojanos-estan-en-la-seleccion-argentina\/"},"author":{"name":"Anabella Soria","@id":"https:\/\/laredlarioja.com.ar\/sitio\/#\/schema\/person\/31f88059d20c5cf06e974fd895aec56e"},"headline":"Mundial de Dodgeball: tres jugadores riojanos est\u00e1n en la selecci\u00f3n argentina","datePublished":"2024-08-07T22:06:58+00:00","dateModified":"2024-08-07T22:51:23+00:00","mainEntityOfPage":{"@id":"https:\/\/laredlarioja.com.ar\/sitio\/mundial-de-dodgeball-dos-jugadores-riojanos-estan-en-la-seleccion-argentina\/"},"wordCount":200,"publisher":{"@id":"https:\/\/laredlarioja.com.ar\/sitio\/#organization"},"image":{"@id":"https:\/\/laredlarioja.com.ar\/sitio\/mundial-de-dodgeball-dos-jugadores-riojanos-estan-en-la-seleccion-argentina\/#primaryimage"},"thumbnailUrl":"https:\/\/laredlarioja.com.ar\/sitio\/wp-content\/uploads\/2024\/08\/282906_1723026088.jpg","articleSection":["Deportes"],"inLanguage":"es"},{"@type":"WebPage","@id":"https:\/\/laredlarioja.com.ar\/sitio\/mundial-de-dodgeball-dos-jugadores-riojanos-estan-en-la-seleccion-argentina\/","url":"https:\/\/laredlarioja.com.ar\/sitio\/mundial-de-dodgeball-dos-jugadores-riojanos-estan-en-la-seleccion-argentina\/","name":"Mundial de Dodgeball: tres jugadores riojanos est\u00e1n en la selecci\u00f3n argentina - LA RED 88.3 LA RIOJA","isPartOf":{"@id":"https:\/\/laredlarioja.com.ar\/sitio\/#website"},"primaryImageOfPage":{"@id":"https:\/\/laredlarioja.com.ar\/sitio\/mundial-de-dodgeball-dos-jugadores-riojanos-estan-en-la-seleccion-argentina\/#primaryimage"},"image":{"@id":"https:\/\/laredlarioja.com.ar\/sitio\/mundial-de-dodgeball-dos-jugadores-riojanos-estan-en-la-seleccion-argentina\/#primaryimage"},"thumbnailUrl":"https:\/\/laredlarioja.com.ar\/sitio\/wp-content\/uploads\/2024\/08\/282906_1723026088.jpg","datePublished":"2024-08-07T22:06:58+00:00","dateModified":"2024-08-07T22:51:23+00:00","breadcrumb":{"@id":"https:\/\/laredlarioja.com.ar\/sitio\/mundial-de-dodgeball-dos-jugadores-riojanos-estan-en-la-seleccion-argentina\/#breadcrumb"},"inLanguage":"es","potentialAction":[{"@type":"ReadAction","target":["https:\/\/laredlarioja.com.ar\/sitio\/mundial-de-dodgeball-dos-jugadores-riojanos-estan-en-la-seleccion-argentina\/"]}]},{"@type":"ImageObject","inLanguage":"es","@id":"https:\/\/laredlarioja.com.ar\/sitio\/mundial-de-dodgeball-dos-jugadores-riojanos-estan-en-la-seleccion-argentina\/#primaryimage","url":"https:\/\/laredlarioja.com.ar\/sitio\/wp-content\/uploads\/2024\/08\/282906_1723026088.jpg","contentUrl":"https:\/\/laredlarioja.com.ar\/sitio\/wp-content\/uploads\/2024\/08\/282906_1723026088.jpg","width":760,"height":356},{"@type":"BreadcrumbList","@id":"https:\/\/laredlarioja.com.ar\/sitio\/mundial-de-dodgeball-dos-jugadores-riojanos-estan-en-la-seleccion-argentina\/#breadcrumb","itemListElement":[{"@type":"ListItem","position":1,"name":"Portada","item":"https:\/\/laredlarioja.com.ar\/sitio\/"},{"@type":"ListItem","position":2,"name":"Mundial de Dodgeball: tres jugadores riojanos est\u00e1n en la selecci\u00f3n argentina"}]},{"@type":"WebSite","@id":"https:\/\/laredlarioja.com.ar\/sitio\/#website","url":"https:\/\/laredlarioja.com.ar\/sitio\/","name":"LA RED 88.3 LA RIOJA","description":"Sitio de Noticias","publisher":{"@id":"https:\/\/laredlarioja.com.ar\/sitio\/#organization"},"potentialAction":[{"@type":"SearchAction","target":{"@type":"EntryPoint","urlTemplate":"https:\/\/laredlarioja.com.ar\/sitio\/?s={search_term_string}"},"query-input":{"@type":"PropertyValueSpecification","valueRequired":true,"valueName":"search_term_string"}}],"inLanguage":"es"},{"@type":"Organization","@id":"https:\/\/laredlarioja.com.ar\/sitio\/#organization","name":"LA RED 88.3 LA RIOJA","url":"https:\/\/laredlarioja.com.ar\/sitio\/","logo":{"@type":"ImageObject","inLanguage":"es","@id":"https:\/\/laredlarioja.com.ar\/sitio\/#\/schema\/logo\/image\/","url":"https:\/\/laredlarioja.com.ar\/sitio\/wp-content\/uploads\/2025\/05\/LOGO-LA-RED.png","contentUrl":"https:\/\/laredlarioja.com.ar\/sitio\/wp-content\/uploads\/2025\/05\/LOGO-LA-RED.png","width":193,"height":340,"caption":"LA RED 88.3 LA RIOJA"},"image":{"@id":"https:\/\/laredlarioja.com.ar\/sitio\/#\/schema\/logo\/image\/"},"sameAs":["https:\/\/www.facebook.com\/lared.larioja","https:\/\/x.com\/laredlarioja1","https:\/\/www.instagram.com\/lared_larioja\/"]},{"@type":"Person","@id":"https:\/\/laredlarioja.com.ar\/sitio\/#\/schema\/person\/31f88059d20c5cf06e974fd895aec56e","name":"Anabella Soria","url":"https:\/\/laredlarioja.com.ar\/sitio\/author\/asoria\/"}]}},"featured_image_urls":{"full":["https:\/\/laredlarioja.com.ar\/sitio\/wp-content\/uploads\/2024\/08\/282906_1723026088.jpg",760,356,false],"thumbnail":["https:\/\/laredlarioja.com.ar\/sitio\/wp-content\/uploads\/2024\/08\/282906_1723026088-150x150.jpg",150,150,true],"medium":["https:\/\/laredlarioja.com.ar\/sitio\/wp-content\/uploads\/2024\/08\/282906_1723026088-300x141.jpg",300,141,true],"medium_large":["https:\/\/laredlarioja.com.ar\/sitio\/wp-content\/uploads\/2024\/08\/282906_1723026088.jpg",640,300,false],"large":["https:\/\/laredlarioja.com.ar\/sitio\/wp-content\/uploads\/2024\/08\/282906_1723026088.jpg",640,300,false],"1536x1536":["https:\/\/laredlarioja.com.ar\/sitio\/wp-content\/uploads\/2024\/08\/282906_1723026088.jpg",760,356,false],"2048x2048":["https:\/\/laredlarioja.com.ar\/sitio\/wp-content\/uploads\/2024\/08\/282906_1723026088.jpg",760,356,false],"cvmm-medium":["https:\/\/laredlarioja.com.ar\/sitio\/wp-content\/uploads\/2024\/08\/282906_1723026088-300x300.jpg",300,300,true],"cvmm-medium-plus":["https:\/\/laredlarioja.com.ar\/sitio\/wp-content\/uploads\/2024\/08\/282906_1723026088-305x207.jpg",305,207,true],"cvmm-portrait":["https:\/\/laredlarioja.com.ar\/sitio\/wp-content\/uploads\/2024\/08\/282906_1723026088-400x356.jpg",400,356,true],"cvmm-medium-square":["https:\/\/laredlarioja.com.ar\/sitio\/wp-content\/uploads\/2024\/08\/282906_1723026088-600x356.jpg",600,356,true],"cvmm-large":["https:\/\/laredlarioja.com.ar\/sitio\/wp-content\/uploads\/2024\/08\/282906_1723026088.jpg",760,356,false],"cvmm-small":["https:\/\/laredlarioja.com.ar\/sitio\/wp-content\/uploads\/2024\/08\/282906_1723026088-130x95.jpg",130,95,true],"morenews-large":["https:\/\/laredlarioja.com.ar\/sitio\/wp-content\/uploads\/2024\/08\/282906_1723026088.jpg",760,356,false],"morenews-medium":["https:\/\/laredlarioja.com.ar\/sitio\/wp-content\/uploads\/2024\/08\/282906_1723026088-590x356.jpg",590,356,true]},"author_info":{"display_name":"Anabella Soria","author_link":"https:\/\/laredlarioja.com.ar\/sitio\/author\/asoria\/"},"category_info":"<a href=\"https:\/\/laredlarioja.com.ar\/sitio\/categorias\/deportes\/\" rel=\"category tag\">Deportes<\/a>","tag_info":"Deportes","comment_count":"0","blog_post_layout_featured_media_urls":{"thumbnail":["https:\/\/laredlarioja.com.ar\/sitio\/wp-content\/uploads\/2024\/08\/282906_1723026088-150x150.jpg",150,150,true],"full":["https:\/\/laredlarioja.com.ar\/sitio\/wp-content\/uploads\/2024\/08\/282906_1723026088.jpg",760,356,false]},"categories_names":{"26":{"name":"Deportes","link":"https:\/\/laredlarioja.com.ar\/sitio\/categorias\/deportes\/"}},"tags_names":[],"comments_number":"0","wpmagazine_modules_lite_featured_media_urls":{"thumbnail":["https:\/\/laredlarioja.com.ar\/sitio\/wp-content\/uploads\/2024\/08\/282906_1723026088-150x150.jpg",150,150,true],"cvmm-medium":["https:\/\/laredlarioja.com.ar\/sitio\/wp-content\/uploads\/2024\/08\/282906_1723026088-300x300.jpg",300,300,true],"cvmm-medium-plus":["https:\/\/laredlarioja.com.ar\/sitio\/wp-content\/uploads\/2024\/08\/282906_1723026088-305x207.jpg",305,207,true],"cvmm-portrait":["https:\/\/laredlarioja.com.ar\/sitio\/wp-content\/uploads\/2024\/08\/282906_1723026088-400x356.jpg",400,356,true],"cvmm-medium-square":["https:\/\/laredlarioja.com.ar\/sitio\/wp-content\/uploads\/2024\/08\/282906_1723026088-600x356.jpg",600,356,true],"cvmm-large":["https:\/\/laredlarioja.com.ar\/sitio\/wp-content\/uploads\/2024\/08\/282906_1723026088.jpg",760,356,false],"cvmm-small":["https:\/\/laredlarioja.com.ar\/sitio\/wp-content\/uploads\/2024\/08\/282906_1723026088-130x95.jpg",130,95,true],"full":["https:\/\/laredlarioja.com.ar\/sitio\/wp-content\/uploads\/2024\/08\/282906_1723026088.jpg",760,356,false]},"_links":{"self":[{"href":"https:\/\/laredlarioja.com.ar\/sitio\/wp-json\/wp\/v2\/posts\/50078","targetHints":{"allow":["GET"]}}],"collection":[{"href":"https:\/\/laredlarioja.com.ar\/sitio\/wp-json\/wp\/v2\/posts"}],"about":[{"href":"https:\/\/laredlarioja.com.ar\/sitio\/wp-json\/wp\/v2\/types\/post"}],"author":[{"embeddable":true,"href":"https:\/\/laredlarioja.com.ar\/sitio\/wp-json\/wp\/v2\/users\/7"}],"replies":[{"embeddable":true,"href":"https:\/\/laredlarioja.com.ar\/sitio\/wp-json\/wp\/v2\/comments?post=50078"}],"version-history":[{"count":4,"href":"https:\/\/laredlarioja.com.ar\/sitio\/wp-json\/wp\/v2\/posts\/50078\/revisions"}],"predecessor-version":[{"id":50094,"href":"https:\/\/laredlarioja.com.ar\/sitio\/wp-json\/wp\/v2\/posts\/50078\/revisions\/50094"}],"wp:featuredmedia":[{"embeddable":true,"href":"https:\/\/laredlarioja.com.ar\/sitio\/wp-json\/wp\/v2\/media\/50079"}],"wp:attachment":[{"href":"https:\/\/laredlarioja.com.ar\/sitio\/wp-json\/wp\/v2\/media?parent=50078"}],"wp:term":[{"taxonomy":"category","embeddable":true,"href":"https:\/\/laredlarioja.com.ar\/sitio\/wp-json\/wp\/v2\/categories?post=50078"},{"taxonomy":"post_tag","embeddable":true,"href":"https:\/\/laredlarioja.com.ar\/sitio\/wp-json\/wp\/v2\/tags?post=50078"}],"curies":[{"name":"wp","href":"https:\/\/api.w.org\/{rel}","templated":true}]}}