{"id":51551,"date":"2024-09-07T16:13:07","date_gmt":"2024-09-07T16:13:07","guid":{"rendered":"https:\/\/laredlarioja.com.ar\/sitio\/?p=51551"},"modified":"2024-09-09T16:18:01","modified_gmt":"2024-09-09T16:18:01","slug":"inicio-el-taller-de-buenas-practicas-con-perspectiva-de-genero-para-oficiales-instructores","status":"publish","type":"post","link":"https:\/\/laredlarioja.com.ar\/sitio\/inicio-el-taller-de-buenas-practicas-con-perspectiva-de-genero-para-oficiales-instructores\/","title":{"rendered":"Inici\u00f3 el taller de \u00abBuenas Pr\u00e1cticas con perspectiva de g\u00e9nero\u00bb para oficiales instructores"},"content":{"rendered":"<p>La Presidenta del Tribunal Superior de Justicia (TSJ), Gabriela As\u00eds, junto al Vocal Juez, Claudio Sa\u00fal, y el Ministro de Seguridad, Justicia y Derechos Humanos, Miguel Z\u00e1rate, encabezaron la apertura del taller de \u201cBuenas Pr\u00e1cticas con Perspectiva de G\u00e9nero\u201d. Esta capacitaci\u00f3n est\u00e1 destinada a oficiales instructores de las nueve comisar\u00edas de la Capital y cuenta con el apoyo de la Secretaria de la Mujer y Diversidad, a cargo de Karen Navarro.<\/p>\n<p>En el discurso de apertura, As\u00eds reconoci\u00f3 que, pese a los esfuerzos realizados, a\u00fan queda mucho por hacer en la reducci\u00f3n de los \u00edndices de violencia de g\u00e9nero. Sin embargo, destac\u00f3 el compromiso interinstitucional entre los organismos involucrados para continuar trabajando en este objetivo. \u00abNo cesaremos en nuestro compromiso\u00bb, afirm\u00f3, y agreg\u00f3 que conoce de cerca el trabajo de quienes est\u00e1n involucrados, tanto desde la Secretar\u00eda de la Mujer como desde las fuerzas de seguridad y la justicia.<\/p>\n<p>En su discurso, tambi\u00e9n valor\u00f3 la labor de jueces, fiscales, porque impulsaron un enfoque centrado en la tem\u00e1tica de g\u00e9nero desde la escuela de capacitaci\u00f3n judicial, que ha sido un pilar fundamental en este proceso.<\/p>\n<p>La presidenta del TSJ hizo un llamado a todos los sectores que abordan esta problem\u00e1tica para dejar de lado las cr\u00edticas y la culpabilizaci\u00f3n, y concentrarse en activar canales de comunicaci\u00f3n efectivos. \u201cSolo as\u00ed las buenas pr\u00e1cticas comenzar\u00e1n a generar los resultados que todos estamos buscando\u201d, indic\u00f3.<\/p>\n<p>El taller te\u00f3rico-pr\u00e1ctico se desarrollar\u00e1 en el Sal\u00f3n Auditorio Monse\u00f1or Angelelli y M\u00e1rtires Riojanos, dentro del edificio central de Tribunales, los d\u00edas 6 y 20 de septiembre, y 4 y 14 de octubre. Esta iniciativa es llevada a cabo en coordinaci\u00f3n con diversas entidades del Gobierno de la Provincia.<\/p>\n<p><strong>Fuente:<\/strong> Tribunal Superior de Justicia<\/p>\n","protected":false},"excerpt":{"rendered":"<p>La Presidenta del Tribunal Superior de Justicia (TSJ), Gabriela As\u00eds, junto al Vocal Juez, Claudio Sa\u00fal, y el<\/p>\n","protected":false},"author":8,"featured_media":40326,"comment_status":"closed","ping_status":"open","sticky":false,"template":"","format":"standard","meta":{"footnotes":""},"categories":[94],"tags":[],"class_list":["post-51551","post","type-post","status-publish","format-standard","has-post-thumbnail","hentry","category-locales"],"yoast_head":"<!-- This site is optimized with the Yoast SEO plugin v27.4 - https:\/\/yoast.com\/product\/yoast-seo-wordpress\/ -->\n<title>Inici\u00f3 el taller de &quot;Buenas Pr\u00e1cticas con perspectiva de g\u00e9nero&quot; para oficiales instructores - LA RED 88.3 LA RIOJA<\/title>\n<meta name=\"robots\" content=\"index, follow, max-snippet:-1, max-image-preview:large, max-video-preview:-1\" \/>\n<link rel=\"canonical\" href=\"https:\/\/laredlarioja.com.ar\/sitio\/inicio-el-taller-de-buenas-practicas-con-perspectiva-de-genero-para-oficiales-instructores\/\" \/>\n<meta property=\"og:locale\" content=\"es_ES\" \/>\n<meta property=\"og:type\" content=\"article\" \/>\n<meta property=\"og:title\" content=\"Inici\u00f3 el taller de &quot;Buenas Pr\u00e1cticas con perspectiva de g\u00e9nero&quot; para oficiales instructores - LA RED 88.3 LA RIOJA\" \/>\n<meta property=\"og:description\" content=\"La Presidenta del Tribunal Superior de Justicia (TSJ), Gabriela As\u00eds, junto al Vocal Juez, Claudio Sa\u00fal, y el\" \/>\n<meta property=\"og:url\" content=\"https:\/\/laredlarioja.com.ar\/sitio\/inicio-el-taller-de-buenas-practicas-con-perspectiva-de-genero-para-oficiales-instructores\/\" \/>\n<meta property=\"og:site_name\" content=\"LA RED 88.3 LA RIOJA\" \/>\n<meta property=\"article:publisher\" content=\"https:\/\/www.facebook.com\/lared.larioja\" \/>\n<meta property=\"article:published_time\" content=\"2024-09-07T16:13:07+00:00\" \/>\n<meta property=\"article:modified_time\" content=\"2024-09-09T16:18:01+00:00\" \/>\n<meta property=\"og:image\" content=\"https:\/\/laredlarioja.com.ar\/sitio\/wp-content\/uploads\/2023\/12\/presidenta_Asis.jpg\" \/>\n\t<meta property=\"og:image:width\" content=\"1280\" \/>\n\t<meta property=\"og:image:height\" content=\"956\" \/>\n\t<meta property=\"og:image:type\" content=\"image\/jpeg\" \/>\n<meta name=\"author\" content=\"Mart\u00edn Ruarte\" \/>\n<meta name=\"twitter:card\" content=\"summary_large_image\" \/>\n<meta name=\"twitter:creator\" content=\"@laredlarioja1\" \/>\n<meta name=\"twitter:site\" content=\"@laredlarioja1\" \/>\n<meta name=\"twitter:label1\" content=\"Escrito por\" \/>\n\t<meta name=\"twitter:data1\" content=\"Mart\u00edn Ruarte\" \/>\n\t<meta name=\"twitter:label2\" content=\"Tiempo de lectura\" \/>\n\t<meta name=\"twitter:data2\" content=\"2 minutos\" \/>\n<script type=\"application\/ld+json\" class=\"yoast-schema-graph\">{\"@context\":\"https:\\\/\\\/schema.org\",\"@graph\":[{\"@type\":\"Article\",\"@id\":\"https:\\\/\\\/laredlarioja.com.ar\\\/sitio\\\/inicio-el-taller-de-buenas-practicas-con-perspectiva-de-genero-para-oficiales-instructores\\\/#article\",\"isPartOf\":{\"@id\":\"https:\\\/\\\/laredlarioja.com.ar\\\/sitio\\\/inicio-el-taller-de-buenas-practicas-con-perspectiva-de-genero-para-oficiales-instructores\\\/\"},\"author\":{\"name\":\"Mart\u00edn Ruarte\",\"@id\":\"https:\\\/\\\/laredlarioja.com.ar\\\/sitio\\\/#\\\/schema\\\/person\\\/3b1600cc7f8fd3617dc50f96d3503489\"},\"headline\":\"Inici\u00f3 el taller de \u00abBuenas Pr\u00e1cticas con perspectiva de g\u00e9nero\u00bb para oficiales instructores\",\"datePublished\":\"2024-09-07T16:13:07+00:00\",\"dateModified\":\"2024-09-09T16:18:01+00:00\",\"mainEntityOfPage\":{\"@id\":\"https:\\\/\\\/laredlarioja.com.ar\\\/sitio\\\/inicio-el-taller-de-buenas-practicas-con-perspectiva-de-genero-para-oficiales-instructores\\\/\"},\"wordCount\":326,\"publisher\":{\"@id\":\"https:\\\/\\\/laredlarioja.com.ar\\\/sitio\\\/#organization\"},\"image\":{\"@id\":\"https:\\\/\\\/laredlarioja.com.ar\\\/sitio\\\/inicio-el-taller-de-buenas-practicas-con-perspectiva-de-genero-para-oficiales-instructores\\\/#primaryimage\"},\"thumbnailUrl\":\"https:\\\/\\\/laredlarioja.com.ar\\\/sitio\\\/wp-content\\\/uploads\\\/2023\\\/12\\\/presidenta_Asis.jpg\",\"articleSection\":[\"Locales\"],\"inLanguage\":\"es\"},{\"@type\":\"WebPage\",\"@id\":\"https:\\\/\\\/laredlarioja.com.ar\\\/sitio\\\/inicio-el-taller-de-buenas-practicas-con-perspectiva-de-genero-para-oficiales-instructores\\\/\",\"url\":\"https:\\\/\\\/laredlarioja.com.ar\\\/sitio\\\/inicio-el-taller-de-buenas-practicas-con-perspectiva-de-genero-para-oficiales-instructores\\\/\",\"name\":\"Inici\u00f3 el taller de \\\"Buenas Pr\u00e1cticas con perspectiva de g\u00e9nero\\\" para oficiales instructores - LA RED 88.3 LA RIOJA\",\"isPartOf\":{\"@id\":\"https:\\\/\\\/laredlarioja.com.ar\\\/sitio\\\/#website\"},\"primaryImageOfPage\":{\"@id\":\"https:\\\/\\\/laredlarioja.com.ar\\\/sitio\\\/inicio-el-taller-de-buenas-practicas-con-perspectiva-de-genero-para-oficiales-instructores\\\/#primaryimage\"},\"image\":{\"@id\":\"https:\\\/\\\/laredlarioja.com.ar\\\/sitio\\\/inicio-el-taller-de-buenas-practicas-con-perspectiva-de-genero-para-oficiales-instructores\\\/#primaryimage\"},\"thumbnailUrl\":\"https:\\\/\\\/laredlarioja.com.ar\\\/sitio\\\/wp-content\\\/uploads\\\/2023\\\/12\\\/presidenta_Asis.jpg\",\"datePublished\":\"2024-09-07T16:13:07+00:00\",\"dateModified\":\"2024-09-09T16:18:01+00:00\",\"breadcrumb\":{\"@id\":\"https:\\\/\\\/laredlarioja.com.ar\\\/sitio\\\/inicio-el-taller-de-buenas-practicas-con-perspectiva-de-genero-para-oficiales-instructores\\\/#breadcrumb\"},\"inLanguage\":\"es\",\"potentialAction\":[{\"@type\":\"ReadAction\",\"target\":[\"https:\\\/\\\/laredlarioja.com.ar\\\/sitio\\\/inicio-el-taller-de-buenas-practicas-con-perspectiva-de-genero-para-oficiales-instructores\\\/\"]}]},{\"@type\":\"ImageObject\",\"inLanguage\":\"es\",\"@id\":\"https:\\\/\\\/laredlarioja.com.ar\\\/sitio\\\/inicio-el-taller-de-buenas-practicas-con-perspectiva-de-genero-para-oficiales-instructores\\\/#primaryimage\",\"url\":\"https:\\\/\\\/laredlarioja.com.ar\\\/sitio\\\/wp-content\\\/uploads\\\/2023\\\/12\\\/presidenta_Asis.jpg\",\"contentUrl\":\"https:\\\/\\\/laredlarioja.com.ar\\\/sitio\\\/wp-content\\\/uploads\\\/2023\\\/12\\\/presidenta_Asis.jpg\",\"width\":1280,\"height\":956},{\"@type\":\"BreadcrumbList\",\"@id\":\"https:\\\/\\\/laredlarioja.com.ar\\\/sitio\\\/inicio-el-taller-de-buenas-practicas-con-perspectiva-de-genero-para-oficiales-instructores\\\/#breadcrumb\",\"itemListElement\":[{\"@type\":\"ListItem\",\"position\":1,\"name\":\"Portada\",\"item\":\"https:\\\/\\\/laredlarioja.com.ar\\\/sitio\\\/\"},{\"@type\":\"ListItem\",\"position\":2,\"name\":\"Inici\u00f3 el taller de &#8220;Buenas Pr\u00e1cticas con perspectiva de g\u00e9nero&#8221; para oficiales instructores\"}]},{\"@type\":\"WebSite\",\"@id\":\"https:\\\/\\\/laredlarioja.com.ar\\\/sitio\\\/#website\",\"url\":\"https:\\\/\\\/laredlarioja.com.ar\\\/sitio\\\/\",\"name\":\"LA RED 88.3 LA RIOJA\",\"description\":\"Sitio de Noticias\",\"publisher\":{\"@id\":\"https:\\\/\\\/laredlarioja.com.ar\\\/sitio\\\/#organization\"},\"potentialAction\":[{\"@type\":\"SearchAction\",\"target\":{\"@type\":\"EntryPoint\",\"urlTemplate\":\"https:\\\/\\\/laredlarioja.com.ar\\\/sitio\\\/?s={search_term_string}\"},\"query-input\":{\"@type\":\"PropertyValueSpecification\",\"valueRequired\":true,\"valueName\":\"search_term_string\"}}],\"inLanguage\":\"es\"},{\"@type\":\"Organization\",\"@id\":\"https:\\\/\\\/laredlarioja.com.ar\\\/sitio\\\/#organization\",\"name\":\"LA RED 88.3 LA RIOJA\",\"url\":\"https:\\\/\\\/laredlarioja.com.ar\\\/sitio\\\/\",\"logo\":{\"@type\":\"ImageObject\",\"inLanguage\":\"es\",\"@id\":\"https:\\\/\\\/laredlarioja.com.ar\\\/sitio\\\/#\\\/schema\\\/logo\\\/image\\\/\",\"url\":\"https:\\\/\\\/laredlarioja.com.ar\\\/sitio\\\/wp-content\\\/uploads\\\/2025\\\/05\\\/LOGO-LA-RED.png\",\"contentUrl\":\"https:\\\/\\\/laredlarioja.com.ar\\\/sitio\\\/wp-content\\\/uploads\\\/2025\\\/05\\\/LOGO-LA-RED.png\",\"width\":193,\"height\":340,\"caption\":\"LA RED 88.3 LA RIOJA\"},\"image\":{\"@id\":\"https:\\\/\\\/laredlarioja.com.ar\\\/sitio\\\/#\\\/schema\\\/logo\\\/image\\\/\"},\"sameAs\":[\"https:\\\/\\\/www.facebook.com\\\/lared.larioja\",\"https:\\\/\\\/x.com\\\/laredlarioja1\",\"https:\\\/\\\/www.instagram.com\\\/lared_larioja\\\/\"]},{\"@type\":\"Person\",\"@id\":\"https:\\\/\\\/laredlarioja.com.ar\\\/sitio\\\/#\\\/schema\\\/person\\\/3b1600cc7f8fd3617dc50f96d3503489\",\"name\":\"Mart\u00edn Ruarte\",\"url\":\"https:\\\/\\\/laredlarioja.com.ar\\\/sitio\\\/author\\\/mruarte\\\/\"}]}<\/script>\n<!-- \/ Yoast SEO plugin. -->","yoast_head_json":{"title":"Inici\u00f3 el taller de \"Buenas Pr\u00e1cticas con perspectiva de g\u00e9nero\" para oficiales instructores - LA RED 88.3 LA RIOJA","robots":{"index":"index","follow":"follow","max-snippet":"max-snippet:-1","max-image-preview":"max-image-preview:large","max-video-preview":"max-video-preview:-1"},"canonical":"https:\/\/laredlarioja.com.ar\/sitio\/inicio-el-taller-de-buenas-practicas-con-perspectiva-de-genero-para-oficiales-instructores\/","og_locale":"es_ES","og_type":"article","og_title":"Inici\u00f3 el taller de \"Buenas Pr\u00e1cticas con perspectiva de g\u00e9nero\" para oficiales instructores - LA RED 88.3 LA RIOJA","og_description":"La Presidenta del Tribunal Superior de Justicia (TSJ), Gabriela As\u00eds, junto al Vocal Juez, Claudio Sa\u00fal, y el","og_url":"https:\/\/laredlarioja.com.ar\/sitio\/inicio-el-taller-de-buenas-practicas-con-perspectiva-de-genero-para-oficiales-instructores\/","og_site_name":"LA RED 88.3 LA RIOJA","article_publisher":"https:\/\/www.facebook.com\/lared.larioja","article_published_time":"2024-09-07T16:13:07+00:00","article_modified_time":"2024-09-09T16:18:01+00:00","og_image":[{"width":1280,"height":956,"url":"https:\/\/laredlarioja.com.ar\/sitio\/wp-content\/uploads\/2023\/12\/presidenta_Asis.jpg","type":"image\/jpeg"}],"author":"Mart\u00edn Ruarte","twitter_card":"summary_large_image","twitter_creator":"@laredlarioja1","twitter_site":"@laredlarioja1","twitter_misc":{"Escrito por":"Mart\u00edn Ruarte","Tiempo de lectura":"2 minutos"},"schema":{"@context":"https:\/\/schema.org","@graph":[{"@type":"Article","@id":"https:\/\/laredlarioja.com.ar\/sitio\/inicio-el-taller-de-buenas-practicas-con-perspectiva-de-genero-para-oficiales-instructores\/#article","isPartOf":{"@id":"https:\/\/laredlarioja.com.ar\/sitio\/inicio-el-taller-de-buenas-practicas-con-perspectiva-de-genero-para-oficiales-instructores\/"},"author":{"name":"Mart\u00edn Ruarte","@id":"https:\/\/laredlarioja.com.ar\/sitio\/#\/schema\/person\/3b1600cc7f8fd3617dc50f96d3503489"},"headline":"Inici\u00f3 el taller de \u00abBuenas Pr\u00e1cticas con perspectiva de g\u00e9nero\u00bb para oficiales instructores","datePublished":"2024-09-07T16:13:07+00:00","dateModified":"2024-09-09T16:18:01+00:00","mainEntityOfPage":{"@id":"https:\/\/laredlarioja.com.ar\/sitio\/inicio-el-taller-de-buenas-practicas-con-perspectiva-de-genero-para-oficiales-instructores\/"},"wordCount":326,"publisher":{"@id":"https:\/\/laredlarioja.com.ar\/sitio\/#organization"},"image":{"@id":"https:\/\/laredlarioja.com.ar\/sitio\/inicio-el-taller-de-buenas-practicas-con-perspectiva-de-genero-para-oficiales-instructores\/#primaryimage"},"thumbnailUrl":"https:\/\/laredlarioja.com.ar\/sitio\/wp-content\/uploads\/2023\/12\/presidenta_Asis.jpg","articleSection":["Locales"],"inLanguage":"es"},{"@type":"WebPage","@id":"https:\/\/laredlarioja.com.ar\/sitio\/inicio-el-taller-de-buenas-practicas-con-perspectiva-de-genero-para-oficiales-instructores\/","url":"https:\/\/laredlarioja.com.ar\/sitio\/inicio-el-taller-de-buenas-practicas-con-perspectiva-de-genero-para-oficiales-instructores\/","name":"Inici\u00f3 el taller de \"Buenas Pr\u00e1cticas con perspectiva de g\u00e9nero\" para oficiales instructores - LA RED 88.3 LA RIOJA","isPartOf":{"@id":"https:\/\/laredlarioja.com.ar\/sitio\/#website"},"primaryImageOfPage":{"@id":"https:\/\/laredlarioja.com.ar\/sitio\/inicio-el-taller-de-buenas-practicas-con-perspectiva-de-genero-para-oficiales-instructores\/#primaryimage"},"image":{"@id":"https:\/\/laredlarioja.com.ar\/sitio\/inicio-el-taller-de-buenas-practicas-con-perspectiva-de-genero-para-oficiales-instructores\/#primaryimage"},"thumbnailUrl":"https:\/\/laredlarioja.com.ar\/sitio\/wp-content\/uploads\/2023\/12\/presidenta_Asis.jpg","datePublished":"2024-09-07T16:13:07+00:00","dateModified":"2024-09-09T16:18:01+00:00","breadcrumb":{"@id":"https:\/\/laredlarioja.com.ar\/sitio\/inicio-el-taller-de-buenas-practicas-con-perspectiva-de-genero-para-oficiales-instructores\/#breadcrumb"},"inLanguage":"es","potentialAction":[{"@type":"ReadAction","target":["https:\/\/laredlarioja.com.ar\/sitio\/inicio-el-taller-de-buenas-practicas-con-perspectiva-de-genero-para-oficiales-instructores\/"]}]},{"@type":"ImageObject","inLanguage":"es","@id":"https:\/\/laredlarioja.com.ar\/sitio\/inicio-el-taller-de-buenas-practicas-con-perspectiva-de-genero-para-oficiales-instructores\/#primaryimage","url":"https:\/\/laredlarioja.com.ar\/sitio\/wp-content\/uploads\/2023\/12\/presidenta_Asis.jpg","contentUrl":"https:\/\/laredlarioja.com.ar\/sitio\/wp-content\/uploads\/2023\/12\/presidenta_Asis.jpg","width":1280,"height":956},{"@type":"BreadcrumbList","@id":"https:\/\/laredlarioja.com.ar\/sitio\/inicio-el-taller-de-buenas-practicas-con-perspectiva-de-genero-para-oficiales-instructores\/#breadcrumb","itemListElement":[{"@type":"ListItem","position":1,"name":"Portada","item":"https:\/\/laredlarioja.com.ar\/sitio\/"},{"@type":"ListItem","position":2,"name":"Inici\u00f3 el taller de &#8220;Buenas Pr\u00e1cticas con perspectiva de g\u00e9nero&#8221; para oficiales instructores"}]},{"@type":"WebSite","@id":"https:\/\/laredlarioja.com.ar\/sitio\/#website","url":"https:\/\/laredlarioja.com.ar\/sitio\/","name":"LA RED 88.3 LA RIOJA","description":"Sitio de Noticias","publisher":{"@id":"https:\/\/laredlarioja.com.ar\/sitio\/#organization"},"potentialAction":[{"@type":"SearchAction","target":{"@type":"EntryPoint","urlTemplate":"https:\/\/laredlarioja.com.ar\/sitio\/?s={search_term_string}"},"query-input":{"@type":"PropertyValueSpecification","valueRequired":true,"valueName":"search_term_string"}}],"inLanguage":"es"},{"@type":"Organization","@id":"https:\/\/laredlarioja.com.ar\/sitio\/#organization","name":"LA RED 88.3 LA RIOJA","url":"https:\/\/laredlarioja.com.ar\/sitio\/","logo":{"@type":"ImageObject","inLanguage":"es","@id":"https:\/\/laredlarioja.com.ar\/sitio\/#\/schema\/logo\/image\/","url":"https:\/\/laredlarioja.com.ar\/sitio\/wp-content\/uploads\/2025\/05\/LOGO-LA-RED.png","contentUrl":"https:\/\/laredlarioja.com.ar\/sitio\/wp-content\/uploads\/2025\/05\/LOGO-LA-RED.png","width":193,"height":340,"caption":"LA RED 88.3 LA RIOJA"},"image":{"@id":"https:\/\/laredlarioja.com.ar\/sitio\/#\/schema\/logo\/image\/"},"sameAs":["https:\/\/www.facebook.com\/lared.larioja","https:\/\/x.com\/laredlarioja1","https:\/\/www.instagram.com\/lared_larioja\/"]},{"@type":"Person","@id":"https:\/\/laredlarioja.com.ar\/sitio\/#\/schema\/person\/3b1600cc7f8fd3617dc50f96d3503489","name":"Mart\u00edn Ruarte","url":"https:\/\/laredlarioja.com.ar\/sitio\/author\/mruarte\/"}]}},"featured_image_urls":{"full":["https:\/\/laredlarioja.com.ar\/sitio\/wp-content\/uploads\/2023\/12\/presidenta_Asis.jpg",1280,956,false],"thumbnail":["https:\/\/laredlarioja.com.ar\/sitio\/wp-content\/uploads\/2023\/12\/presidenta_Asis-150x150.jpg",150,150,true],"medium":["https:\/\/laredlarioja.com.ar\/sitio\/wp-content\/uploads\/2023\/12\/presidenta_Asis-300x224.jpg",300,224,true],"medium_large":["https:\/\/laredlarioja.com.ar\/sitio\/wp-content\/uploads\/2023\/12\/presidenta_Asis-768x574.jpg",640,478,true],"large":["https:\/\/laredlarioja.com.ar\/sitio\/wp-content\/uploads\/2023\/12\/presidenta_Asis-1024x765.jpg",640,478,true],"1536x1536":["https:\/\/laredlarioja.com.ar\/sitio\/wp-content\/uploads\/2023\/12\/presidenta_Asis.jpg",1280,956,false],"2048x2048":["https:\/\/laredlarioja.com.ar\/sitio\/wp-content\/uploads\/2023\/12\/presidenta_Asis.jpg",1280,956,false],"cvmm-medium":["https:\/\/laredlarioja.com.ar\/sitio\/wp-content\/uploads\/2023\/12\/presidenta_Asis-300x300.jpg",300,300,true],"cvmm-medium-plus":["https:\/\/laredlarioja.com.ar\/sitio\/wp-content\/uploads\/2023\/12\/presidenta_Asis-305x207.jpg",305,207,true],"cvmm-portrait":["https:\/\/laredlarioja.com.ar\/sitio\/wp-content\/uploads\/2023\/12\/presidenta_Asis-400x600.jpg",400,600,true],"cvmm-medium-square":["https:\/\/laredlarioja.com.ar\/sitio\/wp-content\/uploads\/2023\/12\/presidenta_Asis-600x600.jpg",600,600,true],"cvmm-large":["https:\/\/laredlarioja.com.ar\/sitio\/wp-content\/uploads\/2023\/12\/presidenta_Asis-1024x956.jpg",1024,956,true],"cvmm-small":["https:\/\/laredlarioja.com.ar\/sitio\/wp-content\/uploads\/2023\/12\/presidenta_Asis-130x95.jpg",130,95,true],"morenews-large":["https:\/\/laredlarioja.com.ar\/sitio\/wp-content\/uploads\/2023\/12\/presidenta_Asis-825x575.jpg",825,575,true],"morenews-medium":["https:\/\/laredlarioja.com.ar\/sitio\/wp-content\/uploads\/2023\/12\/presidenta_Asis-590x410.jpg",590,410,true]},"author_info":{"display_name":"Mart\u00edn Ruarte","author_link":"https:\/\/laredlarioja.com.ar\/sitio\/author\/mruarte\/"},"category_info":"<a href=\"https:\/\/laredlarioja.com.ar\/sitio\/categorias\/locales\/\" rel=\"category tag\">Locales<\/a>","tag_info":"Locales","comment_count":"0","blog_post_layout_featured_media_urls":{"thumbnail":["https:\/\/laredlarioja.com.ar\/sitio\/wp-content\/uploads\/2023\/12\/presidenta_Asis-150x150.jpg",150,150,true],"full":["https:\/\/laredlarioja.com.ar\/sitio\/wp-content\/uploads\/2023\/12\/presidenta_Asis.jpg",1280,956,false]},"categories_names":{"94":{"name":"Locales","link":"https:\/\/laredlarioja.com.ar\/sitio\/categorias\/locales\/"}},"tags_names":[],"comments_number":"0","wpmagazine_modules_lite_featured_media_urls":{"thumbnail":["https:\/\/laredlarioja.com.ar\/sitio\/wp-content\/uploads\/2023\/12\/presidenta_Asis-150x150.jpg",150,150,true],"cvmm-medium":["https:\/\/laredlarioja.com.ar\/sitio\/wp-content\/uploads\/2023\/12\/presidenta_Asis-300x300.jpg",300,300,true],"cvmm-medium-plus":["https:\/\/laredlarioja.com.ar\/sitio\/wp-content\/uploads\/2023\/12\/presidenta_Asis-305x207.jpg",305,207,true],"cvmm-portrait":["https:\/\/laredlarioja.com.ar\/sitio\/wp-content\/uploads\/2023\/12\/presidenta_Asis-400x600.jpg",400,600,true],"cvmm-medium-square":["https:\/\/laredlarioja.com.ar\/sitio\/wp-content\/uploads\/2023\/12\/presidenta_Asis-600x600.jpg",600,600,true],"cvmm-large":["https:\/\/laredlarioja.com.ar\/sitio\/wp-content\/uploads\/2023\/12\/presidenta_Asis-1024x956.jpg",1024,956,true],"cvmm-small":["https:\/\/laredlarioja.com.ar\/sitio\/wp-content\/uploads\/2023\/12\/presidenta_Asis-130x95.jpg",130,95,true],"full":["https:\/\/laredlarioja.com.ar\/sitio\/wp-content\/uploads\/2023\/12\/presidenta_Asis.jpg",1280,956,false]},"_links":{"self":[{"href":"https:\/\/laredlarioja.com.ar\/sitio\/wp-json\/wp\/v2\/posts\/51551","targetHints":{"allow":["GET"]}}],"collection":[{"href":"https:\/\/laredlarioja.com.ar\/sitio\/wp-json\/wp\/v2\/posts"}],"about":[{"href":"https:\/\/laredlarioja.com.ar\/sitio\/wp-json\/wp\/v2\/types\/post"}],"author":[{"embeddable":true,"href":"https:\/\/laredlarioja.com.ar\/sitio\/wp-json\/wp\/v2\/users\/8"}],"replies":[{"embeddable":true,"href":"https:\/\/laredlarioja.com.ar\/sitio\/wp-json\/wp\/v2\/comments?post=51551"}],"version-history":[{"count":1,"href":"https:\/\/laredlarioja.com.ar\/sitio\/wp-json\/wp\/v2\/posts\/51551\/revisions"}],"predecessor-version":[{"id":51552,"href":"https:\/\/laredlarioja.com.ar\/sitio\/wp-json\/wp\/v2\/posts\/51551\/revisions\/51552"}],"wp:featuredmedia":[{"embeddable":true,"href":"https:\/\/laredlarioja.com.ar\/sitio\/wp-json\/wp\/v2\/media\/40326"}],"wp:attachment":[{"href":"https:\/\/laredlarioja.com.ar\/sitio\/wp-json\/wp\/v2\/media?parent=51551"}],"wp:term":[{"taxonomy":"category","embeddable":true,"href":"https:\/\/laredlarioja.com.ar\/sitio\/wp-json\/wp\/v2\/categories?post=51551"},{"taxonomy":"post_tag","embeddable":true,"href":"https:\/\/laredlarioja.com.ar\/sitio\/wp-json\/wp\/v2\/tags?post=51551"}],"curies":[{"name":"wp","href":"https:\/\/api.w.org\/{rel}","templated":true}]}}