{"id":51573,"date":"2024-09-09T13:03:31","date_gmt":"2024-09-09T13:03:31","guid":{"rendered":"https:\/\/laredlarioja.com.ar\/sitio\/?p=51573"},"modified":"2024-09-09T13:05:41","modified_gmt":"2024-09-09T13:05:41","slug":"grupo-dory-el-grupo-que-trajo-la-innovacion-y-el-juego-en-el-arte-contemporaneo-riojano","status":"publish","type":"post","link":"https:\/\/laredlarioja.com.ar\/sitio\/grupo-dory-el-grupo-que-trajo-la-innovacion-y-el-juego-en-el-arte-contemporaneo-riojano\/","title":{"rendered":"Grupo Dory: innovaci\u00f3n y  juego en el arte contempor\u00e1neo riojano"},"content":{"rendered":"<p>El grupo de artistas riojanos, Dory retorn\u00f3 con una muestra que estar\u00e1 disponible hasta el 26 de septiembre en el <strong>Espacio de Arte Contempor\u00e1neo llamada \u201cBuscando a Dory\u201d <\/strong>que hace un recorrido del grupo art\u00edstico desde sus comienzos hasta la actualidad.<\/p>\n<p>En el 2004, se integr\u00f3 un grupo de estudiantes y artistas riojanos llamado Dory, el cual incorporaba en su quehacer cultural toda la tradici\u00f3n del grupo Cal\u00edbar para inspirarse en la irrupci\u00f3n y exploraci\u00f3n de lo nuevo: Dory, para la provincia signific\u00f3 la introducci\u00f3n del arte contempor\u00e1neo en contraposici\u00f3n con lo cl\u00e1sico. Eliana Bustamante, artista y docente, se refiere a esta etapa como una que \u201cven\u00eda a romper con la tradici\u00f3n instalada en ese momento (que era la modernidad y el costumbrismo) y a la vez, generar obras que sean cr\u00edticas e irreverentes\u00bb. \u00abQuer\u00edamos romper con la solemnidad del arte\u201d, expres\u00f3 a La Red.<\/p>\n<p>El grupo Dory tuvo varias etapas en muy corto tiempo. En un primer comienzo fue integrado por Ariel Vera, Rolando C\u00e1ceres, Hugo Albrieu, Juan Carlos Ortega, Cecilia Matzkin, Daniel Maidana, Andrea Bustamante, Fernando Garc\u00eda y Eliana. En su \u00faltima etapa \u201cquedamos Cecilia Matzkin, Andrea Bustamante, Rolando C\u00e1ceres, Hugo Albrieu y yo\u201d, record\u00f3 Eliana.<\/p>\n<p>Por esos a\u00f1os, todo lo que predominaba en el arte era el costumbrismo y el paisajismo, con obras que caracterizaban la vida rural, en los campos y ranchos de nuestra provincia. No obstante, todo avanzaba muy r\u00e1pido en la contemporaneidad: la m\u00fasica, el avance tecnol\u00f3gico y la provincia que cada d\u00eda era m\u00e1s ciudad no coincid\u00edan con el arte pict\u00f3rico \u00a0que los artistas consum\u00edan. \u201c<strong>Como grupo nos propusimos salir un poco del arte moderno, porque realmente no nos representaba. Espec\u00edficamente en La Rioja se usaba mucho pintar el costumbrismo, que ser\u00eda retratar los campos, ranchos, quehaceres de la vida rural o paisajismo. Y estas tem\u00e1ticas la verdad que ya no nos representa, nosotros no viv\u00edamos en un rancho y no llev\u00e1bamos ese tipo de vida\u201d.<\/strong> coment\u00f3.<\/p>\n<p>En esta b\u00fasqueda de lo nuevo, apareci\u00f3 el grupo Cal\u00edbar como un lugar de inspiraci\u00f3n. Este grupo, integrado por artistas, m\u00fasicos y poetas en el a\u00f1o 1952 y extendi\u00e9ndose a lo largo de los a\u00f1os con 3 periodos, gravit\u00f3 la cultura para la provincia, siendo de eje vital para las producciones art\u00edsticas. \u201cTomamos referencias solo de Calibar. Sobre todo por ser pioneros para la provincia y por c\u00f3mo se resistieron al sistema con su sarcasmo y su compromiso con el arte\u201d reflexiona Eliana.<\/p>\n<p>A trav\u00e9s de esto se empieza a dar el juego y lo nuevo: los artistas se juntaban a jugar y experimentar con el arte en todas sus formas, siguiendo la improvisaci\u00f3n y la exploraci\u00f3n de lo gestual. \u201cPor ah\u00ed lo que hac\u00edamos era poner m\u00fasica y ser gestuales, escuchando el ritmo de la m\u00fasica y sigui\u00e9ndolo con el pincel: sin seguir una l\u00ednea, ni ninguna forma. Sino que dejamos un gesto en el lienzo que se lo sigue como una huella.\u201d explica la docente y agrega \u201cDespu\u00e9s buscamos tem\u00e1ticas m\u00e1s contempor\u00e1neas para retratar nuestro arte, como la soledad, la depresi\u00f3n, el individualismo.\u201d<\/p>\n<p>Una de sus dos presentaciones m\u00e1s innovadoras y desafiantes se dio entre el a\u00f1o 2004 y 2006. Por ejemplo, en el 2004, se presentaron con una propuesta interactiva con los asistentes, ya interrumpieron una exposici\u00f3n y aparecieron con unas remeras estampadas con unos blancos, para que estos pudieran ser manchados y \u201catacados\u201d por el p\u00fablico con pintura y otros objetos. <strong>\u201cParamos todo, con una m\u00fasica muy fuerte y ah\u00ed entramos nosotros con movimientos rob\u00f3ticos para subirnos a una tarima y ah\u00ed el p\u00fablico nos comenz\u00f3 a lanzar pintura que nosotros hab\u00edamos cargado con pistolitas o bombas, tambi\u00e9n aparecieron otros objetos como juguetes o flores. El resultado entonces, fueron unas remeras realizadas por el p\u00fablico\u201d<\/strong> record\u00f3 Bustamante.<\/p>\n<p>En el 2006 volvieron a aparecer con una instalaci\u00f3n llamada \u201cDory al blanco\u201d, presentada en el Sal\u00f3n de Arte de la Agencia Cultural, cuyo lema fue presentarse como \u201cblancos emocionales\u201d. Se trat\u00f3 de una instalaci\u00f3n en la que la figura humana es el blanco donde los artistas apuntaron sus emociones. En ese momento, el grupo trajo a la sociedad un pu\u00f1ado de tem\u00e1ticas desafiantes que dejaron pensando a los espectadores: desde el aborto, el humor, la mentira, el consumo y la muerte.<\/p>\n<p>\u201cEn el 2006 nos juntamos como tantas veces y se nos ocurri\u00f3 elegir un objeto entre todos para que sea intervenido. Elegimos la figura de tiro al blanco y cada uno ten\u00eda que hacer una serie para trabajar un tema en particular que el otro no sepa. Salieron cosas muy interesantes: la vida y la muerte, los v\u00ednculos familiares, el consumismo, el aborto y los ni\u00f1os en las guerras\u00bb, explic\u00f3.<\/p>\n<p>\u201cBuscando a Dory\u201d es el nombre de la \u00faltima muestra del grupo Dory, la cual estar\u00e1 presente hasta el 26 de septiembre en el Espacio de Arte Contempor\u00e1neo y\u00a0 muestra todos los trabajos del grupo desde el 2004 hasta el 2006, con una selecci\u00f3n de las obras trabajadas en a\u00f1os posteriores, de forma individual por sus integrantes. \u201cLa recopilaci\u00f3n que hizo Diana Guzm\u00e1n con fotos, archivos, y objetos fue un trabajo de rescate y de homenaje para el grupo. El objetivo es construir la historia del arte riojano para las nuevas generaciones\u201d<\/p>\n<p>Recordar a Dory es evocar toda una \u00e9poca de desaf\u00edos y de ideas alocadas que en su momento fueron mal vistas por la sociedad. Una puerta abierta para las nuevas generaciones, ya que Dory inspira a los j\u00f3venes al mostrar que el arte no es solo solemnidad y compromiso, sino tambi\u00e9n juego y creatividad.<\/p>\n<p>&nbsp;<\/p>\n<p><a href=\"https:\/\/laredlarioja.com.ar\/sitio\/wp-content\/uploads\/2024\/09\/fdccec75-8f6d-4fab-9795-7af1bd5d07e1.jpeg\"><img fetchpriority=\"high\" decoding=\"async\" class=\"aligncenter wp-image-51575 size-full\" src=\"https:\/\/laredlarioja.com.ar\/sitio\/wp-content\/uploads\/2024\/09\/fdccec75-8f6d-4fab-9795-7af1bd5d07e1.jpeg\" alt=\"\" width=\"720\" height=\"882\" srcset=\"https:\/\/laredlarioja.com.ar\/sitio\/wp-content\/uploads\/2024\/09\/fdccec75-8f6d-4fab-9795-7af1bd5d07e1.jpeg 720w, https:\/\/laredlarioja.com.ar\/sitio\/wp-content\/uploads\/2024\/09\/fdccec75-8f6d-4fab-9795-7af1bd5d07e1-245x300.jpeg 245w\" sizes=\"(max-width: 720px) 100vw, 720px\" \/><\/a><\/p>\n<p>&nbsp;<\/p>\n","protected":false},"excerpt":{"rendered":"<p>El grupo de artistas riojanos, Dory retorn\u00f3 con una muestra que estar\u00e1 disponible hasta el 26 de septiembre<\/p>\n","protected":false},"author":10,"featured_media":51576,"comment_status":"closed","ping_status":"open","sticky":false,"template":"","format":"standard","meta":{"footnotes":""},"categories":[27],"tags":[84,92],"class_list":["post-51573","post","type-post","status-publish","format-standard","has-post-thumbnail","hentry","category-cultura-y-espectaculos","tag-secundaria","tag-secundarias"],"yoast_head":"<!-- This site is optimized with the Yoast SEO plugin v27.4 - https:\/\/yoast.com\/product\/yoast-seo-wordpress\/ -->\n<title>Grupo Dory: innovaci\u00f3n y juego en el arte contempor\u00e1neo riojano - LA RED 88.3 LA RIOJA<\/title>\n<meta name=\"robots\" content=\"index, follow, max-snippet:-1, max-image-preview:large, max-video-preview:-1\" \/>\n<link rel=\"canonical\" href=\"https:\/\/laredlarioja.com.ar\/sitio\/grupo-dory-el-grupo-que-trajo-la-innovacion-y-el-juego-en-el-arte-contemporaneo-riojano\/\" \/>\n<meta property=\"og:locale\" content=\"es_ES\" \/>\n<meta property=\"og:type\" content=\"article\" \/>\n<meta property=\"og:title\" content=\"Grupo Dory: innovaci\u00f3n y juego en el arte contempor\u00e1neo riojano - LA RED 88.3 LA RIOJA\" \/>\n<meta property=\"og:description\" content=\"El grupo de artistas riojanos, Dory retorn\u00f3 con una muestra que estar\u00e1 disponible hasta el 26 de septiembre\" \/>\n<meta property=\"og:url\" content=\"https:\/\/laredlarioja.com.ar\/sitio\/grupo-dory-el-grupo-que-trajo-la-innovacion-y-el-juego-en-el-arte-contemporaneo-riojano\/\" \/>\n<meta property=\"og:site_name\" content=\"LA RED 88.3 LA RIOJA\" \/>\n<meta property=\"article:publisher\" content=\"https:\/\/www.facebook.com\/lared.larioja\" \/>\n<meta property=\"article:published_time\" content=\"2024-09-09T13:03:31+00:00\" \/>\n<meta property=\"article:modified_time\" content=\"2024-09-09T13:05:41+00:00\" \/>\n<meta property=\"og:image\" content=\"https:\/\/laredlarioja.com.ar\/sitio\/wp-content\/uploads\/2024\/09\/f8243392-fb6f-42ab-a959-e26e0a791bf5.jpeg\" \/>\n\t<meta property=\"og:image:width\" content=\"720\" \/>\n\t<meta property=\"og:image:height\" content=\"470\" \/>\n\t<meta property=\"og:image:type\" content=\"image\/jpeg\" \/>\n<meta name=\"author\" content=\"La Red\" \/>\n<meta name=\"twitter:card\" content=\"summary_large_image\" \/>\n<meta name=\"twitter:creator\" content=\"@laredlarioja1\" \/>\n<meta name=\"twitter:site\" content=\"@laredlarioja1\" \/>\n<meta name=\"twitter:label1\" content=\"Escrito por\" \/>\n\t<meta name=\"twitter:data1\" content=\"La Red\" \/>\n\t<meta name=\"twitter:label2\" content=\"Tiempo de lectura\" \/>\n\t<meta name=\"twitter:data2\" content=\"5 minutos\" \/>\n<script type=\"application\/ld+json\" class=\"yoast-schema-graph\">{\"@context\":\"https:\\\/\\\/schema.org\",\"@graph\":[{\"@type\":\"Article\",\"@id\":\"https:\\\/\\\/laredlarioja.com.ar\\\/sitio\\\/grupo-dory-el-grupo-que-trajo-la-innovacion-y-el-juego-en-el-arte-contemporaneo-riojano\\\/#article\",\"isPartOf\":{\"@id\":\"https:\\\/\\\/laredlarioja.com.ar\\\/sitio\\\/grupo-dory-el-grupo-que-trajo-la-innovacion-y-el-juego-en-el-arte-contemporaneo-riojano\\\/\"},\"author\":{\"name\":\"La Red\",\"@id\":\"https:\\\/\\\/laredlarioja.com.ar\\\/sitio\\\/#\\\/schema\\\/person\\\/f1e213867beccedaaa4fb548d9259d9a\"},\"headline\":\"Grupo Dory: innovaci\u00f3n y juego en el arte contempor\u00e1neo riojano\",\"datePublished\":\"2024-09-09T13:03:31+00:00\",\"dateModified\":\"2024-09-09T13:05:41+00:00\",\"mainEntityOfPage\":{\"@id\":\"https:\\\/\\\/laredlarioja.com.ar\\\/sitio\\\/grupo-dory-el-grupo-que-trajo-la-innovacion-y-el-juego-en-el-arte-contemporaneo-riojano\\\/\"},\"wordCount\":1004,\"publisher\":{\"@id\":\"https:\\\/\\\/laredlarioja.com.ar\\\/sitio\\\/#organization\"},\"image\":{\"@id\":\"https:\\\/\\\/laredlarioja.com.ar\\\/sitio\\\/grupo-dory-el-grupo-que-trajo-la-innovacion-y-el-juego-en-el-arte-contemporaneo-riojano\\\/#primaryimage\"},\"thumbnailUrl\":\"https:\\\/\\\/laredlarioja.com.ar\\\/sitio\\\/wp-content\\\/uploads\\\/2024\\\/09\\\/f8243392-fb6f-42ab-a959-e26e0a791bf5.jpeg\",\"keywords\":[\"Secundaria\",\"Secundarias\"],\"articleSection\":[\"Cultura y Espect\u00e1culos\"],\"inLanguage\":\"es\"},{\"@type\":\"WebPage\",\"@id\":\"https:\\\/\\\/laredlarioja.com.ar\\\/sitio\\\/grupo-dory-el-grupo-que-trajo-la-innovacion-y-el-juego-en-el-arte-contemporaneo-riojano\\\/\",\"url\":\"https:\\\/\\\/laredlarioja.com.ar\\\/sitio\\\/grupo-dory-el-grupo-que-trajo-la-innovacion-y-el-juego-en-el-arte-contemporaneo-riojano\\\/\",\"name\":\"Grupo Dory: innovaci\u00f3n y juego en el arte contempor\u00e1neo riojano - LA RED 88.3 LA RIOJA\",\"isPartOf\":{\"@id\":\"https:\\\/\\\/laredlarioja.com.ar\\\/sitio\\\/#website\"},\"primaryImageOfPage\":{\"@id\":\"https:\\\/\\\/laredlarioja.com.ar\\\/sitio\\\/grupo-dory-el-grupo-que-trajo-la-innovacion-y-el-juego-en-el-arte-contemporaneo-riojano\\\/#primaryimage\"},\"image\":{\"@id\":\"https:\\\/\\\/laredlarioja.com.ar\\\/sitio\\\/grupo-dory-el-grupo-que-trajo-la-innovacion-y-el-juego-en-el-arte-contemporaneo-riojano\\\/#primaryimage\"},\"thumbnailUrl\":\"https:\\\/\\\/laredlarioja.com.ar\\\/sitio\\\/wp-content\\\/uploads\\\/2024\\\/09\\\/f8243392-fb6f-42ab-a959-e26e0a791bf5.jpeg\",\"datePublished\":\"2024-09-09T13:03:31+00:00\",\"dateModified\":\"2024-09-09T13:05:41+00:00\",\"breadcrumb\":{\"@id\":\"https:\\\/\\\/laredlarioja.com.ar\\\/sitio\\\/grupo-dory-el-grupo-que-trajo-la-innovacion-y-el-juego-en-el-arte-contemporaneo-riojano\\\/#breadcrumb\"},\"inLanguage\":\"es\",\"potentialAction\":[{\"@type\":\"ReadAction\",\"target\":[\"https:\\\/\\\/laredlarioja.com.ar\\\/sitio\\\/grupo-dory-el-grupo-que-trajo-la-innovacion-y-el-juego-en-el-arte-contemporaneo-riojano\\\/\"]}]},{\"@type\":\"ImageObject\",\"inLanguage\":\"es\",\"@id\":\"https:\\\/\\\/laredlarioja.com.ar\\\/sitio\\\/grupo-dory-el-grupo-que-trajo-la-innovacion-y-el-juego-en-el-arte-contemporaneo-riojano\\\/#primaryimage\",\"url\":\"https:\\\/\\\/laredlarioja.com.ar\\\/sitio\\\/wp-content\\\/uploads\\\/2024\\\/09\\\/f8243392-fb6f-42ab-a959-e26e0a791bf5.jpeg\",\"contentUrl\":\"https:\\\/\\\/laredlarioja.com.ar\\\/sitio\\\/wp-content\\\/uploads\\\/2024\\\/09\\\/f8243392-fb6f-42ab-a959-e26e0a791bf5.jpeg\",\"width\":720,\"height\":470},{\"@type\":\"BreadcrumbList\",\"@id\":\"https:\\\/\\\/laredlarioja.com.ar\\\/sitio\\\/grupo-dory-el-grupo-que-trajo-la-innovacion-y-el-juego-en-el-arte-contemporaneo-riojano\\\/#breadcrumb\",\"itemListElement\":[{\"@type\":\"ListItem\",\"position\":1,\"name\":\"Portada\",\"item\":\"https:\\\/\\\/laredlarioja.com.ar\\\/sitio\\\/\"},{\"@type\":\"ListItem\",\"position\":2,\"name\":\"Grupo Dory: innovaci\u00f3n y juego en el arte contempor\u00e1neo riojano\"}]},{\"@type\":\"WebSite\",\"@id\":\"https:\\\/\\\/laredlarioja.com.ar\\\/sitio\\\/#website\",\"url\":\"https:\\\/\\\/laredlarioja.com.ar\\\/sitio\\\/\",\"name\":\"LA RED 88.3 LA RIOJA\",\"description\":\"Sitio de Noticias\",\"publisher\":{\"@id\":\"https:\\\/\\\/laredlarioja.com.ar\\\/sitio\\\/#organization\"},\"potentialAction\":[{\"@type\":\"SearchAction\",\"target\":{\"@type\":\"EntryPoint\",\"urlTemplate\":\"https:\\\/\\\/laredlarioja.com.ar\\\/sitio\\\/?s={search_term_string}\"},\"query-input\":{\"@type\":\"PropertyValueSpecification\",\"valueRequired\":true,\"valueName\":\"search_term_string\"}}],\"inLanguage\":\"es\"},{\"@type\":\"Organization\",\"@id\":\"https:\\\/\\\/laredlarioja.com.ar\\\/sitio\\\/#organization\",\"name\":\"LA RED 88.3 LA RIOJA\",\"url\":\"https:\\\/\\\/laredlarioja.com.ar\\\/sitio\\\/\",\"logo\":{\"@type\":\"ImageObject\",\"inLanguage\":\"es\",\"@id\":\"https:\\\/\\\/laredlarioja.com.ar\\\/sitio\\\/#\\\/schema\\\/logo\\\/image\\\/\",\"url\":\"https:\\\/\\\/laredlarioja.com.ar\\\/sitio\\\/wp-content\\\/uploads\\\/2025\\\/05\\\/LOGO-LA-RED.png\",\"contentUrl\":\"https:\\\/\\\/laredlarioja.com.ar\\\/sitio\\\/wp-content\\\/uploads\\\/2025\\\/05\\\/LOGO-LA-RED.png\",\"width\":193,\"height\":340,\"caption\":\"LA RED 88.3 LA RIOJA\"},\"image\":{\"@id\":\"https:\\\/\\\/laredlarioja.com.ar\\\/sitio\\\/#\\\/schema\\\/logo\\\/image\\\/\"},\"sameAs\":[\"https:\\\/\\\/www.facebook.com\\\/lared.larioja\",\"https:\\\/\\\/x.com\\\/laredlarioja1\",\"https:\\\/\\\/www.instagram.com\\\/lared_larioja\\\/\"]},{\"@type\":\"Person\",\"@id\":\"https:\\\/\\\/laredlarioja.com.ar\\\/sitio\\\/#\\\/schema\\\/person\\\/f1e213867beccedaaa4fb548d9259d9a\",\"name\":\"La Red\",\"url\":\"https:\\\/\\\/laredlarioja.com.ar\\\/sitio\\\/author\\\/lared\\\/\"}]}<\/script>\n<!-- \/ Yoast SEO plugin. -->","yoast_head_json":{"title":"Grupo Dory: innovaci\u00f3n y juego en el arte contempor\u00e1neo riojano - LA RED 88.3 LA RIOJA","robots":{"index":"index","follow":"follow","max-snippet":"max-snippet:-1","max-image-preview":"max-image-preview:large","max-video-preview":"max-video-preview:-1"},"canonical":"https:\/\/laredlarioja.com.ar\/sitio\/grupo-dory-el-grupo-que-trajo-la-innovacion-y-el-juego-en-el-arte-contemporaneo-riojano\/","og_locale":"es_ES","og_type":"article","og_title":"Grupo Dory: innovaci\u00f3n y juego en el arte contempor\u00e1neo riojano - LA RED 88.3 LA RIOJA","og_description":"El grupo de artistas riojanos, Dory retorn\u00f3 con una muestra que estar\u00e1 disponible hasta el 26 de septiembre","og_url":"https:\/\/laredlarioja.com.ar\/sitio\/grupo-dory-el-grupo-que-trajo-la-innovacion-y-el-juego-en-el-arte-contemporaneo-riojano\/","og_site_name":"LA RED 88.3 LA RIOJA","article_publisher":"https:\/\/www.facebook.com\/lared.larioja","article_published_time":"2024-09-09T13:03:31+00:00","article_modified_time":"2024-09-09T13:05:41+00:00","og_image":[{"width":720,"height":470,"url":"https:\/\/laredlarioja.com.ar\/sitio\/wp-content\/uploads\/2024\/09\/f8243392-fb6f-42ab-a959-e26e0a791bf5.jpeg","type":"image\/jpeg"}],"author":"La Red","twitter_card":"summary_large_image","twitter_creator":"@laredlarioja1","twitter_site":"@laredlarioja1","twitter_misc":{"Escrito por":"La Red","Tiempo de lectura":"5 minutos"},"schema":{"@context":"https:\/\/schema.org","@graph":[{"@type":"Article","@id":"https:\/\/laredlarioja.com.ar\/sitio\/grupo-dory-el-grupo-que-trajo-la-innovacion-y-el-juego-en-el-arte-contemporaneo-riojano\/#article","isPartOf":{"@id":"https:\/\/laredlarioja.com.ar\/sitio\/grupo-dory-el-grupo-que-trajo-la-innovacion-y-el-juego-en-el-arte-contemporaneo-riojano\/"},"author":{"name":"La Red","@id":"https:\/\/laredlarioja.com.ar\/sitio\/#\/schema\/person\/f1e213867beccedaaa4fb548d9259d9a"},"headline":"Grupo Dory: innovaci\u00f3n y juego en el arte contempor\u00e1neo riojano","datePublished":"2024-09-09T13:03:31+00:00","dateModified":"2024-09-09T13:05:41+00:00","mainEntityOfPage":{"@id":"https:\/\/laredlarioja.com.ar\/sitio\/grupo-dory-el-grupo-que-trajo-la-innovacion-y-el-juego-en-el-arte-contemporaneo-riojano\/"},"wordCount":1004,"publisher":{"@id":"https:\/\/laredlarioja.com.ar\/sitio\/#organization"},"image":{"@id":"https:\/\/laredlarioja.com.ar\/sitio\/grupo-dory-el-grupo-que-trajo-la-innovacion-y-el-juego-en-el-arte-contemporaneo-riojano\/#primaryimage"},"thumbnailUrl":"https:\/\/laredlarioja.com.ar\/sitio\/wp-content\/uploads\/2024\/09\/f8243392-fb6f-42ab-a959-e26e0a791bf5.jpeg","keywords":["Secundaria","Secundarias"],"articleSection":["Cultura y Espect\u00e1culos"],"inLanguage":"es"},{"@type":"WebPage","@id":"https:\/\/laredlarioja.com.ar\/sitio\/grupo-dory-el-grupo-que-trajo-la-innovacion-y-el-juego-en-el-arte-contemporaneo-riojano\/","url":"https:\/\/laredlarioja.com.ar\/sitio\/grupo-dory-el-grupo-que-trajo-la-innovacion-y-el-juego-en-el-arte-contemporaneo-riojano\/","name":"Grupo Dory: innovaci\u00f3n y juego en el arte contempor\u00e1neo riojano - LA RED 88.3 LA RIOJA","isPartOf":{"@id":"https:\/\/laredlarioja.com.ar\/sitio\/#website"},"primaryImageOfPage":{"@id":"https:\/\/laredlarioja.com.ar\/sitio\/grupo-dory-el-grupo-que-trajo-la-innovacion-y-el-juego-en-el-arte-contemporaneo-riojano\/#primaryimage"},"image":{"@id":"https:\/\/laredlarioja.com.ar\/sitio\/grupo-dory-el-grupo-que-trajo-la-innovacion-y-el-juego-en-el-arte-contemporaneo-riojano\/#primaryimage"},"thumbnailUrl":"https:\/\/laredlarioja.com.ar\/sitio\/wp-content\/uploads\/2024\/09\/f8243392-fb6f-42ab-a959-e26e0a791bf5.jpeg","datePublished":"2024-09-09T13:03:31+00:00","dateModified":"2024-09-09T13:05:41+00:00","breadcrumb":{"@id":"https:\/\/laredlarioja.com.ar\/sitio\/grupo-dory-el-grupo-que-trajo-la-innovacion-y-el-juego-en-el-arte-contemporaneo-riojano\/#breadcrumb"},"inLanguage":"es","potentialAction":[{"@type":"ReadAction","target":["https:\/\/laredlarioja.com.ar\/sitio\/grupo-dory-el-grupo-que-trajo-la-innovacion-y-el-juego-en-el-arte-contemporaneo-riojano\/"]}]},{"@type":"ImageObject","inLanguage":"es","@id":"https:\/\/laredlarioja.com.ar\/sitio\/grupo-dory-el-grupo-que-trajo-la-innovacion-y-el-juego-en-el-arte-contemporaneo-riojano\/#primaryimage","url":"https:\/\/laredlarioja.com.ar\/sitio\/wp-content\/uploads\/2024\/09\/f8243392-fb6f-42ab-a959-e26e0a791bf5.jpeg","contentUrl":"https:\/\/laredlarioja.com.ar\/sitio\/wp-content\/uploads\/2024\/09\/f8243392-fb6f-42ab-a959-e26e0a791bf5.jpeg","width":720,"height":470},{"@type":"BreadcrumbList","@id":"https:\/\/laredlarioja.com.ar\/sitio\/grupo-dory-el-grupo-que-trajo-la-innovacion-y-el-juego-en-el-arte-contemporaneo-riojano\/#breadcrumb","itemListElement":[{"@type":"ListItem","position":1,"name":"Portada","item":"https:\/\/laredlarioja.com.ar\/sitio\/"},{"@type":"ListItem","position":2,"name":"Grupo Dory: innovaci\u00f3n y juego en el arte contempor\u00e1neo riojano"}]},{"@type":"WebSite","@id":"https:\/\/laredlarioja.com.ar\/sitio\/#website","url":"https:\/\/laredlarioja.com.ar\/sitio\/","name":"LA RED 88.3 LA RIOJA","description":"Sitio de Noticias","publisher":{"@id":"https:\/\/laredlarioja.com.ar\/sitio\/#organization"},"potentialAction":[{"@type":"SearchAction","target":{"@type":"EntryPoint","urlTemplate":"https:\/\/laredlarioja.com.ar\/sitio\/?s={search_term_string}"},"query-input":{"@type":"PropertyValueSpecification","valueRequired":true,"valueName":"search_term_string"}}],"inLanguage":"es"},{"@type":"Organization","@id":"https:\/\/laredlarioja.com.ar\/sitio\/#organization","name":"LA RED 88.3 LA RIOJA","url":"https:\/\/laredlarioja.com.ar\/sitio\/","logo":{"@type":"ImageObject","inLanguage":"es","@id":"https:\/\/laredlarioja.com.ar\/sitio\/#\/schema\/logo\/image\/","url":"https:\/\/laredlarioja.com.ar\/sitio\/wp-content\/uploads\/2025\/05\/LOGO-LA-RED.png","contentUrl":"https:\/\/laredlarioja.com.ar\/sitio\/wp-content\/uploads\/2025\/05\/LOGO-LA-RED.png","width":193,"height":340,"caption":"LA RED 88.3 LA RIOJA"},"image":{"@id":"https:\/\/laredlarioja.com.ar\/sitio\/#\/schema\/logo\/image\/"},"sameAs":["https:\/\/www.facebook.com\/lared.larioja","https:\/\/x.com\/laredlarioja1","https:\/\/www.instagram.com\/lared_larioja\/"]},{"@type":"Person","@id":"https:\/\/laredlarioja.com.ar\/sitio\/#\/schema\/person\/f1e213867beccedaaa4fb548d9259d9a","name":"La Red","url":"https:\/\/laredlarioja.com.ar\/sitio\/author\/lared\/"}]}},"featured_image_urls":{"full":["https:\/\/laredlarioja.com.ar\/sitio\/wp-content\/uploads\/2024\/09\/f8243392-fb6f-42ab-a959-e26e0a791bf5.jpeg",720,470,false],"thumbnail":["https:\/\/laredlarioja.com.ar\/sitio\/wp-content\/uploads\/2024\/09\/f8243392-fb6f-42ab-a959-e26e0a791bf5-150x150.jpeg",150,150,true],"medium":["https:\/\/laredlarioja.com.ar\/sitio\/wp-content\/uploads\/2024\/09\/f8243392-fb6f-42ab-a959-e26e0a791bf5-300x196.jpeg",300,196,true],"medium_large":["https:\/\/laredlarioja.com.ar\/sitio\/wp-content\/uploads\/2024\/09\/f8243392-fb6f-42ab-a959-e26e0a791bf5.jpeg",640,418,false],"large":["https:\/\/laredlarioja.com.ar\/sitio\/wp-content\/uploads\/2024\/09\/f8243392-fb6f-42ab-a959-e26e0a791bf5.jpeg",640,418,false],"1536x1536":["https:\/\/laredlarioja.com.ar\/sitio\/wp-content\/uploads\/2024\/09\/f8243392-fb6f-42ab-a959-e26e0a791bf5.jpeg",720,470,false],"2048x2048":["https:\/\/laredlarioja.com.ar\/sitio\/wp-content\/uploads\/2024\/09\/f8243392-fb6f-42ab-a959-e26e0a791bf5.jpeg",720,470,false],"cvmm-medium":["https:\/\/laredlarioja.com.ar\/sitio\/wp-content\/uploads\/2024\/09\/f8243392-fb6f-42ab-a959-e26e0a791bf5-300x300.jpeg",300,300,true],"cvmm-medium-plus":["https:\/\/laredlarioja.com.ar\/sitio\/wp-content\/uploads\/2024\/09\/f8243392-fb6f-42ab-a959-e26e0a791bf5-305x207.jpeg",305,207,true],"cvmm-portrait":["https:\/\/laredlarioja.com.ar\/sitio\/wp-content\/uploads\/2024\/09\/f8243392-fb6f-42ab-a959-e26e0a791bf5-400x470.jpeg",400,470,true],"cvmm-medium-square":["https:\/\/laredlarioja.com.ar\/sitio\/wp-content\/uploads\/2024\/09\/f8243392-fb6f-42ab-a959-e26e0a791bf5-600x470.jpeg",600,470,true],"cvmm-large":["https:\/\/laredlarioja.com.ar\/sitio\/wp-content\/uploads\/2024\/09\/f8243392-fb6f-42ab-a959-e26e0a791bf5.jpeg",720,470,false],"cvmm-small":["https:\/\/laredlarioja.com.ar\/sitio\/wp-content\/uploads\/2024\/09\/f8243392-fb6f-42ab-a959-e26e0a791bf5-130x95.jpeg",130,95,true],"morenews-large":["https:\/\/laredlarioja.com.ar\/sitio\/wp-content\/uploads\/2024\/09\/f8243392-fb6f-42ab-a959-e26e0a791bf5.jpeg",720,470,false],"morenews-medium":["https:\/\/laredlarioja.com.ar\/sitio\/wp-content\/uploads\/2024\/09\/f8243392-fb6f-42ab-a959-e26e0a791bf5-590x410.jpeg",590,410,true]},"author_info":{"display_name":"La Red","author_link":"https:\/\/laredlarioja.com.ar\/sitio\/author\/lared\/"},"category_info":"<a href=\"https:\/\/laredlarioja.com.ar\/sitio\/categorias\/cultura-y-espectaculos\/\" rel=\"category tag\">Cultura y Espect\u00e1culos<\/a>","tag_info":"Cultura y Espect\u00e1culos","comment_count":"0","blog_post_layout_featured_media_urls":{"thumbnail":["https:\/\/laredlarioja.com.ar\/sitio\/wp-content\/uploads\/2024\/09\/f8243392-fb6f-42ab-a959-e26e0a791bf5-150x150.jpeg",150,150,true],"full":["https:\/\/laredlarioja.com.ar\/sitio\/wp-content\/uploads\/2024\/09\/f8243392-fb6f-42ab-a959-e26e0a791bf5.jpeg",720,470,false]},"categories_names":{"27":{"name":"Cultura y Espect\u00e1culos","link":"https:\/\/laredlarioja.com.ar\/sitio\/categorias\/cultura-y-espectaculos\/"}},"tags_names":{"84":{"name":"Secundaria","link":"https:\/\/laredlarioja.com.ar\/sitio\/etiquetas\/secundaria\/"},"92":{"name":"Secundarias","link":"https:\/\/laredlarioja.com.ar\/sitio\/etiquetas\/secundarias\/"}},"comments_number":"0","wpmagazine_modules_lite_featured_media_urls":{"thumbnail":["https:\/\/laredlarioja.com.ar\/sitio\/wp-content\/uploads\/2024\/09\/f8243392-fb6f-42ab-a959-e26e0a791bf5-150x150.jpeg",150,150,true],"cvmm-medium":["https:\/\/laredlarioja.com.ar\/sitio\/wp-content\/uploads\/2024\/09\/f8243392-fb6f-42ab-a959-e26e0a791bf5-300x300.jpeg",300,300,true],"cvmm-medium-plus":["https:\/\/laredlarioja.com.ar\/sitio\/wp-content\/uploads\/2024\/09\/f8243392-fb6f-42ab-a959-e26e0a791bf5-305x207.jpeg",305,207,true],"cvmm-portrait":["https:\/\/laredlarioja.com.ar\/sitio\/wp-content\/uploads\/2024\/09\/f8243392-fb6f-42ab-a959-e26e0a791bf5-400x470.jpeg",400,470,true],"cvmm-medium-square":["https:\/\/laredlarioja.com.ar\/sitio\/wp-content\/uploads\/2024\/09\/f8243392-fb6f-42ab-a959-e26e0a791bf5-600x470.jpeg",600,470,true],"cvmm-large":["https:\/\/laredlarioja.com.ar\/sitio\/wp-content\/uploads\/2024\/09\/f8243392-fb6f-42ab-a959-e26e0a791bf5.jpeg",720,470,false],"cvmm-small":["https:\/\/laredlarioja.com.ar\/sitio\/wp-content\/uploads\/2024\/09\/f8243392-fb6f-42ab-a959-e26e0a791bf5-130x95.jpeg",130,95,true],"full":["https:\/\/laredlarioja.com.ar\/sitio\/wp-content\/uploads\/2024\/09\/f8243392-fb6f-42ab-a959-e26e0a791bf5.jpeg",720,470,false]},"_links":{"self":[{"href":"https:\/\/laredlarioja.com.ar\/sitio\/wp-json\/wp\/v2\/posts\/51573","targetHints":{"allow":["GET"]}}],"collection":[{"href":"https:\/\/laredlarioja.com.ar\/sitio\/wp-json\/wp\/v2\/posts"}],"about":[{"href":"https:\/\/laredlarioja.com.ar\/sitio\/wp-json\/wp\/v2\/types\/post"}],"author":[{"embeddable":true,"href":"https:\/\/laredlarioja.com.ar\/sitio\/wp-json\/wp\/v2\/users\/10"}],"replies":[{"embeddable":true,"href":"https:\/\/laredlarioja.com.ar\/sitio\/wp-json\/wp\/v2\/comments?post=51573"}],"version-history":[{"count":3,"href":"https:\/\/laredlarioja.com.ar\/sitio\/wp-json\/wp\/v2\/posts\/51573\/revisions"}],"predecessor-version":[{"id":51579,"href":"https:\/\/laredlarioja.com.ar\/sitio\/wp-json\/wp\/v2\/posts\/51573\/revisions\/51579"}],"wp:featuredmedia":[{"embeddable":true,"href":"https:\/\/laredlarioja.com.ar\/sitio\/wp-json\/wp\/v2\/media\/51576"}],"wp:attachment":[{"href":"https:\/\/laredlarioja.com.ar\/sitio\/wp-json\/wp\/v2\/media?parent=51573"}],"wp:term":[{"taxonomy":"category","embeddable":true,"href":"https:\/\/laredlarioja.com.ar\/sitio\/wp-json\/wp\/v2\/categories?post=51573"},{"taxonomy":"post_tag","embeddable":true,"href":"https:\/\/laredlarioja.com.ar\/sitio\/wp-json\/wp\/v2\/tags?post=51573"}],"curies":[{"name":"wp","href":"https:\/\/api.w.org\/{rel}","templated":true}]}}