{"id":51582,"date":"2024-09-09T14:04:15","date_gmt":"2024-09-09T14:04:15","guid":{"rendered":"https:\/\/laredlarioja.com.ar\/sitio\/?p=51582"},"modified":"2024-09-09T23:28:27","modified_gmt":"2024-09-09T23:28:27","slug":"reincorporan-a-70-trabajadores-del-hospital-de-clinicas-de-la-unlar-tras-fallo-judicial","status":"publish","type":"post","link":"https:\/\/laredlarioja.com.ar\/sitio\/reincorporan-a-70-trabajadores-del-hospital-de-clinicas-de-la-unlar-tras-fallo-judicial\/","title":{"rendered":"Fallo judicial: la UNLaR debe reincorporar a 70 trabajadores del Hospital de Cl\u00ednicas"},"content":{"rendered":"<p>El abogado Emilio Pagotto, que representa a un grupo de trabajadores del Hospital de Cl\u00ednicas Virgen Mar\u00eda de F\u00e1tima de la Universidad Nacional de La Rioja (UNLaR), anunci\u00f3 la reincorporaci\u00f3n de profesionales que judicializaron la determinaci\u00f3n de la UNLaR y tuvieron fallos favorables del Juzgado Federal de La Rioja.<\/p>\n<p><strong>En La Red,<\/strong> Pagotto explic\u00f3 que los trabajadores afectados decidieron llevar a la Justicia la decisi\u00f3n de la universidad de transformarlos en <strong>trabajadores no docentes de la categor\u00eda asistencial N\u00ba7<\/strong>. \u00abDesde hace a\u00f1os, ven\u00edan percibiendo un adicional docente asistencial\u00bb, mencion\u00f3 el abogado. En este contexto, el Juzgado Federal otorg\u00f3 medidas cautelares a favor de los empleados en casi 10 amparos diferentes, lo que ordenaba su reincorporaci\u00f3n. Sin embargo, seg\u00fan indic\u00f3 Pagotto, la Universidad no acat\u00f3 de inmediato estos fallos, lo que llev\u00f3 a la presentaci\u00f3n de denuncias penales contra el rector y otros funcionarios.<\/p>\n<p>\u00abDenunciamos penalmente al rector (Daniel Quiroga) por el supuesto delito de desobediencia de autoridad. M\u00e1s de 15 trabajadores lo hicieron\u00bb, explic\u00f3 Pagotto, porque \u201clas autoridades del hospital y de la universidad demoraron el cumplimiento de las \u00f3rdenes judiciales\u201d hasta que las denuncias surtieron efecto. \u00abCada vez que se presentaba una denuncia penal, los llamaban por tel\u00e9fono para decirles que en cumplimiento del fallo ser\u00edan reincorporados\u00bb, explic\u00f3.<\/p>\n<p>Hasta el momento, la reincorporaci\u00f3n incluye a 70 empleados que no aceptaron las nuevas condiciones impuestas por la Universidad. Seg\u00fan Pagotto, estas modificaciones laborales habr\u00edan sido abruptas e il\u00edcitas, afectando la cantidad de horas de trabajo y el convenio colectivo. \u00abLa universidad intent\u00f3 modificar unilateralmente las condiciones de trabajo, violentando los acuerdos paritarios que fueron firmados por la misma universidad y algunas de las actuales autoridades\u00bb, afirm\u00f3 el abogado.<\/p>\n<p>En cuanto a los salarios adeudados, Pagotto denunci\u00f3 que muchos de los trabajadores reincorporados a\u00fan no han recibido sus pagos correspondientes a los meses de julio y agosto. \u00abAproximadamente 40 trabajadores fueron convocados a trabajar, pero no se les han abonado los salarios devengados durante ese tiempo\u00bb, inform\u00f3.<\/p>\n<p>El abogado tambi\u00e9n se refiri\u00f3 al impacto de este conflicto en el hospital, un centro de salud de referencia para m\u00e1s de 60.000 personas en la zona sur de La Rioja. \u00abEs inadmisible que un hospital permanezca con servicios cr\u00edticos cerrados cuando la totalidad del personal ya ha sido reincorporada\u00bb, destac\u00f3 Pagotto.<\/p>\n","protected":false},"excerpt":{"rendered":"<p>El abogado Emilio Pagotto, que representa a un grupo de trabajadores del Hospital de Cl\u00ednicas Virgen Mar\u00eda de<\/p>\n","protected":false},"author":8,"featured_media":48405,"comment_status":"closed","ping_status":"open","sticky":false,"template":"","format":"standard","meta":{"footnotes":""},"categories":[91],"tags":[84],"class_list":["post-51582","post","type-post","status-publish","format-standard","has-post-thumbnail","hentry","category-judiciales","tag-secundaria"],"yoast_head":"<!-- This site is optimized with the Yoast SEO plugin v27.4 - https:\/\/yoast.com\/product\/yoast-seo-wordpress\/ -->\n<title>Fallo judicial: la UNLaR debe reincorporar a 70 trabajadores del Hospital de Cl\u00ednicas - LA RED 88.3 LA RIOJA<\/title>\n<meta name=\"robots\" content=\"index, follow, max-snippet:-1, max-image-preview:large, max-video-preview:-1\" \/>\n<link rel=\"canonical\" href=\"https:\/\/laredlarioja.com.ar\/sitio\/reincorporan-a-70-trabajadores-del-hospital-de-clinicas-de-la-unlar-tras-fallo-judicial\/\" \/>\n<meta property=\"og:locale\" content=\"es_ES\" \/>\n<meta property=\"og:type\" content=\"article\" \/>\n<meta property=\"og:title\" content=\"Fallo judicial: la UNLaR debe reincorporar a 70 trabajadores del Hospital de Cl\u00ednicas - LA RED 88.3 LA RIOJA\" \/>\n<meta property=\"og:description\" content=\"El abogado Emilio Pagotto, que representa a un grupo de trabajadores del Hospital de Cl\u00ednicas Virgen Mar\u00eda de\" \/>\n<meta property=\"og:url\" content=\"https:\/\/laredlarioja.com.ar\/sitio\/reincorporan-a-70-trabajadores-del-hospital-de-clinicas-de-la-unlar-tras-fallo-judicial\/\" \/>\n<meta property=\"og:site_name\" content=\"LA RED 88.3 LA RIOJA\" \/>\n<meta property=\"article:publisher\" content=\"https:\/\/www.facebook.com\/lared.larioja\" \/>\n<meta property=\"article:published_time\" content=\"2024-09-09T14:04:15+00:00\" \/>\n<meta property=\"article:modified_time\" content=\"2024-09-09T23:28:27+00:00\" \/>\n<meta property=\"og:image\" content=\"https:\/\/laredlarioja.com.ar\/sitio\/wp-content\/uploads\/2024\/07\/169478_1595300923.jpg\" \/>\n\t<meta property=\"og:image:width\" content=\"1280\" \/>\n\t<meta property=\"og:image:height\" content=\"805\" \/>\n\t<meta property=\"og:image:type\" content=\"image\/jpeg\" \/>\n<meta name=\"author\" content=\"Mart\u00edn Ruarte\" \/>\n<meta name=\"twitter:card\" content=\"summary_large_image\" \/>\n<meta name=\"twitter:creator\" content=\"@laredlarioja1\" \/>\n<meta name=\"twitter:site\" content=\"@laredlarioja1\" \/>\n<meta name=\"twitter:label1\" content=\"Escrito por\" \/>\n\t<meta name=\"twitter:data1\" content=\"Mart\u00edn Ruarte\" \/>\n\t<meta name=\"twitter:label2\" content=\"Tiempo de lectura\" \/>\n\t<meta name=\"twitter:data2\" content=\"2 minutos\" \/>\n<script type=\"application\/ld+json\" class=\"yoast-schema-graph\">{\"@context\":\"https:\\\/\\\/schema.org\",\"@graph\":[{\"@type\":\"Article\",\"@id\":\"https:\\\/\\\/laredlarioja.com.ar\\\/sitio\\\/reincorporan-a-70-trabajadores-del-hospital-de-clinicas-de-la-unlar-tras-fallo-judicial\\\/#article\",\"isPartOf\":{\"@id\":\"https:\\\/\\\/laredlarioja.com.ar\\\/sitio\\\/reincorporan-a-70-trabajadores-del-hospital-de-clinicas-de-la-unlar-tras-fallo-judicial\\\/\"},\"author\":{\"name\":\"Mart\u00edn Ruarte\",\"@id\":\"https:\\\/\\\/laredlarioja.com.ar\\\/sitio\\\/#\\\/schema\\\/person\\\/3b1600cc7f8fd3617dc50f96d3503489\"},\"headline\":\"Fallo judicial: la UNLaR debe reincorporar a 70 trabajadores del Hospital de Cl\u00ednicas\",\"datePublished\":\"2024-09-09T14:04:15+00:00\",\"dateModified\":\"2024-09-09T23:28:27+00:00\",\"mainEntityOfPage\":{\"@id\":\"https:\\\/\\\/laredlarioja.com.ar\\\/sitio\\\/reincorporan-a-70-trabajadores-del-hospital-de-clinicas-de-la-unlar-tras-fallo-judicial\\\/\"},\"wordCount\":409,\"publisher\":{\"@id\":\"https:\\\/\\\/laredlarioja.com.ar\\\/sitio\\\/#organization\"},\"image\":{\"@id\":\"https:\\\/\\\/laredlarioja.com.ar\\\/sitio\\\/reincorporan-a-70-trabajadores-del-hospital-de-clinicas-de-la-unlar-tras-fallo-judicial\\\/#primaryimage\"},\"thumbnailUrl\":\"https:\\\/\\\/laredlarioja.com.ar\\\/sitio\\\/wp-content\\\/uploads\\\/2024\\\/07\\\/169478_1595300923.jpg\",\"keywords\":[\"Secundaria\"],\"articleSection\":[\"Judiciales\"],\"inLanguage\":\"es\"},{\"@type\":\"WebPage\",\"@id\":\"https:\\\/\\\/laredlarioja.com.ar\\\/sitio\\\/reincorporan-a-70-trabajadores-del-hospital-de-clinicas-de-la-unlar-tras-fallo-judicial\\\/\",\"url\":\"https:\\\/\\\/laredlarioja.com.ar\\\/sitio\\\/reincorporan-a-70-trabajadores-del-hospital-de-clinicas-de-la-unlar-tras-fallo-judicial\\\/\",\"name\":\"Fallo judicial: la UNLaR debe reincorporar a 70 trabajadores del Hospital de Cl\u00ednicas - LA RED 88.3 LA RIOJA\",\"isPartOf\":{\"@id\":\"https:\\\/\\\/laredlarioja.com.ar\\\/sitio\\\/#website\"},\"primaryImageOfPage\":{\"@id\":\"https:\\\/\\\/laredlarioja.com.ar\\\/sitio\\\/reincorporan-a-70-trabajadores-del-hospital-de-clinicas-de-la-unlar-tras-fallo-judicial\\\/#primaryimage\"},\"image\":{\"@id\":\"https:\\\/\\\/laredlarioja.com.ar\\\/sitio\\\/reincorporan-a-70-trabajadores-del-hospital-de-clinicas-de-la-unlar-tras-fallo-judicial\\\/#primaryimage\"},\"thumbnailUrl\":\"https:\\\/\\\/laredlarioja.com.ar\\\/sitio\\\/wp-content\\\/uploads\\\/2024\\\/07\\\/169478_1595300923.jpg\",\"datePublished\":\"2024-09-09T14:04:15+00:00\",\"dateModified\":\"2024-09-09T23:28:27+00:00\",\"breadcrumb\":{\"@id\":\"https:\\\/\\\/laredlarioja.com.ar\\\/sitio\\\/reincorporan-a-70-trabajadores-del-hospital-de-clinicas-de-la-unlar-tras-fallo-judicial\\\/#breadcrumb\"},\"inLanguage\":\"es\",\"potentialAction\":[{\"@type\":\"ReadAction\",\"target\":[\"https:\\\/\\\/laredlarioja.com.ar\\\/sitio\\\/reincorporan-a-70-trabajadores-del-hospital-de-clinicas-de-la-unlar-tras-fallo-judicial\\\/\"]}]},{\"@type\":\"ImageObject\",\"inLanguage\":\"es\",\"@id\":\"https:\\\/\\\/laredlarioja.com.ar\\\/sitio\\\/reincorporan-a-70-trabajadores-del-hospital-de-clinicas-de-la-unlar-tras-fallo-judicial\\\/#primaryimage\",\"url\":\"https:\\\/\\\/laredlarioja.com.ar\\\/sitio\\\/wp-content\\\/uploads\\\/2024\\\/07\\\/169478_1595300923.jpg\",\"contentUrl\":\"https:\\\/\\\/laredlarioja.com.ar\\\/sitio\\\/wp-content\\\/uploads\\\/2024\\\/07\\\/169478_1595300923.jpg\",\"width\":1280,\"height\":805},{\"@type\":\"BreadcrumbList\",\"@id\":\"https:\\\/\\\/laredlarioja.com.ar\\\/sitio\\\/reincorporan-a-70-trabajadores-del-hospital-de-clinicas-de-la-unlar-tras-fallo-judicial\\\/#breadcrumb\",\"itemListElement\":[{\"@type\":\"ListItem\",\"position\":1,\"name\":\"Portada\",\"item\":\"https:\\\/\\\/laredlarioja.com.ar\\\/sitio\\\/\"},{\"@type\":\"ListItem\",\"position\":2,\"name\":\"Fallo judicial: la UNLaR debe reincorporar a 70 trabajadores del Hospital de Cl\u00ednicas\"}]},{\"@type\":\"WebSite\",\"@id\":\"https:\\\/\\\/laredlarioja.com.ar\\\/sitio\\\/#website\",\"url\":\"https:\\\/\\\/laredlarioja.com.ar\\\/sitio\\\/\",\"name\":\"LA RED 88.3 LA RIOJA\",\"description\":\"Sitio de Noticias\",\"publisher\":{\"@id\":\"https:\\\/\\\/laredlarioja.com.ar\\\/sitio\\\/#organization\"},\"potentialAction\":[{\"@type\":\"SearchAction\",\"target\":{\"@type\":\"EntryPoint\",\"urlTemplate\":\"https:\\\/\\\/laredlarioja.com.ar\\\/sitio\\\/?s={search_term_string}\"},\"query-input\":{\"@type\":\"PropertyValueSpecification\",\"valueRequired\":true,\"valueName\":\"search_term_string\"}}],\"inLanguage\":\"es\"},{\"@type\":\"Organization\",\"@id\":\"https:\\\/\\\/laredlarioja.com.ar\\\/sitio\\\/#organization\",\"name\":\"LA RED 88.3 LA RIOJA\",\"url\":\"https:\\\/\\\/laredlarioja.com.ar\\\/sitio\\\/\",\"logo\":{\"@type\":\"ImageObject\",\"inLanguage\":\"es\",\"@id\":\"https:\\\/\\\/laredlarioja.com.ar\\\/sitio\\\/#\\\/schema\\\/logo\\\/image\\\/\",\"url\":\"https:\\\/\\\/laredlarioja.com.ar\\\/sitio\\\/wp-content\\\/uploads\\\/2025\\\/05\\\/LOGO-LA-RED.png\",\"contentUrl\":\"https:\\\/\\\/laredlarioja.com.ar\\\/sitio\\\/wp-content\\\/uploads\\\/2025\\\/05\\\/LOGO-LA-RED.png\",\"width\":193,\"height\":340,\"caption\":\"LA RED 88.3 LA RIOJA\"},\"image\":{\"@id\":\"https:\\\/\\\/laredlarioja.com.ar\\\/sitio\\\/#\\\/schema\\\/logo\\\/image\\\/\"},\"sameAs\":[\"https:\\\/\\\/www.facebook.com\\\/lared.larioja\",\"https:\\\/\\\/x.com\\\/laredlarioja1\",\"https:\\\/\\\/www.instagram.com\\\/lared_larioja\\\/\"]},{\"@type\":\"Person\",\"@id\":\"https:\\\/\\\/laredlarioja.com.ar\\\/sitio\\\/#\\\/schema\\\/person\\\/3b1600cc7f8fd3617dc50f96d3503489\",\"name\":\"Mart\u00edn Ruarte\",\"url\":\"https:\\\/\\\/laredlarioja.com.ar\\\/sitio\\\/author\\\/mruarte\\\/\"}]}<\/script>\n<!-- \/ Yoast SEO plugin. -->","yoast_head_json":{"title":"Fallo judicial: la UNLaR debe reincorporar a 70 trabajadores del Hospital de Cl\u00ednicas - LA RED 88.3 LA RIOJA","robots":{"index":"index","follow":"follow","max-snippet":"max-snippet:-1","max-image-preview":"max-image-preview:large","max-video-preview":"max-video-preview:-1"},"canonical":"https:\/\/laredlarioja.com.ar\/sitio\/reincorporan-a-70-trabajadores-del-hospital-de-clinicas-de-la-unlar-tras-fallo-judicial\/","og_locale":"es_ES","og_type":"article","og_title":"Fallo judicial: la UNLaR debe reincorporar a 70 trabajadores del Hospital de Cl\u00ednicas - LA RED 88.3 LA RIOJA","og_description":"El abogado Emilio Pagotto, que representa a un grupo de trabajadores del Hospital de Cl\u00ednicas Virgen Mar\u00eda de","og_url":"https:\/\/laredlarioja.com.ar\/sitio\/reincorporan-a-70-trabajadores-del-hospital-de-clinicas-de-la-unlar-tras-fallo-judicial\/","og_site_name":"LA RED 88.3 LA RIOJA","article_publisher":"https:\/\/www.facebook.com\/lared.larioja","article_published_time":"2024-09-09T14:04:15+00:00","article_modified_time":"2024-09-09T23:28:27+00:00","og_image":[{"width":1280,"height":805,"url":"https:\/\/laredlarioja.com.ar\/sitio\/wp-content\/uploads\/2024\/07\/169478_1595300923.jpg","type":"image\/jpeg"}],"author":"Mart\u00edn Ruarte","twitter_card":"summary_large_image","twitter_creator":"@laredlarioja1","twitter_site":"@laredlarioja1","twitter_misc":{"Escrito por":"Mart\u00edn Ruarte","Tiempo de lectura":"2 minutos"},"schema":{"@context":"https:\/\/schema.org","@graph":[{"@type":"Article","@id":"https:\/\/laredlarioja.com.ar\/sitio\/reincorporan-a-70-trabajadores-del-hospital-de-clinicas-de-la-unlar-tras-fallo-judicial\/#article","isPartOf":{"@id":"https:\/\/laredlarioja.com.ar\/sitio\/reincorporan-a-70-trabajadores-del-hospital-de-clinicas-de-la-unlar-tras-fallo-judicial\/"},"author":{"name":"Mart\u00edn Ruarte","@id":"https:\/\/laredlarioja.com.ar\/sitio\/#\/schema\/person\/3b1600cc7f8fd3617dc50f96d3503489"},"headline":"Fallo judicial: la UNLaR debe reincorporar a 70 trabajadores del Hospital de Cl\u00ednicas","datePublished":"2024-09-09T14:04:15+00:00","dateModified":"2024-09-09T23:28:27+00:00","mainEntityOfPage":{"@id":"https:\/\/laredlarioja.com.ar\/sitio\/reincorporan-a-70-trabajadores-del-hospital-de-clinicas-de-la-unlar-tras-fallo-judicial\/"},"wordCount":409,"publisher":{"@id":"https:\/\/laredlarioja.com.ar\/sitio\/#organization"},"image":{"@id":"https:\/\/laredlarioja.com.ar\/sitio\/reincorporan-a-70-trabajadores-del-hospital-de-clinicas-de-la-unlar-tras-fallo-judicial\/#primaryimage"},"thumbnailUrl":"https:\/\/laredlarioja.com.ar\/sitio\/wp-content\/uploads\/2024\/07\/169478_1595300923.jpg","keywords":["Secundaria"],"articleSection":["Judiciales"],"inLanguage":"es"},{"@type":"WebPage","@id":"https:\/\/laredlarioja.com.ar\/sitio\/reincorporan-a-70-trabajadores-del-hospital-de-clinicas-de-la-unlar-tras-fallo-judicial\/","url":"https:\/\/laredlarioja.com.ar\/sitio\/reincorporan-a-70-trabajadores-del-hospital-de-clinicas-de-la-unlar-tras-fallo-judicial\/","name":"Fallo judicial: la UNLaR debe reincorporar a 70 trabajadores del Hospital de Cl\u00ednicas - LA RED 88.3 LA RIOJA","isPartOf":{"@id":"https:\/\/laredlarioja.com.ar\/sitio\/#website"},"primaryImageOfPage":{"@id":"https:\/\/laredlarioja.com.ar\/sitio\/reincorporan-a-70-trabajadores-del-hospital-de-clinicas-de-la-unlar-tras-fallo-judicial\/#primaryimage"},"image":{"@id":"https:\/\/laredlarioja.com.ar\/sitio\/reincorporan-a-70-trabajadores-del-hospital-de-clinicas-de-la-unlar-tras-fallo-judicial\/#primaryimage"},"thumbnailUrl":"https:\/\/laredlarioja.com.ar\/sitio\/wp-content\/uploads\/2024\/07\/169478_1595300923.jpg","datePublished":"2024-09-09T14:04:15+00:00","dateModified":"2024-09-09T23:28:27+00:00","breadcrumb":{"@id":"https:\/\/laredlarioja.com.ar\/sitio\/reincorporan-a-70-trabajadores-del-hospital-de-clinicas-de-la-unlar-tras-fallo-judicial\/#breadcrumb"},"inLanguage":"es","potentialAction":[{"@type":"ReadAction","target":["https:\/\/laredlarioja.com.ar\/sitio\/reincorporan-a-70-trabajadores-del-hospital-de-clinicas-de-la-unlar-tras-fallo-judicial\/"]}]},{"@type":"ImageObject","inLanguage":"es","@id":"https:\/\/laredlarioja.com.ar\/sitio\/reincorporan-a-70-trabajadores-del-hospital-de-clinicas-de-la-unlar-tras-fallo-judicial\/#primaryimage","url":"https:\/\/laredlarioja.com.ar\/sitio\/wp-content\/uploads\/2024\/07\/169478_1595300923.jpg","contentUrl":"https:\/\/laredlarioja.com.ar\/sitio\/wp-content\/uploads\/2024\/07\/169478_1595300923.jpg","width":1280,"height":805},{"@type":"BreadcrumbList","@id":"https:\/\/laredlarioja.com.ar\/sitio\/reincorporan-a-70-trabajadores-del-hospital-de-clinicas-de-la-unlar-tras-fallo-judicial\/#breadcrumb","itemListElement":[{"@type":"ListItem","position":1,"name":"Portada","item":"https:\/\/laredlarioja.com.ar\/sitio\/"},{"@type":"ListItem","position":2,"name":"Fallo judicial: la UNLaR debe reincorporar a 70 trabajadores del Hospital de Cl\u00ednicas"}]},{"@type":"WebSite","@id":"https:\/\/laredlarioja.com.ar\/sitio\/#website","url":"https:\/\/laredlarioja.com.ar\/sitio\/","name":"LA RED 88.3 LA RIOJA","description":"Sitio de Noticias","publisher":{"@id":"https:\/\/laredlarioja.com.ar\/sitio\/#organization"},"potentialAction":[{"@type":"SearchAction","target":{"@type":"EntryPoint","urlTemplate":"https:\/\/laredlarioja.com.ar\/sitio\/?s={search_term_string}"},"query-input":{"@type":"PropertyValueSpecification","valueRequired":true,"valueName":"search_term_string"}}],"inLanguage":"es"},{"@type":"Organization","@id":"https:\/\/laredlarioja.com.ar\/sitio\/#organization","name":"LA RED 88.3 LA RIOJA","url":"https:\/\/laredlarioja.com.ar\/sitio\/","logo":{"@type":"ImageObject","inLanguage":"es","@id":"https:\/\/laredlarioja.com.ar\/sitio\/#\/schema\/logo\/image\/","url":"https:\/\/laredlarioja.com.ar\/sitio\/wp-content\/uploads\/2025\/05\/LOGO-LA-RED.png","contentUrl":"https:\/\/laredlarioja.com.ar\/sitio\/wp-content\/uploads\/2025\/05\/LOGO-LA-RED.png","width":193,"height":340,"caption":"LA RED 88.3 LA RIOJA"},"image":{"@id":"https:\/\/laredlarioja.com.ar\/sitio\/#\/schema\/logo\/image\/"},"sameAs":["https:\/\/www.facebook.com\/lared.larioja","https:\/\/x.com\/laredlarioja1","https:\/\/www.instagram.com\/lared_larioja\/"]},{"@type":"Person","@id":"https:\/\/laredlarioja.com.ar\/sitio\/#\/schema\/person\/3b1600cc7f8fd3617dc50f96d3503489","name":"Mart\u00edn Ruarte","url":"https:\/\/laredlarioja.com.ar\/sitio\/author\/mruarte\/"}]}},"featured_image_urls":{"full":["https:\/\/laredlarioja.com.ar\/sitio\/wp-content\/uploads\/2024\/07\/169478_1595300923.jpg",1280,805,false],"thumbnail":["https:\/\/laredlarioja.com.ar\/sitio\/wp-content\/uploads\/2024\/07\/169478_1595300923-150x150.jpg",150,150,true],"medium":["https:\/\/laredlarioja.com.ar\/sitio\/wp-content\/uploads\/2024\/07\/169478_1595300923-300x189.jpg",300,189,true],"medium_large":["https:\/\/laredlarioja.com.ar\/sitio\/wp-content\/uploads\/2024\/07\/169478_1595300923-768x483.jpg",640,403,true],"large":["https:\/\/laredlarioja.com.ar\/sitio\/wp-content\/uploads\/2024\/07\/169478_1595300923-1024x644.jpg",640,403,true],"1536x1536":["https:\/\/laredlarioja.com.ar\/sitio\/wp-content\/uploads\/2024\/07\/169478_1595300923.jpg",1280,805,false],"2048x2048":["https:\/\/laredlarioja.com.ar\/sitio\/wp-content\/uploads\/2024\/07\/169478_1595300923.jpg",1280,805,false],"cvmm-medium":["https:\/\/laredlarioja.com.ar\/sitio\/wp-content\/uploads\/2024\/07\/169478_1595300923-300x300.jpg",300,300,true],"cvmm-medium-plus":["https:\/\/laredlarioja.com.ar\/sitio\/wp-content\/uploads\/2024\/07\/169478_1595300923-305x207.jpg",305,207,true],"cvmm-portrait":["https:\/\/laredlarioja.com.ar\/sitio\/wp-content\/uploads\/2024\/07\/169478_1595300923-400x600.jpg",400,600,true],"cvmm-medium-square":["https:\/\/laredlarioja.com.ar\/sitio\/wp-content\/uploads\/2024\/07\/169478_1595300923-600x600.jpg",600,600,true],"cvmm-large":["https:\/\/laredlarioja.com.ar\/sitio\/wp-content\/uploads\/2024\/07\/169478_1595300923-1024x805.jpg",1024,805,true],"cvmm-small":["https:\/\/laredlarioja.com.ar\/sitio\/wp-content\/uploads\/2024\/07\/169478_1595300923-130x95.jpg",130,95,true],"morenews-large":["https:\/\/laredlarioja.com.ar\/sitio\/wp-content\/uploads\/2024\/07\/169478_1595300923-825x575.jpg",825,575,true],"morenews-medium":["https:\/\/laredlarioja.com.ar\/sitio\/wp-content\/uploads\/2024\/07\/169478_1595300923-590x410.jpg",590,410,true]},"author_info":{"display_name":"Mart\u00edn Ruarte","author_link":"https:\/\/laredlarioja.com.ar\/sitio\/author\/mruarte\/"},"category_info":"<a href=\"https:\/\/laredlarioja.com.ar\/sitio\/categorias\/judiciales\/\" rel=\"category tag\">Judiciales<\/a>","tag_info":"Judiciales","comment_count":"0","blog_post_layout_featured_media_urls":{"thumbnail":["https:\/\/laredlarioja.com.ar\/sitio\/wp-content\/uploads\/2024\/07\/169478_1595300923-150x150.jpg",150,150,true],"full":["https:\/\/laredlarioja.com.ar\/sitio\/wp-content\/uploads\/2024\/07\/169478_1595300923.jpg",1280,805,false]},"categories_names":{"91":{"name":"Judiciales","link":"https:\/\/laredlarioja.com.ar\/sitio\/categorias\/judiciales\/"}},"tags_names":{"84":{"name":"Secundaria","link":"https:\/\/laredlarioja.com.ar\/sitio\/etiquetas\/secundaria\/"}},"comments_number":"0","wpmagazine_modules_lite_featured_media_urls":{"thumbnail":["https:\/\/laredlarioja.com.ar\/sitio\/wp-content\/uploads\/2024\/07\/169478_1595300923-150x150.jpg",150,150,true],"cvmm-medium":["https:\/\/laredlarioja.com.ar\/sitio\/wp-content\/uploads\/2024\/07\/169478_1595300923-300x300.jpg",300,300,true],"cvmm-medium-plus":["https:\/\/laredlarioja.com.ar\/sitio\/wp-content\/uploads\/2024\/07\/169478_1595300923-305x207.jpg",305,207,true],"cvmm-portrait":["https:\/\/laredlarioja.com.ar\/sitio\/wp-content\/uploads\/2024\/07\/169478_1595300923-400x600.jpg",400,600,true],"cvmm-medium-square":["https:\/\/laredlarioja.com.ar\/sitio\/wp-content\/uploads\/2024\/07\/169478_1595300923-600x600.jpg",600,600,true],"cvmm-large":["https:\/\/laredlarioja.com.ar\/sitio\/wp-content\/uploads\/2024\/07\/169478_1595300923-1024x805.jpg",1024,805,true],"cvmm-small":["https:\/\/laredlarioja.com.ar\/sitio\/wp-content\/uploads\/2024\/07\/169478_1595300923-130x95.jpg",130,95,true],"full":["https:\/\/laredlarioja.com.ar\/sitio\/wp-content\/uploads\/2024\/07\/169478_1595300923.jpg",1280,805,false]},"_links":{"self":[{"href":"https:\/\/laredlarioja.com.ar\/sitio\/wp-json\/wp\/v2\/posts\/51582","targetHints":{"allow":["GET"]}}],"collection":[{"href":"https:\/\/laredlarioja.com.ar\/sitio\/wp-json\/wp\/v2\/posts"}],"about":[{"href":"https:\/\/laredlarioja.com.ar\/sitio\/wp-json\/wp\/v2\/types\/post"}],"author":[{"embeddable":true,"href":"https:\/\/laredlarioja.com.ar\/sitio\/wp-json\/wp\/v2\/users\/8"}],"replies":[{"embeddable":true,"href":"https:\/\/laredlarioja.com.ar\/sitio\/wp-json\/wp\/v2\/comments?post=51582"}],"version-history":[{"count":6,"href":"https:\/\/laredlarioja.com.ar\/sitio\/wp-json\/wp\/v2\/posts\/51582\/revisions"}],"predecessor-version":[{"id":51603,"href":"https:\/\/laredlarioja.com.ar\/sitio\/wp-json\/wp\/v2\/posts\/51582\/revisions\/51603"}],"wp:featuredmedia":[{"embeddable":true,"href":"https:\/\/laredlarioja.com.ar\/sitio\/wp-json\/wp\/v2\/media\/48405"}],"wp:attachment":[{"href":"https:\/\/laredlarioja.com.ar\/sitio\/wp-json\/wp\/v2\/media?parent=51582"}],"wp:term":[{"taxonomy":"category","embeddable":true,"href":"https:\/\/laredlarioja.com.ar\/sitio\/wp-json\/wp\/v2\/categories?post=51582"},{"taxonomy":"post_tag","embeddable":true,"href":"https:\/\/laredlarioja.com.ar\/sitio\/wp-json\/wp\/v2\/tags?post=51582"}],"curies":[{"name":"wp","href":"https:\/\/api.w.org\/{rel}","templated":true}]}}